{"id":195378,"date":"2024-12-05T21:20:00","date_gmt":"2024-12-06T00:20:00","guid":{"rendered":"https:\/\/www.gaveanews.com\/?p=195378"},"modified":"2024-12-05T20:59:19","modified_gmt":"2024-12-05T23:59:19","slug":"video-a-declaracao-de-ronaldo-fenomeno-sobre-se-candidatar-a-presidencia-da-cbf","status":"publish","type":"post","link":"https:\/\/www.gaveanews.com\/index.php\/2024\/12\/05\/video-a-declaracao-de-ronaldo-fenomeno-sobre-se-candidatar-a-presidencia-da-cbf\/","title":{"rendered":"V\u00eddeo: a declara\u00e7\u00e3o de Ronaldo Fen\u00f4meno sobre se candidatar a presid\u00eancia da CBF"},"content":{"rendered":"\n<p>Ronaldo Fen\u00f4meno, um dos maiores \u00edcones da hist\u00f3ria do futebol brasileiro, est\u00e1 com o futuro voltado para a pol\u00edtica esportiva. O ex-jogador, agora empres\u00e1rio, revelou sua inten\u00e7\u00e3o de disputar a presid\u00eancia da Confedera\u00e7\u00e3o Brasileira de Futebol (CBF). Em sua participa\u00e7\u00e3o no sorteio do Mundial de Clubes, realizado na \u00faltima quinta-feira (5), ele deixou claro seu desejo de assumir um papel de destaque na administra\u00e7\u00e3o do futebol nacional.<\/p>\n\n\n\n<ul class=\"wp-block-list\">\n<li><a href=\"https:\/\/www.gaveanews.com\/index.php\/2024\/11\/29\/cbf-planeja-mudanca-brusca-mudanca-nos-bastidores\/\">CBF planeja mudan\u00e7a brusca nos bastidores<\/a><\/li>\n\n\n\n<li><a href=\"https:\/\/www.gaveanews.com\/index.php\/2024\/12\/05\/cafu-e-sincero-ao-falar-sobre-ronaldo-fenomeno\/\">Cafu \u00e9 sincero ao falar sobre Ronaldo Fen\u00f4meno<\/a><\/li>\n<\/ul>\n\n\n\n<h2 class=\"wp-block-heading\" id=\"h-estou-100-preparado-afirma-ronaldo\">&#8220;Estou 100% preparado&#8221;, afirma Ronaldo<\/h2>\n\n\n\n<p>Ronaldo n\u00e3o esconde a vontade de assumir a lideran\u00e7a da CBF. Em entrevista, ele afirmou: &#8220;N\u00e3o sei ainda (quando vai acontecer), mas o que digo e explico que me sinto preparado para ter um protagonismo maior na ind\u00fastria do futebol, tenho muitas ideias, tenho muita vontade. Acho que estou pronto&#8221;. Dessa maneira, o Fen\u00f4meno expressou confian\u00e7a em sua trajet\u00f3ria e experi\u00eancia adquirida no mundo do esporte, tanto como jogador quanto como empres\u00e1rio.<\/p>\n\n\n\n<blockquote class=\"twitter-tweet\"><p lang=\"pt\" dir=\"ltr\">Voc\u00ea aprovaria o Ronaldo como presidente da CBF, f\u00e3 de esportes?<a href=\"https:\/\/twitter.com\/hashtag\/FutebolNaESPN?src=hash&amp;ref_src=twsrc%5Etfw\">#FutebolNaESPN<\/a> <a href=\"https:\/\/t.co\/g8Zyi37RZ2\">pic.twitter.com\/g8Zyi37RZ2<\/a><\/p>&mdash; SportsCenter Brasil (@SportsCenterBR) <a href=\"https:\/\/twitter.com\/SportsCenterBR\/status\/1864788348910358947?ref_src=twsrc%5Etfw\">December 5, 2024<\/a><\/blockquote> <script async src=\"https:\/\/platform.twitter.com\/widgets.js\" charset=\"utf-8\"><\/script>\n\n\n\n<p>Al\u00e9m disso, Ronaldo deixou claro que o processo eleitoral da CBF precisa ser justo, afirmando: &#8220;Vamos ver se vou ter a oportunidade de concorrer, de ter uma elei\u00e7\u00e3o justa para disputar. Isso n\u00e3o est\u00e1 nas minhas m\u00e3os. Em algum momento vou decidir se serei candidato ou n\u00e3o. O que posso adiantar \u00e9 que estou preparado 100%&#8221;. Isso porque a disputa pela presid\u00eancia da CBF, marcada para mar\u00e7o de 2026, pode ser um grande desafio, mas o ex-jogador acredita estar \u00e0 altura da responsabilidade.<\/p>\n\n\n\n<h2 class=\"wp-block-heading\" id=\"h-o-futuro-da-selecao-brasileira-e-apoio-internacional\">O futuro da sele\u00e7\u00e3o brasileira e apoio internacional<\/h2>\n\n\n\n<p>Ronaldo possui grandes ambi\u00e7\u00f5es caso assuma o cargo. Seu grande objetivo \u00e9 trazer um nome de peso como t\u00e9cnico da sele\u00e7\u00e3o brasileira ap\u00f3s a Copa do Mundo de 2026. A ideia \u00e9 contar com Pep Guardiola, renomado treinador do Manchester City, para comandar a equipe nacional. <\/p>\n\n\n\n<p>Vale destacar que Ronaldo j\u00e1 conta com apoio de dirigentes internacionais influentes, como Alejandro Dom\u00ednguez, presidente da Conmebol, e Gianni Infantino, presidente da Fifa. Esses apoios fortalecem ainda mais a candidatura de Ronaldo, porque eles reconhecem sua habilidade de construir boas rela\u00e7\u00f5es no exterior.<\/p>\n\n\n\n<h2 class=\"wp-block-heading\" id=\"h-desafios-internos-e-o-momento-da-cbf\">Desafios internos e o momento da CBF<\/h2>\n\n\n\n<p>Cabe ressaltar que a CBF vive um momento delicado nos bastidores. Atualmente, Ednaldo Rodrigues ocupa a presid\u00eancia, mas sua situa\u00e7\u00e3o \u00e9 inst\u00e1vel, j\u00e1 que sua perman\u00eancia depende de uma liminar que ainda precisa ser validada pelo STF. Com isso, a CBF vive sob constantes incertezas, o que pode abrir caminho para uma mudan\u00e7a na lideran\u00e7a.<\/p>\n\n\n\n<p>Com uma s\u00f3lida experi\u00eancia \u00e0 frente do Valladolid, da Espanha, e tendo sido propriet\u00e1rio da SAF do Cruzeiro, Ronaldo est\u00e1 pronto para novos desafios. Portanto, a candidatura de Ronaldo \u00e0 presid\u00eancia da CBF pode representar uma nova era para o futebol brasileiro, trazendo novos projetos e uma gest\u00e3o mais moderna.<\/p>\n","protected":false},"excerpt":{"rendered":"<p>Ronaldo Fen\u00f4meno, um dos maiores \u00edcones da hist\u00f3ria do futebol brasileiro, est\u00e1 com o futuro voltado para a pol\u00edtica esportiva. O ex-jogador, agora empres\u00e1rio, revelou sua inten\u00e7\u00e3o de disputar a presid\u00eancia da Confedera\u00e7\u00e3o Brasileira de Futebol (CBF). Em sua participa\u00e7\u00e3o no sorteio do Mundial de Clubes, realizado na \u00faltima quinta-feira (5), ele deixou claro seu [&hellip;]<\/p>\n","protected":false},"author":24,"featured_media":157476,"comment_status":"open","ping_status":"closed","sticky":false,"template":"","format":"standard","meta":{"footnotes":""},"categories":[477],"tags":[],"class_list":["post-195378","post","type-post","status-publish","format-standard","has-post-thumbnail","hentry","category-selecoes"],"yoast_head":"<!-- This site is optimized with the Yoast SEO Premium plugin v24.2 (Yoast SEO v26.9) - https:\/\/yoast.com\/product\/yoast-seo-premium-wordpress\/ -->\n<title>V\u00eddeo: a declara\u00e7\u00e3o de Ronaldo Fen\u00f4meno sobre se candidatar a presid\u00eancia da CBF<\/title>\n<meta name=\"robots\" content=\"index, follow, max-snippet:-1, max-image-preview:large, max-video-preview:-1\" \/>\n<link rel=\"canonical\" href=\"https:\/\/www.gaveanews.com\/index.php\/2024\/12\/05\/video-a-declaracao-de-ronaldo-fenomeno-sobre-se-candidatar-a-presidencia-da-cbf\/\" \/>\n<meta property=\"og:locale\" content=\"pt_BR\" \/>\n<meta property=\"og:type\" content=\"article\" \/>\n<meta property=\"og:title\" content=\"V\u00eddeo: a declara\u00e7\u00e3o de Ronaldo Fen\u00f4meno sobre se candidatar a presid\u00eancia da CBF\" \/>\n<meta property=\"og:description\" content=\"Ronaldo Fen\u00f4meno, um dos maiores \u00edcones da hist\u00f3ria do futebol brasileiro, est\u00e1 com o futuro voltado para a pol\u00edtica esportiva. O ex-jogador, agora empres\u00e1rio, revelou sua inten\u00e7\u00e3o de disputar a presid\u00eancia da Confedera\u00e7\u00e3o Brasileira de Futebol (CBF). Em sua participa\u00e7\u00e3o no sorteio do Mundial de Clubes, realizado na \u00faltima quinta-feira (5), ele deixou claro seu [&hellip;]\" \/>\n<meta property=\"og:url\" content=\"https:\/\/www.gaveanews.com\/index.php\/2024\/12\/05\/video-a-declaracao-de-ronaldo-fenomeno-sobre-se-candidatar-a-presidencia-da-cbf\/\" \/>\n<meta property=\"og:site_name\" content=\"G\u00e1vea News\" \/>\n<meta property=\"article:publisher\" content=\"https:\/\/facebook.com\/gaveaNews\/\" \/>\n<meta property=\"article:published_time\" content=\"2024-12-06T00:20:00+00:00\" \/>\n<meta property=\"og:image\" content=\"https:\/\/www.gaveanews.com\/wp-content\/uploads\/Ronaldo-Fenomeno-durante-premiacao-da-FIFA.webp\" \/>\n\t<meta property=\"og:image:width\" content=\"640\" \/>\n\t<meta property=\"og:image:height\" content=\"480\" \/>\n\t<meta property=\"og:image:type\" content=\"image\/jpeg\" \/>\n<meta name=\"author\" content=\"Leandro Cardoso\" \/>\n<meta name=\"twitter:card\" content=\"summary_large_image\" \/>\n<meta name=\"twitter:label1\" content=\"Escrito por\" \/>\n\t<meta name=\"twitter:data1\" content=\"Leandro Cardoso\" \/>\n\t<meta name=\"twitter:label2\" content=\"Est. tempo de leitura\" \/>\n\t<meta name=\"twitter:data2\" content=\"3 minutos\" \/>\n<script type=\"application\/ld+json\" class=\"yoast-schema-graph\">{\"@context\":\"https:\/\/schema.org\",\"@graph\":[{\"@type\":\"NewsArticle\",\"@id\":\"https:\/\/www.gaveanews.com\/index.php\/2024\/12\/05\/video-a-declaracao-de-ronaldo-fenomeno-sobre-se-candidatar-a-presidencia-da-cbf\/#article\",\"isPartOf\":{\"@id\":\"https:\/\/www.gaveanews.com\/index.php\/2024\/12\/05\/video-a-declaracao-de-ronaldo-fenomeno-sobre-se-candidatar-a-presidencia-da-cbf\/\"},\"author\":{\"name\":\"Leandro Cardoso\",\"@id\":\"https:\/\/www.gaveanews.com\/#\/schema\/person\/2424ec6409bc3f068411fc5e4e9b6168\"},\"headline\":\"V\u00eddeo: a declara\u00e7\u00e3o de Ronaldo Fen\u00f4meno sobre se candidatar a presid\u00eancia da CBF\",\"datePublished\":\"2024-12-06T00:20:00+00:00\",\"mainEntityOfPage\":{\"@id\":\"https:\/\/www.gaveanews.com\/index.php\/2024\/12\/05\/video-a-declaracao-de-ronaldo-fenomeno-sobre-se-candidatar-a-presidencia-da-cbf\/\"},\"wordCount\":523,\"commentCount\":0,\"image\":{\"@id\":\"https:\/\/www.gaveanews.com\/index.php\/2024\/12\/05\/video-a-declaracao-de-ronaldo-fenomeno-sobre-se-candidatar-a-presidencia-da-cbf\/#primaryimage\"},\"thumbnailUrl\":\"https:\/\/www.gaveanews.com\/wp-content\/uploads\/Ronaldo-Fenomeno-durante-premiacao-da-FIFA.webp\",\"articleSection\":[\"Sele\u00e7\u00f5es\"],\"inLanguage\":\"pt-BR\",\"potentialAction\":[{\"@type\":\"CommentAction\",\"name\":\"Comment\",\"target\":[\"https:\/\/www.gaveanews.com\/index.php\/2024\/12\/05\/video-a-declaracao-de-ronaldo-fenomeno-sobre-se-candidatar-a-presidencia-da-cbf\/#respond\"]}],\"copyrightYear\":\"2024\",\"copyrightHolder\":{\"@id\":\"https:\/\/www.gaveanews.com\/#organization\"}},{\"@type\":\"WebPage\",\"@id\":\"https:\/\/www.gaveanews.com\/index.php\/2024\/12\/05\/video-a-declaracao-de-ronaldo-fenomeno-sobre-se-candidatar-a-presidencia-da-cbf\/\",\"url\":\"https:\/\/www.gaveanews.com\/index.php\/2024\/12\/05\/video-a-declaracao-de-ronaldo-fenomeno-sobre-se-candidatar-a-presidencia-da-cbf\/\",\"name\":\"V\u00eddeo: a declara\u00e7\u00e3o de Ronaldo Fen\u00f4meno sobre se candidatar a presid\u00eancia da CBF\",\"isPartOf\":{\"@id\":\"https:\/\/www.gaveanews.com\/#website\"},\"primaryImageOfPage\":{\"@id\":\"https:\/\/www.gaveanews.com\/index.php\/2024\/12\/05\/video-a-declaracao-de-ronaldo-fenomeno-sobre-se-candidatar-a-presidencia-da-cbf\/#primaryimage\"},\"image\":{\"@id\":\"https:\/\/www.gaveanews.com\/index.php\/2024\/12\/05\/video-a-declaracao-de-ronaldo-fenomeno-sobre-se-candidatar-a-presidencia-da-cbf\/#primaryimage\"},\"thumbnailUrl\":\"https:\/\/www.gaveanews.com\/wp-content\/uploads\/Ronaldo-Fenomeno-durante-premiacao-da-FIFA.webp\",\"datePublished\":\"2024-12-06T00:20:00+00:00\",\"author\":{\"@id\":\"https:\/\/www.gaveanews.com\/#\/schema\/person\/2424ec6409bc3f068411fc5e4e9b6168\"},\"breadcrumb\":{\"@id\":\"https:\/\/www.gaveanews.com\/index.php\/2024\/12\/05\/video-a-declaracao-de-ronaldo-fenomeno-sobre-se-candidatar-a-presidencia-da-cbf\/#breadcrumb\"},\"inLanguage\":\"pt-BR\",\"potentialAction\":[{\"@type\":\"ReadAction\",\"target\":[\"https:\/\/www.gaveanews.com\/index.php\/2024\/12\/05\/video-a-declaracao-de-ronaldo-fenomeno-sobre-se-candidatar-a-presidencia-da-cbf\/\"]}]},{\"@type\":\"ImageObject\",\"inLanguage\":\"pt-BR\",\"@id\":\"https:\/\/www.gaveanews.com\/index.php\/2024\/12\/05\/video-a-declaracao-de-ronaldo-fenomeno-sobre-se-candidatar-a-presidencia-da-cbf\/#primaryimage\",\"url\":\"https:\/\/www.gaveanews.com\/wp-content\/uploads\/Ronaldo-Fenomeno-durante-premiacao-da-FIFA.webp\",\"contentUrl\":\"https:\/\/www.gaveanews.com\/wp-content\/uploads\/Ronaldo-Fenomeno-durante-premiacao-da-FIFA.webp\",\"width\":640,\"height\":480,\"caption\":\"Ronaldo Fen\u00f4meno durante premia\u00e7\u00e3o da FIFA (Foto: Reprodu\u00e7\u00e3o)\"},{\"@type\":\"BreadcrumbList\",\"@id\":\"https:\/\/www.gaveanews.com\/index.php\/2024\/12\/05\/video-a-declaracao-de-ronaldo-fenomeno-sobre-se-candidatar-a-presidencia-da-cbf\/#breadcrumb\",\"itemListElement\":[{\"@type\":\"ListItem\",\"position\":1,\"name\":\"Home\",\"item\":\"https:\/\/www.gaveanews.com\/\"},{\"@type\":\"ListItem\",\"position\":2,\"name\":\"V\u00eddeo: a declara\u00e7\u00e3o de Ronaldo Fen\u00f4meno sobre se candidatar a presid\u00eancia da CBF\"}]},{\"@type\":\"WebSite\",\"@id\":\"https:\/\/www.gaveanews.com\/#website\",\"url\":\"https:\/\/www.gaveanews.com\/\",\"name\":\"G\u00e1vea News\",\"description\":\"Veja todas as not\u00edcias sobre o Flamengo: Contrata\u00e7\u00f5es, categorias de base, resultados das partidas, tabela de classifica\u00e7\u00e3o, pr\u00f3ximos jogos!\",\"potentialAction\":[{\"@type\":\"SearchAction\",\"target\":{\"@type\":\"EntryPoint\",\"urlTemplate\":\"https:\/\/www.gaveanews.com\/?s={search_term_string}\"},\"query-input\":{\"@type\":\"PropertyValueSpecification\",\"valueRequired\":true,\"valueName\":\"search_term_string\"}}],\"inLanguage\":\"pt-BR\"},{\"@type\":\"Person\",\"@id\":\"https:\/\/www.gaveanews.com\/#\/schema\/person\/2424ec6409bc3f068411fc5e4e9b6168\",\"name\":\"Leandro Cardoso\",\"image\":{\"@type\":\"ImageObject\",\"inLanguage\":\"pt-BR\",\"@id\":\"https:\/\/www.gaveanews.com\/#\/schema\/person\/image\/\",\"url\":\"https:\/\/secure.gravatar.com\/avatar\/8ca179f9b55eefe9f376f5493ef25475bfa59fbc28ce937f6076ce20e523098f?s=96&d=mm&r=g\",\"contentUrl\":\"https:\/\/secure.gravatar.com\/avatar\/8ca179f9b55eefe9f376f5493ef25475bfa59fbc28ce937f6076ce20e523098f?s=96&d=mm&r=g\",\"caption\":\"Leandro Cardoso\"}}]}<\/script>\n<!-- \/ Yoast SEO Premium plugin. -->","yoast_head_json":{"title":"V\u00eddeo: a declara\u00e7\u00e3o de Ronaldo Fen\u00f4meno sobre se candidatar a presid\u00eancia da CBF","robots":{"index":"index","follow":"follow","max-snippet":"max-snippet:-1","max-image-preview":"max-image-preview:large","max-video-preview":"max-video-preview:-1"},"canonical":"https:\/\/www.gaveanews.com\/index.php\/2024\/12\/05\/video-a-declaracao-de-ronaldo-fenomeno-sobre-se-candidatar-a-presidencia-da-cbf\/","og_locale":"pt_BR","og_type":"article","og_title":"V\u00eddeo: a declara\u00e7\u00e3o de Ronaldo Fen\u00f4meno sobre se candidatar a presid\u00eancia da CBF","og_description":"Ronaldo Fen\u00f4meno, um dos maiores \u00edcones da hist\u00f3ria do futebol brasileiro, est\u00e1 com o futuro voltado para a pol\u00edtica esportiva. O ex-jogador, agora empres\u00e1rio, revelou sua inten\u00e7\u00e3o de disputar a presid\u00eancia da Confedera\u00e7\u00e3o Brasileira de Futebol (CBF). Em sua participa\u00e7\u00e3o no sorteio do Mundial de Clubes, realizado na \u00faltima quinta-feira (5), ele deixou claro seu [&hellip;]","og_url":"https:\/\/www.gaveanews.com\/index.php\/2024\/12\/05\/video-a-declaracao-de-ronaldo-fenomeno-sobre-se-candidatar-a-presidencia-da-cbf\/","og_site_name":"G\u00e1vea News","article_publisher":"https:\/\/facebook.com\/gaveaNews\/","article_published_time":"2024-12-06T00:20:00+00:00","og_image":[{"width":640,"height":480,"url":"https:\/\/www.gaveanews.com\/wp-content\/uploads\/Ronaldo-Fenomeno-durante-premiacao-da-FIFA.webp","type":"image\/jpeg"}],"author":"Leandro Cardoso","twitter_card":"summary_large_image","twitter_misc":{"Escrito por":"Leandro Cardoso","Est. tempo de leitura":"3 minutos"},"schema":{"@context":"https:\/\/schema.org","@graph":[{"@type":"NewsArticle","@id":"https:\/\/www.gaveanews.com\/index.php\/2024\/12\/05\/video-a-declaracao-de-ronaldo-fenomeno-sobre-se-candidatar-a-presidencia-da-cbf\/#article","isPartOf":{"@id":"https:\/\/www.gaveanews.com\/index.php\/2024\/12\/05\/video-a-declaracao-de-ronaldo-fenomeno-sobre-se-candidatar-a-presidencia-da-cbf\/"},"author":{"name":"Leandro Cardoso","@id":"https:\/\/www.gaveanews.com\/#\/schema\/person\/2424ec6409bc3f068411fc5e4e9b6168"},"headline":"V\u00eddeo: a declara\u00e7\u00e3o de Ronaldo Fen\u00f4meno sobre se candidatar a presid\u00eancia da CBF","datePublished":"2024-12-06T00:20:00+00:00","mainEntityOfPage":{"@id":"https:\/\/www.gaveanews.com\/index.php\/2024\/12\/05\/video-a-declaracao-de-ronaldo-fenomeno-sobre-se-candidatar-a-presidencia-da-cbf\/"},"wordCount":523,"commentCount":0,"image":{"@id":"https:\/\/www.gaveanews.com\/index.php\/2024\/12\/05\/video-a-declaracao-de-ronaldo-fenomeno-sobre-se-candidatar-a-presidencia-da-cbf\/#primaryimage"},"thumbnailUrl":"https:\/\/www.gaveanews.com\/wp-content\/uploads\/Ronaldo-Fenomeno-durante-premiacao-da-FIFA.webp","articleSection":["Sele\u00e7\u00f5es"],"inLanguage":"pt-BR","potentialAction":[{"@type":"CommentAction","name":"Comment","target":["https:\/\/www.gaveanews.com\/index.php\/2024\/12\/05\/video-a-declaracao-de-ronaldo-fenomeno-sobre-se-candidatar-a-presidencia-da-cbf\/#respond"]}],"copyrightYear":"2024","copyrightHolder":{"@id":"https:\/\/www.gaveanews.com\/#organization"}},{"@type":"WebPage","@id":"https:\/\/www.gaveanews.com\/index.php\/2024\/12\/05\/video-a-declaracao-de-ronaldo-fenomeno-sobre-se-candidatar-a-presidencia-da-cbf\/","url":"https:\/\/www.gaveanews.com\/index.php\/2024\/12\/05\/video-a-declaracao-de-ronaldo-fenomeno-sobre-se-candidatar-a-presidencia-da-cbf\/","name":"V\u00eddeo: a declara\u00e7\u00e3o de Ronaldo Fen\u00f4meno sobre se candidatar a presid\u00eancia da CBF","isPartOf":{"@id":"https:\/\/www.gaveanews.com\/#website"},"primaryImageOfPage":{"@id":"https:\/\/www.gaveanews.com\/index.php\/2024\/12\/05\/video-a-declaracao-de-ronaldo-fenomeno-sobre-se-candidatar-a-presidencia-da-cbf\/#primaryimage"},"image":{"@id":"https:\/\/www.gaveanews.com\/index.php\/2024\/12\/05\/video-a-declaracao-de-ronaldo-fenomeno-sobre-se-candidatar-a-presidencia-da-cbf\/#primaryimage"},"thumbnailUrl":"https:\/\/www.gaveanews.com\/wp-content\/uploads\/Ronaldo-Fenomeno-durante-premiacao-da-FIFA.webp","datePublished":"2024-12-06T00:20:00+00:00","author":{"@id":"https:\/\/www.gaveanews.com\/#\/schema\/person\/2424ec6409bc3f068411fc5e4e9b6168"},"breadcrumb":{"@id":"https:\/\/www.gaveanews.com\/index.php\/2024\/12\/05\/video-a-declaracao-de-ronaldo-fenomeno-sobre-se-candidatar-a-presidencia-da-cbf\/#breadcrumb"},"inLanguage":"pt-BR","potentialAction":[{"@type":"ReadAction","target":["https:\/\/www.gaveanews.com\/index.php\/2024\/12\/05\/video-a-declaracao-de-ronaldo-fenomeno-sobre-se-candidatar-a-presidencia-da-cbf\/"]}]},{"@type":"ImageObject","inLanguage":"pt-BR","@id":"https:\/\/www.gaveanews.com\/index.php\/2024\/12\/05\/video-a-declaracao-de-ronaldo-fenomeno-sobre-se-candidatar-a-presidencia-da-cbf\/#primaryimage","url":"https:\/\/www.gaveanews.com\/wp-content\/uploads\/Ronaldo-Fenomeno-durante-premiacao-da-FIFA.webp","contentUrl":"https:\/\/www.gaveanews.com\/wp-content\/uploads\/Ronaldo-Fenomeno-durante-premiacao-da-FIFA.webp","width":640,"height":480,"caption":"Ronaldo Fen\u00f4meno durante premia\u00e7\u00e3o da FIFA (Foto: Reprodu\u00e7\u00e3o)"},{"@type":"BreadcrumbList","@id":"https:\/\/www.gaveanews.com\/index.php\/2024\/12\/05\/video-a-declaracao-de-ronaldo-fenomeno-sobre-se-candidatar-a-presidencia-da-cbf\/#breadcrumb","itemListElement":[{"@type":"ListItem","position":1,"name":"Home","item":"https:\/\/www.gaveanews.com\/"},{"@type":"ListItem","position":2,"name":"V\u00eddeo: a declara\u00e7\u00e3o de Ronaldo Fen\u00f4meno sobre se candidatar a presid\u00eancia da CBF"}]},{"@type":"WebSite","@id":"https:\/\/www.gaveanews.com\/#website","url":"https:\/\/www.gaveanews.com\/","name":"G\u00e1vea News","description":"Veja todas as not\u00edcias sobre o Flamengo: Contrata\u00e7\u00f5es, categorias de base, resultados das partidas, tabela de classifica\u00e7\u00e3o, pr\u00f3ximos jogos!","potentialAction":[{"@type":"SearchAction","target":{"@type":"EntryPoint","urlTemplate":"https:\/\/www.gaveanews.com\/?s={search_term_string}"},"query-input":{"@type":"PropertyValueSpecification","valueRequired":true,"valueName":"search_term_string"}}],"inLanguage":"pt-BR"},{"@type":"Person","@id":"https:\/\/www.gaveanews.com\/#\/schema\/person\/2424ec6409bc3f068411fc5e4e9b6168","name":"Leandro Cardoso","image":{"@type":"ImageObject","inLanguage":"pt-BR","@id":"https:\/\/www.gaveanews.com\/#\/schema\/person\/image\/","url":"https:\/\/secure.gravatar.com\/avatar\/8ca179f9b55eefe9f376f5493ef25475bfa59fbc28ce937f6076ce20e523098f?s=96&d=mm&r=g","contentUrl":"https:\/\/secure.gravatar.com\/avatar\/8ca179f9b55eefe9f376f5493ef25475bfa59fbc28ce937f6076ce20e523098f?s=96&d=mm&r=g","caption":"Leandro Cardoso"}}]}},"_links":{"self":[{"href":"https:\/\/www.gaveanews.com\/index.php\/wp-json\/wp\/v2\/posts\/195378","targetHints":{"allow":["GET"]}}],"collection":[{"href":"https:\/\/www.gaveanews.com\/index.php\/wp-json\/wp\/v2\/posts"}],"about":[{"href":"https:\/\/www.gaveanews.com\/index.php\/wp-json\/wp\/v2\/types\/post"}],"author":[{"embeddable":true,"href":"https:\/\/www.gaveanews.com\/index.php\/wp-json\/wp\/v2\/users\/24"}],"replies":[{"embeddable":true,"href":"https:\/\/www.gaveanews.com\/index.php\/wp-json\/wp\/v2\/comments?post=195378"}],"version-history":[{"count":1,"href":"https:\/\/www.gaveanews.com\/index.php\/wp-json\/wp\/v2\/posts\/195378\/revisions"}],"predecessor-version":[{"id":195386,"href":"https:\/\/www.gaveanews.com\/index.php\/wp-json\/wp\/v2\/posts\/195378\/revisions\/195386"}],"wp:featuredmedia":[{"embeddable":true,"href":"https:\/\/www.gaveanews.com\/index.php\/wp-json\/wp\/v2\/media\/157476"}],"wp:attachment":[{"href":"https:\/\/www.gaveanews.com\/index.php\/wp-json\/wp\/v2\/media?parent=195378"}],"wp:term":[{"taxonomy":"category","embeddable":true,"href":"https:\/\/www.gaveanews.com\/index.php\/wp-json\/wp\/v2\/categories?post=195378"},{"taxonomy":"post_tag","embeddable":true,"href":"https:\/\/www.gaveanews.com\/index.php\/wp-json\/wp\/v2\/tags?post=195378"}],"curies":[{"name":"wp","href":"https:\/\/api.w.org\/{rel}","templated":true}]}}