{"id":195398,"date":"2024-12-05T22:50:00","date_gmt":"2024-12-06T01:50:00","guid":{"rendered":"https:\/\/www.gaveanews.com\/?p=195398"},"modified":"2025-03-18T16:09:30","modified_gmt":"2025-03-18T19:09:30","slug":"definido-veja-quem-sera-o-primeiro-adversario-do-fluminense-no-mundial-de-clubes","status":"publish","type":"post","link":"https:\/\/www.gaveanews.com\/index.php\/2024\/12\/05\/definido-veja-quem-sera-o-primeiro-adversario-do-fluminense-no-mundial-de-clubes\/","title":{"rendered":"Definido! Veja quem ser\u00e1 o primeiro advers\u00e1rio do Fluminense no Mundial de Clubes"},"content":{"rendered":"\n<p>A torcida tricolor j\u00e1 pode come\u00e7ar a contagem regressiva! O Fluminense conheceu nesta quinta-feira (5) seus advers\u00e1rios no Mundial de Clubes da FIFA 2025. O torneio, que ser\u00e1 disputado entre 15 de junho e 13 de julho nos Estados Unidos, coloca o Tricolor das Laranjeiras como cabe\u00e7a de chave do Grupo F, gra\u00e7as \u00e0 conquista da Libertadores de 2023. E o desafio na estreia ser\u00e1 gigante: <a href=\"https:\/\/borussiadortmund.net.br\/\">Borussia Dortmund<\/a>, da Alemanha.<\/p>\n\n\n\n<ul class=\"wp-block-list\">\n<li><a href=\"https:\/\/www.gaveanews.com\/index.php\/2024\/12\/03\/fluminense-tem-chances-de-nao-ser-rebaixado\/\">Fluminense tem chances de n\u00e3o ser rebaixado?<\/a><\/li>\n\n\n\n<li><a href=\"https:\/\/www.gaveanews.com\/index.php\/2024\/12\/05\/vai-retornar-atacante-voltara-ao-fluminense-para-2025\/\">Vai retornar! Atacante voltar\u00e1 ao Fluminense para 2025<\/a><\/li>\n<\/ul>\n\n\n\n<h2 class=\"wp-block-heading\" id=\"h-borussia-dortmund-primeiro-adversario-do-fluminense\">Borussia Dortmund: primeiro advers\u00e1rio do Fluminense<\/h2>\n\n\n\n<p>No Super Mundial, o Fluminense ter\u00e1 como primeiro advers\u00e1rio o <strong>Borussia Dortmund<\/strong>, uma das principais pot\u00eancias europeias no torneio. Vale destacar que o clube alem\u00e3o tem como principal jogador o atacante Serhou Guirassy, da Guin\u00e9, que impressiona pela efici\u00eancia ofensiva. Ele marcou 30 gols em 30 jogos na temporada 2023\/2024 pelo Stuttgart antes de se transferir para o Dortmund, onde j\u00e1 acumula 10 gols e tr\u00eas assist\u00eancias em 15 partidas.<\/p>\n\n\n\n<p>Al\u00e9m disso, o elenco do Dortmund conta com atletas renomados como o goleiro su\u00ed\u00e7o Kobel, o volante austr\u00edaco Sabitzer e jogadores com experi\u00eancia na sele\u00e7\u00e3o alem\u00e3, como Brandt, Emre Can e os zagueiros S\u00fcle e Schlotterbeck. Isso porque o clube investe fortemente em qualidade t\u00e9cnica e equil\u00edbrio t\u00e1tico.<\/p>\n\n\n\n<p>O t\u00e9cnico do Borussia \u00e9 Nuri \u015eahin, um ex-jogador que conhece bem a filosofia do time, pois foi revelado pelo pr\u00f3prio Dortmund. Cabe ressaltar que Sahin j\u00e1 teve passagens como auxiliar t\u00e9cnico e acumula experi\u00eancia no futebol europeu.<\/p>\n\n\n\n<h2 class=\"wp-block-heading\" id=\"h-o-que-esperar-do-grupo-f\">O que esperar do Grupo F<\/h2>\n\n\n\n<p>O Grupo F tamb\u00e9m inclui o Ulsan, da Coreia do Sul, e o Mamelodi Sundowns, da \u00c1frica do Sul. Sendo assim, o Fluminense precisar\u00e1 de regularidade e estrat\u00e9gia para avan\u00e7ar \u00e0 pr\u00f3xima fase. Por isso, \u00e9 crucial que o Tricolor mantenha a intensidade que o levou ao t\u00edtulo da Libertadores.<\/p>\n\n\n\n<blockquote class=\"twitter-tweet\"><p lang=\"in\" dir=\"ltr\">Group F<br><br>\ud83c\udde7\ud83c\uddf7 <a href=\"https:\/\/twitter.com\/FluminenseFC?ref_src=twsrc%5Etfw\">@FluminenseFC<\/a><br>\ud83c\udde9\ud83c\uddea <a href=\"https:\/\/twitter.com\/BVB?ref_src=twsrc%5Etfw\">@BVB<\/a><br>\ud83c\uddf0\ud83c\uddf7 Ulsan HD<br>\ud83c\uddff\ud83c\udde6 <a href=\"https:\/\/twitter.com\/Masandawana?ref_src=twsrc%5Etfw\">@Masandawana<\/a><a href=\"https:\/\/twitter.com\/hashtag\/TakeItToTheWorld?src=hash&amp;ref_src=twsrc%5Etfw\">#TakeItToTheWorld<\/a> | <a href=\"https:\/\/twitter.com\/hashtag\/FIFACWC?src=hash&amp;ref_src=twsrc%5Etfw\">#FIFACWC<\/a> <a href=\"https:\/\/t.co\/I9hZOap2sJ\">pic.twitter.com\/I9hZOap2sJ<\/a><\/p>&mdash; FIFA Club World Cup (@FIFACWC) <a href=\"https:\/\/twitter.com\/FIFACWC\/status\/1864757911874080779?ref_src=twsrc%5Etfw\">December 5, 2024<\/a><\/blockquote> <script async src=\"https:\/\/platform.twitter.com\/widgets.js\" charset=\"utf-8\"><\/script>\n\n\n\n<p>Dessa maneira, a participa\u00e7\u00e3o do Fluminense no Mundial promete ser um espet\u00e1culo \u00e0 parte, com desafios que testam o clube em alto n\u00edvel. Com isso, a equipe carioca ter\u00e1 a chance de mostrar sua for\u00e7a no cen\u00e1rio global.<\/p>\n","protected":false},"excerpt":{"rendered":"<p>A torcida tricolor j\u00e1 pode come\u00e7ar a contagem regressiva! O Fluminense conheceu nesta quinta-feira (5) seus advers\u00e1rios no Mundial de Clubes da FIFA 2025. O torneio, que ser\u00e1 disputado entre 15 de junho e 13 de julho nos Estados Unidos, coloca o Tricolor das Laranjeiras como cabe\u00e7a de chave do Grupo F, gra\u00e7as \u00e0 conquista [&hellip;]<\/p>\n","protected":false},"author":24,"featured_media":144992,"comment_status":"open","ping_status":"closed","sticky":false,"template":"","format":"standard","meta":{"footnotes":""},"categories":[104,145],"tags":[],"class_list":["post-195398","post","type-post","status-publish","format-standard","has-post-thumbnail","hentry","category-borussia-dortmund","category-fluminense"],"yoast_head":"<!-- This site is optimized with the Yoast SEO Premium plugin v24.2 (Yoast SEO v26.9) - https:\/\/yoast.com\/product\/yoast-seo-premium-wordpress\/ -->\n<title>Definido! Veja quem ser\u00e1 o primeiro advers\u00e1rio do Fluminense no Mundial de Clubes<\/title>\n<meta name=\"robots\" content=\"index, follow, max-snippet:-1, max-image-preview:large, max-video-preview:-1\" \/>\n<link rel=\"canonical\" href=\"https:\/\/www.gaveanews.com\/index.php\/2024\/12\/05\/definido-veja-quem-sera-o-primeiro-adversario-do-fluminense-no-mundial-de-clubes\/\" \/>\n<meta property=\"og:locale\" content=\"pt_BR\" \/>\n<meta property=\"og:type\" content=\"article\" \/>\n<meta property=\"og:title\" content=\"Definido! Veja quem ser\u00e1 o primeiro advers\u00e1rio do Fluminense no Mundial de Clubes\" \/>\n<meta property=\"og:description\" content=\"A torcida tricolor j\u00e1 pode come\u00e7ar a contagem regressiva! O Fluminense conheceu nesta quinta-feira (5) seus advers\u00e1rios no Mundial de Clubes da FIFA 2025. O torneio, que ser\u00e1 disputado entre 15 de junho e 13 de julho nos Estados Unidos, coloca o Tricolor das Laranjeiras como cabe\u00e7a de chave do Grupo F, gra\u00e7as \u00e0 conquista [&hellip;]\" \/>\n<meta property=\"og:url\" content=\"https:\/\/www.gaveanews.com\/index.php\/2024\/12\/05\/definido-veja-quem-sera-o-primeiro-adversario-do-fluminense-no-mundial-de-clubes\/\" \/>\n<meta property=\"og:site_name\" content=\"G\u00e1vea News\" \/>\n<meta property=\"article:publisher\" content=\"https:\/\/facebook.com\/gaveaNews\/\" \/>\n<meta property=\"article:published_time\" content=\"2024-12-06T01:50:00+00:00\" \/>\n<meta property=\"article:modified_time\" content=\"2025-03-18T19:09:30+00:00\" \/>\n<meta property=\"og:image\" content=\"http:\/\/www.gaveanews.com\/wp-content\/uploads\/Escudo-do-Fluminense.webp\" \/>\n\t<meta property=\"og:image:width\" content=\"1000\" \/>\n\t<meta property=\"og:image:height\" content=\"667\" \/>\n\t<meta property=\"og:image:type\" content=\"image\/webp\" \/>\n<meta name=\"author\" content=\"Leandro Cardoso\" \/>\n<meta name=\"twitter:card\" content=\"summary_large_image\" \/>\n<meta name=\"twitter:label1\" content=\"Escrito por\" \/>\n\t<meta name=\"twitter:data1\" content=\"Leandro Cardoso\" \/>\n\t<meta name=\"twitter:label2\" content=\"Est. tempo de leitura\" \/>\n\t<meta name=\"twitter:data2\" content=\"3 minutos\" \/>\n<script type=\"application\/ld+json\" class=\"yoast-schema-graph\">{\"@context\":\"https:\/\/schema.org\",\"@graph\":[{\"@type\":\"NewsArticle\",\"@id\":\"https:\/\/www.gaveanews.com\/index.php\/2024\/12\/05\/definido-veja-quem-sera-o-primeiro-adversario-do-fluminense-no-mundial-de-clubes\/#article\",\"isPartOf\":{\"@id\":\"https:\/\/www.gaveanews.com\/index.php\/2024\/12\/05\/definido-veja-quem-sera-o-primeiro-adversario-do-fluminense-no-mundial-de-clubes\/\"},\"author\":{\"name\":\"Leandro Cardoso\",\"@id\":\"https:\/\/www.gaveanews.com\/#\/schema\/person\/2424ec6409bc3f068411fc5e4e9b6168\"},\"headline\":\"Definido! Veja quem ser\u00e1 o primeiro advers\u00e1rio do Fluminense no Mundial de Clubes\",\"datePublished\":\"2024-12-06T01:50:00+00:00\",\"dateModified\":\"2025-03-18T19:09:30+00:00\",\"mainEntityOfPage\":{\"@id\":\"https:\/\/www.gaveanews.com\/index.php\/2024\/12\/05\/definido-veja-quem-sera-o-primeiro-adversario-do-fluminense-no-mundial-de-clubes\/\"},\"wordCount\":396,\"commentCount\":0,\"image\":{\"@id\":\"https:\/\/www.gaveanews.com\/index.php\/2024\/12\/05\/definido-veja-quem-sera-o-primeiro-adversario-do-fluminense-no-mundial-de-clubes\/#primaryimage\"},\"thumbnailUrl\":\"https:\/\/www.gaveanews.com\/wp-content\/uploads\/Escudo-do-Fluminense.webp\",\"articleSection\":[\"Borussia Dortmund\",\"Fluminense\"],\"inLanguage\":\"pt-BR\",\"potentialAction\":[{\"@type\":\"CommentAction\",\"name\":\"Comment\",\"target\":[\"https:\/\/www.gaveanews.com\/index.php\/2024\/12\/05\/definido-veja-quem-sera-o-primeiro-adversario-do-fluminense-no-mundial-de-clubes\/#respond\"]}],\"copyrightYear\":\"2024\",\"copyrightHolder\":{\"@id\":\"https:\/\/www.gaveanews.com\/#organization\"}},{\"@type\":\"WebPage\",\"@id\":\"https:\/\/www.gaveanews.com\/index.php\/2024\/12\/05\/definido-veja-quem-sera-o-primeiro-adversario-do-fluminense-no-mundial-de-clubes\/\",\"url\":\"https:\/\/www.gaveanews.com\/index.php\/2024\/12\/05\/definido-veja-quem-sera-o-primeiro-adversario-do-fluminense-no-mundial-de-clubes\/\",\"name\":\"Definido! Veja quem ser\u00e1 o primeiro advers\u00e1rio do Fluminense no Mundial de Clubes\",\"isPartOf\":{\"@id\":\"https:\/\/www.gaveanews.com\/#website\"},\"primaryImageOfPage\":{\"@id\":\"https:\/\/www.gaveanews.com\/index.php\/2024\/12\/05\/definido-veja-quem-sera-o-primeiro-adversario-do-fluminense-no-mundial-de-clubes\/#primaryimage\"},\"image\":{\"@id\":\"https:\/\/www.gaveanews.com\/index.php\/2024\/12\/05\/definido-veja-quem-sera-o-primeiro-adversario-do-fluminense-no-mundial-de-clubes\/#primaryimage\"},\"thumbnailUrl\":\"https:\/\/www.gaveanews.com\/wp-content\/uploads\/Escudo-do-Fluminense.webp\",\"datePublished\":\"2024-12-06T01:50:00+00:00\",\"dateModified\":\"2025-03-18T19:09:30+00:00\",\"author\":{\"@id\":\"https:\/\/www.gaveanews.com\/#\/schema\/person\/2424ec6409bc3f068411fc5e4e9b6168\"},\"breadcrumb\":{\"@id\":\"https:\/\/www.gaveanews.com\/index.php\/2024\/12\/05\/definido-veja-quem-sera-o-primeiro-adversario-do-fluminense-no-mundial-de-clubes\/#breadcrumb\"},\"inLanguage\":\"pt-BR\",\"potentialAction\":[{\"@type\":\"ReadAction\",\"target\":[\"https:\/\/www.gaveanews.com\/index.php\/2024\/12\/05\/definido-veja-quem-sera-o-primeiro-adversario-do-fluminense-no-mundial-de-clubes\/\"]}]},{\"@type\":\"ImageObject\",\"inLanguage\":\"pt-BR\",\"@id\":\"https:\/\/www.gaveanews.com\/index.php\/2024\/12\/05\/definido-veja-quem-sera-o-primeiro-adversario-do-fluminense-no-mundial-de-clubes\/#primaryimage\",\"url\":\"https:\/\/www.gaveanews.com\/wp-content\/uploads\/Escudo-do-Fluminense.webp\",\"contentUrl\":\"https:\/\/www.gaveanews.com\/wp-content\/uploads\/Escudo-do-Fluminense.webp\",\"width\":1000,\"height\":667,\"caption\":\"Escudo do Fluminense (Foto Reprodu\u00e7\u00e3o\/Instagram)\"},{\"@type\":\"BreadcrumbList\",\"@id\":\"https:\/\/www.gaveanews.com\/index.php\/2024\/12\/05\/definido-veja-quem-sera-o-primeiro-adversario-do-fluminense-no-mundial-de-clubes\/#breadcrumb\",\"itemListElement\":[{\"@type\":\"ListItem\",\"position\":1,\"name\":\"Home\",\"item\":\"https:\/\/www.gaveanews.com\/\"},{\"@type\":\"ListItem\",\"position\":2,\"name\":\"Definido! Veja quem ser\u00e1 o primeiro advers\u00e1rio do Fluminense no Mundial de Clubes\"}]},{\"@type\":\"WebSite\",\"@id\":\"https:\/\/www.gaveanews.com\/#website\",\"url\":\"https:\/\/www.gaveanews.com\/\",\"name\":\"G\u00e1vea News\",\"description\":\"Veja todas as not\u00edcias sobre o Flamengo: Contrata\u00e7\u00f5es, categorias de base, resultados das partidas, tabela de classifica\u00e7\u00e3o, pr\u00f3ximos jogos!\",\"potentialAction\":[{\"@type\":\"SearchAction\",\"target\":{\"@type\":\"EntryPoint\",\"urlTemplate\":\"https:\/\/www.gaveanews.com\/?s={search_term_string}\"},\"query-input\":{\"@type\":\"PropertyValueSpecification\",\"valueRequired\":true,\"valueName\":\"search_term_string\"}}],\"inLanguage\":\"pt-BR\"},{\"@type\":\"Person\",\"@id\":\"https:\/\/www.gaveanews.com\/#\/schema\/person\/2424ec6409bc3f068411fc5e4e9b6168\",\"name\":\"Leandro Cardoso\",\"image\":{\"@type\":\"ImageObject\",\"inLanguage\":\"pt-BR\",\"@id\":\"https:\/\/www.gaveanews.com\/#\/schema\/person\/image\/\",\"url\":\"https:\/\/secure.gravatar.com\/avatar\/8ca179f9b55eefe9f376f5493ef25475bfa59fbc28ce937f6076ce20e523098f?s=96&d=mm&r=g\",\"contentUrl\":\"https:\/\/secure.gravatar.com\/avatar\/8ca179f9b55eefe9f376f5493ef25475bfa59fbc28ce937f6076ce20e523098f?s=96&d=mm&r=g\",\"caption\":\"Leandro Cardoso\"}}]}<\/script>\n<!-- \/ Yoast SEO Premium plugin. -->","yoast_head_json":{"title":"Definido! Veja quem ser\u00e1 o primeiro advers\u00e1rio do Fluminense no Mundial de Clubes","robots":{"index":"index","follow":"follow","max-snippet":"max-snippet:-1","max-image-preview":"max-image-preview:large","max-video-preview":"max-video-preview:-1"},"canonical":"https:\/\/www.gaveanews.com\/index.php\/2024\/12\/05\/definido-veja-quem-sera-o-primeiro-adversario-do-fluminense-no-mundial-de-clubes\/","og_locale":"pt_BR","og_type":"article","og_title":"Definido! Veja quem ser\u00e1 o primeiro advers\u00e1rio do Fluminense no Mundial de Clubes","og_description":"A torcida tricolor j\u00e1 pode come\u00e7ar a contagem regressiva! O Fluminense conheceu nesta quinta-feira (5) seus advers\u00e1rios no Mundial de Clubes da FIFA 2025. O torneio, que ser\u00e1 disputado entre 15 de junho e 13 de julho nos Estados Unidos, coloca o Tricolor das Laranjeiras como cabe\u00e7a de chave do Grupo F, gra\u00e7as \u00e0 conquista [&hellip;]","og_url":"https:\/\/www.gaveanews.com\/index.php\/2024\/12\/05\/definido-veja-quem-sera-o-primeiro-adversario-do-fluminense-no-mundial-de-clubes\/","og_site_name":"G\u00e1vea News","article_publisher":"https:\/\/facebook.com\/gaveaNews\/","article_published_time":"2024-12-06T01:50:00+00:00","article_modified_time":"2025-03-18T19:09:30+00:00","og_image":[{"width":1000,"height":667,"url":"http:\/\/www.gaveanews.com\/wp-content\/uploads\/Escudo-do-Fluminense.webp","type":"image\/webp"}],"author":"Leandro Cardoso","twitter_card":"summary_large_image","twitter_misc":{"Escrito por":"Leandro Cardoso","Est. tempo de leitura":"3 minutos"},"schema":{"@context":"https:\/\/schema.org","@graph":[{"@type":"NewsArticle","@id":"https:\/\/www.gaveanews.com\/index.php\/2024\/12\/05\/definido-veja-quem-sera-o-primeiro-adversario-do-fluminense-no-mundial-de-clubes\/#article","isPartOf":{"@id":"https:\/\/www.gaveanews.com\/index.php\/2024\/12\/05\/definido-veja-quem-sera-o-primeiro-adversario-do-fluminense-no-mundial-de-clubes\/"},"author":{"name":"Leandro Cardoso","@id":"https:\/\/www.gaveanews.com\/#\/schema\/person\/2424ec6409bc3f068411fc5e4e9b6168"},"headline":"Definido! Veja quem ser\u00e1 o primeiro advers\u00e1rio do Fluminense no Mundial de Clubes","datePublished":"2024-12-06T01:50:00+00:00","dateModified":"2025-03-18T19:09:30+00:00","mainEntityOfPage":{"@id":"https:\/\/www.gaveanews.com\/index.php\/2024\/12\/05\/definido-veja-quem-sera-o-primeiro-adversario-do-fluminense-no-mundial-de-clubes\/"},"wordCount":396,"commentCount":0,"image":{"@id":"https:\/\/www.gaveanews.com\/index.php\/2024\/12\/05\/definido-veja-quem-sera-o-primeiro-adversario-do-fluminense-no-mundial-de-clubes\/#primaryimage"},"thumbnailUrl":"https:\/\/www.gaveanews.com\/wp-content\/uploads\/Escudo-do-Fluminense.webp","articleSection":["Borussia Dortmund","Fluminense"],"inLanguage":"pt-BR","potentialAction":[{"@type":"CommentAction","name":"Comment","target":["https:\/\/www.gaveanews.com\/index.php\/2024\/12\/05\/definido-veja-quem-sera-o-primeiro-adversario-do-fluminense-no-mundial-de-clubes\/#respond"]}],"copyrightYear":"2024","copyrightHolder":{"@id":"https:\/\/www.gaveanews.com\/#organization"}},{"@type":"WebPage","@id":"https:\/\/www.gaveanews.com\/index.php\/2024\/12\/05\/definido-veja-quem-sera-o-primeiro-adversario-do-fluminense-no-mundial-de-clubes\/","url":"https:\/\/www.gaveanews.com\/index.php\/2024\/12\/05\/definido-veja-quem-sera-o-primeiro-adversario-do-fluminense-no-mundial-de-clubes\/","name":"Definido! Veja quem ser\u00e1 o primeiro advers\u00e1rio do Fluminense no Mundial de Clubes","isPartOf":{"@id":"https:\/\/www.gaveanews.com\/#website"},"primaryImageOfPage":{"@id":"https:\/\/www.gaveanews.com\/index.php\/2024\/12\/05\/definido-veja-quem-sera-o-primeiro-adversario-do-fluminense-no-mundial-de-clubes\/#primaryimage"},"image":{"@id":"https:\/\/www.gaveanews.com\/index.php\/2024\/12\/05\/definido-veja-quem-sera-o-primeiro-adversario-do-fluminense-no-mundial-de-clubes\/#primaryimage"},"thumbnailUrl":"https:\/\/www.gaveanews.com\/wp-content\/uploads\/Escudo-do-Fluminense.webp","datePublished":"2024-12-06T01:50:00+00:00","dateModified":"2025-03-18T19:09:30+00:00","author":{"@id":"https:\/\/www.gaveanews.com\/#\/schema\/person\/2424ec6409bc3f068411fc5e4e9b6168"},"breadcrumb":{"@id":"https:\/\/www.gaveanews.com\/index.php\/2024\/12\/05\/definido-veja-quem-sera-o-primeiro-adversario-do-fluminense-no-mundial-de-clubes\/#breadcrumb"},"inLanguage":"pt-BR","potentialAction":[{"@type":"ReadAction","target":["https:\/\/www.gaveanews.com\/index.php\/2024\/12\/05\/definido-veja-quem-sera-o-primeiro-adversario-do-fluminense-no-mundial-de-clubes\/"]}]},{"@type":"ImageObject","inLanguage":"pt-BR","@id":"https:\/\/www.gaveanews.com\/index.php\/2024\/12\/05\/definido-veja-quem-sera-o-primeiro-adversario-do-fluminense-no-mundial-de-clubes\/#primaryimage","url":"https:\/\/www.gaveanews.com\/wp-content\/uploads\/Escudo-do-Fluminense.webp","contentUrl":"https:\/\/www.gaveanews.com\/wp-content\/uploads\/Escudo-do-Fluminense.webp","width":1000,"height":667,"caption":"Escudo do Fluminense (Foto Reprodu\u00e7\u00e3o\/Instagram)"},{"@type":"BreadcrumbList","@id":"https:\/\/www.gaveanews.com\/index.php\/2024\/12\/05\/definido-veja-quem-sera-o-primeiro-adversario-do-fluminense-no-mundial-de-clubes\/#breadcrumb","itemListElement":[{"@type":"ListItem","position":1,"name":"Home","item":"https:\/\/www.gaveanews.com\/"},{"@type":"ListItem","position":2,"name":"Definido! Veja quem ser\u00e1 o primeiro advers\u00e1rio do Fluminense no Mundial de Clubes"}]},{"@type":"WebSite","@id":"https:\/\/www.gaveanews.com\/#website","url":"https:\/\/www.gaveanews.com\/","name":"G\u00e1vea News","description":"Veja todas as not\u00edcias sobre o Flamengo: Contrata\u00e7\u00f5es, categorias de base, resultados das partidas, tabela de classifica\u00e7\u00e3o, pr\u00f3ximos jogos!","potentialAction":[{"@type":"SearchAction","target":{"@type":"EntryPoint","urlTemplate":"https:\/\/www.gaveanews.com\/?s={search_term_string}"},"query-input":{"@type":"PropertyValueSpecification","valueRequired":true,"valueName":"search_term_string"}}],"inLanguage":"pt-BR"},{"@type":"Person","@id":"https:\/\/www.gaveanews.com\/#\/schema\/person\/2424ec6409bc3f068411fc5e4e9b6168","name":"Leandro Cardoso","image":{"@type":"ImageObject","inLanguage":"pt-BR","@id":"https:\/\/www.gaveanews.com\/#\/schema\/person\/image\/","url":"https:\/\/secure.gravatar.com\/avatar\/8ca179f9b55eefe9f376f5493ef25475bfa59fbc28ce937f6076ce20e523098f?s=96&d=mm&r=g","contentUrl":"https:\/\/secure.gravatar.com\/avatar\/8ca179f9b55eefe9f376f5493ef25475bfa59fbc28ce937f6076ce20e523098f?s=96&d=mm&r=g","caption":"Leandro Cardoso"}}]}},"_links":{"self":[{"href":"https:\/\/www.gaveanews.com\/index.php\/wp-json\/wp\/v2\/posts\/195398","targetHints":{"allow":["GET"]}}],"collection":[{"href":"https:\/\/www.gaveanews.com\/index.php\/wp-json\/wp\/v2\/posts"}],"about":[{"href":"https:\/\/www.gaveanews.com\/index.php\/wp-json\/wp\/v2\/types\/post"}],"author":[{"embeddable":true,"href":"https:\/\/www.gaveanews.com\/index.php\/wp-json\/wp\/v2\/users\/24"}],"replies":[{"embeddable":true,"href":"https:\/\/www.gaveanews.com\/index.php\/wp-json\/wp\/v2\/comments?post=195398"}],"version-history":[{"count":2,"href":"https:\/\/www.gaveanews.com\/index.php\/wp-json\/wp\/v2\/posts\/195398\/revisions"}],"predecessor-version":[{"id":241553,"href":"https:\/\/www.gaveanews.com\/index.php\/wp-json\/wp\/v2\/posts\/195398\/revisions\/241553"}],"wp:featuredmedia":[{"embeddable":true,"href":"https:\/\/www.gaveanews.com\/index.php\/wp-json\/wp\/v2\/media\/144992"}],"wp:attachment":[{"href":"https:\/\/www.gaveanews.com\/index.php\/wp-json\/wp\/v2\/media?parent=195398"}],"wp:term":[{"taxonomy":"category","embeddable":true,"href":"https:\/\/www.gaveanews.com\/index.php\/wp-json\/wp\/v2\/categories?post=195398"},{"taxonomy":"post_tag","embeddable":true,"href":"https:\/\/www.gaveanews.com\/index.php\/wp-json\/wp\/v2\/tags?post=195398"}],"curies":[{"name":"wp","href":"https:\/\/api.w.org\/{rel}","templated":true}]}}