{"id":195404,"date":"2024-12-05T22:25:00","date_gmt":"2024-12-06T01:25:00","guid":{"rendered":"https:\/\/www.gaveanews.com\/?p=195404"},"modified":"2024-12-05T22:04:42","modified_gmt":"2024-12-06T01:04:42","slug":"craque-neto-liga-sinal-de-alerta-para-o-santos-em-2025","status":"publish","type":"post","link":"https:\/\/www.gaveanews.com\/index.php\/2024\/12\/05\/craque-neto-liga-sinal-de-alerta-para-o-santos-em-2025\/","title":{"rendered":"Craque Neto liga sinal de alerta para o Santos em 2025"},"content":{"rendered":"\n<h2 class=\"wp-block-heading\" id=\"h-comentarista-acredita-que-o-time-vai-sofrer-em-2025\">Comentarista acredita que o time vai sofrer em 2025<\/h2>\n\n\n\n<p>O Craque Neto acendeu a luz vermelha para o Santos ao discutir as perspectivas para a temporada de 2025 do time no programa Os Donos da Bola, transmitido pela R\u00e1dio Bandeirantes, nesta quarta-feira (04). Segundo o apresentador, a indefini\u00e7\u00e3o sobre a escolha do novo treinador \u00e9 um fator preocupante para o clube.<\/p>\n\n\n\n<ul class=\"wp-block-list\">\n<li><a href=\"https:\/\/www.gaveanews.com\/index.php\/2024\/12\/05\/com-situacao-incerta-de-luis-castro-santos-define-plano-b\/\">Com situa\u00e7\u00e3o incerta de Lu\u00eds Castro, Santos define \u201cplano B\u201d<\/a><\/li>\n\n\n\n<li><a href=\"https:\/\/www.gaveanews.com\/index.php\/2024\/12\/05\/adeus-santos-encaminha-mais-uma-saida\/\">Adeus! Santos encaminha mais uma sa\u00edda<br><\/a><\/li>\n<\/ul>\n\n\n\n<p>Ap\u00f3s a demiss\u00e3o de F\u00e1bio Carille, que ocorreu ap\u00f3s uma derrota na pen\u00faltima rodada da S\u00e9rie B, apesar de ter assegurado o acesso e o t\u00edtulo da competi\u00e7\u00e3o, a administra\u00e7\u00e3o do Santos vem enfrentando desafios para contratar um novo t\u00e9cnico para a temporada de 2025.<\/p>\n\n\n\n<p>Personalidades como Luis Castro e Renato Ga\u00facho despertam o interesse do clube da Baixada, por\u00e9m ambos j\u00e1 indicaram que n\u00e3o fornecer\u00e3o uma resposta em breve, o que tem prolongado as negocia\u00e7\u00f5es. O nome de Cuca chegou a ser cogitado, mas foi rejeitado pela diretoria.<\/p>\n\n\n\n<figure class=\"wp-block-image size-large\"><img loading=\"lazy\" decoding=\"async\" width=\"1024\" height=\"832\" src=\"https:\/\/www.gaveanews.com\/wp-content\/uploads\/Escudo-do-Santos-1-1024x832.webp\" alt=\"\" class=\"wp-image-152156\" srcset=\"https:\/\/www.gaveanews.com\/wp-content\/uploads\/Escudo-do-Santos-1-1024x832.webp 1024w, https:\/\/www.gaveanews.com\/wp-content\/uploads\/Escudo-do-Santos-1-300x244.webp 300w, https:\/\/www.gaveanews.com\/wp-content\/uploads\/Escudo-do-Santos-1-768x624.webp 768w, https:\/\/www.gaveanews.com\/wp-content\/uploads\/Escudo-do-Santos-1-517x420.webp 517w, https:\/\/www.gaveanews.com\/wp-content\/uploads\/Escudo-do-Santos-1-1034x840.webp 1034w, https:\/\/www.gaveanews.com\/wp-content\/uploads\/Escudo-do-Santos-1-640x520.webp 640w, https:\/\/www.gaveanews.com\/wp-content\/uploads\/Escudo-do-Santos-1-1280x1040.webp 1280w, https:\/\/www.gaveanews.com\/wp-content\/uploads\/Escudo-do-Santos-1-681x553.webp 681w, https:\/\/www.gaveanews.com\/wp-content\/uploads\/Escudo-do-Santos-1-100x81.webp 100w, https:\/\/www.gaveanews.com\/wp-content\/uploads\/Escudo-do-Santos-1.webp 1300w\" sizes=\"auto, (max-width: 1024px) 100vw, 1024px\" \/><figcaption class=\"wp-element-caption\">Escudo do Santos (Foto: Reprodu\u00e7\u00e3o\/Instagram)<\/figcaption><\/figure>\n\n\n\n<p>\u00c9 importante ressaltar que n\u00e3o apenas o Santos manifestou interesse no t\u00e9cnico Luis Castro, que est\u00e1 livre no mercado ap\u00f3s deixar o Al-Nassr, da Ar\u00e1bia Saudita, em setembro. Castro liderou o Botafogo no Brasil de mar\u00e7o de 2022 a junho de 2023.<\/p>\n\n\n\n<p>Segundo a opini\u00e3o de Craque Neto, o ex-treinador do Peixe tinha fundamento ao apontar, na \u00e9poca, que o clube enfrentava uma falta de planejamento para conseguir voltar \u00e0 primeira divis\u00e3o do futebol nacional.<\/p>\n\n\n\n<p>\u201cNa verdade, o Carille j\u00e1 havia dito isso sobre o Santos. Ele disse que o planejamento est\u00e1 atrasado para o ano que vem. \u00c9 um problema muito s\u00e9rio em rela\u00e7\u00e3o \u00e0 2025\u201d, avaliou o Craque Neto.<\/p>\n\n\n\n<p>Apesar de ter mostrado ind\u00edcios de uma revis\u00e3o em seu elenco, o Santos ainda espera a defini\u00e7\u00e3o do novo treinador para confirmar e formalizar as sa\u00eddas de jogadores para 2025, al\u00e9m de planejar contrata\u00e7\u00f5es. A abertura da temporada para o clube est\u00e1 agendada para o dia 15 de janeiro.<\/p>\n\n\n\n<p><\/p>\n","protected":false},"excerpt":{"rendered":"<p>Comentarista acredita que o time vai sofrer em 2025 O Craque Neto acendeu a luz vermelha para o Santos ao discutir as perspectivas para a temporada de 2025 do time no programa Os Donos da Bola, transmitido pela R\u00e1dio Bandeirantes, nesta quarta-feira (04). Segundo o apresentador, a indefini\u00e7\u00e3o sobre a escolha do novo treinador \u00e9 [&hellip;]<\/p>\n","protected":false},"author":16,"featured_media":71983,"comment_status":"open","ping_status":"closed","sticky":false,"template":"","format":"standard","meta":{"footnotes":""},"categories":[139],"tags":[],"class_list":["post-195404","post","type-post","status-publish","format-standard","has-post-thumbnail","hentry","category-santos"],"yoast_head":"<!-- This site is optimized with the Yoast SEO Premium plugin v24.2 (Yoast SEO v26.9) - https:\/\/yoast.com\/product\/yoast-seo-premium-wordpress\/ -->\n<title>Craque Neto liga sinal de alerta para o Santos em 2025<\/title>\n<meta name=\"robots\" content=\"index, follow, max-snippet:-1, max-image-preview:large, max-video-preview:-1\" \/>\n<link rel=\"canonical\" href=\"https:\/\/www.gaveanews.com\/index.php\/2024\/12\/05\/craque-neto-liga-sinal-de-alerta-para-o-santos-em-2025\/\" \/>\n<meta property=\"og:locale\" content=\"pt_BR\" \/>\n<meta property=\"og:type\" content=\"article\" \/>\n<meta property=\"og:title\" content=\"Craque Neto liga sinal de alerta para o Santos em 2025\" \/>\n<meta property=\"og:description\" content=\"Comentarista acredita que o time vai sofrer em 2025 O Craque Neto acendeu a luz vermelha para o Santos ao discutir as perspectivas para a temporada de 2025 do time no programa Os Donos da Bola, transmitido pela R\u00e1dio Bandeirantes, nesta quarta-feira (04). Segundo o apresentador, a indefini\u00e7\u00e3o sobre a escolha do novo treinador \u00e9 [&hellip;]\" \/>\n<meta property=\"og:url\" content=\"https:\/\/www.gaveanews.com\/index.php\/2024\/12\/05\/craque-neto-liga-sinal-de-alerta-para-o-santos-em-2025\/\" \/>\n<meta property=\"og:site_name\" content=\"G\u00e1vea News\" \/>\n<meta property=\"article:publisher\" content=\"https:\/\/facebook.com\/gaveaNews\/\" \/>\n<meta property=\"article:published_time\" content=\"2024-12-06T01:25:00+00:00\" \/>\n<meta property=\"og:image\" content=\"https:\/\/www.gaveanews.com\/wp-content\/uploads\/Comentarista-Neto-em-programa-da-Band.webp\" \/>\n\t<meta property=\"og:image:width\" content=\"846\" \/>\n\t<meta property=\"og:image:height\" content=\"476\" \/>\n\t<meta property=\"og:image:type\" content=\"image\/jpeg\" \/>\n<meta name=\"author\" content=\"D\u00e9bora Figueiredo\" \/>\n<meta name=\"twitter:card\" content=\"summary_large_image\" \/>\n<meta name=\"twitter:label1\" content=\"Escrito por\" \/>\n\t<meta name=\"twitter:data1\" content=\"D\u00e9bora Figueiredo\" \/>\n\t<meta name=\"twitter:label2\" content=\"Est. tempo de leitura\" \/>\n\t<meta name=\"twitter:data2\" content=\"3 minutos\" \/>\n<script type=\"application\/ld+json\" class=\"yoast-schema-graph\">{\"@context\":\"https:\/\/schema.org\",\"@graph\":[{\"@type\":\"NewsArticle\",\"@id\":\"https:\/\/www.gaveanews.com\/index.php\/2024\/12\/05\/craque-neto-liga-sinal-de-alerta-para-o-santos-em-2025\/#article\",\"isPartOf\":{\"@id\":\"https:\/\/www.gaveanews.com\/index.php\/2024\/12\/05\/craque-neto-liga-sinal-de-alerta-para-o-santos-em-2025\/\"},\"author\":{\"name\":\"D\u00e9bora Figueiredo\",\"@id\":\"https:\/\/www.gaveanews.com\/#\/schema\/person\/37122681a8575a5c8db05a56f099a5e4\"},\"headline\":\"Craque Neto liga sinal de alerta para o Santos em 2025\",\"datePublished\":\"2024-12-06T01:25:00+00:00\",\"mainEntityOfPage\":{\"@id\":\"https:\/\/www.gaveanews.com\/index.php\/2024\/12\/05\/craque-neto-liga-sinal-de-alerta-para-o-santos-em-2025\/\"},\"wordCount\":364,\"commentCount\":0,\"image\":{\"@id\":\"https:\/\/www.gaveanews.com\/index.php\/2024\/12\/05\/craque-neto-liga-sinal-de-alerta-para-o-santos-em-2025\/#primaryimage\"},\"thumbnailUrl\":\"https:\/\/www.gaveanews.com\/wp-content\/uploads\/Comentarista-Neto-em-programa-da-Band.webp\",\"articleSection\":[\"Santos\"],\"inLanguage\":\"pt-BR\",\"potentialAction\":[{\"@type\":\"CommentAction\",\"name\":\"Comment\",\"target\":[\"https:\/\/www.gaveanews.com\/index.php\/2024\/12\/05\/craque-neto-liga-sinal-de-alerta-para-o-santos-em-2025\/#respond\"]}],\"copyrightYear\":\"2024\",\"copyrightHolder\":{\"@id\":\"https:\/\/www.gaveanews.com\/#organization\"}},{\"@type\":\"WebPage\",\"@id\":\"https:\/\/www.gaveanews.com\/index.php\/2024\/12\/05\/craque-neto-liga-sinal-de-alerta-para-o-santos-em-2025\/\",\"url\":\"https:\/\/www.gaveanews.com\/index.php\/2024\/12\/05\/craque-neto-liga-sinal-de-alerta-para-o-santos-em-2025\/\",\"name\":\"Craque Neto liga sinal de alerta para o Santos em 2025\",\"isPartOf\":{\"@id\":\"https:\/\/www.gaveanews.com\/#website\"},\"primaryImageOfPage\":{\"@id\":\"https:\/\/www.gaveanews.com\/index.php\/2024\/12\/05\/craque-neto-liga-sinal-de-alerta-para-o-santos-em-2025\/#primaryimage\"},\"image\":{\"@id\":\"https:\/\/www.gaveanews.com\/index.php\/2024\/12\/05\/craque-neto-liga-sinal-de-alerta-para-o-santos-em-2025\/#primaryimage\"},\"thumbnailUrl\":\"https:\/\/www.gaveanews.com\/wp-content\/uploads\/Comentarista-Neto-em-programa-da-Band.webp\",\"datePublished\":\"2024-12-06T01:25:00+00:00\",\"author\":{\"@id\":\"https:\/\/www.gaveanews.com\/#\/schema\/person\/37122681a8575a5c8db05a56f099a5e4\"},\"breadcrumb\":{\"@id\":\"https:\/\/www.gaveanews.com\/index.php\/2024\/12\/05\/craque-neto-liga-sinal-de-alerta-para-o-santos-em-2025\/#breadcrumb\"},\"inLanguage\":\"pt-BR\",\"potentialAction\":[{\"@type\":\"ReadAction\",\"target\":[\"https:\/\/www.gaveanews.com\/index.php\/2024\/12\/05\/craque-neto-liga-sinal-de-alerta-para-o-santos-em-2025\/\"]}]},{\"@type\":\"ImageObject\",\"inLanguage\":\"pt-BR\",\"@id\":\"https:\/\/www.gaveanews.com\/index.php\/2024\/12\/05\/craque-neto-liga-sinal-de-alerta-para-o-santos-em-2025\/#primaryimage\",\"url\":\"https:\/\/www.gaveanews.com\/wp-content\/uploads\/Comentarista-Neto-em-programa-da-Band.webp\",\"contentUrl\":\"https:\/\/www.gaveanews.com\/wp-content\/uploads\/Comentarista-Neto-em-programa-da-Band.webp\",\"width\":846,\"height\":476,\"caption\":\"Comentarista Neto em programa da Band (Foto: Reprodu\u00e7\u00e3o\/Band)\"},{\"@type\":\"BreadcrumbList\",\"@id\":\"https:\/\/www.gaveanews.com\/index.php\/2024\/12\/05\/craque-neto-liga-sinal-de-alerta-para-o-santos-em-2025\/#breadcrumb\",\"itemListElement\":[{\"@type\":\"ListItem\",\"position\":1,\"name\":\"Home\",\"item\":\"https:\/\/www.gaveanews.com\/\"},{\"@type\":\"ListItem\",\"position\":2,\"name\":\"Craque Neto liga sinal de alerta para o Santos em 2025\"}]},{\"@type\":\"WebSite\",\"@id\":\"https:\/\/www.gaveanews.com\/#website\",\"url\":\"https:\/\/www.gaveanews.com\/\",\"name\":\"G\u00e1vea News\",\"description\":\"Veja todas as not\u00edcias sobre o Flamengo: Contrata\u00e7\u00f5es, categorias de base, resultados das partidas, tabela de classifica\u00e7\u00e3o, pr\u00f3ximos jogos!\",\"potentialAction\":[{\"@type\":\"SearchAction\",\"target\":{\"@type\":\"EntryPoint\",\"urlTemplate\":\"https:\/\/www.gaveanews.com\/?s={search_term_string}\"},\"query-input\":{\"@type\":\"PropertyValueSpecification\",\"valueRequired\":true,\"valueName\":\"search_term_string\"}}],\"inLanguage\":\"pt-BR\"},{\"@type\":\"Person\",\"@id\":\"https:\/\/www.gaveanews.com\/#\/schema\/person\/37122681a8575a5c8db05a56f099a5e4\",\"name\":\"D\u00e9bora Figueiredo\",\"image\":{\"@type\":\"ImageObject\",\"inLanguage\":\"pt-BR\",\"@id\":\"https:\/\/www.gaveanews.com\/#\/schema\/person\/image\/\",\"url\":\"https:\/\/secure.gravatar.com\/avatar\/1f44802859351588499d26f52aed1d15796ce17e67602895b72837c08018868d?s=96&d=mm&r=g\",\"contentUrl\":\"https:\/\/secure.gravatar.com\/avatar\/1f44802859351588499d26f52aed1d15796ce17e67602895b72837c08018868d?s=96&d=mm&r=g\",\"caption\":\"D\u00e9bora Figueiredo\"}}]}<\/script>\n<!-- \/ Yoast SEO Premium plugin. -->","yoast_head_json":{"title":"Craque Neto liga sinal de alerta para o Santos em 2025","robots":{"index":"index","follow":"follow","max-snippet":"max-snippet:-1","max-image-preview":"max-image-preview:large","max-video-preview":"max-video-preview:-1"},"canonical":"https:\/\/www.gaveanews.com\/index.php\/2024\/12\/05\/craque-neto-liga-sinal-de-alerta-para-o-santos-em-2025\/","og_locale":"pt_BR","og_type":"article","og_title":"Craque Neto liga sinal de alerta para o Santos em 2025","og_description":"Comentarista acredita que o time vai sofrer em 2025 O Craque Neto acendeu a luz vermelha para o Santos ao discutir as perspectivas para a temporada de 2025 do time no programa Os Donos da Bola, transmitido pela R\u00e1dio Bandeirantes, nesta quarta-feira (04). Segundo o apresentador, a indefini\u00e7\u00e3o sobre a escolha do novo treinador \u00e9 [&hellip;]","og_url":"https:\/\/www.gaveanews.com\/index.php\/2024\/12\/05\/craque-neto-liga-sinal-de-alerta-para-o-santos-em-2025\/","og_site_name":"G\u00e1vea News","article_publisher":"https:\/\/facebook.com\/gaveaNews\/","article_published_time":"2024-12-06T01:25:00+00:00","og_image":[{"width":846,"height":476,"url":"https:\/\/www.gaveanews.com\/wp-content\/uploads\/Comentarista-Neto-em-programa-da-Band.webp","type":"image\/jpeg"}],"author":"D\u00e9bora Figueiredo","twitter_card":"summary_large_image","twitter_misc":{"Escrito por":"D\u00e9bora Figueiredo","Est. tempo de leitura":"3 minutos"},"schema":{"@context":"https:\/\/schema.org","@graph":[{"@type":"NewsArticle","@id":"https:\/\/www.gaveanews.com\/index.php\/2024\/12\/05\/craque-neto-liga-sinal-de-alerta-para-o-santos-em-2025\/#article","isPartOf":{"@id":"https:\/\/www.gaveanews.com\/index.php\/2024\/12\/05\/craque-neto-liga-sinal-de-alerta-para-o-santos-em-2025\/"},"author":{"name":"D\u00e9bora Figueiredo","@id":"https:\/\/www.gaveanews.com\/#\/schema\/person\/37122681a8575a5c8db05a56f099a5e4"},"headline":"Craque Neto liga sinal de alerta para o Santos em 2025","datePublished":"2024-12-06T01:25:00+00:00","mainEntityOfPage":{"@id":"https:\/\/www.gaveanews.com\/index.php\/2024\/12\/05\/craque-neto-liga-sinal-de-alerta-para-o-santos-em-2025\/"},"wordCount":364,"commentCount":0,"image":{"@id":"https:\/\/www.gaveanews.com\/index.php\/2024\/12\/05\/craque-neto-liga-sinal-de-alerta-para-o-santos-em-2025\/#primaryimage"},"thumbnailUrl":"https:\/\/www.gaveanews.com\/wp-content\/uploads\/Comentarista-Neto-em-programa-da-Band.webp","articleSection":["Santos"],"inLanguage":"pt-BR","potentialAction":[{"@type":"CommentAction","name":"Comment","target":["https:\/\/www.gaveanews.com\/index.php\/2024\/12\/05\/craque-neto-liga-sinal-de-alerta-para-o-santos-em-2025\/#respond"]}],"copyrightYear":"2024","copyrightHolder":{"@id":"https:\/\/www.gaveanews.com\/#organization"}},{"@type":"WebPage","@id":"https:\/\/www.gaveanews.com\/index.php\/2024\/12\/05\/craque-neto-liga-sinal-de-alerta-para-o-santos-em-2025\/","url":"https:\/\/www.gaveanews.com\/index.php\/2024\/12\/05\/craque-neto-liga-sinal-de-alerta-para-o-santos-em-2025\/","name":"Craque Neto liga sinal de alerta para o Santos em 2025","isPartOf":{"@id":"https:\/\/www.gaveanews.com\/#website"},"primaryImageOfPage":{"@id":"https:\/\/www.gaveanews.com\/index.php\/2024\/12\/05\/craque-neto-liga-sinal-de-alerta-para-o-santos-em-2025\/#primaryimage"},"image":{"@id":"https:\/\/www.gaveanews.com\/index.php\/2024\/12\/05\/craque-neto-liga-sinal-de-alerta-para-o-santos-em-2025\/#primaryimage"},"thumbnailUrl":"https:\/\/www.gaveanews.com\/wp-content\/uploads\/Comentarista-Neto-em-programa-da-Band.webp","datePublished":"2024-12-06T01:25:00+00:00","author":{"@id":"https:\/\/www.gaveanews.com\/#\/schema\/person\/37122681a8575a5c8db05a56f099a5e4"},"breadcrumb":{"@id":"https:\/\/www.gaveanews.com\/index.php\/2024\/12\/05\/craque-neto-liga-sinal-de-alerta-para-o-santos-em-2025\/#breadcrumb"},"inLanguage":"pt-BR","potentialAction":[{"@type":"ReadAction","target":["https:\/\/www.gaveanews.com\/index.php\/2024\/12\/05\/craque-neto-liga-sinal-de-alerta-para-o-santos-em-2025\/"]}]},{"@type":"ImageObject","inLanguage":"pt-BR","@id":"https:\/\/www.gaveanews.com\/index.php\/2024\/12\/05\/craque-neto-liga-sinal-de-alerta-para-o-santos-em-2025\/#primaryimage","url":"https:\/\/www.gaveanews.com\/wp-content\/uploads\/Comentarista-Neto-em-programa-da-Band.webp","contentUrl":"https:\/\/www.gaveanews.com\/wp-content\/uploads\/Comentarista-Neto-em-programa-da-Band.webp","width":846,"height":476,"caption":"Comentarista Neto em programa da Band (Foto: Reprodu\u00e7\u00e3o\/Band)"},{"@type":"BreadcrumbList","@id":"https:\/\/www.gaveanews.com\/index.php\/2024\/12\/05\/craque-neto-liga-sinal-de-alerta-para-o-santos-em-2025\/#breadcrumb","itemListElement":[{"@type":"ListItem","position":1,"name":"Home","item":"https:\/\/www.gaveanews.com\/"},{"@type":"ListItem","position":2,"name":"Craque Neto liga sinal de alerta para o Santos em 2025"}]},{"@type":"WebSite","@id":"https:\/\/www.gaveanews.com\/#website","url":"https:\/\/www.gaveanews.com\/","name":"G\u00e1vea News","description":"Veja todas as not\u00edcias sobre o Flamengo: Contrata\u00e7\u00f5es, categorias de base, resultados das partidas, tabela de classifica\u00e7\u00e3o, pr\u00f3ximos jogos!","potentialAction":[{"@type":"SearchAction","target":{"@type":"EntryPoint","urlTemplate":"https:\/\/www.gaveanews.com\/?s={search_term_string}"},"query-input":{"@type":"PropertyValueSpecification","valueRequired":true,"valueName":"search_term_string"}}],"inLanguage":"pt-BR"},{"@type":"Person","@id":"https:\/\/www.gaveanews.com\/#\/schema\/person\/37122681a8575a5c8db05a56f099a5e4","name":"D\u00e9bora Figueiredo","image":{"@type":"ImageObject","inLanguage":"pt-BR","@id":"https:\/\/www.gaveanews.com\/#\/schema\/person\/image\/","url":"https:\/\/secure.gravatar.com\/avatar\/1f44802859351588499d26f52aed1d15796ce17e67602895b72837c08018868d?s=96&d=mm&r=g","contentUrl":"https:\/\/secure.gravatar.com\/avatar\/1f44802859351588499d26f52aed1d15796ce17e67602895b72837c08018868d?s=96&d=mm&r=g","caption":"D\u00e9bora Figueiredo"}}]}},"_links":{"self":[{"href":"https:\/\/www.gaveanews.com\/index.php\/wp-json\/wp\/v2\/posts\/195404","targetHints":{"allow":["GET"]}}],"collection":[{"href":"https:\/\/www.gaveanews.com\/index.php\/wp-json\/wp\/v2\/posts"}],"about":[{"href":"https:\/\/www.gaveanews.com\/index.php\/wp-json\/wp\/v2\/types\/post"}],"author":[{"embeddable":true,"href":"https:\/\/www.gaveanews.com\/index.php\/wp-json\/wp\/v2\/users\/16"}],"replies":[{"embeddable":true,"href":"https:\/\/www.gaveanews.com\/index.php\/wp-json\/wp\/v2\/comments?post=195404"}],"version-history":[{"count":1,"href":"https:\/\/www.gaveanews.com\/index.php\/wp-json\/wp\/v2\/posts\/195404\/revisions"}],"predecessor-version":[{"id":195413,"href":"https:\/\/www.gaveanews.com\/index.php\/wp-json\/wp\/v2\/posts\/195404\/revisions\/195413"}],"wp:featuredmedia":[{"embeddable":true,"href":"https:\/\/www.gaveanews.com\/index.php\/wp-json\/wp\/v2\/media\/71983"}],"wp:attachment":[{"href":"https:\/\/www.gaveanews.com\/index.php\/wp-json\/wp\/v2\/media?parent=195404"}],"wp:term":[{"taxonomy":"category","embeddable":true,"href":"https:\/\/www.gaveanews.com\/index.php\/wp-json\/wp\/v2\/categories?post=195404"},{"taxonomy":"post_tag","embeddable":true,"href":"https:\/\/www.gaveanews.com\/index.php\/wp-json\/wp\/v2\/tags?post=195404"}],"curies":[{"name":"wp","href":"https:\/\/api.w.org\/{rel}","templated":true}]}}