{"id":195417,"date":"2024-12-07T06:00:00","date_gmt":"2024-12-07T09:00:00","guid":{"rendered":"https:\/\/www.gaveanews.com\/?p=195417"},"modified":"2024-12-07T01:51:45","modified_gmt":"2024-12-07T04:51:45","slug":"musica-de-gabigol-recado-de-arrascaeta-e-declaracao-de-varela-as-ultimas-noticias-do-flamengo","status":"publish","type":"post","link":"https:\/\/www.gaveanews.com\/index.php\/2024\/12\/07\/musica-de-gabigol-recado-de-arrascaeta-e-declaracao-de-varela-as-ultimas-noticias-do-flamengo\/","title":{"rendered":"M\u00fasica de Gabigol, recado de Arrascaeta e declara\u00e7\u00e3o de Varela: as \u00faltimas not\u00edcias do Flamengo"},"content":{"rendered":"\n<p>Nas \u00faltimas horas, o foco das not\u00edcias sobre o Flamengo se concentram nos bastidores do clube, com destaques como o recado de Arrascaeta e declara\u00e7\u00e3o de Varela.<\/p>\n\n\n\n<p>Por conta deste contexto, leia abaixo um resumo preparado pela equipe do portal G\u00e1vea News para lhe manter muito bem informado!<\/p>\n\n\n\n<h2 class=\"wp-block-heading\" id=\"h-declaracao-de-varela\">Declara\u00e7\u00e3o de Varela<\/h2>\n\n\n\n<p>O lateral-direito Guillermo Varela comentou sobre o grupo do Flamengo no Super Mundial de Clubes 2025, durante sua participa\u00e7\u00e3o no programa <em>Resenha do Jogo<\/em>, da FlaTV. O uruguaio classificou o grupo, que inclui Chelsea, Esp\u00e9rance e Le\u00f3n, como acess\u00edvel, apesar dos desafios. Ele demonstrou confian\u00e7a na prepara\u00e7\u00e3o do Flamengo para alcan\u00e7ar um bom desempenho no torneio, destacando a ambi\u00e7\u00e3o de superar os advers\u00e1rios e conquistar vit\u00f3rias importantes.<strong><a href=\"https:\/\/www.gaveanews.com\/index.php\/2024\/12\/06\/mundial-de-clubes-a-declaracao-de-varela-sobre-o-grupo-do-flamengo\/\"> (leia a mat\u00e9ria completa)<\/a><\/strong><\/p>\n\n\n\n<figure class=\"wp-block-image size-full\"><img loading=\"lazy\" decoding=\"async\" width=\"799\" height=\"533\" src=\"https:\/\/www.gaveanews.com\/wp-content\/uploads\/Guilhermo-Varela-estreia-pelo-Flamengo-em-jogo-contra-o-Ceara.webp\" alt=\"\" class=\"wp-image-86918\" srcset=\"https:\/\/www.gaveanews.com\/wp-content\/uploads\/Guilhermo-Varela-estreia-pelo-Flamengo-em-jogo-contra-o-Ceara.webp 799w, https:\/\/www.gaveanews.com\/wp-content\/uploads\/Guilhermo-Varela-estreia-pelo-Flamengo-em-jogo-contra-o-Ceara-300x200.webp 300w, https:\/\/www.gaveanews.com\/wp-content\/uploads\/Guilhermo-Varela-estreia-pelo-Flamengo-em-jogo-contra-o-Ceara-768x512.webp 768w, https:\/\/www.gaveanews.com\/wp-content\/uploads\/Guilhermo-Varela-estreia-pelo-Flamengo-em-jogo-contra-o-Ceara-630x420.webp 630w, https:\/\/www.gaveanews.com\/wp-content\/uploads\/Guilhermo-Varela-estreia-pelo-Flamengo-em-jogo-contra-o-Ceara-640x427.webp 640w, https:\/\/www.gaveanews.com\/wp-content\/uploads\/Guilhermo-Varela-estreia-pelo-Flamengo-em-jogo-contra-o-Ceara-681x454.webp 681w, https:\/\/www.gaveanews.com\/wp-content\/uploads\/Guilhermo-Varela-estreia-pelo-Flamengo-em-jogo-contra-o-Ceara-100x67.webp 100w\" sizes=\"auto, (max-width: 799px) 100vw, 799px\" \/><figcaption class=\"wp-element-caption\">Guilhermo Varela estreia pelo Flamengo em jogo contra o Cear\u00e1 (Foto: Gilvan de Souza\/Flamengo)<\/figcaption><\/figure>\n\n\n\n<p>Varela tamb\u00e9m falou sobre o duelo contra o Chelsea, que considera o mais dif\u00edcil, e comparou as diferen\u00e7as entre o futebol brasileiro e ingl\u00eas. <\/p>\n\n\n\n<p>Ele destacou que no Brasil o calend\u00e1rio \u00e9 mais apertado, com sequ\u00eancias intensas de jogos e viagens longas, o que aumenta o desgaste f\u00edsico dos jogadores. Por outro lado, ressaltou que os times ingleses t\u00eam elencos maiores e mais tempo para se preparar, o que beneficia o desempenho em campo.<\/p>\n\n\n\n<p>Ao mencionar a log\u00edstica, Varela destacou que viagens no Brasil podem ser muito mais exaustivas do que na Inglaterra. Segundo ele, deslocamentos entre cidades brasileiras frequentemente ultrapassam o tempo que ele levava para ir a um jogo na Inglaterra. O Flamengo, campe\u00e3o da Libertadores em 2022, garantiu sua vaga no Mundial e segue se preparando para enfrentar os desafios de um torneio que re\u00fane os maiores campe\u00f5es continentais do mundo.<\/p>\n\n\n\n<h2 class=\"wp-block-heading\" id=\"h-recado-de-arrascaeta\">Recado de Arrascaeta <\/h2>\n\n\n\n<p>O Flamengo vive um momento de transi\u00e7\u00e3o com a sa\u00edda de Gabigol, um dos maiores \u00eddolos da hist\u00f3ria recente do clube. Arrascaeta, companheiro do atacante em diversas conquistas, expressou sua emo\u00e7\u00e3o ao falar sobre a despedida do amigo, destacando o impacto do jogador em sua carreira e no sucesso coletivo do time. Juntos, os dois participaram de uma das fases mais vitoriosas do Flamengo, conquistando 13 t\u00edtulos, incluindo a Libertadores, o Brasileir\u00e3o e a Copa do Brasil. Para Arrascaeta, a parceria foi marcante e ficar\u00e1 eternizada na mem\u00f3ria dos torcedores<strong><a href=\"https:\/\/www.gaveanews.com\/index.php\/2024\/12\/06\/flamengo-arrascaeta-e-sincero-ao-falar-sobre-saida-de-gabigol\/\"> (leia a mat\u00e9ria completa).<\/a><\/strong><\/p>\n\n\n\n<figure class=\"wp-block-image size-full\"><img loading=\"lazy\" decoding=\"async\" width=\"900\" height=\"600\" src=\"https:\/\/www.gaveanews.com\/wp-content\/uploads\/arrascaeta-flamengo.webp\" alt=\"\" class=\"wp-image-95670\" srcset=\"https:\/\/www.gaveanews.com\/wp-content\/uploads\/arrascaeta-flamengo.webp 900w, https:\/\/www.gaveanews.com\/wp-content\/uploads\/arrascaeta-flamengo-300x200.webp 300w, https:\/\/www.gaveanews.com\/wp-content\/uploads\/arrascaeta-flamengo-768x512.webp 768w, https:\/\/www.gaveanews.com\/wp-content\/uploads\/arrascaeta-flamengo-630x420.webp 630w, https:\/\/www.gaveanews.com\/wp-content\/uploads\/arrascaeta-flamengo-640x427.webp 640w, https:\/\/www.gaveanews.com\/wp-content\/uploads\/arrascaeta-flamengo-681x454.webp 681w, https:\/\/www.gaveanews.com\/wp-content\/uploads\/arrascaeta-flamengo-100x67.webp 100w\" sizes=\"auto, (max-width: 900px) 100vw, 900px\" \/><figcaption class=\"wp-element-caption\">Arrascaeta em jogo do Flamengo contra o Vasco no Maracan\u00e3 (Foto: Gilvan de Souza\/Flamengo)<\/figcaption><\/figure>\n\n\n\n<p>Em entrevista, Arrascaeta revelou gratid\u00e3o pela conviv\u00eancia com Gabigol e afirmou que estar\u00e1 presente em sua despedida oficial no \u00faltimo jogo da temporada, contra o Vit\u00f3ria. Ele destacou o respeito m\u00fatuo e a amizade que constru\u00edram ao longo dos anos no Flamengo, uma rela\u00e7\u00e3o que foi essencial para o ambiente vencedor do clube. O uruguaio tamb\u00e9m reconheceu que a aus\u00eancia do atacante ser\u00e1 sentida, mas enalteceu a import\u00e2ncia do legado deixado por Gabi.<\/p>\n\n\n\n<p>Com a sa\u00edda de Gabigol, o Flamengo encerra um ciclo recheado de gl\u00f3rias, abrindo espa\u00e7o para novos desafios e renova\u00e7\u00e3o no elenco. Arrascaeta refor\u00e7ou que est\u00e1 preparado para liderar a equipe em novos cap\u00edtulos, mas n\u00e3o escondeu a saudade que sentir\u00e1 do companheiro. A amizade e os momentos vividos dentro de campo seguem como s\u00edmbolos de uma era que marcou o futebol rubro-negro e emocionou a torcida.<\/p>\n\n\n\n<h2 class=\"wp-block-heading\" id=\"h-musica-de-gabigol\">M\u00fasica de Gabigol<\/h2>\n\n\n\n<p>Gabigol, \u00eddolo do Flamengo, lan\u00e7ou a m\u00fasica \u201cMais uma Estrela\u201d como uma homenagem ao clube e \u00e0 sua trajet\u00f3ria vitoriosa. Sob o nome art\u00edstico Lil Gabi, o jogador se despede oficialmente do Rubro-Negro com esta faixa, que conta com a participa\u00e7\u00e3o do rapper TOKIODK e do produtor Leodokick. Na can\u00e7\u00e3o, Gabigol expressa gratid\u00e3o pelos momentos vividos e reflete sobre a incerteza de um poss\u00edvel retorno, destacando sua conex\u00e3o com o clube e a torcida<strong><a href=\"https:\/\/www.gaveanews.com\/index.php\/2024\/12\/06\/ouca-agora-gabigol-lanca-musica-de-despedida-do-flamengo\/\"> (leia a mat\u00e9ria completa).<\/a><\/strong><\/p>\n\n\n\n<figure class=\"wp-block-image size-large\"><img loading=\"lazy\" decoding=\"async\" width=\"1024\" height=\"682\" src=\"https:\/\/www.gaveanews.com\/wp-content\/uploads\/Gabigol-durante-Flamengo-x-Fortaleza-pelo-Brasileirao-2024-1024x682.webp\" alt=\"\" class=\"wp-image-151992\" srcset=\"https:\/\/www.gaveanews.com\/wp-content\/uploads\/Gabigol-durante-Flamengo-x-Fortaleza-pelo-Brasileirao-2024-1024x682.webp 1024w, https:\/\/www.gaveanews.com\/wp-content\/uploads\/Gabigol-durante-Flamengo-x-Fortaleza-pelo-Brasileirao-2024-300x200.webp 300w, https:\/\/www.gaveanews.com\/wp-content\/uploads\/Gabigol-durante-Flamengo-x-Fortaleza-pelo-Brasileirao-2024-768x512.webp 768w, https:\/\/www.gaveanews.com\/wp-content\/uploads\/Gabigol-durante-Flamengo-x-Fortaleza-pelo-Brasileirao-2024-1536x1024.webp 1536w, https:\/\/www.gaveanews.com\/wp-content\/uploads\/Gabigol-durante-Flamengo-x-Fortaleza-pelo-Brasileirao-2024-630x420.webp 630w, https:\/\/www.gaveanews.com\/wp-content\/uploads\/Gabigol-durante-Flamengo-x-Fortaleza-pelo-Brasileirao-2024-1260x840.webp 1260w, https:\/\/www.gaveanews.com\/wp-content\/uploads\/Gabigol-durante-Flamengo-x-Fortaleza-pelo-Brasileirao-2024-640x427.webp 640w, https:\/\/www.gaveanews.com\/wp-content\/uploads\/Gabigol-durante-Flamengo-x-Fortaleza-pelo-Brasileirao-2024-1280x853.webp 1280w, https:\/\/www.gaveanews.com\/wp-content\/uploads\/Gabigol-durante-Flamengo-x-Fortaleza-pelo-Brasileirao-2024-681x454.webp 681w, https:\/\/www.gaveanews.com\/wp-content\/uploads\/Gabigol-durante-Flamengo-x-Fortaleza-pelo-Brasileirao-2024-1362x908.webp 1362w, https:\/\/www.gaveanews.com\/wp-content\/uploads\/Gabigol-durante-Flamengo-x-Fortaleza-pelo-Brasileirao-2024-100x67.webp 100w, https:\/\/www.gaveanews.com\/wp-content\/uploads\/Gabigol-durante-Flamengo-x-Fortaleza-pelo-Brasileirao-2024.webp 2000w\" sizes=\"auto, (max-width: 1024px) 100vw, 1024px\" \/><figcaption class=\"wp-element-caption\">Gabigol durante Flamengo x Fortaleza pelo Brasileir\u00e3o 2024 (Foto: Reprodu\u00e7\u00e3o\/Flamengo)<\/figcaption><\/figure>\n\n\n\n<p>A letra da m\u00fasica revela emo\u00e7\u00f5es profundas, mostrando tanto os desafios quanto as conquistas de sua passagem pelo Flamengo. Com versos como \u201cMe apeguei ao Manto e nunca mais solto, at\u00e9 chorei, mas muito mais sorri\u201d, o atacante celebra o impacto que teve na hist\u00f3ria do clube e reconhece erros do passado como parte de seu crescimento pessoal. A can\u00e7\u00e3o tamb\u00e9m faz refer\u00eancia ao Ninho do Urubu, simbolizando o status de Gabigol como uma das grandes estrelas formadas pela equipe.<\/p>\n\n\n\n<p>A despedida de Gabigol acontece no dia 8 de dezembro, no jogo contra o Vit\u00f3ria no Maracan\u00e3, marcando o fim de um ciclo recheado de t\u00edtulos, como Libertadores e Copas do Brasil. A m\u00fasica \u201cMais uma Estrela\u201d \u00e9 um presente final do jogador \u00e0 torcida, refor\u00e7ando seu legado como um dos maiores nomes da hist\u00f3ria do Flamengo.<\/p>\n","protected":false},"excerpt":{"rendered":"<p>Nas \u00faltimas horas, o foco das not\u00edcias sobre o Flamengo se concentram nos bastidores do clube, com destaques como o recado de Arrascaeta e declara\u00e7\u00e3o de Varela. Por conta deste contexto, leia abaixo um resumo preparado pela equipe do portal G\u00e1vea News para lhe manter muito bem informado! Declara\u00e7\u00e3o de Varela O lateral-direito Guillermo Varela [&hellip;]<\/p>\n","protected":false},"author":27,"featured_media":127354,"comment_status":"open","ping_status":"closed","sticky":false,"template":"","format":"standard","meta":{"footnotes":""},"categories":[1],"tags":[],"class_list":["post-195417","post","type-post","status-publish","format-standard","has-post-thumbnail","hentry","category-flamengo"],"yoast_head":"<!-- This site is optimized with the Yoast SEO Premium plugin v24.2 (Yoast SEO v26.9) - https:\/\/yoast.com\/product\/yoast-seo-premium-wordpress\/ -->\n<title>M\u00fasica de Gabigol, recado de Arrascaeta e declara\u00e7\u00e3o de Varela: as \u00faltimas not\u00edcias do Flamengo<\/title>\n<meta name=\"robots\" content=\"index, follow, max-snippet:-1, max-image-preview:large, max-video-preview:-1\" \/>\n<link rel=\"canonical\" href=\"https:\/\/www.gaveanews.com\/index.php\/2024\/12\/07\/musica-de-gabigol-recado-de-arrascaeta-e-declaracao-de-varela-as-ultimas-noticias-do-flamengo\/\" \/>\n<meta property=\"og:locale\" content=\"pt_BR\" \/>\n<meta property=\"og:type\" content=\"article\" \/>\n<meta property=\"og:title\" content=\"M\u00fasica de Gabigol, recado de Arrascaeta e declara\u00e7\u00e3o de Varela: as \u00faltimas not\u00edcias do Flamengo\" \/>\n<meta property=\"og:description\" content=\"Nas \u00faltimas horas, o foco das not\u00edcias sobre o Flamengo se concentram nos bastidores do clube, com destaques como o recado de Arrascaeta e declara\u00e7\u00e3o de Varela. Por conta deste contexto, leia abaixo um resumo preparado pela equipe do portal G\u00e1vea News para lhe manter muito bem informado! Declara\u00e7\u00e3o de Varela O lateral-direito Guillermo Varela [&hellip;]\" \/>\n<meta property=\"og:url\" content=\"https:\/\/www.gaveanews.com\/index.php\/2024\/12\/07\/musica-de-gabigol-recado-de-arrascaeta-e-declaracao-de-varela-as-ultimas-noticias-do-flamengo\/\" \/>\n<meta property=\"og:site_name\" content=\"G\u00e1vea News\" \/>\n<meta property=\"article:publisher\" content=\"https:\/\/facebook.com\/gaveaNews\/\" \/>\n<meta property=\"article:published_time\" content=\"2024-12-07T09:00:00+00:00\" \/>\n<meta property=\"og:image\" content=\"https:\/\/www.gaveanews.com\/wp-content\/uploads\/camisa-flamengo.webp\" \/>\n\t<meta property=\"og:image:width\" content=\"483\" \/>\n\t<meta property=\"og:image:height\" content=\"322\" \/>\n\t<meta property=\"og:image:type\" content=\"image\/webp\" \/>\n<meta name=\"author\" content=\"Matheus Felipe\" \/>\n<meta name=\"twitter:card\" content=\"summary_large_image\" \/>\n<meta name=\"twitter:label1\" content=\"Escrito por\" \/>\n\t<meta name=\"twitter:data1\" content=\"Matheus Felipe\" \/>\n\t<meta name=\"twitter:label2\" content=\"Est. tempo de leitura\" \/>\n\t<meta name=\"twitter:data2\" content=\"4 minutos\" \/>\n<script type=\"application\/ld+json\" class=\"yoast-schema-graph\">{\"@context\":\"https:\/\/schema.org\",\"@graph\":[{\"@type\":\"NewsArticle\",\"@id\":\"https:\/\/www.gaveanews.com\/index.php\/2024\/12\/07\/musica-de-gabigol-recado-de-arrascaeta-e-declaracao-de-varela-as-ultimas-noticias-do-flamengo\/#article\",\"isPartOf\":{\"@id\":\"https:\/\/www.gaveanews.com\/index.php\/2024\/12\/07\/musica-de-gabigol-recado-de-arrascaeta-e-declaracao-de-varela-as-ultimas-noticias-do-flamengo\/\"},\"author\":{\"name\":\"Matheus Felipe\",\"@id\":\"https:\/\/www.gaveanews.com\/#\/schema\/person\/8207cd4627f56151707418bfc835b2fb\"},\"headline\":\"M\u00fasica de Gabigol, recado de Arrascaeta e declara\u00e7\u00e3o de Varela: as \u00faltimas not\u00edcias do Flamengo\",\"datePublished\":\"2024-12-07T09:00:00+00:00\",\"mainEntityOfPage\":{\"@id\":\"https:\/\/www.gaveanews.com\/index.php\/2024\/12\/07\/musica-de-gabigol-recado-de-arrascaeta-e-declaracao-de-varela-as-ultimas-noticias-do-flamengo\/\"},\"wordCount\":847,\"commentCount\":0,\"image\":{\"@id\":\"https:\/\/www.gaveanews.com\/index.php\/2024\/12\/07\/musica-de-gabigol-recado-de-arrascaeta-e-declaracao-de-varela-as-ultimas-noticias-do-flamengo\/#primaryimage\"},\"thumbnailUrl\":\"https:\/\/www.gaveanews.com\/wp-content\/uploads\/camisa-flamengo.webp\",\"articleSection\":[\"Flamengo\"],\"inLanguage\":\"pt-BR\",\"potentialAction\":[{\"@type\":\"CommentAction\",\"name\":\"Comment\",\"target\":[\"https:\/\/www.gaveanews.com\/index.php\/2024\/12\/07\/musica-de-gabigol-recado-de-arrascaeta-e-declaracao-de-varela-as-ultimas-noticias-do-flamengo\/#respond\"]}],\"copyrightYear\":\"2024\",\"copyrightHolder\":{\"@id\":\"https:\/\/www.gaveanews.com\/#organization\"}},{\"@type\":\"WebPage\",\"@id\":\"https:\/\/www.gaveanews.com\/index.php\/2024\/12\/07\/musica-de-gabigol-recado-de-arrascaeta-e-declaracao-de-varela-as-ultimas-noticias-do-flamengo\/\",\"url\":\"https:\/\/www.gaveanews.com\/index.php\/2024\/12\/07\/musica-de-gabigol-recado-de-arrascaeta-e-declaracao-de-varela-as-ultimas-noticias-do-flamengo\/\",\"name\":\"M\u00fasica de Gabigol, recado de Arrascaeta e declara\u00e7\u00e3o de Varela: as \u00faltimas not\u00edcias do Flamengo\",\"isPartOf\":{\"@id\":\"https:\/\/www.gaveanews.com\/#website\"},\"primaryImageOfPage\":{\"@id\":\"https:\/\/www.gaveanews.com\/index.php\/2024\/12\/07\/musica-de-gabigol-recado-de-arrascaeta-e-declaracao-de-varela-as-ultimas-noticias-do-flamengo\/#primaryimage\"},\"image\":{\"@id\":\"https:\/\/www.gaveanews.com\/index.php\/2024\/12\/07\/musica-de-gabigol-recado-de-arrascaeta-e-declaracao-de-varela-as-ultimas-noticias-do-flamengo\/#primaryimage\"},\"thumbnailUrl\":\"https:\/\/www.gaveanews.com\/wp-content\/uploads\/camisa-flamengo.webp\",\"datePublished\":\"2024-12-07T09:00:00+00:00\",\"author\":{\"@id\":\"https:\/\/www.gaveanews.com\/#\/schema\/person\/8207cd4627f56151707418bfc835b2fb\"},\"breadcrumb\":{\"@id\":\"https:\/\/www.gaveanews.com\/index.php\/2024\/12\/07\/musica-de-gabigol-recado-de-arrascaeta-e-declaracao-de-varela-as-ultimas-noticias-do-flamengo\/#breadcrumb\"},\"inLanguage\":\"pt-BR\",\"potentialAction\":[{\"@type\":\"ReadAction\",\"target\":[\"https:\/\/www.gaveanews.com\/index.php\/2024\/12\/07\/musica-de-gabigol-recado-de-arrascaeta-e-declaracao-de-varela-as-ultimas-noticias-do-flamengo\/\"]}]},{\"@type\":\"ImageObject\",\"inLanguage\":\"pt-BR\",\"@id\":\"https:\/\/www.gaveanews.com\/index.php\/2024\/12\/07\/musica-de-gabigol-recado-de-arrascaeta-e-declaracao-de-varela-as-ultimas-noticias-do-flamengo\/#primaryimage\",\"url\":\"https:\/\/www.gaveanews.com\/wp-content\/uploads\/camisa-flamengo.webp\",\"contentUrl\":\"https:\/\/www.gaveanews.com\/wp-content\/uploads\/camisa-flamengo.webp\",\"width\":483,\"height\":322,\"caption\":\"Escudo do Flamengo (Foto: Reprodu\u00e7\u00e3o)\"},{\"@type\":\"BreadcrumbList\",\"@id\":\"https:\/\/www.gaveanews.com\/index.php\/2024\/12\/07\/musica-de-gabigol-recado-de-arrascaeta-e-declaracao-de-varela-as-ultimas-noticias-do-flamengo\/#breadcrumb\",\"itemListElement\":[{\"@type\":\"ListItem\",\"position\":1,\"name\":\"Home\",\"item\":\"https:\/\/www.gaveanews.com\/\"},{\"@type\":\"ListItem\",\"position\":2,\"name\":\"M\u00fasica de Gabigol, recado de Arrascaeta e declara\u00e7\u00e3o de Varela: as \u00faltimas not\u00edcias do Flamengo\"}]},{\"@type\":\"WebSite\",\"@id\":\"https:\/\/www.gaveanews.com\/#website\",\"url\":\"https:\/\/www.gaveanews.com\/\",\"name\":\"G\u00e1vea News\",\"description\":\"Veja todas as not\u00edcias sobre o Flamengo: Contrata\u00e7\u00f5es, categorias de base, resultados das partidas, tabela de classifica\u00e7\u00e3o, pr\u00f3ximos jogos!\",\"potentialAction\":[{\"@type\":\"SearchAction\",\"target\":{\"@type\":\"EntryPoint\",\"urlTemplate\":\"https:\/\/www.gaveanews.com\/?s={search_term_string}\"},\"query-input\":{\"@type\":\"PropertyValueSpecification\",\"valueRequired\":true,\"valueName\":\"search_term_string\"}}],\"inLanguage\":\"pt-BR\"},{\"@type\":\"Person\",\"@id\":\"https:\/\/www.gaveanews.com\/#\/schema\/person\/8207cd4627f56151707418bfc835b2fb\",\"name\":\"Matheus Felipe\",\"image\":{\"@type\":\"ImageObject\",\"inLanguage\":\"pt-BR\",\"@id\":\"https:\/\/www.gaveanews.com\/#\/schema\/person\/image\/\",\"url\":\"https:\/\/secure.gravatar.com\/avatar\/a452ffbed9130f726358b298bb3a99ce4bd3c5338411f8440e87e14d74c7c087?s=96&d=mm&r=g\",\"contentUrl\":\"https:\/\/secure.gravatar.com\/avatar\/a452ffbed9130f726358b298bb3a99ce4bd3c5338411f8440e87e14d74c7c087?s=96&d=mm&r=g\",\"caption\":\"Matheus Felipe\"}}]}<\/script>\n<!-- \/ Yoast SEO Premium plugin. -->","yoast_head_json":{"title":"M\u00fasica de Gabigol, recado de Arrascaeta e declara\u00e7\u00e3o de Varela: as \u00faltimas not\u00edcias do Flamengo","robots":{"index":"index","follow":"follow","max-snippet":"max-snippet:-1","max-image-preview":"max-image-preview:large","max-video-preview":"max-video-preview:-1"},"canonical":"https:\/\/www.gaveanews.com\/index.php\/2024\/12\/07\/musica-de-gabigol-recado-de-arrascaeta-e-declaracao-de-varela-as-ultimas-noticias-do-flamengo\/","og_locale":"pt_BR","og_type":"article","og_title":"M\u00fasica de Gabigol, recado de Arrascaeta e declara\u00e7\u00e3o de Varela: as \u00faltimas not\u00edcias do Flamengo","og_description":"Nas \u00faltimas horas, o foco das not\u00edcias sobre o Flamengo se concentram nos bastidores do clube, com destaques como o recado de Arrascaeta e declara\u00e7\u00e3o de Varela. Por conta deste contexto, leia abaixo um resumo preparado pela equipe do portal G\u00e1vea News para lhe manter muito bem informado! Declara\u00e7\u00e3o de Varela O lateral-direito Guillermo Varela [&hellip;]","og_url":"https:\/\/www.gaveanews.com\/index.php\/2024\/12\/07\/musica-de-gabigol-recado-de-arrascaeta-e-declaracao-de-varela-as-ultimas-noticias-do-flamengo\/","og_site_name":"G\u00e1vea News","article_publisher":"https:\/\/facebook.com\/gaveaNews\/","article_published_time":"2024-12-07T09:00:00+00:00","og_image":[{"width":483,"height":322,"url":"https:\/\/www.gaveanews.com\/wp-content\/uploads\/camisa-flamengo.webp","type":"image\/webp"}],"author":"Matheus Felipe","twitter_card":"summary_large_image","twitter_misc":{"Escrito por":"Matheus Felipe","Est. tempo de leitura":"4 minutos"},"schema":{"@context":"https:\/\/schema.org","@graph":[{"@type":"NewsArticle","@id":"https:\/\/www.gaveanews.com\/index.php\/2024\/12\/07\/musica-de-gabigol-recado-de-arrascaeta-e-declaracao-de-varela-as-ultimas-noticias-do-flamengo\/#article","isPartOf":{"@id":"https:\/\/www.gaveanews.com\/index.php\/2024\/12\/07\/musica-de-gabigol-recado-de-arrascaeta-e-declaracao-de-varela-as-ultimas-noticias-do-flamengo\/"},"author":{"name":"Matheus Felipe","@id":"https:\/\/www.gaveanews.com\/#\/schema\/person\/8207cd4627f56151707418bfc835b2fb"},"headline":"M\u00fasica de Gabigol, recado de Arrascaeta e declara\u00e7\u00e3o de Varela: as \u00faltimas not\u00edcias do Flamengo","datePublished":"2024-12-07T09:00:00+00:00","mainEntityOfPage":{"@id":"https:\/\/www.gaveanews.com\/index.php\/2024\/12\/07\/musica-de-gabigol-recado-de-arrascaeta-e-declaracao-de-varela-as-ultimas-noticias-do-flamengo\/"},"wordCount":847,"commentCount":0,"image":{"@id":"https:\/\/www.gaveanews.com\/index.php\/2024\/12\/07\/musica-de-gabigol-recado-de-arrascaeta-e-declaracao-de-varela-as-ultimas-noticias-do-flamengo\/#primaryimage"},"thumbnailUrl":"https:\/\/www.gaveanews.com\/wp-content\/uploads\/camisa-flamengo.webp","articleSection":["Flamengo"],"inLanguage":"pt-BR","potentialAction":[{"@type":"CommentAction","name":"Comment","target":["https:\/\/www.gaveanews.com\/index.php\/2024\/12\/07\/musica-de-gabigol-recado-de-arrascaeta-e-declaracao-de-varela-as-ultimas-noticias-do-flamengo\/#respond"]}],"copyrightYear":"2024","copyrightHolder":{"@id":"https:\/\/www.gaveanews.com\/#organization"}},{"@type":"WebPage","@id":"https:\/\/www.gaveanews.com\/index.php\/2024\/12\/07\/musica-de-gabigol-recado-de-arrascaeta-e-declaracao-de-varela-as-ultimas-noticias-do-flamengo\/","url":"https:\/\/www.gaveanews.com\/index.php\/2024\/12\/07\/musica-de-gabigol-recado-de-arrascaeta-e-declaracao-de-varela-as-ultimas-noticias-do-flamengo\/","name":"M\u00fasica de Gabigol, recado de Arrascaeta e declara\u00e7\u00e3o de Varela: as \u00faltimas not\u00edcias do Flamengo","isPartOf":{"@id":"https:\/\/www.gaveanews.com\/#website"},"primaryImageOfPage":{"@id":"https:\/\/www.gaveanews.com\/index.php\/2024\/12\/07\/musica-de-gabigol-recado-de-arrascaeta-e-declaracao-de-varela-as-ultimas-noticias-do-flamengo\/#primaryimage"},"image":{"@id":"https:\/\/www.gaveanews.com\/index.php\/2024\/12\/07\/musica-de-gabigol-recado-de-arrascaeta-e-declaracao-de-varela-as-ultimas-noticias-do-flamengo\/#primaryimage"},"thumbnailUrl":"https:\/\/www.gaveanews.com\/wp-content\/uploads\/camisa-flamengo.webp","datePublished":"2024-12-07T09:00:00+00:00","author":{"@id":"https:\/\/www.gaveanews.com\/#\/schema\/person\/8207cd4627f56151707418bfc835b2fb"},"breadcrumb":{"@id":"https:\/\/www.gaveanews.com\/index.php\/2024\/12\/07\/musica-de-gabigol-recado-de-arrascaeta-e-declaracao-de-varela-as-ultimas-noticias-do-flamengo\/#breadcrumb"},"inLanguage":"pt-BR","potentialAction":[{"@type":"ReadAction","target":["https:\/\/www.gaveanews.com\/index.php\/2024\/12\/07\/musica-de-gabigol-recado-de-arrascaeta-e-declaracao-de-varela-as-ultimas-noticias-do-flamengo\/"]}]},{"@type":"ImageObject","inLanguage":"pt-BR","@id":"https:\/\/www.gaveanews.com\/index.php\/2024\/12\/07\/musica-de-gabigol-recado-de-arrascaeta-e-declaracao-de-varela-as-ultimas-noticias-do-flamengo\/#primaryimage","url":"https:\/\/www.gaveanews.com\/wp-content\/uploads\/camisa-flamengo.webp","contentUrl":"https:\/\/www.gaveanews.com\/wp-content\/uploads\/camisa-flamengo.webp","width":483,"height":322,"caption":"Escudo do Flamengo (Foto: Reprodu\u00e7\u00e3o)"},{"@type":"BreadcrumbList","@id":"https:\/\/www.gaveanews.com\/index.php\/2024\/12\/07\/musica-de-gabigol-recado-de-arrascaeta-e-declaracao-de-varela-as-ultimas-noticias-do-flamengo\/#breadcrumb","itemListElement":[{"@type":"ListItem","position":1,"name":"Home","item":"https:\/\/www.gaveanews.com\/"},{"@type":"ListItem","position":2,"name":"M\u00fasica de Gabigol, recado de Arrascaeta e declara\u00e7\u00e3o de Varela: as \u00faltimas not\u00edcias do Flamengo"}]},{"@type":"WebSite","@id":"https:\/\/www.gaveanews.com\/#website","url":"https:\/\/www.gaveanews.com\/","name":"G\u00e1vea News","description":"Veja todas as not\u00edcias sobre o Flamengo: Contrata\u00e7\u00f5es, categorias de base, resultados das partidas, tabela de classifica\u00e7\u00e3o, pr\u00f3ximos jogos!","potentialAction":[{"@type":"SearchAction","target":{"@type":"EntryPoint","urlTemplate":"https:\/\/www.gaveanews.com\/?s={search_term_string}"},"query-input":{"@type":"PropertyValueSpecification","valueRequired":true,"valueName":"search_term_string"}}],"inLanguage":"pt-BR"},{"@type":"Person","@id":"https:\/\/www.gaveanews.com\/#\/schema\/person\/8207cd4627f56151707418bfc835b2fb","name":"Matheus Felipe","image":{"@type":"ImageObject","inLanguage":"pt-BR","@id":"https:\/\/www.gaveanews.com\/#\/schema\/person\/image\/","url":"https:\/\/secure.gravatar.com\/avatar\/a452ffbed9130f726358b298bb3a99ce4bd3c5338411f8440e87e14d74c7c087?s=96&d=mm&r=g","contentUrl":"https:\/\/secure.gravatar.com\/avatar\/a452ffbed9130f726358b298bb3a99ce4bd3c5338411f8440e87e14d74c7c087?s=96&d=mm&r=g","caption":"Matheus Felipe"}}]}},"_links":{"self":[{"href":"https:\/\/www.gaveanews.com\/index.php\/wp-json\/wp\/v2\/posts\/195417","targetHints":{"allow":["GET"]}}],"collection":[{"href":"https:\/\/www.gaveanews.com\/index.php\/wp-json\/wp\/v2\/posts"}],"about":[{"href":"https:\/\/www.gaveanews.com\/index.php\/wp-json\/wp\/v2\/types\/post"}],"author":[{"embeddable":true,"href":"https:\/\/www.gaveanews.com\/index.php\/wp-json\/wp\/v2\/users\/27"}],"replies":[{"embeddable":true,"href":"https:\/\/www.gaveanews.com\/index.php\/wp-json\/wp\/v2\/comments?post=195417"}],"version-history":[{"count":1,"href":"https:\/\/www.gaveanews.com\/index.php\/wp-json\/wp\/v2\/posts\/195417\/revisions"}],"predecessor-version":[{"id":196046,"href":"https:\/\/www.gaveanews.com\/index.php\/wp-json\/wp\/v2\/posts\/195417\/revisions\/196046"}],"wp:featuredmedia":[{"embeddable":true,"href":"https:\/\/www.gaveanews.com\/index.php\/wp-json\/wp\/v2\/media\/127354"}],"wp:attachment":[{"href":"https:\/\/www.gaveanews.com\/index.php\/wp-json\/wp\/v2\/media?parent=195417"}],"wp:term":[{"taxonomy":"category","embeddable":true,"href":"https:\/\/www.gaveanews.com\/index.php\/wp-json\/wp\/v2\/categories?post=195417"},{"taxonomy":"post_tag","embeddable":true,"href":"https:\/\/www.gaveanews.com\/index.php\/wp-json\/wp\/v2\/tags?post=195417"}],"curies":[{"name":"wp","href":"https:\/\/api.w.org\/{rel}","templated":true}]}}