{"id":195444,"date":"2024-12-06T04:50:00","date_gmt":"2024-12-06T07:50:00","guid":{"rendered":"https:\/\/www.gaveanews.com\/?p=195444"},"modified":"2024-12-05T21:44:57","modified_gmt":"2024-12-06T00:44:57","slug":"chegada-de-tite-futuro-de-reinaldo-e-saida-de-pavon-as-ultimas-noticias-do-gremio","status":"publish","type":"post","link":"https:\/\/www.gaveanews.com\/index.php\/2024\/12\/06\/chegada-de-tite-futuro-de-reinaldo-e-saida-de-pavon-as-ultimas-noticias-do-gremio\/","title":{"rendered":"Chegada de Tite, futuro de Reinaldo e sa\u00edda de Pav\u00f3n: as \u00faltimas not\u00edcias do Gr\u00eamio"},"content":{"rendered":"\n<p>Nas \u00faltimas horas, o foco das not\u00edcias sobre o Gr\u00eamio se concentram nos bastidores do clube, com destaques como a chegada de Tite e o futuro de Reinaldo.<\/p>\n\n\n\n<p>Por conta deste contexto, leia abaixo um resumo preparado pela equipe do portal G\u00e1vea News para lhe manter muito bem informado!<\/p>\n\n\n\n<h2 class=\"wp-block-heading\" id=\"h-saida-de-pavon\">Sa\u00edda de Pav\u00f3n<\/h2>\n\n\n\n<p>O atacante argentino Pav\u00f3n, atualmente no Gr\u00eamio, enfrenta incertezas sobre sua perman\u00eancia no clube para 2025, apesar de ser um dos l\u00edderes em assist\u00eancias do time nesta temporada, com sete passes para gol. Contratado por 3,9 milh\u00f5es de d\u00f3lares, ele possui contrato at\u00e9 dezembro de 2026, mas seu rendimento oscilante, aliado a les\u00f5es, levantou questionamentos sobre o custo-benef\u00edcio de sua manuten\u00e7\u00e3o no elenco (<strong><a href=\"https:\/\/www.gaveanews.com\/index.php\/2024\/12\/05\/apesar-de-ser-um-dos-destaques-ele-pode-deixar-o-gremio\/\">leia a mat\u00e9ria completa).<\/a><\/strong><\/p>\n\n\n\n<figure class=\"wp-block-image size-full\"><img loading=\"lazy\" decoding=\"async\" width=\"984\" height=\"656\" src=\"https:\/\/www.gaveanews.com\/wp-content\/uploads\/Cristian-Pavon-pelo-Gremio.webp\" alt=\"\" class=\"wp-image-169838\" srcset=\"https:\/\/www.gaveanews.com\/wp-content\/uploads\/Cristian-Pavon-pelo-Gremio.webp 984w, https:\/\/www.gaveanews.com\/wp-content\/uploads\/Cristian-Pavon-pelo-Gremio-300x200.webp 300w, https:\/\/www.gaveanews.com\/wp-content\/uploads\/Cristian-Pavon-pelo-Gremio-768x512.webp 768w, https:\/\/www.gaveanews.com\/wp-content\/uploads\/Cristian-Pavon-pelo-Gremio-630x420.webp 630w, https:\/\/www.gaveanews.com\/wp-content\/uploads\/Cristian-Pavon-pelo-Gremio-640x427.webp 640w, https:\/\/www.gaveanews.com\/wp-content\/uploads\/Cristian-Pavon-pelo-Gremio-681x454.webp 681w, https:\/\/www.gaveanews.com\/wp-content\/uploads\/Cristian-Pavon-pelo-Gremio-100x67.webp 100w\" sizes=\"auto, (max-width: 984px) 100vw, 984px\" \/><figcaption class=\"wp-element-caption\">Cristian Pav\u00f3n pelo Gr\u00eamio (Foto: Lucas Uebel\/Gr\u00eamio)<\/figcaption><\/figure>\n\n\n\n<p>Com 35 jogos disputados, tr\u00eas gols e uma assist\u00eancia importante na temporada, Pav\u00f3n contribuiu para o t\u00edtulo do Campeonato Ga\u00facho, mas n\u00e3o conseguiu atingir a regularidade esperada. <\/p>\n\n\n\n<p>O alto sal\u00e1rio do jogador \u00e9 outro ponto que pode pesar na decis\u00e3o da diretoria gremista, especialmente se surgir uma proposta interessante na pr\u00f3xima janela de transfer\u00eancias.<\/p>\n\n\n\n<p>Renato Portaluppi, t\u00e9cnico do Gr\u00eamio, deu mais espa\u00e7o para Pav\u00f3n no recente empate contra o Vit\u00f3ria, e o desempenho do atacante foi elogiado, mostrando sinais de evolu\u00e7\u00e3o. Ainda assim, o futuro do atleta ser\u00e1 definido nos pr\u00f3ximos meses, com possibilidades de sa\u00edda caso o clube decida priorizar outros refor\u00e7os para 2025.<\/p>\n\n\n\n<h2 class=\"wp-block-heading\" id=\"h-futuro-de-reinaldo\">Futuro de Reinaldo<\/h2>\n\n\n\n<p>Ap\u00f3s o empate com o Vit\u00f3ria, o lateral-esquerdo Reinaldo expressou seu desejo de permanecer no Gr\u00eamio para a temporada 2025, apesar das incertezas sobre sua renova\u00e7\u00e3o contratual. Com contrato at\u00e9 o fim do ano, o jogador destacou sua gratid\u00e3o pelo clube e pela torcida. Mesmo diante de sinais de que n\u00e3o estaria nos planos futuros, seus n\u00fameros na temporada, com 45 jogos, seis gols e tr\u00eas assist\u00eancias, podem levar a diretoria a reconsiderar sua perman\u00eancia<strong><a href=\"https:\/\/www.gaveanews.com\/index.php\/2024\/12\/05\/a-declaracao-de-reinaldo-sobre-permanecer-no-gremio\/\"> (leia a mat\u00e9ria completa).<\/a><\/strong><\/p>\n\n\n\n<figure class=\"wp-block-image size-large\"><img loading=\"lazy\" decoding=\"async\" width=\"1024\" height=\"768\" src=\"https:\/\/www.gaveanews.com\/wp-content\/uploads\/Reinaldo-apresentado-pelo-Gremio-1024x768.webp\" alt=\"\" class=\"wp-image-167367\" srcset=\"https:\/\/www.gaveanews.com\/wp-content\/uploads\/Reinaldo-apresentado-pelo-Gremio-1024x768.webp 1024w, https:\/\/www.gaveanews.com\/wp-content\/uploads\/Reinaldo-apresentado-pelo-Gremio-300x225.webp 300w, https:\/\/www.gaveanews.com\/wp-content\/uploads\/Reinaldo-apresentado-pelo-Gremio-768x576.webp 768w, https:\/\/www.gaveanews.com\/wp-content\/uploads\/Reinaldo-apresentado-pelo-Gremio-1536x1152.webp 1536w, https:\/\/www.gaveanews.com\/wp-content\/uploads\/Reinaldo-apresentado-pelo-Gremio-560x420.webp 560w, https:\/\/www.gaveanews.com\/wp-content\/uploads\/Reinaldo-apresentado-pelo-Gremio-1120x840.webp 1120w, https:\/\/www.gaveanews.com\/wp-content\/uploads\/Reinaldo-apresentado-pelo-Gremio-80x60.webp 80w, https:\/\/www.gaveanews.com\/wp-content\/uploads\/Reinaldo-apresentado-pelo-Gremio-160x120.webp 160w, https:\/\/www.gaveanews.com\/wp-content\/uploads\/Reinaldo-apresentado-pelo-Gremio-100x75.webp 100w, https:\/\/www.gaveanews.com\/wp-content\/uploads\/Reinaldo-apresentado-pelo-Gremio-200x150.webp 200w, https:\/\/www.gaveanews.com\/wp-content\/uploads\/Reinaldo-apresentado-pelo-Gremio-180x135.webp 180w, https:\/\/www.gaveanews.com\/wp-content\/uploads\/Reinaldo-apresentado-pelo-Gremio-360x270.webp 360w, https:\/\/www.gaveanews.com\/wp-content\/uploads\/Reinaldo-apresentado-pelo-Gremio-238x178.webp 238w, https:\/\/www.gaveanews.com\/wp-content\/uploads\/Reinaldo-apresentado-pelo-Gremio-476x356.webp 476w, https:\/\/www.gaveanews.com\/wp-content\/uploads\/Reinaldo-apresentado-pelo-Gremio-640x480.webp 640w, https:\/\/www.gaveanews.com\/wp-content\/uploads\/Reinaldo-apresentado-pelo-Gremio-1280x960.webp 1280w, https:\/\/www.gaveanews.com\/wp-content\/uploads\/Reinaldo-apresentado-pelo-Gremio-681x511.webp 681w, https:\/\/www.gaveanews.com\/wp-content\/uploads\/Reinaldo-apresentado-pelo-Gremio-1362x1022.webp 1362w, https:\/\/www.gaveanews.com\/wp-content\/uploads\/Reinaldo-apresentado-pelo-Gremio.webp 1600w\" sizes=\"auto, (max-width: 1024px) 100vw, 1024px\" \/><figcaption class=\"wp-element-caption\">Reinaldo apresentado pelo Gr\u00eamio (Foto: Lucas Uebel\/Gr\u00eamio)<\/figcaption><\/figure>\n\n\n\n<p>O Gr\u00eamio, no entanto, j\u00e1 iniciou uma reformula\u00e7\u00e3o para a pr\u00f3xima temporada. A sa\u00edda de Du Queiroz foi confirmada, e mudan\u00e7as s\u00e3o esperadas na defesa, incluindo a lateral esquerda, setor onde Reinaldo atua. O clube est\u00e1 de olho em Wendell, do Porto, e Marlon, do Cruzeiro, como poss\u00edveis refor\u00e7os, mas enfrenta concorr\u00eancia de outras equipes, incluindo o Internacional.<\/p>\n\n\n\n<p>Al\u00e9m de Reinaldo, o Gr\u00eamio conta atualmente com Mayk para a posi\u00e7\u00e3o, mas ele tamb\u00e9m deve deixar o clube. A busca por uma nova composi\u00e7\u00e3o defensiva reflete os planos de ajuste do time, que visa melhorar sua competitividade em 2025, enquanto avalia as op\u00e7\u00f5es para decidir o futuro de seus atuais jogadores.<\/p>\n\n\n\n<h2 class=\"wp-block-heading\" id=\"h-chegada-de-tite\">Chegada de Tite<\/h2>\n\n\n\n<p>Com o futuro de Renato Ga\u00facho no Gr\u00eamio ainda indefinido, a torcida j\u00e1 come\u00e7a a debater poss\u00edveis substitutos para o treinador. Ap\u00f3s assegurar a perman\u00eancia na S\u00e9rie A, muitos gremistas manifestaram apoio \u00e0 contrata\u00e7\u00e3o de Tite, ex-t\u00e9cnico da Sele\u00e7\u00e3o Brasileira, como o nome ideal para liderar a equipe. Conhecido por sua experi\u00eancia e sucesso anterior no clube, Tite foi apontado como favorito em enquetes, mas outros nomes como Fernando Diniz e Francisco Arce tamb\u00e9m foram mencionados como alternativas <strong><a href=\"https:\/\/www.gaveanews.com\/index.php\/2024\/12\/03\/torcedores-do-gremio-aponta-substituto-ideal-para-renato-gaucho\/\">(leia a mat\u00e9ria completa).<\/a><\/strong><\/p>\n\n\n\n<figure class=\"wp-block-image size-full\"><img loading=\"lazy\" decoding=\"async\" width=\"531\" height=\"429\" src=\"https:\/\/www.gaveanews.com\/wp-content\/uploads\/Tite-concede-entrevista-coletiva.webp\" alt=\"\" class=\"wp-image-170056\" srcset=\"https:\/\/www.gaveanews.com\/wp-content\/uploads\/Tite-concede-entrevista-coletiva.webp 531w, https:\/\/www.gaveanews.com\/wp-content\/uploads\/Tite-concede-entrevista-coletiva-300x242.webp 300w, https:\/\/www.gaveanews.com\/wp-content\/uploads\/Tite-concede-entrevista-coletiva-520x420.webp 520w, https:\/\/www.gaveanews.com\/wp-content\/uploads\/Tite-concede-entrevista-coletiva-100x81.webp 100w\" sizes=\"auto, (max-width: 531px) 100vw, 531px\" \/><figcaption class=\"wp-element-caption\">Tite concede entrevista coletiva (Foto: Reprodu\u00e7\u00e3o\/FlaTV)<\/figcaption><\/figure>\n\n\n\n<p>Renato Ga\u00facho declarou que discutir\u00e1 sua renova\u00e7\u00e3o com o presidente Alberto Guerra ap\u00f3s garantir os pontos necess\u00e1rios contra o rebaixamento. Enquanto isso, a torcida expressa insatisfa\u00e7\u00e3o com a atual gest\u00e3o t\u00e9cnica, buscando uma mudan\u00e7a que possa trazer maior competitividade ao time. A poss\u00edvel chegada de Tite tamb\u00e9m est\u00e1 associada a novos projetos, como a sugest\u00e3o da contrata\u00e7\u00e3o do colombiano Juan Quintero.<\/p>\n\n\n\n<p>Ainda que parte da torcida acredite na perman\u00eancia de Renato por mais uma temporada, a ideia de renova\u00e7\u00e3o ganha for\u00e7a entre os gremistas. As pr\u00f3ximas semanas ser\u00e3o cruciais para definir o futuro do Gr\u00eamio, tanto no comando t\u00e9cnico quanto na constru\u00e7\u00e3o do elenco para 2025.<\/p>\n","protected":false},"excerpt":{"rendered":"<p>Nas \u00faltimas horas, o foco das not\u00edcias sobre o Gr\u00eamio se concentram nos bastidores do clube, com destaques como a chegada de Tite e o futuro de Reinaldo. Por conta deste contexto, leia abaixo um resumo preparado pela equipe do portal G\u00e1vea News para lhe manter muito bem informado! Sa\u00edda de Pav\u00f3n O atacante argentino [&hellip;]<\/p>\n","protected":false},"author":27,"featured_media":165925,"comment_status":"open","ping_status":"closed","sticky":false,"template":"","format":"standard","meta":{"footnotes":""},"categories":[147],"tags":[],"class_list":["post-195444","post","type-post","status-publish","format-standard","has-post-thumbnail","hentry","category-gremio"],"yoast_head":"<!-- This site is optimized with the Yoast SEO Premium plugin v24.2 (Yoast SEO v26.9) - https:\/\/yoast.com\/product\/yoast-seo-premium-wordpress\/ -->\n<title>Chegada de Tite, futuro de Reinaldo e sa\u00edda de Pav\u00f3n: as \u00faltimas not\u00edcias do Gr\u00eamio<\/title>\n<meta name=\"robots\" content=\"index, follow, max-snippet:-1, max-image-preview:large, max-video-preview:-1\" \/>\n<link rel=\"canonical\" href=\"https:\/\/www.gaveanews.com\/index.php\/2024\/12\/06\/chegada-de-tite-futuro-de-reinaldo-e-saida-de-pavon-as-ultimas-noticias-do-gremio\/\" \/>\n<meta property=\"og:locale\" content=\"pt_BR\" \/>\n<meta property=\"og:type\" content=\"article\" \/>\n<meta property=\"og:title\" content=\"Chegada de Tite, futuro de Reinaldo e sa\u00edda de Pav\u00f3n: as \u00faltimas not\u00edcias do Gr\u00eamio\" \/>\n<meta property=\"og:description\" content=\"Nas \u00faltimas horas, o foco das not\u00edcias sobre o Gr\u00eamio se concentram nos bastidores do clube, com destaques como a chegada de Tite e o futuro de Reinaldo. Por conta deste contexto, leia abaixo um resumo preparado pela equipe do portal G\u00e1vea News para lhe manter muito bem informado! Sa\u00edda de Pav\u00f3n O atacante argentino [&hellip;]\" \/>\n<meta property=\"og:url\" content=\"https:\/\/www.gaveanews.com\/index.php\/2024\/12\/06\/chegada-de-tite-futuro-de-reinaldo-e-saida-de-pavon-as-ultimas-noticias-do-gremio\/\" \/>\n<meta property=\"og:site_name\" content=\"G\u00e1vea News\" \/>\n<meta property=\"article:publisher\" content=\"https:\/\/facebook.com\/gaveaNews\/\" \/>\n<meta property=\"article:published_time\" content=\"2024-12-06T07:50:00+00:00\" \/>\n<meta property=\"og:image\" content=\"https:\/\/www.gaveanews.com\/wp-content\/uploads\/Bandeira-do-Gremio.webp\" \/>\n\t<meta property=\"og:image:width\" content=\"1043\" \/>\n\t<meta property=\"og:image:height\" content=\"695\" \/>\n\t<meta property=\"og:image:type\" content=\"image\/webp\" \/>\n<meta name=\"author\" content=\"Matheus Felipe\" \/>\n<meta name=\"twitter:card\" content=\"summary_large_image\" \/>\n<meta name=\"twitter:label1\" content=\"Escrito por\" \/>\n\t<meta name=\"twitter:data1\" content=\"Matheus Felipe\" \/>\n\t<meta name=\"twitter:label2\" content=\"Est. tempo de leitura\" \/>\n\t<meta name=\"twitter:data2\" content=\"5 minutos\" \/>\n<script type=\"application\/ld+json\" class=\"yoast-schema-graph\">{\"@context\":\"https:\/\/schema.org\",\"@graph\":[{\"@type\":\"NewsArticle\",\"@id\":\"https:\/\/www.gaveanews.com\/index.php\/2024\/12\/06\/chegada-de-tite-futuro-de-reinaldo-e-saida-de-pavon-as-ultimas-noticias-do-gremio\/#article\",\"isPartOf\":{\"@id\":\"https:\/\/www.gaveanews.com\/index.php\/2024\/12\/06\/chegada-de-tite-futuro-de-reinaldo-e-saida-de-pavon-as-ultimas-noticias-do-gremio\/\"},\"author\":{\"name\":\"Matheus Felipe\",\"@id\":\"https:\/\/www.gaveanews.com\/#\/schema\/person\/8207cd4627f56151707418bfc835b2fb\"},\"headline\":\"Chegada de Tite, futuro de Reinaldo e sa\u00edda de Pav\u00f3n: as \u00faltimas not\u00edcias do Gr\u00eamio\",\"datePublished\":\"2024-12-06T07:50:00+00:00\",\"mainEntityOfPage\":{\"@id\":\"https:\/\/www.gaveanews.com\/index.php\/2024\/12\/06\/chegada-de-tite-futuro-de-reinaldo-e-saida-de-pavon-as-ultimas-noticias-do-gremio\/\"},\"wordCount\":738,\"commentCount\":0,\"image\":{\"@id\":\"https:\/\/www.gaveanews.com\/index.php\/2024\/12\/06\/chegada-de-tite-futuro-de-reinaldo-e-saida-de-pavon-as-ultimas-noticias-do-gremio\/#primaryimage\"},\"thumbnailUrl\":\"https:\/\/www.gaveanews.com\/wp-content\/uploads\/Bandeira-do-Gremio.webp\",\"articleSection\":[\"Gr\u00eamio\"],\"inLanguage\":\"pt-BR\",\"potentialAction\":[{\"@type\":\"CommentAction\",\"name\":\"Comment\",\"target\":[\"https:\/\/www.gaveanews.com\/index.php\/2024\/12\/06\/chegada-de-tite-futuro-de-reinaldo-e-saida-de-pavon-as-ultimas-noticias-do-gremio\/#respond\"]}],\"copyrightYear\":\"2024\",\"copyrightHolder\":{\"@id\":\"https:\/\/www.gaveanews.com\/#organization\"}},{\"@type\":\"WebPage\",\"@id\":\"https:\/\/www.gaveanews.com\/index.php\/2024\/12\/06\/chegada-de-tite-futuro-de-reinaldo-e-saida-de-pavon-as-ultimas-noticias-do-gremio\/\",\"url\":\"https:\/\/www.gaveanews.com\/index.php\/2024\/12\/06\/chegada-de-tite-futuro-de-reinaldo-e-saida-de-pavon-as-ultimas-noticias-do-gremio\/\",\"name\":\"Chegada de Tite, futuro de Reinaldo e sa\u00edda de Pav\u00f3n: as \u00faltimas not\u00edcias do Gr\u00eamio\",\"isPartOf\":{\"@id\":\"https:\/\/www.gaveanews.com\/#website\"},\"primaryImageOfPage\":{\"@id\":\"https:\/\/www.gaveanews.com\/index.php\/2024\/12\/06\/chegada-de-tite-futuro-de-reinaldo-e-saida-de-pavon-as-ultimas-noticias-do-gremio\/#primaryimage\"},\"image\":{\"@id\":\"https:\/\/www.gaveanews.com\/index.php\/2024\/12\/06\/chegada-de-tite-futuro-de-reinaldo-e-saida-de-pavon-as-ultimas-noticias-do-gremio\/#primaryimage\"},\"thumbnailUrl\":\"https:\/\/www.gaveanews.com\/wp-content\/uploads\/Bandeira-do-Gremio.webp\",\"datePublished\":\"2024-12-06T07:50:00+00:00\",\"author\":{\"@id\":\"https:\/\/www.gaveanews.com\/#\/schema\/person\/8207cd4627f56151707418bfc835b2fb\"},\"breadcrumb\":{\"@id\":\"https:\/\/www.gaveanews.com\/index.php\/2024\/12\/06\/chegada-de-tite-futuro-de-reinaldo-e-saida-de-pavon-as-ultimas-noticias-do-gremio\/#breadcrumb\"},\"inLanguage\":\"pt-BR\",\"potentialAction\":[{\"@type\":\"ReadAction\",\"target\":[\"https:\/\/www.gaveanews.com\/index.php\/2024\/12\/06\/chegada-de-tite-futuro-de-reinaldo-e-saida-de-pavon-as-ultimas-noticias-do-gremio\/\"]}]},{\"@type\":\"ImageObject\",\"inLanguage\":\"pt-BR\",\"@id\":\"https:\/\/www.gaveanews.com\/index.php\/2024\/12\/06\/chegada-de-tite-futuro-de-reinaldo-e-saida-de-pavon-as-ultimas-noticias-do-gremio\/#primaryimage\",\"url\":\"https:\/\/www.gaveanews.com\/wp-content\/uploads\/Bandeira-do-Gremio.webp\",\"contentUrl\":\"https:\/\/www.gaveanews.com\/wp-content\/uploads\/Bandeira-do-Gremio.webp\",\"width\":1043,\"height\":695,\"caption\":\"Bandeira do Gr\u00eamio (Foto: Reprodu\u00e7\u00e3o\/Gr\u00eamio)\"},{\"@type\":\"BreadcrumbList\",\"@id\":\"https:\/\/www.gaveanews.com\/index.php\/2024\/12\/06\/chegada-de-tite-futuro-de-reinaldo-e-saida-de-pavon-as-ultimas-noticias-do-gremio\/#breadcrumb\",\"itemListElement\":[{\"@type\":\"ListItem\",\"position\":1,\"name\":\"Home\",\"item\":\"https:\/\/www.gaveanews.com\/\"},{\"@type\":\"ListItem\",\"position\":2,\"name\":\"Chegada de Tite, futuro de Reinaldo e sa\u00edda de Pav\u00f3n: as \u00faltimas not\u00edcias do Gr\u00eamio\"}]},{\"@type\":\"WebSite\",\"@id\":\"https:\/\/www.gaveanews.com\/#website\",\"url\":\"https:\/\/www.gaveanews.com\/\",\"name\":\"G\u00e1vea News\",\"description\":\"Veja todas as not\u00edcias sobre o Flamengo: Contrata\u00e7\u00f5es, categorias de base, resultados das partidas, tabela de classifica\u00e7\u00e3o, pr\u00f3ximos jogos!\",\"potentialAction\":[{\"@type\":\"SearchAction\",\"target\":{\"@type\":\"EntryPoint\",\"urlTemplate\":\"https:\/\/www.gaveanews.com\/?s={search_term_string}\"},\"query-input\":{\"@type\":\"PropertyValueSpecification\",\"valueRequired\":true,\"valueName\":\"search_term_string\"}}],\"inLanguage\":\"pt-BR\"},{\"@type\":\"Person\",\"@id\":\"https:\/\/www.gaveanews.com\/#\/schema\/person\/8207cd4627f56151707418bfc835b2fb\",\"name\":\"Matheus Felipe\",\"image\":{\"@type\":\"ImageObject\",\"inLanguage\":\"pt-BR\",\"@id\":\"https:\/\/www.gaveanews.com\/#\/schema\/person\/image\/\",\"url\":\"https:\/\/secure.gravatar.com\/avatar\/a452ffbed9130f726358b298bb3a99ce4bd3c5338411f8440e87e14d74c7c087?s=96&d=mm&r=g\",\"contentUrl\":\"https:\/\/secure.gravatar.com\/avatar\/a452ffbed9130f726358b298bb3a99ce4bd3c5338411f8440e87e14d74c7c087?s=96&d=mm&r=g\",\"caption\":\"Matheus Felipe\"}}]}<\/script>\n<!-- \/ Yoast SEO Premium plugin. -->","yoast_head_json":{"title":"Chegada de Tite, futuro de Reinaldo e sa\u00edda de Pav\u00f3n: as \u00faltimas not\u00edcias do Gr\u00eamio","robots":{"index":"index","follow":"follow","max-snippet":"max-snippet:-1","max-image-preview":"max-image-preview:large","max-video-preview":"max-video-preview:-1"},"canonical":"https:\/\/www.gaveanews.com\/index.php\/2024\/12\/06\/chegada-de-tite-futuro-de-reinaldo-e-saida-de-pavon-as-ultimas-noticias-do-gremio\/","og_locale":"pt_BR","og_type":"article","og_title":"Chegada de Tite, futuro de Reinaldo e sa\u00edda de Pav\u00f3n: as \u00faltimas not\u00edcias do Gr\u00eamio","og_description":"Nas \u00faltimas horas, o foco das not\u00edcias sobre o Gr\u00eamio se concentram nos bastidores do clube, com destaques como a chegada de Tite e o futuro de Reinaldo. Por conta deste contexto, leia abaixo um resumo preparado pela equipe do portal G\u00e1vea News para lhe manter muito bem informado! Sa\u00edda de Pav\u00f3n O atacante argentino [&hellip;]","og_url":"https:\/\/www.gaveanews.com\/index.php\/2024\/12\/06\/chegada-de-tite-futuro-de-reinaldo-e-saida-de-pavon-as-ultimas-noticias-do-gremio\/","og_site_name":"G\u00e1vea News","article_publisher":"https:\/\/facebook.com\/gaveaNews\/","article_published_time":"2024-12-06T07:50:00+00:00","og_image":[{"width":1043,"height":695,"url":"https:\/\/www.gaveanews.com\/wp-content\/uploads\/Bandeira-do-Gremio.webp","type":"image\/webp"}],"author":"Matheus Felipe","twitter_card":"summary_large_image","twitter_misc":{"Escrito por":"Matheus Felipe","Est. tempo de leitura":"5 minutos"},"schema":{"@context":"https:\/\/schema.org","@graph":[{"@type":"NewsArticle","@id":"https:\/\/www.gaveanews.com\/index.php\/2024\/12\/06\/chegada-de-tite-futuro-de-reinaldo-e-saida-de-pavon-as-ultimas-noticias-do-gremio\/#article","isPartOf":{"@id":"https:\/\/www.gaveanews.com\/index.php\/2024\/12\/06\/chegada-de-tite-futuro-de-reinaldo-e-saida-de-pavon-as-ultimas-noticias-do-gremio\/"},"author":{"name":"Matheus Felipe","@id":"https:\/\/www.gaveanews.com\/#\/schema\/person\/8207cd4627f56151707418bfc835b2fb"},"headline":"Chegada de Tite, futuro de Reinaldo e sa\u00edda de Pav\u00f3n: as \u00faltimas not\u00edcias do Gr\u00eamio","datePublished":"2024-12-06T07:50:00+00:00","mainEntityOfPage":{"@id":"https:\/\/www.gaveanews.com\/index.php\/2024\/12\/06\/chegada-de-tite-futuro-de-reinaldo-e-saida-de-pavon-as-ultimas-noticias-do-gremio\/"},"wordCount":738,"commentCount":0,"image":{"@id":"https:\/\/www.gaveanews.com\/index.php\/2024\/12\/06\/chegada-de-tite-futuro-de-reinaldo-e-saida-de-pavon-as-ultimas-noticias-do-gremio\/#primaryimage"},"thumbnailUrl":"https:\/\/www.gaveanews.com\/wp-content\/uploads\/Bandeira-do-Gremio.webp","articleSection":["Gr\u00eamio"],"inLanguage":"pt-BR","potentialAction":[{"@type":"CommentAction","name":"Comment","target":["https:\/\/www.gaveanews.com\/index.php\/2024\/12\/06\/chegada-de-tite-futuro-de-reinaldo-e-saida-de-pavon-as-ultimas-noticias-do-gremio\/#respond"]}],"copyrightYear":"2024","copyrightHolder":{"@id":"https:\/\/www.gaveanews.com\/#organization"}},{"@type":"WebPage","@id":"https:\/\/www.gaveanews.com\/index.php\/2024\/12\/06\/chegada-de-tite-futuro-de-reinaldo-e-saida-de-pavon-as-ultimas-noticias-do-gremio\/","url":"https:\/\/www.gaveanews.com\/index.php\/2024\/12\/06\/chegada-de-tite-futuro-de-reinaldo-e-saida-de-pavon-as-ultimas-noticias-do-gremio\/","name":"Chegada de Tite, futuro de Reinaldo e sa\u00edda de Pav\u00f3n: as \u00faltimas not\u00edcias do Gr\u00eamio","isPartOf":{"@id":"https:\/\/www.gaveanews.com\/#website"},"primaryImageOfPage":{"@id":"https:\/\/www.gaveanews.com\/index.php\/2024\/12\/06\/chegada-de-tite-futuro-de-reinaldo-e-saida-de-pavon-as-ultimas-noticias-do-gremio\/#primaryimage"},"image":{"@id":"https:\/\/www.gaveanews.com\/index.php\/2024\/12\/06\/chegada-de-tite-futuro-de-reinaldo-e-saida-de-pavon-as-ultimas-noticias-do-gremio\/#primaryimage"},"thumbnailUrl":"https:\/\/www.gaveanews.com\/wp-content\/uploads\/Bandeira-do-Gremio.webp","datePublished":"2024-12-06T07:50:00+00:00","author":{"@id":"https:\/\/www.gaveanews.com\/#\/schema\/person\/8207cd4627f56151707418bfc835b2fb"},"breadcrumb":{"@id":"https:\/\/www.gaveanews.com\/index.php\/2024\/12\/06\/chegada-de-tite-futuro-de-reinaldo-e-saida-de-pavon-as-ultimas-noticias-do-gremio\/#breadcrumb"},"inLanguage":"pt-BR","potentialAction":[{"@type":"ReadAction","target":["https:\/\/www.gaveanews.com\/index.php\/2024\/12\/06\/chegada-de-tite-futuro-de-reinaldo-e-saida-de-pavon-as-ultimas-noticias-do-gremio\/"]}]},{"@type":"ImageObject","inLanguage":"pt-BR","@id":"https:\/\/www.gaveanews.com\/index.php\/2024\/12\/06\/chegada-de-tite-futuro-de-reinaldo-e-saida-de-pavon-as-ultimas-noticias-do-gremio\/#primaryimage","url":"https:\/\/www.gaveanews.com\/wp-content\/uploads\/Bandeira-do-Gremio.webp","contentUrl":"https:\/\/www.gaveanews.com\/wp-content\/uploads\/Bandeira-do-Gremio.webp","width":1043,"height":695,"caption":"Bandeira do Gr\u00eamio (Foto: Reprodu\u00e7\u00e3o\/Gr\u00eamio)"},{"@type":"BreadcrumbList","@id":"https:\/\/www.gaveanews.com\/index.php\/2024\/12\/06\/chegada-de-tite-futuro-de-reinaldo-e-saida-de-pavon-as-ultimas-noticias-do-gremio\/#breadcrumb","itemListElement":[{"@type":"ListItem","position":1,"name":"Home","item":"https:\/\/www.gaveanews.com\/"},{"@type":"ListItem","position":2,"name":"Chegada de Tite, futuro de Reinaldo e sa\u00edda de Pav\u00f3n: as \u00faltimas not\u00edcias do Gr\u00eamio"}]},{"@type":"WebSite","@id":"https:\/\/www.gaveanews.com\/#website","url":"https:\/\/www.gaveanews.com\/","name":"G\u00e1vea News","description":"Veja todas as not\u00edcias sobre o Flamengo: Contrata\u00e7\u00f5es, categorias de base, resultados das partidas, tabela de classifica\u00e7\u00e3o, pr\u00f3ximos jogos!","potentialAction":[{"@type":"SearchAction","target":{"@type":"EntryPoint","urlTemplate":"https:\/\/www.gaveanews.com\/?s={search_term_string}"},"query-input":{"@type":"PropertyValueSpecification","valueRequired":true,"valueName":"search_term_string"}}],"inLanguage":"pt-BR"},{"@type":"Person","@id":"https:\/\/www.gaveanews.com\/#\/schema\/person\/8207cd4627f56151707418bfc835b2fb","name":"Matheus Felipe","image":{"@type":"ImageObject","inLanguage":"pt-BR","@id":"https:\/\/www.gaveanews.com\/#\/schema\/person\/image\/","url":"https:\/\/secure.gravatar.com\/avatar\/a452ffbed9130f726358b298bb3a99ce4bd3c5338411f8440e87e14d74c7c087?s=96&d=mm&r=g","contentUrl":"https:\/\/secure.gravatar.com\/avatar\/a452ffbed9130f726358b298bb3a99ce4bd3c5338411f8440e87e14d74c7c087?s=96&d=mm&r=g","caption":"Matheus Felipe"}}]}},"_links":{"self":[{"href":"https:\/\/www.gaveanews.com\/index.php\/wp-json\/wp\/v2\/posts\/195444","targetHints":{"allow":["GET"]}}],"collection":[{"href":"https:\/\/www.gaveanews.com\/index.php\/wp-json\/wp\/v2\/posts"}],"about":[{"href":"https:\/\/www.gaveanews.com\/index.php\/wp-json\/wp\/v2\/types\/post"}],"author":[{"embeddable":true,"href":"https:\/\/www.gaveanews.com\/index.php\/wp-json\/wp\/v2\/users\/27"}],"replies":[{"embeddable":true,"href":"https:\/\/www.gaveanews.com\/index.php\/wp-json\/wp\/v2\/comments?post=195444"}],"version-history":[{"count":1,"href":"https:\/\/www.gaveanews.com\/index.php\/wp-json\/wp\/v2\/posts\/195444\/revisions"}],"predecessor-version":[{"id":195449,"href":"https:\/\/www.gaveanews.com\/index.php\/wp-json\/wp\/v2\/posts\/195444\/revisions\/195449"}],"wp:featuredmedia":[{"embeddable":true,"href":"https:\/\/www.gaveanews.com\/index.php\/wp-json\/wp\/v2\/media\/165925"}],"wp:attachment":[{"href":"https:\/\/www.gaveanews.com\/index.php\/wp-json\/wp\/v2\/media?parent=195444"}],"wp:term":[{"taxonomy":"category","embeddable":true,"href":"https:\/\/www.gaveanews.com\/index.php\/wp-json\/wp\/v2\/categories?post=195444"},{"taxonomy":"post_tag","embeddable":true,"href":"https:\/\/www.gaveanews.com\/index.php\/wp-json\/wp\/v2\/tags?post=195444"}],"curies":[{"name":"wp","href":"https:\/\/api.w.org\/{rel}","templated":true}]}}