{"id":195551,"date":"2024-12-06T05:20:00","date_gmt":"2024-12-06T08:20:00","guid":{"rendered":"https:\/\/www.gaveanews.com\/?p=195551"},"modified":"2024-12-06T02:50:25","modified_gmt":"2024-12-06T05:50:25","slug":"gabriel-pec-na-europa-declaracao-de-evangelos-marinakis-e-recado-de-philippe-coutinho-as-ultimas-noticias-do-vasco","status":"publish","type":"post","link":"https:\/\/www.gaveanews.com\/index.php\/2024\/12\/06\/gabriel-pec-na-europa-declaracao-de-evangelos-marinakis-e-recado-de-philippe-coutinho-as-ultimas-noticias-do-vasco\/","title":{"rendered":"Gabriel Pec na Europa, declara\u00e7\u00e3o de Evangelos Marinakis e recado de Philippe Coutinho: as \u00faltimas not\u00edcias do Vasco"},"content":{"rendered":"\n<p>Nas \u00faltimas horas, o foco das not\u00edcias sobre o Vasco se concentram nos bastidores do clube, com destaques como a declara\u00e7\u00e3o do Grego e o recado de Philippe Coutinho.<\/p>\n\n\n\n<p>Por conta deste contexto, leia abaixo um resumo preparado pela equipe do portal G\u00e1vea News para lhe manter muito bem informado!<\/p>\n\n\n\n<h2 class=\"wp-block-heading\" id=\"h-recado-de-coutinho\">Recado de Coutinho<\/h2>\n\n\n\n<p>Philippe Coutinho foi o destaque na vit\u00f3ria do Vasco por 2 a 0 contra o Atl\u00e9tico-MG, que garantiu ao time uma vaga na Copa Sul-Americana de 2025 e encerrou um jejum de cinco partidas sem vencer. Ap\u00f3s o jogo, o meia ressaltou a import\u00e2ncia do triunfo em S\u00e3o Janu\u00e1rio para encerrar o ano com uma imagem positiva e projetou um futuro promissor para o clube na pr\u00f3xima temporada <strong><a href=\"https:\/\/www.gaveanews.com\/index.php\/2024\/12\/05\/a-declaracao-de-philippe-coutinho-sobre-2025-do-vasco\/\">(leia a mat\u00e9ria completa).<\/a><\/strong><\/p>\n\n\n\n<figure class=\"wp-block-image size-large\"><img loading=\"lazy\" decoding=\"async\" width=\"1024\" height=\"768\" src=\"https:\/\/www.gaveanews.com\/wp-content\/uploads\/Philippe-Coutinho-em-acao-pelo-Vasco-1024x768.webp\" alt=\"\" class=\"wp-image-151729\" srcset=\"https:\/\/www.gaveanews.com\/wp-content\/uploads\/Philippe-Coutinho-em-acao-pelo-Vasco-1024x768.webp 1024w, https:\/\/www.gaveanews.com\/wp-content\/uploads\/Philippe-Coutinho-em-acao-pelo-Vasco-300x225.webp 300w, https:\/\/www.gaveanews.com\/wp-content\/uploads\/Philippe-Coutinho-em-acao-pelo-Vasco-768x576.webp 768w, https:\/\/www.gaveanews.com\/wp-content\/uploads\/Philippe-Coutinho-em-acao-pelo-Vasco-560x420.webp 560w, https:\/\/www.gaveanews.com\/wp-content\/uploads\/Philippe-Coutinho-em-acao-pelo-Vasco-80x60.webp 80w, https:\/\/www.gaveanews.com\/wp-content\/uploads\/Philippe-Coutinho-em-acao-pelo-Vasco-160x120.webp 160w, https:\/\/www.gaveanews.com\/wp-content\/uploads\/Philippe-Coutinho-em-acao-pelo-Vasco-100x75.webp 100w, https:\/\/www.gaveanews.com\/wp-content\/uploads\/Philippe-Coutinho-em-acao-pelo-Vasco-200x150.webp 200w, https:\/\/www.gaveanews.com\/wp-content\/uploads\/Philippe-Coutinho-em-acao-pelo-Vasco-180x135.webp 180w, https:\/\/www.gaveanews.com\/wp-content\/uploads\/Philippe-Coutinho-em-acao-pelo-Vasco-360x270.webp 360w, https:\/\/www.gaveanews.com\/wp-content\/uploads\/Philippe-Coutinho-em-acao-pelo-Vasco-238x178.webp 238w, https:\/\/www.gaveanews.com\/wp-content\/uploads\/Philippe-Coutinho-em-acao-pelo-Vasco-476x356.webp 476w, https:\/\/www.gaveanews.com\/wp-content\/uploads\/Philippe-Coutinho-em-acao-pelo-Vasco-640x480.webp 640w, https:\/\/www.gaveanews.com\/wp-content\/uploads\/Philippe-Coutinho-em-acao-pelo-Vasco-681x511.webp 681w, https:\/\/www.gaveanews.com\/wp-content\/uploads\/Philippe-Coutinho-em-acao-pelo-Vasco.webp 1080w\" sizes=\"auto, (max-width: 1024px) 100vw, 1024px\" \/><figcaption class=\"wp-element-caption\">Philippe Coutinho em a\u00e7\u00e3o pelo Vasco (Foto: Reprodu\u00e7\u00e3o\/Vasco)<\/figcaption><\/figure>\n\n\n\n<p>O gol marcado por Coutinho no confronto foi o primeiro em casa desde 2010, refor\u00e7ando sua reconex\u00e3o com a torcida vasca\u00edna. <\/p>\n\n\n\n<p>Ele destacou o esfor\u00e7o do elenco em superar um momento dif\u00edcil e comemorou a classifica\u00e7\u00e3o para a competi\u00e7\u00e3o continental, que simboliza um passo importante na reconstru\u00e7\u00e3o do Vasco sob o comando de Felipe Maestro.<\/p>\n\n\n\n<p>Para Coutinho, a vit\u00f3ria contra um advers\u00e1rio direto na tabela foi fundamental para renovar as expectativas do time e dos torcedores. Ele reafirmou o compromisso do elenco em buscar resultados melhores em 2025, alinhando-se ao objetivo do clube de voltar a disputar competi\u00e7\u00f5es de alto n\u00edvel com mais protagonismo.<\/p>\n\n\n\n<h2 class=\"wp-block-heading\" id=\"h-declaracao-de-evangelos-marinakis\">Declara\u00e7\u00e3o de Evangelos Marinakis<\/h2>\n\n\n\n<p>Evangelos Marinakis, empres\u00e1rio grego e dono de clubes como Olympiacos (Gr\u00e9cia) e Nottingham Forest (Inglaterra), confirmou em entrevista \u00e0 Sky Sports seu interesse em adquirir o Vasco da Gama. Conhecido por sua gest\u00e3o ativa e investimentos robustos, Marinakis destacou a import\u00e2ncia da tradi\u00e7\u00e3o e do impacto social em suas aquisi\u00e7\u00f5es no mundo do futebol. Para ele, os clubes pertencem aos torcedores, e seu envolvimento vai al\u00e9m de quest\u00f5es comerciais <strong><a href=\"https:\/\/www.gaveanews.com\/index.php\/2024\/12\/05\/a-declaracao-de-evangelos-marinakis-sobre-a-compra-do-vasco\/\">(leia a mat\u00e9ria completa).<\/a><\/strong><\/p>\n\n\n\n<figure class=\"wp-block-image size-full\"><img loading=\"lazy\" decoding=\"async\" width=\"915\" height=\"585\" src=\"https:\/\/www.gaveanews.com\/wp-content\/uploads\/Evangelos-Marinakis-magnata-bilionario.webp\" alt=\"\" class=\"wp-image-194527\" srcset=\"https:\/\/www.gaveanews.com\/wp-content\/uploads\/Evangelos-Marinakis-magnata-bilionario.webp 915w, https:\/\/www.gaveanews.com\/wp-content\/uploads\/Evangelos-Marinakis-magnata-bilionario-300x192.webp 300w, https:\/\/www.gaveanews.com\/wp-content\/uploads\/Evangelos-Marinakis-magnata-bilionario-768x491.webp 768w, https:\/\/www.gaveanews.com\/wp-content\/uploads\/Evangelos-Marinakis-magnata-bilionario-657x420.webp 657w, https:\/\/www.gaveanews.com\/wp-content\/uploads\/Evangelos-Marinakis-magnata-bilionario-640x409.webp 640w, https:\/\/www.gaveanews.com\/wp-content\/uploads\/Evangelos-Marinakis-magnata-bilionario-681x435.webp 681w, https:\/\/www.gaveanews.com\/wp-content\/uploads\/Evangelos-Marinakis-magnata-bilionario-100x64.webp 100w\" sizes=\"auto, (max-width: 915px) 100vw, 915px\" \/><figcaption class=\"wp-element-caption\">Evangelos Marinakis, magnata bilion\u00e1rio (Foto: Reprodu\u00e7\u00e3o\/Instagram)<\/figcaption><\/figure>\n\n\n\n<p>A negocia\u00e7\u00e3o ainda est\u00e1 em fase inicial, mas Marinakis tem se destacado por seu estilo de administra\u00e7\u00e3o, que combina moderniza\u00e7\u00e3o estrutural, investimentos em elencos e causas sociais. No Olympiacos, ele transformou o clube em uma pot\u00eancia nacional. No Nottingham Forest, ajudou no retorno \u00e0 Premier League ap\u00f3s 23 anos, modernizando instala\u00e7\u00f5es e promovendo iniciativas sociais e culturais.<\/p>\n\n\n\n<p>O Vasco, por sua vez, mant\u00e9m cautela, ap\u00f3s experi\u00eancias frustradas com outros investidores, como a 777 Partners. O clube tamb\u00e9m est\u00e1 em di\u00e1logo com outros grupos, incluindo investidores italianos, \u00e1rabes e norte-americanos. A concretiza\u00e7\u00e3o do acordo com Marinakis pode marcar uma nova era para o clube carioca, unindo tradi\u00e7\u00e3o e moderniza\u00e7\u00e3o no cen\u00e1rio do futebol brasileiro.<\/p>\n\n\n\n<h2 class=\"wp-block-heading\" id=\"h-gabriel-pec-na-europa\">Gabriel Pec na Europa<\/h2>\n\n\n\n<p>Gabriel Pec, revelado pelo Vasco da Gama e atualmente no Los Angeles Galaxy, est\u00e1 atraindo interesse de gigantes europeus como Liverpool, Arsenal, Newcastle, Atl\u00e9tico de Madrid e Inter de Mil\u00e3o. Ap\u00f3s uma temporada de destaque na MLS, onde contribuiu com 21 gols e 19 assist\u00eancias em 40 jogos, o atacante pode movimentar cifras milion\u00e1rias na pr\u00f3xima janela de transfer\u00eancias. Com contrato at\u00e9 2028, sua sa\u00edda depende do pagamento da multa rescis\u00f3ria <strong><a href=\"https:\/\/www.gaveanews.com\/index.php\/2024\/12\/05\/cria-do-vasco-entra-na-mira-de-times-da-premier-league\/\">(leia a mat\u00e9ria completa).<\/a><\/strong><\/p>\n\n\n\n<figure class=\"wp-block-image size-large\"><img loading=\"lazy\" decoding=\"async\" width=\"1024\" height=\"682\" src=\"https:\/\/www.gaveanews.com\/wp-content\/uploads\/Gabriel-Pec-Los-Angeles-Galaxy-MLS-1-1024x682.webp\" alt=\"\" class=\"wp-image-141632\" srcset=\"https:\/\/www.gaveanews.com\/wp-content\/uploads\/Gabriel-Pec-Los-Angeles-Galaxy-MLS-1-1024x682.webp 1024w, https:\/\/www.gaveanews.com\/wp-content\/uploads\/Gabriel-Pec-Los-Angeles-Galaxy-MLS-1-300x200.webp 300w, https:\/\/www.gaveanews.com\/wp-content\/uploads\/Gabriel-Pec-Los-Angeles-Galaxy-MLS-1-768x511.webp 768w, https:\/\/www.gaveanews.com\/wp-content\/uploads\/Gabriel-Pec-Los-Angeles-Galaxy-MLS-1-631x420.webp 631w, https:\/\/www.gaveanews.com\/wp-content\/uploads\/Gabriel-Pec-Los-Angeles-Galaxy-MLS-1-1262x840.webp 1262w, https:\/\/www.gaveanews.com\/wp-content\/uploads\/Gabriel-Pec-Los-Angeles-Galaxy-MLS-1-640x426.webp 640w, https:\/\/www.gaveanews.com\/wp-content\/uploads\/Gabriel-Pec-Los-Angeles-Galaxy-MLS-1-681x453.webp 681w, https:\/\/www.gaveanews.com\/wp-content\/uploads\/Gabriel-Pec-Los-Angeles-Galaxy-MLS-1-100x67.webp 100w, https:\/\/www.gaveanews.com\/wp-content\/uploads\/Gabriel-Pec-Los-Angeles-Galaxy-MLS-1.webp 1268w\" sizes=\"auto, (max-width: 1024px) 100vw, 1024px\" \/><figcaption class=\"wp-element-caption\">FOTO: DIVULGA\u00c7\u00c3O \/ INSTAGRAM\n<\/figcaption><\/figure>\n\n\n\n<p>O Vasco, al\u00e9m de ser o clube formador, mant\u00e9m 30% dos direitos econ\u00f4micos de Pec e ainda lucra com um acordo de b\u00f4nus por performance. Desde sua ida para os Estados Unidos, o Cruz-Maltino j\u00e1 arrecadou cerca de R$ 6 milh\u00f5es em bonifica\u00e7\u00f5es por gols marcados. Caso uma transfer\u00eancia para a Europa seja concretizada, o Vasco tamb\u00e9m se beneficiar\u00e1 financeiramente.<\/p>\n\n\n\n<p>A movimenta\u00e7\u00e3o em torno de Pec evidencia o sucesso de jogadores brasileiros no exterior e a possibilidade de alavancar a receita de clubes formadores. A expectativa \u00e9 que o atleta aproveite a oportunidade para continuar sua trajet\u00f3ria ascendente no cen\u00e1rio internacional.<\/p>\n","protected":false},"excerpt":{"rendered":"<p>Nas \u00faltimas horas, o foco das not\u00edcias sobre o Vasco se concentram nos bastidores do clube, com destaques como a declara\u00e7\u00e3o do Grego e o recado de Philippe Coutinho. Por conta deste contexto, leia abaixo um resumo preparado pela equipe do portal G\u00e1vea News para lhe manter muito bem informado! Recado de Coutinho Philippe Coutinho [&hellip;]<\/p>\n","protected":false},"author":27,"featured_media":161261,"comment_status":"open","ping_status":"closed","sticky":false,"template":"","format":"standard","meta":{"footnotes":""},"categories":[152],"tags":[],"class_list":["post-195551","post","type-post","status-publish","format-standard","has-post-thumbnail","hentry","category-vasco"],"yoast_head":"<!-- This site is optimized with the Yoast SEO Premium plugin v24.2 (Yoast SEO v26.9) - https:\/\/yoast.com\/product\/yoast-seo-premium-wordpress\/ -->\n<title>Gabriel Pec na Europa, declara\u00e7\u00e3o de Evangelos Marinakis e recado de Philippe Coutinho: as \u00faltimas not\u00edcias do Vasco<\/title>\n<meta name=\"robots\" content=\"index, follow, max-snippet:-1, max-image-preview:large, max-video-preview:-1\" \/>\n<link rel=\"canonical\" href=\"https:\/\/www.gaveanews.com\/index.php\/2024\/12\/06\/gabriel-pec-na-europa-declaracao-de-evangelos-marinakis-e-recado-de-philippe-coutinho-as-ultimas-noticias-do-vasco\/\" \/>\n<meta property=\"og:locale\" content=\"pt_BR\" \/>\n<meta property=\"og:type\" content=\"article\" \/>\n<meta property=\"og:title\" content=\"Gabriel Pec na Europa, declara\u00e7\u00e3o de Evangelos Marinakis e recado de Philippe Coutinho: as \u00faltimas not\u00edcias do Vasco\" \/>\n<meta property=\"og:description\" content=\"Nas \u00faltimas horas, o foco das not\u00edcias sobre o Vasco se concentram nos bastidores do clube, com destaques como a declara\u00e7\u00e3o do Grego e o recado de Philippe Coutinho. Por conta deste contexto, leia abaixo um resumo preparado pela equipe do portal G\u00e1vea News para lhe manter muito bem informado! Recado de Coutinho Philippe Coutinho [&hellip;]\" \/>\n<meta property=\"og:url\" content=\"https:\/\/www.gaveanews.com\/index.php\/2024\/12\/06\/gabriel-pec-na-europa-declaracao-de-evangelos-marinakis-e-recado-de-philippe-coutinho-as-ultimas-noticias-do-vasco\/\" \/>\n<meta property=\"og:site_name\" content=\"G\u00e1vea News\" \/>\n<meta property=\"article:publisher\" content=\"https:\/\/facebook.com\/gaveaNews\/\" \/>\n<meta property=\"article:published_time\" content=\"2024-12-06T08:20:00+00:00\" \/>\n<meta property=\"og:image\" content=\"https:\/\/www.gaveanews.com\/wp-content\/uploads\/Camisa-do-Vasco-2024.webp\" \/>\n\t<meta property=\"og:image:width\" content=\"1059\" \/>\n\t<meta property=\"og:image:height\" content=\"794\" \/>\n\t<meta property=\"og:image:type\" content=\"image\/webp\" \/>\n<meta name=\"author\" content=\"Matheus Felipe\" \/>\n<meta name=\"twitter:card\" content=\"summary_large_image\" \/>\n<meta name=\"twitter:label1\" content=\"Escrito por\" \/>\n\t<meta name=\"twitter:data1\" content=\"Matheus Felipe\" \/>\n\t<meta name=\"twitter:label2\" content=\"Est. tempo de leitura\" \/>\n\t<meta name=\"twitter:data2\" content=\"5 minutos\" \/>\n<script type=\"application\/ld+json\" class=\"yoast-schema-graph\">{\"@context\":\"https:\/\/schema.org\",\"@graph\":[{\"@type\":\"NewsArticle\",\"@id\":\"https:\/\/www.gaveanews.com\/index.php\/2024\/12\/06\/gabriel-pec-na-europa-declaracao-de-evangelos-marinakis-e-recado-de-philippe-coutinho-as-ultimas-noticias-do-vasco\/#article\",\"isPartOf\":{\"@id\":\"https:\/\/www.gaveanews.com\/index.php\/2024\/12\/06\/gabriel-pec-na-europa-declaracao-de-evangelos-marinakis-e-recado-de-philippe-coutinho-as-ultimas-noticias-do-vasco\/\"},\"author\":{\"name\":\"Matheus Felipe\",\"@id\":\"https:\/\/www.gaveanews.com\/#\/schema\/person\/8207cd4627f56151707418bfc835b2fb\"},\"headline\":\"Gabriel Pec na Europa, declara\u00e7\u00e3o de Evangelos Marinakis e recado de Philippe Coutinho: as \u00faltimas not\u00edcias do Vasco\",\"datePublished\":\"2024-12-06T08:20:00+00:00\",\"mainEntityOfPage\":{\"@id\":\"https:\/\/www.gaveanews.com\/index.php\/2024\/12\/06\/gabriel-pec-na-europa-declaracao-de-evangelos-marinakis-e-recado-de-philippe-coutinho-as-ultimas-noticias-do-vasco\/\"},\"wordCount\":696,\"commentCount\":0,\"image\":{\"@id\":\"https:\/\/www.gaveanews.com\/index.php\/2024\/12\/06\/gabriel-pec-na-europa-declaracao-de-evangelos-marinakis-e-recado-de-philippe-coutinho-as-ultimas-noticias-do-vasco\/#primaryimage\"},\"thumbnailUrl\":\"https:\/\/www.gaveanews.com\/wp-content\/uploads\/Camisa-do-Vasco-2024.webp\",\"articleSection\":[\"Vasco\"],\"inLanguage\":\"pt-BR\",\"potentialAction\":[{\"@type\":\"CommentAction\",\"name\":\"Comment\",\"target\":[\"https:\/\/www.gaveanews.com\/index.php\/2024\/12\/06\/gabriel-pec-na-europa-declaracao-de-evangelos-marinakis-e-recado-de-philippe-coutinho-as-ultimas-noticias-do-vasco\/#respond\"]}],\"copyrightYear\":\"2024\",\"copyrightHolder\":{\"@id\":\"https:\/\/www.gaveanews.com\/#organization\"}},{\"@type\":\"WebPage\",\"@id\":\"https:\/\/www.gaveanews.com\/index.php\/2024\/12\/06\/gabriel-pec-na-europa-declaracao-de-evangelos-marinakis-e-recado-de-philippe-coutinho-as-ultimas-noticias-do-vasco\/\",\"url\":\"https:\/\/www.gaveanews.com\/index.php\/2024\/12\/06\/gabriel-pec-na-europa-declaracao-de-evangelos-marinakis-e-recado-de-philippe-coutinho-as-ultimas-noticias-do-vasco\/\",\"name\":\"Gabriel Pec na Europa, declara\u00e7\u00e3o de Evangelos Marinakis e recado de Philippe Coutinho: as \u00faltimas not\u00edcias do Vasco\",\"isPartOf\":{\"@id\":\"https:\/\/www.gaveanews.com\/#website\"},\"primaryImageOfPage\":{\"@id\":\"https:\/\/www.gaveanews.com\/index.php\/2024\/12\/06\/gabriel-pec-na-europa-declaracao-de-evangelos-marinakis-e-recado-de-philippe-coutinho-as-ultimas-noticias-do-vasco\/#primaryimage\"},\"image\":{\"@id\":\"https:\/\/www.gaveanews.com\/index.php\/2024\/12\/06\/gabriel-pec-na-europa-declaracao-de-evangelos-marinakis-e-recado-de-philippe-coutinho-as-ultimas-noticias-do-vasco\/#primaryimage\"},\"thumbnailUrl\":\"https:\/\/www.gaveanews.com\/wp-content\/uploads\/Camisa-do-Vasco-2024.webp\",\"datePublished\":\"2024-12-06T08:20:00+00:00\",\"author\":{\"@id\":\"https:\/\/www.gaveanews.com\/#\/schema\/person\/8207cd4627f56151707418bfc835b2fb\"},\"breadcrumb\":{\"@id\":\"https:\/\/www.gaveanews.com\/index.php\/2024\/12\/06\/gabriel-pec-na-europa-declaracao-de-evangelos-marinakis-e-recado-de-philippe-coutinho-as-ultimas-noticias-do-vasco\/#breadcrumb\"},\"inLanguage\":\"pt-BR\",\"potentialAction\":[{\"@type\":\"ReadAction\",\"target\":[\"https:\/\/www.gaveanews.com\/index.php\/2024\/12\/06\/gabriel-pec-na-europa-declaracao-de-evangelos-marinakis-e-recado-de-philippe-coutinho-as-ultimas-noticias-do-vasco\/\"]}]},{\"@type\":\"ImageObject\",\"inLanguage\":\"pt-BR\",\"@id\":\"https:\/\/www.gaveanews.com\/index.php\/2024\/12\/06\/gabriel-pec-na-europa-declaracao-de-evangelos-marinakis-e-recado-de-philippe-coutinho-as-ultimas-noticias-do-vasco\/#primaryimage\",\"url\":\"https:\/\/www.gaveanews.com\/wp-content\/uploads\/Camisa-do-Vasco-2024.webp\",\"contentUrl\":\"https:\/\/www.gaveanews.com\/wp-content\/uploads\/Camisa-do-Vasco-2024.webp\",\"width\":1059,\"height\":794,\"caption\":\"Camisa do Vasco 2024 (Foto: Reprodu\u00e7\u00e3o\/Instagram)\"},{\"@type\":\"BreadcrumbList\",\"@id\":\"https:\/\/www.gaveanews.com\/index.php\/2024\/12\/06\/gabriel-pec-na-europa-declaracao-de-evangelos-marinakis-e-recado-de-philippe-coutinho-as-ultimas-noticias-do-vasco\/#breadcrumb\",\"itemListElement\":[{\"@type\":\"ListItem\",\"position\":1,\"name\":\"Home\",\"item\":\"https:\/\/www.gaveanews.com\/\"},{\"@type\":\"ListItem\",\"position\":2,\"name\":\"Gabriel Pec na Europa, declara\u00e7\u00e3o de Evangelos Marinakis e recado de Philippe Coutinho: as \u00faltimas not\u00edcias do Vasco\"}]},{\"@type\":\"WebSite\",\"@id\":\"https:\/\/www.gaveanews.com\/#website\",\"url\":\"https:\/\/www.gaveanews.com\/\",\"name\":\"G\u00e1vea News\",\"description\":\"Veja todas as not\u00edcias sobre o Flamengo: Contrata\u00e7\u00f5es, categorias de base, resultados das partidas, tabela de classifica\u00e7\u00e3o, pr\u00f3ximos jogos!\",\"potentialAction\":[{\"@type\":\"SearchAction\",\"target\":{\"@type\":\"EntryPoint\",\"urlTemplate\":\"https:\/\/www.gaveanews.com\/?s={search_term_string}\"},\"query-input\":{\"@type\":\"PropertyValueSpecification\",\"valueRequired\":true,\"valueName\":\"search_term_string\"}}],\"inLanguage\":\"pt-BR\"},{\"@type\":\"Person\",\"@id\":\"https:\/\/www.gaveanews.com\/#\/schema\/person\/8207cd4627f56151707418bfc835b2fb\",\"name\":\"Matheus Felipe\",\"image\":{\"@type\":\"ImageObject\",\"inLanguage\":\"pt-BR\",\"@id\":\"https:\/\/www.gaveanews.com\/#\/schema\/person\/image\/\",\"url\":\"https:\/\/secure.gravatar.com\/avatar\/a452ffbed9130f726358b298bb3a99ce4bd3c5338411f8440e87e14d74c7c087?s=96&d=mm&r=g\",\"contentUrl\":\"https:\/\/secure.gravatar.com\/avatar\/a452ffbed9130f726358b298bb3a99ce4bd3c5338411f8440e87e14d74c7c087?s=96&d=mm&r=g\",\"caption\":\"Matheus Felipe\"}}]}<\/script>\n<!-- \/ Yoast SEO Premium plugin. -->","yoast_head_json":{"title":"Gabriel Pec na Europa, declara\u00e7\u00e3o de Evangelos Marinakis e recado de Philippe Coutinho: as \u00faltimas not\u00edcias do Vasco","robots":{"index":"index","follow":"follow","max-snippet":"max-snippet:-1","max-image-preview":"max-image-preview:large","max-video-preview":"max-video-preview:-1"},"canonical":"https:\/\/www.gaveanews.com\/index.php\/2024\/12\/06\/gabriel-pec-na-europa-declaracao-de-evangelos-marinakis-e-recado-de-philippe-coutinho-as-ultimas-noticias-do-vasco\/","og_locale":"pt_BR","og_type":"article","og_title":"Gabriel Pec na Europa, declara\u00e7\u00e3o de Evangelos Marinakis e recado de Philippe Coutinho: as \u00faltimas not\u00edcias do Vasco","og_description":"Nas \u00faltimas horas, o foco das not\u00edcias sobre o Vasco se concentram nos bastidores do clube, com destaques como a declara\u00e7\u00e3o do Grego e o recado de Philippe Coutinho. Por conta deste contexto, leia abaixo um resumo preparado pela equipe do portal G\u00e1vea News para lhe manter muito bem informado! Recado de Coutinho Philippe Coutinho [&hellip;]","og_url":"https:\/\/www.gaveanews.com\/index.php\/2024\/12\/06\/gabriel-pec-na-europa-declaracao-de-evangelos-marinakis-e-recado-de-philippe-coutinho-as-ultimas-noticias-do-vasco\/","og_site_name":"G\u00e1vea News","article_publisher":"https:\/\/facebook.com\/gaveaNews\/","article_published_time":"2024-12-06T08:20:00+00:00","og_image":[{"width":1059,"height":794,"url":"https:\/\/www.gaveanews.com\/wp-content\/uploads\/Camisa-do-Vasco-2024.webp","type":"image\/webp"}],"author":"Matheus Felipe","twitter_card":"summary_large_image","twitter_misc":{"Escrito por":"Matheus Felipe","Est. tempo de leitura":"5 minutos"},"schema":{"@context":"https:\/\/schema.org","@graph":[{"@type":"NewsArticle","@id":"https:\/\/www.gaveanews.com\/index.php\/2024\/12\/06\/gabriel-pec-na-europa-declaracao-de-evangelos-marinakis-e-recado-de-philippe-coutinho-as-ultimas-noticias-do-vasco\/#article","isPartOf":{"@id":"https:\/\/www.gaveanews.com\/index.php\/2024\/12\/06\/gabriel-pec-na-europa-declaracao-de-evangelos-marinakis-e-recado-de-philippe-coutinho-as-ultimas-noticias-do-vasco\/"},"author":{"name":"Matheus Felipe","@id":"https:\/\/www.gaveanews.com\/#\/schema\/person\/8207cd4627f56151707418bfc835b2fb"},"headline":"Gabriel Pec na Europa, declara\u00e7\u00e3o de Evangelos Marinakis e recado de Philippe Coutinho: as \u00faltimas not\u00edcias do Vasco","datePublished":"2024-12-06T08:20:00+00:00","mainEntityOfPage":{"@id":"https:\/\/www.gaveanews.com\/index.php\/2024\/12\/06\/gabriel-pec-na-europa-declaracao-de-evangelos-marinakis-e-recado-de-philippe-coutinho-as-ultimas-noticias-do-vasco\/"},"wordCount":696,"commentCount":0,"image":{"@id":"https:\/\/www.gaveanews.com\/index.php\/2024\/12\/06\/gabriel-pec-na-europa-declaracao-de-evangelos-marinakis-e-recado-de-philippe-coutinho-as-ultimas-noticias-do-vasco\/#primaryimage"},"thumbnailUrl":"https:\/\/www.gaveanews.com\/wp-content\/uploads\/Camisa-do-Vasco-2024.webp","articleSection":["Vasco"],"inLanguage":"pt-BR","potentialAction":[{"@type":"CommentAction","name":"Comment","target":["https:\/\/www.gaveanews.com\/index.php\/2024\/12\/06\/gabriel-pec-na-europa-declaracao-de-evangelos-marinakis-e-recado-de-philippe-coutinho-as-ultimas-noticias-do-vasco\/#respond"]}],"copyrightYear":"2024","copyrightHolder":{"@id":"https:\/\/www.gaveanews.com\/#organization"}},{"@type":"WebPage","@id":"https:\/\/www.gaveanews.com\/index.php\/2024\/12\/06\/gabriel-pec-na-europa-declaracao-de-evangelos-marinakis-e-recado-de-philippe-coutinho-as-ultimas-noticias-do-vasco\/","url":"https:\/\/www.gaveanews.com\/index.php\/2024\/12\/06\/gabriel-pec-na-europa-declaracao-de-evangelos-marinakis-e-recado-de-philippe-coutinho-as-ultimas-noticias-do-vasco\/","name":"Gabriel Pec na Europa, declara\u00e7\u00e3o de Evangelos Marinakis e recado de Philippe Coutinho: as \u00faltimas not\u00edcias do Vasco","isPartOf":{"@id":"https:\/\/www.gaveanews.com\/#website"},"primaryImageOfPage":{"@id":"https:\/\/www.gaveanews.com\/index.php\/2024\/12\/06\/gabriel-pec-na-europa-declaracao-de-evangelos-marinakis-e-recado-de-philippe-coutinho-as-ultimas-noticias-do-vasco\/#primaryimage"},"image":{"@id":"https:\/\/www.gaveanews.com\/index.php\/2024\/12\/06\/gabriel-pec-na-europa-declaracao-de-evangelos-marinakis-e-recado-de-philippe-coutinho-as-ultimas-noticias-do-vasco\/#primaryimage"},"thumbnailUrl":"https:\/\/www.gaveanews.com\/wp-content\/uploads\/Camisa-do-Vasco-2024.webp","datePublished":"2024-12-06T08:20:00+00:00","author":{"@id":"https:\/\/www.gaveanews.com\/#\/schema\/person\/8207cd4627f56151707418bfc835b2fb"},"breadcrumb":{"@id":"https:\/\/www.gaveanews.com\/index.php\/2024\/12\/06\/gabriel-pec-na-europa-declaracao-de-evangelos-marinakis-e-recado-de-philippe-coutinho-as-ultimas-noticias-do-vasco\/#breadcrumb"},"inLanguage":"pt-BR","potentialAction":[{"@type":"ReadAction","target":["https:\/\/www.gaveanews.com\/index.php\/2024\/12\/06\/gabriel-pec-na-europa-declaracao-de-evangelos-marinakis-e-recado-de-philippe-coutinho-as-ultimas-noticias-do-vasco\/"]}]},{"@type":"ImageObject","inLanguage":"pt-BR","@id":"https:\/\/www.gaveanews.com\/index.php\/2024\/12\/06\/gabriel-pec-na-europa-declaracao-de-evangelos-marinakis-e-recado-de-philippe-coutinho-as-ultimas-noticias-do-vasco\/#primaryimage","url":"https:\/\/www.gaveanews.com\/wp-content\/uploads\/Camisa-do-Vasco-2024.webp","contentUrl":"https:\/\/www.gaveanews.com\/wp-content\/uploads\/Camisa-do-Vasco-2024.webp","width":1059,"height":794,"caption":"Camisa do Vasco 2024 (Foto: Reprodu\u00e7\u00e3o\/Instagram)"},{"@type":"BreadcrumbList","@id":"https:\/\/www.gaveanews.com\/index.php\/2024\/12\/06\/gabriel-pec-na-europa-declaracao-de-evangelos-marinakis-e-recado-de-philippe-coutinho-as-ultimas-noticias-do-vasco\/#breadcrumb","itemListElement":[{"@type":"ListItem","position":1,"name":"Home","item":"https:\/\/www.gaveanews.com\/"},{"@type":"ListItem","position":2,"name":"Gabriel Pec na Europa, declara\u00e7\u00e3o de Evangelos Marinakis e recado de Philippe Coutinho: as \u00faltimas not\u00edcias do Vasco"}]},{"@type":"WebSite","@id":"https:\/\/www.gaveanews.com\/#website","url":"https:\/\/www.gaveanews.com\/","name":"G\u00e1vea News","description":"Veja todas as not\u00edcias sobre o Flamengo: Contrata\u00e7\u00f5es, categorias de base, resultados das partidas, tabela de classifica\u00e7\u00e3o, pr\u00f3ximos jogos!","potentialAction":[{"@type":"SearchAction","target":{"@type":"EntryPoint","urlTemplate":"https:\/\/www.gaveanews.com\/?s={search_term_string}"},"query-input":{"@type":"PropertyValueSpecification","valueRequired":true,"valueName":"search_term_string"}}],"inLanguage":"pt-BR"},{"@type":"Person","@id":"https:\/\/www.gaveanews.com\/#\/schema\/person\/8207cd4627f56151707418bfc835b2fb","name":"Matheus Felipe","image":{"@type":"ImageObject","inLanguage":"pt-BR","@id":"https:\/\/www.gaveanews.com\/#\/schema\/person\/image\/","url":"https:\/\/secure.gravatar.com\/avatar\/a452ffbed9130f726358b298bb3a99ce4bd3c5338411f8440e87e14d74c7c087?s=96&d=mm&r=g","contentUrl":"https:\/\/secure.gravatar.com\/avatar\/a452ffbed9130f726358b298bb3a99ce4bd3c5338411f8440e87e14d74c7c087?s=96&d=mm&r=g","caption":"Matheus Felipe"}}]}},"_links":{"self":[{"href":"https:\/\/www.gaveanews.com\/index.php\/wp-json\/wp\/v2\/posts\/195551","targetHints":{"allow":["GET"]}}],"collection":[{"href":"https:\/\/www.gaveanews.com\/index.php\/wp-json\/wp\/v2\/posts"}],"about":[{"href":"https:\/\/www.gaveanews.com\/index.php\/wp-json\/wp\/v2\/types\/post"}],"author":[{"embeddable":true,"href":"https:\/\/www.gaveanews.com\/index.php\/wp-json\/wp\/v2\/users\/27"}],"replies":[{"embeddable":true,"href":"https:\/\/www.gaveanews.com\/index.php\/wp-json\/wp\/v2\/comments?post=195551"}],"version-history":[{"count":1,"href":"https:\/\/www.gaveanews.com\/index.php\/wp-json\/wp\/v2\/posts\/195551\/revisions"}],"predecessor-version":[{"id":195552,"href":"https:\/\/www.gaveanews.com\/index.php\/wp-json\/wp\/v2\/posts\/195551\/revisions\/195552"}],"wp:featuredmedia":[{"embeddable":true,"href":"https:\/\/www.gaveanews.com\/index.php\/wp-json\/wp\/v2\/media\/161261"}],"wp:attachment":[{"href":"https:\/\/www.gaveanews.com\/index.php\/wp-json\/wp\/v2\/media?parent=195551"}],"wp:term":[{"taxonomy":"category","embeddable":true,"href":"https:\/\/www.gaveanews.com\/index.php\/wp-json\/wp\/v2\/categories?post=195551"},{"taxonomy":"post_tag","embeddable":true,"href":"https:\/\/www.gaveanews.com\/index.php\/wp-json\/wp\/v2\/tags?post=195551"}],"curies":[{"name":"wp","href":"https:\/\/api.w.org\/{rel}","templated":true}]}}