{"id":195567,"date":"2024-12-06T05:30:00","date_gmt":"2024-12-06T08:30:00","guid":{"rendered":"https:\/\/www.gaveanews.com\/?p=195567"},"modified":"2024-12-06T03:33:28","modified_gmt":"2024-12-06T06:33:28","slug":"problema-nos-bastidores-permanencias-definidas-e-jogador-indo-ao-goias-as-ultimas-noticias-do-santos","status":"publish","type":"post","link":"https:\/\/www.gaveanews.com\/index.php\/2024\/12\/06\/problema-nos-bastidores-permanencias-definidas-e-jogador-indo-ao-goias-as-ultimas-noticias-do-santos\/","title":{"rendered":"Problema nos bastidores, perman\u00eancias definidas e jogador indo ao Goi\u00e1s: as \u00faltimas not\u00edcias do Santos"},"content":{"rendered":"\n<p>Nas \u00faltimas horas, o foco das not\u00edcias sobre o Santos se concentram nos bastidores do clube, com destaques como os problemas nos bastidores e as perman\u00eancias definidas.<\/p>\n\n\n\n<p>Por conta deste contexto, leia abaixo um resumo preparado pela equipe do portal G\u00e1vea News para lhe manter muito bem informado!<\/p>\n\n\n\n<h2 class=\"wp-block-heading\" id=\"h-jogador-indo-ao-goias\">Jogador indo ao Goi\u00e1s<\/h2>\n\n\n\n<p>O Goi\u00e1s anunciou a renova\u00e7\u00e3o do empr\u00e9stimo do zagueiro Messias, de 30 anos, junto ao Santos, estendendo seu v\u00ednculo at\u00e9 o final de 2025. Ap\u00f3s um in\u00edcio de temporada marcado por les\u00e3o, Messias se recuperou e se destacou na S\u00e9rie B, tornando-se titular absoluto na segunda metade da competi\u00e7\u00e3o. Sua presen\u00e7a foi fundamental para a s\u00f3lida defesa do Goi\u00e1s, que terminou o campeonato com sete vit\u00f3rias consecutivas sem sofrer gols, alcan\u00e7ando a sexta coloca\u00e7\u00e3o na tabela, a apenas um ponto do G-4 <strong><a href=\"https:\/\/www.gaveanews.com\/index.php\/2024\/12\/05\/ele-assinou-com-o-goias-ate-2025\/\">(leia a mat\u00e9ria completa).<\/a><\/strong><\/p>\n\n\n\n<figure class=\"wp-block-image size-large\"><img loading=\"lazy\" decoding=\"async\" width=\"1024\" height=\"768\" src=\"https:\/\/www.gaveanews.com\/wp-content\/uploads\/Escudo-do-Goias-Esporte-Clube-1024x768.webp\" alt=\"\" class=\"wp-image-155424\" srcset=\"https:\/\/www.gaveanews.com\/wp-content\/uploads\/Escudo-do-Goias-Esporte-Clube-1024x768.webp 1024w, https:\/\/www.gaveanews.com\/wp-content\/uploads\/Escudo-do-Goias-Esporte-Clube-300x225.webp 300w, https:\/\/www.gaveanews.com\/wp-content\/uploads\/Escudo-do-Goias-Esporte-Clube-768x576.webp 768w, https:\/\/www.gaveanews.com\/wp-content\/uploads\/Escudo-do-Goias-Esporte-Clube-560x420.webp 560w, https:\/\/www.gaveanews.com\/wp-content\/uploads\/Escudo-do-Goias-Esporte-Clube-1120x840.webp 1120w, https:\/\/www.gaveanews.com\/wp-content\/uploads\/Escudo-do-Goias-Esporte-Clube-80x60.webp 80w, https:\/\/www.gaveanews.com\/wp-content\/uploads\/Escudo-do-Goias-Esporte-Clube-160x120.webp 160w, https:\/\/www.gaveanews.com\/wp-content\/uploads\/Escudo-do-Goias-Esporte-Clube-100x75.webp 100w, https:\/\/www.gaveanews.com\/wp-content\/uploads\/Escudo-do-Goias-Esporte-Clube-200x150.webp 200w, https:\/\/www.gaveanews.com\/wp-content\/uploads\/Escudo-do-Goias-Esporte-Clube-180x135.webp 180w, https:\/\/www.gaveanews.com\/wp-content\/uploads\/Escudo-do-Goias-Esporte-Clube-360x270.webp 360w, https:\/\/www.gaveanews.com\/wp-content\/uploads\/Escudo-do-Goias-Esporte-Clube-238x178.webp 238w, https:\/\/www.gaveanews.com\/wp-content\/uploads\/Escudo-do-Goias-Esporte-Clube-476x356.webp 476w, https:\/\/www.gaveanews.com\/wp-content\/uploads\/Escudo-do-Goias-Esporte-Clube-640x480.webp 640w, https:\/\/www.gaveanews.com\/wp-content\/uploads\/Escudo-do-Goias-Esporte-Clube-1280x960.webp 1280w, https:\/\/www.gaveanews.com\/wp-content\/uploads\/Escudo-do-Goias-Esporte-Clube-681x511.webp 681w, https:\/\/www.gaveanews.com\/wp-content\/uploads\/Escudo-do-Goias-Esporte-Clube-1362x1022.webp 1362w, https:\/\/www.gaveanews.com\/wp-content\/uploads\/Escudo-do-Goias-Esporte-Clube.webp 1440w\" sizes=\"auto, (max-width: 1024px) 100vw, 1024px\" \/><figcaption class=\"wp-element-caption\">Escudo do Goi\u00e1s Esporte Clube (Foto: Reprodu\u00e7\u00e3o\/Goi\u00e1s)<\/figcaption><\/figure>\n\n\n\n<p>Contratado pelo Santos em 2023, Messias disputou 44 partidas pelo clube alvinegro antes de se transferir para o Goi\u00e1s. <\/p>\n\n\n\n<p>Mesmo sem conquistar o acesso \u00e0 S\u00e9rie A, o Verd\u00e3o encerrou a temporada com uma campanha competitiva, e a renova\u00e7\u00e3o de Messias \u00e9 vista como um refor\u00e7o importante para consolidar a equipe na pr\u00f3xima temporada.<\/p>\n\n\n\n<p>Com o mercado ativo, Messias tamb\u00e9m atraiu interesse de outros clubes, como o Coritiba, mas o Goi\u00e1s garantiu sua perman\u00eancia. O zagueiro se prepara para mais um ano defendendo o time esmeraldino, contribuindo com sua experi\u00eancia e desempenho consistente para as ambi\u00e7\u00f5es do clube em 2025.<\/p>\n\n\n\n<h2 class=\"wp-block-heading\" id=\"h-permanencias-definidas\">Perman\u00eancias definidas<\/h2>\n\n\n\n<p>O Santos oficializou as perman\u00eancias de Lucas Braga e Lucas Barbosa no elenco para a temporada de 2025. A dupla ser\u00e1 reintegrada ao grupo e viajar\u00e1 para Orlando, nos Estados Unidos, para a pr\u00e9-temporada em janeiro. A decis\u00e3o busca fortalecer o setor ofensivo, que sofreu baixas importantes com as sa\u00eddas de Pedrinho e Nacho Laquintanna ao final de 2024 <strong><a href=\"https:\/\/www.gaveanews.com\/index.php\/2024\/12\/05\/santos-define-permanencias-de-lucas-braga-e-lucas-barbosa-no-elenco-em-2025\/\">(leia a mat\u00e9ria completa).<\/a><\/strong><\/p>\n\n\n\n<figure class=\"wp-block-image size-full\"><img loading=\"lazy\" decoding=\"async\" width=\"800\" height=\"450\" src=\"https:\/\/www.gaveanews.com\/wp-content\/uploads\/america-mg-x-santos-onde-assistir-ao-vivo-e-escalacoes-da-partida_widelg.webp\" alt=\"\" class=\"wp-image-144926\" srcset=\"https:\/\/www.gaveanews.com\/wp-content\/uploads\/america-mg-x-santos-onde-assistir-ao-vivo-e-escalacoes-da-partida_widelg.webp 800w, https:\/\/www.gaveanews.com\/wp-content\/uploads\/america-mg-x-santos-onde-assistir-ao-vivo-e-escalacoes-da-partida_widelg-300x169.webp 300w, https:\/\/www.gaveanews.com\/wp-content\/uploads\/america-mg-x-santos-onde-assistir-ao-vivo-e-escalacoes-da-partida_widelg-768x432.webp 768w, https:\/\/www.gaveanews.com\/wp-content\/uploads\/america-mg-x-santos-onde-assistir-ao-vivo-e-escalacoes-da-partida_widelg-747x420.webp 747w, https:\/\/www.gaveanews.com\/wp-content\/uploads\/america-mg-x-santos-onde-assistir-ao-vivo-e-escalacoes-da-partida_widelg-640x360.webp 640w, https:\/\/www.gaveanews.com\/wp-content\/uploads\/america-mg-x-santos-onde-assistir-ao-vivo-e-escalacoes-da-partida_widelg-681x383.webp 681w, https:\/\/www.gaveanews.com\/wp-content\/uploads\/america-mg-x-santos-onde-assistir-ao-vivo-e-escalacoes-da-partida_widelg-100x56.webp 100w\" sizes=\"auto, (max-width: 800px) 100vw, 800px\" \/><figcaption class=\"wp-element-caption\">Santos enfrentar\u00e1 o Am\u00e9rica-MG fora de casa &#8211; Santos\/Flickr\n<\/figcaption><\/figure>\n\n\n\n<p>Lucas Barbosa, de 23 anos, retorna ap\u00f3s se destacar no Juventude, onde marcou 14 gols e deu 5 assist\u00eancias em 54 partidas. Sua versatilidade, atuando tanto pelas pontas quanto no meio-campo, foi determinante para o Santos mant\u00ea-lo no elenco. Ele tem contrato at\u00e9 julho de 2026 e ser\u00e1 uma pe\u00e7a estrat\u00e9gica para a equipe.<\/p>\n\n\n\n<p>Lucas Braga, por sua vez, volta ap\u00f3s uma temporada emprestado ao Shimizu S-Pulse, do Jap\u00e3o. Aos 28 anos e com contrato at\u00e9 abril de 2026, o atacante traz experi\u00eancia e capacidade de cria\u00e7\u00e3o e finaliza\u00e7\u00e3o ao ataque santista. A expectativa \u00e9 de que ambos contribuam para equilibrar o elenco e aumentar a competitividade do time na pr\u00f3xima temporada.<\/p>\n\n\n\n<h2 class=\"wp-block-heading\" id=\"h-problemas-nos-bastidores\">Problemas nos bastidores<\/h2>\n\n\n\n<p>O Santos enfrenta desafios para avan\u00e7ar no planejamento de 2025, devido \u00e0 falta de um t\u00e9cnico desde a sa\u00edda de F\u00e1bio Carille, em novembro. A indefini\u00e7\u00e3o tem impactado decis\u00f5es cruciais sobre o elenco, incluindo renova\u00e7\u00f5es e dispensas, que est\u00e3o sendo adiadas at\u00e9 a contrata\u00e7\u00e3o do novo comandante. Enquanto isso, a pr\u00e9-temporada nos Estados Unidos, marcada para janeiro, se aproxima, e o clube corre o risco de perder tempo no mercado de transfer\u00eancias<strong><a href=\"https:\/\/www.gaveanews.com\/index.php\/2024\/12\/05\/problema-nos-bastidores-faz-santos-atrasar-planejamento-para-2025\/\"> (leia a mat\u00e9ria completa).<\/a><\/strong><\/p>\n\n\n\n<figure class=\"wp-block-image size-large\"><img loading=\"lazy\" decoding=\"async\" width=\"1024\" height=\"778\" src=\"https:\/\/www.gaveanews.com\/wp-content\/uploads\/Carille-treinando-o-Santos-em-2024-1024x778.webp\" alt=\"\" class=\"wp-image-153907\" srcset=\"https:\/\/www.gaveanews.com\/wp-content\/uploads\/Carille-treinando-o-Santos-em-2024-1024x778.webp 1024w, https:\/\/www.gaveanews.com\/wp-content\/uploads\/Carille-treinando-o-Santos-em-2024-300x228.webp 300w, https:\/\/www.gaveanews.com\/wp-content\/uploads\/Carille-treinando-o-Santos-em-2024-768x584.webp 768w, https:\/\/www.gaveanews.com\/wp-content\/uploads\/Carille-treinando-o-Santos-em-2024-1536x1167.webp 1536w, https:\/\/www.gaveanews.com\/wp-content\/uploads\/Carille-treinando-o-Santos-em-2024-553x420.webp 553w, https:\/\/www.gaveanews.com\/wp-content\/uploads\/Carille-treinando-o-Santos-em-2024-1105x840.webp 1105w, https:\/\/www.gaveanews.com\/wp-content\/uploads\/Carille-treinando-o-Santos-em-2024-80x60.webp 80w, https:\/\/www.gaveanews.com\/wp-content\/uploads\/Carille-treinando-o-Santos-em-2024-100x76.webp 100w, https:\/\/www.gaveanews.com\/wp-content\/uploads\/Carille-treinando-o-Santos-em-2024-640x486.webp 640w, https:\/\/www.gaveanews.com\/wp-content\/uploads\/Carille-treinando-o-Santos-em-2024-1280x973.webp 1280w, https:\/\/www.gaveanews.com\/wp-content\/uploads\/Carille-treinando-o-Santos-em-2024-681x518.webp 681w, https:\/\/www.gaveanews.com\/wp-content\/uploads\/Carille-treinando-o-Santos-em-2024-1362x1035.webp 1362w, https:\/\/www.gaveanews.com\/wp-content\/uploads\/Carille-treinando-o-Santos-em-2024.webp 1600w\" sizes=\"auto, (max-width: 1024px) 100vw, 1024px\" \/><figcaption class=\"wp-element-caption\">Carille treinando o Santos em 2024 (Foto: Reprodu\u00e7\u00e3o\/Santos)<\/figcaption><\/figure>\n\n\n\n<p>A diretoria prioriza a contrata\u00e7\u00e3o de um t\u00e9cnico estrangeiro e tem mantido negocia\u00e7\u00f5es com Lu\u00eds Castro, que deve responder ap\u00f3s o dia 15 de dezembro. Gustavo Quinteros, do V\u00e9lez Sarsfield, e Renato Ga\u00facho, do Gr\u00eamio, tamb\u00e9m foram considerados, mas ambos enfrentam obst\u00e1culos para avan\u00e7ar nas conversas.<\/p>\n\n\n\n<p>A demora na defini\u00e7\u00e3o pode dificultar o trabalho de montagem do elenco e afetar o desempenho do time em 2025. O Santos precisa equilibrar a expectativa por uma escolha criteriosa com a urg\u00eancia de decis\u00f5es pr\u00e1ticas para evitar preju\u00edzos no planejamento da pr\u00f3xima temporada.<\/p>\n","protected":false},"excerpt":{"rendered":"<p>Nas \u00faltimas horas, o foco das not\u00edcias sobre o Santos se concentram nos bastidores do clube, com destaques como os problemas nos bastidores e as perman\u00eancias definidas. Por conta deste contexto, leia abaixo um resumo preparado pela equipe do portal G\u00e1vea News para lhe manter muito bem informado! Jogador indo ao Goi\u00e1s O Goi\u00e1s anunciou [&hellip;]<\/p>\n","protected":false},"author":27,"featured_media":152156,"comment_status":"open","ping_status":"closed","sticky":false,"template":"","format":"standard","meta":{"footnotes":""},"categories":[139],"tags":[],"class_list":["post-195567","post","type-post","status-publish","format-standard","has-post-thumbnail","hentry","category-santos"],"yoast_head":"<!-- This site is optimized with the Yoast SEO Premium plugin v24.2 (Yoast SEO v26.9) - https:\/\/yoast.com\/product\/yoast-seo-premium-wordpress\/ -->\n<title>Problema nos bastidores, perman\u00eancias definidas e jogador indo ao Goi\u00e1s: as \u00faltimas not\u00edcias do Santos<\/title>\n<meta name=\"robots\" content=\"index, follow, max-snippet:-1, max-image-preview:large, max-video-preview:-1\" \/>\n<link rel=\"canonical\" href=\"https:\/\/www.gaveanews.com\/index.php\/2024\/12\/06\/problema-nos-bastidores-permanencias-definidas-e-jogador-indo-ao-goias-as-ultimas-noticias-do-santos\/\" \/>\n<meta property=\"og:locale\" content=\"pt_BR\" \/>\n<meta property=\"og:type\" content=\"article\" \/>\n<meta property=\"og:title\" content=\"Problema nos bastidores, perman\u00eancias definidas e jogador indo ao Goi\u00e1s: as \u00faltimas not\u00edcias do Santos\" \/>\n<meta property=\"og:description\" content=\"Nas \u00faltimas horas, o foco das not\u00edcias sobre o Santos se concentram nos bastidores do clube, com destaques como os problemas nos bastidores e as perman\u00eancias definidas. Por conta deste contexto, leia abaixo um resumo preparado pela equipe do portal G\u00e1vea News para lhe manter muito bem informado! Jogador indo ao Goi\u00e1s O Goi\u00e1s anunciou [&hellip;]\" \/>\n<meta property=\"og:url\" content=\"https:\/\/www.gaveanews.com\/index.php\/2024\/12\/06\/problema-nos-bastidores-permanencias-definidas-e-jogador-indo-ao-goias-as-ultimas-noticias-do-santos\/\" \/>\n<meta property=\"og:site_name\" content=\"G\u00e1vea News\" \/>\n<meta property=\"article:publisher\" content=\"https:\/\/facebook.com\/gaveaNews\/\" \/>\n<meta property=\"article:published_time\" content=\"2024-12-06T08:30:00+00:00\" \/>\n<meta property=\"og:image\" content=\"https:\/\/www.gaveanews.com\/wp-content\/uploads\/Escudo-do-Santos-1.webp\" \/>\n\t<meta property=\"og:image:width\" content=\"1300\" \/>\n\t<meta property=\"og:image:height\" content=\"1056\" \/>\n\t<meta property=\"og:image:type\" content=\"image\/webp\" \/>\n<meta name=\"author\" content=\"Matheus Felipe\" \/>\n<meta name=\"twitter:card\" content=\"summary_large_image\" \/>\n<meta name=\"twitter:label1\" content=\"Escrito por\" \/>\n\t<meta name=\"twitter:data1\" content=\"Matheus Felipe\" \/>\n\t<meta name=\"twitter:label2\" content=\"Est. tempo de leitura\" \/>\n\t<meta name=\"twitter:data2\" content=\"5 minutos\" \/>\n<script type=\"application\/ld+json\" class=\"yoast-schema-graph\">{\"@context\":\"https:\/\/schema.org\",\"@graph\":[{\"@type\":\"NewsArticle\",\"@id\":\"https:\/\/www.gaveanews.com\/index.php\/2024\/12\/06\/problema-nos-bastidores-permanencias-definidas-e-jogador-indo-ao-goias-as-ultimas-noticias-do-santos\/#article\",\"isPartOf\":{\"@id\":\"https:\/\/www.gaveanews.com\/index.php\/2024\/12\/06\/problema-nos-bastidores-permanencias-definidas-e-jogador-indo-ao-goias-as-ultimas-noticias-do-santos\/\"},\"author\":{\"name\":\"Matheus Felipe\",\"@id\":\"https:\/\/www.gaveanews.com\/#\/schema\/person\/8207cd4627f56151707418bfc835b2fb\"},\"headline\":\"Problema nos bastidores, perman\u00eancias definidas e jogador indo ao Goi\u00e1s: as \u00faltimas not\u00edcias do Santos\",\"datePublished\":\"2024-12-06T08:30:00+00:00\",\"mainEntityOfPage\":{\"@id\":\"https:\/\/www.gaveanews.com\/index.php\/2024\/12\/06\/problema-nos-bastidores-permanencias-definidas-e-jogador-indo-ao-goias-as-ultimas-noticias-do-santos\/\"},\"wordCount\":689,\"commentCount\":0,\"image\":{\"@id\":\"https:\/\/www.gaveanews.com\/index.php\/2024\/12\/06\/problema-nos-bastidores-permanencias-definidas-e-jogador-indo-ao-goias-as-ultimas-noticias-do-santos\/#primaryimage\"},\"thumbnailUrl\":\"https:\/\/www.gaveanews.com\/wp-content\/uploads\/Escudo-do-Santos-1.webp\",\"articleSection\":[\"Santos\"],\"inLanguage\":\"pt-BR\",\"potentialAction\":[{\"@type\":\"CommentAction\",\"name\":\"Comment\",\"target\":[\"https:\/\/www.gaveanews.com\/index.php\/2024\/12\/06\/problema-nos-bastidores-permanencias-definidas-e-jogador-indo-ao-goias-as-ultimas-noticias-do-santos\/#respond\"]}],\"copyrightYear\":\"2024\",\"copyrightHolder\":{\"@id\":\"https:\/\/www.gaveanews.com\/#organization\"}},{\"@type\":\"WebPage\",\"@id\":\"https:\/\/www.gaveanews.com\/index.php\/2024\/12\/06\/problema-nos-bastidores-permanencias-definidas-e-jogador-indo-ao-goias-as-ultimas-noticias-do-santos\/\",\"url\":\"https:\/\/www.gaveanews.com\/index.php\/2024\/12\/06\/problema-nos-bastidores-permanencias-definidas-e-jogador-indo-ao-goias-as-ultimas-noticias-do-santos\/\",\"name\":\"Problema nos bastidores, perman\u00eancias definidas e jogador indo ao Goi\u00e1s: as \u00faltimas not\u00edcias do Santos\",\"isPartOf\":{\"@id\":\"https:\/\/www.gaveanews.com\/#website\"},\"primaryImageOfPage\":{\"@id\":\"https:\/\/www.gaveanews.com\/index.php\/2024\/12\/06\/problema-nos-bastidores-permanencias-definidas-e-jogador-indo-ao-goias-as-ultimas-noticias-do-santos\/#primaryimage\"},\"image\":{\"@id\":\"https:\/\/www.gaveanews.com\/index.php\/2024\/12\/06\/problema-nos-bastidores-permanencias-definidas-e-jogador-indo-ao-goias-as-ultimas-noticias-do-santos\/#primaryimage\"},\"thumbnailUrl\":\"https:\/\/www.gaveanews.com\/wp-content\/uploads\/Escudo-do-Santos-1.webp\",\"datePublished\":\"2024-12-06T08:30:00+00:00\",\"author\":{\"@id\":\"https:\/\/www.gaveanews.com\/#\/schema\/person\/8207cd4627f56151707418bfc835b2fb\"},\"breadcrumb\":{\"@id\":\"https:\/\/www.gaveanews.com\/index.php\/2024\/12\/06\/problema-nos-bastidores-permanencias-definidas-e-jogador-indo-ao-goias-as-ultimas-noticias-do-santos\/#breadcrumb\"},\"inLanguage\":\"pt-BR\",\"potentialAction\":[{\"@type\":\"ReadAction\",\"target\":[\"https:\/\/www.gaveanews.com\/index.php\/2024\/12\/06\/problema-nos-bastidores-permanencias-definidas-e-jogador-indo-ao-goias-as-ultimas-noticias-do-santos\/\"]}]},{\"@type\":\"ImageObject\",\"inLanguage\":\"pt-BR\",\"@id\":\"https:\/\/www.gaveanews.com\/index.php\/2024\/12\/06\/problema-nos-bastidores-permanencias-definidas-e-jogador-indo-ao-goias-as-ultimas-noticias-do-santos\/#primaryimage\",\"url\":\"https:\/\/www.gaveanews.com\/wp-content\/uploads\/Escudo-do-Santos-1.webp\",\"contentUrl\":\"https:\/\/www.gaveanews.com\/wp-content\/uploads\/Escudo-do-Santos-1.webp\",\"width\":1300,\"height\":1056,\"caption\":\"Escudo do Santos (Foto: Reprodu\u00e7\u00e3o\/Instagram)\"},{\"@type\":\"BreadcrumbList\",\"@id\":\"https:\/\/www.gaveanews.com\/index.php\/2024\/12\/06\/problema-nos-bastidores-permanencias-definidas-e-jogador-indo-ao-goias-as-ultimas-noticias-do-santos\/#breadcrumb\",\"itemListElement\":[{\"@type\":\"ListItem\",\"position\":1,\"name\":\"Home\",\"item\":\"https:\/\/www.gaveanews.com\/\"},{\"@type\":\"ListItem\",\"position\":2,\"name\":\"Problema nos bastidores, perman\u00eancias definidas e jogador indo ao Goi\u00e1s: as \u00faltimas not\u00edcias do Santos\"}]},{\"@type\":\"WebSite\",\"@id\":\"https:\/\/www.gaveanews.com\/#website\",\"url\":\"https:\/\/www.gaveanews.com\/\",\"name\":\"G\u00e1vea News\",\"description\":\"Veja todas as not\u00edcias sobre o Flamengo: Contrata\u00e7\u00f5es, categorias de base, resultados das partidas, tabela de classifica\u00e7\u00e3o, pr\u00f3ximos jogos!\",\"potentialAction\":[{\"@type\":\"SearchAction\",\"target\":{\"@type\":\"EntryPoint\",\"urlTemplate\":\"https:\/\/www.gaveanews.com\/?s={search_term_string}\"},\"query-input\":{\"@type\":\"PropertyValueSpecification\",\"valueRequired\":true,\"valueName\":\"search_term_string\"}}],\"inLanguage\":\"pt-BR\"},{\"@type\":\"Person\",\"@id\":\"https:\/\/www.gaveanews.com\/#\/schema\/person\/8207cd4627f56151707418bfc835b2fb\",\"name\":\"Matheus Felipe\",\"image\":{\"@type\":\"ImageObject\",\"inLanguage\":\"pt-BR\",\"@id\":\"https:\/\/www.gaveanews.com\/#\/schema\/person\/image\/\",\"url\":\"https:\/\/secure.gravatar.com\/avatar\/a452ffbed9130f726358b298bb3a99ce4bd3c5338411f8440e87e14d74c7c087?s=96&d=mm&r=g\",\"contentUrl\":\"https:\/\/secure.gravatar.com\/avatar\/a452ffbed9130f726358b298bb3a99ce4bd3c5338411f8440e87e14d74c7c087?s=96&d=mm&r=g\",\"caption\":\"Matheus Felipe\"}}]}<\/script>\n<!-- \/ Yoast SEO Premium plugin. -->","yoast_head_json":{"title":"Problema nos bastidores, perman\u00eancias definidas e jogador indo ao Goi\u00e1s: as \u00faltimas not\u00edcias do Santos","robots":{"index":"index","follow":"follow","max-snippet":"max-snippet:-1","max-image-preview":"max-image-preview:large","max-video-preview":"max-video-preview:-1"},"canonical":"https:\/\/www.gaveanews.com\/index.php\/2024\/12\/06\/problema-nos-bastidores-permanencias-definidas-e-jogador-indo-ao-goias-as-ultimas-noticias-do-santos\/","og_locale":"pt_BR","og_type":"article","og_title":"Problema nos bastidores, perman\u00eancias definidas e jogador indo ao Goi\u00e1s: as \u00faltimas not\u00edcias do Santos","og_description":"Nas \u00faltimas horas, o foco das not\u00edcias sobre o Santos se concentram nos bastidores do clube, com destaques como os problemas nos bastidores e as perman\u00eancias definidas. Por conta deste contexto, leia abaixo um resumo preparado pela equipe do portal G\u00e1vea News para lhe manter muito bem informado! Jogador indo ao Goi\u00e1s O Goi\u00e1s anunciou [&hellip;]","og_url":"https:\/\/www.gaveanews.com\/index.php\/2024\/12\/06\/problema-nos-bastidores-permanencias-definidas-e-jogador-indo-ao-goias-as-ultimas-noticias-do-santos\/","og_site_name":"G\u00e1vea News","article_publisher":"https:\/\/facebook.com\/gaveaNews\/","article_published_time":"2024-12-06T08:30:00+00:00","og_image":[{"width":1300,"height":1056,"url":"https:\/\/www.gaveanews.com\/wp-content\/uploads\/Escudo-do-Santos-1.webp","type":"image\/webp"}],"author":"Matheus Felipe","twitter_card":"summary_large_image","twitter_misc":{"Escrito por":"Matheus Felipe","Est. tempo de leitura":"5 minutos"},"schema":{"@context":"https:\/\/schema.org","@graph":[{"@type":"NewsArticle","@id":"https:\/\/www.gaveanews.com\/index.php\/2024\/12\/06\/problema-nos-bastidores-permanencias-definidas-e-jogador-indo-ao-goias-as-ultimas-noticias-do-santos\/#article","isPartOf":{"@id":"https:\/\/www.gaveanews.com\/index.php\/2024\/12\/06\/problema-nos-bastidores-permanencias-definidas-e-jogador-indo-ao-goias-as-ultimas-noticias-do-santos\/"},"author":{"name":"Matheus Felipe","@id":"https:\/\/www.gaveanews.com\/#\/schema\/person\/8207cd4627f56151707418bfc835b2fb"},"headline":"Problema nos bastidores, perman\u00eancias definidas e jogador indo ao Goi\u00e1s: as \u00faltimas not\u00edcias do Santos","datePublished":"2024-12-06T08:30:00+00:00","mainEntityOfPage":{"@id":"https:\/\/www.gaveanews.com\/index.php\/2024\/12\/06\/problema-nos-bastidores-permanencias-definidas-e-jogador-indo-ao-goias-as-ultimas-noticias-do-santos\/"},"wordCount":689,"commentCount":0,"image":{"@id":"https:\/\/www.gaveanews.com\/index.php\/2024\/12\/06\/problema-nos-bastidores-permanencias-definidas-e-jogador-indo-ao-goias-as-ultimas-noticias-do-santos\/#primaryimage"},"thumbnailUrl":"https:\/\/www.gaveanews.com\/wp-content\/uploads\/Escudo-do-Santos-1.webp","articleSection":["Santos"],"inLanguage":"pt-BR","potentialAction":[{"@type":"CommentAction","name":"Comment","target":["https:\/\/www.gaveanews.com\/index.php\/2024\/12\/06\/problema-nos-bastidores-permanencias-definidas-e-jogador-indo-ao-goias-as-ultimas-noticias-do-santos\/#respond"]}],"copyrightYear":"2024","copyrightHolder":{"@id":"https:\/\/www.gaveanews.com\/#organization"}},{"@type":"WebPage","@id":"https:\/\/www.gaveanews.com\/index.php\/2024\/12\/06\/problema-nos-bastidores-permanencias-definidas-e-jogador-indo-ao-goias-as-ultimas-noticias-do-santos\/","url":"https:\/\/www.gaveanews.com\/index.php\/2024\/12\/06\/problema-nos-bastidores-permanencias-definidas-e-jogador-indo-ao-goias-as-ultimas-noticias-do-santos\/","name":"Problema nos bastidores, perman\u00eancias definidas e jogador indo ao Goi\u00e1s: as \u00faltimas not\u00edcias do Santos","isPartOf":{"@id":"https:\/\/www.gaveanews.com\/#website"},"primaryImageOfPage":{"@id":"https:\/\/www.gaveanews.com\/index.php\/2024\/12\/06\/problema-nos-bastidores-permanencias-definidas-e-jogador-indo-ao-goias-as-ultimas-noticias-do-santos\/#primaryimage"},"image":{"@id":"https:\/\/www.gaveanews.com\/index.php\/2024\/12\/06\/problema-nos-bastidores-permanencias-definidas-e-jogador-indo-ao-goias-as-ultimas-noticias-do-santos\/#primaryimage"},"thumbnailUrl":"https:\/\/www.gaveanews.com\/wp-content\/uploads\/Escudo-do-Santos-1.webp","datePublished":"2024-12-06T08:30:00+00:00","author":{"@id":"https:\/\/www.gaveanews.com\/#\/schema\/person\/8207cd4627f56151707418bfc835b2fb"},"breadcrumb":{"@id":"https:\/\/www.gaveanews.com\/index.php\/2024\/12\/06\/problema-nos-bastidores-permanencias-definidas-e-jogador-indo-ao-goias-as-ultimas-noticias-do-santos\/#breadcrumb"},"inLanguage":"pt-BR","potentialAction":[{"@type":"ReadAction","target":["https:\/\/www.gaveanews.com\/index.php\/2024\/12\/06\/problema-nos-bastidores-permanencias-definidas-e-jogador-indo-ao-goias-as-ultimas-noticias-do-santos\/"]}]},{"@type":"ImageObject","inLanguage":"pt-BR","@id":"https:\/\/www.gaveanews.com\/index.php\/2024\/12\/06\/problema-nos-bastidores-permanencias-definidas-e-jogador-indo-ao-goias-as-ultimas-noticias-do-santos\/#primaryimage","url":"https:\/\/www.gaveanews.com\/wp-content\/uploads\/Escudo-do-Santos-1.webp","contentUrl":"https:\/\/www.gaveanews.com\/wp-content\/uploads\/Escudo-do-Santos-1.webp","width":1300,"height":1056,"caption":"Escudo do Santos (Foto: Reprodu\u00e7\u00e3o\/Instagram)"},{"@type":"BreadcrumbList","@id":"https:\/\/www.gaveanews.com\/index.php\/2024\/12\/06\/problema-nos-bastidores-permanencias-definidas-e-jogador-indo-ao-goias-as-ultimas-noticias-do-santos\/#breadcrumb","itemListElement":[{"@type":"ListItem","position":1,"name":"Home","item":"https:\/\/www.gaveanews.com\/"},{"@type":"ListItem","position":2,"name":"Problema nos bastidores, perman\u00eancias definidas e jogador indo ao Goi\u00e1s: as \u00faltimas not\u00edcias do Santos"}]},{"@type":"WebSite","@id":"https:\/\/www.gaveanews.com\/#website","url":"https:\/\/www.gaveanews.com\/","name":"G\u00e1vea News","description":"Veja todas as not\u00edcias sobre o Flamengo: Contrata\u00e7\u00f5es, categorias de base, resultados das partidas, tabela de classifica\u00e7\u00e3o, pr\u00f3ximos jogos!","potentialAction":[{"@type":"SearchAction","target":{"@type":"EntryPoint","urlTemplate":"https:\/\/www.gaveanews.com\/?s={search_term_string}"},"query-input":{"@type":"PropertyValueSpecification","valueRequired":true,"valueName":"search_term_string"}}],"inLanguage":"pt-BR"},{"@type":"Person","@id":"https:\/\/www.gaveanews.com\/#\/schema\/person\/8207cd4627f56151707418bfc835b2fb","name":"Matheus Felipe","image":{"@type":"ImageObject","inLanguage":"pt-BR","@id":"https:\/\/www.gaveanews.com\/#\/schema\/person\/image\/","url":"https:\/\/secure.gravatar.com\/avatar\/a452ffbed9130f726358b298bb3a99ce4bd3c5338411f8440e87e14d74c7c087?s=96&d=mm&r=g","contentUrl":"https:\/\/secure.gravatar.com\/avatar\/a452ffbed9130f726358b298bb3a99ce4bd3c5338411f8440e87e14d74c7c087?s=96&d=mm&r=g","caption":"Matheus Felipe"}}]}},"_links":{"self":[{"href":"https:\/\/www.gaveanews.com\/index.php\/wp-json\/wp\/v2\/posts\/195567","targetHints":{"allow":["GET"]}}],"collection":[{"href":"https:\/\/www.gaveanews.com\/index.php\/wp-json\/wp\/v2\/posts"}],"about":[{"href":"https:\/\/www.gaveanews.com\/index.php\/wp-json\/wp\/v2\/types\/post"}],"author":[{"embeddable":true,"href":"https:\/\/www.gaveanews.com\/index.php\/wp-json\/wp\/v2\/users\/27"}],"replies":[{"embeddable":true,"href":"https:\/\/www.gaveanews.com\/index.php\/wp-json\/wp\/v2\/comments?post=195567"}],"version-history":[{"count":1,"href":"https:\/\/www.gaveanews.com\/index.php\/wp-json\/wp\/v2\/posts\/195567\/revisions"}],"predecessor-version":[{"id":195569,"href":"https:\/\/www.gaveanews.com\/index.php\/wp-json\/wp\/v2\/posts\/195567\/revisions\/195569"}],"wp:featuredmedia":[{"embeddable":true,"href":"https:\/\/www.gaveanews.com\/index.php\/wp-json\/wp\/v2\/media\/152156"}],"wp:attachment":[{"href":"https:\/\/www.gaveanews.com\/index.php\/wp-json\/wp\/v2\/media?parent=195567"}],"wp:term":[{"taxonomy":"category","embeddable":true,"href":"https:\/\/www.gaveanews.com\/index.php\/wp-json\/wp\/v2\/categories?post=195567"},{"taxonomy":"post_tag","embeddable":true,"href":"https:\/\/www.gaveanews.com\/index.php\/wp-json\/wp\/v2\/tags?post=195567"}],"curies":[{"name":"wp","href":"https:\/\/api.w.org\/{rel}","templated":true}]}}