{"id":195663,"date":"2024-12-06T11:50:10","date_gmt":"2024-12-06T14:50:10","guid":{"rendered":"https:\/\/www.gaveanews.com\/?p=195663"},"modified":"2024-12-06T11:22:38","modified_gmt":"2024-12-06T14:22:38","slug":"cristaldo-diego-costa-martin-braithwaite-gustavo-nunes-soteldo-reinaldo-cristian-pavon-mathias-villasanti-andre-henrique-e-miguel-monsalve-os-jogadores-do-gremio-com-mais-gols-marcados-na-tem","status":"publish","type":"post","link":"https:\/\/www.gaveanews.com\/index.php\/2024\/12\/06\/cristaldo-diego-costa-martin-braithwaite-gustavo-nunes-soteldo-reinaldo-cristian-pavon-mathias-villasanti-andre-henrique-e-miguel-monsalve-os-jogadores-do-gremio-com-mais-gols-marcados-na-tem\/","title":{"rendered":"Cristaldo, Diego Costa, Martin Braithwaite, Gustavo Nunes, Soteldo, Reinaldo, Cristian Pav\u00f3n, Mathias Villasanti, Andr\u00e9 Henrique e Miguel Monsalve: os jogadores do Gr\u00eamio com mais gols marcados na temporada"},"content":{"rendered":"\n<p>Para manter o time vivo nos campeonatos e colher bons frutos ao final das temporadas, os jogadores precisam se empenhar em ter um time equilibrado, ou seja, com bons aproveitamentos defensivos e ofensivos.<\/p>\n\n\n\n<ul class=\"wp-block-list\">\n<li><a href=\"https:\/\/www.gaveanews.com\/index.php\/2024\/12\/06\/vaga-na-sul-americana-declaracao-de-tiago-leifert-e-os-defensores-com-menos-dribles-sofridos-as-ultimas-noticias-do-gremio\/\">Vaga na Sul-Americana, declara\u00e7\u00e3o de Tiago Leifert e os defensores com menos dribles sofridos: as \u00faltimas not\u00edcias do Gr\u00eamio<\/a><\/li>\n\n\n\n<li><a href=\"https:\/\/www.gaveanews.com\/index.php\/2024\/12\/06\/ramon-diaz-prepara-novidades-para-enfrentar-o-gremio\/\">Ram\u00f3n D\u00edaz prepara novidades para enfrentar o Gr\u00eamio<\/a><\/li>\n<\/ul>\n\n\n\n<p>Uma das melhores formas de manter um time consistente \u00e9 com um bom ataque, e os aproveitamentos individuais s\u00e3o importantes. Nesse cen\u00e1rio, o G\u00e1vea News elencou o top-10 atletas com mais gols pelo Gr\u00eamio na temporada. Os dados foram retirados do &#8216;Ogol&#8217;.<\/p>\n\n\n\n<h2 class=\"wp-block-heading\" id=\"h-miguel-monsalve\">Miguel Monsalve<\/h2>\n\n\n\n<figure class=\"wp-block-image size-full\"><img loading=\"lazy\" decoding=\"async\" width=\"984\" height=\"656\" src=\"https:\/\/www.gaveanews.com\/wp-content\/uploads\/Miguel-Monsalve-pelo-Gremio.webp\" alt=\"\" class=\"wp-image-169837\" srcset=\"https:\/\/www.gaveanews.com\/wp-content\/uploads\/Miguel-Monsalve-pelo-Gremio.webp 984w, https:\/\/www.gaveanews.com\/wp-content\/uploads\/Miguel-Monsalve-pelo-Gremio-300x200.webp 300w, https:\/\/www.gaveanews.com\/wp-content\/uploads\/Miguel-Monsalve-pelo-Gremio-768x512.webp 768w, https:\/\/www.gaveanews.com\/wp-content\/uploads\/Miguel-Monsalve-pelo-Gremio-630x420.webp 630w, https:\/\/www.gaveanews.com\/wp-content\/uploads\/Miguel-Monsalve-pelo-Gremio-640x427.webp 640w, https:\/\/www.gaveanews.com\/wp-content\/uploads\/Miguel-Monsalve-pelo-Gremio-681x454.webp 681w, https:\/\/www.gaveanews.com\/wp-content\/uploads\/Miguel-Monsalve-pelo-Gremio-100x67.webp 100w\" sizes=\"auto, (max-width: 984px) 100vw, 984px\" \/><figcaption class=\"wp-element-caption\">Miguel Monsalve pelo Gr\u00eamio (Foto: Lucas Uebel\/Gr\u00eamio)<\/figcaption><\/figure>\n\n\n\n<p>Miguel Monsalve abre a lista do Gr\u00eamio e aparece em d\u00e9cimo lugar, com 3 gols marcados na temporada. O meia disputou 20 partidas, foi titular 10 vezes e tem uma minutagem de 1.012.<\/p>\n\n\n\n<h2 class=\"wp-block-heading\" id=\"h-andre-henrique\">Andr\u00e9 Henrique<\/h2>\n\n\n\n<figure class=\"wp-block-embed is-type-photo is-provider-flickr wp-block-embed-flickr\"><div class=\"wp-block-embed__wrapper\">\n<a href=\"https:\/\/www.flickr.com\/photos\/201155970@N03\/54185910492\/in\/dateposted-public\/\"><img loading=\"lazy\" decoding=\"async\" src=\"https:\/\/live.staticflickr.com\/65535\/54185910492_880d46c248_z.webp\" alt=\"imagem_2024-12-06_112158998\" width=\"640\" height=\"427\" \/><\/a>\n<\/div><\/figure>\n\n\n\n<p>Andr\u00e9 Henrique vem logo na sequ\u00eancia, com 3 gols marcados em toda a temporada. O atacante disputou 12 partidas, foi titular 3 vezes e tem 539 minutos em campo.<\/p>\n\n\n\n<h2 class=\"wp-block-heading\" id=\"h-mathias-villasanti\">Mathias Villasanti<\/h2>\n\n\n\n<figure class=\"wp-block-image size-full\"><img loading=\"lazy\" decoding=\"async\" width=\"984\" height=\"656\" src=\"https:\/\/www.gaveanews.com\/wp-content\/uploads\/villasanti-gremio.webp\" alt=\"\" class=\"wp-image-109516\" srcset=\"https:\/\/www.gaveanews.com\/wp-content\/uploads\/villasanti-gremio.webp 984w, https:\/\/www.gaveanews.com\/wp-content\/uploads\/villasanti-gremio-300x200.webp 300w, https:\/\/www.gaveanews.com\/wp-content\/uploads\/villasanti-gremio-768x512.webp 768w, https:\/\/www.gaveanews.com\/wp-content\/uploads\/villasanti-gremio-630x420.webp 630w, https:\/\/www.gaveanews.com\/wp-content\/uploads\/villasanti-gremio-640x427.webp 640w, https:\/\/www.gaveanews.com\/wp-content\/uploads\/villasanti-gremio-681x454.webp 681w, https:\/\/www.gaveanews.com\/wp-content\/uploads\/villasanti-gremio-100x67.webp 100w\" sizes=\"auto, (max-width: 984px) 100vw, 984px\" \/><figcaption class=\"wp-element-caption\">Villasanti em a\u00e7\u00e3o pelo Gr\u00eamio (Foto: Lucas Uebel\/Gr\u00eamio FBPA)<\/figcaption><\/figure>\n\n\n\n<p>Mathias Villasanti \u00e9 meia e disputou 48 confrontos em todo o ano. O atleta tem 4 tentos anotados, foi titular em 48 dos duelos citados e tem 4.265 de minutagem.<\/p>\n\n\n\n<h2 class=\"wp-block-heading\" id=\"h-cristian-pavon\">Cristian Pav\u00f3n<\/h2>\n\n\n\n<figure class=\"wp-block-image size-full\"><img loading=\"lazy\" decoding=\"async\" width=\"984\" height=\"656\" src=\"https:\/\/www.gaveanews.com\/wp-content\/uploads\/Cristian-Pavon-pelo-Gremio.webp\" alt=\"\" class=\"wp-image-169838\" srcset=\"https:\/\/www.gaveanews.com\/wp-content\/uploads\/Cristian-Pavon-pelo-Gremio.webp 984w, https:\/\/www.gaveanews.com\/wp-content\/uploads\/Cristian-Pavon-pelo-Gremio-300x200.webp 300w, https:\/\/www.gaveanews.com\/wp-content\/uploads\/Cristian-Pavon-pelo-Gremio-768x512.webp 768w, https:\/\/www.gaveanews.com\/wp-content\/uploads\/Cristian-Pavon-pelo-Gremio-630x420.webp 630w, https:\/\/www.gaveanews.com\/wp-content\/uploads\/Cristian-Pavon-pelo-Gremio-640x427.webp 640w, https:\/\/www.gaveanews.com\/wp-content\/uploads\/Cristian-Pavon-pelo-Gremio-681x454.webp 681w, https:\/\/www.gaveanews.com\/wp-content\/uploads\/Cristian-Pavon-pelo-Gremio-100x67.webp 100w\" sizes=\"auto, (max-width: 984px) 100vw, 984px\" \/><figcaption class=\"wp-element-caption\">Cristian Pav\u00f3n pelo Gr\u00eamio (Foto: Lucas Uebel\/Gr\u00eamio)<\/figcaption><\/figure>\n\n\n\n<p>Cristian Pav\u00f3n sobe a quantidade de gols marcados em 5, em 35 partidas que disputou pelo torneio nacional. O atacante foi titular em 27 dos confrontos, e tem 1.973 minutos em campo.<\/p>\n\n\n\n<h2 class=\"wp-block-heading\" id=\"h-reinaldo\">Reinaldo <\/h2>\n\n\n\n<figure class=\"wp-block-image size-full\"><img loading=\"lazy\" decoding=\"async\" width=\"1600\" height=\"1200\" src=\"https:\/\/www.gaveanews.com\/wp-content\/uploads\/Reinaldo-apresentado-pelo-Gremio.webp\" alt=\"\" class=\"wp-image-167367\" srcset=\"https:\/\/www.gaveanews.com\/wp-content\/uploads\/Reinaldo-apresentado-pelo-Gremio.webp 1600w, https:\/\/www.gaveanews.com\/wp-content\/uploads\/Reinaldo-apresentado-pelo-Gremio-300x225.webp 300w, https:\/\/www.gaveanews.com\/wp-content\/uploads\/Reinaldo-apresentado-pelo-Gremio-1024x768.webp 1024w, https:\/\/www.gaveanews.com\/wp-content\/uploads\/Reinaldo-apresentado-pelo-Gremio-768x576.webp 768w, https:\/\/www.gaveanews.com\/wp-content\/uploads\/Reinaldo-apresentado-pelo-Gremio-1536x1152.webp 1536w, https:\/\/www.gaveanews.com\/wp-content\/uploads\/Reinaldo-apresentado-pelo-Gremio-560x420.webp 560w, https:\/\/www.gaveanews.com\/wp-content\/uploads\/Reinaldo-apresentado-pelo-Gremio-1120x840.webp 1120w, https:\/\/www.gaveanews.com\/wp-content\/uploads\/Reinaldo-apresentado-pelo-Gremio-80x60.webp 80w, https:\/\/www.gaveanews.com\/wp-content\/uploads\/Reinaldo-apresentado-pelo-Gremio-160x120.webp 160w, https:\/\/www.gaveanews.com\/wp-content\/uploads\/Reinaldo-apresentado-pelo-Gremio-100x75.webp 100w, https:\/\/www.gaveanews.com\/wp-content\/uploads\/Reinaldo-apresentado-pelo-Gremio-200x150.webp 200w, https:\/\/www.gaveanews.com\/wp-content\/uploads\/Reinaldo-apresentado-pelo-Gremio-180x135.webp 180w, https:\/\/www.gaveanews.com\/wp-content\/uploads\/Reinaldo-apresentado-pelo-Gremio-360x270.webp 360w, https:\/\/www.gaveanews.com\/wp-content\/uploads\/Reinaldo-apresentado-pelo-Gremio-238x178.webp 238w, https:\/\/www.gaveanews.com\/wp-content\/uploads\/Reinaldo-apresentado-pelo-Gremio-476x356.webp 476w, https:\/\/www.gaveanews.com\/wp-content\/uploads\/Reinaldo-apresentado-pelo-Gremio-640x480.webp 640w, https:\/\/www.gaveanews.com\/wp-content\/uploads\/Reinaldo-apresentado-pelo-Gremio-1280x960.webp 1280w, https:\/\/www.gaveanews.com\/wp-content\/uploads\/Reinaldo-apresentado-pelo-Gremio-681x511.webp 681w, https:\/\/www.gaveanews.com\/wp-content\/uploads\/Reinaldo-apresentado-pelo-Gremio-1362x1022.webp 1362w\" sizes=\"auto, (max-width: 1600px) 100vw, 1600px\" \/><figcaption class=\"wp-element-caption\">Reinaldo apresentado pelo Gr\u00eamio (Foto: Lucas Uebel\/Gr\u00eamio)<\/figcaption><\/figure>\n\n\n\n<p>Reinaldo tem 6 gols marcados na temporada. O lateral-esquerdo do Gr\u00eamio foi a campo 45 vezes, iniciou 44 como titular e tem 3.934 minutos em campo.<\/p>\n\n\n\n<h2 class=\"wp-block-heading\" id=\"h-soteldo\">Soteldo <\/h2>\n\n\n\n<figure class=\"wp-block-image size-full\"><img loading=\"lazy\" decoding=\"async\" width=\"1440\" height=\"959\" src=\"https:\/\/www.gaveanews.com\/wp-content\/uploads\/Yeferson-Soteldo-com-a-camisa-do-Gremio-pela-Libertadores-2024.webp\" alt=\"\" class=\"wp-image-155183\" srcset=\"https:\/\/www.gaveanews.com\/wp-content\/uploads\/Yeferson-Soteldo-com-a-camisa-do-Gremio-pela-Libertadores-2024.webp 1440w, https:\/\/www.gaveanews.com\/wp-content\/uploads\/Yeferson-Soteldo-com-a-camisa-do-Gremio-pela-Libertadores-2024-300x200.webp 300w, https:\/\/www.gaveanews.com\/wp-content\/uploads\/Yeferson-Soteldo-com-a-camisa-do-Gremio-pela-Libertadores-2024-1024x682.webp 1024w, https:\/\/www.gaveanews.com\/wp-content\/uploads\/Yeferson-Soteldo-com-a-camisa-do-Gremio-pela-Libertadores-2024-768x511.webp 768w, https:\/\/www.gaveanews.com\/wp-content\/uploads\/Yeferson-Soteldo-com-a-camisa-do-Gremio-pela-Libertadores-2024-631x420.webp 631w, https:\/\/www.gaveanews.com\/wp-content\/uploads\/Yeferson-Soteldo-com-a-camisa-do-Gremio-pela-Libertadores-2024-1261x840.webp 1261w, https:\/\/www.gaveanews.com\/wp-content\/uploads\/Yeferson-Soteldo-com-a-camisa-do-Gremio-pela-Libertadores-2024-640x426.webp 640w, https:\/\/www.gaveanews.com\/wp-content\/uploads\/Yeferson-Soteldo-com-a-camisa-do-Gremio-pela-Libertadores-2024-1280x852.webp 1280w, https:\/\/www.gaveanews.com\/wp-content\/uploads\/Yeferson-Soteldo-com-a-camisa-do-Gremio-pela-Libertadores-2024-681x454.webp 681w, https:\/\/www.gaveanews.com\/wp-content\/uploads\/Yeferson-Soteldo-com-a-camisa-do-Gremio-pela-Libertadores-2024-1362x907.webp 1362w, https:\/\/www.gaveanews.com\/wp-content\/uploads\/Yeferson-Soteldo-com-a-camisa-do-Gremio-pela-Libertadores-2024-100x67.webp 100w\" sizes=\"auto, (max-width: 1440px) 100vw, 1440px\" \/><figcaption class=\"wp-element-caption\">Yeferson Soteldo com a camisa do Gr\u00eamio pela Libertadores 2024 (Foto: Reprodu\u00e7\u00e3o\/Gr\u00eamio)<\/figcaption><\/figure>\n\n\n\n<p>Soteldo \u00e9 um dos atacantes do Gr\u00eamio e balan\u00e7ou as redes 7 vezes em toda a temporada. O jogador foi a campo em 40 jogos, titular em 31 deles e tem 2.729 de minutagem.<\/p>\n\n\n\n<h2 class=\"wp-block-heading\" id=\"h-gustavo-nunes\">Gustavo Nunes<\/h2>\n\n\n\n<figure class=\"wp-block-image size-full\"><img loading=\"lazy\" decoding=\"async\" width=\"984\" height=\"656\" src=\"https:\/\/www.gaveanews.com\/wp-content\/uploads\/Gustavo-Nunes-em-acao-pelo-Gremio-durante-a-partida-contra-o-Corinthians-pelo-Campeonato-Brasileiro-de-2024-na-Neo-Quimica-Arena.webp\" alt=\"\" class=\"wp-image-154937\" srcset=\"https:\/\/www.gaveanews.com\/wp-content\/uploads\/Gustavo-Nunes-em-acao-pelo-Gremio-durante-a-partida-contra-o-Corinthians-pelo-Campeonato-Brasileiro-de-2024-na-Neo-Quimica-Arena.webp 984w, https:\/\/www.gaveanews.com\/wp-content\/uploads\/Gustavo-Nunes-em-acao-pelo-Gremio-durante-a-partida-contra-o-Corinthians-pelo-Campeonato-Brasileiro-de-2024-na-Neo-Quimica-Arena-300x200.webp 300w, https:\/\/www.gaveanews.com\/wp-content\/uploads\/Gustavo-Nunes-em-acao-pelo-Gremio-durante-a-partida-contra-o-Corinthians-pelo-Campeonato-Brasileiro-de-2024-na-Neo-Quimica-Arena-768x512.webp 768w, https:\/\/www.gaveanews.com\/wp-content\/uploads\/Gustavo-Nunes-em-acao-pelo-Gremio-durante-a-partida-contra-o-Corinthians-pelo-Campeonato-Brasileiro-de-2024-na-Neo-Quimica-Arena-630x420.webp 630w, https:\/\/www.gaveanews.com\/wp-content\/uploads\/Gustavo-Nunes-em-acao-pelo-Gremio-durante-a-partida-contra-o-Corinthians-pelo-Campeonato-Brasileiro-de-2024-na-Neo-Quimica-Arena-640x427.webp 640w, https:\/\/www.gaveanews.com\/wp-content\/uploads\/Gustavo-Nunes-em-acao-pelo-Gremio-durante-a-partida-contra-o-Corinthians-pelo-Campeonato-Brasileiro-de-2024-na-Neo-Quimica-Arena-681x454.webp 681w, https:\/\/www.gaveanews.com\/wp-content\/uploads\/Gustavo-Nunes-em-acao-pelo-Gremio-durante-a-partida-contra-o-Corinthians-pelo-Campeonato-Brasileiro-de-2024-na-Neo-Quimica-Arena-100x67.webp 100w\" sizes=\"auto, (max-width: 984px) 100vw, 984px\" \/><figcaption class=\"wp-element-caption\">Gustavo Nunes em a\u00e7\u00e3o pelo Gr\u00eamio durante a partida contra o Corinthians pelo Campeonato Brasileiro de 2024 na Neo Quimica Arena (Foto: Lucas Uebel\/Gr\u00eamio)<\/figcaption><\/figure>\n\n\n\n<p>Gustavo Nunes aparece na quarta posi\u00e7\u00e3o, com 7 gols marcados. O atacante participou de 40 confrontos, foi titular 21 vezes e tem 2.421 minutos jogados.<\/p>\n\n\n\n<h2 class=\"wp-block-heading\" id=\"h-martin-braithwaite\">Martin Braithwaite<\/h2>\n\n\n\n<figure class=\"wp-block-image size-full\"><img loading=\"lazy\" decoding=\"async\" width=\"1440\" height=\"1080\" src=\"https:\/\/www.gaveanews.com\/wp-content\/uploads\/Martin-Braithwaite-com-a-camisa-do-Gremio-em-2024.webp\" alt=\"\" class=\"wp-image-156157\" srcset=\"https:\/\/www.gaveanews.com\/wp-content\/uploads\/Martin-Braithwaite-com-a-camisa-do-Gremio-em-2024.webp 1440w, https:\/\/www.gaveanews.com\/wp-content\/uploads\/Martin-Braithwaite-com-a-camisa-do-Gremio-em-2024-300x225.webp 300w, https:\/\/www.gaveanews.com\/wp-content\/uploads\/Martin-Braithwaite-com-a-camisa-do-Gremio-em-2024-1024x768.webp 1024w, https:\/\/www.gaveanews.com\/wp-content\/uploads\/Martin-Braithwaite-com-a-camisa-do-Gremio-em-2024-768x576.webp 768w, https:\/\/www.gaveanews.com\/wp-content\/uploads\/Martin-Braithwaite-com-a-camisa-do-Gremio-em-2024-560x420.webp 560w, https:\/\/www.gaveanews.com\/wp-content\/uploads\/Martin-Braithwaite-com-a-camisa-do-Gremio-em-2024-1120x840.webp 1120w, https:\/\/www.gaveanews.com\/wp-content\/uploads\/Martin-Braithwaite-com-a-camisa-do-Gremio-em-2024-80x60.webp 80w, https:\/\/www.gaveanews.com\/wp-content\/uploads\/Martin-Braithwaite-com-a-camisa-do-Gremio-em-2024-160x120.webp 160w, https:\/\/www.gaveanews.com\/wp-content\/uploads\/Martin-Braithwaite-com-a-camisa-do-Gremio-em-2024-100x75.webp 100w, https:\/\/www.gaveanews.com\/wp-content\/uploads\/Martin-Braithwaite-com-a-camisa-do-Gremio-em-2024-200x150.webp 200w, https:\/\/www.gaveanews.com\/wp-content\/uploads\/Martin-Braithwaite-com-a-camisa-do-Gremio-em-2024-180x135.webp 180w, https:\/\/www.gaveanews.com\/wp-content\/uploads\/Martin-Braithwaite-com-a-camisa-do-Gremio-em-2024-360x270.webp 360w, https:\/\/www.gaveanews.com\/wp-content\/uploads\/Martin-Braithwaite-com-a-camisa-do-Gremio-em-2024-238x178.webp 238w, https:\/\/www.gaveanews.com\/wp-content\/uploads\/Martin-Braithwaite-com-a-camisa-do-Gremio-em-2024-476x356.webp 476w, https:\/\/www.gaveanews.com\/wp-content\/uploads\/Martin-Braithwaite-com-a-camisa-do-Gremio-em-2024-640x480.webp 640w, https:\/\/www.gaveanews.com\/wp-content\/uploads\/Martin-Braithwaite-com-a-camisa-do-Gremio-em-2024-1280x960.webp 1280w, https:\/\/www.gaveanews.com\/wp-content\/uploads\/Martin-Braithwaite-com-a-camisa-do-Gremio-em-2024-681x511.webp 681w, https:\/\/www.gaveanews.com\/wp-content\/uploads\/Martin-Braithwaite-com-a-camisa-do-Gremio-em-2024-1362x1022.webp 1362w\" sizes=\"auto, (max-width: 1440px) 100vw, 1440px\" \/><figcaption class=\"wp-element-caption\">Martin Braithwaite com a camisa do Gr\u00eamio em 2024 (Foto: Reprodu\u00e7\u00e3o\/Gr\u00eamio)<\/figcaption><\/figure>\n\n\n\n<p>Martin Braithwaite abre o \u2018top-3\u2019 do Gr\u00eamio com 8 gols marcados. O atacante disputou 19 partidas, tem 19 confrontos como titular e 1.552 minutos jogados.<\/p>\n\n\n\n<h2 class=\"wp-block-heading\" id=\"h-diego-costa\">Diego Costa<\/h2>\n\n\n\n<figure class=\"wp-block-image size-full\"><img loading=\"lazy\" decoding=\"async\" width=\"842\" height=\"643\" src=\"https:\/\/www.gaveanews.com\/wp-content\/uploads\/Diego-Costa-em-acao-pelo-Gremio.webp\" alt=\"\" class=\"wp-image-173103\" srcset=\"https:\/\/www.gaveanews.com\/wp-content\/uploads\/Diego-Costa-em-acao-pelo-Gremio.webp 842w, https:\/\/www.gaveanews.com\/wp-content\/uploads\/Diego-Costa-em-acao-pelo-Gremio-300x229.webp 300w, https:\/\/www.gaveanews.com\/wp-content\/uploads\/Diego-Costa-em-acao-pelo-Gremio-768x586.webp 768w, https:\/\/www.gaveanews.com\/wp-content\/uploads\/Diego-Costa-em-acao-pelo-Gremio-550x420.webp 550w, https:\/\/www.gaveanews.com\/wp-content\/uploads\/Diego-Costa-em-acao-pelo-Gremio-80x60.webp 80w, https:\/\/www.gaveanews.com\/wp-content\/uploads\/Diego-Costa-em-acao-pelo-Gremio-100x76.webp 100w, https:\/\/www.gaveanews.com\/wp-content\/uploads\/Diego-Costa-em-acao-pelo-Gremio-640x489.webp 640w, https:\/\/www.gaveanews.com\/wp-content\/uploads\/Diego-Costa-em-acao-pelo-Gremio-681x520.webp 681w\" sizes=\"auto, (max-width: 842px) 100vw, 842px\" \/><figcaption class=\"wp-element-caption\">Diego Costa em a\u00e7\u00e3o pelo Gr\u00eamio (Foto: Lucas Uebel\/Gr\u00eamio)<\/figcaption><\/figure>\n\n\n\n<p>A segunda posi\u00e7\u00e3o pertence a Diego Costa, com 8 tentos anotados em toda a temporada. O atacante disputou 25 jogos, foi titular nas 15 vezes e tem 1.316 de minutagem.<\/p>\n\n\n\n<h2 class=\"wp-block-heading\" id=\"h-cristaldo\">Cristaldo<\/h2>\n\n\n\n<figure class=\"wp-block-image size-full\"><img loading=\"lazy\" decoding=\"async\" width=\"984\" height=\"657\" src=\"https:\/\/www.gaveanews.com\/wp-content\/uploads\/Cristaldo-pelo-Gremio.webp\" alt=\"\" class=\"wp-image-169834\" srcset=\"https:\/\/www.gaveanews.com\/wp-content\/uploads\/Cristaldo-pelo-Gremio.webp 984w, https:\/\/www.gaveanews.com\/wp-content\/uploads\/Cristaldo-pelo-Gremio-300x200.webp 300w, https:\/\/www.gaveanews.com\/wp-content\/uploads\/Cristaldo-pelo-Gremio-768x513.webp 768w, https:\/\/www.gaveanews.com\/wp-content\/uploads\/Cristaldo-pelo-Gremio-629x420.webp 629w, https:\/\/www.gaveanews.com\/wp-content\/uploads\/Cristaldo-pelo-Gremio-537x360.webp 537w, https:\/\/www.gaveanews.com\/wp-content\/uploads\/Cristaldo-pelo-Gremio-640x427.webp 640w, https:\/\/www.gaveanews.com\/wp-content\/uploads\/Cristaldo-pelo-Gremio-681x455.webp 681w, https:\/\/www.gaveanews.com\/wp-content\/uploads\/Cristaldo-pelo-Gremio-100x67.webp 100w\" sizes=\"auto, (max-width: 984px) 100vw, 984px\" \/><figcaption class=\"wp-element-caption\">Cristaldo pelo Gr\u00eamio (Foto: Lucas Uebel\/Gr\u00eamio)<\/figcaption><\/figure>\n\n\n\n<p>Cristaldo \u00e9 o primeiro da lista, com 13 gols em todo o ano. O meia participou de 58 jogos, foi titular 47 vezes e tem 3.677 minutos em campo<\/p>\n","protected":false},"excerpt":{"rendered":"<p>Para manter o time vivo nos campeonatos e colher bons frutos ao final das temporadas, os jogadores precisam se empenhar em ter um time equilibrado, ou seja, com bons aproveitamentos defensivos e ofensivos. Uma das melhores formas de manter um time consistente \u00e9 com um bom ataque, e os aproveitamentos individuais s\u00e3o importantes. Nesse cen\u00e1rio, [&hellip;]<\/p>\n","protected":false},"author":29,"featured_media":173103,"comment_status":"open","ping_status":"closed","sticky":false,"template":"","format":"standard","meta":{"footnotes":""},"categories":[147],"tags":[],"class_list":["post-195663","post","type-post","status-publish","format-standard","has-post-thumbnail","hentry","category-gremio"],"yoast_head":"<!-- This site is optimized with the Yoast SEO Premium plugin v24.2 (Yoast SEO v26.9) - https:\/\/yoast.com\/product\/yoast-seo-premium-wordpress\/ -->\n<title>Cristaldo, Diego Costa, Martin Braithwaite, Gustavo Nunes, Soteldo, Reinaldo, Cristian Pav\u00f3n, Mathias Villasanti, Andr\u00e9 Henrique e Miguel Monsalve: os jogadores do Gr\u00eamio com mais gols marcados na temporada<\/title>\n<meta name=\"robots\" content=\"index, follow, max-snippet:-1, max-image-preview:large, max-video-preview:-1\" \/>\n<link rel=\"canonical\" href=\"https:\/\/www.gaveanews.com\/index.php\/2024\/12\/06\/cristaldo-diego-costa-martin-braithwaite-gustavo-nunes-soteldo-reinaldo-cristian-pavon-mathias-villasanti-andre-henrique-e-miguel-monsalve-os-jogadores-do-gremio-com-mais-gols-marcados-na-tem\/\" \/>\n<meta property=\"og:locale\" content=\"pt_BR\" \/>\n<meta property=\"og:type\" content=\"article\" \/>\n<meta property=\"og:title\" content=\"Cristaldo, Diego Costa, Martin Braithwaite, Gustavo Nunes, Soteldo, Reinaldo, Cristian Pav\u00f3n, Mathias Villasanti, Andr\u00e9 Henrique e Miguel Monsalve: os jogadores do Gr\u00eamio com mais gols marcados na temporada\" \/>\n<meta property=\"og:description\" content=\"Para manter o time vivo nos campeonatos e colher bons frutos ao final das temporadas, os jogadores precisam se empenhar em ter um time equilibrado, ou seja, com bons aproveitamentos defensivos e ofensivos. Uma das melhores formas de manter um time consistente \u00e9 com um bom ataque, e os aproveitamentos individuais s\u00e3o importantes. Nesse cen\u00e1rio, [&hellip;]\" \/>\n<meta property=\"og:url\" content=\"https:\/\/www.gaveanews.com\/index.php\/2024\/12\/06\/cristaldo-diego-costa-martin-braithwaite-gustavo-nunes-soteldo-reinaldo-cristian-pavon-mathias-villasanti-andre-henrique-e-miguel-monsalve-os-jogadores-do-gremio-com-mais-gols-marcados-na-tem\/\" \/>\n<meta property=\"og:site_name\" content=\"G\u00e1vea News\" \/>\n<meta property=\"article:publisher\" content=\"https:\/\/facebook.com\/gaveaNews\/\" \/>\n<meta property=\"article:published_time\" content=\"2024-12-06T14:50:10+00:00\" \/>\n<meta property=\"og:image\" content=\"https:\/\/www.gaveanews.com\/wp-content\/uploads\/Diego-Costa-em-acao-pelo-Gremio.webp\" \/>\n\t<meta property=\"og:image:width\" content=\"842\" \/>\n\t<meta property=\"og:image:height\" content=\"643\" \/>\n\t<meta property=\"og:image:type\" content=\"image\/jpeg\" \/>\n<meta name=\"author\" content=\"Marco Menezes\" \/>\n<meta name=\"twitter:card\" content=\"summary_large_image\" \/>\n<meta name=\"twitter:label1\" content=\"Escrito por\" \/>\n\t<meta name=\"twitter:data1\" content=\"Marco Menezes\" \/>\n\t<meta name=\"twitter:label2\" content=\"Est. tempo de leitura\" \/>\n\t<meta name=\"twitter:data2\" content=\"5 minutos\" \/>\n<script type=\"application\/ld+json\" class=\"yoast-schema-graph\">{\"@context\":\"https:\/\/schema.org\",\"@graph\":[{\"@type\":\"NewsArticle\",\"@id\":\"https:\/\/www.gaveanews.com\/index.php\/2024\/12\/06\/cristaldo-diego-costa-martin-braithwaite-gustavo-nunes-soteldo-reinaldo-cristian-pavon-mathias-villasanti-andre-henrique-e-miguel-monsalve-os-jogadores-do-gremio-com-mais-gols-marcados-na-tem\/#article\",\"isPartOf\":{\"@id\":\"https:\/\/www.gaveanews.com\/index.php\/2024\/12\/06\/cristaldo-diego-costa-martin-braithwaite-gustavo-nunes-soteldo-reinaldo-cristian-pavon-mathias-villasanti-andre-henrique-e-miguel-monsalve-os-jogadores-do-gremio-com-mais-gols-marcados-na-tem\/\"},\"author\":{\"name\":\"Marco Menezes\",\"@id\":\"https:\/\/www.gaveanews.com\/#\/schema\/person\/a9f62fe75380c6bada1b2fc49bc23d69\"},\"headline\":\"Cristaldo, Diego Costa, Martin Braithwaite, Gustavo Nunes, Soteldo, Reinaldo, Cristian Pav\u00f3n, Mathias Villasanti, Andr\u00e9 Henrique e Miguel Monsalve: os jogadores do Gr\u00eamio com mais gols marcados na temporada\",\"datePublished\":\"2024-12-06T14:50:10+00:00\",\"mainEntityOfPage\":{\"@id\":\"https:\/\/www.gaveanews.com\/index.php\/2024\/12\/06\/cristaldo-diego-costa-martin-braithwaite-gustavo-nunes-soteldo-reinaldo-cristian-pavon-mathias-villasanti-andre-henrique-e-miguel-monsalve-os-jogadores-do-gremio-com-mais-gols-marcados-na-tem\/\"},\"wordCount\":549,\"commentCount\":0,\"image\":{\"@id\":\"https:\/\/www.gaveanews.com\/index.php\/2024\/12\/06\/cristaldo-diego-costa-martin-braithwaite-gustavo-nunes-soteldo-reinaldo-cristian-pavon-mathias-villasanti-andre-henrique-e-miguel-monsalve-os-jogadores-do-gremio-com-mais-gols-marcados-na-tem\/#primaryimage\"},\"thumbnailUrl\":\"https:\/\/www.gaveanews.com\/wp-content\/uploads\/Diego-Costa-em-acao-pelo-Gremio.webp\",\"articleSection\":[\"Gr\u00eamio\"],\"inLanguage\":\"pt-BR\",\"potentialAction\":[{\"@type\":\"CommentAction\",\"name\":\"Comment\",\"target\":[\"https:\/\/www.gaveanews.com\/index.php\/2024\/12\/06\/cristaldo-diego-costa-martin-braithwaite-gustavo-nunes-soteldo-reinaldo-cristian-pavon-mathias-villasanti-andre-henrique-e-miguel-monsalve-os-jogadores-do-gremio-com-mais-gols-marcados-na-tem\/#respond\"]}],\"copyrightYear\":\"2024\",\"copyrightHolder\":{\"@id\":\"https:\/\/www.gaveanews.com\/#organization\"}},{\"@type\":\"WebPage\",\"@id\":\"https:\/\/www.gaveanews.com\/index.php\/2024\/12\/06\/cristaldo-diego-costa-martin-braithwaite-gustavo-nunes-soteldo-reinaldo-cristian-pavon-mathias-villasanti-andre-henrique-e-miguel-monsalve-os-jogadores-do-gremio-com-mais-gols-marcados-na-tem\/\",\"url\":\"https:\/\/www.gaveanews.com\/index.php\/2024\/12\/06\/cristaldo-diego-costa-martin-braithwaite-gustavo-nunes-soteldo-reinaldo-cristian-pavon-mathias-villasanti-andre-henrique-e-miguel-monsalve-os-jogadores-do-gremio-com-mais-gols-marcados-na-tem\/\",\"name\":\"Cristaldo, Diego Costa, Martin Braithwaite, Gustavo Nunes, Soteldo, Reinaldo, Cristian Pav\u00f3n, Mathias Villasanti, Andr\u00e9 Henrique e Miguel Monsalve: os jogadores do Gr\u00eamio com mais gols marcados na temporada\",\"isPartOf\":{\"@id\":\"https:\/\/www.gaveanews.com\/#website\"},\"primaryImageOfPage\":{\"@id\":\"https:\/\/www.gaveanews.com\/index.php\/2024\/12\/06\/cristaldo-diego-costa-martin-braithwaite-gustavo-nunes-soteldo-reinaldo-cristian-pavon-mathias-villasanti-andre-henrique-e-miguel-monsalve-os-jogadores-do-gremio-com-mais-gols-marcados-na-tem\/#primaryimage\"},\"image\":{\"@id\":\"https:\/\/www.gaveanews.com\/index.php\/2024\/12\/06\/cristaldo-diego-costa-martin-braithwaite-gustavo-nunes-soteldo-reinaldo-cristian-pavon-mathias-villasanti-andre-henrique-e-miguel-monsalve-os-jogadores-do-gremio-com-mais-gols-marcados-na-tem\/#primaryimage\"},\"thumbnailUrl\":\"https:\/\/www.gaveanews.com\/wp-content\/uploads\/Diego-Costa-em-acao-pelo-Gremio.webp\",\"datePublished\":\"2024-12-06T14:50:10+00:00\",\"author\":{\"@id\":\"https:\/\/www.gaveanews.com\/#\/schema\/person\/a9f62fe75380c6bada1b2fc49bc23d69\"},\"breadcrumb\":{\"@id\":\"https:\/\/www.gaveanews.com\/index.php\/2024\/12\/06\/cristaldo-diego-costa-martin-braithwaite-gustavo-nunes-soteldo-reinaldo-cristian-pavon-mathias-villasanti-andre-henrique-e-miguel-monsalve-os-jogadores-do-gremio-com-mais-gols-marcados-na-tem\/#breadcrumb\"},\"inLanguage\":\"pt-BR\",\"potentialAction\":[{\"@type\":\"ReadAction\",\"target\":[\"https:\/\/www.gaveanews.com\/index.php\/2024\/12\/06\/cristaldo-diego-costa-martin-braithwaite-gustavo-nunes-soteldo-reinaldo-cristian-pavon-mathias-villasanti-andre-henrique-e-miguel-monsalve-os-jogadores-do-gremio-com-mais-gols-marcados-na-tem\/\"]}]},{\"@type\":\"ImageObject\",\"inLanguage\":\"pt-BR\",\"@id\":\"https:\/\/www.gaveanews.com\/index.php\/2024\/12\/06\/cristaldo-diego-costa-martin-braithwaite-gustavo-nunes-soteldo-reinaldo-cristian-pavon-mathias-villasanti-andre-henrique-e-miguel-monsalve-os-jogadores-do-gremio-com-mais-gols-marcados-na-tem\/#primaryimage\",\"url\":\"https:\/\/www.gaveanews.com\/wp-content\/uploads\/Diego-Costa-em-acao-pelo-Gremio.webp\",\"contentUrl\":\"https:\/\/www.gaveanews.com\/wp-content\/uploads\/Diego-Costa-em-acao-pelo-Gremio.webp\",\"width\":842,\"height\":643,\"caption\":\"Diego Costa em a\u00e7\u00e3o pelo Gr\u00eamio (Foto: Lucas Uebel\/Gr\u00eamio)\"},{\"@type\":\"BreadcrumbList\",\"@id\":\"https:\/\/www.gaveanews.com\/index.php\/2024\/12\/06\/cristaldo-diego-costa-martin-braithwaite-gustavo-nunes-soteldo-reinaldo-cristian-pavon-mathias-villasanti-andre-henrique-e-miguel-monsalve-os-jogadores-do-gremio-com-mais-gols-marcados-na-tem\/#breadcrumb\",\"itemListElement\":[{\"@type\":\"ListItem\",\"position\":1,\"name\":\"Home\",\"item\":\"https:\/\/www.gaveanews.com\/\"},{\"@type\":\"ListItem\",\"position\":2,\"name\":\"Cristaldo, Diego Costa, Martin Braithwaite, Gustavo Nunes, Soteldo, Reinaldo, Cristian Pav\u00f3n, Mathias Villasanti, Andr\u00e9 Henrique e Miguel Monsalve: os jogadores do Gr\u00eamio com mais gols marcados na temporada\"}]},{\"@type\":\"WebSite\",\"@id\":\"https:\/\/www.gaveanews.com\/#website\",\"url\":\"https:\/\/www.gaveanews.com\/\",\"name\":\"G\u00e1vea News\",\"description\":\"Veja todas as not\u00edcias sobre o Flamengo: Contrata\u00e7\u00f5es, categorias de base, resultados das partidas, tabela de classifica\u00e7\u00e3o, pr\u00f3ximos jogos!\",\"potentialAction\":[{\"@type\":\"SearchAction\",\"target\":{\"@type\":\"EntryPoint\",\"urlTemplate\":\"https:\/\/www.gaveanews.com\/?s={search_term_string}\"},\"query-input\":{\"@type\":\"PropertyValueSpecification\",\"valueRequired\":true,\"valueName\":\"search_term_string\"}}],\"inLanguage\":\"pt-BR\"},{\"@type\":\"Person\",\"@id\":\"https:\/\/www.gaveanews.com\/#\/schema\/person\/a9f62fe75380c6bada1b2fc49bc23d69\",\"name\":\"Marco Menezes\",\"image\":{\"@type\":\"ImageObject\",\"inLanguage\":\"pt-BR\",\"@id\":\"https:\/\/www.gaveanews.com\/#\/schema\/person\/image\/\",\"url\":\"https:\/\/secure.gravatar.com\/avatar\/a1d148ae17fc8bfc5dbccffd07979e8bd2c9ba494221779de86ec2c7907b71ec?s=96&d=mm&r=g\",\"contentUrl\":\"https:\/\/secure.gravatar.com\/avatar\/a1d148ae17fc8bfc5dbccffd07979e8bd2c9ba494221779de86ec2c7907b71ec?s=96&d=mm&r=g\",\"caption\":\"Marco Menezes\"}}]}<\/script>\n<!-- \/ Yoast SEO Premium plugin. -->","yoast_head_json":{"title":"Cristaldo, Diego Costa, Martin Braithwaite, Gustavo Nunes, Soteldo, Reinaldo, Cristian Pav\u00f3n, Mathias Villasanti, Andr\u00e9 Henrique e Miguel Monsalve: os jogadores do Gr\u00eamio com mais gols marcados na temporada","robots":{"index":"index","follow":"follow","max-snippet":"max-snippet:-1","max-image-preview":"max-image-preview:large","max-video-preview":"max-video-preview:-1"},"canonical":"https:\/\/www.gaveanews.com\/index.php\/2024\/12\/06\/cristaldo-diego-costa-martin-braithwaite-gustavo-nunes-soteldo-reinaldo-cristian-pavon-mathias-villasanti-andre-henrique-e-miguel-monsalve-os-jogadores-do-gremio-com-mais-gols-marcados-na-tem\/","og_locale":"pt_BR","og_type":"article","og_title":"Cristaldo, Diego Costa, Martin Braithwaite, Gustavo Nunes, Soteldo, Reinaldo, Cristian Pav\u00f3n, Mathias Villasanti, Andr\u00e9 Henrique e Miguel Monsalve: os jogadores do Gr\u00eamio com mais gols marcados na temporada","og_description":"Para manter o time vivo nos campeonatos e colher bons frutos ao final das temporadas, os jogadores precisam se empenhar em ter um time equilibrado, ou seja, com bons aproveitamentos defensivos e ofensivos. Uma das melhores formas de manter um time consistente \u00e9 com um bom ataque, e os aproveitamentos individuais s\u00e3o importantes. Nesse cen\u00e1rio, [&hellip;]","og_url":"https:\/\/www.gaveanews.com\/index.php\/2024\/12\/06\/cristaldo-diego-costa-martin-braithwaite-gustavo-nunes-soteldo-reinaldo-cristian-pavon-mathias-villasanti-andre-henrique-e-miguel-monsalve-os-jogadores-do-gremio-com-mais-gols-marcados-na-tem\/","og_site_name":"G\u00e1vea News","article_publisher":"https:\/\/facebook.com\/gaveaNews\/","article_published_time":"2024-12-06T14:50:10+00:00","og_image":[{"width":842,"height":643,"url":"https:\/\/www.gaveanews.com\/wp-content\/uploads\/Diego-Costa-em-acao-pelo-Gremio.webp","type":"image\/jpeg"}],"author":"Marco Menezes","twitter_card":"summary_large_image","twitter_misc":{"Escrito por":"Marco Menezes","Est. tempo de leitura":"5 minutos"},"schema":{"@context":"https:\/\/schema.org","@graph":[{"@type":"NewsArticle","@id":"https:\/\/www.gaveanews.com\/index.php\/2024\/12\/06\/cristaldo-diego-costa-martin-braithwaite-gustavo-nunes-soteldo-reinaldo-cristian-pavon-mathias-villasanti-andre-henrique-e-miguel-monsalve-os-jogadores-do-gremio-com-mais-gols-marcados-na-tem\/#article","isPartOf":{"@id":"https:\/\/www.gaveanews.com\/index.php\/2024\/12\/06\/cristaldo-diego-costa-martin-braithwaite-gustavo-nunes-soteldo-reinaldo-cristian-pavon-mathias-villasanti-andre-henrique-e-miguel-monsalve-os-jogadores-do-gremio-com-mais-gols-marcados-na-tem\/"},"author":{"name":"Marco Menezes","@id":"https:\/\/www.gaveanews.com\/#\/schema\/person\/a9f62fe75380c6bada1b2fc49bc23d69"},"headline":"Cristaldo, Diego Costa, Martin Braithwaite, Gustavo Nunes, Soteldo, Reinaldo, Cristian Pav\u00f3n, Mathias Villasanti, Andr\u00e9 Henrique e Miguel Monsalve: os jogadores do Gr\u00eamio com mais gols marcados na temporada","datePublished":"2024-12-06T14:50:10+00:00","mainEntityOfPage":{"@id":"https:\/\/www.gaveanews.com\/index.php\/2024\/12\/06\/cristaldo-diego-costa-martin-braithwaite-gustavo-nunes-soteldo-reinaldo-cristian-pavon-mathias-villasanti-andre-henrique-e-miguel-monsalve-os-jogadores-do-gremio-com-mais-gols-marcados-na-tem\/"},"wordCount":549,"commentCount":0,"image":{"@id":"https:\/\/www.gaveanews.com\/index.php\/2024\/12\/06\/cristaldo-diego-costa-martin-braithwaite-gustavo-nunes-soteldo-reinaldo-cristian-pavon-mathias-villasanti-andre-henrique-e-miguel-monsalve-os-jogadores-do-gremio-com-mais-gols-marcados-na-tem\/#primaryimage"},"thumbnailUrl":"https:\/\/www.gaveanews.com\/wp-content\/uploads\/Diego-Costa-em-acao-pelo-Gremio.webp","articleSection":["Gr\u00eamio"],"inLanguage":"pt-BR","potentialAction":[{"@type":"CommentAction","name":"Comment","target":["https:\/\/www.gaveanews.com\/index.php\/2024\/12\/06\/cristaldo-diego-costa-martin-braithwaite-gustavo-nunes-soteldo-reinaldo-cristian-pavon-mathias-villasanti-andre-henrique-e-miguel-monsalve-os-jogadores-do-gremio-com-mais-gols-marcados-na-tem\/#respond"]}],"copyrightYear":"2024","copyrightHolder":{"@id":"https:\/\/www.gaveanews.com\/#organization"}},{"@type":"WebPage","@id":"https:\/\/www.gaveanews.com\/index.php\/2024\/12\/06\/cristaldo-diego-costa-martin-braithwaite-gustavo-nunes-soteldo-reinaldo-cristian-pavon-mathias-villasanti-andre-henrique-e-miguel-monsalve-os-jogadores-do-gremio-com-mais-gols-marcados-na-tem\/","url":"https:\/\/www.gaveanews.com\/index.php\/2024\/12\/06\/cristaldo-diego-costa-martin-braithwaite-gustavo-nunes-soteldo-reinaldo-cristian-pavon-mathias-villasanti-andre-henrique-e-miguel-monsalve-os-jogadores-do-gremio-com-mais-gols-marcados-na-tem\/","name":"Cristaldo, Diego Costa, Martin Braithwaite, Gustavo Nunes, Soteldo, Reinaldo, Cristian Pav\u00f3n, Mathias Villasanti, Andr\u00e9 Henrique e Miguel Monsalve: os jogadores do Gr\u00eamio com mais gols marcados na temporada","isPartOf":{"@id":"https:\/\/www.gaveanews.com\/#website"},"primaryImageOfPage":{"@id":"https:\/\/www.gaveanews.com\/index.php\/2024\/12\/06\/cristaldo-diego-costa-martin-braithwaite-gustavo-nunes-soteldo-reinaldo-cristian-pavon-mathias-villasanti-andre-henrique-e-miguel-monsalve-os-jogadores-do-gremio-com-mais-gols-marcados-na-tem\/#primaryimage"},"image":{"@id":"https:\/\/www.gaveanews.com\/index.php\/2024\/12\/06\/cristaldo-diego-costa-martin-braithwaite-gustavo-nunes-soteldo-reinaldo-cristian-pavon-mathias-villasanti-andre-henrique-e-miguel-monsalve-os-jogadores-do-gremio-com-mais-gols-marcados-na-tem\/#primaryimage"},"thumbnailUrl":"https:\/\/www.gaveanews.com\/wp-content\/uploads\/Diego-Costa-em-acao-pelo-Gremio.webp","datePublished":"2024-12-06T14:50:10+00:00","author":{"@id":"https:\/\/www.gaveanews.com\/#\/schema\/person\/a9f62fe75380c6bada1b2fc49bc23d69"},"breadcrumb":{"@id":"https:\/\/www.gaveanews.com\/index.php\/2024\/12\/06\/cristaldo-diego-costa-martin-braithwaite-gustavo-nunes-soteldo-reinaldo-cristian-pavon-mathias-villasanti-andre-henrique-e-miguel-monsalve-os-jogadores-do-gremio-com-mais-gols-marcados-na-tem\/#breadcrumb"},"inLanguage":"pt-BR","potentialAction":[{"@type":"ReadAction","target":["https:\/\/www.gaveanews.com\/index.php\/2024\/12\/06\/cristaldo-diego-costa-martin-braithwaite-gustavo-nunes-soteldo-reinaldo-cristian-pavon-mathias-villasanti-andre-henrique-e-miguel-monsalve-os-jogadores-do-gremio-com-mais-gols-marcados-na-tem\/"]}]},{"@type":"ImageObject","inLanguage":"pt-BR","@id":"https:\/\/www.gaveanews.com\/index.php\/2024\/12\/06\/cristaldo-diego-costa-martin-braithwaite-gustavo-nunes-soteldo-reinaldo-cristian-pavon-mathias-villasanti-andre-henrique-e-miguel-monsalve-os-jogadores-do-gremio-com-mais-gols-marcados-na-tem\/#primaryimage","url":"https:\/\/www.gaveanews.com\/wp-content\/uploads\/Diego-Costa-em-acao-pelo-Gremio.webp","contentUrl":"https:\/\/www.gaveanews.com\/wp-content\/uploads\/Diego-Costa-em-acao-pelo-Gremio.webp","width":842,"height":643,"caption":"Diego Costa em a\u00e7\u00e3o pelo Gr\u00eamio (Foto: Lucas Uebel\/Gr\u00eamio)"},{"@type":"BreadcrumbList","@id":"https:\/\/www.gaveanews.com\/index.php\/2024\/12\/06\/cristaldo-diego-costa-martin-braithwaite-gustavo-nunes-soteldo-reinaldo-cristian-pavon-mathias-villasanti-andre-henrique-e-miguel-monsalve-os-jogadores-do-gremio-com-mais-gols-marcados-na-tem\/#breadcrumb","itemListElement":[{"@type":"ListItem","position":1,"name":"Home","item":"https:\/\/www.gaveanews.com\/"},{"@type":"ListItem","position":2,"name":"Cristaldo, Diego Costa, Martin Braithwaite, Gustavo Nunes, Soteldo, Reinaldo, Cristian Pav\u00f3n, Mathias Villasanti, Andr\u00e9 Henrique e Miguel Monsalve: os jogadores do Gr\u00eamio com mais gols marcados na temporada"}]},{"@type":"WebSite","@id":"https:\/\/www.gaveanews.com\/#website","url":"https:\/\/www.gaveanews.com\/","name":"G\u00e1vea News","description":"Veja todas as not\u00edcias sobre o Flamengo: Contrata\u00e7\u00f5es, categorias de base, resultados das partidas, tabela de classifica\u00e7\u00e3o, pr\u00f3ximos jogos!","potentialAction":[{"@type":"SearchAction","target":{"@type":"EntryPoint","urlTemplate":"https:\/\/www.gaveanews.com\/?s={search_term_string}"},"query-input":{"@type":"PropertyValueSpecification","valueRequired":true,"valueName":"search_term_string"}}],"inLanguage":"pt-BR"},{"@type":"Person","@id":"https:\/\/www.gaveanews.com\/#\/schema\/person\/a9f62fe75380c6bada1b2fc49bc23d69","name":"Marco Menezes","image":{"@type":"ImageObject","inLanguage":"pt-BR","@id":"https:\/\/www.gaveanews.com\/#\/schema\/person\/image\/","url":"https:\/\/secure.gravatar.com\/avatar\/a1d148ae17fc8bfc5dbccffd07979e8bd2c9ba494221779de86ec2c7907b71ec?s=96&d=mm&r=g","contentUrl":"https:\/\/secure.gravatar.com\/avatar\/a1d148ae17fc8bfc5dbccffd07979e8bd2c9ba494221779de86ec2c7907b71ec?s=96&d=mm&r=g","caption":"Marco Menezes"}}]}},"_links":{"self":[{"href":"https:\/\/www.gaveanews.com\/index.php\/wp-json\/wp\/v2\/posts\/195663","targetHints":{"allow":["GET"]}}],"collection":[{"href":"https:\/\/www.gaveanews.com\/index.php\/wp-json\/wp\/v2\/posts"}],"about":[{"href":"https:\/\/www.gaveanews.com\/index.php\/wp-json\/wp\/v2\/types\/post"}],"author":[{"embeddable":true,"href":"https:\/\/www.gaveanews.com\/index.php\/wp-json\/wp\/v2\/users\/29"}],"replies":[{"embeddable":true,"href":"https:\/\/www.gaveanews.com\/index.php\/wp-json\/wp\/v2\/comments?post=195663"}],"version-history":[{"count":3,"href":"https:\/\/www.gaveanews.com\/index.php\/wp-json\/wp\/v2\/posts\/195663\/revisions"}],"predecessor-version":[{"id":195716,"href":"https:\/\/www.gaveanews.com\/index.php\/wp-json\/wp\/v2\/posts\/195663\/revisions\/195716"}],"wp:featuredmedia":[{"embeddable":true,"href":"https:\/\/www.gaveanews.com\/index.php\/wp-json\/wp\/v2\/media\/173103"}],"wp:attachment":[{"href":"https:\/\/www.gaveanews.com\/index.php\/wp-json\/wp\/v2\/media?parent=195663"}],"wp:term":[{"taxonomy":"category","embeddable":true,"href":"https:\/\/www.gaveanews.com\/index.php\/wp-json\/wp\/v2\/categories?post=195663"},{"taxonomy":"post_tag","embeddable":true,"href":"https:\/\/www.gaveanews.com\/index.php\/wp-json\/wp\/v2\/tags?post=195663"}],"curies":[{"name":"wp","href":"https:\/\/api.w.org\/{rel}","templated":true}]}}