{"id":195669,"date":"2024-12-06T11:25:39","date_gmt":"2024-12-06T14:25:39","guid":{"rendered":"https:\/\/www.gaveanews.com\/?p=195669"},"modified":"2024-12-06T11:15:38","modified_gmt":"2024-12-06T14:15:38","slug":"de-saida-ze-rafael-rony-e-dudu-podem-deixar-o-palmeiras","status":"publish","type":"post","link":"https:\/\/www.gaveanews.com\/index.php\/2024\/12\/06\/de-saida-ze-rafael-rony-e-dudu-podem-deixar-o-palmeiras\/","title":{"rendered":"De sa\u00edda? Z\u00e9 Rafael, Rony e Dudu podem deixar o Palmeiras"},"content":{"rendered":"\n<h2 class=\"wp-block-heading\" id=\"h-jogadores-acabaram-perdendo-espaco-com-abel-ferreira\">Jogadores acabaram perdendo espa\u00e7o com Abel Ferreira <\/h2>\n\n\n\n<p>O Palmeiras pensa em 2025 e n\u00e3o descarta a sa\u00edda de tr\u00eas jogadores: Z\u00e9 Rafael, Rony e Dudu. O trio palmeirense foram jogadores importantes nessa era vitoriosa do clube e marcaram seus nomes na hist\u00f3ria do Verd\u00e3o. Por\u00e9m, com pouco espa\u00e7o, eles podem deixar a equipe. <\/p>\n\n\n\n<ul class=\"wp-block-list\">\n<li><a href=\"https:\/\/www.gaveanews.com\/index.php\/2024\/12\/05\/ainda-da-veja-as-chances-do-palmeiras-ser-campeao-brasileiro\/\">Ainda d\u00e1? Veja as chances do Palmeiras ser campe\u00e3o brasileiro<\/a><\/li>\n\n\n\n<li><a href=\"https:\/\/www.gaveanews.com\/index.php\/2024\/12\/05\/veja-quem-o-palmeiras-vai-enfrentar-no-super-mundial-de-clubes-da-fifa\/\">Veja quem o Palmeiras vai enfrentar no Super Mundial de Clubes da FIFA<\/a><\/li>\n<\/ul>\n\n\n\n<p>Os jogadores perderam espa\u00e7o com o t\u00e9cnico Abel Ferreira e n\u00e3o sa\u00edram do banco de reservas no duelo diante do Cruzeiro na \u00faltima quarta-feira (4). Os jogadores que tinham status de &#8220;indispens\u00e1veis&#8221;, hoje j\u00e1 n\u00e3o possuem mais e uma sa\u00edda n\u00e3o est\u00e1 descartada. <\/p>\n\n\n\n<p>No entanto, os tr\u00eas atletas possuem v\u00ednculos com longa dura\u00e7\u00e3o e uma sa\u00edda n\u00e3o \u00e9 considerada algo f\u00e1cil. Em entrevista, o t\u00e9cnico Abel Ferreira disse que o planejamento est\u00e1 feito e ainda afirmou que &#8220;ningu\u00e9m vai embora se n\u00e3o quiser&#8221;.<\/p>\n\n\n\n<p>\u201cO planejamento est\u00e1 feito, e voc\u00eas no devido tempo ir\u00e3o saber. Todos os jogadores t\u00eam contrato. Ningu\u00e9m vai embora se n\u00e3o quiser. Tanto seja qualquer dos jogadores que voc\u00eas falam. Mais do que falar nisso, \u00e9 falar da nossa entrega, qualidade e resili\u00eancia\u201d, disse Abel Ferreira, respondendo sobre os casos de Rony e Dudu, especificamente.<\/p>\n\n\n\n<p>Em entrevistas recentes, Abel Ferreira comentou sobre a possibilidade do Palmeiras fazer uma reformula\u00e7\u00e3o mais profunda no elenco para a temporada 2025. Ele ainda afirmou que o desempenho dos jogadores ser\u00e1 avaliado apenas ao final dessa temporada.<\/p>\n\n\n\n<p>\u201cN\u00e3o sei (sobre perman\u00eancias), no final do ano vamos ver de acordo com o rendimento dos nossos jogadores\u201d, falou o treinador, no in\u00edcio do m\u00eas de novembro.<\/p>\n\n\n\n<p>Com R$ 220 milh\u00f5es destinados a refor\u00e7os, o Palmeiras n\u00e3o planeja fazer grandes mudan\u00e7as no elenco. De acordo com as informa\u00e7\u00f5es do Itatiaia, no or\u00e7amento de 2025 est\u00e1 prevista a perman\u00eancia da maioria dos jogadores atuais, al\u00e9m de renova\u00e7\u00f5es de contratos.<\/p>\n","protected":false},"excerpt":{"rendered":"<p>Jogadores acabaram perdendo espa\u00e7o com Abel Ferreira O Palmeiras pensa em 2025 e n\u00e3o descarta a sa\u00edda de tr\u00eas jogadores: Z\u00e9 Rafael, Rony e Dudu. O trio palmeirense foram jogadores importantes nessa era vitoriosa do clube e marcaram seus nomes na hist\u00f3ria do Verd\u00e3o. Por\u00e9m, com pouco espa\u00e7o, eles podem deixar a equipe. Os jogadores [&hellip;]<\/p>\n","protected":false},"author":21,"featured_media":171704,"comment_status":"open","ping_status":"closed","sticky":false,"template":"","format":"standard","meta":{"footnotes":""},"categories":[150],"tags":[],"class_list":["post-195669","post","type-post","status-publish","format-standard","has-post-thumbnail","hentry","category-palmeiras"],"yoast_head":"<!-- This site is optimized with the Yoast SEO Premium plugin v24.2 (Yoast SEO v26.9) - https:\/\/yoast.com\/product\/yoast-seo-premium-wordpress\/ -->\n<title>De sa\u00edda? Z\u00e9 Rafael, Rony e Dudu podem deixar o Palmeiras<\/title>\n<meta name=\"robots\" content=\"index, follow, max-snippet:-1, max-image-preview:large, max-video-preview:-1\" \/>\n<link rel=\"canonical\" href=\"https:\/\/www.gaveanews.com\/index.php\/2024\/12\/06\/de-saida-ze-rafael-rony-e-dudu-podem-deixar-o-palmeiras\/\" \/>\n<meta property=\"og:locale\" content=\"pt_BR\" \/>\n<meta property=\"og:type\" content=\"article\" \/>\n<meta property=\"og:title\" content=\"De sa\u00edda? Z\u00e9 Rafael, Rony e Dudu podem deixar o Palmeiras\" \/>\n<meta property=\"og:description\" content=\"Jogadores acabaram perdendo espa\u00e7o com Abel Ferreira O Palmeiras pensa em 2025 e n\u00e3o descarta a sa\u00edda de tr\u00eas jogadores: Z\u00e9 Rafael, Rony e Dudu. O trio palmeirense foram jogadores importantes nessa era vitoriosa do clube e marcaram seus nomes na hist\u00f3ria do Verd\u00e3o. Por\u00e9m, com pouco espa\u00e7o, eles podem deixar a equipe. Os jogadores [&hellip;]\" \/>\n<meta property=\"og:url\" content=\"https:\/\/www.gaveanews.com\/index.php\/2024\/12\/06\/de-saida-ze-rafael-rony-e-dudu-podem-deixar-o-palmeiras\/\" \/>\n<meta property=\"og:site_name\" content=\"G\u00e1vea News\" \/>\n<meta property=\"article:publisher\" content=\"https:\/\/facebook.com\/gaveaNews\/\" \/>\n<meta property=\"article:published_time\" content=\"2024-12-06T14:25:39+00:00\" \/>\n<meta property=\"og:image\" content=\"https:\/\/www.gaveanews.com\/wp-content\/uploads\/Ze-Rafael-em-acao-pelo-Palmeiras.webp\" \/>\n\t<meta property=\"og:image:width\" content=\"952\" \/>\n\t<meta property=\"og:image:height\" content=\"678\" \/>\n\t<meta property=\"og:image:type\" content=\"image\/jpeg\" \/>\n<meta name=\"author\" content=\"Andr\u00e9 Serra\" \/>\n<meta name=\"twitter:card\" content=\"summary_large_image\" \/>\n<meta name=\"twitter:label1\" content=\"Escrito por\" \/>\n\t<meta name=\"twitter:data1\" content=\"Andr\u00e9 Serra\" \/>\n\t<meta name=\"twitter:label2\" content=\"Est. tempo de leitura\" \/>\n\t<meta name=\"twitter:data2\" content=\"2 minutos\" \/>\n<script type=\"application\/ld+json\" class=\"yoast-schema-graph\">{\"@context\":\"https:\/\/schema.org\",\"@graph\":[{\"@type\":\"NewsArticle\",\"@id\":\"https:\/\/www.gaveanews.com\/index.php\/2024\/12\/06\/de-saida-ze-rafael-rony-e-dudu-podem-deixar-o-palmeiras\/#article\",\"isPartOf\":{\"@id\":\"https:\/\/www.gaveanews.com\/index.php\/2024\/12\/06\/de-saida-ze-rafael-rony-e-dudu-podem-deixar-o-palmeiras\/\"},\"author\":{\"name\":\"Andr\u00e9 Serra\",\"@id\":\"https:\/\/www.gaveanews.com\/#\/schema\/person\/0277a79a1289c451c281ec0411d84f0c\"},\"headline\":\"De sa\u00edda? Z\u00e9 Rafael, Rony e Dudu podem deixar o Palmeiras\",\"datePublished\":\"2024-12-06T14:25:39+00:00\",\"mainEntityOfPage\":{\"@id\":\"https:\/\/www.gaveanews.com\/index.php\/2024\/12\/06\/de-saida-ze-rafael-rony-e-dudu-podem-deixar-o-palmeiras\/\"},\"wordCount\":371,\"commentCount\":0,\"image\":{\"@id\":\"https:\/\/www.gaveanews.com\/index.php\/2024\/12\/06\/de-saida-ze-rafael-rony-e-dudu-podem-deixar-o-palmeiras\/#primaryimage\"},\"thumbnailUrl\":\"https:\/\/www.gaveanews.com\/wp-content\/uploads\/Ze-Rafael-em-acao-pelo-Palmeiras.webp\",\"articleSection\":[\"Palmeiras\"],\"inLanguage\":\"pt-BR\",\"potentialAction\":[{\"@type\":\"CommentAction\",\"name\":\"Comment\",\"target\":[\"https:\/\/www.gaveanews.com\/index.php\/2024\/12\/06\/de-saida-ze-rafael-rony-e-dudu-podem-deixar-o-palmeiras\/#respond\"]}],\"copyrightYear\":\"2024\",\"copyrightHolder\":{\"@id\":\"https:\/\/www.gaveanews.com\/#organization\"}},{\"@type\":\"WebPage\",\"@id\":\"https:\/\/www.gaveanews.com\/index.php\/2024\/12\/06\/de-saida-ze-rafael-rony-e-dudu-podem-deixar-o-palmeiras\/\",\"url\":\"https:\/\/www.gaveanews.com\/index.php\/2024\/12\/06\/de-saida-ze-rafael-rony-e-dudu-podem-deixar-o-palmeiras\/\",\"name\":\"De sa\u00edda? Z\u00e9 Rafael, Rony e Dudu podem deixar o Palmeiras\",\"isPartOf\":{\"@id\":\"https:\/\/www.gaveanews.com\/#website\"},\"primaryImageOfPage\":{\"@id\":\"https:\/\/www.gaveanews.com\/index.php\/2024\/12\/06\/de-saida-ze-rafael-rony-e-dudu-podem-deixar-o-palmeiras\/#primaryimage\"},\"image\":{\"@id\":\"https:\/\/www.gaveanews.com\/index.php\/2024\/12\/06\/de-saida-ze-rafael-rony-e-dudu-podem-deixar-o-palmeiras\/#primaryimage\"},\"thumbnailUrl\":\"https:\/\/www.gaveanews.com\/wp-content\/uploads\/Ze-Rafael-em-acao-pelo-Palmeiras.webp\",\"datePublished\":\"2024-12-06T14:25:39+00:00\",\"author\":{\"@id\":\"https:\/\/www.gaveanews.com\/#\/schema\/person\/0277a79a1289c451c281ec0411d84f0c\"},\"breadcrumb\":{\"@id\":\"https:\/\/www.gaveanews.com\/index.php\/2024\/12\/06\/de-saida-ze-rafael-rony-e-dudu-podem-deixar-o-palmeiras\/#breadcrumb\"},\"inLanguage\":\"pt-BR\",\"potentialAction\":[{\"@type\":\"ReadAction\",\"target\":[\"https:\/\/www.gaveanews.com\/index.php\/2024\/12\/06\/de-saida-ze-rafael-rony-e-dudu-podem-deixar-o-palmeiras\/\"]}]},{\"@type\":\"ImageObject\",\"inLanguage\":\"pt-BR\",\"@id\":\"https:\/\/www.gaveanews.com\/index.php\/2024\/12\/06\/de-saida-ze-rafael-rony-e-dudu-podem-deixar-o-palmeiras\/#primaryimage\",\"url\":\"https:\/\/www.gaveanews.com\/wp-content\/uploads\/Ze-Rafael-em-acao-pelo-Palmeiras.webp\",\"contentUrl\":\"https:\/\/www.gaveanews.com\/wp-content\/uploads\/Ze-Rafael-em-acao-pelo-Palmeiras.webp\",\"width\":952,\"height\":678,\"caption\":\"Z\u00e9 Rafael em a\u00e7\u00e3o pelo Palmeiras (Foto: Fabio Menotti\/ Palmeiras)\"},{\"@type\":\"BreadcrumbList\",\"@id\":\"https:\/\/www.gaveanews.com\/index.php\/2024\/12\/06\/de-saida-ze-rafael-rony-e-dudu-podem-deixar-o-palmeiras\/#breadcrumb\",\"itemListElement\":[{\"@type\":\"ListItem\",\"position\":1,\"name\":\"Home\",\"item\":\"https:\/\/www.gaveanews.com\/\"},{\"@type\":\"ListItem\",\"position\":2,\"name\":\"De sa\u00edda? Z\u00e9 Rafael, Rony e Dudu podem deixar o Palmeiras\"}]},{\"@type\":\"WebSite\",\"@id\":\"https:\/\/www.gaveanews.com\/#website\",\"url\":\"https:\/\/www.gaveanews.com\/\",\"name\":\"G\u00e1vea News\",\"description\":\"Veja todas as not\u00edcias sobre o Flamengo: Contrata\u00e7\u00f5es, categorias de base, resultados das partidas, tabela de classifica\u00e7\u00e3o, pr\u00f3ximos jogos!\",\"potentialAction\":[{\"@type\":\"SearchAction\",\"target\":{\"@type\":\"EntryPoint\",\"urlTemplate\":\"https:\/\/www.gaveanews.com\/?s={search_term_string}\"},\"query-input\":{\"@type\":\"PropertyValueSpecification\",\"valueRequired\":true,\"valueName\":\"search_term_string\"}}],\"inLanguage\":\"pt-BR\"},{\"@type\":\"Person\",\"@id\":\"https:\/\/www.gaveanews.com\/#\/schema\/person\/0277a79a1289c451c281ec0411d84f0c\",\"name\":\"Andr\u00e9 Serra\",\"image\":{\"@type\":\"ImageObject\",\"inLanguage\":\"pt-BR\",\"@id\":\"https:\/\/www.gaveanews.com\/#\/schema\/person\/image\/\",\"url\":\"https:\/\/secure.gravatar.com\/avatar\/d7231369fe48db93292b3e88eb2162dbd9a34a47a8437d9ef3bcaca2a86a83d7?s=96&d=mm&r=g\",\"contentUrl\":\"https:\/\/secure.gravatar.com\/avatar\/d7231369fe48db93292b3e88eb2162dbd9a34a47a8437d9ef3bcaca2a86a83d7?s=96&d=mm&r=g\",\"caption\":\"Andr\u00e9 Serra\"}}]}<\/script>\n<!-- \/ Yoast SEO Premium plugin. -->","yoast_head_json":{"title":"De sa\u00edda? Z\u00e9 Rafael, Rony e Dudu podem deixar o Palmeiras","robots":{"index":"index","follow":"follow","max-snippet":"max-snippet:-1","max-image-preview":"max-image-preview:large","max-video-preview":"max-video-preview:-1"},"canonical":"https:\/\/www.gaveanews.com\/index.php\/2024\/12\/06\/de-saida-ze-rafael-rony-e-dudu-podem-deixar-o-palmeiras\/","og_locale":"pt_BR","og_type":"article","og_title":"De sa\u00edda? Z\u00e9 Rafael, Rony e Dudu podem deixar o Palmeiras","og_description":"Jogadores acabaram perdendo espa\u00e7o com Abel Ferreira O Palmeiras pensa em 2025 e n\u00e3o descarta a sa\u00edda de tr\u00eas jogadores: Z\u00e9 Rafael, Rony e Dudu. O trio palmeirense foram jogadores importantes nessa era vitoriosa do clube e marcaram seus nomes na hist\u00f3ria do Verd\u00e3o. Por\u00e9m, com pouco espa\u00e7o, eles podem deixar a equipe. Os jogadores [&hellip;]","og_url":"https:\/\/www.gaveanews.com\/index.php\/2024\/12\/06\/de-saida-ze-rafael-rony-e-dudu-podem-deixar-o-palmeiras\/","og_site_name":"G\u00e1vea News","article_publisher":"https:\/\/facebook.com\/gaveaNews\/","article_published_time":"2024-12-06T14:25:39+00:00","og_image":[{"width":952,"height":678,"url":"https:\/\/www.gaveanews.com\/wp-content\/uploads\/Ze-Rafael-em-acao-pelo-Palmeiras.webp","type":"image\/jpeg"}],"author":"Andr\u00e9 Serra","twitter_card":"summary_large_image","twitter_misc":{"Escrito por":"Andr\u00e9 Serra","Est. tempo de leitura":"2 minutos"},"schema":{"@context":"https:\/\/schema.org","@graph":[{"@type":"NewsArticle","@id":"https:\/\/www.gaveanews.com\/index.php\/2024\/12\/06\/de-saida-ze-rafael-rony-e-dudu-podem-deixar-o-palmeiras\/#article","isPartOf":{"@id":"https:\/\/www.gaveanews.com\/index.php\/2024\/12\/06\/de-saida-ze-rafael-rony-e-dudu-podem-deixar-o-palmeiras\/"},"author":{"name":"Andr\u00e9 Serra","@id":"https:\/\/www.gaveanews.com\/#\/schema\/person\/0277a79a1289c451c281ec0411d84f0c"},"headline":"De sa\u00edda? Z\u00e9 Rafael, Rony e Dudu podem deixar o Palmeiras","datePublished":"2024-12-06T14:25:39+00:00","mainEntityOfPage":{"@id":"https:\/\/www.gaveanews.com\/index.php\/2024\/12\/06\/de-saida-ze-rafael-rony-e-dudu-podem-deixar-o-palmeiras\/"},"wordCount":371,"commentCount":0,"image":{"@id":"https:\/\/www.gaveanews.com\/index.php\/2024\/12\/06\/de-saida-ze-rafael-rony-e-dudu-podem-deixar-o-palmeiras\/#primaryimage"},"thumbnailUrl":"https:\/\/www.gaveanews.com\/wp-content\/uploads\/Ze-Rafael-em-acao-pelo-Palmeiras.webp","articleSection":["Palmeiras"],"inLanguage":"pt-BR","potentialAction":[{"@type":"CommentAction","name":"Comment","target":["https:\/\/www.gaveanews.com\/index.php\/2024\/12\/06\/de-saida-ze-rafael-rony-e-dudu-podem-deixar-o-palmeiras\/#respond"]}],"copyrightYear":"2024","copyrightHolder":{"@id":"https:\/\/www.gaveanews.com\/#organization"}},{"@type":"WebPage","@id":"https:\/\/www.gaveanews.com\/index.php\/2024\/12\/06\/de-saida-ze-rafael-rony-e-dudu-podem-deixar-o-palmeiras\/","url":"https:\/\/www.gaveanews.com\/index.php\/2024\/12\/06\/de-saida-ze-rafael-rony-e-dudu-podem-deixar-o-palmeiras\/","name":"De sa\u00edda? Z\u00e9 Rafael, Rony e Dudu podem deixar o Palmeiras","isPartOf":{"@id":"https:\/\/www.gaveanews.com\/#website"},"primaryImageOfPage":{"@id":"https:\/\/www.gaveanews.com\/index.php\/2024\/12\/06\/de-saida-ze-rafael-rony-e-dudu-podem-deixar-o-palmeiras\/#primaryimage"},"image":{"@id":"https:\/\/www.gaveanews.com\/index.php\/2024\/12\/06\/de-saida-ze-rafael-rony-e-dudu-podem-deixar-o-palmeiras\/#primaryimage"},"thumbnailUrl":"https:\/\/www.gaveanews.com\/wp-content\/uploads\/Ze-Rafael-em-acao-pelo-Palmeiras.webp","datePublished":"2024-12-06T14:25:39+00:00","author":{"@id":"https:\/\/www.gaveanews.com\/#\/schema\/person\/0277a79a1289c451c281ec0411d84f0c"},"breadcrumb":{"@id":"https:\/\/www.gaveanews.com\/index.php\/2024\/12\/06\/de-saida-ze-rafael-rony-e-dudu-podem-deixar-o-palmeiras\/#breadcrumb"},"inLanguage":"pt-BR","potentialAction":[{"@type":"ReadAction","target":["https:\/\/www.gaveanews.com\/index.php\/2024\/12\/06\/de-saida-ze-rafael-rony-e-dudu-podem-deixar-o-palmeiras\/"]}]},{"@type":"ImageObject","inLanguage":"pt-BR","@id":"https:\/\/www.gaveanews.com\/index.php\/2024\/12\/06\/de-saida-ze-rafael-rony-e-dudu-podem-deixar-o-palmeiras\/#primaryimage","url":"https:\/\/www.gaveanews.com\/wp-content\/uploads\/Ze-Rafael-em-acao-pelo-Palmeiras.webp","contentUrl":"https:\/\/www.gaveanews.com\/wp-content\/uploads\/Ze-Rafael-em-acao-pelo-Palmeiras.webp","width":952,"height":678,"caption":"Z\u00e9 Rafael em a\u00e7\u00e3o pelo Palmeiras (Foto: Fabio Menotti\/ Palmeiras)"},{"@type":"BreadcrumbList","@id":"https:\/\/www.gaveanews.com\/index.php\/2024\/12\/06\/de-saida-ze-rafael-rony-e-dudu-podem-deixar-o-palmeiras\/#breadcrumb","itemListElement":[{"@type":"ListItem","position":1,"name":"Home","item":"https:\/\/www.gaveanews.com\/"},{"@type":"ListItem","position":2,"name":"De sa\u00edda? Z\u00e9 Rafael, Rony e Dudu podem deixar o Palmeiras"}]},{"@type":"WebSite","@id":"https:\/\/www.gaveanews.com\/#website","url":"https:\/\/www.gaveanews.com\/","name":"G\u00e1vea News","description":"Veja todas as not\u00edcias sobre o Flamengo: Contrata\u00e7\u00f5es, categorias de base, resultados das partidas, tabela de classifica\u00e7\u00e3o, pr\u00f3ximos jogos!","potentialAction":[{"@type":"SearchAction","target":{"@type":"EntryPoint","urlTemplate":"https:\/\/www.gaveanews.com\/?s={search_term_string}"},"query-input":{"@type":"PropertyValueSpecification","valueRequired":true,"valueName":"search_term_string"}}],"inLanguage":"pt-BR"},{"@type":"Person","@id":"https:\/\/www.gaveanews.com\/#\/schema\/person\/0277a79a1289c451c281ec0411d84f0c","name":"Andr\u00e9 Serra","image":{"@type":"ImageObject","inLanguage":"pt-BR","@id":"https:\/\/www.gaveanews.com\/#\/schema\/person\/image\/","url":"https:\/\/secure.gravatar.com\/avatar\/d7231369fe48db93292b3e88eb2162dbd9a34a47a8437d9ef3bcaca2a86a83d7?s=96&d=mm&r=g","contentUrl":"https:\/\/secure.gravatar.com\/avatar\/d7231369fe48db93292b3e88eb2162dbd9a34a47a8437d9ef3bcaca2a86a83d7?s=96&d=mm&r=g","caption":"Andr\u00e9 Serra"}}]}},"_links":{"self":[{"href":"https:\/\/www.gaveanews.com\/index.php\/wp-json\/wp\/v2\/posts\/195669","targetHints":{"allow":["GET"]}}],"collection":[{"href":"https:\/\/www.gaveanews.com\/index.php\/wp-json\/wp\/v2\/posts"}],"about":[{"href":"https:\/\/www.gaveanews.com\/index.php\/wp-json\/wp\/v2\/types\/post"}],"author":[{"embeddable":true,"href":"https:\/\/www.gaveanews.com\/index.php\/wp-json\/wp\/v2\/users\/21"}],"replies":[{"embeddable":true,"href":"https:\/\/www.gaveanews.com\/index.php\/wp-json\/wp\/v2\/comments?post=195669"}],"version-history":[{"count":1,"href":"https:\/\/www.gaveanews.com\/index.php\/wp-json\/wp\/v2\/posts\/195669\/revisions"}],"predecessor-version":[{"id":195681,"href":"https:\/\/www.gaveanews.com\/index.php\/wp-json\/wp\/v2\/posts\/195669\/revisions\/195681"}],"wp:featuredmedia":[{"embeddable":true,"href":"https:\/\/www.gaveanews.com\/index.php\/wp-json\/wp\/v2\/media\/171704"}],"wp:attachment":[{"href":"https:\/\/www.gaveanews.com\/index.php\/wp-json\/wp\/v2\/media?parent=195669"}],"wp:term":[{"taxonomy":"category","embeddable":true,"href":"https:\/\/www.gaveanews.com\/index.php\/wp-json\/wp\/v2\/categories?post=195669"},{"taxonomy":"post_tag","embeddable":true,"href":"https:\/\/www.gaveanews.com\/index.php\/wp-json\/wp\/v2\/tags?post=195669"}],"curies":[{"name":"wp","href":"https:\/\/api.w.org\/{rel}","templated":true}]}}