{"id":195682,"date":"2024-12-06T11:35:43","date_gmt":"2024-12-06T14:35:43","guid":{"rendered":"https:\/\/www.gaveanews.com\/?p=195682"},"modified":"2024-12-06T11:15:58","modified_gmt":"2024-12-06T14:15:58","slug":"gremio-toma-decisao-envolvendo-renato-gaucho-afirma-reporter","status":"publish","type":"post","link":"https:\/\/www.gaveanews.com\/index.php\/2024\/12\/06\/gremio-toma-decisao-envolvendo-renato-gaucho-afirma-reporter\/","title":{"rendered":"Gr\u00eamio toma decis\u00e3o envolvendo Renato Ga\u00facho, afirma rep\u00f3rter"},"content":{"rendered":"\n<p>Com o fim da temporada 2024 se aproximando, as discuss\u00f5es sobre a continuidade de Renato Portaluppi no comando do Gr\u00eamio ganharam for\u00e7a nos bastidores do clube.&nbsp;<\/p>\n\n\n\n<ul class=\"wp-block-list\">\n<li><a href=\"https:\/\/www.gaveanews.com\/index.php\/2024\/12\/05\/video-renato-gaucho-e-sincero-sobre-permanencia-no-gremio\/\">V\u00eddeo: Renato Ga\u00facho \u00e9 sincero sobre perman\u00eancia no Gr\u00eamio<\/a><\/li>\n\n\n\n<li><a href=\"https:\/\/www.gaveanews.com\/index.php\/2024\/12\/03\/gremio-emite-nota-oficial-e-confirma-saida-do-clube\/\">Gr\u00eamio emite nota oficial e confirma sa\u00edda do clube<\/a><\/li>\n<\/ul>\n\n\n\n<p>Enquanto o Tricolor se prepara para enfrentar o Corinthians na Arena no pr\u00f3ximo domingo (8), pela \u00faltima rodada do Brasileir\u00e3o, as decis\u00f5es fora de campo come\u00e7am a definir os rumos do time para 2025.<\/p>\n\n\n\n<h2 class=\"wp-block-heading\" id=\"h-presidente-banca-permanencia-de-renato\">Presidente banca perman\u00eancia de Renato<\/h2>\n\n\n\n<p>De acordo com o rep\u00f3rter Rafael Pfeiffer, da R\u00e1dio Gua\u00edba, o presidente do Gr\u00eamio, Alberto Guerra, defende a continuidade de Renato Portaluppi no comando t\u00e9cnico. Segundo Guerra, a perman\u00eancia do treinador \u00e9 importante para dar sequ\u00eancia ao trabalho iniciado.<\/p>\n\n\n\n<p>\u201cEstamos envolvidos em alcan\u00e7ar os pontos para tirar o Gr\u00eamio dessa situa\u00e7\u00e3o. Depois vamos sentar, conversar com os pares, para tratar sobre isso (perman\u00eancia de Renato)\u201d, afirmou Guerra ap\u00f3s o empate contra o Cruzeiro na 35\u00aa rodada do Brasileir\u00e3o.<\/p>\n\n\n\n<p>Sendo assim, o presidente acredita que o momento exige foco na estabilidade do time. Isso porque o clube ainda precisava assegurar matematicamente sua perman\u00eancia na S\u00e9rie A at\u00e9 o duelo contra o S\u00e3o Paulo.<\/p>\n\n\n\n<h2 class=\"wp-block-heading\" id=\"h-conselho-sugere-mudancas-no-comando\">Conselho sugere mudan\u00e7as no comando<\/h2>\n\n\n\n<p>Embora Guerra defenda a continuidade de Renato, o Conselho de Administra\u00e7\u00e3o do Gr\u00eamio pensa diferente. Vale destacar que alguns conselheiros argumentam que uma mudan\u00e7a na comiss\u00e3o t\u00e9cnica seria essencial para renovar as perspectivas do time em 2025.<\/p>\n\n\n\n<p>Dessa maneira, h\u00e1 uma clara divis\u00e3o dentro do clube sobre o futuro do treinador. Por isso, o cen\u00e1rio ainda depende de conversas e alinhamentos entre a presid\u00eancia e o Conselho ap\u00f3s o t\u00e9rmino do Campeonato Brasileiro.<\/p>\n\n\n\n<h2 class=\"wp-block-heading\" id=\"h-proximos-passos-para-2025\">Pr\u00f3ximos passos para 2025<\/h2>\n\n\n\n<p>Com isso, a defini\u00e7\u00e3o sobre Renato Portaluppi se tornou um dos principais t\u00f3picos da agenda gremista. Al\u00e9m disso, cabe ressaltar que qualquer decis\u00e3o impactar\u00e1 diretamente no planejamento da pr\u00f3xima temporada.&nbsp;<\/p>\n\n\n\n<p>O que fica claro, at\u00e9 agora, \u00e9 que o futuro do Gr\u00eamio passar\u00e1 por discuss\u00f5es profundas entre os dirigentes e o pr\u00f3prio t\u00e9cnico.<\/p>\n","protected":false},"excerpt":{"rendered":"<p>Com o fim da temporada 2024 se aproximando, as discuss\u00f5es sobre a continuidade de Renato Portaluppi no comando do Gr\u00eamio ganharam for\u00e7a nos bastidores do clube.&nbsp; Enquanto o Tricolor se prepara para enfrentar o Corinthians na Arena no pr\u00f3ximo domingo (8), pela \u00faltima rodada do Brasileir\u00e3o, as decis\u00f5es fora de campo come\u00e7am a definir os [&hellip;]<\/p>\n","protected":false},"author":25,"featured_media":144188,"comment_status":"open","ping_status":"closed","sticky":false,"template":"","format":"standard","meta":{"footnotes":""},"categories":[147],"tags":[],"class_list":["post-195682","post","type-post","status-publish","format-standard","has-post-thumbnail","hentry","category-gremio"],"yoast_head":"<!-- This site is optimized with the Yoast SEO Premium plugin v24.2 (Yoast SEO v26.9) - https:\/\/yoast.com\/product\/yoast-seo-premium-wordpress\/ -->\n<title>Gr\u00eamio toma decis\u00e3o envolvendo Renato Ga\u00facho, afirma rep\u00f3rter<\/title>\n<meta name=\"robots\" content=\"index, follow, max-snippet:-1, max-image-preview:large, max-video-preview:-1\" \/>\n<link rel=\"canonical\" href=\"https:\/\/www.gaveanews.com\/index.php\/2024\/12\/06\/gremio-toma-decisao-envolvendo-renato-gaucho-afirma-reporter\/\" \/>\n<meta property=\"og:locale\" content=\"pt_BR\" \/>\n<meta property=\"og:type\" content=\"article\" \/>\n<meta property=\"og:title\" content=\"Gr\u00eamio toma decis\u00e3o envolvendo Renato Ga\u00facho, afirma rep\u00f3rter\" \/>\n<meta property=\"og:description\" content=\"Com o fim da temporada 2024 se aproximando, as discuss\u00f5es sobre a continuidade de Renato Portaluppi no comando do Gr\u00eamio ganharam for\u00e7a nos bastidores do clube.&nbsp; Enquanto o Tricolor se prepara para enfrentar o Corinthians na Arena no pr\u00f3ximo domingo (8), pela \u00faltima rodada do Brasileir\u00e3o, as decis\u00f5es fora de campo come\u00e7am a definir os [&hellip;]\" \/>\n<meta property=\"og:url\" content=\"https:\/\/www.gaveanews.com\/index.php\/2024\/12\/06\/gremio-toma-decisao-envolvendo-renato-gaucho-afirma-reporter\/\" \/>\n<meta property=\"og:site_name\" content=\"G\u00e1vea News\" \/>\n<meta property=\"article:publisher\" content=\"https:\/\/facebook.com\/gaveaNews\/\" \/>\n<meta property=\"article:published_time\" content=\"2024-12-06T14:35:43+00:00\" \/>\n<meta property=\"og:image\" content=\"https:\/\/www.gaveanews.com\/wp-content\/uploads\/renato-gaucho-gremio.webp\" \/>\n\t<meta property=\"og:image:width\" content=\"1000\" \/>\n\t<meta property=\"og:image:height\" content=\"563\" \/>\n\t<meta property=\"og:image:type\" content=\"image\/webp\" \/>\n<meta name=\"author\" content=\"Rafaela Ladeira\" \/>\n<meta name=\"twitter:card\" content=\"summary_large_image\" \/>\n<meta name=\"twitter:label1\" content=\"Escrito por\" \/>\n\t<meta name=\"twitter:data1\" content=\"Rafaela Ladeira\" \/>\n\t<meta name=\"twitter:label2\" content=\"Est. tempo de leitura\" \/>\n\t<meta name=\"twitter:data2\" content=\"3 minutos\" \/>\n<script type=\"application\/ld+json\" class=\"yoast-schema-graph\">{\"@context\":\"https:\/\/schema.org\",\"@graph\":[{\"@type\":\"NewsArticle\",\"@id\":\"https:\/\/www.gaveanews.com\/index.php\/2024\/12\/06\/gremio-toma-decisao-envolvendo-renato-gaucho-afirma-reporter\/#article\",\"isPartOf\":{\"@id\":\"https:\/\/www.gaveanews.com\/index.php\/2024\/12\/06\/gremio-toma-decisao-envolvendo-renato-gaucho-afirma-reporter\/\"},\"author\":{\"name\":\"Rafaela Ladeira\",\"@id\":\"https:\/\/www.gaveanews.com\/#\/schema\/person\/0eb3e3fe1754f0205218538adbe8f5ed\"},\"headline\":\"Gr\u00eamio toma decis\u00e3o envolvendo Renato Ga\u00facho, afirma rep\u00f3rter\",\"datePublished\":\"2024-12-06T14:35:43+00:00\",\"mainEntityOfPage\":{\"@id\":\"https:\/\/www.gaveanews.com\/index.php\/2024\/12\/06\/gremio-toma-decisao-envolvendo-renato-gaucho-afirma-reporter\/\"},\"wordCount\":386,\"commentCount\":0,\"image\":{\"@id\":\"https:\/\/www.gaveanews.com\/index.php\/2024\/12\/06\/gremio-toma-decisao-envolvendo-renato-gaucho-afirma-reporter\/#primaryimage\"},\"thumbnailUrl\":\"https:\/\/www.gaveanews.com\/wp-content\/uploads\/renato-gaucho-gremio.webp\",\"articleSection\":[\"Gr\u00eamio\"],\"inLanguage\":\"pt-BR\",\"potentialAction\":[{\"@type\":\"CommentAction\",\"name\":\"Comment\",\"target\":[\"https:\/\/www.gaveanews.com\/index.php\/2024\/12\/06\/gremio-toma-decisao-envolvendo-renato-gaucho-afirma-reporter\/#respond\"]}],\"copyrightYear\":\"2024\",\"copyrightHolder\":{\"@id\":\"https:\/\/www.gaveanews.com\/#organization\"}},{\"@type\":\"WebPage\",\"@id\":\"https:\/\/www.gaveanews.com\/index.php\/2024\/12\/06\/gremio-toma-decisao-envolvendo-renato-gaucho-afirma-reporter\/\",\"url\":\"https:\/\/www.gaveanews.com\/index.php\/2024\/12\/06\/gremio-toma-decisao-envolvendo-renato-gaucho-afirma-reporter\/\",\"name\":\"Gr\u00eamio toma decis\u00e3o envolvendo Renato Ga\u00facho, afirma rep\u00f3rter\",\"isPartOf\":{\"@id\":\"https:\/\/www.gaveanews.com\/#website\"},\"primaryImageOfPage\":{\"@id\":\"https:\/\/www.gaveanews.com\/index.php\/2024\/12\/06\/gremio-toma-decisao-envolvendo-renato-gaucho-afirma-reporter\/#primaryimage\"},\"image\":{\"@id\":\"https:\/\/www.gaveanews.com\/index.php\/2024\/12\/06\/gremio-toma-decisao-envolvendo-renato-gaucho-afirma-reporter\/#primaryimage\"},\"thumbnailUrl\":\"https:\/\/www.gaveanews.com\/wp-content\/uploads\/renato-gaucho-gremio.webp\",\"datePublished\":\"2024-12-06T14:35:43+00:00\",\"author\":{\"@id\":\"https:\/\/www.gaveanews.com\/#\/schema\/person\/0eb3e3fe1754f0205218538adbe8f5ed\"},\"breadcrumb\":{\"@id\":\"https:\/\/www.gaveanews.com\/index.php\/2024\/12\/06\/gremio-toma-decisao-envolvendo-renato-gaucho-afirma-reporter\/#breadcrumb\"},\"inLanguage\":\"pt-BR\",\"potentialAction\":[{\"@type\":\"ReadAction\",\"target\":[\"https:\/\/www.gaveanews.com\/index.php\/2024\/12\/06\/gremio-toma-decisao-envolvendo-renato-gaucho-afirma-reporter\/\"]}]},{\"@type\":\"ImageObject\",\"inLanguage\":\"pt-BR\",\"@id\":\"https:\/\/www.gaveanews.com\/index.php\/2024\/12\/06\/gremio-toma-decisao-envolvendo-renato-gaucho-afirma-reporter\/#primaryimage\",\"url\":\"https:\/\/www.gaveanews.com\/wp-content\/uploads\/renato-gaucho-gremio.webp\",\"contentUrl\":\"https:\/\/www.gaveanews.com\/wp-content\/uploads\/renato-gaucho-gremio.webp\",\"width\":1000,\"height\":563,\"caption\":\"Renato Ga\u00facho em treino do Gr\u00eamio (Foto: Lucas Uebel\/Gr\u00eamio FBPA)\"},{\"@type\":\"BreadcrumbList\",\"@id\":\"https:\/\/www.gaveanews.com\/index.php\/2024\/12\/06\/gremio-toma-decisao-envolvendo-renato-gaucho-afirma-reporter\/#breadcrumb\",\"itemListElement\":[{\"@type\":\"ListItem\",\"position\":1,\"name\":\"Home\",\"item\":\"https:\/\/www.gaveanews.com\/\"},{\"@type\":\"ListItem\",\"position\":2,\"name\":\"Gr\u00eamio toma decis\u00e3o envolvendo Renato Ga\u00facho, afirma rep\u00f3rter\"}]},{\"@type\":\"WebSite\",\"@id\":\"https:\/\/www.gaveanews.com\/#website\",\"url\":\"https:\/\/www.gaveanews.com\/\",\"name\":\"G\u00e1vea News\",\"description\":\"Veja todas as not\u00edcias sobre o Flamengo: Contrata\u00e7\u00f5es, categorias de base, resultados das partidas, tabela de classifica\u00e7\u00e3o, pr\u00f3ximos jogos!\",\"potentialAction\":[{\"@type\":\"SearchAction\",\"target\":{\"@type\":\"EntryPoint\",\"urlTemplate\":\"https:\/\/www.gaveanews.com\/?s={search_term_string}\"},\"query-input\":{\"@type\":\"PropertyValueSpecification\",\"valueRequired\":true,\"valueName\":\"search_term_string\"}}],\"inLanguage\":\"pt-BR\"},{\"@type\":\"Person\",\"@id\":\"https:\/\/www.gaveanews.com\/#\/schema\/person\/0eb3e3fe1754f0205218538adbe8f5ed\",\"name\":\"Rafaela Ladeira\",\"image\":{\"@type\":\"ImageObject\",\"inLanguage\":\"pt-BR\",\"@id\":\"https:\/\/www.gaveanews.com\/#\/schema\/person\/image\/\",\"url\":\"https:\/\/secure.gravatar.com\/avatar\/c31f513acffd85eacab5730cbdfdbbf59f21ba5aeada8cd890acea879fbb2455?s=96&d=mm&r=g\",\"contentUrl\":\"https:\/\/secure.gravatar.com\/avatar\/c31f513acffd85eacab5730cbdfdbbf59f21ba5aeada8cd890acea879fbb2455?s=96&d=mm&r=g\",\"caption\":\"Rafaela Ladeira\"}}]}<\/script>\n<!-- \/ Yoast SEO Premium plugin. -->","yoast_head_json":{"title":"Gr\u00eamio toma decis\u00e3o envolvendo Renato Ga\u00facho, afirma rep\u00f3rter","robots":{"index":"index","follow":"follow","max-snippet":"max-snippet:-1","max-image-preview":"max-image-preview:large","max-video-preview":"max-video-preview:-1"},"canonical":"https:\/\/www.gaveanews.com\/index.php\/2024\/12\/06\/gremio-toma-decisao-envolvendo-renato-gaucho-afirma-reporter\/","og_locale":"pt_BR","og_type":"article","og_title":"Gr\u00eamio toma decis\u00e3o envolvendo Renato Ga\u00facho, afirma rep\u00f3rter","og_description":"Com o fim da temporada 2024 se aproximando, as discuss\u00f5es sobre a continuidade de Renato Portaluppi no comando do Gr\u00eamio ganharam for\u00e7a nos bastidores do clube.&nbsp; Enquanto o Tricolor se prepara para enfrentar o Corinthians na Arena no pr\u00f3ximo domingo (8), pela \u00faltima rodada do Brasileir\u00e3o, as decis\u00f5es fora de campo come\u00e7am a definir os [&hellip;]","og_url":"https:\/\/www.gaveanews.com\/index.php\/2024\/12\/06\/gremio-toma-decisao-envolvendo-renato-gaucho-afirma-reporter\/","og_site_name":"G\u00e1vea News","article_publisher":"https:\/\/facebook.com\/gaveaNews\/","article_published_time":"2024-12-06T14:35:43+00:00","og_image":[{"width":1000,"height":563,"url":"https:\/\/www.gaveanews.com\/wp-content\/uploads\/renato-gaucho-gremio.webp","type":"image\/webp"}],"author":"Rafaela Ladeira","twitter_card":"summary_large_image","twitter_misc":{"Escrito por":"Rafaela Ladeira","Est. tempo de leitura":"3 minutos"},"schema":{"@context":"https:\/\/schema.org","@graph":[{"@type":"NewsArticle","@id":"https:\/\/www.gaveanews.com\/index.php\/2024\/12\/06\/gremio-toma-decisao-envolvendo-renato-gaucho-afirma-reporter\/#article","isPartOf":{"@id":"https:\/\/www.gaveanews.com\/index.php\/2024\/12\/06\/gremio-toma-decisao-envolvendo-renato-gaucho-afirma-reporter\/"},"author":{"name":"Rafaela Ladeira","@id":"https:\/\/www.gaveanews.com\/#\/schema\/person\/0eb3e3fe1754f0205218538adbe8f5ed"},"headline":"Gr\u00eamio toma decis\u00e3o envolvendo Renato Ga\u00facho, afirma rep\u00f3rter","datePublished":"2024-12-06T14:35:43+00:00","mainEntityOfPage":{"@id":"https:\/\/www.gaveanews.com\/index.php\/2024\/12\/06\/gremio-toma-decisao-envolvendo-renato-gaucho-afirma-reporter\/"},"wordCount":386,"commentCount":0,"image":{"@id":"https:\/\/www.gaveanews.com\/index.php\/2024\/12\/06\/gremio-toma-decisao-envolvendo-renato-gaucho-afirma-reporter\/#primaryimage"},"thumbnailUrl":"https:\/\/www.gaveanews.com\/wp-content\/uploads\/renato-gaucho-gremio.webp","articleSection":["Gr\u00eamio"],"inLanguage":"pt-BR","potentialAction":[{"@type":"CommentAction","name":"Comment","target":["https:\/\/www.gaveanews.com\/index.php\/2024\/12\/06\/gremio-toma-decisao-envolvendo-renato-gaucho-afirma-reporter\/#respond"]}],"copyrightYear":"2024","copyrightHolder":{"@id":"https:\/\/www.gaveanews.com\/#organization"}},{"@type":"WebPage","@id":"https:\/\/www.gaveanews.com\/index.php\/2024\/12\/06\/gremio-toma-decisao-envolvendo-renato-gaucho-afirma-reporter\/","url":"https:\/\/www.gaveanews.com\/index.php\/2024\/12\/06\/gremio-toma-decisao-envolvendo-renato-gaucho-afirma-reporter\/","name":"Gr\u00eamio toma decis\u00e3o envolvendo Renato Ga\u00facho, afirma rep\u00f3rter","isPartOf":{"@id":"https:\/\/www.gaveanews.com\/#website"},"primaryImageOfPage":{"@id":"https:\/\/www.gaveanews.com\/index.php\/2024\/12\/06\/gremio-toma-decisao-envolvendo-renato-gaucho-afirma-reporter\/#primaryimage"},"image":{"@id":"https:\/\/www.gaveanews.com\/index.php\/2024\/12\/06\/gremio-toma-decisao-envolvendo-renato-gaucho-afirma-reporter\/#primaryimage"},"thumbnailUrl":"https:\/\/www.gaveanews.com\/wp-content\/uploads\/renato-gaucho-gremio.webp","datePublished":"2024-12-06T14:35:43+00:00","author":{"@id":"https:\/\/www.gaveanews.com\/#\/schema\/person\/0eb3e3fe1754f0205218538adbe8f5ed"},"breadcrumb":{"@id":"https:\/\/www.gaveanews.com\/index.php\/2024\/12\/06\/gremio-toma-decisao-envolvendo-renato-gaucho-afirma-reporter\/#breadcrumb"},"inLanguage":"pt-BR","potentialAction":[{"@type":"ReadAction","target":["https:\/\/www.gaveanews.com\/index.php\/2024\/12\/06\/gremio-toma-decisao-envolvendo-renato-gaucho-afirma-reporter\/"]}]},{"@type":"ImageObject","inLanguage":"pt-BR","@id":"https:\/\/www.gaveanews.com\/index.php\/2024\/12\/06\/gremio-toma-decisao-envolvendo-renato-gaucho-afirma-reporter\/#primaryimage","url":"https:\/\/www.gaveanews.com\/wp-content\/uploads\/renato-gaucho-gremio.webp","contentUrl":"https:\/\/www.gaveanews.com\/wp-content\/uploads\/renato-gaucho-gremio.webp","width":1000,"height":563,"caption":"Renato Ga\u00facho em treino do Gr\u00eamio (Foto: Lucas Uebel\/Gr\u00eamio FBPA)"},{"@type":"BreadcrumbList","@id":"https:\/\/www.gaveanews.com\/index.php\/2024\/12\/06\/gremio-toma-decisao-envolvendo-renato-gaucho-afirma-reporter\/#breadcrumb","itemListElement":[{"@type":"ListItem","position":1,"name":"Home","item":"https:\/\/www.gaveanews.com\/"},{"@type":"ListItem","position":2,"name":"Gr\u00eamio toma decis\u00e3o envolvendo Renato Ga\u00facho, afirma rep\u00f3rter"}]},{"@type":"WebSite","@id":"https:\/\/www.gaveanews.com\/#website","url":"https:\/\/www.gaveanews.com\/","name":"G\u00e1vea News","description":"Veja todas as not\u00edcias sobre o Flamengo: Contrata\u00e7\u00f5es, categorias de base, resultados das partidas, tabela de classifica\u00e7\u00e3o, pr\u00f3ximos jogos!","potentialAction":[{"@type":"SearchAction","target":{"@type":"EntryPoint","urlTemplate":"https:\/\/www.gaveanews.com\/?s={search_term_string}"},"query-input":{"@type":"PropertyValueSpecification","valueRequired":true,"valueName":"search_term_string"}}],"inLanguage":"pt-BR"},{"@type":"Person","@id":"https:\/\/www.gaveanews.com\/#\/schema\/person\/0eb3e3fe1754f0205218538adbe8f5ed","name":"Rafaela Ladeira","image":{"@type":"ImageObject","inLanguage":"pt-BR","@id":"https:\/\/www.gaveanews.com\/#\/schema\/person\/image\/","url":"https:\/\/secure.gravatar.com\/avatar\/c31f513acffd85eacab5730cbdfdbbf59f21ba5aeada8cd890acea879fbb2455?s=96&d=mm&r=g","contentUrl":"https:\/\/secure.gravatar.com\/avatar\/c31f513acffd85eacab5730cbdfdbbf59f21ba5aeada8cd890acea879fbb2455?s=96&d=mm&r=g","caption":"Rafaela Ladeira"}}]}},"_links":{"self":[{"href":"https:\/\/www.gaveanews.com\/index.php\/wp-json\/wp\/v2\/posts\/195682","targetHints":{"allow":["GET"]}}],"collection":[{"href":"https:\/\/www.gaveanews.com\/index.php\/wp-json\/wp\/v2\/posts"}],"about":[{"href":"https:\/\/www.gaveanews.com\/index.php\/wp-json\/wp\/v2\/types\/post"}],"author":[{"embeddable":true,"href":"https:\/\/www.gaveanews.com\/index.php\/wp-json\/wp\/v2\/users\/25"}],"replies":[{"embeddable":true,"href":"https:\/\/www.gaveanews.com\/index.php\/wp-json\/wp\/v2\/comments?post=195682"}],"version-history":[{"count":1,"href":"https:\/\/www.gaveanews.com\/index.php\/wp-json\/wp\/v2\/posts\/195682\/revisions"}],"predecessor-version":[{"id":195685,"href":"https:\/\/www.gaveanews.com\/index.php\/wp-json\/wp\/v2\/posts\/195682\/revisions\/195685"}],"wp:featuredmedia":[{"embeddable":true,"href":"https:\/\/www.gaveanews.com\/index.php\/wp-json\/wp\/v2\/media\/144188"}],"wp:attachment":[{"href":"https:\/\/www.gaveanews.com\/index.php\/wp-json\/wp\/v2\/media?parent=195682"}],"wp:term":[{"taxonomy":"category","embeddable":true,"href":"https:\/\/www.gaveanews.com\/index.php\/wp-json\/wp\/v2\/categories?post=195682"},{"taxonomy":"post_tag","embeddable":true,"href":"https:\/\/www.gaveanews.com\/index.php\/wp-json\/wp\/v2\/tags?post=195682"}],"curies":[{"name":"wp","href":"https:\/\/api.w.org\/{rel}","templated":true}]}}