{"id":195709,"date":"2024-12-06T14:05:00","date_gmt":"2024-12-06T17:05:00","guid":{"rendered":"https:\/\/www.gaveanews.com\/?p=195709"},"modified":"2024-12-06T13:56:04","modified_gmt":"2024-12-06T16:56:04","slug":"real-madrid-veja-a-previsao-de-retorno-de-vini-jr","status":"publish","type":"post","link":"https:\/\/www.gaveanews.com\/index.php\/2024\/12\/06\/real-madrid-veja-a-previsao-de-retorno-de-vini-jr\/","title":{"rendered":"Real Madrid: Veja a previs\u00e3o de retorno de Vini Jr"},"content":{"rendered":"\n<h2 class=\"wp-block-heading\" id=\"h-clube-espanhol-espera-ter-atacante-ainda-esse-ano\">Clube espanhol espera ter atacante ainda esse ano<\/h2>\n\n\n\n<p>No dia 25 de novembro, o atacante Vini Jr sofreu uma les\u00e3o muscular no b\u00edceps femoral da perna esquerda e virou desfalque do Real Madrid. No entanto, o clube poder\u00e1 contar com o brasileiro ainda esse ano. A tend\u00eancia \u00e9 de que Vini volte aos gramados uma semana antes da Copa Intercontinental, que ser\u00e1 18 de dezembro. <\/p>\n\n\n\n<ul class=\"wp-block-list\">\n<li><a href=\"https:\/\/www.gaveanews.com\/index.php\/2024\/12\/05\/a-declaracao-de-kylian-mbappe-apos-derrota-do-real-madrid\/\">A declara\u00e7\u00e3o de Kylian Mbapp\u00e9 ap\u00f3s derrota do Real Madrid<\/a><\/li>\n\n\n\n<li><a href=\"https:\/\/www.gaveanews.com\/index.php\/2024\/12\/05\/definido-veja-quem-sera-o-primeiro-adversario-do-real-madrid-no-mundial-de-clubes\/\">Definido! Veja quem ser\u00e1 o primeiro advers\u00e1rio do Real Madrid no Mundial de Clubes<\/a><\/li>\n<\/ul>\n\n\n\n<p>Na ocasi\u00e3o, Vini jogou normalmente a partida diante do Legan\u00e9s, pelo Campeonato Espanhol. O atacante parecia estar bem e ficou em campo durante os 90 minutos. Por\u00e9m, a les\u00e3o foi constatada ap\u00f3s o t\u00e9rmino da partida. <\/p>\n\n\n\n<p>Vini Jr conhece bem a les\u00e3o no b\u00edceps femoral da perna esquerda, j\u00e1 que teve o mesmo problema f\u00edsico na temporada 2023\/24. O Real Madrid tinha em seu planejamento a volta de Vini para a semana da Copa Intercontinental, mas, o retorno dever\u00e1 acontecer uma semana antes do torneio. <\/p>\n\n\n\n<p>De acordo com o &#8220;The Athletic&#8221;, o cen\u00e1rio mais otimista acredita que Vini Jr possa estar em campo na ter\u00e7a-feira, no jogo da Liga dos Campe\u00f5es contra a Atalanta, da It\u00e1lia. O time tamb\u00e9m espera contar com o brasileiro na partida contra o Rayo Vallecano, no dia 14.<\/p>\n\n\n\n<p>Na aus\u00eancia de Vini Jr, o Real somou derrotas para Liverpool (2 a 0) e Athletic Bilbao (2 a 1) e vit\u00f3ria sobre o Getafe (2 a 0). O clube merengue volta a campo neste s\u00e1bado (7) contra o Girona no Estadi Montilivi, pelo Campeonato Espanhol, \u00e1s 17h (hor\u00e1rio de Bras\u00edlia). <\/p>\n\n\n\n<p>Na Copa Intercontinental de 2024, o Real Madrid j\u00e1 est\u00e1 com sua presen\u00e7a confirmada na grande final e agora espera por seu advers\u00e1rio. Campe\u00e3o da Libertadores, o Botafogo enfrenta o Pachuca, do M\u00e9xico, em uma &#8216;quartas de final&#8217;. Se passar, enfrenta o Al-Ahly, do Egito para tentar chegar na decis\u00e3o diante dos espanh\u00f3is. <\/p>\n","protected":false},"excerpt":{"rendered":"<p>Clube espanhol espera ter atacante ainda esse ano No dia 25 de novembro, o atacante Vini Jr sofreu uma les\u00e3o muscular no b\u00edceps femoral da perna esquerda e virou desfalque do Real Madrid. No entanto, o clube poder\u00e1 contar com o brasileiro ainda esse ano. A tend\u00eancia \u00e9 de que Vini volte aos gramados uma [&hellip;]<\/p>\n","protected":false},"author":21,"featured_media":86527,"comment_status":"open","ping_status":"closed","sticky":false,"template":"","format":"standard","meta":{"footnotes":""},"categories":[88],"tags":[],"class_list":["post-195709","post","type-post","status-publish","format-standard","has-post-thumbnail","hentry","category-real-madrid"],"yoast_head":"<!-- This site is optimized with the Yoast SEO Premium plugin v24.2 (Yoast SEO v26.9) - https:\/\/yoast.com\/product\/yoast-seo-premium-wordpress\/ -->\n<title>Real Madrid: Veja a previs\u00e3o de retorno de Vini Jr<\/title>\n<meta name=\"robots\" content=\"index, follow, max-snippet:-1, max-image-preview:large, max-video-preview:-1\" \/>\n<link rel=\"canonical\" href=\"https:\/\/www.gaveanews.com\/index.php\/2024\/12\/06\/real-madrid-veja-a-previsao-de-retorno-de-vini-jr\/\" \/>\n<meta property=\"og:locale\" content=\"pt_BR\" \/>\n<meta property=\"og:type\" content=\"article\" \/>\n<meta property=\"og:title\" content=\"Real Madrid: Veja a previs\u00e3o de retorno de Vini Jr\" \/>\n<meta property=\"og:description\" content=\"Clube espanhol espera ter atacante ainda esse ano No dia 25 de novembro, o atacante Vini Jr sofreu uma les\u00e3o muscular no b\u00edceps femoral da perna esquerda e virou desfalque do Real Madrid. No entanto, o clube poder\u00e1 contar com o brasileiro ainda esse ano. A tend\u00eancia \u00e9 de que Vini volte aos gramados uma [&hellip;]\" \/>\n<meta property=\"og:url\" content=\"https:\/\/www.gaveanews.com\/index.php\/2024\/12\/06\/real-madrid-veja-a-previsao-de-retorno-de-vini-jr\/\" \/>\n<meta property=\"og:site_name\" content=\"G\u00e1vea News\" \/>\n<meta property=\"article:publisher\" content=\"https:\/\/facebook.com\/gaveaNews\/\" \/>\n<meta property=\"article:published_time\" content=\"2024-12-06T17:05:00+00:00\" \/>\n<meta property=\"og:image\" content=\"https:\/\/www.gaveanews.com\/wp-content\/uploads\/Vinicius-Jr-comemora-apos-marcar-mais-um-gol-pelo-Real-Madrid.webp\" \/>\n\t<meta property=\"og:image:width\" content=\"660\" \/>\n\t<meta property=\"og:image:height\" content=\"413\" \/>\n\t<meta property=\"og:image:type\" content=\"image\/webp\" \/>\n<meta name=\"author\" content=\"Andr\u00e9 Serra\" \/>\n<meta name=\"twitter:card\" content=\"summary_large_image\" \/>\n<meta name=\"twitter:label1\" content=\"Escrito por\" \/>\n\t<meta name=\"twitter:data1\" content=\"Andr\u00e9 Serra\" \/>\n\t<meta name=\"twitter:label2\" content=\"Est. tempo de leitura\" \/>\n\t<meta name=\"twitter:data2\" content=\"3 minutos\" \/>\n<script type=\"application\/ld+json\" class=\"yoast-schema-graph\">{\"@context\":\"https:\/\/schema.org\",\"@graph\":[{\"@type\":\"NewsArticle\",\"@id\":\"https:\/\/www.gaveanews.com\/index.php\/2024\/12\/06\/real-madrid-veja-a-previsao-de-retorno-de-vini-jr\/#article\",\"isPartOf\":{\"@id\":\"https:\/\/www.gaveanews.com\/index.php\/2024\/12\/06\/real-madrid-veja-a-previsao-de-retorno-de-vini-jr\/\"},\"author\":{\"name\":\"Andr\u00e9 Serra\",\"@id\":\"https:\/\/www.gaveanews.com\/#\/schema\/person\/0277a79a1289c451c281ec0411d84f0c\"},\"headline\":\"Real Madrid: Veja a previs\u00e3o de retorno de Vini Jr\",\"datePublished\":\"2024-12-06T17:05:00+00:00\",\"mainEntityOfPage\":{\"@id\":\"https:\/\/www.gaveanews.com\/index.php\/2024\/12\/06\/real-madrid-veja-a-previsao-de-retorno-de-vini-jr\/\"},\"wordCount\":354,\"commentCount\":0,\"image\":{\"@id\":\"https:\/\/www.gaveanews.com\/index.php\/2024\/12\/06\/real-madrid-veja-a-previsao-de-retorno-de-vini-jr\/#primaryimage\"},\"thumbnailUrl\":\"https:\/\/www.gaveanews.com\/wp-content\/uploads\/Vinicius-Jr-comemora-apos-marcar-mais-um-gol-pelo-Real-Madrid.webp\",\"articleSection\":[\"Real Madrid\"],\"inLanguage\":\"pt-BR\",\"potentialAction\":[{\"@type\":\"CommentAction\",\"name\":\"Comment\",\"target\":[\"https:\/\/www.gaveanews.com\/index.php\/2024\/12\/06\/real-madrid-veja-a-previsao-de-retorno-de-vini-jr\/#respond\"]}],\"copyrightYear\":\"2024\",\"copyrightHolder\":{\"@id\":\"https:\/\/www.gaveanews.com\/#organization\"}},{\"@type\":\"WebPage\",\"@id\":\"https:\/\/www.gaveanews.com\/index.php\/2024\/12\/06\/real-madrid-veja-a-previsao-de-retorno-de-vini-jr\/\",\"url\":\"https:\/\/www.gaveanews.com\/index.php\/2024\/12\/06\/real-madrid-veja-a-previsao-de-retorno-de-vini-jr\/\",\"name\":\"Real Madrid: Veja a previs\u00e3o de retorno de Vini Jr\",\"isPartOf\":{\"@id\":\"https:\/\/www.gaveanews.com\/#website\"},\"primaryImageOfPage\":{\"@id\":\"https:\/\/www.gaveanews.com\/index.php\/2024\/12\/06\/real-madrid-veja-a-previsao-de-retorno-de-vini-jr\/#primaryimage\"},\"image\":{\"@id\":\"https:\/\/www.gaveanews.com\/index.php\/2024\/12\/06\/real-madrid-veja-a-previsao-de-retorno-de-vini-jr\/#primaryimage\"},\"thumbnailUrl\":\"https:\/\/www.gaveanews.com\/wp-content\/uploads\/Vinicius-Jr-comemora-apos-marcar-mais-um-gol-pelo-Real-Madrid.webp\",\"datePublished\":\"2024-12-06T17:05:00+00:00\",\"author\":{\"@id\":\"https:\/\/www.gaveanews.com\/#\/schema\/person\/0277a79a1289c451c281ec0411d84f0c\"},\"breadcrumb\":{\"@id\":\"https:\/\/www.gaveanews.com\/index.php\/2024\/12\/06\/real-madrid-veja-a-previsao-de-retorno-de-vini-jr\/#breadcrumb\"},\"inLanguage\":\"pt-BR\",\"potentialAction\":[{\"@type\":\"ReadAction\",\"target\":[\"https:\/\/www.gaveanews.com\/index.php\/2024\/12\/06\/real-madrid-veja-a-previsao-de-retorno-de-vini-jr\/\"]}]},{\"@type\":\"ImageObject\",\"inLanguage\":\"pt-BR\",\"@id\":\"https:\/\/www.gaveanews.com\/index.php\/2024\/12\/06\/real-madrid-veja-a-previsao-de-retorno-de-vini-jr\/#primaryimage\",\"url\":\"https:\/\/www.gaveanews.com\/wp-content\/uploads\/Vinicius-Jr-comemora-apos-marcar-mais-um-gol-pelo-Real-Madrid.webp\",\"contentUrl\":\"https:\/\/www.gaveanews.com\/wp-content\/uploads\/Vinicius-Jr-comemora-apos-marcar-mais-um-gol-pelo-Real-Madrid.webp\",\"width\":660,\"height\":413,\"caption\":\"Vinicius Jr comemora ap\u00f3s marcar mais um gol pelo Real Madrid (Foto: Reprodu\u00e7\u00e3o\/Real Madrid)\"},{\"@type\":\"BreadcrumbList\",\"@id\":\"https:\/\/www.gaveanews.com\/index.php\/2024\/12\/06\/real-madrid-veja-a-previsao-de-retorno-de-vini-jr\/#breadcrumb\",\"itemListElement\":[{\"@type\":\"ListItem\",\"position\":1,\"name\":\"Home\",\"item\":\"https:\/\/www.gaveanews.com\/\"},{\"@type\":\"ListItem\",\"position\":2,\"name\":\"Real Madrid: Veja a previs\u00e3o de retorno de Vini Jr\"}]},{\"@type\":\"WebSite\",\"@id\":\"https:\/\/www.gaveanews.com\/#website\",\"url\":\"https:\/\/www.gaveanews.com\/\",\"name\":\"G\u00e1vea News\",\"description\":\"Veja todas as not\u00edcias sobre o Flamengo: Contrata\u00e7\u00f5es, categorias de base, resultados das partidas, tabela de classifica\u00e7\u00e3o, pr\u00f3ximos jogos!\",\"potentialAction\":[{\"@type\":\"SearchAction\",\"target\":{\"@type\":\"EntryPoint\",\"urlTemplate\":\"https:\/\/www.gaveanews.com\/?s={search_term_string}\"},\"query-input\":{\"@type\":\"PropertyValueSpecification\",\"valueRequired\":true,\"valueName\":\"search_term_string\"}}],\"inLanguage\":\"pt-BR\"},{\"@type\":\"Person\",\"@id\":\"https:\/\/www.gaveanews.com\/#\/schema\/person\/0277a79a1289c451c281ec0411d84f0c\",\"name\":\"Andr\u00e9 Serra\",\"image\":{\"@type\":\"ImageObject\",\"inLanguage\":\"pt-BR\",\"@id\":\"https:\/\/www.gaveanews.com\/#\/schema\/person\/image\/\",\"url\":\"https:\/\/secure.gravatar.com\/avatar\/d7231369fe48db93292b3e88eb2162dbd9a34a47a8437d9ef3bcaca2a86a83d7?s=96&d=mm&r=g\",\"contentUrl\":\"https:\/\/secure.gravatar.com\/avatar\/d7231369fe48db93292b3e88eb2162dbd9a34a47a8437d9ef3bcaca2a86a83d7?s=96&d=mm&r=g\",\"caption\":\"Andr\u00e9 Serra\"}}]}<\/script>\n<!-- \/ Yoast SEO Premium plugin. -->","yoast_head_json":{"title":"Real Madrid: Veja a previs\u00e3o de retorno de Vini Jr","robots":{"index":"index","follow":"follow","max-snippet":"max-snippet:-1","max-image-preview":"max-image-preview:large","max-video-preview":"max-video-preview:-1"},"canonical":"https:\/\/www.gaveanews.com\/index.php\/2024\/12\/06\/real-madrid-veja-a-previsao-de-retorno-de-vini-jr\/","og_locale":"pt_BR","og_type":"article","og_title":"Real Madrid: Veja a previs\u00e3o de retorno de Vini Jr","og_description":"Clube espanhol espera ter atacante ainda esse ano No dia 25 de novembro, o atacante Vini Jr sofreu uma les\u00e3o muscular no b\u00edceps femoral da perna esquerda e virou desfalque do Real Madrid. No entanto, o clube poder\u00e1 contar com o brasileiro ainda esse ano. A tend\u00eancia \u00e9 de que Vini volte aos gramados uma [&hellip;]","og_url":"https:\/\/www.gaveanews.com\/index.php\/2024\/12\/06\/real-madrid-veja-a-previsao-de-retorno-de-vini-jr\/","og_site_name":"G\u00e1vea News","article_publisher":"https:\/\/facebook.com\/gaveaNews\/","article_published_time":"2024-12-06T17:05:00+00:00","og_image":[{"width":660,"height":413,"url":"https:\/\/www.gaveanews.com\/wp-content\/uploads\/Vinicius-Jr-comemora-apos-marcar-mais-um-gol-pelo-Real-Madrid.webp","type":"image\/webp"}],"author":"Andr\u00e9 Serra","twitter_card":"summary_large_image","twitter_misc":{"Escrito por":"Andr\u00e9 Serra","Est. tempo de leitura":"3 minutos"},"schema":{"@context":"https:\/\/schema.org","@graph":[{"@type":"NewsArticle","@id":"https:\/\/www.gaveanews.com\/index.php\/2024\/12\/06\/real-madrid-veja-a-previsao-de-retorno-de-vini-jr\/#article","isPartOf":{"@id":"https:\/\/www.gaveanews.com\/index.php\/2024\/12\/06\/real-madrid-veja-a-previsao-de-retorno-de-vini-jr\/"},"author":{"name":"Andr\u00e9 Serra","@id":"https:\/\/www.gaveanews.com\/#\/schema\/person\/0277a79a1289c451c281ec0411d84f0c"},"headline":"Real Madrid: Veja a previs\u00e3o de retorno de Vini Jr","datePublished":"2024-12-06T17:05:00+00:00","mainEntityOfPage":{"@id":"https:\/\/www.gaveanews.com\/index.php\/2024\/12\/06\/real-madrid-veja-a-previsao-de-retorno-de-vini-jr\/"},"wordCount":354,"commentCount":0,"image":{"@id":"https:\/\/www.gaveanews.com\/index.php\/2024\/12\/06\/real-madrid-veja-a-previsao-de-retorno-de-vini-jr\/#primaryimage"},"thumbnailUrl":"https:\/\/www.gaveanews.com\/wp-content\/uploads\/Vinicius-Jr-comemora-apos-marcar-mais-um-gol-pelo-Real-Madrid.webp","articleSection":["Real Madrid"],"inLanguage":"pt-BR","potentialAction":[{"@type":"CommentAction","name":"Comment","target":["https:\/\/www.gaveanews.com\/index.php\/2024\/12\/06\/real-madrid-veja-a-previsao-de-retorno-de-vini-jr\/#respond"]}],"copyrightYear":"2024","copyrightHolder":{"@id":"https:\/\/www.gaveanews.com\/#organization"}},{"@type":"WebPage","@id":"https:\/\/www.gaveanews.com\/index.php\/2024\/12\/06\/real-madrid-veja-a-previsao-de-retorno-de-vini-jr\/","url":"https:\/\/www.gaveanews.com\/index.php\/2024\/12\/06\/real-madrid-veja-a-previsao-de-retorno-de-vini-jr\/","name":"Real Madrid: Veja a previs\u00e3o de retorno de Vini Jr","isPartOf":{"@id":"https:\/\/www.gaveanews.com\/#website"},"primaryImageOfPage":{"@id":"https:\/\/www.gaveanews.com\/index.php\/2024\/12\/06\/real-madrid-veja-a-previsao-de-retorno-de-vini-jr\/#primaryimage"},"image":{"@id":"https:\/\/www.gaveanews.com\/index.php\/2024\/12\/06\/real-madrid-veja-a-previsao-de-retorno-de-vini-jr\/#primaryimage"},"thumbnailUrl":"https:\/\/www.gaveanews.com\/wp-content\/uploads\/Vinicius-Jr-comemora-apos-marcar-mais-um-gol-pelo-Real-Madrid.webp","datePublished":"2024-12-06T17:05:00+00:00","author":{"@id":"https:\/\/www.gaveanews.com\/#\/schema\/person\/0277a79a1289c451c281ec0411d84f0c"},"breadcrumb":{"@id":"https:\/\/www.gaveanews.com\/index.php\/2024\/12\/06\/real-madrid-veja-a-previsao-de-retorno-de-vini-jr\/#breadcrumb"},"inLanguage":"pt-BR","potentialAction":[{"@type":"ReadAction","target":["https:\/\/www.gaveanews.com\/index.php\/2024\/12\/06\/real-madrid-veja-a-previsao-de-retorno-de-vini-jr\/"]}]},{"@type":"ImageObject","inLanguage":"pt-BR","@id":"https:\/\/www.gaveanews.com\/index.php\/2024\/12\/06\/real-madrid-veja-a-previsao-de-retorno-de-vini-jr\/#primaryimage","url":"https:\/\/www.gaveanews.com\/wp-content\/uploads\/Vinicius-Jr-comemora-apos-marcar-mais-um-gol-pelo-Real-Madrid.webp","contentUrl":"https:\/\/www.gaveanews.com\/wp-content\/uploads\/Vinicius-Jr-comemora-apos-marcar-mais-um-gol-pelo-Real-Madrid.webp","width":660,"height":413,"caption":"Vinicius Jr comemora ap\u00f3s marcar mais um gol pelo Real Madrid (Foto: Reprodu\u00e7\u00e3o\/Real Madrid)"},{"@type":"BreadcrumbList","@id":"https:\/\/www.gaveanews.com\/index.php\/2024\/12\/06\/real-madrid-veja-a-previsao-de-retorno-de-vini-jr\/#breadcrumb","itemListElement":[{"@type":"ListItem","position":1,"name":"Home","item":"https:\/\/www.gaveanews.com\/"},{"@type":"ListItem","position":2,"name":"Real Madrid: Veja a previs\u00e3o de retorno de Vini Jr"}]},{"@type":"WebSite","@id":"https:\/\/www.gaveanews.com\/#website","url":"https:\/\/www.gaveanews.com\/","name":"G\u00e1vea News","description":"Veja todas as not\u00edcias sobre o Flamengo: Contrata\u00e7\u00f5es, categorias de base, resultados das partidas, tabela de classifica\u00e7\u00e3o, pr\u00f3ximos jogos!","potentialAction":[{"@type":"SearchAction","target":{"@type":"EntryPoint","urlTemplate":"https:\/\/www.gaveanews.com\/?s={search_term_string}"},"query-input":{"@type":"PropertyValueSpecification","valueRequired":true,"valueName":"search_term_string"}}],"inLanguage":"pt-BR"},{"@type":"Person","@id":"https:\/\/www.gaveanews.com\/#\/schema\/person\/0277a79a1289c451c281ec0411d84f0c","name":"Andr\u00e9 Serra","image":{"@type":"ImageObject","inLanguage":"pt-BR","@id":"https:\/\/www.gaveanews.com\/#\/schema\/person\/image\/","url":"https:\/\/secure.gravatar.com\/avatar\/d7231369fe48db93292b3e88eb2162dbd9a34a47a8437d9ef3bcaca2a86a83d7?s=96&d=mm&r=g","contentUrl":"https:\/\/secure.gravatar.com\/avatar\/d7231369fe48db93292b3e88eb2162dbd9a34a47a8437d9ef3bcaca2a86a83d7?s=96&d=mm&r=g","caption":"Andr\u00e9 Serra"}}]}},"_links":{"self":[{"href":"https:\/\/www.gaveanews.com\/index.php\/wp-json\/wp\/v2\/posts\/195709","targetHints":{"allow":["GET"]}}],"collection":[{"href":"https:\/\/www.gaveanews.com\/index.php\/wp-json\/wp\/v2\/posts"}],"about":[{"href":"https:\/\/www.gaveanews.com\/index.php\/wp-json\/wp\/v2\/types\/post"}],"author":[{"embeddable":true,"href":"https:\/\/www.gaveanews.com\/index.php\/wp-json\/wp\/v2\/users\/21"}],"replies":[{"embeddable":true,"href":"https:\/\/www.gaveanews.com\/index.php\/wp-json\/wp\/v2\/comments?post=195709"}],"version-history":[{"count":1,"href":"https:\/\/www.gaveanews.com\/index.php\/wp-json\/wp\/v2\/posts\/195709\/revisions"}],"predecessor-version":[{"id":195732,"href":"https:\/\/www.gaveanews.com\/index.php\/wp-json\/wp\/v2\/posts\/195709\/revisions\/195732"}],"wp:featuredmedia":[{"embeddable":true,"href":"https:\/\/www.gaveanews.com\/index.php\/wp-json\/wp\/v2\/media\/86527"}],"wp:attachment":[{"href":"https:\/\/www.gaveanews.com\/index.php\/wp-json\/wp\/v2\/media?parent=195709"}],"wp:term":[{"taxonomy":"category","embeddable":true,"href":"https:\/\/www.gaveanews.com\/index.php\/wp-json\/wp\/v2\/categories?post=195709"},{"taxonomy":"post_tag","embeddable":true,"href":"https:\/\/www.gaveanews.com\/index.php\/wp-json\/wp\/v2\/tags?post=195709"}],"curies":[{"name":"wp","href":"https:\/\/api.w.org\/{rel}","templated":true}]}}