{"id":195893,"date":"2024-12-06T20:00:00","date_gmt":"2024-12-06T23:00:00","guid":{"rendered":"https:\/\/www.gaveanews.com\/?p=195893"},"modified":"2024-12-06T19:35:08","modified_gmt":"2024-12-06T22:35:08","slug":"arrascaeta-manda-recado-para-gabigol-do-flamengo","status":"publish","type":"post","link":"https:\/\/www.gaveanews.com\/index.php\/2024\/12\/06\/arrascaeta-manda-recado-para-gabigol-do-flamengo\/","title":{"rendered":"Arrascaeta manda recado para Gabigol, do Flamengo"},"content":{"rendered":"\n<h2 class=\"wp-block-heading\" id=\"h-arrascaeta-manifesta-desejo-de-usar-a-camisa-10-no-flamengo-em-2025\">Arrascaeta manifesta desejo de usar a camisa 10 no Flamengo em 2025<\/h2>\n\n\n\n<p>\u00cddolo da torcida do Flamengo e pe\u00e7a-chave da gera\u00e7\u00e3o vitoriosa desde 2019, Giorgian De Arrascaeta revelou que deseja assumir a camisa 10 do clube na pr\u00f3xima temporada. Atualmente utilizando o n\u00famero 14, o uruguaio falou sobre o tema durante uma entrevista ao quadro <em>Abre Aspas<\/em>, do <strong>ge<\/strong>, e destacou o respeito que tem por Gabriel Barbosa, o Gabigol, ex-detentor do n\u00famero ic\u00f4nico.<\/p>\n\n\n\n<ul class=\"wp-block-list\">\n<li><a href=\"https:\/\/www.gaveanews.com\/index.php\/2024\/12\/06\/flamengo-anuncia-renovacao-ate-2028\/\">Flamengo anuncia renova\u00e7\u00e3o at\u00e9 2028<\/a><\/li>\n\n\n\n<li><a href=\"https:\/\/www.gaveanews.com\/index.php\/2024\/12\/06\/agora-e-oficial-flamengo-anuncia-renovacao-ate-2028\/\">Agora \u00e9 oficial! Flamengo anuncia renova\u00e7\u00e3o at\u00e9 2028<\/a><\/li>\n<\/ul>\n\n\n\n<p>Questionado sobre a possibilidade de herdar a camisa, Arrascaeta foi direto:<\/p>\n\n\n\n<p>&#8220;Com certeza (risos). \u00c9 um n\u00famero que simboliza muito. Eu tenho total respeito e carinho pelo Gabi. At\u00e9 j\u00e1 tinha falado com o Bruno Spindel (diretor executivo) aqui. Eu n\u00e3o quero falar nada e nem nenhuma coisa enquanto o Gabi estiver conosco porque eu respeito a presen\u00e7a dele. A gente ficou sabendo que o Gabi n\u00e3o vai continuar conosco, vou esperar essa da\u00ed (risos)&#8221;, disse.<\/p>\n\n\n\n<p>O uruguaio destacou a longa parceria com Gabigol, ressaltando que nunca cogitou falar sobre o n\u00famero enquanto o companheiro esteve no clube. Vale lembrar que Gabigol perdeu a camisa 10 em maio de 2024, ap\u00f3s puni\u00e7\u00e3o interna, quando foi afastado por quest\u00f5es disciplinares.<\/p>\n\n\n\n<p>No pr\u00f3ximo domingo, o Flamengo encerra a temporada 2024 em um duelo contra o Vit\u00f3ria no Maracan\u00e3. Arrascaeta, lesionado, n\u00e3o estar\u00e1 em campo, mas far\u00e1 quest\u00e3o de participar da despedida de Gabigol. O atacante deixa o clube ap\u00f3s um ciclo recheado de conquistas, que incluiu Libertadores, Brasileiros e Copas do Brasil, al\u00e9m de ser o principal nome da equipe nos \u00faltimos anos.<\/p>\n\n\n\n<p>&#8220;Despedidas s\u00e3o sempre muito ruins, n\u00e9? Mas tenho gratid\u00e3o enorme por tudo que eu vivenciei. Ele me deu as maiores conquistas da minha carreira do meu lado. Praticamente fizemos a passagem dele toda aqui juntos, chegamos juntos no Flamengo. Quero agradecer a ele e desejar o melhor&#8221;, declarou Arrascaeta.<\/p>\n\n\n\n<p>&#8220;A verdade \u00e9 que quero agradecer a ele e desejar a ele o melhor. \u00c9 um cara que eu sei que vai melhorar e vai demonstrar seu potencial porque j\u00e1 fez muitas vezes isso a\u00ed&#8221;, finalizou. <\/p>\n","protected":false},"excerpt":{"rendered":"<p>Arrascaeta manifesta desejo de usar a camisa 10 no Flamengo em 2025 \u00cddolo da torcida do Flamengo e pe\u00e7a-chave da gera\u00e7\u00e3o vitoriosa desde 2019, Giorgian De Arrascaeta revelou que deseja assumir a camisa 10 do clube na pr\u00f3xima temporada. Atualmente utilizando o n\u00famero 14, o uruguaio falou sobre o tema durante uma entrevista ao quadro [&hellip;]<\/p>\n","protected":false},"author":17,"featured_media":169509,"comment_status":"open","ping_status":"closed","sticky":false,"template":"","format":"standard","meta":{"footnotes":""},"categories":[1],"tags":[],"class_list":["post-195893","post","type-post","status-publish","format-standard","has-post-thumbnail","hentry","category-flamengo"],"yoast_head":"<!-- This site is optimized with the Yoast SEO Premium plugin v24.2 (Yoast SEO v26.9) - https:\/\/yoast.com\/product\/yoast-seo-premium-wordpress\/ -->\n<title>Arrascaeta manda recado para Gabigol, do Flamengo<\/title>\n<meta name=\"robots\" content=\"index, follow, max-snippet:-1, max-image-preview:large, max-video-preview:-1\" \/>\n<link rel=\"canonical\" href=\"https:\/\/www.gaveanews.com\/index.php\/2024\/12\/06\/arrascaeta-manda-recado-para-gabigol-do-flamengo\/\" \/>\n<meta property=\"og:locale\" content=\"pt_BR\" \/>\n<meta property=\"og:type\" content=\"article\" \/>\n<meta property=\"og:title\" content=\"Arrascaeta manda recado para Gabigol, do Flamengo\" \/>\n<meta property=\"og:description\" content=\"Arrascaeta manifesta desejo de usar a camisa 10 no Flamengo em 2025 \u00cddolo da torcida do Flamengo e pe\u00e7a-chave da gera\u00e7\u00e3o vitoriosa desde 2019, Giorgian De Arrascaeta revelou que deseja assumir a camisa 10 do clube na pr\u00f3xima temporada. Atualmente utilizando o n\u00famero 14, o uruguaio falou sobre o tema durante uma entrevista ao quadro [&hellip;]\" \/>\n<meta property=\"og:url\" content=\"https:\/\/www.gaveanews.com\/index.php\/2024\/12\/06\/arrascaeta-manda-recado-para-gabigol-do-flamengo\/\" \/>\n<meta property=\"og:site_name\" content=\"G\u00e1vea News\" \/>\n<meta property=\"article:publisher\" content=\"https:\/\/facebook.com\/gaveaNews\/\" \/>\n<meta property=\"article:published_time\" content=\"2024-12-06T23:00:00+00:00\" \/>\n<meta property=\"og:image\" content=\"https:\/\/www.gaveanews.com\/wp-content\/uploads\/Arrascaeta-em-acao-pelo-Flamengo-1.webp\" \/>\n\t<meta property=\"og:image:width\" content=\"1170\" \/>\n\t<meta property=\"og:image:height\" content=\"767\" \/>\n\t<meta property=\"og:image:type\" content=\"image\/jpeg\" \/>\n<meta name=\"author\" content=\"Geovanna Thomaz\" \/>\n<meta name=\"twitter:card\" content=\"summary_large_image\" \/>\n<meta name=\"twitter:label1\" content=\"Escrito por\" \/>\n\t<meta name=\"twitter:data1\" content=\"Geovanna Thomaz\" \/>\n\t<meta name=\"twitter:label2\" content=\"Est. tempo de leitura\" \/>\n\t<meta name=\"twitter:data2\" content=\"3 minutos\" \/>\n<script type=\"application\/ld+json\" class=\"yoast-schema-graph\">{\"@context\":\"https:\/\/schema.org\",\"@graph\":[{\"@type\":\"NewsArticle\",\"@id\":\"https:\/\/www.gaveanews.com\/index.php\/2024\/12\/06\/arrascaeta-manda-recado-para-gabigol-do-flamengo\/#article\",\"isPartOf\":{\"@id\":\"https:\/\/www.gaveanews.com\/index.php\/2024\/12\/06\/arrascaeta-manda-recado-para-gabigol-do-flamengo\/\"},\"author\":{\"name\":\"Geovanna Thomaz\",\"@id\":\"https:\/\/www.gaveanews.com\/#\/schema\/person\/f42654babcd2b2014a1a65af82b081f1\"},\"headline\":\"Arrascaeta manda recado para Gabigol, do Flamengo\",\"datePublished\":\"2024-12-06T23:00:00+00:00\",\"mainEntityOfPage\":{\"@id\":\"https:\/\/www.gaveanews.com\/index.php\/2024\/12\/06\/arrascaeta-manda-recado-para-gabigol-do-flamengo\/\"},\"wordCount\":370,\"commentCount\":0,\"image\":{\"@id\":\"https:\/\/www.gaveanews.com\/index.php\/2024\/12\/06\/arrascaeta-manda-recado-para-gabigol-do-flamengo\/#primaryimage\"},\"thumbnailUrl\":\"https:\/\/www.gaveanews.com\/wp-content\/uploads\/Arrascaeta-em-acao-pelo-Flamengo-1.webp\",\"articleSection\":[\"Flamengo\"],\"inLanguage\":\"pt-BR\",\"potentialAction\":[{\"@type\":\"CommentAction\",\"name\":\"Comment\",\"target\":[\"https:\/\/www.gaveanews.com\/index.php\/2024\/12\/06\/arrascaeta-manda-recado-para-gabigol-do-flamengo\/#respond\"]}],\"copyrightYear\":\"2024\",\"copyrightHolder\":{\"@id\":\"https:\/\/www.gaveanews.com\/#organization\"}},{\"@type\":\"WebPage\",\"@id\":\"https:\/\/www.gaveanews.com\/index.php\/2024\/12\/06\/arrascaeta-manda-recado-para-gabigol-do-flamengo\/\",\"url\":\"https:\/\/www.gaveanews.com\/index.php\/2024\/12\/06\/arrascaeta-manda-recado-para-gabigol-do-flamengo\/\",\"name\":\"Arrascaeta manda recado para Gabigol, do Flamengo\",\"isPartOf\":{\"@id\":\"https:\/\/www.gaveanews.com\/#website\"},\"primaryImageOfPage\":{\"@id\":\"https:\/\/www.gaveanews.com\/index.php\/2024\/12\/06\/arrascaeta-manda-recado-para-gabigol-do-flamengo\/#primaryimage\"},\"image\":{\"@id\":\"https:\/\/www.gaveanews.com\/index.php\/2024\/12\/06\/arrascaeta-manda-recado-para-gabigol-do-flamengo\/#primaryimage\"},\"thumbnailUrl\":\"https:\/\/www.gaveanews.com\/wp-content\/uploads\/Arrascaeta-em-acao-pelo-Flamengo-1.webp\",\"datePublished\":\"2024-12-06T23:00:00+00:00\",\"author\":{\"@id\":\"https:\/\/www.gaveanews.com\/#\/schema\/person\/f42654babcd2b2014a1a65af82b081f1\"},\"breadcrumb\":{\"@id\":\"https:\/\/www.gaveanews.com\/index.php\/2024\/12\/06\/arrascaeta-manda-recado-para-gabigol-do-flamengo\/#breadcrumb\"},\"inLanguage\":\"pt-BR\",\"potentialAction\":[{\"@type\":\"ReadAction\",\"target\":[\"https:\/\/www.gaveanews.com\/index.php\/2024\/12\/06\/arrascaeta-manda-recado-para-gabigol-do-flamengo\/\"]}]},{\"@type\":\"ImageObject\",\"inLanguage\":\"pt-BR\",\"@id\":\"https:\/\/www.gaveanews.com\/index.php\/2024\/12\/06\/arrascaeta-manda-recado-para-gabigol-do-flamengo\/#primaryimage\",\"url\":\"https:\/\/www.gaveanews.com\/wp-content\/uploads\/Arrascaeta-em-acao-pelo-Flamengo-1.webp\",\"contentUrl\":\"https:\/\/www.gaveanews.com\/wp-content\/uploads\/Arrascaeta-em-acao-pelo-Flamengo-1.webp\",\"width\":1170,\"height\":767,\"caption\":\"Arrascaeta em a\u00e7\u00e3o pelo Flamengo (Foto: Gilvan de Souza\/CRF)\"},{\"@type\":\"BreadcrumbList\",\"@id\":\"https:\/\/www.gaveanews.com\/index.php\/2024\/12\/06\/arrascaeta-manda-recado-para-gabigol-do-flamengo\/#breadcrumb\",\"itemListElement\":[{\"@type\":\"ListItem\",\"position\":1,\"name\":\"Home\",\"item\":\"https:\/\/www.gaveanews.com\/\"},{\"@type\":\"ListItem\",\"position\":2,\"name\":\"Arrascaeta manda recado para Gabigol, do Flamengo\"}]},{\"@type\":\"WebSite\",\"@id\":\"https:\/\/www.gaveanews.com\/#website\",\"url\":\"https:\/\/www.gaveanews.com\/\",\"name\":\"G\u00e1vea News\",\"description\":\"Veja todas as not\u00edcias sobre o Flamengo: Contrata\u00e7\u00f5es, categorias de base, resultados das partidas, tabela de classifica\u00e7\u00e3o, pr\u00f3ximos jogos!\",\"potentialAction\":[{\"@type\":\"SearchAction\",\"target\":{\"@type\":\"EntryPoint\",\"urlTemplate\":\"https:\/\/www.gaveanews.com\/?s={search_term_string}\"},\"query-input\":{\"@type\":\"PropertyValueSpecification\",\"valueRequired\":true,\"valueName\":\"search_term_string\"}}],\"inLanguage\":\"pt-BR\"},{\"@type\":\"Person\",\"@id\":\"https:\/\/www.gaveanews.com\/#\/schema\/person\/f42654babcd2b2014a1a65af82b081f1\",\"name\":\"Geovanna Thomaz\",\"image\":{\"@type\":\"ImageObject\",\"inLanguage\":\"pt-BR\",\"@id\":\"https:\/\/www.gaveanews.com\/#\/schema\/person\/image\/\",\"url\":\"https:\/\/secure.gravatar.com\/avatar\/4092073255489533afb558984b49b64268c47198af8623cc82a925ae9fb7118a?s=96&d=mm&r=g\",\"contentUrl\":\"https:\/\/secure.gravatar.com\/avatar\/4092073255489533afb558984b49b64268c47198af8623cc82a925ae9fb7118a?s=96&d=mm&r=g\",\"caption\":\"Geovanna Thomaz\"}}]}<\/script>\n<!-- \/ Yoast SEO Premium plugin. -->","yoast_head_json":{"title":"Arrascaeta manda recado para Gabigol, do Flamengo","robots":{"index":"index","follow":"follow","max-snippet":"max-snippet:-1","max-image-preview":"max-image-preview:large","max-video-preview":"max-video-preview:-1"},"canonical":"https:\/\/www.gaveanews.com\/index.php\/2024\/12\/06\/arrascaeta-manda-recado-para-gabigol-do-flamengo\/","og_locale":"pt_BR","og_type":"article","og_title":"Arrascaeta manda recado para Gabigol, do Flamengo","og_description":"Arrascaeta manifesta desejo de usar a camisa 10 no Flamengo em 2025 \u00cddolo da torcida do Flamengo e pe\u00e7a-chave da gera\u00e7\u00e3o vitoriosa desde 2019, Giorgian De Arrascaeta revelou que deseja assumir a camisa 10 do clube na pr\u00f3xima temporada. Atualmente utilizando o n\u00famero 14, o uruguaio falou sobre o tema durante uma entrevista ao quadro [&hellip;]","og_url":"https:\/\/www.gaveanews.com\/index.php\/2024\/12\/06\/arrascaeta-manda-recado-para-gabigol-do-flamengo\/","og_site_name":"G\u00e1vea News","article_publisher":"https:\/\/facebook.com\/gaveaNews\/","article_published_time":"2024-12-06T23:00:00+00:00","og_image":[{"width":1170,"height":767,"url":"https:\/\/www.gaveanews.com\/wp-content\/uploads\/Arrascaeta-em-acao-pelo-Flamengo-1.webp","type":"image\/jpeg"}],"author":"Geovanna Thomaz","twitter_card":"summary_large_image","twitter_misc":{"Escrito por":"Geovanna Thomaz","Est. tempo de leitura":"3 minutos"},"schema":{"@context":"https:\/\/schema.org","@graph":[{"@type":"NewsArticle","@id":"https:\/\/www.gaveanews.com\/index.php\/2024\/12\/06\/arrascaeta-manda-recado-para-gabigol-do-flamengo\/#article","isPartOf":{"@id":"https:\/\/www.gaveanews.com\/index.php\/2024\/12\/06\/arrascaeta-manda-recado-para-gabigol-do-flamengo\/"},"author":{"name":"Geovanna Thomaz","@id":"https:\/\/www.gaveanews.com\/#\/schema\/person\/f42654babcd2b2014a1a65af82b081f1"},"headline":"Arrascaeta manda recado para Gabigol, do Flamengo","datePublished":"2024-12-06T23:00:00+00:00","mainEntityOfPage":{"@id":"https:\/\/www.gaveanews.com\/index.php\/2024\/12\/06\/arrascaeta-manda-recado-para-gabigol-do-flamengo\/"},"wordCount":370,"commentCount":0,"image":{"@id":"https:\/\/www.gaveanews.com\/index.php\/2024\/12\/06\/arrascaeta-manda-recado-para-gabigol-do-flamengo\/#primaryimage"},"thumbnailUrl":"https:\/\/www.gaveanews.com\/wp-content\/uploads\/Arrascaeta-em-acao-pelo-Flamengo-1.webp","articleSection":["Flamengo"],"inLanguage":"pt-BR","potentialAction":[{"@type":"CommentAction","name":"Comment","target":["https:\/\/www.gaveanews.com\/index.php\/2024\/12\/06\/arrascaeta-manda-recado-para-gabigol-do-flamengo\/#respond"]}],"copyrightYear":"2024","copyrightHolder":{"@id":"https:\/\/www.gaveanews.com\/#organization"}},{"@type":"WebPage","@id":"https:\/\/www.gaveanews.com\/index.php\/2024\/12\/06\/arrascaeta-manda-recado-para-gabigol-do-flamengo\/","url":"https:\/\/www.gaveanews.com\/index.php\/2024\/12\/06\/arrascaeta-manda-recado-para-gabigol-do-flamengo\/","name":"Arrascaeta manda recado para Gabigol, do Flamengo","isPartOf":{"@id":"https:\/\/www.gaveanews.com\/#website"},"primaryImageOfPage":{"@id":"https:\/\/www.gaveanews.com\/index.php\/2024\/12\/06\/arrascaeta-manda-recado-para-gabigol-do-flamengo\/#primaryimage"},"image":{"@id":"https:\/\/www.gaveanews.com\/index.php\/2024\/12\/06\/arrascaeta-manda-recado-para-gabigol-do-flamengo\/#primaryimage"},"thumbnailUrl":"https:\/\/www.gaveanews.com\/wp-content\/uploads\/Arrascaeta-em-acao-pelo-Flamengo-1.webp","datePublished":"2024-12-06T23:00:00+00:00","author":{"@id":"https:\/\/www.gaveanews.com\/#\/schema\/person\/f42654babcd2b2014a1a65af82b081f1"},"breadcrumb":{"@id":"https:\/\/www.gaveanews.com\/index.php\/2024\/12\/06\/arrascaeta-manda-recado-para-gabigol-do-flamengo\/#breadcrumb"},"inLanguage":"pt-BR","potentialAction":[{"@type":"ReadAction","target":["https:\/\/www.gaveanews.com\/index.php\/2024\/12\/06\/arrascaeta-manda-recado-para-gabigol-do-flamengo\/"]}]},{"@type":"ImageObject","inLanguage":"pt-BR","@id":"https:\/\/www.gaveanews.com\/index.php\/2024\/12\/06\/arrascaeta-manda-recado-para-gabigol-do-flamengo\/#primaryimage","url":"https:\/\/www.gaveanews.com\/wp-content\/uploads\/Arrascaeta-em-acao-pelo-Flamengo-1.webp","contentUrl":"https:\/\/www.gaveanews.com\/wp-content\/uploads\/Arrascaeta-em-acao-pelo-Flamengo-1.webp","width":1170,"height":767,"caption":"Arrascaeta em a\u00e7\u00e3o pelo Flamengo (Foto: Gilvan de Souza\/CRF)"},{"@type":"BreadcrumbList","@id":"https:\/\/www.gaveanews.com\/index.php\/2024\/12\/06\/arrascaeta-manda-recado-para-gabigol-do-flamengo\/#breadcrumb","itemListElement":[{"@type":"ListItem","position":1,"name":"Home","item":"https:\/\/www.gaveanews.com\/"},{"@type":"ListItem","position":2,"name":"Arrascaeta manda recado para Gabigol, do Flamengo"}]},{"@type":"WebSite","@id":"https:\/\/www.gaveanews.com\/#website","url":"https:\/\/www.gaveanews.com\/","name":"G\u00e1vea News","description":"Veja todas as not\u00edcias sobre o Flamengo: Contrata\u00e7\u00f5es, categorias de base, resultados das partidas, tabela de classifica\u00e7\u00e3o, pr\u00f3ximos jogos!","potentialAction":[{"@type":"SearchAction","target":{"@type":"EntryPoint","urlTemplate":"https:\/\/www.gaveanews.com\/?s={search_term_string}"},"query-input":{"@type":"PropertyValueSpecification","valueRequired":true,"valueName":"search_term_string"}}],"inLanguage":"pt-BR"},{"@type":"Person","@id":"https:\/\/www.gaveanews.com\/#\/schema\/person\/f42654babcd2b2014a1a65af82b081f1","name":"Geovanna Thomaz","image":{"@type":"ImageObject","inLanguage":"pt-BR","@id":"https:\/\/www.gaveanews.com\/#\/schema\/person\/image\/","url":"https:\/\/secure.gravatar.com\/avatar\/4092073255489533afb558984b49b64268c47198af8623cc82a925ae9fb7118a?s=96&d=mm&r=g","contentUrl":"https:\/\/secure.gravatar.com\/avatar\/4092073255489533afb558984b49b64268c47198af8623cc82a925ae9fb7118a?s=96&d=mm&r=g","caption":"Geovanna Thomaz"}}]}},"_links":{"self":[{"href":"https:\/\/www.gaveanews.com\/index.php\/wp-json\/wp\/v2\/posts\/195893","targetHints":{"allow":["GET"]}}],"collection":[{"href":"https:\/\/www.gaveanews.com\/index.php\/wp-json\/wp\/v2\/posts"}],"about":[{"href":"https:\/\/www.gaveanews.com\/index.php\/wp-json\/wp\/v2\/types\/post"}],"author":[{"embeddable":true,"href":"https:\/\/www.gaveanews.com\/index.php\/wp-json\/wp\/v2\/users\/17"}],"replies":[{"embeddable":true,"href":"https:\/\/www.gaveanews.com\/index.php\/wp-json\/wp\/v2\/comments?post=195893"}],"version-history":[{"count":2,"href":"https:\/\/www.gaveanews.com\/index.php\/wp-json\/wp\/v2\/posts\/195893\/revisions"}],"predecessor-version":[{"id":195941,"href":"https:\/\/www.gaveanews.com\/index.php\/wp-json\/wp\/v2\/posts\/195893\/revisions\/195941"}],"wp:featuredmedia":[{"embeddable":true,"href":"https:\/\/www.gaveanews.com\/index.php\/wp-json\/wp\/v2\/media\/169509"}],"wp:attachment":[{"href":"https:\/\/www.gaveanews.com\/index.php\/wp-json\/wp\/v2\/media?parent=195893"}],"wp:term":[{"taxonomy":"category","embeddable":true,"href":"https:\/\/www.gaveanews.com\/index.php\/wp-json\/wp\/v2\/categories?post=195893"},{"taxonomy":"post_tag","embeddable":true,"href":"https:\/\/www.gaveanews.com\/index.php\/wp-json\/wp\/v2\/tags?post=195893"}],"curies":[{"name":"wp","href":"https:\/\/api.w.org\/{rel}","templated":true}]}}