{"id":196022,"date":"2024-12-07T04:05:00","date_gmt":"2024-12-07T07:05:00","guid":{"rendered":"https:\/\/www.gaveanews.com\/?p=196022"},"modified":"2024-12-07T00:41:02","modified_gmt":"2024-12-07T03:41:02","slug":"saida-de-artur-jorge-declaracao-de-john-textor-e-final-da-libertadores-no-brasil-as-ultimas-noticias-do-botafogo","status":"publish","type":"post","link":"https:\/\/www.gaveanews.com\/index.php\/2024\/12\/07\/saida-de-artur-jorge-declaracao-de-john-textor-e-final-da-libertadores-no-brasil-as-ultimas-noticias-do-botafogo\/","title":{"rendered":"Sa\u00edda de Artur Jorge, declara\u00e7\u00e3o de John Textor e  final da Libertadores no Brasil: as \u00faltimas not\u00edcias do Botafogo"},"content":{"rendered":"\n<p>Nas \u00faltimas horas, o foco das not\u00edcias sobre o Botafogo se concentram nos bastidores do clube, com destaques como a sa\u00edda de Artur Jorge e a declara\u00e7\u00e3o de John Textor.<\/p>\n\n\n\n<p>Por conta deste contexto, leia abaixo um resumo preparado pela equipe do portal G\u00e1vea News para lhe manter muito bem informado!<\/p>\n\n\n\n<h2 class=\"wp-block-heading\" id=\"h-final-da-libertadores-no-brasil\">Final da Libertadores no Brasil<\/h2>\n\n\n\n<p>O presidente da Conmebol, Alejandro Dom\u00ednguez, revelou que Bras\u00edlia \u00e9 uma das cidades candidatas a sediar a final da Libertadores de 2025. Montevid\u00e9u, no Uruguai, tamb\u00e9m est\u00e1 na disputa pela sede, mas nenhuma decis\u00e3o foi oficializada, com as propostas sendo, at\u00e9 o momento, apenas verbais. Dom\u00ednguez refor\u00e7ou que a decis\u00e3o continuar\u00e1 em jogo \u00fanico, destacando a justi\u00e7a esportiva do formato, que exige entrega total das equipes em 90 ou 120 minutos, sem possibilidade de revanche <strong><a href=\"https:\/\/www.gaveanews.com\/index.php\/2024\/12\/06\/no-brasil-presidente-da-conmebol-comenta-sobre-final-da-libertadores-de-2025\/\">(leia a mat\u00e9ria completa).<\/a><\/strong><\/p>\n\n\n\n<figure class=\"wp-block-image size-large\"><img loading=\"lazy\" decoding=\"async\" width=\"1024\" height=\"662\" src=\"https:\/\/www.gaveanews.com\/wp-content\/uploads\/Logomarca-da-Conmebol-1024x662.webp\" alt=\"\" class=\"wp-image-35738\" srcset=\"https:\/\/www.gaveanews.com\/wp-content\/uploads\/Logomarca-da-Conmebol-1024x662.webp 1024w, https:\/\/www.gaveanews.com\/wp-content\/uploads\/Logomarca-da-Conmebol-300x194.webp 300w, https:\/\/www.gaveanews.com\/wp-content\/uploads\/Logomarca-da-Conmebol-768x496.webp 768w, https:\/\/www.gaveanews.com\/wp-content\/uploads\/Logomarca-da-Conmebol-650x420.webp 650w, https:\/\/www.gaveanews.com\/wp-content\/uploads\/Logomarca-da-Conmebol-600x388.webp 600w, https:\/\/www.gaveanews.com\/wp-content\/uploads\/Logomarca-da-Conmebol-341x220.webp 341w, https:\/\/www.gaveanews.com\/wp-content\/uploads\/Logomarca-da-Conmebol-682x440.webp 682w, https:\/\/www.gaveanews.com\/wp-content\/uploads\/Logomarca-da-Conmebol-640x414.webp 640w, https:\/\/www.gaveanews.com\/wp-content\/uploads\/Logomarca-da-Conmebol-681x440.webp 681w, https:\/\/www.gaveanews.com\/wp-content\/uploads\/Logomarca-da-Conmebol-100x65.webp 100w, https:\/\/www.gaveanews.com\/wp-content\/uploads\/Logomarca-da-Conmebol.webp 1162w\" sizes=\"auto, (max-width: 1024px) 100vw, 1024px\" \/><\/figure>\n\n\n\n<p>Dom\u00ednguez mencionou que, embora o formato de jogo \u00fanico garanta equidade, h\u00e1 desafios para assegurar um est\u00e1dio neutro, como ocorreu na final de 2024 entre Botafogo e Atl\u00e9tico-MG no Monumental de N\u00fa\u00f1ez. <\/p>\n\n\n\n<p>Ele tamb\u00e9m comentou sobre o Super Mundial de Clubes de 2025, ressaltando que \u00e9 hora de um time sul-americano voltar a conquistar o t\u00edtulo.<\/p>\n\n\n\n<p>Para o Super Mundial, Flamengo, Palmeiras, Fluminense e Botafogo representam o Brasil, enquanto River Plate e Boca Juniors defendem a Argentina. O presidente expressou confian\u00e7a no potencial das equipes sul-americanas, afirmando que a Conmebol vive um momento positivo e est\u00e1 preparada para competir em alto n\u00edvel.<\/p>\n\n\n\n<h2 class=\"wp-block-heading\" id=\"h-declaracao-de-john-textor\">Declara\u00e7\u00e3o de John Textor<\/h2>\n\n\n\n<p>John Textor, dono da SAF do Botafogo, comentou sobre o interesse de outros clubes em Artur Jorge, t\u00e9cnico do time carioca, destacando que as propostas recebidas refletem o excelente trabalho realizado. Textor afirmou que deseja manter Artur no comando da equipe e planeja conversar com o treinador ap\u00f3s a \u00faltima rodada do Brasileir\u00e3o. Ele destacou a diferen\u00e7a entre a situa\u00e7\u00e3o atual e a sa\u00edda de Lu\u00eds Castro, que deixou o clube em 2023 por uma proposta milion\u00e1ria da Ar\u00e1bia Saudita <strong><a href=\"https:\/\/www.gaveanews.com\/index.php\/2024\/12\/06\/john-textor-comenta-possivel-saida-de-artur-jorge-do-botafogo\/\">(leia a mat\u00e9ria completa).<\/a><\/strong><\/p>\n\n\n\n<figure class=\"wp-block-image size-full\"><img loading=\"lazy\" decoding=\"async\" width=\"888\" height=\"602\" src=\"https:\/\/www.gaveanews.com\/wp-content\/uploads\/textor4.avif\" alt=\"\" class=\"wp-image-146326\"\/><figcaption class=\"wp-element-caption\">John Textor, dono da SAF do Botafogo \u2014 Foto: Reprodu\u00e7\u00e3o\n<\/figcaption><\/figure>\n\n\n\n<p>Textor elogiou a lideran\u00e7a e a paix\u00e3o de Artur Jorge, apontando que ele est\u00e1 em ascens\u00e3o e tem grande apoio da torcida. O empres\u00e1rio acredita que o treinador est\u00e1 confort\u00e1vel com o que construiu no Botafogo e espera que permane\u00e7a para dar continuidade ao projeto que levou o clube a conquistas hist\u00f3ricas, como a Libertadores e a poss\u00edvel vit\u00f3ria no Brasileir\u00e3o.<\/p>\n\n\n\n<p>A decis\u00e3o sobre o futuro de Artur Jorge ser\u00e1 crucial para o planejamento do Botafogo, que enfrentar\u00e1 desafios como o Mundial de Clubes e a manuten\u00e7\u00e3o de sua competitividade no futebol brasileiro e internacional.<\/p>\n\n\n\n<h2 class=\"wp-block-heading\" id=\"h-saida-de-artur-jorge\">Sa\u00edda de Artur Jorge<\/h2>\n\n\n\n<p>Artur Jorge, t\u00e9cnico do Botafogo, est\u00e1 em alta ap\u00f3s conquistar a Libertadores e se aproximar do t\u00edtulo do Campeonato Brasileiro. Apesar de ter contrato com o clube at\u00e9 dezembro de 2025, ele admitiu em entrevista que seu futuro est\u00e1 em aberto, mencionando que a decis\u00e3o depender\u00e1 de encontrar um projeto que o fa\u00e7a feliz. A valoriza\u00e7\u00e3o de seu trabalho tem atra\u00eddo interesse de clubes no Brasil, como o Atl\u00e9tico-MG, e de equipes do exterior <strong><a href=\"https:\/\/www.gaveanews.com\/index.php\/2024\/12\/06\/vai-sair-a-declaracao-de-artur-jorge-do-botafogo\/\">(leia a mat\u00e9ria completa).<\/a><\/strong><\/p>\n\n\n\n<figure class=\"wp-block-image size-large\"><img loading=\"lazy\" decoding=\"async\" width=\"1024\" height=\"683\" src=\"https:\/\/www.gaveanews.com\/wp-content\/uploads\/53646308019_88b185bf1f_o-1536x1024-1-1024x683.webp\" alt=\"\" class=\"wp-image-149046\" srcset=\"https:\/\/www.gaveanews.com\/wp-content\/uploads\/53646308019_88b185bf1f_o-1536x1024-1-1024x683.webp 1024w, https:\/\/www.gaveanews.com\/wp-content\/uploads\/53646308019_88b185bf1f_o-1536x1024-1-300x200.webp 300w, https:\/\/www.gaveanews.com\/wp-content\/uploads\/53646308019_88b185bf1f_o-1536x1024-1-768x512.webp 768w, https:\/\/www.gaveanews.com\/wp-content\/uploads\/53646308019_88b185bf1f_o-1536x1024-1-630x420.webp 630w, https:\/\/www.gaveanews.com\/wp-content\/uploads\/53646308019_88b185bf1f_o-1536x1024-1-1260x840.webp 1260w, https:\/\/www.gaveanews.com\/wp-content\/uploads\/53646308019_88b185bf1f_o-1536x1024-1-640x427.webp 640w, https:\/\/www.gaveanews.com\/wp-content\/uploads\/53646308019_88b185bf1f_o-1536x1024-1-1280x853.webp 1280w, https:\/\/www.gaveanews.com\/wp-content\/uploads\/53646308019_88b185bf1f_o-1536x1024-1-681x454.webp 681w, https:\/\/www.gaveanews.com\/wp-content\/uploads\/53646308019_88b185bf1f_o-1536x1024-1-1362x908.webp 1362w, https:\/\/www.gaveanews.com\/wp-content\/uploads\/53646308019_88b185bf1f_o-1536x1024-1-100x67.webp 100w, https:\/\/www.gaveanews.com\/wp-content\/uploads\/53646308019_88b185bf1f_o-1536x1024-1.webp 1536w\" sizes=\"auto, (max-width: 1024px) 100vw, 1024px\" \/><figcaption class=\"wp-element-caption\">Artur Jorge &#8211; Foto: Vitor Silva\/Botafogo<\/figcaption><\/figure>\n\n\n\n<p>O Botafogo s\u00f3 deve tratar da renova\u00e7\u00e3o com o treinador ap\u00f3s o t\u00e9rmino das competi\u00e7\u00f5es da temporada, incluindo a Copa Intercontinental, entre 11 e 18 de dezembro. No momento, o foco do clube est\u00e1 nas conquistas em disputa, e a defini\u00e7\u00e3o do futuro de Artur Jorge ser\u00e1 discutida posteriormente.<\/p>\n\n\n\n<p>O Atl\u00e9tico-MG, que busca um novo t\u00e9cnico para 2025, v\u00ea em Artur Jorge uma das principais op\u00e7\u00f5es, junto com Lu\u00eds Castro, ex-Botafogo e atualmente no mercado internacional. A decis\u00e3o sobre a perman\u00eancia do treinador portugu\u00eas deve considerar tanto as ambi\u00e7\u00f5es do Botafogo quanto as propostas recebidas.<\/p>\n","protected":false},"excerpt":{"rendered":"<p>Nas \u00faltimas horas, o foco das not\u00edcias sobre o Botafogo se concentram nos bastidores do clube, com destaques como a sa\u00edda de Artur Jorge e a declara\u00e7\u00e3o de John Textor. Por conta deste contexto, leia abaixo um resumo preparado pela equipe do portal G\u00e1vea News para lhe manter muito bem informado! Final da Libertadores no [&hellip;]<\/p>\n","protected":false},"author":27,"featured_media":182060,"comment_status":"open","ping_status":"closed","sticky":false,"template":"","format":"standard","meta":{"footnotes":""},"categories":[138],"tags":[],"class_list":["post-196022","post","type-post","status-publish","format-standard","has-post-thumbnail","hentry","category-botafogo"],"yoast_head":"<!-- This site is optimized with the Yoast SEO Premium plugin v24.2 (Yoast SEO v26.9) - https:\/\/yoast.com\/product\/yoast-seo-premium-wordpress\/ -->\n<title>Sa\u00edda de Artur Jorge, declara\u00e7\u00e3o de John Textor e final da Libertadores no Brasil: as \u00faltimas not\u00edcias do Botafogo<\/title>\n<meta name=\"robots\" content=\"index, follow, max-snippet:-1, max-image-preview:large, max-video-preview:-1\" \/>\n<link rel=\"canonical\" href=\"https:\/\/www.gaveanews.com\/index.php\/2024\/12\/07\/saida-de-artur-jorge-declaracao-de-john-textor-e-final-da-libertadores-no-brasil-as-ultimas-noticias-do-botafogo\/\" \/>\n<meta property=\"og:locale\" content=\"pt_BR\" \/>\n<meta property=\"og:type\" content=\"article\" \/>\n<meta property=\"og:title\" content=\"Sa\u00edda de Artur Jorge, declara\u00e7\u00e3o de John Textor e final da Libertadores no Brasil: as \u00faltimas not\u00edcias do Botafogo\" \/>\n<meta property=\"og:description\" content=\"Nas \u00faltimas horas, o foco das not\u00edcias sobre o Botafogo se concentram nos bastidores do clube, com destaques como a sa\u00edda de Artur Jorge e a declara\u00e7\u00e3o de John Textor. Por conta deste contexto, leia abaixo um resumo preparado pela equipe do portal G\u00e1vea News para lhe manter muito bem informado! Final da Libertadores no [&hellip;]\" \/>\n<meta property=\"og:url\" content=\"https:\/\/www.gaveanews.com\/index.php\/2024\/12\/07\/saida-de-artur-jorge-declaracao-de-john-textor-e-final-da-libertadores-no-brasil-as-ultimas-noticias-do-botafogo\/\" \/>\n<meta property=\"og:site_name\" content=\"G\u00e1vea News\" \/>\n<meta property=\"article:publisher\" content=\"https:\/\/facebook.com\/gaveaNews\/\" \/>\n<meta property=\"article:published_time\" content=\"2024-12-07T07:05:00+00:00\" \/>\n<meta property=\"og:image\" content=\"https:\/\/www.gaveanews.com\/wp-content\/uploads\/Escudo-do-Botafogo-1.webp\" \/>\n\t<meta property=\"og:image:width\" content=\"787\" \/>\n\t<meta property=\"og:image:height\" content=\"525\" \/>\n\t<meta property=\"og:image:type\" content=\"image\/webp\" \/>\n<meta name=\"author\" content=\"Matheus Felipe\" \/>\n<meta name=\"twitter:card\" content=\"summary_large_image\" \/>\n<meta name=\"twitter:label1\" content=\"Escrito por\" \/>\n\t<meta name=\"twitter:data1\" content=\"Matheus Felipe\" \/>\n\t<meta name=\"twitter:label2\" content=\"Est. tempo de leitura\" \/>\n\t<meta name=\"twitter:data2\" content=\"5 minutos\" \/>\n<script type=\"application\/ld+json\" class=\"yoast-schema-graph\">{\"@context\":\"https:\/\/schema.org\",\"@graph\":[{\"@type\":\"NewsArticle\",\"@id\":\"https:\/\/www.gaveanews.com\/index.php\/2024\/12\/07\/saida-de-artur-jorge-declaracao-de-john-textor-e-final-da-libertadores-no-brasil-as-ultimas-noticias-do-botafogo\/#article\",\"isPartOf\":{\"@id\":\"https:\/\/www.gaveanews.com\/index.php\/2024\/12\/07\/saida-de-artur-jorge-declaracao-de-john-textor-e-final-da-libertadores-no-brasil-as-ultimas-noticias-do-botafogo\/\"},\"author\":{\"name\":\"Matheus Felipe\",\"@id\":\"https:\/\/www.gaveanews.com\/#\/schema\/person\/8207cd4627f56151707418bfc835b2fb\"},\"headline\":\"Sa\u00edda de Artur Jorge, declara\u00e7\u00e3o de John Textor e final da Libertadores no Brasil: as \u00faltimas not\u00edcias do Botafogo\",\"datePublished\":\"2024-12-07T07:05:00+00:00\",\"mainEntityOfPage\":{\"@id\":\"https:\/\/www.gaveanews.com\/index.php\/2024\/12\/07\/saida-de-artur-jorge-declaracao-de-john-textor-e-final-da-libertadores-no-brasil-as-ultimas-noticias-do-botafogo\/\"},\"wordCount\":692,\"commentCount\":0,\"image\":{\"@id\":\"https:\/\/www.gaveanews.com\/index.php\/2024\/12\/07\/saida-de-artur-jorge-declaracao-de-john-textor-e-final-da-libertadores-no-brasil-as-ultimas-noticias-do-botafogo\/#primaryimage\"},\"thumbnailUrl\":\"https:\/\/www.gaveanews.com\/wp-content\/uploads\/Escudo-do-Botafogo-1.webp\",\"articleSection\":[\"Botafogo\"],\"inLanguage\":\"pt-BR\",\"potentialAction\":[{\"@type\":\"CommentAction\",\"name\":\"Comment\",\"target\":[\"https:\/\/www.gaveanews.com\/index.php\/2024\/12\/07\/saida-de-artur-jorge-declaracao-de-john-textor-e-final-da-libertadores-no-brasil-as-ultimas-noticias-do-botafogo\/#respond\"]}],\"copyrightYear\":\"2024\",\"copyrightHolder\":{\"@id\":\"https:\/\/www.gaveanews.com\/#organization\"}},{\"@type\":\"WebPage\",\"@id\":\"https:\/\/www.gaveanews.com\/index.php\/2024\/12\/07\/saida-de-artur-jorge-declaracao-de-john-textor-e-final-da-libertadores-no-brasil-as-ultimas-noticias-do-botafogo\/\",\"url\":\"https:\/\/www.gaveanews.com\/index.php\/2024\/12\/07\/saida-de-artur-jorge-declaracao-de-john-textor-e-final-da-libertadores-no-brasil-as-ultimas-noticias-do-botafogo\/\",\"name\":\"Sa\u00edda de Artur Jorge, declara\u00e7\u00e3o de John Textor e final da Libertadores no Brasil: as \u00faltimas not\u00edcias do Botafogo\",\"isPartOf\":{\"@id\":\"https:\/\/www.gaveanews.com\/#website\"},\"primaryImageOfPage\":{\"@id\":\"https:\/\/www.gaveanews.com\/index.php\/2024\/12\/07\/saida-de-artur-jorge-declaracao-de-john-textor-e-final-da-libertadores-no-brasil-as-ultimas-noticias-do-botafogo\/#primaryimage\"},\"image\":{\"@id\":\"https:\/\/www.gaveanews.com\/index.php\/2024\/12\/07\/saida-de-artur-jorge-declaracao-de-john-textor-e-final-da-libertadores-no-brasil-as-ultimas-noticias-do-botafogo\/#primaryimage\"},\"thumbnailUrl\":\"https:\/\/www.gaveanews.com\/wp-content\/uploads\/Escudo-do-Botafogo-1.webp\",\"datePublished\":\"2024-12-07T07:05:00+00:00\",\"author\":{\"@id\":\"https:\/\/www.gaveanews.com\/#\/schema\/person\/8207cd4627f56151707418bfc835b2fb\"},\"breadcrumb\":{\"@id\":\"https:\/\/www.gaveanews.com\/index.php\/2024\/12\/07\/saida-de-artur-jorge-declaracao-de-john-textor-e-final-da-libertadores-no-brasil-as-ultimas-noticias-do-botafogo\/#breadcrumb\"},\"inLanguage\":\"pt-BR\",\"potentialAction\":[{\"@type\":\"ReadAction\",\"target\":[\"https:\/\/www.gaveanews.com\/index.php\/2024\/12\/07\/saida-de-artur-jorge-declaracao-de-john-textor-e-final-da-libertadores-no-brasil-as-ultimas-noticias-do-botafogo\/\"]}]},{\"@type\":\"ImageObject\",\"inLanguage\":\"pt-BR\",\"@id\":\"https:\/\/www.gaveanews.com\/index.php\/2024\/12\/07\/saida-de-artur-jorge-declaracao-de-john-textor-e-final-da-libertadores-no-brasil-as-ultimas-noticias-do-botafogo\/#primaryimage\",\"url\":\"https:\/\/www.gaveanews.com\/wp-content\/uploads\/Escudo-do-Botafogo-1.webp\",\"contentUrl\":\"https:\/\/www.gaveanews.com\/wp-content\/uploads\/Escudo-do-Botafogo-1.webp\",\"width\":787,\"height\":525,\"caption\":\"Escudo do Botafogo (Foto: Reprodu\u00e7\u00e3o\/Botafogo)\"},{\"@type\":\"BreadcrumbList\",\"@id\":\"https:\/\/www.gaveanews.com\/index.php\/2024\/12\/07\/saida-de-artur-jorge-declaracao-de-john-textor-e-final-da-libertadores-no-brasil-as-ultimas-noticias-do-botafogo\/#breadcrumb\",\"itemListElement\":[{\"@type\":\"ListItem\",\"position\":1,\"name\":\"Home\",\"item\":\"https:\/\/www.gaveanews.com\/\"},{\"@type\":\"ListItem\",\"position\":2,\"name\":\"Sa\u00edda de Artur Jorge, declara\u00e7\u00e3o de John Textor e final da Libertadores no Brasil: as \u00faltimas not\u00edcias do Botafogo\"}]},{\"@type\":\"WebSite\",\"@id\":\"https:\/\/www.gaveanews.com\/#website\",\"url\":\"https:\/\/www.gaveanews.com\/\",\"name\":\"G\u00e1vea News\",\"description\":\"Veja todas as not\u00edcias sobre o Flamengo: Contrata\u00e7\u00f5es, categorias de base, resultados das partidas, tabela de classifica\u00e7\u00e3o, pr\u00f3ximos jogos!\",\"potentialAction\":[{\"@type\":\"SearchAction\",\"target\":{\"@type\":\"EntryPoint\",\"urlTemplate\":\"https:\/\/www.gaveanews.com\/?s={search_term_string}\"},\"query-input\":{\"@type\":\"PropertyValueSpecification\",\"valueRequired\":true,\"valueName\":\"search_term_string\"}}],\"inLanguage\":\"pt-BR\"},{\"@type\":\"Person\",\"@id\":\"https:\/\/www.gaveanews.com\/#\/schema\/person\/8207cd4627f56151707418bfc835b2fb\",\"name\":\"Matheus Felipe\",\"image\":{\"@type\":\"ImageObject\",\"inLanguage\":\"pt-BR\",\"@id\":\"https:\/\/www.gaveanews.com\/#\/schema\/person\/image\/\",\"url\":\"https:\/\/secure.gravatar.com\/avatar\/a452ffbed9130f726358b298bb3a99ce4bd3c5338411f8440e87e14d74c7c087?s=96&d=mm&r=g\",\"contentUrl\":\"https:\/\/secure.gravatar.com\/avatar\/a452ffbed9130f726358b298bb3a99ce4bd3c5338411f8440e87e14d74c7c087?s=96&d=mm&r=g\",\"caption\":\"Matheus Felipe\"}}]}<\/script>\n<!-- \/ Yoast SEO Premium plugin. -->","yoast_head_json":{"title":"Sa\u00edda de Artur Jorge, declara\u00e7\u00e3o de John Textor e final da Libertadores no Brasil: as \u00faltimas not\u00edcias do Botafogo","robots":{"index":"index","follow":"follow","max-snippet":"max-snippet:-1","max-image-preview":"max-image-preview:large","max-video-preview":"max-video-preview:-1"},"canonical":"https:\/\/www.gaveanews.com\/index.php\/2024\/12\/07\/saida-de-artur-jorge-declaracao-de-john-textor-e-final-da-libertadores-no-brasil-as-ultimas-noticias-do-botafogo\/","og_locale":"pt_BR","og_type":"article","og_title":"Sa\u00edda de Artur Jorge, declara\u00e7\u00e3o de John Textor e final da Libertadores no Brasil: as \u00faltimas not\u00edcias do Botafogo","og_description":"Nas \u00faltimas horas, o foco das not\u00edcias sobre o Botafogo se concentram nos bastidores do clube, com destaques como a sa\u00edda de Artur Jorge e a declara\u00e7\u00e3o de John Textor. Por conta deste contexto, leia abaixo um resumo preparado pela equipe do portal G\u00e1vea News para lhe manter muito bem informado! Final da Libertadores no [&hellip;]","og_url":"https:\/\/www.gaveanews.com\/index.php\/2024\/12\/07\/saida-de-artur-jorge-declaracao-de-john-textor-e-final-da-libertadores-no-brasil-as-ultimas-noticias-do-botafogo\/","og_site_name":"G\u00e1vea News","article_publisher":"https:\/\/facebook.com\/gaveaNews\/","article_published_time":"2024-12-07T07:05:00+00:00","og_image":[{"width":787,"height":525,"url":"https:\/\/www.gaveanews.com\/wp-content\/uploads\/Escudo-do-Botafogo-1.webp","type":"image\/webp"}],"author":"Matheus Felipe","twitter_card":"summary_large_image","twitter_misc":{"Escrito por":"Matheus Felipe","Est. tempo de leitura":"5 minutos"},"schema":{"@context":"https:\/\/schema.org","@graph":[{"@type":"NewsArticle","@id":"https:\/\/www.gaveanews.com\/index.php\/2024\/12\/07\/saida-de-artur-jorge-declaracao-de-john-textor-e-final-da-libertadores-no-brasil-as-ultimas-noticias-do-botafogo\/#article","isPartOf":{"@id":"https:\/\/www.gaveanews.com\/index.php\/2024\/12\/07\/saida-de-artur-jorge-declaracao-de-john-textor-e-final-da-libertadores-no-brasil-as-ultimas-noticias-do-botafogo\/"},"author":{"name":"Matheus Felipe","@id":"https:\/\/www.gaveanews.com\/#\/schema\/person\/8207cd4627f56151707418bfc835b2fb"},"headline":"Sa\u00edda de Artur Jorge, declara\u00e7\u00e3o de John Textor e final da Libertadores no Brasil: as \u00faltimas not\u00edcias do Botafogo","datePublished":"2024-12-07T07:05:00+00:00","mainEntityOfPage":{"@id":"https:\/\/www.gaveanews.com\/index.php\/2024\/12\/07\/saida-de-artur-jorge-declaracao-de-john-textor-e-final-da-libertadores-no-brasil-as-ultimas-noticias-do-botafogo\/"},"wordCount":692,"commentCount":0,"image":{"@id":"https:\/\/www.gaveanews.com\/index.php\/2024\/12\/07\/saida-de-artur-jorge-declaracao-de-john-textor-e-final-da-libertadores-no-brasil-as-ultimas-noticias-do-botafogo\/#primaryimage"},"thumbnailUrl":"https:\/\/www.gaveanews.com\/wp-content\/uploads\/Escudo-do-Botafogo-1.webp","articleSection":["Botafogo"],"inLanguage":"pt-BR","potentialAction":[{"@type":"CommentAction","name":"Comment","target":["https:\/\/www.gaveanews.com\/index.php\/2024\/12\/07\/saida-de-artur-jorge-declaracao-de-john-textor-e-final-da-libertadores-no-brasil-as-ultimas-noticias-do-botafogo\/#respond"]}],"copyrightYear":"2024","copyrightHolder":{"@id":"https:\/\/www.gaveanews.com\/#organization"}},{"@type":"WebPage","@id":"https:\/\/www.gaveanews.com\/index.php\/2024\/12\/07\/saida-de-artur-jorge-declaracao-de-john-textor-e-final-da-libertadores-no-brasil-as-ultimas-noticias-do-botafogo\/","url":"https:\/\/www.gaveanews.com\/index.php\/2024\/12\/07\/saida-de-artur-jorge-declaracao-de-john-textor-e-final-da-libertadores-no-brasil-as-ultimas-noticias-do-botafogo\/","name":"Sa\u00edda de Artur Jorge, declara\u00e7\u00e3o de John Textor e final da Libertadores no Brasil: as \u00faltimas not\u00edcias do Botafogo","isPartOf":{"@id":"https:\/\/www.gaveanews.com\/#website"},"primaryImageOfPage":{"@id":"https:\/\/www.gaveanews.com\/index.php\/2024\/12\/07\/saida-de-artur-jorge-declaracao-de-john-textor-e-final-da-libertadores-no-brasil-as-ultimas-noticias-do-botafogo\/#primaryimage"},"image":{"@id":"https:\/\/www.gaveanews.com\/index.php\/2024\/12\/07\/saida-de-artur-jorge-declaracao-de-john-textor-e-final-da-libertadores-no-brasil-as-ultimas-noticias-do-botafogo\/#primaryimage"},"thumbnailUrl":"https:\/\/www.gaveanews.com\/wp-content\/uploads\/Escudo-do-Botafogo-1.webp","datePublished":"2024-12-07T07:05:00+00:00","author":{"@id":"https:\/\/www.gaveanews.com\/#\/schema\/person\/8207cd4627f56151707418bfc835b2fb"},"breadcrumb":{"@id":"https:\/\/www.gaveanews.com\/index.php\/2024\/12\/07\/saida-de-artur-jorge-declaracao-de-john-textor-e-final-da-libertadores-no-brasil-as-ultimas-noticias-do-botafogo\/#breadcrumb"},"inLanguage":"pt-BR","potentialAction":[{"@type":"ReadAction","target":["https:\/\/www.gaveanews.com\/index.php\/2024\/12\/07\/saida-de-artur-jorge-declaracao-de-john-textor-e-final-da-libertadores-no-brasil-as-ultimas-noticias-do-botafogo\/"]}]},{"@type":"ImageObject","inLanguage":"pt-BR","@id":"https:\/\/www.gaveanews.com\/index.php\/2024\/12\/07\/saida-de-artur-jorge-declaracao-de-john-textor-e-final-da-libertadores-no-brasil-as-ultimas-noticias-do-botafogo\/#primaryimage","url":"https:\/\/www.gaveanews.com\/wp-content\/uploads\/Escudo-do-Botafogo-1.webp","contentUrl":"https:\/\/www.gaveanews.com\/wp-content\/uploads\/Escudo-do-Botafogo-1.webp","width":787,"height":525,"caption":"Escudo do Botafogo (Foto: Reprodu\u00e7\u00e3o\/Botafogo)"},{"@type":"BreadcrumbList","@id":"https:\/\/www.gaveanews.com\/index.php\/2024\/12\/07\/saida-de-artur-jorge-declaracao-de-john-textor-e-final-da-libertadores-no-brasil-as-ultimas-noticias-do-botafogo\/#breadcrumb","itemListElement":[{"@type":"ListItem","position":1,"name":"Home","item":"https:\/\/www.gaveanews.com\/"},{"@type":"ListItem","position":2,"name":"Sa\u00edda de Artur Jorge, declara\u00e7\u00e3o de John Textor e final da Libertadores no Brasil: as \u00faltimas not\u00edcias do Botafogo"}]},{"@type":"WebSite","@id":"https:\/\/www.gaveanews.com\/#website","url":"https:\/\/www.gaveanews.com\/","name":"G\u00e1vea News","description":"Veja todas as not\u00edcias sobre o Flamengo: Contrata\u00e7\u00f5es, categorias de base, resultados das partidas, tabela de classifica\u00e7\u00e3o, pr\u00f3ximos jogos!","potentialAction":[{"@type":"SearchAction","target":{"@type":"EntryPoint","urlTemplate":"https:\/\/www.gaveanews.com\/?s={search_term_string}"},"query-input":{"@type":"PropertyValueSpecification","valueRequired":true,"valueName":"search_term_string"}}],"inLanguage":"pt-BR"},{"@type":"Person","@id":"https:\/\/www.gaveanews.com\/#\/schema\/person\/8207cd4627f56151707418bfc835b2fb","name":"Matheus Felipe","image":{"@type":"ImageObject","inLanguage":"pt-BR","@id":"https:\/\/www.gaveanews.com\/#\/schema\/person\/image\/","url":"https:\/\/secure.gravatar.com\/avatar\/a452ffbed9130f726358b298bb3a99ce4bd3c5338411f8440e87e14d74c7c087?s=96&d=mm&r=g","contentUrl":"https:\/\/secure.gravatar.com\/avatar\/a452ffbed9130f726358b298bb3a99ce4bd3c5338411f8440e87e14d74c7c087?s=96&d=mm&r=g","caption":"Matheus Felipe"}}]}},"_links":{"self":[{"href":"https:\/\/www.gaveanews.com\/index.php\/wp-json\/wp\/v2\/posts\/196022","targetHints":{"allow":["GET"]}}],"collection":[{"href":"https:\/\/www.gaveanews.com\/index.php\/wp-json\/wp\/v2\/posts"}],"about":[{"href":"https:\/\/www.gaveanews.com\/index.php\/wp-json\/wp\/v2\/types\/post"}],"author":[{"embeddable":true,"href":"https:\/\/www.gaveanews.com\/index.php\/wp-json\/wp\/v2\/users\/27"}],"replies":[{"embeddable":true,"href":"https:\/\/www.gaveanews.com\/index.php\/wp-json\/wp\/v2\/comments?post=196022"}],"version-history":[{"count":1,"href":"https:\/\/www.gaveanews.com\/index.php\/wp-json\/wp\/v2\/posts\/196022\/revisions"}],"predecessor-version":[{"id":196023,"href":"https:\/\/www.gaveanews.com\/index.php\/wp-json\/wp\/v2\/posts\/196022\/revisions\/196023"}],"wp:featuredmedia":[{"embeddable":true,"href":"https:\/\/www.gaveanews.com\/index.php\/wp-json\/wp\/v2\/media\/182060"}],"wp:attachment":[{"href":"https:\/\/www.gaveanews.com\/index.php\/wp-json\/wp\/v2\/media?parent=196022"}],"wp:term":[{"taxonomy":"category","embeddable":true,"href":"https:\/\/www.gaveanews.com\/index.php\/wp-json\/wp\/v2\/categories?post=196022"},{"taxonomy":"post_tag","embeddable":true,"href":"https:\/\/www.gaveanews.com\/index.php\/wp-json\/wp\/v2\/tags?post=196022"}],"curies":[{"name":"wp","href":"https:\/\/api.w.org\/{rel}","templated":true}]}}