{"id":196033,"date":"2024-12-07T04:00:00","date_gmt":"2024-12-07T07:00:00","guid":{"rendered":"https:\/\/www.gaveanews.com\/?p=196033"},"modified":"2024-12-07T01:37:50","modified_gmt":"2024-12-07T04:37:50","slug":"declaracao-de-arrascaeta-recado-de-elber-e-desejo-de-rival-as-ultimas-noticias-do-flamengo","status":"publish","type":"post","link":"https:\/\/www.gaveanews.com\/index.php\/2024\/12\/07\/declaracao-de-arrascaeta-recado-de-elber-e-desejo-de-rival-as-ultimas-noticias-do-flamengo\/","title":{"rendered":"Declara\u00e7\u00e3o de Arrascaeta, recado de \u00c9lber e desejo de rival: as \u00faltimas not\u00edcias do Flamengo"},"content":{"rendered":"\n<p>Nas \u00faltimas horas, o foco das not\u00edcias sobre o Flamengo se concentram nos bastidores do clube, com destaques como o recado de \u00c9lber e desejo de rival.<\/p>\n\n\n\n<p>Por conta deste contexto, leia abaixo um resumo preparado pela equipe do portal G\u00e1vea News para lhe manter muito bem informado!<\/p>\n\n\n\n<h2 class=\"wp-block-heading\" id=\"h-desejo-de-rival\">Desejo de rival<\/h2>\n\n\n\n<p>O atacante Rodrigo Rodrigues, do Esper\u00e1nce, da Tun\u00edsia, comentou sobre o confronto contra o Flamengo no Super Mundial de Clubes da FIFA, marcado para 2025. Ele destacou o privil\u00e9gio de enfrentar uma equipe brasileira t\u00e3o forte, ressaltando a import\u00e2ncia de mostrar seu futebol diante de uma audi\u00eancia global. O jogador se mostrou motivado para a partida, refor\u00e7ando a oportunidade de disputar um torneio de grande visibilidade como o Mundial.<strong><a href=\"https:\/\/www.gaveanews.com\/index.php\/2024\/12\/06\/rival-do-flamengo-no-mundial-jogador-do-esperance-projeta-duelo-contra-o-rubro-negro\/\"> (leia a mat\u00e9ria completa)<\/a><\/strong><\/p>\n\n\n\n<figure class=\"wp-block-image size-full\"><img loading=\"lazy\" decoding=\"async\" width=\"658\" height=\"558\" src=\"https:\/\/www.gaveanews.com\/wp-content\/uploads\/Rodrigo-Rodrigues-Esperance.webp\" alt=\"\" class=\"wp-image-196017\" srcset=\"https:\/\/www.gaveanews.com\/wp-content\/uploads\/Rodrigo-Rodrigues-Esperance.webp 658w, https:\/\/www.gaveanews.com\/wp-content\/uploads\/Rodrigo-Rodrigues-Esperance-300x254.webp 300w, https:\/\/www.gaveanews.com\/wp-content\/uploads\/Rodrigo-Rodrigues-Esperance-495x420.webp 495w, https:\/\/www.gaveanews.com\/wp-content\/uploads\/Rodrigo-Rodrigues-Esperance-640x543.webp 640w, https:\/\/www.gaveanews.com\/wp-content\/uploads\/Rodrigo-Rodrigues-Esperance-100x85.webp 100w\" sizes=\"auto, (max-width: 658px) 100vw, 658px\" \/><figcaption class=\"wp-element-caption\">Rodrigo Rodrigues Esperance (Foto: Instagram\/Rodrigo)<\/figcaption><\/figure>\n\n\n\n<p>O Flamengo foi sorteado no grupo D do torneio, ao lado de Chelsea (Inglaterra), Le\u00f3n (M\u00e9xico) e Esper\u00e1nce. Considerado favorito para avan\u00e7ar, o clube carioca encara desafios moderados, especialmente contra as equipes mexicana e tunisiana. <\/p>\n\n\n\n<p>Apesar disso, Rodrigo Rodrigues acredita no potencial de sua equipe e na possibilidade de surpreender, citando o equil\u00edbrio do campeonato como um fator motivador para o time africano.<\/p>\n\n\n\n<p>Ao analisar o torneio, o atacante destacou o esp\u00edrito competitivo da competi\u00e7\u00e3o e a prepara\u00e7\u00e3o do Esper\u00e1nce para representar a Tun\u00edsia com dedica\u00e7\u00e3o. Segundo Rodrigues, o futebol \u00e9 decidido em campo, e sua equipe buscar\u00e1 entregar o m\u00e1ximo para aproveitar a chance de enfrentar grandes advers\u00e1rios. O Flamengo, por sua vez, segue sendo um dos favoritos para avan\u00e7ar, carregando o peso de sua hist\u00f3ria e seu elenco de destaque.<\/p>\n\n\n\n<h2 class=\"wp-block-heading\" id=\"h-recado-de-elber\">Recado de \u00c9lber<\/h2>\n\n\n\n<p>O ex-jogador \u00c9lber, \u00eddolo do Bayern de Munique, comentou sobre a possibilidade de um confronto entre Flamengo e Bayern nas oitavas de final do Mundial de Clubes de 2025. Segundo ele, o duelo seria equilibrado, destacando a for\u00e7a e a hist\u00f3ria das duas equipes no cen\u00e1rio internacional. Para que o embate ocorra, o Flamengo precisa avan\u00e7ar em segundo lugar no Grupo D, enquanto o Bayern deve liderar o Grupo C. \u00c9lber acredita que o Flamengo tem qualidade para competir de igual para igual e que a partida seria emocionante para os torcedores <strong><a href=\"https:\/\/www.gaveanews.com\/index.php\/2024\/12\/06\/video-idolo-do-bayern-de-munique-quer-enfrentar-o-flamengo-no-mundial-de-clubes\/\">(leia a mat\u00e9ria completa).<\/a><\/strong><\/p>\n\n\n\n<figure class=\"wp-block-image size-full\"><img loading=\"lazy\" decoding=\"async\" width=\"917\" height=\"611\" src=\"https:\/\/www.gaveanews.com\/wp-content\/uploads\/bayern.webp\" alt=\"\" class=\"wp-image-120172\" srcset=\"https:\/\/www.gaveanews.com\/wp-content\/uploads\/bayern.webp 917w, https:\/\/www.gaveanews.com\/wp-content\/uploads\/bayern-300x200.webp 300w, https:\/\/www.gaveanews.com\/wp-content\/uploads\/bayern-768x512.webp 768w, https:\/\/www.gaveanews.com\/wp-content\/uploads\/bayern-630x420.webp 630w, https:\/\/www.gaveanews.com\/wp-content\/uploads\/bayern-640x426.webp 640w, https:\/\/www.gaveanews.com\/wp-content\/uploads\/bayern-681x454.webp 681w, https:\/\/www.gaveanews.com\/wp-content\/uploads\/bayern-100x67.webp 100w\" sizes=\"auto, (max-width: 917px) 100vw, 917px\" \/><figcaption class=\"wp-element-caption\">Escudo do Bayern de Munique (Foto: Reprodu\u00e7\u00e3o)<\/figcaption><\/figure>\n\n\n\n<p>O Flamengo garantiu sua vaga no torneio ao conquistar a Libertadores de 2022 e estreia contra o Esp\u00e9rance de Tunis em busca de avan\u00e7ar no novo formato da competi\u00e7\u00e3o, que re\u00fane 24 clubes. Por outro lado, o Bayern chega como um dos favoritos ao t\u00edtulo, mas \u00c9lber destacou que o futebol \u00e9 imprevis\u00edvel e que a for\u00e7a coletiva e o momento do jogo podem equilibrar as for\u00e7as. O Mundial ser\u00e1 realizado nos Estados Unidos, entre 15 de junho e 13 de julho de 2025.<\/p>\n\n\n\n<p>A poss\u00edvel partida entre Flamengo e Bayern \u00e9 uma das mais aguardadas do torneio e promete ser um dos grandes momentos do campeonato. Para o Flamengo, o objetivo \u00e9 conquistar um t\u00edtulo de grande relev\u00e2ncia no calend\u00e1rio internacional e, assim, trazer o trof\u00e9u de volta ao futebol sul-americano. J\u00e1 o Bayern busca confirmar sua for\u00e7a no cen\u00e1rio global, mas, como destacou \u00c9lber, surpresas s\u00e3o sempre poss\u00edveis em uma competi\u00e7\u00e3o desse n\u00edvel.<\/p>\n\n\n\n<h2 class=\"wp-block-heading\" id=\"h-declaracao-de-arrascaeta\">Declara\u00e7\u00e3o de Arrascaeta<\/h2>\n\n\n\n<p>A recente entrevista de Giorgian De Arrascaeta ao quadro <em>Abre Aspas<\/em>, do <em>ge<\/em>, trouxe reflex\u00f5es sobre o hist\u00f3rico trio formado por ele, Gabigol e Bruno Henrique no Flamengo. Durante a conversa, o uruguaio relembrou momentos marcantes ao lado dos companheiros, como a foto emblem\u00e1tica dentro de um carro, destacando a amizade e sintonia dentro e fora dos gramados. O trio foi pe\u00e7a-chave na gera\u00e7\u00e3o mais vitoriosa do clube, com conquistas memor\u00e1veis como a Libertadores de 2019 e outros t\u00edtulos nacionais e continentais <strong><a href=\"https:\/\/www.gaveanews.com\/index.php\/2024\/12\/06\/flamengo-a-declaracao-de-arrascaeta-sobre-bruno-henrique-e-gabigol\/\">(leia a mat\u00e9ria completa).<\/a><\/strong><\/p>\n\n\n\n<figure class=\"wp-block-image size-full\"><img loading=\"lazy\" decoding=\"async\" width=\"900\" height=\"599\" src=\"https:\/\/www.gaveanews.com\/wp-content\/uploads\/bruno-henrique-gabigol-flamengo-olimpia-1.webp\" alt=\"\" class=\"wp-image-104073\" srcset=\"https:\/\/www.gaveanews.com\/wp-content\/uploads\/bruno-henrique-gabigol-flamengo-olimpia-1.webp 900w, https:\/\/www.gaveanews.com\/wp-content\/uploads\/bruno-henrique-gabigol-flamengo-olimpia-1-300x200.webp 300w, https:\/\/www.gaveanews.com\/wp-content\/uploads\/bruno-henrique-gabigol-flamengo-olimpia-1-768x511.webp 768w, https:\/\/www.gaveanews.com\/wp-content\/uploads\/bruno-henrique-gabigol-flamengo-olimpia-1-631x420.webp 631w, https:\/\/www.gaveanews.com\/wp-content\/uploads\/bruno-henrique-gabigol-flamengo-olimpia-1-640x426.webp 640w, https:\/\/www.gaveanews.com\/wp-content\/uploads\/bruno-henrique-gabigol-flamengo-olimpia-1-681x453.webp 681w, https:\/\/www.gaveanews.com\/wp-content\/uploads\/bruno-henrique-gabigol-flamengo-olimpia-1-100x67.webp 100w\" sizes=\"auto, (max-width: 900px) 100vw, 900px\" \/><figcaption class=\"wp-element-caption\">Bruno Henrique comemora com Gabigol o gol marcado pelo Flamengo contra o Olimpia (Foto: Divulga\u00e7\u00e3o\/Libertadores)<\/figcaption><\/figure>\n\n\n\n<p>Arrascaeta enfatizou a conex\u00e3o \u00fanica que o trio desenvolveu no campo, onde suas caracter\u00edsticas se complementavam perfeitamente, resultando em gols e assist\u00eancias decisivas. Ele destacou a import\u00e2ncia dessa rela\u00e7\u00e3o para fortalecer os la\u00e7os fora das quatro linhas, afirmando que tanto Gabigol quanto Bruno Henrique s\u00e3o jogadores que ele admira e com quem mant\u00e9m grande proximidade. A iminente sa\u00edda de Gabigol do clube trouxe \u00e0 tona o impacto emocional e hist\u00f3rico dessa parceria no Flamengo.<\/p>\n\n\n\n<p>Com a renova\u00e7\u00e3o do elenco rubro-negro em andamento, Arrascaeta reconhece que a sa\u00edda de pe\u00e7as t\u00e3o importantes como Gabigol representar\u00e1 saudade para todos no clube. No entanto, ele reafirma o legado deixado pelo trio, que ser\u00e1 lembrado como um dos pilares de uma das fases mais gloriosas da hist\u00f3ria flamenguista. A entrevista reflete o carinho e respeito m\u00fatuo entre os jogadores e a torcida, que continua homenageando seus \u00eddolos.<\/p>\n","protected":false},"excerpt":{"rendered":"<p>Nas \u00faltimas horas, o foco das not\u00edcias sobre o Flamengo se concentram nos bastidores do clube, com destaques como o recado de \u00c9lber e desejo de rival. Por conta deste contexto, leia abaixo um resumo preparado pela equipe do portal G\u00e1vea News para lhe manter muito bem informado! Desejo de rival O atacante Rodrigo Rodrigues, [&hellip;]<\/p>\n","protected":false},"author":27,"featured_media":149729,"comment_status":"open","ping_status":"closed","sticky":false,"template":"","format":"standard","meta":{"footnotes":""},"categories":[1],"tags":[],"class_list":["post-196033","post","type-post","status-publish","format-standard","has-post-thumbnail","hentry","category-flamengo"],"yoast_head":"<!-- This site is optimized with the Yoast SEO Premium plugin v24.2 (Yoast SEO v26.9) - https:\/\/yoast.com\/product\/yoast-seo-premium-wordpress\/ -->\n<title>Declara\u00e7\u00e3o de Arrascaeta, recado de \u00c9lber e desejo de rival: as \u00faltimas not\u00edcias do Flamengo<\/title>\n<meta name=\"robots\" content=\"index, follow, max-snippet:-1, max-image-preview:large, max-video-preview:-1\" \/>\n<link rel=\"canonical\" href=\"https:\/\/www.gaveanews.com\/index.php\/2024\/12\/07\/declaracao-de-arrascaeta-recado-de-elber-e-desejo-de-rival-as-ultimas-noticias-do-flamengo\/\" \/>\n<meta property=\"og:locale\" content=\"pt_BR\" \/>\n<meta property=\"og:type\" content=\"article\" \/>\n<meta property=\"og:title\" content=\"Declara\u00e7\u00e3o de Arrascaeta, recado de \u00c9lber e desejo de rival: as \u00faltimas not\u00edcias do Flamengo\" \/>\n<meta property=\"og:description\" content=\"Nas \u00faltimas horas, o foco das not\u00edcias sobre o Flamengo se concentram nos bastidores do clube, com destaques como o recado de \u00c9lber e desejo de rival. Por conta deste contexto, leia abaixo um resumo preparado pela equipe do portal G\u00e1vea News para lhe manter muito bem informado! Desejo de rival O atacante Rodrigo Rodrigues, [&hellip;]\" \/>\n<meta property=\"og:url\" content=\"https:\/\/www.gaveanews.com\/index.php\/2024\/12\/07\/declaracao-de-arrascaeta-recado-de-elber-e-desejo-de-rival-as-ultimas-noticias-do-flamengo\/\" \/>\n<meta property=\"og:site_name\" content=\"G\u00e1vea News\" \/>\n<meta property=\"article:publisher\" content=\"https:\/\/facebook.com\/gaveaNews\/\" \/>\n<meta property=\"article:published_time\" content=\"2024-12-07T07:00:00+00:00\" \/>\n<meta property=\"og:image\" content=\"https:\/\/www.gaveanews.com\/wp-content\/uploads\/Adidas-promove-mundaca-na-camisa-do-Flamengo.webp\" \/>\n\t<meta property=\"og:image:width\" content=\"711\" \/>\n\t<meta property=\"og:image:height\" content=\"708\" \/>\n\t<meta property=\"og:image:type\" content=\"image\/jpeg\" \/>\n<meta name=\"author\" content=\"Matheus Felipe\" \/>\n<meta name=\"twitter:card\" content=\"summary_large_image\" \/>\n<meta name=\"twitter:label1\" content=\"Escrito por\" \/>\n\t<meta name=\"twitter:data1\" content=\"Matheus Felipe\" \/>\n\t<meta name=\"twitter:label2\" content=\"Est. tempo de leitura\" \/>\n\t<meta name=\"twitter:data2\" content=\"6 minutos\" \/>\n<script type=\"application\/ld+json\" class=\"yoast-schema-graph\">{\"@context\":\"https:\/\/schema.org\",\"@graph\":[{\"@type\":\"NewsArticle\",\"@id\":\"https:\/\/www.gaveanews.com\/index.php\/2024\/12\/07\/declaracao-de-arrascaeta-recado-de-elber-e-desejo-de-rival-as-ultimas-noticias-do-flamengo\/#article\",\"isPartOf\":{\"@id\":\"https:\/\/www.gaveanews.com\/index.php\/2024\/12\/07\/declaracao-de-arrascaeta-recado-de-elber-e-desejo-de-rival-as-ultimas-noticias-do-flamengo\/\"},\"author\":{\"name\":\"Matheus Felipe\",\"@id\":\"https:\/\/www.gaveanews.com\/#\/schema\/person\/8207cd4627f56151707418bfc835b2fb\"},\"headline\":\"Declara\u00e7\u00e3o de Arrascaeta, recado de \u00c9lber e desejo de rival: as \u00faltimas not\u00edcias do Flamengo\",\"datePublished\":\"2024-12-07T07:00:00+00:00\",\"mainEntityOfPage\":{\"@id\":\"https:\/\/www.gaveanews.com\/index.php\/2024\/12\/07\/declaracao-de-arrascaeta-recado-de-elber-e-desejo-de-rival-as-ultimas-noticias-do-flamengo\/\"},\"wordCount\":851,\"commentCount\":0,\"image\":{\"@id\":\"https:\/\/www.gaveanews.com\/index.php\/2024\/12\/07\/declaracao-de-arrascaeta-recado-de-elber-e-desejo-de-rival-as-ultimas-noticias-do-flamengo\/#primaryimage\"},\"thumbnailUrl\":\"https:\/\/www.gaveanews.com\/wp-content\/uploads\/Adidas-promove-mundaca-na-camisa-do-Flamengo.webp\",\"articleSection\":[\"Flamengo\"],\"inLanguage\":\"pt-BR\",\"potentialAction\":[{\"@type\":\"CommentAction\",\"name\":\"Comment\",\"target\":[\"https:\/\/www.gaveanews.com\/index.php\/2024\/12\/07\/declaracao-de-arrascaeta-recado-de-elber-e-desejo-de-rival-as-ultimas-noticias-do-flamengo\/#respond\"]}],\"copyrightYear\":\"2024\",\"copyrightHolder\":{\"@id\":\"https:\/\/www.gaveanews.com\/#organization\"}},{\"@type\":\"WebPage\",\"@id\":\"https:\/\/www.gaveanews.com\/index.php\/2024\/12\/07\/declaracao-de-arrascaeta-recado-de-elber-e-desejo-de-rival-as-ultimas-noticias-do-flamengo\/\",\"url\":\"https:\/\/www.gaveanews.com\/index.php\/2024\/12\/07\/declaracao-de-arrascaeta-recado-de-elber-e-desejo-de-rival-as-ultimas-noticias-do-flamengo\/\",\"name\":\"Declara\u00e7\u00e3o de Arrascaeta, recado de \u00c9lber e desejo de rival: as \u00faltimas not\u00edcias do Flamengo\",\"isPartOf\":{\"@id\":\"https:\/\/www.gaveanews.com\/#website\"},\"primaryImageOfPage\":{\"@id\":\"https:\/\/www.gaveanews.com\/index.php\/2024\/12\/07\/declaracao-de-arrascaeta-recado-de-elber-e-desejo-de-rival-as-ultimas-noticias-do-flamengo\/#primaryimage\"},\"image\":{\"@id\":\"https:\/\/www.gaveanews.com\/index.php\/2024\/12\/07\/declaracao-de-arrascaeta-recado-de-elber-e-desejo-de-rival-as-ultimas-noticias-do-flamengo\/#primaryimage\"},\"thumbnailUrl\":\"https:\/\/www.gaveanews.com\/wp-content\/uploads\/Adidas-promove-mundaca-na-camisa-do-Flamengo.webp\",\"datePublished\":\"2024-12-07T07:00:00+00:00\",\"author\":{\"@id\":\"https:\/\/www.gaveanews.com\/#\/schema\/person\/8207cd4627f56151707418bfc835b2fb\"},\"breadcrumb\":{\"@id\":\"https:\/\/www.gaveanews.com\/index.php\/2024\/12\/07\/declaracao-de-arrascaeta-recado-de-elber-e-desejo-de-rival-as-ultimas-noticias-do-flamengo\/#breadcrumb\"},\"inLanguage\":\"pt-BR\",\"potentialAction\":[{\"@type\":\"ReadAction\",\"target\":[\"https:\/\/www.gaveanews.com\/index.php\/2024\/12\/07\/declaracao-de-arrascaeta-recado-de-elber-e-desejo-de-rival-as-ultimas-noticias-do-flamengo\/\"]}]},{\"@type\":\"ImageObject\",\"inLanguage\":\"pt-BR\",\"@id\":\"https:\/\/www.gaveanews.com\/index.php\/2024\/12\/07\/declaracao-de-arrascaeta-recado-de-elber-e-desejo-de-rival-as-ultimas-noticias-do-flamengo\/#primaryimage\",\"url\":\"https:\/\/www.gaveanews.com\/wp-content\/uploads\/Adidas-promove-mundaca-na-camisa-do-Flamengo.webp\",\"contentUrl\":\"https:\/\/www.gaveanews.com\/wp-content\/uploads\/Adidas-promove-mundaca-na-camisa-do-Flamengo.webp\",\"width\":711,\"height\":708,\"caption\":\"Adidas promove mudan\u00e7a na camisa do Flamengo (Imagem: Editoria de arte\/G\u00e1vea News\/Henrique Machado)\"},{\"@type\":\"BreadcrumbList\",\"@id\":\"https:\/\/www.gaveanews.com\/index.php\/2024\/12\/07\/declaracao-de-arrascaeta-recado-de-elber-e-desejo-de-rival-as-ultimas-noticias-do-flamengo\/#breadcrumb\",\"itemListElement\":[{\"@type\":\"ListItem\",\"position\":1,\"name\":\"Home\",\"item\":\"https:\/\/www.gaveanews.com\/\"},{\"@type\":\"ListItem\",\"position\":2,\"name\":\"Declara\u00e7\u00e3o de Arrascaeta, recado de \u00c9lber e desejo de rival: as \u00faltimas not\u00edcias do Flamengo\"}]},{\"@type\":\"WebSite\",\"@id\":\"https:\/\/www.gaveanews.com\/#website\",\"url\":\"https:\/\/www.gaveanews.com\/\",\"name\":\"G\u00e1vea News\",\"description\":\"Veja todas as not\u00edcias sobre o Flamengo: Contrata\u00e7\u00f5es, categorias de base, resultados das partidas, tabela de classifica\u00e7\u00e3o, pr\u00f3ximos jogos!\",\"potentialAction\":[{\"@type\":\"SearchAction\",\"target\":{\"@type\":\"EntryPoint\",\"urlTemplate\":\"https:\/\/www.gaveanews.com\/?s={search_term_string}\"},\"query-input\":{\"@type\":\"PropertyValueSpecification\",\"valueRequired\":true,\"valueName\":\"search_term_string\"}}],\"inLanguage\":\"pt-BR\"},{\"@type\":\"Person\",\"@id\":\"https:\/\/www.gaveanews.com\/#\/schema\/person\/8207cd4627f56151707418bfc835b2fb\",\"name\":\"Matheus Felipe\",\"image\":{\"@type\":\"ImageObject\",\"inLanguage\":\"pt-BR\",\"@id\":\"https:\/\/www.gaveanews.com\/#\/schema\/person\/image\/\",\"url\":\"https:\/\/secure.gravatar.com\/avatar\/a452ffbed9130f726358b298bb3a99ce4bd3c5338411f8440e87e14d74c7c087?s=96&d=mm&r=g\",\"contentUrl\":\"https:\/\/secure.gravatar.com\/avatar\/a452ffbed9130f726358b298bb3a99ce4bd3c5338411f8440e87e14d74c7c087?s=96&d=mm&r=g\",\"caption\":\"Matheus Felipe\"}}]}<\/script>\n<!-- \/ Yoast SEO Premium plugin. -->","yoast_head_json":{"title":"Declara\u00e7\u00e3o de Arrascaeta, recado de \u00c9lber e desejo de rival: as \u00faltimas not\u00edcias do Flamengo","robots":{"index":"index","follow":"follow","max-snippet":"max-snippet:-1","max-image-preview":"max-image-preview:large","max-video-preview":"max-video-preview:-1"},"canonical":"https:\/\/www.gaveanews.com\/index.php\/2024\/12\/07\/declaracao-de-arrascaeta-recado-de-elber-e-desejo-de-rival-as-ultimas-noticias-do-flamengo\/","og_locale":"pt_BR","og_type":"article","og_title":"Declara\u00e7\u00e3o de Arrascaeta, recado de \u00c9lber e desejo de rival: as \u00faltimas not\u00edcias do Flamengo","og_description":"Nas \u00faltimas horas, o foco das not\u00edcias sobre o Flamengo se concentram nos bastidores do clube, com destaques como o recado de \u00c9lber e desejo de rival. Por conta deste contexto, leia abaixo um resumo preparado pela equipe do portal G\u00e1vea News para lhe manter muito bem informado! Desejo de rival O atacante Rodrigo Rodrigues, [&hellip;]","og_url":"https:\/\/www.gaveanews.com\/index.php\/2024\/12\/07\/declaracao-de-arrascaeta-recado-de-elber-e-desejo-de-rival-as-ultimas-noticias-do-flamengo\/","og_site_name":"G\u00e1vea News","article_publisher":"https:\/\/facebook.com\/gaveaNews\/","article_published_time":"2024-12-07T07:00:00+00:00","og_image":[{"width":711,"height":708,"url":"https:\/\/www.gaveanews.com\/wp-content\/uploads\/Adidas-promove-mundaca-na-camisa-do-Flamengo.webp","type":"image\/jpeg"}],"author":"Matheus Felipe","twitter_card":"summary_large_image","twitter_misc":{"Escrito por":"Matheus Felipe","Est. tempo de leitura":"6 minutos"},"schema":{"@context":"https:\/\/schema.org","@graph":[{"@type":"NewsArticle","@id":"https:\/\/www.gaveanews.com\/index.php\/2024\/12\/07\/declaracao-de-arrascaeta-recado-de-elber-e-desejo-de-rival-as-ultimas-noticias-do-flamengo\/#article","isPartOf":{"@id":"https:\/\/www.gaveanews.com\/index.php\/2024\/12\/07\/declaracao-de-arrascaeta-recado-de-elber-e-desejo-de-rival-as-ultimas-noticias-do-flamengo\/"},"author":{"name":"Matheus Felipe","@id":"https:\/\/www.gaveanews.com\/#\/schema\/person\/8207cd4627f56151707418bfc835b2fb"},"headline":"Declara\u00e7\u00e3o de Arrascaeta, recado de \u00c9lber e desejo de rival: as \u00faltimas not\u00edcias do Flamengo","datePublished":"2024-12-07T07:00:00+00:00","mainEntityOfPage":{"@id":"https:\/\/www.gaveanews.com\/index.php\/2024\/12\/07\/declaracao-de-arrascaeta-recado-de-elber-e-desejo-de-rival-as-ultimas-noticias-do-flamengo\/"},"wordCount":851,"commentCount":0,"image":{"@id":"https:\/\/www.gaveanews.com\/index.php\/2024\/12\/07\/declaracao-de-arrascaeta-recado-de-elber-e-desejo-de-rival-as-ultimas-noticias-do-flamengo\/#primaryimage"},"thumbnailUrl":"https:\/\/www.gaveanews.com\/wp-content\/uploads\/Adidas-promove-mundaca-na-camisa-do-Flamengo.webp","articleSection":["Flamengo"],"inLanguage":"pt-BR","potentialAction":[{"@type":"CommentAction","name":"Comment","target":["https:\/\/www.gaveanews.com\/index.php\/2024\/12\/07\/declaracao-de-arrascaeta-recado-de-elber-e-desejo-de-rival-as-ultimas-noticias-do-flamengo\/#respond"]}],"copyrightYear":"2024","copyrightHolder":{"@id":"https:\/\/www.gaveanews.com\/#organization"}},{"@type":"WebPage","@id":"https:\/\/www.gaveanews.com\/index.php\/2024\/12\/07\/declaracao-de-arrascaeta-recado-de-elber-e-desejo-de-rival-as-ultimas-noticias-do-flamengo\/","url":"https:\/\/www.gaveanews.com\/index.php\/2024\/12\/07\/declaracao-de-arrascaeta-recado-de-elber-e-desejo-de-rival-as-ultimas-noticias-do-flamengo\/","name":"Declara\u00e7\u00e3o de Arrascaeta, recado de \u00c9lber e desejo de rival: as \u00faltimas not\u00edcias do Flamengo","isPartOf":{"@id":"https:\/\/www.gaveanews.com\/#website"},"primaryImageOfPage":{"@id":"https:\/\/www.gaveanews.com\/index.php\/2024\/12\/07\/declaracao-de-arrascaeta-recado-de-elber-e-desejo-de-rival-as-ultimas-noticias-do-flamengo\/#primaryimage"},"image":{"@id":"https:\/\/www.gaveanews.com\/index.php\/2024\/12\/07\/declaracao-de-arrascaeta-recado-de-elber-e-desejo-de-rival-as-ultimas-noticias-do-flamengo\/#primaryimage"},"thumbnailUrl":"https:\/\/www.gaveanews.com\/wp-content\/uploads\/Adidas-promove-mundaca-na-camisa-do-Flamengo.webp","datePublished":"2024-12-07T07:00:00+00:00","author":{"@id":"https:\/\/www.gaveanews.com\/#\/schema\/person\/8207cd4627f56151707418bfc835b2fb"},"breadcrumb":{"@id":"https:\/\/www.gaveanews.com\/index.php\/2024\/12\/07\/declaracao-de-arrascaeta-recado-de-elber-e-desejo-de-rival-as-ultimas-noticias-do-flamengo\/#breadcrumb"},"inLanguage":"pt-BR","potentialAction":[{"@type":"ReadAction","target":["https:\/\/www.gaveanews.com\/index.php\/2024\/12\/07\/declaracao-de-arrascaeta-recado-de-elber-e-desejo-de-rival-as-ultimas-noticias-do-flamengo\/"]}]},{"@type":"ImageObject","inLanguage":"pt-BR","@id":"https:\/\/www.gaveanews.com\/index.php\/2024\/12\/07\/declaracao-de-arrascaeta-recado-de-elber-e-desejo-de-rival-as-ultimas-noticias-do-flamengo\/#primaryimage","url":"https:\/\/www.gaveanews.com\/wp-content\/uploads\/Adidas-promove-mundaca-na-camisa-do-Flamengo.webp","contentUrl":"https:\/\/www.gaveanews.com\/wp-content\/uploads\/Adidas-promove-mundaca-na-camisa-do-Flamengo.webp","width":711,"height":708,"caption":"Adidas promove mudan\u00e7a na camisa do Flamengo (Imagem: Editoria de arte\/G\u00e1vea News\/Henrique Machado)"},{"@type":"BreadcrumbList","@id":"https:\/\/www.gaveanews.com\/index.php\/2024\/12\/07\/declaracao-de-arrascaeta-recado-de-elber-e-desejo-de-rival-as-ultimas-noticias-do-flamengo\/#breadcrumb","itemListElement":[{"@type":"ListItem","position":1,"name":"Home","item":"https:\/\/www.gaveanews.com\/"},{"@type":"ListItem","position":2,"name":"Declara\u00e7\u00e3o de Arrascaeta, recado de \u00c9lber e desejo de rival: as \u00faltimas not\u00edcias do Flamengo"}]},{"@type":"WebSite","@id":"https:\/\/www.gaveanews.com\/#website","url":"https:\/\/www.gaveanews.com\/","name":"G\u00e1vea News","description":"Veja todas as not\u00edcias sobre o Flamengo: Contrata\u00e7\u00f5es, categorias de base, resultados das partidas, tabela de classifica\u00e7\u00e3o, pr\u00f3ximos jogos!","potentialAction":[{"@type":"SearchAction","target":{"@type":"EntryPoint","urlTemplate":"https:\/\/www.gaveanews.com\/?s={search_term_string}"},"query-input":{"@type":"PropertyValueSpecification","valueRequired":true,"valueName":"search_term_string"}}],"inLanguage":"pt-BR"},{"@type":"Person","@id":"https:\/\/www.gaveanews.com\/#\/schema\/person\/8207cd4627f56151707418bfc835b2fb","name":"Matheus Felipe","image":{"@type":"ImageObject","inLanguage":"pt-BR","@id":"https:\/\/www.gaveanews.com\/#\/schema\/person\/image\/","url":"https:\/\/secure.gravatar.com\/avatar\/a452ffbed9130f726358b298bb3a99ce4bd3c5338411f8440e87e14d74c7c087?s=96&d=mm&r=g","contentUrl":"https:\/\/secure.gravatar.com\/avatar\/a452ffbed9130f726358b298bb3a99ce4bd3c5338411f8440e87e14d74c7c087?s=96&d=mm&r=g","caption":"Matheus Felipe"}}]}},"_links":{"self":[{"href":"https:\/\/www.gaveanews.com\/index.php\/wp-json\/wp\/v2\/posts\/196033","targetHints":{"allow":["GET"]}}],"collection":[{"href":"https:\/\/www.gaveanews.com\/index.php\/wp-json\/wp\/v2\/posts"}],"about":[{"href":"https:\/\/www.gaveanews.com\/index.php\/wp-json\/wp\/v2\/types\/post"}],"author":[{"embeddable":true,"href":"https:\/\/www.gaveanews.com\/index.php\/wp-json\/wp\/v2\/users\/27"}],"replies":[{"embeddable":true,"href":"https:\/\/www.gaveanews.com\/index.php\/wp-json\/wp\/v2\/comments?post=196033"}],"version-history":[{"count":1,"href":"https:\/\/www.gaveanews.com\/index.php\/wp-json\/wp\/v2\/posts\/196033\/revisions"}],"predecessor-version":[{"id":196042,"href":"https:\/\/www.gaveanews.com\/index.php\/wp-json\/wp\/v2\/posts\/196033\/revisions\/196042"}],"wp:featuredmedia":[{"embeddable":true,"href":"https:\/\/www.gaveanews.com\/index.php\/wp-json\/wp\/v2\/media\/149729"}],"wp:attachment":[{"href":"https:\/\/www.gaveanews.com\/index.php\/wp-json\/wp\/v2\/media?parent=196033"}],"wp:term":[{"taxonomy":"category","embeddable":true,"href":"https:\/\/www.gaveanews.com\/index.php\/wp-json\/wp\/v2\/categories?post=196033"},{"taxonomy":"post_tag","embeddable":true,"href":"https:\/\/www.gaveanews.com\/index.php\/wp-json\/wp\/v2\/tags?post=196033"}],"curies":[{"name":"wp","href":"https:\/\/api.w.org\/{rel}","templated":true}]}}