{"id":196048,"date":"2024-12-07T05:20:00","date_gmt":"2024-12-07T08:20:00","guid":{"rendered":"https:\/\/www.gaveanews.com\/?p=196048"},"modified":"2024-12-07T02:10:34","modified_gmt":"2024-12-07T05:10:34","slug":"publicacao-da-conmebol-interessado-na-saf-e-jogadores-com-mais-gols-marcados-as-ultimas-noticias-do-vasco","status":"publish","type":"post","link":"https:\/\/www.gaveanews.com\/index.php\/2024\/12\/07\/publicacao-da-conmebol-interessado-na-saf-e-jogadores-com-mais-gols-marcados-as-ultimas-noticias-do-vasco\/","title":{"rendered":"Publica\u00e7\u00e3o da Conmebol, interessado na SAF e jogadores com mais gols marcados: as \u00faltimas not\u00edcias do Vasco"},"content":{"rendered":"\n<p>Nas \u00faltimas horas, o foco das not\u00edcias sobre o Vasco se concentram nos bastidores do clube, com destaques como o interessado na SAF e jogadores com mais gols marcados.<\/p>\n\n\n\n<p>Por conta deste contexto, leia abaixo um resumo preparado pela equipe do portal G\u00e1vea News para lhe manter muito bem informado!<\/p>\n\n\n\n<h2 class=\"wp-block-heading\" id=\"h-jogadores-com-mais-gols-marcados\">Jogadores com mais gols marcados<\/h2>\n\n\n\n<p>O Vasco da Gama encerrou a temporada com destaque para seus principais artilheiros. Pablo Vegetti liderou a lista com impressionantes 21 gols em 53 partidas, sendo uma pe\u00e7a-chave no ataque. David, com 7 tentos, e Lucas Piton, com 6, completam o p\u00f3dio dos maiores goleadores do time. Esses desempenhos individuais refletiram a busca do clube por equil\u00edbrio entre ataque e defesa ao longo do ano. <strong><a href=\"https:\/\/www.gaveanews.com\/index.php\/2024\/12\/06\/pablo-vegetti-david-lucas-piton-dimitri-payet-adson-philippe-coutinho-leandrinho-emerson-rodriguez-rayan-e-puma-rodriguez-os-jogadores-do-vasco-da-gama-com-mais-gols-marcados-na-temporada\/\">(leia a mat\u00e9ria completa)<\/a><\/strong><\/p>\n\n\n\n<figure class=\"wp-block-image size-full\"><img loading=\"lazy\" decoding=\"async\" width=\"900\" height=\"600\" src=\"https:\/\/www.gaveanews.com\/wp-content\/uploads\/Pablo-Vegetti-em-acao-pelo-Vasco.avif\" alt=\"\" class=\"wp-image-146070\"\/><figcaption class=\"wp-element-caption\">Pablo Vegetti em a\u00e7\u00e3o pelo Vasco (Foto: Leandro Amorim\/Vasco)<\/figcaption><\/figure>\n\n\n\n<p>Outros nomes tamb\u00e9m contribu\u00edram para a efici\u00eancia ofensiva do Vasco, como Dimitri Payet, autor de 5 gols em 40 partidas, e Adson, que marcou 4 vezes em 34 confrontos. Jogadores experientes, como Philippe Coutinho, com 3 gols, e jovens promessas, como Rayan e Emerson Rodr\u00edguez, mostraram que o elenco possui variedade de talentos capazes de colaborar em momentos decisivos.<\/p>\n\n\n\n<p>Com a combina\u00e7\u00e3o de atletas consolidados e emergentes, o Vasco conseguiu estruturar um elenco competitivo e com boas perspectivas para o futuro. O desempenho de artilheiros como Pablo Vegetti e a versatilidade de jogadores como Lucas Piton destacam o potencial do time, enquanto o clube continua sua caminhada em busca de resultados ainda mais expressivos nas pr\u00f3ximas temporadas.<\/p>\n\n\n\n<h2 class=\"wp-block-heading\" id=\"h-interessado-na-saf\">Interessado na SAF<\/h2>\n\n\n\n<p>O empres\u00e1rio italiano Andrea Radrizzani, dono da Sampdoria e ex-propriet\u00e1rio do Leeds United, desponta como um dos principais interessados na compra da SAF do Vasco da Gama. Com uma fortuna avaliada em 400 milh\u00f5es de euros (cerca de R$ 2,5 bilh\u00f5es), ele \u00e9 conhecido por sua gest\u00e3o eficaz, que levou o Leeds de volta \u00e0 Premier League em 2020 ap\u00f3s 16 anos. A diretoria do Vasco considera sua proposta a mais alinhada com os interesses do clube, especialmente em compara\u00e7\u00e3o ao outro candidato, o grego Evangelos Marinakis, al\u00e9m de outros grupos dos Estados Unidos e da Ar\u00e1bia Saudita que tamb\u00e9m est\u00e3o na disputa<strong><a href=\"https:\/\/www.gaveanews.com\/index.php\/2024\/12\/06\/concorrenciaconheca-o-bilionario-italiano-interessado-na-saf-do-vasco\/\"> (leia a mat\u00e9ria completa).<\/a><\/strong><\/p>\n\n\n\n<blockquote class=\"instagram-media\" data-instgrm-permalink=\"https:\/\/www.instagram.com\/p\/C2iZCcEC7py\/?utm_source=ig_embed&amp;utm_campaign=loading\" data-instgrm-version=\"14\" style=\" background:#FFF; border:0; border-radius:3px; box-shadow:0 0 1px 0 rgba(0,0,0,0.5),0 1px 10px 0 rgba(0,0,0,0.15); margin: 1px; max-width:540px; min-width:326px; padding:0; width:99.375%; width:-webkit-calc(100% - 2px); width:calc(100% - 2px);\"><div style=\"padding:16px;\"> <a href=\"https:\/\/www.instagram.com\/p\/C2iZCcEC7py\/?utm_source=ig_embed&amp;utm_campaign=loading\" style=\" background:#FFFFFF; line-height:0; padding:0 0; text-align:center; text-decoration:none; width:100%;\" target=\"_blank\"> <div style=\" display: flex; flex-direction: row; align-items: center;\"> <div style=\"background-color: #F4F4F4; border-radius: 50%; flex-grow: 0; height: 40px; margin-right: 14px; width: 40px;\"><\/div> <div style=\"display: flex; flex-direction: column; flex-grow: 1; justify-content: center;\"> <div style=\" background-color: #F4F4F4; border-radius: 4px; flex-grow: 0; height: 14px; margin-bottom: 6px; width: 100px;\"><\/div> <div style=\" background-color: #F4F4F4; border-radius: 4px; flex-grow: 0; height: 14px; width: 60px;\"><\/div><\/div><\/div><div style=\"padding: 19% 0;\"><\/div> <div style=\"display:block; height:50px; margin:0 auto 12px; width:50px;\"><svg width=\"50px\" height=\"50px\" viewBox=\"0 0 60 60\" version=\"1.1\" xmlns=\"https:\/\/www.w3.org\/2000\/svg\" xmlns:xlink=\"https:\/\/www.w3.org\/1999\/xlink\"><g stroke=\"none\" stroke-width=\"1\" fill=\"none\" fill-rule=\"evenodd\"><g transform=\"translate(-511.000000, -20.000000)\" fill=\"#000000\"><g><path d=\"M556.869,30.41 C554.814,30.41 553.148,32.076 553.148,34.131 C553.148,36.186 554.814,37.852 556.869,37.852 C558.924,37.852 560.59,36.186 560.59,34.131 C560.59,32.076 558.924,30.41 556.869,30.41 M541,60.657 C535.114,60.657 530.342,55.887 530.342,50 C530.342,44.114 535.114,39.342 541,39.342 C546.887,39.342 551.658,44.114 551.658,50 C551.658,55.887 546.887,60.657 541,60.657 M541,33.886 C532.1,33.886 524.886,41.1 524.886,50 C524.886,58.899 532.1,66.113 541,66.113 C549.9,66.113 557.115,58.899 557.115,50 C557.115,41.1 549.9,33.886 541,33.886 M565.378,62.101 C565.244,65.022 564.756,66.606 564.346,67.663 C563.803,69.06 563.154,70.057 562.106,71.106 C561.058,72.155 560.06,72.803 558.662,73.347 C557.607,73.757 556.021,74.244 553.102,74.378 C549.944,74.521 548.997,74.552 541,74.552 C533.003,74.552 532.056,74.521 528.898,74.378 C525.979,74.244 524.393,73.757 523.338,73.347 C521.94,72.803 520.942,72.155 519.894,71.106 C518.846,70.057 518.197,69.06 517.654,67.663 C517.244,66.606 516.755,65.022 516.623,62.101 C516.479,58.943 516.448,57.996 516.448,50 C516.448,42.003 516.479,41.056 516.623,37.899 C516.755,34.978 517.244,33.391 517.654,32.338 C518.197,30.938 518.846,29.942 519.894,28.894 C520.942,27.846 521.94,27.196 523.338,26.654 C524.393,26.244 525.979,25.756 528.898,25.623 C532.057,25.479 533.004,25.448 541,25.448 C548.997,25.448 549.943,25.479 553.102,25.623 C556.021,25.756 557.607,26.244 558.662,26.654 C560.06,27.196 561.058,27.846 562.106,28.894 C563.154,29.942 563.803,30.938 564.346,32.338 C564.756,33.391 565.244,34.978 565.378,37.899 C565.522,41.056 565.552,42.003 565.552,50 C565.552,57.996 565.522,58.943 565.378,62.101 M570.82,37.631 C570.674,34.438 570.167,32.258 569.425,30.349 C568.659,28.377 567.633,26.702 565.965,25.035 C564.297,23.368 562.623,22.342 560.652,21.575 C558.743,20.834 556.562,20.326 553.369,20.18 C550.169,20.033 549.148,20 541,20 C532.853,20 531.831,20.033 528.631,20.18 C525.438,20.326 523.257,20.834 521.349,21.575 C519.376,22.342 517.703,23.368 516.035,25.035 C514.368,26.702 513.342,28.377 512.574,30.349 C511.834,32.258 511.326,34.438 511.181,37.631 C511.035,40.831 511,41.851 511,50 C511,58.147 511.035,59.17 511.181,62.369 C511.326,65.562 511.834,67.743 512.574,69.651 C513.342,71.625 514.368,73.296 516.035,74.965 C517.703,76.634 519.376,77.658 521.349,78.425 C523.257,79.167 525.438,79.673 528.631,79.82 C531.831,79.965 532.853,80.001 541,80.001 C549.148,80.001 550.169,79.965 553.369,79.82 C556.562,79.673 558.743,79.167 560.652,78.425 C562.623,77.658 564.297,76.634 565.965,74.965 C567.633,73.296 568.659,71.625 569.425,69.651 C570.167,67.743 570.674,65.562 570.82,62.369 C570.966,59.17 571,58.147 571,50 C571,41.851 570.966,40.831 570.82,37.631\"><\/path><\/g><\/g><\/g><\/svg><\/div><div style=\"padding-top: 8px;\"> <div style=\" color:#3897f0; font-family:Arial,sans-serif; font-size:14px; font-style:normal; font-weight:550; line-height:18px;\">Ver essa foto no Instagram<\/div><\/div><div style=\"padding: 12.5% 0;\"><\/div> <div style=\"display: flex; flex-direction: row; margin-bottom: 14px; align-items: center;\"><div> <div style=\"background-color: #F4F4F4; border-radius: 50%; height: 12.5px; width: 12.5px; transform: translateX(0px) translateY(7px);\"><\/div> <div style=\"background-color: #F4F4F4; height: 12.5px; transform: rotate(-45deg) translateX(3px) translateY(1px); width: 12.5px; flex-grow: 0; margin-right: 14px; margin-left: 2px;\"><\/div> <div style=\"background-color: #F4F4F4; border-radius: 50%; height: 12.5px; width: 12.5px; transform: translateX(9px) translateY(-18px);\"><\/div><\/div><div style=\"margin-left: 8px;\"> <div style=\" background-color: #F4F4F4; border-radius: 50%; flex-grow: 0; height: 20px; width: 20px;\"><\/div> <div style=\" width: 0; height: 0; border-top: 2px solid transparent; border-left: 6px solid #f4f4f4; border-bottom: 2px solid transparent; transform: translateX(16px) translateY(-4px) rotate(30deg)\"><\/div><\/div><div style=\"margin-left: auto;\"> <div style=\" width: 0px; border-top: 8px solid #F4F4F4; border-right: 8px solid transparent; transform: translateY(16px);\"><\/div> <div style=\" background-color: #F4F4F4; flex-grow: 0; height: 12px; width: 16px; transform: translateY(-4px);\"><\/div> <div style=\" width: 0; height: 0; border-top: 8px solid #F4F4F4; border-left: 8px solid transparent; transform: translateY(-4px) translateX(8px);\"><\/div><\/div><\/div> <div style=\"display: flex; flex-direction: column; flex-grow: 1; justify-content: center; margin-bottom: 24px;\"> <div style=\" background-color: #F4F4F4; border-radius: 4px; flex-grow: 0; height: 14px; margin-bottom: 6px; width: 224px;\"><\/div> <div style=\" background-color: #F4F4F4; border-radius: 4px; flex-grow: 0; height: 14px; width: 144px;\"><\/div><\/div><\/a><p style=\" color:#c9c8cd; font-family:Arial,sans-serif; font-size:14px; line-height:17px; margin-bottom:0; margin-top:8px; overflow:hidden; padding:8px 0 7px; text-align:center; text-overflow:ellipsis; white-space:nowrap;\"><a href=\"https:\/\/www.instagram.com\/p\/C2iZCcEC7py\/?utm_source=ig_embed&amp;utm_campaign=loading\" style=\" color:#c9c8cd; font-family:Arial,sans-serif; font-size:14px; font-style:normal; font-weight:normal; line-height:17px; text-decoration:none;\" target=\"_blank\">Uma publica\u00e7\u00e3o compartilhada por Andrea Radrizzani (@rdrizni1)<\/a><\/p><\/div><\/blockquote>\n<script async src=\"\/\/www.instagram.com\/embed.js\"><\/script>\n\n\n\n<p>Radrizzani tem se destacado no mercado de futebol internacional, com sua gest\u00e3o no Leeds marcada pela contrata\u00e7\u00e3o de Marcelo Bielsa, que foi crucial para o sucesso do clube. Apesar do rebaixamento e da subsequente venda do Leeds em 2023 por 170 milh\u00f5es de euros, o italiano deixou um legado positivo de reestrutura\u00e7\u00e3o esportiva e financeira. <\/p>\n\n\n\n<p>Agora, ele avan\u00e7a nas negocia\u00e7\u00f5es com o Vasco, com o processo em fase de an\u00e1lise jur\u00eddica da SAF, enquanto a diretoria busca um investidor capaz de sanar d\u00edvidas hist\u00f3ricas e melhorar a infraestrutura do clube.<\/p>\n\n\n\n<p>A experi\u00eancia do Vasco com investidores n\u00e3o tem sido f\u00e1cil, especialmente ap\u00f3s a rescis\u00e3o judicial com a 777 Partners em maio deste ano. Por isso, a escolha do novo parceiro \u00e9 crucial para evitar erros do passado e garantir um futuro s\u00f3lido para a equipe. A chegada de Radrizzani, caso concretizada, promete trazer expertise internacional e renova\u00e7\u00e3o ao projeto esportivo do clube, que busca recuperar sua posi\u00e7\u00e3o de destaque no cen\u00e1rio brasileiro e internacional.<\/p>\n\n\n\n<h2 class=\"wp-block-heading\" id=\"h-publicacao-da-conmebol\">Publica\u00e7\u00e3o da Conmebol<\/h2>\n\n\n\n<p>O Vasco da Gama recebeu uma sauda\u00e7\u00e3o especial da CONMEBOL Sul-Americana ap\u00f3s garantir sua classifica\u00e7\u00e3o para a edi\u00e7\u00e3o de 2025 do torneio continental. Em suas redes sociais, a organiza\u00e7\u00e3o celebrou o retorno do clube \u00e0 competi\u00e7\u00e3o depois de cinco anos de aus\u00eancia. A \u00faltima participa\u00e7\u00e3o do Vasco na Sul-Americana foi em 2020, quando foi eliminado pelo Defensa y Justicia, da Argentina, em um confronto que contou com destaque de Enzo Fern\u00e1ndez, hoje jogador do Chelsea e campe\u00e3o mundial pela Argentina <strong><a href=\"https:\/\/www.gaveanews.com\/index.php\/2024\/12\/06\/conmebol-sudamericana-faz-postagem-direcionada-ao-vasco\/\">(leia a mat\u00e9ria completa).<\/a><\/strong><\/p>\n\n\n\n<figure class=\"wp-block-image size-large\"><img loading=\"lazy\" decoding=\"async\" width=\"1024\" height=\"662\" src=\"https:\/\/www.gaveanews.com\/wp-content\/uploads\/Logomarca-da-Conmebol-1024x662.webp\" alt=\"\" class=\"wp-image-35738\" srcset=\"https:\/\/www.gaveanews.com\/wp-content\/uploads\/Logomarca-da-Conmebol-1024x662.webp 1024w, https:\/\/www.gaveanews.com\/wp-content\/uploads\/Logomarca-da-Conmebol-300x194.webp 300w, https:\/\/www.gaveanews.com\/wp-content\/uploads\/Logomarca-da-Conmebol-768x496.webp 768w, https:\/\/www.gaveanews.com\/wp-content\/uploads\/Logomarca-da-Conmebol-650x420.webp 650w, https:\/\/www.gaveanews.com\/wp-content\/uploads\/Logomarca-da-Conmebol-600x388.webp 600w, https:\/\/www.gaveanews.com\/wp-content\/uploads\/Logomarca-da-Conmebol-341x220.webp 341w, https:\/\/www.gaveanews.com\/wp-content\/uploads\/Logomarca-da-Conmebol-682x440.webp 682w, https:\/\/www.gaveanews.com\/wp-content\/uploads\/Logomarca-da-Conmebol-640x414.webp 640w, https:\/\/www.gaveanews.com\/wp-content\/uploads\/Logomarca-da-Conmebol-681x440.webp 681w, https:\/\/www.gaveanews.com\/wp-content\/uploads\/Logomarca-da-Conmebol-100x65.webp 100w, https:\/\/www.gaveanews.com\/wp-content\/uploads\/Logomarca-da-Conmebol.webp 1162w\" sizes=\"auto, (max-width: 1024px) 100vw, 1024px\" \/><\/figure>\n\n\n\n<p>Com chances matem\u00e1ticas quase imposs\u00edveis de se classificar para a Libertadores \u2014 precisando de uma goleada hist\u00f3rica e resultados favor\u00e1veis de outros times \u2014, o Vasco assegurou ao menos a vaga na Sul-Americana, consolidando sua presen\u00e7a em competi\u00e7\u00f5es continentais na pr\u00f3xima temporada. O time enfrentar\u00e1 o Cuiab\u00e1 no dia 8 de dezembro, em um confronto que pode definir sua posi\u00e7\u00e3o final no Brasileir\u00e3o, mas sem alterar sua participa\u00e7\u00e3o no torneio internacional.<\/p>\n\n\n\n<p>O retorno \u00e0 Sul-Americana representa um marco para o Vasco, que busca reconstruir sua reputa\u00e7\u00e3o no cen\u00e1rio continental. Apesar das dificuldades recentes, a classifica\u00e7\u00e3o reflete o esfor\u00e7o do time em retomar uma trajet\u00f3ria competitiva. Agora, o clube se prepara para refor\u00e7ar o elenco e entrar na competi\u00e7\u00e3o com ambi\u00e7\u00f5es renovadas, sonhando com uma campanha que traga orgulho \u00e0 torcida vasca\u00edna.<\/p>\n","protected":false},"excerpt":{"rendered":"<p>Nas \u00faltimas horas, o foco das not\u00edcias sobre o Vasco se concentram nos bastidores do clube, com destaques como o interessado na SAF e jogadores com mais gols marcados. Por conta deste contexto, leia abaixo um resumo preparado pela equipe do portal G\u00e1vea News para lhe manter muito bem informado! Jogadores com mais gols marcados [&hellip;]<\/p>\n","protected":false},"author":27,"featured_media":147443,"comment_status":"open","ping_status":"closed","sticky":false,"template":"","format":"standard","meta":{"footnotes":""},"categories":[152],"tags":[],"class_list":["post-196048","post","type-post","status-publish","format-standard","has-post-thumbnail","hentry","category-vasco"],"yoast_head":"<!-- This site is optimized with the Yoast SEO Premium plugin v24.2 (Yoast SEO v26.9) - https:\/\/yoast.com\/product\/yoast-seo-premium-wordpress\/ -->\n<title>Publica\u00e7\u00e3o da Conmebol, interessado na SAF e jogadores com mais gols marcados: as \u00faltimas not\u00edcias do Vasco<\/title>\n<meta name=\"robots\" content=\"index, follow, max-snippet:-1, max-image-preview:large, max-video-preview:-1\" \/>\n<link rel=\"canonical\" href=\"https:\/\/www.gaveanews.com\/index.php\/2024\/12\/07\/publicacao-da-conmebol-interessado-na-saf-e-jogadores-com-mais-gols-marcados-as-ultimas-noticias-do-vasco\/\" \/>\n<meta property=\"og:locale\" content=\"pt_BR\" \/>\n<meta property=\"og:type\" content=\"article\" \/>\n<meta property=\"og:title\" content=\"Publica\u00e7\u00e3o da Conmebol, interessado na SAF e jogadores com mais gols marcados: as \u00faltimas not\u00edcias do Vasco\" \/>\n<meta property=\"og:description\" content=\"Nas \u00faltimas horas, o foco das not\u00edcias sobre o Vasco se concentram nos bastidores do clube, com destaques como o interessado na SAF e jogadores com mais gols marcados. Por conta deste contexto, leia abaixo um resumo preparado pela equipe do portal G\u00e1vea News para lhe manter muito bem informado! Jogadores com mais gols marcados [&hellip;]\" \/>\n<meta property=\"og:url\" content=\"https:\/\/www.gaveanews.com\/index.php\/2024\/12\/07\/publicacao-da-conmebol-interessado-na-saf-e-jogadores-com-mais-gols-marcados-as-ultimas-noticias-do-vasco\/\" \/>\n<meta property=\"og:site_name\" content=\"G\u00e1vea News\" \/>\n<meta property=\"article:publisher\" content=\"https:\/\/facebook.com\/gaveaNews\/\" \/>\n<meta property=\"article:published_time\" content=\"2024-12-07T08:20:00+00:00\" \/>\n<meta property=\"og:image\" content=\"https:\/\/www.gaveanews.com\/wp-content\/uploads\/Camisa-do-Vasco-da-Gama.webp\" \/>\n\t<meta property=\"og:image:width\" content=\"1440\" \/>\n\t<meta property=\"og:image:height\" content=\"960\" \/>\n\t<meta property=\"og:image:type\" content=\"image\/jpeg\" \/>\n<meta name=\"author\" content=\"Matheus Felipe\" \/>\n<meta name=\"twitter:card\" content=\"summary_large_image\" \/>\n<meta name=\"twitter:label1\" content=\"Escrito por\" \/>\n\t<meta name=\"twitter:data1\" content=\"Matheus Felipe\" \/>\n\t<meta name=\"twitter:label2\" content=\"Est. tempo de leitura\" \/>\n\t<meta name=\"twitter:data2\" content=\"5 minutos\" \/>\n<script type=\"application\/ld+json\" class=\"yoast-schema-graph\">{\"@context\":\"https:\/\/schema.org\",\"@graph\":[{\"@type\":\"NewsArticle\",\"@id\":\"https:\/\/www.gaveanews.com\/index.php\/2024\/12\/07\/publicacao-da-conmebol-interessado-na-saf-e-jogadores-com-mais-gols-marcados-as-ultimas-noticias-do-vasco\/#article\",\"isPartOf\":{\"@id\":\"https:\/\/www.gaveanews.com\/index.php\/2024\/12\/07\/publicacao-da-conmebol-interessado-na-saf-e-jogadores-com-mais-gols-marcados-as-ultimas-noticias-do-vasco\/\"},\"author\":{\"name\":\"Matheus Felipe\",\"@id\":\"https:\/\/www.gaveanews.com\/#\/schema\/person\/8207cd4627f56151707418bfc835b2fb\"},\"headline\":\"Publica\u00e7\u00e3o da Conmebol, interessado na SAF e jogadores com mais gols marcados: as \u00faltimas not\u00edcias do Vasco\",\"datePublished\":\"2024-12-07T08:20:00+00:00\",\"mainEntityOfPage\":{\"@id\":\"https:\/\/www.gaveanews.com\/index.php\/2024\/12\/07\/publicacao-da-conmebol-interessado-na-saf-e-jogadores-com-mais-gols-marcados-as-ultimas-noticias-do-vasco\/\"},\"wordCount\":823,\"commentCount\":0,\"image\":{\"@id\":\"https:\/\/www.gaveanews.com\/index.php\/2024\/12\/07\/publicacao-da-conmebol-interessado-na-saf-e-jogadores-com-mais-gols-marcados-as-ultimas-noticias-do-vasco\/#primaryimage\"},\"thumbnailUrl\":\"https:\/\/www.gaveanews.com\/wp-content\/uploads\/Camisa-do-Vasco-da-Gama.webp\",\"articleSection\":[\"Vasco\"],\"inLanguage\":\"pt-BR\",\"potentialAction\":[{\"@type\":\"CommentAction\",\"name\":\"Comment\",\"target\":[\"https:\/\/www.gaveanews.com\/index.php\/2024\/12\/07\/publicacao-da-conmebol-interessado-na-saf-e-jogadores-com-mais-gols-marcados-as-ultimas-noticias-do-vasco\/#respond\"]}],\"copyrightYear\":\"2024\",\"copyrightHolder\":{\"@id\":\"https:\/\/www.gaveanews.com\/#organization\"}},{\"@type\":\"WebPage\",\"@id\":\"https:\/\/www.gaveanews.com\/index.php\/2024\/12\/07\/publicacao-da-conmebol-interessado-na-saf-e-jogadores-com-mais-gols-marcados-as-ultimas-noticias-do-vasco\/\",\"url\":\"https:\/\/www.gaveanews.com\/index.php\/2024\/12\/07\/publicacao-da-conmebol-interessado-na-saf-e-jogadores-com-mais-gols-marcados-as-ultimas-noticias-do-vasco\/\",\"name\":\"Publica\u00e7\u00e3o da Conmebol, interessado na SAF e jogadores com mais gols marcados: as \u00faltimas not\u00edcias do Vasco\",\"isPartOf\":{\"@id\":\"https:\/\/www.gaveanews.com\/#website\"},\"primaryImageOfPage\":{\"@id\":\"https:\/\/www.gaveanews.com\/index.php\/2024\/12\/07\/publicacao-da-conmebol-interessado-na-saf-e-jogadores-com-mais-gols-marcados-as-ultimas-noticias-do-vasco\/#primaryimage\"},\"image\":{\"@id\":\"https:\/\/www.gaveanews.com\/index.php\/2024\/12\/07\/publicacao-da-conmebol-interessado-na-saf-e-jogadores-com-mais-gols-marcados-as-ultimas-noticias-do-vasco\/#primaryimage\"},\"thumbnailUrl\":\"https:\/\/www.gaveanews.com\/wp-content\/uploads\/Camisa-do-Vasco-da-Gama.webp\",\"datePublished\":\"2024-12-07T08:20:00+00:00\",\"author\":{\"@id\":\"https:\/\/www.gaveanews.com\/#\/schema\/person\/8207cd4627f56151707418bfc835b2fb\"},\"breadcrumb\":{\"@id\":\"https:\/\/www.gaveanews.com\/index.php\/2024\/12\/07\/publicacao-da-conmebol-interessado-na-saf-e-jogadores-com-mais-gols-marcados-as-ultimas-noticias-do-vasco\/#breadcrumb\"},\"inLanguage\":\"pt-BR\",\"potentialAction\":[{\"@type\":\"ReadAction\",\"target\":[\"https:\/\/www.gaveanews.com\/index.php\/2024\/12\/07\/publicacao-da-conmebol-interessado-na-saf-e-jogadores-com-mais-gols-marcados-as-ultimas-noticias-do-vasco\/\"]}]},{\"@type\":\"ImageObject\",\"inLanguage\":\"pt-BR\",\"@id\":\"https:\/\/www.gaveanews.com\/index.php\/2024\/12\/07\/publicacao-da-conmebol-interessado-na-saf-e-jogadores-com-mais-gols-marcados-as-ultimas-noticias-do-vasco\/#primaryimage\",\"url\":\"https:\/\/www.gaveanews.com\/wp-content\/uploads\/Camisa-do-Vasco-da-Gama.webp\",\"contentUrl\":\"https:\/\/www.gaveanews.com\/wp-content\/uploads\/Camisa-do-Vasco-da-Gama.webp\",\"width\":1440,\"height\":960,\"caption\":\"Camisa do Vasco da Gama (Foto: Reprodu\u00e7\u00e3o\/Instagram)\"},{\"@type\":\"BreadcrumbList\",\"@id\":\"https:\/\/www.gaveanews.com\/index.php\/2024\/12\/07\/publicacao-da-conmebol-interessado-na-saf-e-jogadores-com-mais-gols-marcados-as-ultimas-noticias-do-vasco\/#breadcrumb\",\"itemListElement\":[{\"@type\":\"ListItem\",\"position\":1,\"name\":\"Home\",\"item\":\"https:\/\/www.gaveanews.com\/\"},{\"@type\":\"ListItem\",\"position\":2,\"name\":\"Publica\u00e7\u00e3o da Conmebol, interessado na SAF e jogadores com mais gols marcados: as \u00faltimas not\u00edcias do Vasco\"}]},{\"@type\":\"WebSite\",\"@id\":\"https:\/\/www.gaveanews.com\/#website\",\"url\":\"https:\/\/www.gaveanews.com\/\",\"name\":\"G\u00e1vea News\",\"description\":\"Veja todas as not\u00edcias sobre o Flamengo: Contrata\u00e7\u00f5es, categorias de base, resultados das partidas, tabela de classifica\u00e7\u00e3o, pr\u00f3ximos jogos!\",\"potentialAction\":[{\"@type\":\"SearchAction\",\"target\":{\"@type\":\"EntryPoint\",\"urlTemplate\":\"https:\/\/www.gaveanews.com\/?s={search_term_string}\"},\"query-input\":{\"@type\":\"PropertyValueSpecification\",\"valueRequired\":true,\"valueName\":\"search_term_string\"}}],\"inLanguage\":\"pt-BR\"},{\"@type\":\"Person\",\"@id\":\"https:\/\/www.gaveanews.com\/#\/schema\/person\/8207cd4627f56151707418bfc835b2fb\",\"name\":\"Matheus Felipe\",\"image\":{\"@type\":\"ImageObject\",\"inLanguage\":\"pt-BR\",\"@id\":\"https:\/\/www.gaveanews.com\/#\/schema\/person\/image\/\",\"url\":\"https:\/\/secure.gravatar.com\/avatar\/a452ffbed9130f726358b298bb3a99ce4bd3c5338411f8440e87e14d74c7c087?s=96&d=mm&r=g\",\"contentUrl\":\"https:\/\/secure.gravatar.com\/avatar\/a452ffbed9130f726358b298bb3a99ce4bd3c5338411f8440e87e14d74c7c087?s=96&d=mm&r=g\",\"caption\":\"Matheus Felipe\"}}]}<\/script>\n<!-- \/ Yoast SEO Premium plugin. -->","yoast_head_json":{"title":"Publica\u00e7\u00e3o da Conmebol, interessado na SAF e jogadores com mais gols marcados: as \u00faltimas not\u00edcias do Vasco","robots":{"index":"index","follow":"follow","max-snippet":"max-snippet:-1","max-image-preview":"max-image-preview:large","max-video-preview":"max-video-preview:-1"},"canonical":"https:\/\/www.gaveanews.com\/index.php\/2024\/12\/07\/publicacao-da-conmebol-interessado-na-saf-e-jogadores-com-mais-gols-marcados-as-ultimas-noticias-do-vasco\/","og_locale":"pt_BR","og_type":"article","og_title":"Publica\u00e7\u00e3o da Conmebol, interessado na SAF e jogadores com mais gols marcados: as \u00faltimas not\u00edcias do Vasco","og_description":"Nas \u00faltimas horas, o foco das not\u00edcias sobre o Vasco se concentram nos bastidores do clube, com destaques como o interessado na SAF e jogadores com mais gols marcados. Por conta deste contexto, leia abaixo um resumo preparado pela equipe do portal G\u00e1vea News para lhe manter muito bem informado! Jogadores com mais gols marcados [&hellip;]","og_url":"https:\/\/www.gaveanews.com\/index.php\/2024\/12\/07\/publicacao-da-conmebol-interessado-na-saf-e-jogadores-com-mais-gols-marcados-as-ultimas-noticias-do-vasco\/","og_site_name":"G\u00e1vea News","article_publisher":"https:\/\/facebook.com\/gaveaNews\/","article_published_time":"2024-12-07T08:20:00+00:00","og_image":[{"width":1440,"height":960,"url":"https:\/\/www.gaveanews.com\/wp-content\/uploads\/Camisa-do-Vasco-da-Gama.webp","type":"image\/jpeg"}],"author":"Matheus Felipe","twitter_card":"summary_large_image","twitter_misc":{"Escrito por":"Matheus Felipe","Est. tempo de leitura":"5 minutos"},"schema":{"@context":"https:\/\/schema.org","@graph":[{"@type":"NewsArticle","@id":"https:\/\/www.gaveanews.com\/index.php\/2024\/12\/07\/publicacao-da-conmebol-interessado-na-saf-e-jogadores-com-mais-gols-marcados-as-ultimas-noticias-do-vasco\/#article","isPartOf":{"@id":"https:\/\/www.gaveanews.com\/index.php\/2024\/12\/07\/publicacao-da-conmebol-interessado-na-saf-e-jogadores-com-mais-gols-marcados-as-ultimas-noticias-do-vasco\/"},"author":{"name":"Matheus Felipe","@id":"https:\/\/www.gaveanews.com\/#\/schema\/person\/8207cd4627f56151707418bfc835b2fb"},"headline":"Publica\u00e7\u00e3o da Conmebol, interessado na SAF e jogadores com mais gols marcados: as \u00faltimas not\u00edcias do Vasco","datePublished":"2024-12-07T08:20:00+00:00","mainEntityOfPage":{"@id":"https:\/\/www.gaveanews.com\/index.php\/2024\/12\/07\/publicacao-da-conmebol-interessado-na-saf-e-jogadores-com-mais-gols-marcados-as-ultimas-noticias-do-vasco\/"},"wordCount":823,"commentCount":0,"image":{"@id":"https:\/\/www.gaveanews.com\/index.php\/2024\/12\/07\/publicacao-da-conmebol-interessado-na-saf-e-jogadores-com-mais-gols-marcados-as-ultimas-noticias-do-vasco\/#primaryimage"},"thumbnailUrl":"https:\/\/www.gaveanews.com\/wp-content\/uploads\/Camisa-do-Vasco-da-Gama.webp","articleSection":["Vasco"],"inLanguage":"pt-BR","potentialAction":[{"@type":"CommentAction","name":"Comment","target":["https:\/\/www.gaveanews.com\/index.php\/2024\/12\/07\/publicacao-da-conmebol-interessado-na-saf-e-jogadores-com-mais-gols-marcados-as-ultimas-noticias-do-vasco\/#respond"]}],"copyrightYear":"2024","copyrightHolder":{"@id":"https:\/\/www.gaveanews.com\/#organization"}},{"@type":"WebPage","@id":"https:\/\/www.gaveanews.com\/index.php\/2024\/12\/07\/publicacao-da-conmebol-interessado-na-saf-e-jogadores-com-mais-gols-marcados-as-ultimas-noticias-do-vasco\/","url":"https:\/\/www.gaveanews.com\/index.php\/2024\/12\/07\/publicacao-da-conmebol-interessado-na-saf-e-jogadores-com-mais-gols-marcados-as-ultimas-noticias-do-vasco\/","name":"Publica\u00e7\u00e3o da Conmebol, interessado na SAF e jogadores com mais gols marcados: as \u00faltimas not\u00edcias do Vasco","isPartOf":{"@id":"https:\/\/www.gaveanews.com\/#website"},"primaryImageOfPage":{"@id":"https:\/\/www.gaveanews.com\/index.php\/2024\/12\/07\/publicacao-da-conmebol-interessado-na-saf-e-jogadores-com-mais-gols-marcados-as-ultimas-noticias-do-vasco\/#primaryimage"},"image":{"@id":"https:\/\/www.gaveanews.com\/index.php\/2024\/12\/07\/publicacao-da-conmebol-interessado-na-saf-e-jogadores-com-mais-gols-marcados-as-ultimas-noticias-do-vasco\/#primaryimage"},"thumbnailUrl":"https:\/\/www.gaveanews.com\/wp-content\/uploads\/Camisa-do-Vasco-da-Gama.webp","datePublished":"2024-12-07T08:20:00+00:00","author":{"@id":"https:\/\/www.gaveanews.com\/#\/schema\/person\/8207cd4627f56151707418bfc835b2fb"},"breadcrumb":{"@id":"https:\/\/www.gaveanews.com\/index.php\/2024\/12\/07\/publicacao-da-conmebol-interessado-na-saf-e-jogadores-com-mais-gols-marcados-as-ultimas-noticias-do-vasco\/#breadcrumb"},"inLanguage":"pt-BR","potentialAction":[{"@type":"ReadAction","target":["https:\/\/www.gaveanews.com\/index.php\/2024\/12\/07\/publicacao-da-conmebol-interessado-na-saf-e-jogadores-com-mais-gols-marcados-as-ultimas-noticias-do-vasco\/"]}]},{"@type":"ImageObject","inLanguage":"pt-BR","@id":"https:\/\/www.gaveanews.com\/index.php\/2024\/12\/07\/publicacao-da-conmebol-interessado-na-saf-e-jogadores-com-mais-gols-marcados-as-ultimas-noticias-do-vasco\/#primaryimage","url":"https:\/\/www.gaveanews.com\/wp-content\/uploads\/Camisa-do-Vasco-da-Gama.webp","contentUrl":"https:\/\/www.gaveanews.com\/wp-content\/uploads\/Camisa-do-Vasco-da-Gama.webp","width":1440,"height":960,"caption":"Camisa do Vasco da Gama (Foto: Reprodu\u00e7\u00e3o\/Instagram)"},{"@type":"BreadcrumbList","@id":"https:\/\/www.gaveanews.com\/index.php\/2024\/12\/07\/publicacao-da-conmebol-interessado-na-saf-e-jogadores-com-mais-gols-marcados-as-ultimas-noticias-do-vasco\/#breadcrumb","itemListElement":[{"@type":"ListItem","position":1,"name":"Home","item":"https:\/\/www.gaveanews.com\/"},{"@type":"ListItem","position":2,"name":"Publica\u00e7\u00e3o da Conmebol, interessado na SAF e jogadores com mais gols marcados: as \u00faltimas not\u00edcias do Vasco"}]},{"@type":"WebSite","@id":"https:\/\/www.gaveanews.com\/#website","url":"https:\/\/www.gaveanews.com\/","name":"G\u00e1vea News","description":"Veja todas as not\u00edcias sobre o Flamengo: Contrata\u00e7\u00f5es, categorias de base, resultados das partidas, tabela de classifica\u00e7\u00e3o, pr\u00f3ximos jogos!","potentialAction":[{"@type":"SearchAction","target":{"@type":"EntryPoint","urlTemplate":"https:\/\/www.gaveanews.com\/?s={search_term_string}"},"query-input":{"@type":"PropertyValueSpecification","valueRequired":true,"valueName":"search_term_string"}}],"inLanguage":"pt-BR"},{"@type":"Person","@id":"https:\/\/www.gaveanews.com\/#\/schema\/person\/8207cd4627f56151707418bfc835b2fb","name":"Matheus Felipe","image":{"@type":"ImageObject","inLanguage":"pt-BR","@id":"https:\/\/www.gaveanews.com\/#\/schema\/person\/image\/","url":"https:\/\/secure.gravatar.com\/avatar\/a452ffbed9130f726358b298bb3a99ce4bd3c5338411f8440e87e14d74c7c087?s=96&d=mm&r=g","contentUrl":"https:\/\/secure.gravatar.com\/avatar\/a452ffbed9130f726358b298bb3a99ce4bd3c5338411f8440e87e14d74c7c087?s=96&d=mm&r=g","caption":"Matheus Felipe"}}]}},"_links":{"self":[{"href":"https:\/\/www.gaveanews.com\/index.php\/wp-json\/wp\/v2\/posts\/196048","targetHints":{"allow":["GET"]}}],"collection":[{"href":"https:\/\/www.gaveanews.com\/index.php\/wp-json\/wp\/v2\/posts"}],"about":[{"href":"https:\/\/www.gaveanews.com\/index.php\/wp-json\/wp\/v2\/types\/post"}],"author":[{"embeddable":true,"href":"https:\/\/www.gaveanews.com\/index.php\/wp-json\/wp\/v2\/users\/27"}],"replies":[{"embeddable":true,"href":"https:\/\/www.gaveanews.com\/index.php\/wp-json\/wp\/v2\/comments?post=196048"}],"version-history":[{"count":1,"href":"https:\/\/www.gaveanews.com\/index.php\/wp-json\/wp\/v2\/posts\/196048\/revisions"}],"predecessor-version":[{"id":196055,"href":"https:\/\/www.gaveanews.com\/index.php\/wp-json\/wp\/v2\/posts\/196048\/revisions\/196055"}],"wp:featuredmedia":[{"embeddable":true,"href":"https:\/\/www.gaveanews.com\/index.php\/wp-json\/wp\/v2\/media\/147443"}],"wp:attachment":[{"href":"https:\/\/www.gaveanews.com\/index.php\/wp-json\/wp\/v2\/media?parent=196048"}],"wp:term":[{"taxonomy":"category","embeddable":true,"href":"https:\/\/www.gaveanews.com\/index.php\/wp-json\/wp\/v2\/categories?post=196048"},{"taxonomy":"post_tag","embeddable":true,"href":"https:\/\/www.gaveanews.com\/index.php\/wp-json\/wp\/v2\/tags?post=196048"}],"curies":[{"name":"wp","href":"https:\/\/api.w.org\/{rel}","templated":true}]}}