{"id":196054,"date":"2024-12-07T06:15:00","date_gmt":"2024-12-07T09:15:00","guid":{"rendered":"https:\/\/www.gaveanews.com\/?p=196054"},"modified":"2024-12-07T02:12:05","modified_gmt":"2024-12-07T05:12:05","slug":"vaquinha-da-arena-declaracao-de-neto-e-mudanca-no-planejamento-2025-as-ultimas-noticias-do-corinthians","status":"publish","type":"post","link":"https:\/\/www.gaveanews.com\/index.php\/2024\/12\/07\/vaquinha-da-arena-declaracao-de-neto-e-mudanca-no-planejamento-2025-as-ultimas-noticias-do-corinthians\/","title":{"rendered":"Vaquinha da Arena, declara\u00e7\u00e3o de Neto e mudan\u00e7a no planejamento 2025: as \u00faltimas not\u00edcias do Corinthians"},"content":{"rendered":"\n<p>Nas \u00faltimas horas, o foco das not\u00edcias sobre o Corinthians se concentram nos bastidores do clube, com destaques como a vaquinha da Arena e a declara\u00e7\u00e3o de Neto.<\/p>\n\n\n\n<p>Por conta deste contexto, leia abaixo um resumo preparado pela equipe do portal G\u00e1vea News para lhe manter muito bem informado!<\/p>\n\n\n\n<h2 class=\"wp-block-heading\" id=\"h-mudanca-no-planejamento-2025\">Mudan\u00e7a no planejamento 2025<\/h2>\n\n\n\n<p>A classifica\u00e7\u00e3o do Corinthians para a Libertadores de 2025 trouxe mudan\u00e7as significativas no planejamento do clube, especialmente no mercado de transfer\u00eancias. A presen\u00e7a na principal competi\u00e7\u00e3o sul-americana aumentou o apelo do time, atraindo empres\u00e1rios e jogadores interessados em se juntar \u00e0 equipe. Nomes como Carrillo e Memphis, com foco em suas sele\u00e7\u00f5es nacionais, est\u00e3o entre os destaques que podem refor\u00e7ar o elenco. Al\u00e9m disso, a patrocinadora Esportes da Sorte deve liberar recursos para a chegada de mais refor\u00e7os<strong><a href=\"https:\/\/www.gaveanews.com\/index.php\/2024\/12\/06\/corinthians-e-obrigado-a-mudar-planejamento-para-2025\/\"> (leia a mat\u00e9ria completa).<\/a><\/strong><\/p>\n\n\n\n<figure class=\"wp-block-image size-full\"><img loading=\"lazy\" decoding=\"async\" width=\"774\" height=\"483\" src=\"https:\/\/www.gaveanews.com\/wp-content\/uploads\/Ramon-Diaz-pelo-Corinthians-em-2024-1.webp\" alt=\"\" class=\"wp-image-190015\" srcset=\"https:\/\/www.gaveanews.com\/wp-content\/uploads\/Ramon-Diaz-pelo-Corinthians-em-2024-1.webp 774w, https:\/\/www.gaveanews.com\/wp-content\/uploads\/Ramon-Diaz-pelo-Corinthians-em-2024-1-300x187.webp 300w, https:\/\/www.gaveanews.com\/wp-content\/uploads\/Ramon-Diaz-pelo-Corinthians-em-2024-1-768x479.webp 768w, https:\/\/www.gaveanews.com\/wp-content\/uploads\/Ramon-Diaz-pelo-Corinthians-em-2024-1-673x420.webp 673w, https:\/\/www.gaveanews.com\/wp-content\/uploads\/Ramon-Diaz-pelo-Corinthians-em-2024-1-640x399.webp 640w, https:\/\/www.gaveanews.com\/wp-content\/uploads\/Ramon-Diaz-pelo-Corinthians-em-2024-1-681x425.webp 681w, https:\/\/www.gaveanews.com\/wp-content\/uploads\/Ramon-Diaz-pelo-Corinthians-em-2024-1-100x62.webp 100w\" sizes=\"auto, (max-width: 774px) 100vw, 774px\" \/><figcaption class=\"wp-element-caption\">Ram\u00f3n D\u00edaz pelo Corinthians em 2024 (Foto: Rodrigo Coca\/Ag\u00eancia Corinthians \/ Esporte News Mundo)<\/figcaption><\/figure>\n\n\n\n<p>A diretoria j\u00e1 enfrenta desafios para manter talentos como Yuri Alberto, artilheiro do Brasileir\u00e3o de 2024 e pe\u00e7a-chave na equipe. <\/p>\n\n\n\n<p>O mercado interno tamb\u00e9m desponta como uma oportunidade, com jogadores renomados como Gabigol, Hulk e Guilherme Arana possivelmente dispon\u00edveis devido a reestrutura\u00e7\u00f5es em seus clubes. Essas possibilidades mostram como o clube se reposicionou ap\u00f3s um in\u00edcio de temporada desafiador.<\/p>\n\n\n\n<p>A vaga na Libertadores tamb\u00e9m fortaleceu o poder de negocia\u00e7\u00e3o do Corinthians e renovou as esperan\u00e7as de torcedores e patrocinadores. Com um elenco em evolu\u00e7\u00e3o e a perspectiva de refor\u00e7os estrat\u00e9gicos, o clube busca consolidar sua presen\u00e7a no cen\u00e1rio internacional, mirando mais conquistas em 2025.<\/p>\n\n\n\n<h2 class=\"wp-block-heading\" id=\"h-declaracao-de-neto\">Declara\u00e7\u00e3o de Neto<\/h2>\n\n\n\n<p>O ex-jogador e apresentador Neto criticou Ronaldo Fen\u00f4meno ap\u00f3s este comentar, de forma bem-humorada, sobre a campanha de arrecada\u00e7\u00e3o de fundos da torcida do Corinthians para pagar d\u00edvidas da Neo Qu\u00edmica Arena. Durante o sorteio do Mundial de Clubes de 2025, Ronaldo mencionou que \u201cpoderia abrir m\u00e3o de algo que tem para receber\u201d do clube. Em resposta, Neto alfinetou o ex-jogador, sugerindo que ele pedisse a Andr\u00e9s Sanchez, ex-presidente do Corinthians, para quitar o est\u00e1dio <strong><a href=\"https:\/\/www.gaveanews.com\/index.php\/2024\/12\/06\/craque-neto-nao-perdoa-e-manda-recado-para-ronaldo-fenomeno\/\">(leia a mat\u00e9ria completa).<\/a><\/strong><\/p>\n\n\n\n<figure class=\"wp-block-image size-full\"><img loading=\"lazy\" decoding=\"async\" width=\"846\" height=\"476\" src=\"https:\/\/www.gaveanews.com\/wp-content\/uploads\/Comentarista-Neto-em-programa-da-Band.webp\" alt=\"\" class=\"wp-image-71983\" srcset=\"https:\/\/www.gaveanews.com\/wp-content\/uploads\/Comentarista-Neto-em-programa-da-Band.webp 846w, https:\/\/www.gaveanews.com\/wp-content\/uploads\/Comentarista-Neto-em-programa-da-Band-300x169.webp 300w, https:\/\/www.gaveanews.com\/wp-content\/uploads\/Comentarista-Neto-em-programa-da-Band-768x432.webp 768w, https:\/\/www.gaveanews.com\/wp-content\/uploads\/Comentarista-Neto-em-programa-da-Band-746x420.webp 746w, https:\/\/www.gaveanews.com\/wp-content\/uploads\/Comentarista-Neto-em-programa-da-Band-640x360.webp 640w, https:\/\/www.gaveanews.com\/wp-content\/uploads\/Comentarista-Neto-em-programa-da-Band-681x383.webp 681w, https:\/\/www.gaveanews.com\/wp-content\/uploads\/Comentarista-Neto-em-programa-da-Band-100x56.webp 100w\" sizes=\"auto, (max-width: 846px) 100vw, 846px\" \/><figcaption class=\"wp-element-caption\">Comentarista Neto em programa da Band (Foto: Reprodu\u00e7\u00e3o\/Band)<\/figcaption><\/figure>\n\n\n\n<p>Ronaldo, por outro lado, elogiou a iniciativa e o engajamento da torcida, mas criticou a necessidade de a\u00e7\u00f5es como essa, apontando que o Corinthians deveria ser autossustent\u00e1vel. Ele destacou o potencial do clube para resolver seus problemas financeiros e construir equipes competitivas, afirmando que a torcida merece esse n\u00edvel de organiza\u00e7\u00e3o e sucesso.<\/p>\n\n\n\n<p>A campanha, lan\u00e7ada pela Gavi\u00f5es da Fiel, visa mobilizar os torcedores para arrecadar fundos e ajudar na reestrutura\u00e7\u00e3o financeira do clube. Desde sua inaugura\u00e7\u00e3o em 2014, a Neo Qu\u00edmica Arena tem sido motivo de debates, tanto pela relev\u00e2ncia para o Corinthians quanto pelos desafios financeiros que gerou. A discuss\u00e3o reacendeu a aten\u00e7\u00e3o para a gest\u00e3o econ\u00f4mica do clube.<\/p>\n\n\n\n<h2 class=\"wp-block-heading\" id=\"h-vaquinha-da-arena\">Vaquinha da Arena<\/h2>\n\n\n\n<p>O Corinthians enfrenta um momento financeiro delicado, com uma d\u00edvida total que ultrapassa os R$ 2,4 bilh\u00f5es, sendo R$ 700 milh\u00f5es referentes \u00e0 constru\u00e7\u00e3o da Neo Qu\u00edmica Arena. Para enfrentar essa crise, a torcida organizada Gavi\u00f5es da Fiel lan\u00e7ou uma campanha de arrecada\u00e7\u00e3o online, buscando angariar fundos para quitar o valor devido ao financiamento do est\u00e1dio. At\u00e9 o momento, a iniciativa j\u00e1 arrecadou cerca de R$ 27,4 milh\u00f5es, com contribui\u00e7\u00f5es de torcedores e personalidades <strong><a href=\"https:\/\/www.gaveanews.com\/index.php\/2024\/12\/06\/corinthians-recebe-noticia-sobre-vaquinha-da-neo-quimica-arena\/\">(leia a mat\u00e9ria completa).<\/a><\/strong><\/p>\n\n\n\n<figure class=\"wp-block-image size-large\"><img loading=\"lazy\" decoding=\"async\" width=\"1024\" height=\"682\" src=\"https:\/\/www.gaveanews.com\/wp-content\/uploads\/Escudo-do-Corinthians-na-Neo-Quimica-Arena-1024x682.webp\" alt=\"\" class=\"wp-image-154473\" srcset=\"https:\/\/www.gaveanews.com\/wp-content\/uploads\/Escudo-do-Corinthians-na-Neo-Quimica-Arena-1024x682.webp 1024w, https:\/\/www.gaveanews.com\/wp-content\/uploads\/Escudo-do-Corinthians-na-Neo-Quimica-Arena-300x200.webp 300w, https:\/\/www.gaveanews.com\/wp-content\/uploads\/Escudo-do-Corinthians-na-Neo-Quimica-Arena-768x511.webp 768w, https:\/\/www.gaveanews.com\/wp-content\/uploads\/Escudo-do-Corinthians-na-Neo-Quimica-Arena-631x420.webp 631w, https:\/\/www.gaveanews.com\/wp-content\/uploads\/Escudo-do-Corinthians-na-Neo-Quimica-Arena-1261x840.webp 1261w, https:\/\/www.gaveanews.com\/wp-content\/uploads\/Escudo-do-Corinthians-na-Neo-Quimica-Arena-640x426.webp 640w, https:\/\/www.gaveanews.com\/wp-content\/uploads\/Escudo-do-Corinthians-na-Neo-Quimica-Arena-1280x852.webp 1280w, https:\/\/www.gaveanews.com\/wp-content\/uploads\/Escudo-do-Corinthians-na-Neo-Quimica-Arena-681x454.webp 681w, https:\/\/www.gaveanews.com\/wp-content\/uploads\/Escudo-do-Corinthians-na-Neo-Quimica-Arena-1362x907.webp 1362w, https:\/\/www.gaveanews.com\/wp-content\/uploads\/Escudo-do-Corinthians-na-Neo-Quimica-Arena-100x67.webp 100w, https:\/\/www.gaveanews.com\/wp-content\/uploads\/Escudo-do-Corinthians-na-Neo-Quimica-Arena.webp 1440w\" sizes=\"auto, (max-width: 1024px) 100vw, 1024px\" \/><figcaption class=\"wp-element-caption\">Escudo do Corinthians na N\u00e9o Qu\u00edmica Arena (Foto Reprodu\u00e7\u00e3o\/Instagram)<\/figcaption><\/figure>\n\n\n\n<p>A campanha, lan\u00e7ada no final de novembro, permite doa\u00e7\u00f5es a partir de R$ 10, com valores acima de R$ 100 dando direito a uma homenagem com o nome do doador em uma placa no est\u00e1dio. A iniciativa reflete o engajamento e a paix\u00e3o da torcida corintiana, que tenta ajudar o clube em um dos per\u00edodos mais cr\u00edticos de sua hist\u00f3ria financeira.<\/p>\n\n\n\n<p>Mesmo com uma das maiores taxas de ocupa\u00e7\u00e3o entre est\u00e1dios brasileiros, o Corinthians enfrenta dificuldades para honrar os compromissos financeiros. A a\u00e7\u00e3o de crowdfunding \u00e9 vista como um s\u00edmbolo da for\u00e7a da Fiel Torcida, que se mobiliza em prol de manter o legado e a sustentabilidade do clube, refor\u00e7ando sua relev\u00e2ncia no cen\u00e1rio esportivo nacional.<\/p>\n","protected":false},"excerpt":{"rendered":"<p>Nas \u00faltimas horas, o foco das not\u00edcias sobre o Corinthians se concentram nos bastidores do clube, com destaques como a vaquinha da Arena e a declara\u00e7\u00e3o de Neto. Por conta deste contexto, leia abaixo um resumo preparado pela equipe do portal G\u00e1vea News para lhe manter muito bem informado! Mudan\u00e7a no planejamento 2025 A classifica\u00e7\u00e3o [&hellip;]<\/p>\n","protected":false},"author":27,"featured_media":146951,"comment_status":"open","ping_status":"closed","sticky":false,"template":"","format":"standard","meta":{"footnotes":""},"categories":[141],"tags":[],"class_list":["post-196054","post","type-post","status-publish","format-standard","has-post-thumbnail","hentry","category-corinthians"],"yoast_head":"<!-- This site is optimized with the Yoast SEO Premium plugin v24.2 (Yoast SEO v26.9) - https:\/\/yoast.com\/product\/yoast-seo-premium-wordpress\/ -->\n<title>Vaquinha da Arena, declara\u00e7\u00e3o de Neto e mudan\u00e7a no planejamento 2025: as \u00faltimas not\u00edcias do Corinthians<\/title>\n<meta name=\"robots\" content=\"index, follow, max-snippet:-1, max-image-preview:large, max-video-preview:-1\" \/>\n<link rel=\"canonical\" href=\"https:\/\/www.gaveanews.com\/index.php\/2024\/12\/07\/vaquinha-da-arena-declaracao-de-neto-e-mudanca-no-planejamento-2025-as-ultimas-noticias-do-corinthians\/\" \/>\n<meta property=\"og:locale\" content=\"pt_BR\" \/>\n<meta property=\"og:type\" content=\"article\" \/>\n<meta property=\"og:title\" content=\"Vaquinha da Arena, declara\u00e7\u00e3o de Neto e mudan\u00e7a no planejamento 2025: as \u00faltimas not\u00edcias do Corinthians\" \/>\n<meta property=\"og:description\" content=\"Nas \u00faltimas horas, o foco das not\u00edcias sobre o Corinthians se concentram nos bastidores do clube, com destaques como a vaquinha da Arena e a declara\u00e7\u00e3o de Neto. Por conta deste contexto, leia abaixo um resumo preparado pela equipe do portal G\u00e1vea News para lhe manter muito bem informado! Mudan\u00e7a no planejamento 2025 A classifica\u00e7\u00e3o [&hellip;]\" \/>\n<meta property=\"og:url\" content=\"https:\/\/www.gaveanews.com\/index.php\/2024\/12\/07\/vaquinha-da-arena-declaracao-de-neto-e-mudanca-no-planejamento-2025-as-ultimas-noticias-do-corinthians\/\" \/>\n<meta property=\"og:site_name\" content=\"G\u00e1vea News\" \/>\n<meta property=\"article:publisher\" content=\"https:\/\/facebook.com\/gaveaNews\/\" \/>\n<meta property=\"article:published_time\" content=\"2024-12-07T09:15:00+00:00\" \/>\n<meta property=\"og:image\" content=\"https:\/\/www.gaveanews.com\/wp-content\/uploads\/Escudo-do-Corinthians.webp\" \/>\n\t<meta property=\"og:image:width\" content=\"1000\" \/>\n\t<meta property=\"og:image:height\" content=\"667\" \/>\n\t<meta property=\"og:image:type\" content=\"image\/webp\" \/>\n<meta name=\"author\" content=\"Matheus Felipe\" \/>\n<meta name=\"twitter:card\" content=\"summary_large_image\" \/>\n<meta name=\"twitter:label1\" content=\"Escrito por\" \/>\n\t<meta name=\"twitter:data1\" content=\"Matheus Felipe\" \/>\n\t<meta name=\"twitter:label2\" content=\"Est. tempo de leitura\" \/>\n\t<meta name=\"twitter:data2\" content=\"5 minutos\" \/>\n<script type=\"application\/ld+json\" class=\"yoast-schema-graph\">{\"@context\":\"https:\/\/schema.org\",\"@graph\":[{\"@type\":\"NewsArticle\",\"@id\":\"https:\/\/www.gaveanews.com\/index.php\/2024\/12\/07\/vaquinha-da-arena-declaracao-de-neto-e-mudanca-no-planejamento-2025-as-ultimas-noticias-do-corinthians\/#article\",\"isPartOf\":{\"@id\":\"https:\/\/www.gaveanews.com\/index.php\/2024\/12\/07\/vaquinha-da-arena-declaracao-de-neto-e-mudanca-no-planejamento-2025-as-ultimas-noticias-do-corinthians\/\"},\"author\":{\"name\":\"Matheus Felipe\",\"@id\":\"https:\/\/www.gaveanews.com\/#\/schema\/person\/8207cd4627f56151707418bfc835b2fb\"},\"headline\":\"Vaquinha da Arena, declara\u00e7\u00e3o de Neto e mudan\u00e7a no planejamento 2025: as \u00faltimas not\u00edcias do Corinthians\",\"datePublished\":\"2024-12-07T09:15:00+00:00\",\"mainEntityOfPage\":{\"@id\":\"https:\/\/www.gaveanews.com\/index.php\/2024\/12\/07\/vaquinha-da-arena-declaracao-de-neto-e-mudanca-no-planejamento-2025-as-ultimas-noticias-do-corinthians\/\"},\"wordCount\":754,\"commentCount\":0,\"image\":{\"@id\":\"https:\/\/www.gaveanews.com\/index.php\/2024\/12\/07\/vaquinha-da-arena-declaracao-de-neto-e-mudanca-no-planejamento-2025-as-ultimas-noticias-do-corinthians\/#primaryimage\"},\"thumbnailUrl\":\"https:\/\/www.gaveanews.com\/wp-content\/uploads\/Escudo-do-Corinthians.webp\",\"articleSection\":[\"Corinthians\"],\"inLanguage\":\"pt-BR\",\"potentialAction\":[{\"@type\":\"CommentAction\",\"name\":\"Comment\",\"target\":[\"https:\/\/www.gaveanews.com\/index.php\/2024\/12\/07\/vaquinha-da-arena-declaracao-de-neto-e-mudanca-no-planejamento-2025-as-ultimas-noticias-do-corinthians\/#respond\"]}],\"copyrightYear\":\"2024\",\"copyrightHolder\":{\"@id\":\"https:\/\/www.gaveanews.com\/#organization\"}},{\"@type\":\"WebPage\",\"@id\":\"https:\/\/www.gaveanews.com\/index.php\/2024\/12\/07\/vaquinha-da-arena-declaracao-de-neto-e-mudanca-no-planejamento-2025-as-ultimas-noticias-do-corinthians\/\",\"url\":\"https:\/\/www.gaveanews.com\/index.php\/2024\/12\/07\/vaquinha-da-arena-declaracao-de-neto-e-mudanca-no-planejamento-2025-as-ultimas-noticias-do-corinthians\/\",\"name\":\"Vaquinha da Arena, declara\u00e7\u00e3o de Neto e mudan\u00e7a no planejamento 2025: as \u00faltimas not\u00edcias do Corinthians\",\"isPartOf\":{\"@id\":\"https:\/\/www.gaveanews.com\/#website\"},\"primaryImageOfPage\":{\"@id\":\"https:\/\/www.gaveanews.com\/index.php\/2024\/12\/07\/vaquinha-da-arena-declaracao-de-neto-e-mudanca-no-planejamento-2025-as-ultimas-noticias-do-corinthians\/#primaryimage\"},\"image\":{\"@id\":\"https:\/\/www.gaveanews.com\/index.php\/2024\/12\/07\/vaquinha-da-arena-declaracao-de-neto-e-mudanca-no-planejamento-2025-as-ultimas-noticias-do-corinthians\/#primaryimage\"},\"thumbnailUrl\":\"https:\/\/www.gaveanews.com\/wp-content\/uploads\/Escudo-do-Corinthians.webp\",\"datePublished\":\"2024-12-07T09:15:00+00:00\",\"author\":{\"@id\":\"https:\/\/www.gaveanews.com\/#\/schema\/person\/8207cd4627f56151707418bfc835b2fb\"},\"breadcrumb\":{\"@id\":\"https:\/\/www.gaveanews.com\/index.php\/2024\/12\/07\/vaquinha-da-arena-declaracao-de-neto-e-mudanca-no-planejamento-2025-as-ultimas-noticias-do-corinthians\/#breadcrumb\"},\"inLanguage\":\"pt-BR\",\"potentialAction\":[{\"@type\":\"ReadAction\",\"target\":[\"https:\/\/www.gaveanews.com\/index.php\/2024\/12\/07\/vaquinha-da-arena-declaracao-de-neto-e-mudanca-no-planejamento-2025-as-ultimas-noticias-do-corinthians\/\"]}]},{\"@type\":\"ImageObject\",\"inLanguage\":\"pt-BR\",\"@id\":\"https:\/\/www.gaveanews.com\/index.php\/2024\/12\/07\/vaquinha-da-arena-declaracao-de-neto-e-mudanca-no-planejamento-2025-as-ultimas-noticias-do-corinthians\/#primaryimage\",\"url\":\"https:\/\/www.gaveanews.com\/wp-content\/uploads\/Escudo-do-Corinthians.webp\",\"contentUrl\":\"https:\/\/www.gaveanews.com\/wp-content\/uploads\/Escudo-do-Corinthians.webp\",\"width\":1000,\"height\":667,\"caption\":\"Escudo do Corinthians (Foto Reprodu\u00e7\u00e3o\/Instagram)\"},{\"@type\":\"BreadcrumbList\",\"@id\":\"https:\/\/www.gaveanews.com\/index.php\/2024\/12\/07\/vaquinha-da-arena-declaracao-de-neto-e-mudanca-no-planejamento-2025-as-ultimas-noticias-do-corinthians\/#breadcrumb\",\"itemListElement\":[{\"@type\":\"ListItem\",\"position\":1,\"name\":\"Home\",\"item\":\"https:\/\/www.gaveanews.com\/\"},{\"@type\":\"ListItem\",\"position\":2,\"name\":\"Vaquinha da Arena, declara\u00e7\u00e3o de Neto e mudan\u00e7a no planejamento 2025: as \u00faltimas not\u00edcias do Corinthians\"}]},{\"@type\":\"WebSite\",\"@id\":\"https:\/\/www.gaveanews.com\/#website\",\"url\":\"https:\/\/www.gaveanews.com\/\",\"name\":\"G\u00e1vea News\",\"description\":\"Veja todas as not\u00edcias sobre o Flamengo: Contrata\u00e7\u00f5es, categorias de base, resultados das partidas, tabela de classifica\u00e7\u00e3o, pr\u00f3ximos jogos!\",\"potentialAction\":[{\"@type\":\"SearchAction\",\"target\":{\"@type\":\"EntryPoint\",\"urlTemplate\":\"https:\/\/www.gaveanews.com\/?s={search_term_string}\"},\"query-input\":{\"@type\":\"PropertyValueSpecification\",\"valueRequired\":true,\"valueName\":\"search_term_string\"}}],\"inLanguage\":\"pt-BR\"},{\"@type\":\"Person\",\"@id\":\"https:\/\/www.gaveanews.com\/#\/schema\/person\/8207cd4627f56151707418bfc835b2fb\",\"name\":\"Matheus Felipe\",\"image\":{\"@type\":\"ImageObject\",\"inLanguage\":\"pt-BR\",\"@id\":\"https:\/\/www.gaveanews.com\/#\/schema\/person\/image\/\",\"url\":\"https:\/\/secure.gravatar.com\/avatar\/a452ffbed9130f726358b298bb3a99ce4bd3c5338411f8440e87e14d74c7c087?s=96&d=mm&r=g\",\"contentUrl\":\"https:\/\/secure.gravatar.com\/avatar\/a452ffbed9130f726358b298bb3a99ce4bd3c5338411f8440e87e14d74c7c087?s=96&d=mm&r=g\",\"caption\":\"Matheus Felipe\"}}]}<\/script>\n<!-- \/ Yoast SEO Premium plugin. -->","yoast_head_json":{"title":"Vaquinha da Arena, declara\u00e7\u00e3o de Neto e mudan\u00e7a no planejamento 2025: as \u00faltimas not\u00edcias do Corinthians","robots":{"index":"index","follow":"follow","max-snippet":"max-snippet:-1","max-image-preview":"max-image-preview:large","max-video-preview":"max-video-preview:-1"},"canonical":"https:\/\/www.gaveanews.com\/index.php\/2024\/12\/07\/vaquinha-da-arena-declaracao-de-neto-e-mudanca-no-planejamento-2025-as-ultimas-noticias-do-corinthians\/","og_locale":"pt_BR","og_type":"article","og_title":"Vaquinha da Arena, declara\u00e7\u00e3o de Neto e mudan\u00e7a no planejamento 2025: as \u00faltimas not\u00edcias do Corinthians","og_description":"Nas \u00faltimas horas, o foco das not\u00edcias sobre o Corinthians se concentram nos bastidores do clube, com destaques como a vaquinha da Arena e a declara\u00e7\u00e3o de Neto. Por conta deste contexto, leia abaixo um resumo preparado pela equipe do portal G\u00e1vea News para lhe manter muito bem informado! Mudan\u00e7a no planejamento 2025 A classifica\u00e7\u00e3o [&hellip;]","og_url":"https:\/\/www.gaveanews.com\/index.php\/2024\/12\/07\/vaquinha-da-arena-declaracao-de-neto-e-mudanca-no-planejamento-2025-as-ultimas-noticias-do-corinthians\/","og_site_name":"G\u00e1vea News","article_publisher":"https:\/\/facebook.com\/gaveaNews\/","article_published_time":"2024-12-07T09:15:00+00:00","og_image":[{"width":1000,"height":667,"url":"https:\/\/www.gaveanews.com\/wp-content\/uploads\/Escudo-do-Corinthians.webp","type":"image\/webp"}],"author":"Matheus Felipe","twitter_card":"summary_large_image","twitter_misc":{"Escrito por":"Matheus Felipe","Est. tempo de leitura":"5 minutos"},"schema":{"@context":"https:\/\/schema.org","@graph":[{"@type":"NewsArticle","@id":"https:\/\/www.gaveanews.com\/index.php\/2024\/12\/07\/vaquinha-da-arena-declaracao-de-neto-e-mudanca-no-planejamento-2025-as-ultimas-noticias-do-corinthians\/#article","isPartOf":{"@id":"https:\/\/www.gaveanews.com\/index.php\/2024\/12\/07\/vaquinha-da-arena-declaracao-de-neto-e-mudanca-no-planejamento-2025-as-ultimas-noticias-do-corinthians\/"},"author":{"name":"Matheus Felipe","@id":"https:\/\/www.gaveanews.com\/#\/schema\/person\/8207cd4627f56151707418bfc835b2fb"},"headline":"Vaquinha da Arena, declara\u00e7\u00e3o de Neto e mudan\u00e7a no planejamento 2025: as \u00faltimas not\u00edcias do Corinthians","datePublished":"2024-12-07T09:15:00+00:00","mainEntityOfPage":{"@id":"https:\/\/www.gaveanews.com\/index.php\/2024\/12\/07\/vaquinha-da-arena-declaracao-de-neto-e-mudanca-no-planejamento-2025-as-ultimas-noticias-do-corinthians\/"},"wordCount":754,"commentCount":0,"image":{"@id":"https:\/\/www.gaveanews.com\/index.php\/2024\/12\/07\/vaquinha-da-arena-declaracao-de-neto-e-mudanca-no-planejamento-2025-as-ultimas-noticias-do-corinthians\/#primaryimage"},"thumbnailUrl":"https:\/\/www.gaveanews.com\/wp-content\/uploads\/Escudo-do-Corinthians.webp","articleSection":["Corinthians"],"inLanguage":"pt-BR","potentialAction":[{"@type":"CommentAction","name":"Comment","target":["https:\/\/www.gaveanews.com\/index.php\/2024\/12\/07\/vaquinha-da-arena-declaracao-de-neto-e-mudanca-no-planejamento-2025-as-ultimas-noticias-do-corinthians\/#respond"]}],"copyrightYear":"2024","copyrightHolder":{"@id":"https:\/\/www.gaveanews.com\/#organization"}},{"@type":"WebPage","@id":"https:\/\/www.gaveanews.com\/index.php\/2024\/12\/07\/vaquinha-da-arena-declaracao-de-neto-e-mudanca-no-planejamento-2025-as-ultimas-noticias-do-corinthians\/","url":"https:\/\/www.gaveanews.com\/index.php\/2024\/12\/07\/vaquinha-da-arena-declaracao-de-neto-e-mudanca-no-planejamento-2025-as-ultimas-noticias-do-corinthians\/","name":"Vaquinha da Arena, declara\u00e7\u00e3o de Neto e mudan\u00e7a no planejamento 2025: as \u00faltimas not\u00edcias do Corinthians","isPartOf":{"@id":"https:\/\/www.gaveanews.com\/#website"},"primaryImageOfPage":{"@id":"https:\/\/www.gaveanews.com\/index.php\/2024\/12\/07\/vaquinha-da-arena-declaracao-de-neto-e-mudanca-no-planejamento-2025-as-ultimas-noticias-do-corinthians\/#primaryimage"},"image":{"@id":"https:\/\/www.gaveanews.com\/index.php\/2024\/12\/07\/vaquinha-da-arena-declaracao-de-neto-e-mudanca-no-planejamento-2025-as-ultimas-noticias-do-corinthians\/#primaryimage"},"thumbnailUrl":"https:\/\/www.gaveanews.com\/wp-content\/uploads\/Escudo-do-Corinthians.webp","datePublished":"2024-12-07T09:15:00+00:00","author":{"@id":"https:\/\/www.gaveanews.com\/#\/schema\/person\/8207cd4627f56151707418bfc835b2fb"},"breadcrumb":{"@id":"https:\/\/www.gaveanews.com\/index.php\/2024\/12\/07\/vaquinha-da-arena-declaracao-de-neto-e-mudanca-no-planejamento-2025-as-ultimas-noticias-do-corinthians\/#breadcrumb"},"inLanguage":"pt-BR","potentialAction":[{"@type":"ReadAction","target":["https:\/\/www.gaveanews.com\/index.php\/2024\/12\/07\/vaquinha-da-arena-declaracao-de-neto-e-mudanca-no-planejamento-2025-as-ultimas-noticias-do-corinthians\/"]}]},{"@type":"ImageObject","inLanguage":"pt-BR","@id":"https:\/\/www.gaveanews.com\/index.php\/2024\/12\/07\/vaquinha-da-arena-declaracao-de-neto-e-mudanca-no-planejamento-2025-as-ultimas-noticias-do-corinthians\/#primaryimage","url":"https:\/\/www.gaveanews.com\/wp-content\/uploads\/Escudo-do-Corinthians.webp","contentUrl":"https:\/\/www.gaveanews.com\/wp-content\/uploads\/Escudo-do-Corinthians.webp","width":1000,"height":667,"caption":"Escudo do Corinthians (Foto Reprodu\u00e7\u00e3o\/Instagram)"},{"@type":"BreadcrumbList","@id":"https:\/\/www.gaveanews.com\/index.php\/2024\/12\/07\/vaquinha-da-arena-declaracao-de-neto-e-mudanca-no-planejamento-2025-as-ultimas-noticias-do-corinthians\/#breadcrumb","itemListElement":[{"@type":"ListItem","position":1,"name":"Home","item":"https:\/\/www.gaveanews.com\/"},{"@type":"ListItem","position":2,"name":"Vaquinha da Arena, declara\u00e7\u00e3o de Neto e mudan\u00e7a no planejamento 2025: as \u00faltimas not\u00edcias do Corinthians"}]},{"@type":"WebSite","@id":"https:\/\/www.gaveanews.com\/#website","url":"https:\/\/www.gaveanews.com\/","name":"G\u00e1vea News","description":"Veja todas as not\u00edcias sobre o Flamengo: Contrata\u00e7\u00f5es, categorias de base, resultados das partidas, tabela de classifica\u00e7\u00e3o, pr\u00f3ximos jogos!","potentialAction":[{"@type":"SearchAction","target":{"@type":"EntryPoint","urlTemplate":"https:\/\/www.gaveanews.com\/?s={search_term_string}"},"query-input":{"@type":"PropertyValueSpecification","valueRequired":true,"valueName":"search_term_string"}}],"inLanguage":"pt-BR"},{"@type":"Person","@id":"https:\/\/www.gaveanews.com\/#\/schema\/person\/8207cd4627f56151707418bfc835b2fb","name":"Matheus Felipe","image":{"@type":"ImageObject","inLanguage":"pt-BR","@id":"https:\/\/www.gaveanews.com\/#\/schema\/person\/image\/","url":"https:\/\/secure.gravatar.com\/avatar\/a452ffbed9130f726358b298bb3a99ce4bd3c5338411f8440e87e14d74c7c087?s=96&d=mm&r=g","contentUrl":"https:\/\/secure.gravatar.com\/avatar\/a452ffbed9130f726358b298bb3a99ce4bd3c5338411f8440e87e14d74c7c087?s=96&d=mm&r=g","caption":"Matheus Felipe"}}]}},"_links":{"self":[{"href":"https:\/\/www.gaveanews.com\/index.php\/wp-json\/wp\/v2\/posts\/196054","targetHints":{"allow":["GET"]}}],"collection":[{"href":"https:\/\/www.gaveanews.com\/index.php\/wp-json\/wp\/v2\/posts"}],"about":[{"href":"https:\/\/www.gaveanews.com\/index.php\/wp-json\/wp\/v2\/types\/post"}],"author":[{"embeddable":true,"href":"https:\/\/www.gaveanews.com\/index.php\/wp-json\/wp\/v2\/users\/27"}],"replies":[{"embeddable":true,"href":"https:\/\/www.gaveanews.com\/index.php\/wp-json\/wp\/v2\/comments?post=196054"}],"version-history":[{"count":1,"href":"https:\/\/www.gaveanews.com\/index.php\/wp-json\/wp\/v2\/posts\/196054\/revisions"}],"predecessor-version":[{"id":196057,"href":"https:\/\/www.gaveanews.com\/index.php\/wp-json\/wp\/v2\/posts\/196054\/revisions\/196057"}],"wp:featuredmedia":[{"embeddable":true,"href":"https:\/\/www.gaveanews.com\/index.php\/wp-json\/wp\/v2\/media\/146951"}],"wp:attachment":[{"href":"https:\/\/www.gaveanews.com\/index.php\/wp-json\/wp\/v2\/media?parent=196054"}],"wp:term":[{"taxonomy":"category","embeddable":true,"href":"https:\/\/www.gaveanews.com\/index.php\/wp-json\/wp\/v2\/categories?post=196054"},{"taxonomy":"post_tag","embeddable":true,"href":"https:\/\/www.gaveanews.com\/index.php\/wp-json\/wp\/v2\/tags?post=196054"}],"curies":[{"name":"wp","href":"https:\/\/api.w.org\/{rel}","templated":true}]}}