{"id":196100,"date":"2024-12-07T18:10:00","date_gmt":"2024-12-07T21:10:00","guid":{"rendered":"https:\/\/www.gaveanews.com\/?p=196100"},"modified":"2024-12-07T16:35:52","modified_gmt":"2024-12-07T19:35:52","slug":"a-declaracao-de-augusto-melo-sobre-a-saida-de-yuri-alberto-do-corinthians","status":"publish","type":"post","link":"https:\/\/www.gaveanews.com\/index.php\/2024\/12\/07\/a-declaracao-de-augusto-melo-sobre-a-saida-de-yuri-alberto-do-corinthians\/","title":{"rendered":"A declara\u00e7\u00e3o de Augusto Melo sobre a sa\u00edda de Yuri Alberto do Corinthians"},"content":{"rendered":"\n<h2 class=\"wp-block-heading\" id=\"h-augusto-melo-reforca-permanencia-de-yuri-alberto-no-corinthians\">Augusto Melo refor\u00e7a perman\u00eancia de Yuri Alberto no Corinthians<\/h2>\n\n\n\n<p>O presidente do Corinthians, Augusto Melo, reafirmou que Yuri Alberto n\u00e3o ser\u00e1 negociado na pr\u00f3xima janela de transfer\u00eancias. Em entrevista ao canal <em>Zona Mista do Hernan<\/em>, no UOL Esporte, Melo destacou a import\u00e2ncia do atacante para o clube e confirmou o interesse de equipes do exterior, mas afirmou confiar na perman\u00eancia do jogador.<\/p>\n\n\n\n<ul class=\"wp-block-list\">\n<li><a href=\"https:\/\/www.gaveanews.com\/index.php\/2024\/12\/04\/melhor-goleiro-processo-de-impeachment-e-declaracao-de-carrillo-as-ultimas-noticias-do-corinthians\/\">Melhor goleiro, processo de impeachment e declara\u00e7\u00e3o de Carrillo: as \u00faltimas not\u00edcias do Corinthians<\/a><\/li>\n\n\n\n<li><a href=\"https:\/\/www.gaveanews.com\/index.php\/2024\/12\/06\/corinthians-meio-campista-renova-ate-2026\/\">Corinthians: meio-campista renova at\u00e9 2026<\/a><\/li>\n<\/ul>\n\n\n\n<p>\u201cEle vai ficar. Ele tem o sonho dele de jogar na Europa, mas \u00e9 muito novo ainda, tem tempo pela frente, tem muita coisa para cumprir no Corinthians. Tem que nos dar t\u00edtulos para sair ainda melhor daqui\u201d, declarou o presidente.<\/p>\n\n\n\n<p>Melo ressaltou que o clube sempre confiou em Yuri Alberto, mesmo durante os momentos mais dif\u00edceis. \u201cSab\u00edamos que mais cedo ou mais tarde isso iria acontecer, e \u00e9 o que est\u00e1 acontecendo. Sempre confiamos muito nele, demos estrutura para ele aqui e sempre o deixamos tranquilo para fazer o trabalho dele\u201d, completou.<\/p>\n\n\n\n<p>O presidente tamb\u00e9m destacou que o contrato de Yuri Alberto e a alta multa rescis\u00f3ria s\u00e3o fatores que refor\u00e7am sua perman\u00eancia. \u201cClaro que existe o desejo dele e a multa, que \u00e9 alta. Ele tem contrato e esperamos que ele cumpra. Se depender de mim, n\u00e3o sai. Contamos muito com ele para a pr\u00f3xima temporada.\u201d<\/p>\n\n\n\n<p>Atualmente, Yuri Alberto vive uma excelente fase e \u00e9 o artilheiro do Brasileir\u00e3o. Melo afirmou que essa recupera\u00e7\u00e3o no desempenho \u00e9 fruto da dedica\u00e7\u00e3o do atleta e do suporte dado pelo clube para superar as dificuldades. \u201cNingu\u00e9m esquece de jogar futebol, ainda mais o Yuri. Ele passou por uma fase complicada, como acontece com qualquer profissional, mas \u00e9 quest\u00e3o de supera\u00e7\u00e3o e dedica\u00e7\u00e3o.\u201d<\/p>\n\n\n\n<p>A entrevista completa com Augusto Melo ser\u00e1 exibida na pr\u00f3xima segunda-feira (9), no canal do UOL Esporte no YouTube. O Corinthians planeja contar com Yuri Alberto como uma pe\u00e7a fundamental para as competi\u00e7\u00f5es de 2025.<\/p>\n","protected":false},"excerpt":{"rendered":"<p>Augusto Melo refor\u00e7a perman\u00eancia de Yuri Alberto no Corinthians O presidente do Corinthians, Augusto Melo, reafirmou que Yuri Alberto n\u00e3o ser\u00e1 negociado na pr\u00f3xima janela de transfer\u00eancias. Em entrevista ao canal Zona Mista do Hernan, no UOL Esporte, Melo destacou a import\u00e2ncia do atacante para o clube e confirmou o interesse de equipes do exterior, [&hellip;]<\/p>\n","protected":false},"author":20,"featured_media":171334,"comment_status":"open","ping_status":"closed","sticky":false,"template":"","format":"standard","meta":{"footnotes":""},"categories":[141],"tags":[],"class_list":["post-196100","post","type-post","status-publish","format-standard","has-post-thumbnail","hentry","category-corinthians"],"yoast_head":"<!-- This site is optimized with the Yoast SEO Premium plugin v24.2 (Yoast SEO v26.9) - https:\/\/yoast.com\/product\/yoast-seo-premium-wordpress\/ -->\n<title>A declara\u00e7\u00e3o de Augusto Melo sobre a sa\u00edda de Yuri Alberto do Corinthians<\/title>\n<meta name=\"robots\" content=\"index, follow, max-snippet:-1, max-image-preview:large, max-video-preview:-1\" \/>\n<link rel=\"canonical\" href=\"https:\/\/www.gaveanews.com\/index.php\/2024\/12\/07\/a-declaracao-de-augusto-melo-sobre-a-saida-de-yuri-alberto-do-corinthians\/\" \/>\n<meta property=\"og:locale\" content=\"pt_BR\" \/>\n<meta property=\"og:type\" content=\"article\" \/>\n<meta property=\"og:title\" content=\"A declara\u00e7\u00e3o de Augusto Melo sobre a sa\u00edda de Yuri Alberto do Corinthians\" \/>\n<meta property=\"og:description\" content=\"Augusto Melo refor\u00e7a perman\u00eancia de Yuri Alberto no Corinthians O presidente do Corinthians, Augusto Melo, reafirmou que Yuri Alberto n\u00e3o ser\u00e1 negociado na pr\u00f3xima janela de transfer\u00eancias. Em entrevista ao canal Zona Mista do Hernan, no UOL Esporte, Melo destacou a import\u00e2ncia do atacante para o clube e confirmou o interesse de equipes do exterior, [&hellip;]\" \/>\n<meta property=\"og:url\" content=\"https:\/\/www.gaveanews.com\/index.php\/2024\/12\/07\/a-declaracao-de-augusto-melo-sobre-a-saida-de-yuri-alberto-do-corinthians\/\" \/>\n<meta property=\"og:site_name\" content=\"G\u00e1vea News\" \/>\n<meta property=\"article:publisher\" content=\"https:\/\/facebook.com\/gaveaNews\/\" \/>\n<meta property=\"article:published_time\" content=\"2024-12-07T21:10:00+00:00\" \/>\n<meta property=\"og:image\" content=\"https:\/\/www.gaveanews.com\/wp-content\/uploads\/Yuri-Alberto-em-acao-pelo-Corinthians.webp\" \/>\n\t<meta property=\"og:image:width\" content=\"941\" \/>\n\t<meta property=\"og:image:height\" content=\"604\" \/>\n\t<meta property=\"og:image:type\" content=\"image\/jpeg\" \/>\n<meta name=\"author\" content=\"Lucas Barros\" \/>\n<meta name=\"twitter:card\" content=\"summary_large_image\" \/>\n<meta name=\"twitter:label1\" content=\"Escrito por\" \/>\n\t<meta name=\"twitter:data1\" content=\"Lucas Barros\" \/>\n\t<meta name=\"twitter:label2\" content=\"Est. tempo de leitura\" \/>\n\t<meta name=\"twitter:data2\" content=\"3 minutos\" \/>\n<script type=\"application\/ld+json\" class=\"yoast-schema-graph\">{\"@context\":\"https:\/\/schema.org\",\"@graph\":[{\"@type\":\"NewsArticle\",\"@id\":\"https:\/\/www.gaveanews.com\/index.php\/2024\/12\/07\/a-declaracao-de-augusto-melo-sobre-a-saida-de-yuri-alberto-do-corinthians\/#article\",\"isPartOf\":{\"@id\":\"https:\/\/www.gaveanews.com\/index.php\/2024\/12\/07\/a-declaracao-de-augusto-melo-sobre-a-saida-de-yuri-alberto-do-corinthians\/\"},\"author\":{\"name\":\"Lucas Barros\",\"@id\":\"https:\/\/www.gaveanews.com\/#\/schema\/person\/2abf0cfa878f5f899daa5f781e82264c\"},\"headline\":\"A declara\u00e7\u00e3o de Augusto Melo sobre a sa\u00edda de Yuri Alberto do Corinthians\",\"datePublished\":\"2024-12-07T21:10:00+00:00\",\"mainEntityOfPage\":{\"@id\":\"https:\/\/www.gaveanews.com\/index.php\/2024\/12\/07\/a-declaracao-de-augusto-melo-sobre-a-saida-de-yuri-alberto-do-corinthians\/\"},\"wordCount\":362,\"commentCount\":0,\"image\":{\"@id\":\"https:\/\/www.gaveanews.com\/index.php\/2024\/12\/07\/a-declaracao-de-augusto-melo-sobre-a-saida-de-yuri-alberto-do-corinthians\/#primaryimage\"},\"thumbnailUrl\":\"https:\/\/www.gaveanews.com\/wp-content\/uploads\/Yuri-Alberto-em-acao-pelo-Corinthians.webp\",\"articleSection\":[\"Corinthians\"],\"inLanguage\":\"pt-BR\",\"potentialAction\":[{\"@type\":\"CommentAction\",\"name\":\"Comment\",\"target\":[\"https:\/\/www.gaveanews.com\/index.php\/2024\/12\/07\/a-declaracao-de-augusto-melo-sobre-a-saida-de-yuri-alberto-do-corinthians\/#respond\"]}],\"copyrightYear\":\"2024\",\"copyrightHolder\":{\"@id\":\"https:\/\/www.gaveanews.com\/#organization\"}},{\"@type\":\"WebPage\",\"@id\":\"https:\/\/www.gaveanews.com\/index.php\/2024\/12\/07\/a-declaracao-de-augusto-melo-sobre-a-saida-de-yuri-alberto-do-corinthians\/\",\"url\":\"https:\/\/www.gaveanews.com\/index.php\/2024\/12\/07\/a-declaracao-de-augusto-melo-sobre-a-saida-de-yuri-alberto-do-corinthians\/\",\"name\":\"A declara\u00e7\u00e3o de Augusto Melo sobre a sa\u00edda de Yuri Alberto do Corinthians\",\"isPartOf\":{\"@id\":\"https:\/\/www.gaveanews.com\/#website\"},\"primaryImageOfPage\":{\"@id\":\"https:\/\/www.gaveanews.com\/index.php\/2024\/12\/07\/a-declaracao-de-augusto-melo-sobre-a-saida-de-yuri-alberto-do-corinthians\/#primaryimage\"},\"image\":{\"@id\":\"https:\/\/www.gaveanews.com\/index.php\/2024\/12\/07\/a-declaracao-de-augusto-melo-sobre-a-saida-de-yuri-alberto-do-corinthians\/#primaryimage\"},\"thumbnailUrl\":\"https:\/\/www.gaveanews.com\/wp-content\/uploads\/Yuri-Alberto-em-acao-pelo-Corinthians.webp\",\"datePublished\":\"2024-12-07T21:10:00+00:00\",\"author\":{\"@id\":\"https:\/\/www.gaveanews.com\/#\/schema\/person\/2abf0cfa878f5f899daa5f781e82264c\"},\"breadcrumb\":{\"@id\":\"https:\/\/www.gaveanews.com\/index.php\/2024\/12\/07\/a-declaracao-de-augusto-melo-sobre-a-saida-de-yuri-alberto-do-corinthians\/#breadcrumb\"},\"inLanguage\":\"pt-BR\",\"potentialAction\":[{\"@type\":\"ReadAction\",\"target\":[\"https:\/\/www.gaveanews.com\/index.php\/2024\/12\/07\/a-declaracao-de-augusto-melo-sobre-a-saida-de-yuri-alberto-do-corinthians\/\"]}]},{\"@type\":\"ImageObject\",\"inLanguage\":\"pt-BR\",\"@id\":\"https:\/\/www.gaveanews.com\/index.php\/2024\/12\/07\/a-declaracao-de-augusto-melo-sobre-a-saida-de-yuri-alberto-do-corinthians\/#primaryimage\",\"url\":\"https:\/\/www.gaveanews.com\/wp-content\/uploads\/Yuri-Alberto-em-acao-pelo-Corinthians.webp\",\"contentUrl\":\"https:\/\/www.gaveanews.com\/wp-content\/uploads\/Yuri-Alberto-em-acao-pelo-Corinthians.webp\",\"width\":941,\"height\":604,\"caption\":\"Yuri Alberto em a\u00e7\u00e3o pelo Corinthians (Foto: Rodrigo Coca\/Ag\u00eancia Corinthians)\"},{\"@type\":\"BreadcrumbList\",\"@id\":\"https:\/\/www.gaveanews.com\/index.php\/2024\/12\/07\/a-declaracao-de-augusto-melo-sobre-a-saida-de-yuri-alberto-do-corinthians\/#breadcrumb\",\"itemListElement\":[{\"@type\":\"ListItem\",\"position\":1,\"name\":\"Home\",\"item\":\"https:\/\/www.gaveanews.com\/\"},{\"@type\":\"ListItem\",\"position\":2,\"name\":\"A declara\u00e7\u00e3o de Augusto Melo sobre a sa\u00edda de Yuri Alberto do Corinthians\"}]},{\"@type\":\"WebSite\",\"@id\":\"https:\/\/www.gaveanews.com\/#website\",\"url\":\"https:\/\/www.gaveanews.com\/\",\"name\":\"G\u00e1vea News\",\"description\":\"Veja todas as not\u00edcias sobre o Flamengo: Contrata\u00e7\u00f5es, categorias de base, resultados das partidas, tabela de classifica\u00e7\u00e3o, pr\u00f3ximos jogos!\",\"potentialAction\":[{\"@type\":\"SearchAction\",\"target\":{\"@type\":\"EntryPoint\",\"urlTemplate\":\"https:\/\/www.gaveanews.com\/?s={search_term_string}\"},\"query-input\":{\"@type\":\"PropertyValueSpecification\",\"valueRequired\":true,\"valueName\":\"search_term_string\"}}],\"inLanguage\":\"pt-BR\"},{\"@type\":\"Person\",\"@id\":\"https:\/\/www.gaveanews.com\/#\/schema\/person\/2abf0cfa878f5f899daa5f781e82264c\",\"name\":\"Lucas Barros\",\"image\":{\"@type\":\"ImageObject\",\"inLanguage\":\"pt-BR\",\"@id\":\"https:\/\/www.gaveanews.com\/#\/schema\/person\/image\/\",\"url\":\"https:\/\/secure.gravatar.com\/avatar\/67a6069eba66bf6fd7c80b70e1331baa3dbc3d6df5012d5c22eff29c7d59e0b0?s=96&d=mm&r=g\",\"contentUrl\":\"https:\/\/secure.gravatar.com\/avatar\/67a6069eba66bf6fd7c80b70e1331baa3dbc3d6df5012d5c22eff29c7d59e0b0?s=96&d=mm&r=g\",\"caption\":\"Lucas Barros\"}}]}<\/script>\n<!-- \/ Yoast SEO Premium plugin. -->","yoast_head_json":{"title":"A declara\u00e7\u00e3o de Augusto Melo sobre a sa\u00edda de Yuri Alberto do Corinthians","robots":{"index":"index","follow":"follow","max-snippet":"max-snippet:-1","max-image-preview":"max-image-preview:large","max-video-preview":"max-video-preview:-1"},"canonical":"https:\/\/www.gaveanews.com\/index.php\/2024\/12\/07\/a-declaracao-de-augusto-melo-sobre-a-saida-de-yuri-alberto-do-corinthians\/","og_locale":"pt_BR","og_type":"article","og_title":"A declara\u00e7\u00e3o de Augusto Melo sobre a sa\u00edda de Yuri Alberto do Corinthians","og_description":"Augusto Melo refor\u00e7a perman\u00eancia de Yuri Alberto no Corinthians O presidente do Corinthians, Augusto Melo, reafirmou que Yuri Alberto n\u00e3o ser\u00e1 negociado na pr\u00f3xima janela de transfer\u00eancias. Em entrevista ao canal Zona Mista do Hernan, no UOL Esporte, Melo destacou a import\u00e2ncia do atacante para o clube e confirmou o interesse de equipes do exterior, [&hellip;]","og_url":"https:\/\/www.gaveanews.com\/index.php\/2024\/12\/07\/a-declaracao-de-augusto-melo-sobre-a-saida-de-yuri-alberto-do-corinthians\/","og_site_name":"G\u00e1vea News","article_publisher":"https:\/\/facebook.com\/gaveaNews\/","article_published_time":"2024-12-07T21:10:00+00:00","og_image":[{"width":941,"height":604,"url":"https:\/\/www.gaveanews.com\/wp-content\/uploads\/Yuri-Alberto-em-acao-pelo-Corinthians.webp","type":"image\/jpeg"}],"author":"Lucas Barros","twitter_card":"summary_large_image","twitter_misc":{"Escrito por":"Lucas Barros","Est. tempo de leitura":"3 minutos"},"schema":{"@context":"https:\/\/schema.org","@graph":[{"@type":"NewsArticle","@id":"https:\/\/www.gaveanews.com\/index.php\/2024\/12\/07\/a-declaracao-de-augusto-melo-sobre-a-saida-de-yuri-alberto-do-corinthians\/#article","isPartOf":{"@id":"https:\/\/www.gaveanews.com\/index.php\/2024\/12\/07\/a-declaracao-de-augusto-melo-sobre-a-saida-de-yuri-alberto-do-corinthians\/"},"author":{"name":"Lucas Barros","@id":"https:\/\/www.gaveanews.com\/#\/schema\/person\/2abf0cfa878f5f899daa5f781e82264c"},"headline":"A declara\u00e7\u00e3o de Augusto Melo sobre a sa\u00edda de Yuri Alberto do Corinthians","datePublished":"2024-12-07T21:10:00+00:00","mainEntityOfPage":{"@id":"https:\/\/www.gaveanews.com\/index.php\/2024\/12\/07\/a-declaracao-de-augusto-melo-sobre-a-saida-de-yuri-alberto-do-corinthians\/"},"wordCount":362,"commentCount":0,"image":{"@id":"https:\/\/www.gaveanews.com\/index.php\/2024\/12\/07\/a-declaracao-de-augusto-melo-sobre-a-saida-de-yuri-alberto-do-corinthians\/#primaryimage"},"thumbnailUrl":"https:\/\/www.gaveanews.com\/wp-content\/uploads\/Yuri-Alberto-em-acao-pelo-Corinthians.webp","articleSection":["Corinthians"],"inLanguage":"pt-BR","potentialAction":[{"@type":"CommentAction","name":"Comment","target":["https:\/\/www.gaveanews.com\/index.php\/2024\/12\/07\/a-declaracao-de-augusto-melo-sobre-a-saida-de-yuri-alberto-do-corinthians\/#respond"]}],"copyrightYear":"2024","copyrightHolder":{"@id":"https:\/\/www.gaveanews.com\/#organization"}},{"@type":"WebPage","@id":"https:\/\/www.gaveanews.com\/index.php\/2024\/12\/07\/a-declaracao-de-augusto-melo-sobre-a-saida-de-yuri-alberto-do-corinthians\/","url":"https:\/\/www.gaveanews.com\/index.php\/2024\/12\/07\/a-declaracao-de-augusto-melo-sobre-a-saida-de-yuri-alberto-do-corinthians\/","name":"A declara\u00e7\u00e3o de Augusto Melo sobre a sa\u00edda de Yuri Alberto do Corinthians","isPartOf":{"@id":"https:\/\/www.gaveanews.com\/#website"},"primaryImageOfPage":{"@id":"https:\/\/www.gaveanews.com\/index.php\/2024\/12\/07\/a-declaracao-de-augusto-melo-sobre-a-saida-de-yuri-alberto-do-corinthians\/#primaryimage"},"image":{"@id":"https:\/\/www.gaveanews.com\/index.php\/2024\/12\/07\/a-declaracao-de-augusto-melo-sobre-a-saida-de-yuri-alberto-do-corinthians\/#primaryimage"},"thumbnailUrl":"https:\/\/www.gaveanews.com\/wp-content\/uploads\/Yuri-Alberto-em-acao-pelo-Corinthians.webp","datePublished":"2024-12-07T21:10:00+00:00","author":{"@id":"https:\/\/www.gaveanews.com\/#\/schema\/person\/2abf0cfa878f5f899daa5f781e82264c"},"breadcrumb":{"@id":"https:\/\/www.gaveanews.com\/index.php\/2024\/12\/07\/a-declaracao-de-augusto-melo-sobre-a-saida-de-yuri-alberto-do-corinthians\/#breadcrumb"},"inLanguage":"pt-BR","potentialAction":[{"@type":"ReadAction","target":["https:\/\/www.gaveanews.com\/index.php\/2024\/12\/07\/a-declaracao-de-augusto-melo-sobre-a-saida-de-yuri-alberto-do-corinthians\/"]}]},{"@type":"ImageObject","inLanguage":"pt-BR","@id":"https:\/\/www.gaveanews.com\/index.php\/2024\/12\/07\/a-declaracao-de-augusto-melo-sobre-a-saida-de-yuri-alberto-do-corinthians\/#primaryimage","url":"https:\/\/www.gaveanews.com\/wp-content\/uploads\/Yuri-Alberto-em-acao-pelo-Corinthians.webp","contentUrl":"https:\/\/www.gaveanews.com\/wp-content\/uploads\/Yuri-Alberto-em-acao-pelo-Corinthians.webp","width":941,"height":604,"caption":"Yuri Alberto em a\u00e7\u00e3o pelo Corinthians (Foto: Rodrigo Coca\/Ag\u00eancia Corinthians)"},{"@type":"BreadcrumbList","@id":"https:\/\/www.gaveanews.com\/index.php\/2024\/12\/07\/a-declaracao-de-augusto-melo-sobre-a-saida-de-yuri-alberto-do-corinthians\/#breadcrumb","itemListElement":[{"@type":"ListItem","position":1,"name":"Home","item":"https:\/\/www.gaveanews.com\/"},{"@type":"ListItem","position":2,"name":"A declara\u00e7\u00e3o de Augusto Melo sobre a sa\u00edda de Yuri Alberto do Corinthians"}]},{"@type":"WebSite","@id":"https:\/\/www.gaveanews.com\/#website","url":"https:\/\/www.gaveanews.com\/","name":"G\u00e1vea News","description":"Veja todas as not\u00edcias sobre o Flamengo: Contrata\u00e7\u00f5es, categorias de base, resultados das partidas, tabela de classifica\u00e7\u00e3o, pr\u00f3ximos jogos!","potentialAction":[{"@type":"SearchAction","target":{"@type":"EntryPoint","urlTemplate":"https:\/\/www.gaveanews.com\/?s={search_term_string}"},"query-input":{"@type":"PropertyValueSpecification","valueRequired":true,"valueName":"search_term_string"}}],"inLanguage":"pt-BR"},{"@type":"Person","@id":"https:\/\/www.gaveanews.com\/#\/schema\/person\/2abf0cfa878f5f899daa5f781e82264c","name":"Lucas Barros","image":{"@type":"ImageObject","inLanguage":"pt-BR","@id":"https:\/\/www.gaveanews.com\/#\/schema\/person\/image\/","url":"https:\/\/secure.gravatar.com\/avatar\/67a6069eba66bf6fd7c80b70e1331baa3dbc3d6df5012d5c22eff29c7d59e0b0?s=96&d=mm&r=g","contentUrl":"https:\/\/secure.gravatar.com\/avatar\/67a6069eba66bf6fd7c80b70e1331baa3dbc3d6df5012d5c22eff29c7d59e0b0?s=96&d=mm&r=g","caption":"Lucas Barros"}}]}},"_links":{"self":[{"href":"https:\/\/www.gaveanews.com\/index.php\/wp-json\/wp\/v2\/posts\/196100","targetHints":{"allow":["GET"]}}],"collection":[{"href":"https:\/\/www.gaveanews.com\/index.php\/wp-json\/wp\/v2\/posts"}],"about":[{"href":"https:\/\/www.gaveanews.com\/index.php\/wp-json\/wp\/v2\/types\/post"}],"author":[{"embeddable":true,"href":"https:\/\/www.gaveanews.com\/index.php\/wp-json\/wp\/v2\/users\/20"}],"replies":[{"embeddable":true,"href":"https:\/\/www.gaveanews.com\/index.php\/wp-json\/wp\/v2\/comments?post=196100"}],"version-history":[{"count":2,"href":"https:\/\/www.gaveanews.com\/index.php\/wp-json\/wp\/v2\/posts\/196100\/revisions"}],"predecessor-version":[{"id":196105,"href":"https:\/\/www.gaveanews.com\/index.php\/wp-json\/wp\/v2\/posts\/196100\/revisions\/196105"}],"wp:featuredmedia":[{"embeddable":true,"href":"https:\/\/www.gaveanews.com\/index.php\/wp-json\/wp\/v2\/media\/171334"}],"wp:attachment":[{"href":"https:\/\/www.gaveanews.com\/index.php\/wp-json\/wp\/v2\/media?parent=196100"}],"wp:term":[{"taxonomy":"category","embeddable":true,"href":"https:\/\/www.gaveanews.com\/index.php\/wp-json\/wp\/v2\/categories?post=196100"},{"taxonomy":"post_tag","embeddable":true,"href":"https:\/\/www.gaveanews.com\/index.php\/wp-json\/wp\/v2\/tags?post=196100"}],"curies":[{"name":"wp","href":"https:\/\/api.w.org\/{rel}","templated":true}]}}