{"id":196104,"date":"2024-12-07T06:50:00","date_gmt":"2024-12-07T09:50:00","guid":{"rendered":"https:\/\/www.gaveanews.com\/?p=196104"},"modified":"2024-12-07T03:42:23","modified_gmt":"2024-12-07T06:42:23","slug":"caminho-para-classificacao-declaracao-de-rogerio-ceni-e-recado-de-fagner-as-ultimas-noticias-do-bahia","status":"publish","type":"post","link":"https:\/\/www.gaveanews.com\/index.php\/2024\/12\/07\/caminho-para-classificacao-declaracao-de-rogerio-ceni-e-recado-de-fagner-as-ultimas-noticias-do-bahia\/","title":{"rendered":"Caminho para classifica\u00e7\u00e3o, declara\u00e7\u00e3o de Rog\u00e9rio Ceni e recado de Fagner: as \u00faltimas not\u00edcias do Bahia"},"content":{"rendered":"\n<p>Nas \u00faltimas horas, o foco das not\u00edcias sobre o Bahia se concentram nos bastidores do clube, com destaques como o caminho para classifica\u00e7\u00e3o e a declara\u00e7\u00e3o de Rog\u00e9rio Ceni.<\/p>\n\n\n\n<p>Por conta deste contexto, leia abaixo um resumo preparado pela equipe do portal G\u00e1vea News para lhe manter muito bem informado!<\/p>\n\n\n\n<h2 class=\"wp-block-heading\" id=\"h-recado-de-fagner\">Recado de Fagner<\/h2>\n\n\n\n<p>Na vit\u00f3ria por 3 a 0 sobre o Bahia, o Corinthians garantiu sua vaga na Libertadores de 2025, em uma partida marcada pelo esp\u00edrito de revanche e lideran\u00e7a do lateral-direito Fagner. Antes do confronto, Fagner usou a goleada sofrida contra o mesmo advers\u00e1rio em 2023 como motiva\u00e7\u00e3o, destacando o compromisso e o car\u00e1ter da equipe. A vit\u00f3ria, liderada por gols de Yuri Alberto e Memphis Depay, simbolizou o fortalecimento do time rumo a novos objetivos <strong><a href=\"https:\/\/www.gaveanews.com\/index.php\/2024\/12\/05\/bastidores-a-declaracao-de-fagner-sobre-corinthians-x-bahia\/\">(leia a mat\u00e9ria completa).<\/a><\/strong><\/p>\n\n\n\n<figure class=\"wp-block-image size-full\"><img loading=\"lazy\" decoding=\"async\" width=\"594\" height=\"525\" src=\"https:\/\/www.gaveanews.com\/wp-content\/uploads\/Fagner-em-acao-pelo-Corinthians.webp\" alt=\"\" class=\"wp-image-165816\" srcset=\"https:\/\/www.gaveanews.com\/wp-content\/uploads\/Fagner-em-acao-pelo-Corinthians.webp 594w, https:\/\/www.gaveanews.com\/wp-content\/uploads\/Fagner-em-acao-pelo-Corinthians-300x265.webp 300w, https:\/\/www.gaveanews.com\/wp-content\/uploads\/Fagner-em-acao-pelo-Corinthians-475x420.webp 475w, https:\/\/www.gaveanews.com\/wp-content\/uploads\/Fagner-em-acao-pelo-Corinthians-100x88.webp 100w\" sizes=\"auto, (max-width: 594px) 100vw, 594px\" \/><figcaption class=\"wp-element-caption\">Fagner em a\u00e7\u00e3o pelo Corinthians (Foto: Rodrigo Coca\/Ag\u00eancia Corinthians)<\/figcaption><\/figure>\n\n\n\n<p>O t\u00e9cnico Ram\u00f3n D\u00edaz destacou no vesti\u00e1rio a import\u00e2ncia de mirar mais alto em 2025, incluindo a conquista de t\u00edtulos como a Libertadores. <\/p>\n\n\n\n<p>A classifica\u00e7\u00e3o para a competi\u00e7\u00e3o continental foi celebrada como o principal objetivo do ano, renovando a confian\u00e7a do elenco e da torcida. Com o foco no futuro, a equipe encara o Gr\u00eamio na \u00faltima rodada sem a press\u00e3o da tabela, mas determinada a encerrar a temporada com mais um resultado positivo.<\/p>\n\n\n\n<p>O triunfo refor\u00e7ou a capacidade do Corinthians de superar adversidades e construir um elenco competitivo para o pr\u00f3ximo ano, em busca de grandes conquistas. A motiva\u00e7\u00e3o e a uni\u00e3o demonstradas dentro e fora de campo refletem a ambi\u00e7\u00e3o do clube em manter-se entre os protagonistas do futebol sul-americano.<\/p>\n\n\n\n<h2 class=\"wp-block-heading\" id=\"h-declaracao-de-rogerio-ceni\">Declara\u00e7\u00e3o de Rog\u00e9rio Ceni<\/h2>\n\n\n\n<p>Ap\u00f3s a derrota do Bahia para o Corinthians por 3 a 0, o t\u00e9cnico Rog\u00e9rio Ceni saiu em defesa do goleiro Adriel, que foi criticado por sua atua\u00e7\u00e3o no segundo gol do advers\u00e1rio. Ceni destacou que o goleiro fez o melhor poss\u00edvel e que a derrota n\u00e3o foi causada por um erro individual, mas pela superioridade do time corintiano. Adriel, de 23 anos, est\u00e1 emprestado pelo Gr\u00eamio e pode ser escalado como titular na \u00faltima rodada do Brasileir\u00e3o devido \u00e0 les\u00e3o de Marcos Felipe <strong><a href=\"https:\/\/www.gaveanews.com\/index.php\/2024\/12\/05\/a-declaracao-de-rogerio-ceni-direcionada-a-adriel-goleiro-do-bahia\/\">(leia a mat\u00e9ria completa).<\/a><\/strong><\/p>\n\n\n\n<figure class=\"wp-block-image size-full\"><img loading=\"lazy\" decoding=\"async\" width=\"874\" height=\"463\" src=\"https:\/\/www.gaveanews.com\/wp-content\/uploads\/Rogerio-Ceni-tecnico-do-Bahia-em-entrevista-coletiva-apos-o-classico-contra-o-Vitoria.webp\" alt=\"\" class=\"wp-image-148504\" srcset=\"https:\/\/www.gaveanews.com\/wp-content\/uploads\/Rogerio-Ceni-tecnico-do-Bahia-em-entrevista-coletiva-apos-o-classico-contra-o-Vitoria.webp 874w, https:\/\/www.gaveanews.com\/wp-content\/uploads\/Rogerio-Ceni-tecnico-do-Bahia-em-entrevista-coletiva-apos-o-classico-contra-o-Vitoria-300x160.webp 300w, https:\/\/www.gaveanews.com\/wp-content\/uploads\/Rogerio-Ceni-tecnico-do-Bahia-em-entrevista-coletiva-apos-o-classico-contra-o-Vitoria-768x407.webp 768w, https:\/\/www.gaveanews.com\/wp-content\/uploads\/Rogerio-Ceni-tecnico-do-Bahia-em-entrevista-coletiva-apos-o-classico-contra-o-Vitoria-793x420.webp 793w, https:\/\/www.gaveanews.com\/wp-content\/uploads\/Rogerio-Ceni-tecnico-do-Bahia-em-entrevista-coletiva-apos-o-classico-contra-o-Vitoria-640x339.webp 640w, https:\/\/www.gaveanews.com\/wp-content\/uploads\/Rogerio-Ceni-tecnico-do-Bahia-em-entrevista-coletiva-apos-o-classico-contra-o-Vitoria-681x361.webp 681w, https:\/\/www.gaveanews.com\/wp-content\/uploads\/Rogerio-Ceni-tecnico-do-Bahia-em-entrevista-coletiva-apos-o-classico-contra-o-Vitoria-100x53.webp 100w\" sizes=\"auto, (max-width: 874px) 100vw, 874px\" \/><figcaption class=\"wp-element-caption\">Foto: Let\u00edcia Martins \/ EC Bahia\n<\/figcaption><\/figure>\n\n\n\n<p>Adriel, que disputou 13 partidas pelo Bahia em 2024, enfrenta a press\u00e3o de substituir o goleiro titular em um momento crucial. O Bahia ainda busca uma vaga na Libertadores de 2025 e depende de uma vit\u00f3ria contra o rebaixado Atl\u00e9tico-GO no pr\u00f3ximo domingo (8) para alcan\u00e7ar o objetivo. Atualmente, o clube ocupa a oitava posi\u00e7\u00e3o na tabela com 50 pontos.<\/p>\n\n\n\n<p>Com Danilo Fernandes como outra op\u00e7\u00e3o para o gol, Rog\u00e9rio Ceni ter\u00e1 que decidir a melhor forma\u00e7\u00e3o para garantir o triunfo e encerrar a temporada de forma positiva. A partida na Arena Fonte Nova ser\u00e1 um teste tanto para Adriel quanto para a equipe, que busca se reafirmar diante da torcida.<\/p>\n\n\n\n<h2 class=\"wp-block-heading\" id=\"h-caminho-para-classificacao\">Caminho para classifica\u00e7\u00e3o<\/h2>\n\n\n\n<p>O Bahia chega \u00e0 \u00faltima rodada do Brasileir\u00e3o com chances concretas de garantir vaga na Pr\u00e9-Libertadores de 2025. Atualmente na 8\u00aa posi\u00e7\u00e3o, o Tricolor depende apenas de si para se classificar: uma vit\u00f3ria sobre o Atl\u00e9tico Goianiense, j\u00e1 rebaixado, assegura a participa\u00e7\u00e3o sem depender de outros resultados. Caso o Bahia ven\u00e7a e o Corinthians perca, o time baiano pode at\u00e9 alcan\u00e7ar a 7\u00aa posi\u00e7\u00e3o <strong><a href=\"https:\/\/www.gaveanews.com\/index.php\/2024\/12\/05\/veja-o-que-o-bahia-precisa-para-garantir-vaga-na-libertadores\/\">(leia a mat\u00e9ria completa).<\/a><\/strong><\/p>\n\n\n\n<figure class=\"wp-block-image size-full\"><img loading=\"lazy\" decoding=\"async\" width=\"799\" height=\"533\" src=\"https:\/\/www.gaveanews.com\/wp-content\/uploads\/Taca-Libertadores-da-America.webp\" alt=\"\" class=\"wp-image-90054\" srcset=\"https:\/\/www.gaveanews.com\/wp-content\/uploads\/Taca-Libertadores-da-America.webp 799w, https:\/\/www.gaveanews.com\/wp-content\/uploads\/Taca-Libertadores-da-America-300x200.webp 300w, https:\/\/www.gaveanews.com\/wp-content\/uploads\/Taca-Libertadores-da-America-768x512.webp 768w, https:\/\/www.gaveanews.com\/wp-content\/uploads\/Taca-Libertadores-da-America-630x420.webp 630w, https:\/\/www.gaveanews.com\/wp-content\/uploads\/Taca-Libertadores-da-America-640x427.webp 640w, https:\/\/www.gaveanews.com\/wp-content\/uploads\/Taca-Libertadores-da-America-681x454.webp 681w, https:\/\/www.gaveanews.com\/wp-content\/uploads\/Taca-Libertadores-da-America-100x67.webp 100w\" sizes=\"auto, (max-width: 799px) 100vw, 799px\" \/><figcaption class=\"wp-element-caption\">Ta\u00e7a da Copa Libertadores da Am\u00e9rica (Foto: Gilvan de Souza\/Flamengo)<\/figcaption><\/figure>\n\n\n\n<p>Se o Bahia empatar, precisar\u00e1 torcer para que o Cruzeiro n\u00e3o ven\u00e7a o Juventude. Em caso de derrota, o Bahia depender\u00e1 de trope\u00e7os do Cruzeiro e do Vasco, este \u00faltimo precisando superar uma diferen\u00e7a no saldo de gols para ultrapassar o time baiano. A tranquilidade relativa da situa\u00e7\u00e3o vem do fato de enfrentar um advers\u00e1rio sem maiores aspira\u00e7\u00f5es, al\u00e9m de jogar em casa, na Arena Fonte Nova.<\/p>\n\n\n\n<p>Os jogos decisivos acontecem neste domingo (8), \u00e0s 16h: Bahia contra Atl\u00e9tico Goianiense, Cruzeiro enfrentando o Juventude, e Vasco desafiando o Cuiab\u00e1. Com o cen\u00e1rio favor\u00e1vel, o Bahia tem a oportunidade de consolidar sua vaga na principal competi\u00e7\u00e3o sul-americana para a pr\u00f3xima temporada.<\/p>\n","protected":false},"excerpt":{"rendered":"<p>Nas \u00faltimas horas, o foco das not\u00edcias sobre o Bahia se concentram nos bastidores do clube, com destaques como o caminho para classifica\u00e7\u00e3o e a declara\u00e7\u00e3o de Rog\u00e9rio Ceni. Por conta deste contexto, leia abaixo um resumo preparado pela equipe do portal G\u00e1vea News para lhe manter muito bem informado! Recado de Fagner Na vit\u00f3ria [&hellip;]<\/p>\n","protected":false},"author":27,"featured_media":155116,"comment_status":"open","ping_status":"closed","sticky":false,"template":"","format":"standard","meta":{"footnotes":""},"categories":[137],"tags":[],"class_list":["post-196104","post","type-post","status-publish","format-standard","has-post-thumbnail","hentry","category-bahia"],"yoast_head":"<!-- This site is optimized with the Yoast SEO Premium plugin v24.2 (Yoast SEO v26.9) - https:\/\/yoast.com\/product\/yoast-seo-premium-wordpress\/ -->\n<title>Caminho para classifica\u00e7\u00e3o, declara\u00e7\u00e3o de Rog\u00e9rio Ceni e recado de Fagner: as \u00faltimas not\u00edcias do Bahia<\/title>\n<meta name=\"robots\" content=\"index, follow, max-snippet:-1, max-image-preview:large, max-video-preview:-1\" \/>\n<link rel=\"canonical\" href=\"https:\/\/www.gaveanews.com\/index.php\/2024\/12\/07\/caminho-para-classificacao-declaracao-de-rogerio-ceni-e-recado-de-fagner-as-ultimas-noticias-do-bahia\/\" \/>\n<meta property=\"og:locale\" content=\"pt_BR\" \/>\n<meta property=\"og:type\" content=\"article\" \/>\n<meta property=\"og:title\" content=\"Caminho para classifica\u00e7\u00e3o, declara\u00e7\u00e3o de Rog\u00e9rio Ceni e recado de Fagner: as \u00faltimas not\u00edcias do Bahia\" \/>\n<meta property=\"og:description\" content=\"Nas \u00faltimas horas, o foco das not\u00edcias sobre o Bahia se concentram nos bastidores do clube, com destaques como o caminho para classifica\u00e7\u00e3o e a declara\u00e7\u00e3o de Rog\u00e9rio Ceni. Por conta deste contexto, leia abaixo um resumo preparado pela equipe do portal G\u00e1vea News para lhe manter muito bem informado! Recado de Fagner Na vit\u00f3ria [&hellip;]\" \/>\n<meta property=\"og:url\" content=\"https:\/\/www.gaveanews.com\/index.php\/2024\/12\/07\/caminho-para-classificacao-declaracao-de-rogerio-ceni-e-recado-de-fagner-as-ultimas-noticias-do-bahia\/\" \/>\n<meta property=\"og:site_name\" content=\"G\u00e1vea News\" \/>\n<meta property=\"article:publisher\" content=\"https:\/\/facebook.com\/gaveaNews\/\" \/>\n<meta property=\"article:published_time\" content=\"2024-12-07T09:50:00+00:00\" \/>\n<meta property=\"og:image\" content=\"https:\/\/www.gaveanews.com\/wp-content\/uploads\/Escudo-do-Bahia.webp\" \/>\n\t<meta property=\"og:image:width\" content=\"2048\" \/>\n\t<meta property=\"og:image:height\" content=\"1366\" \/>\n\t<meta property=\"og:image:type\" content=\"image\/jpeg\" \/>\n<meta name=\"author\" content=\"Matheus Felipe\" \/>\n<meta name=\"twitter:card\" content=\"summary_large_image\" \/>\n<meta name=\"twitter:label1\" content=\"Escrito por\" \/>\n\t<meta name=\"twitter:data1\" content=\"Matheus Felipe\" \/>\n\t<meta name=\"twitter:label2\" content=\"Est. tempo de leitura\" \/>\n\t<meta name=\"twitter:data2\" content=\"5 minutos\" \/>\n<script type=\"application\/ld+json\" class=\"yoast-schema-graph\">{\"@context\":\"https:\/\/schema.org\",\"@graph\":[{\"@type\":\"NewsArticle\",\"@id\":\"https:\/\/www.gaveanews.com\/index.php\/2024\/12\/07\/caminho-para-classificacao-declaracao-de-rogerio-ceni-e-recado-de-fagner-as-ultimas-noticias-do-bahia\/#article\",\"isPartOf\":{\"@id\":\"https:\/\/www.gaveanews.com\/index.php\/2024\/12\/07\/caminho-para-classificacao-declaracao-de-rogerio-ceni-e-recado-de-fagner-as-ultimas-noticias-do-bahia\/\"},\"author\":{\"name\":\"Matheus Felipe\",\"@id\":\"https:\/\/www.gaveanews.com\/#\/schema\/person\/8207cd4627f56151707418bfc835b2fb\"},\"headline\":\"Caminho para classifica\u00e7\u00e3o, declara\u00e7\u00e3o de Rog\u00e9rio Ceni e recado de Fagner: as \u00faltimas not\u00edcias do Bahia\",\"datePublished\":\"2024-12-07T09:50:00+00:00\",\"mainEntityOfPage\":{\"@id\":\"https:\/\/www.gaveanews.com\/index.php\/2024\/12\/07\/caminho-para-classificacao-declaracao-de-rogerio-ceni-e-recado-de-fagner-as-ultimas-noticias-do-bahia\/\"},\"wordCount\":745,\"commentCount\":0,\"image\":{\"@id\":\"https:\/\/www.gaveanews.com\/index.php\/2024\/12\/07\/caminho-para-classificacao-declaracao-de-rogerio-ceni-e-recado-de-fagner-as-ultimas-noticias-do-bahia\/#primaryimage\"},\"thumbnailUrl\":\"https:\/\/www.gaveanews.com\/wp-content\/uploads\/Escudo-do-Bahia.webp\",\"articleSection\":[\"Bahia\"],\"inLanguage\":\"pt-BR\",\"potentialAction\":[{\"@type\":\"CommentAction\",\"name\":\"Comment\",\"target\":[\"https:\/\/www.gaveanews.com\/index.php\/2024\/12\/07\/caminho-para-classificacao-declaracao-de-rogerio-ceni-e-recado-de-fagner-as-ultimas-noticias-do-bahia\/#respond\"]}],\"copyrightYear\":\"2024\",\"copyrightHolder\":{\"@id\":\"https:\/\/www.gaveanews.com\/#organization\"}},{\"@type\":\"WebPage\",\"@id\":\"https:\/\/www.gaveanews.com\/index.php\/2024\/12\/07\/caminho-para-classificacao-declaracao-de-rogerio-ceni-e-recado-de-fagner-as-ultimas-noticias-do-bahia\/\",\"url\":\"https:\/\/www.gaveanews.com\/index.php\/2024\/12\/07\/caminho-para-classificacao-declaracao-de-rogerio-ceni-e-recado-de-fagner-as-ultimas-noticias-do-bahia\/\",\"name\":\"Caminho para classifica\u00e7\u00e3o, declara\u00e7\u00e3o de Rog\u00e9rio Ceni e recado de Fagner: as \u00faltimas not\u00edcias do Bahia\",\"isPartOf\":{\"@id\":\"https:\/\/www.gaveanews.com\/#website\"},\"primaryImageOfPage\":{\"@id\":\"https:\/\/www.gaveanews.com\/index.php\/2024\/12\/07\/caminho-para-classificacao-declaracao-de-rogerio-ceni-e-recado-de-fagner-as-ultimas-noticias-do-bahia\/#primaryimage\"},\"image\":{\"@id\":\"https:\/\/www.gaveanews.com\/index.php\/2024\/12\/07\/caminho-para-classificacao-declaracao-de-rogerio-ceni-e-recado-de-fagner-as-ultimas-noticias-do-bahia\/#primaryimage\"},\"thumbnailUrl\":\"https:\/\/www.gaveanews.com\/wp-content\/uploads\/Escudo-do-Bahia.webp\",\"datePublished\":\"2024-12-07T09:50:00+00:00\",\"author\":{\"@id\":\"https:\/\/www.gaveanews.com\/#\/schema\/person\/8207cd4627f56151707418bfc835b2fb\"},\"breadcrumb\":{\"@id\":\"https:\/\/www.gaveanews.com\/index.php\/2024\/12\/07\/caminho-para-classificacao-declaracao-de-rogerio-ceni-e-recado-de-fagner-as-ultimas-noticias-do-bahia\/#breadcrumb\"},\"inLanguage\":\"pt-BR\",\"potentialAction\":[{\"@type\":\"ReadAction\",\"target\":[\"https:\/\/www.gaveanews.com\/index.php\/2024\/12\/07\/caminho-para-classificacao-declaracao-de-rogerio-ceni-e-recado-de-fagner-as-ultimas-noticias-do-bahia\/\"]}]},{\"@type\":\"ImageObject\",\"inLanguage\":\"pt-BR\",\"@id\":\"https:\/\/www.gaveanews.com\/index.php\/2024\/12\/07\/caminho-para-classificacao-declaracao-de-rogerio-ceni-e-recado-de-fagner-as-ultimas-noticias-do-bahia\/#primaryimage\",\"url\":\"https:\/\/www.gaveanews.com\/wp-content\/uploads\/Escudo-do-Bahia.webp\",\"contentUrl\":\"https:\/\/www.gaveanews.com\/wp-content\/uploads\/Escudo-do-Bahia.webp\",\"width\":2048,\"height\":1366,\"caption\":\"Escudo do Bahia (Foto: Reprodu\u00e7\u00e3o)\"},{\"@type\":\"BreadcrumbList\",\"@id\":\"https:\/\/www.gaveanews.com\/index.php\/2024\/12\/07\/caminho-para-classificacao-declaracao-de-rogerio-ceni-e-recado-de-fagner-as-ultimas-noticias-do-bahia\/#breadcrumb\",\"itemListElement\":[{\"@type\":\"ListItem\",\"position\":1,\"name\":\"Home\",\"item\":\"https:\/\/www.gaveanews.com\/\"},{\"@type\":\"ListItem\",\"position\":2,\"name\":\"Caminho para classifica\u00e7\u00e3o, declara\u00e7\u00e3o de Rog\u00e9rio Ceni e recado de Fagner: as \u00faltimas not\u00edcias do Bahia\"}]},{\"@type\":\"WebSite\",\"@id\":\"https:\/\/www.gaveanews.com\/#website\",\"url\":\"https:\/\/www.gaveanews.com\/\",\"name\":\"G\u00e1vea News\",\"description\":\"Veja todas as not\u00edcias sobre o Flamengo: Contrata\u00e7\u00f5es, categorias de base, resultados das partidas, tabela de classifica\u00e7\u00e3o, pr\u00f3ximos jogos!\",\"potentialAction\":[{\"@type\":\"SearchAction\",\"target\":{\"@type\":\"EntryPoint\",\"urlTemplate\":\"https:\/\/www.gaveanews.com\/?s={search_term_string}\"},\"query-input\":{\"@type\":\"PropertyValueSpecification\",\"valueRequired\":true,\"valueName\":\"search_term_string\"}}],\"inLanguage\":\"pt-BR\"},{\"@type\":\"Person\",\"@id\":\"https:\/\/www.gaveanews.com\/#\/schema\/person\/8207cd4627f56151707418bfc835b2fb\",\"name\":\"Matheus Felipe\",\"image\":{\"@type\":\"ImageObject\",\"inLanguage\":\"pt-BR\",\"@id\":\"https:\/\/www.gaveanews.com\/#\/schema\/person\/image\/\",\"url\":\"https:\/\/secure.gravatar.com\/avatar\/a452ffbed9130f726358b298bb3a99ce4bd3c5338411f8440e87e14d74c7c087?s=96&d=mm&r=g\",\"contentUrl\":\"https:\/\/secure.gravatar.com\/avatar\/a452ffbed9130f726358b298bb3a99ce4bd3c5338411f8440e87e14d74c7c087?s=96&d=mm&r=g\",\"caption\":\"Matheus Felipe\"}}]}<\/script>\n<!-- \/ Yoast SEO Premium plugin. -->","yoast_head_json":{"title":"Caminho para classifica\u00e7\u00e3o, declara\u00e7\u00e3o de Rog\u00e9rio Ceni e recado de Fagner: as \u00faltimas not\u00edcias do Bahia","robots":{"index":"index","follow":"follow","max-snippet":"max-snippet:-1","max-image-preview":"max-image-preview:large","max-video-preview":"max-video-preview:-1"},"canonical":"https:\/\/www.gaveanews.com\/index.php\/2024\/12\/07\/caminho-para-classificacao-declaracao-de-rogerio-ceni-e-recado-de-fagner-as-ultimas-noticias-do-bahia\/","og_locale":"pt_BR","og_type":"article","og_title":"Caminho para classifica\u00e7\u00e3o, declara\u00e7\u00e3o de Rog\u00e9rio Ceni e recado de Fagner: as \u00faltimas not\u00edcias do Bahia","og_description":"Nas \u00faltimas horas, o foco das not\u00edcias sobre o Bahia se concentram nos bastidores do clube, com destaques como o caminho para classifica\u00e7\u00e3o e a declara\u00e7\u00e3o de Rog\u00e9rio Ceni. Por conta deste contexto, leia abaixo um resumo preparado pela equipe do portal G\u00e1vea News para lhe manter muito bem informado! Recado de Fagner Na vit\u00f3ria [&hellip;]","og_url":"https:\/\/www.gaveanews.com\/index.php\/2024\/12\/07\/caminho-para-classificacao-declaracao-de-rogerio-ceni-e-recado-de-fagner-as-ultimas-noticias-do-bahia\/","og_site_name":"G\u00e1vea News","article_publisher":"https:\/\/facebook.com\/gaveaNews\/","article_published_time":"2024-12-07T09:50:00+00:00","og_image":[{"width":2048,"height":1366,"url":"https:\/\/www.gaveanews.com\/wp-content\/uploads\/Escudo-do-Bahia.webp","type":"image\/jpeg"}],"author":"Matheus Felipe","twitter_card":"summary_large_image","twitter_misc":{"Escrito por":"Matheus Felipe","Est. tempo de leitura":"5 minutos"},"schema":{"@context":"https:\/\/schema.org","@graph":[{"@type":"NewsArticle","@id":"https:\/\/www.gaveanews.com\/index.php\/2024\/12\/07\/caminho-para-classificacao-declaracao-de-rogerio-ceni-e-recado-de-fagner-as-ultimas-noticias-do-bahia\/#article","isPartOf":{"@id":"https:\/\/www.gaveanews.com\/index.php\/2024\/12\/07\/caminho-para-classificacao-declaracao-de-rogerio-ceni-e-recado-de-fagner-as-ultimas-noticias-do-bahia\/"},"author":{"name":"Matheus Felipe","@id":"https:\/\/www.gaveanews.com\/#\/schema\/person\/8207cd4627f56151707418bfc835b2fb"},"headline":"Caminho para classifica\u00e7\u00e3o, declara\u00e7\u00e3o de Rog\u00e9rio Ceni e recado de Fagner: as \u00faltimas not\u00edcias do Bahia","datePublished":"2024-12-07T09:50:00+00:00","mainEntityOfPage":{"@id":"https:\/\/www.gaveanews.com\/index.php\/2024\/12\/07\/caminho-para-classificacao-declaracao-de-rogerio-ceni-e-recado-de-fagner-as-ultimas-noticias-do-bahia\/"},"wordCount":745,"commentCount":0,"image":{"@id":"https:\/\/www.gaveanews.com\/index.php\/2024\/12\/07\/caminho-para-classificacao-declaracao-de-rogerio-ceni-e-recado-de-fagner-as-ultimas-noticias-do-bahia\/#primaryimage"},"thumbnailUrl":"https:\/\/www.gaveanews.com\/wp-content\/uploads\/Escudo-do-Bahia.webp","articleSection":["Bahia"],"inLanguage":"pt-BR","potentialAction":[{"@type":"CommentAction","name":"Comment","target":["https:\/\/www.gaveanews.com\/index.php\/2024\/12\/07\/caminho-para-classificacao-declaracao-de-rogerio-ceni-e-recado-de-fagner-as-ultimas-noticias-do-bahia\/#respond"]}],"copyrightYear":"2024","copyrightHolder":{"@id":"https:\/\/www.gaveanews.com\/#organization"}},{"@type":"WebPage","@id":"https:\/\/www.gaveanews.com\/index.php\/2024\/12\/07\/caminho-para-classificacao-declaracao-de-rogerio-ceni-e-recado-de-fagner-as-ultimas-noticias-do-bahia\/","url":"https:\/\/www.gaveanews.com\/index.php\/2024\/12\/07\/caminho-para-classificacao-declaracao-de-rogerio-ceni-e-recado-de-fagner-as-ultimas-noticias-do-bahia\/","name":"Caminho para classifica\u00e7\u00e3o, declara\u00e7\u00e3o de Rog\u00e9rio Ceni e recado de Fagner: as \u00faltimas not\u00edcias do Bahia","isPartOf":{"@id":"https:\/\/www.gaveanews.com\/#website"},"primaryImageOfPage":{"@id":"https:\/\/www.gaveanews.com\/index.php\/2024\/12\/07\/caminho-para-classificacao-declaracao-de-rogerio-ceni-e-recado-de-fagner-as-ultimas-noticias-do-bahia\/#primaryimage"},"image":{"@id":"https:\/\/www.gaveanews.com\/index.php\/2024\/12\/07\/caminho-para-classificacao-declaracao-de-rogerio-ceni-e-recado-de-fagner-as-ultimas-noticias-do-bahia\/#primaryimage"},"thumbnailUrl":"https:\/\/www.gaveanews.com\/wp-content\/uploads\/Escudo-do-Bahia.webp","datePublished":"2024-12-07T09:50:00+00:00","author":{"@id":"https:\/\/www.gaveanews.com\/#\/schema\/person\/8207cd4627f56151707418bfc835b2fb"},"breadcrumb":{"@id":"https:\/\/www.gaveanews.com\/index.php\/2024\/12\/07\/caminho-para-classificacao-declaracao-de-rogerio-ceni-e-recado-de-fagner-as-ultimas-noticias-do-bahia\/#breadcrumb"},"inLanguage":"pt-BR","potentialAction":[{"@type":"ReadAction","target":["https:\/\/www.gaveanews.com\/index.php\/2024\/12\/07\/caminho-para-classificacao-declaracao-de-rogerio-ceni-e-recado-de-fagner-as-ultimas-noticias-do-bahia\/"]}]},{"@type":"ImageObject","inLanguage":"pt-BR","@id":"https:\/\/www.gaveanews.com\/index.php\/2024\/12\/07\/caminho-para-classificacao-declaracao-de-rogerio-ceni-e-recado-de-fagner-as-ultimas-noticias-do-bahia\/#primaryimage","url":"https:\/\/www.gaveanews.com\/wp-content\/uploads\/Escudo-do-Bahia.webp","contentUrl":"https:\/\/www.gaveanews.com\/wp-content\/uploads\/Escudo-do-Bahia.webp","width":2048,"height":1366,"caption":"Escudo do Bahia (Foto: Reprodu\u00e7\u00e3o)"},{"@type":"BreadcrumbList","@id":"https:\/\/www.gaveanews.com\/index.php\/2024\/12\/07\/caminho-para-classificacao-declaracao-de-rogerio-ceni-e-recado-de-fagner-as-ultimas-noticias-do-bahia\/#breadcrumb","itemListElement":[{"@type":"ListItem","position":1,"name":"Home","item":"https:\/\/www.gaveanews.com\/"},{"@type":"ListItem","position":2,"name":"Caminho para classifica\u00e7\u00e3o, declara\u00e7\u00e3o de Rog\u00e9rio Ceni e recado de Fagner: as \u00faltimas not\u00edcias do Bahia"}]},{"@type":"WebSite","@id":"https:\/\/www.gaveanews.com\/#website","url":"https:\/\/www.gaveanews.com\/","name":"G\u00e1vea News","description":"Veja todas as not\u00edcias sobre o Flamengo: Contrata\u00e7\u00f5es, categorias de base, resultados das partidas, tabela de classifica\u00e7\u00e3o, pr\u00f3ximos jogos!","potentialAction":[{"@type":"SearchAction","target":{"@type":"EntryPoint","urlTemplate":"https:\/\/www.gaveanews.com\/?s={search_term_string}"},"query-input":{"@type":"PropertyValueSpecification","valueRequired":true,"valueName":"search_term_string"}}],"inLanguage":"pt-BR"},{"@type":"Person","@id":"https:\/\/www.gaveanews.com\/#\/schema\/person\/8207cd4627f56151707418bfc835b2fb","name":"Matheus Felipe","image":{"@type":"ImageObject","inLanguage":"pt-BR","@id":"https:\/\/www.gaveanews.com\/#\/schema\/person\/image\/","url":"https:\/\/secure.gravatar.com\/avatar\/a452ffbed9130f726358b298bb3a99ce4bd3c5338411f8440e87e14d74c7c087?s=96&d=mm&r=g","contentUrl":"https:\/\/secure.gravatar.com\/avatar\/a452ffbed9130f726358b298bb3a99ce4bd3c5338411f8440e87e14d74c7c087?s=96&d=mm&r=g","caption":"Matheus Felipe"}}]}},"_links":{"self":[{"href":"https:\/\/www.gaveanews.com\/index.php\/wp-json\/wp\/v2\/posts\/196104","targetHints":{"allow":["GET"]}}],"collection":[{"href":"https:\/\/www.gaveanews.com\/index.php\/wp-json\/wp\/v2\/posts"}],"about":[{"href":"https:\/\/www.gaveanews.com\/index.php\/wp-json\/wp\/v2\/types\/post"}],"author":[{"embeddable":true,"href":"https:\/\/www.gaveanews.com\/index.php\/wp-json\/wp\/v2\/users\/27"}],"replies":[{"embeddable":true,"href":"https:\/\/www.gaveanews.com\/index.php\/wp-json\/wp\/v2\/comments?post=196104"}],"version-history":[{"count":1,"href":"https:\/\/www.gaveanews.com\/index.php\/wp-json\/wp\/v2\/posts\/196104\/revisions"}],"predecessor-version":[{"id":196109,"href":"https:\/\/www.gaveanews.com\/index.php\/wp-json\/wp\/v2\/posts\/196104\/revisions\/196109"}],"wp:featuredmedia":[{"embeddable":true,"href":"https:\/\/www.gaveanews.com\/index.php\/wp-json\/wp\/v2\/media\/155116"}],"wp:attachment":[{"href":"https:\/\/www.gaveanews.com\/index.php\/wp-json\/wp\/v2\/media?parent=196104"}],"wp:term":[{"taxonomy":"category","embeddable":true,"href":"https:\/\/www.gaveanews.com\/index.php\/wp-json\/wp\/v2\/categories?post=196104"},{"taxonomy":"post_tag","embeddable":true,"href":"https:\/\/www.gaveanews.com\/index.php\/wp-json\/wp\/v2\/tags?post=196104"}],"curies":[{"name":"wp","href":"https:\/\/api.w.org\/{rel}","templated":true}]}}