{"id":196134,"date":"2024-12-07T14:35:00","date_gmt":"2024-12-07T17:35:00","guid":{"rendered":"https:\/\/www.gaveanews.com\/?p=196134"},"modified":"2024-12-07T14:30:12","modified_gmt":"2024-12-07T17:30:12","slug":"substituto-de-milito-comando-treino-do-atletico-mg","status":"publish","type":"post","link":"https:\/\/www.gaveanews.com\/index.php\/2024\/12\/07\/substituto-de-milito-comando-treino-do-atletico-mg\/","title":{"rendered":"Substituto de Milito comando treino do Atl\u00e9tico-MG"},"content":{"rendered":"\n<h2 class=\"wp-block-heading\" id=\"h-atletico-mg-define-ultimos-ajustes-para-duelo-decisivo-contra-o-athletico-pr\">Atl\u00e9tico-MG define \u00faltimos ajustes para duelo decisivo contra o Athletico-PR<\/h2>\n\n\n\n<p>O Atl\u00e9tico-MG segue em prepara\u00e7\u00e3o para a \u00faltima e decisiva rodada do Campeonato Brasileiro. O time enfrenta o Athletico-PR neste domingo, \u00e0s 16h (de Bras\u00edlia), na Arena MRV, em Belo Horizonte. Com port\u00f5es fechados, a partida ser\u00e1 comandada na \u00e1rea t\u00e9cnica pelo auxiliar Lucas Gon\u00e7alves, que assumiu ap\u00f3s a sa\u00edda de Gabriel Milito.<\/p>\n\n\n\n<ul class=\"wp-block-list\">\n<li><a href=\"https:\/\/www.gaveanews.com\/index.php\/2024\/12\/06\/choro-de-deyverson-declaracao-de-scarpa-e-atacante-oferecido-as-ultimas-noticias-do-atletico-mg\/\">Choro de Deyverson, declara\u00e7\u00e3o de Scarpa e atacante oferecido: as \u00faltimas not\u00edcias do Atl\u00e9tico-MG<\/a><\/li>\n\n\n\n<li><a href=\"https:\/\/www.gaveanews.com\/index.php\/2024\/12\/05\/vasco-x-atletico-mg-a-declaracao-de-felipe\/\">Vasco x Atl\u00e9tico-MG: a declara\u00e7\u00e3o de Felipe<\/a><\/li>\n<\/ul>\n\n\n\n<p>O presidente S\u00e9rgio Coelho esteve presente no treinamento desta sexta-feira na Cidade do Galo. A tend\u00eancia \u00e9 que Lucas Gon\u00e7alves mantenha a base da equipe que vinha atuando, optando por poucas mudan\u00e7as na escala\u00e7\u00e3o.<\/p>\n\n\n\n<p>O Atl\u00e9tico n\u00e3o ter\u00e1 desfalques por suspens\u00e3o, mas conta com baixas importantes no departamento m\u00e9dico. Paulinho, Bernard, Zaracho e Cadu est\u00e3o fora. Paulinho passou por uma cirurgia recentemente e j\u00e1 iniciou o processo de fisioterapia.<\/p>\n\n\n\n<p>A prov\u00e1vel escala\u00e7\u00e3o do Galo para o confronto decisivo conta com: <strong>Everson; Saravia (Lyanco), Battaglia, Alonso e Arana; Alan Franco, Fausto Vera, Scarpa e Igor Gomes; Deyverson e Hulk.<\/strong><\/p>\n\n\n\n<p>A partida contra o Athletico-PR ganhou contornos de dramaticidade ap\u00f3s a vit\u00f3ria do Bragantino na \u00faltima rodada sobre o Athletico. O Atl\u00e9tico-MG chega ao duelo dependendo apenas de si para escapar do rebaixamento. Um empate \u00e9 suficiente para o clube mineiro permanecer na S\u00e9rie A, mas uma derrota o deixa vulner\u00e1vel aos resultados de Fluminense e Bragantino.<\/p>\n\n\n\n<p>Caso perca, o Galo precisar\u00e1 torcer para que o Bragantino n\u00e3o ven\u00e7a o Crici\u00fama, j\u00e1 rebaixado, e para que o Fluminense n\u00e3o pontue contra o Palmeiras, no Allianz Parque. A torcida atleticana vive a expectativa de uma decis\u00e3o crucial, com o time lutando para evitar o rebaixamento em um confronto que promete ser tenso na Arena MRV.<\/p>\n","protected":false},"excerpt":{"rendered":"<p>Atl\u00e9tico-MG define \u00faltimos ajustes para duelo decisivo contra o Athletico-PR O Atl\u00e9tico-MG segue em prepara\u00e7\u00e3o para a \u00faltima e decisiva rodada do Campeonato Brasileiro. O time enfrenta o Athletico-PR neste domingo, \u00e0s 16h (de Bras\u00edlia), na Arena MRV, em Belo Horizonte. Com port\u00f5es fechados, a partida ser\u00e1 comandada na \u00e1rea t\u00e9cnica pelo auxiliar Lucas Gon\u00e7alves, [&hellip;]<\/p>\n","protected":false},"author":20,"featured_media":157061,"comment_status":"open","ping_status":"closed","sticky":false,"template":"","format":"standard","meta":{"footnotes":""},"categories":[136],"tags":[],"class_list":["post-196134","post","type-post","status-publish","format-standard","has-post-thumbnail","hentry","category-atletico-mg"],"yoast_head":"<!-- This site is optimized with the Yoast SEO Premium plugin v24.2 (Yoast SEO v26.9) - https:\/\/yoast.com\/product\/yoast-seo-premium-wordpress\/ -->\n<title>Substituto de Milito comando treino do Atl\u00e9tico-MG<\/title>\n<meta name=\"robots\" content=\"index, follow, max-snippet:-1, max-image-preview:large, max-video-preview:-1\" \/>\n<link rel=\"canonical\" href=\"https:\/\/www.gaveanews.com\/index.php\/2024\/12\/07\/substituto-de-milito-comando-treino-do-atletico-mg\/\" \/>\n<meta property=\"og:locale\" content=\"pt_BR\" \/>\n<meta property=\"og:type\" content=\"article\" \/>\n<meta property=\"og:title\" content=\"Substituto de Milito comando treino do Atl\u00e9tico-MG\" \/>\n<meta property=\"og:description\" content=\"Atl\u00e9tico-MG define \u00faltimos ajustes para duelo decisivo contra o Athletico-PR O Atl\u00e9tico-MG segue em prepara\u00e7\u00e3o para a \u00faltima e decisiva rodada do Campeonato Brasileiro. O time enfrenta o Athletico-PR neste domingo, \u00e0s 16h (de Bras\u00edlia), na Arena MRV, em Belo Horizonte. Com port\u00f5es fechados, a partida ser\u00e1 comandada na \u00e1rea t\u00e9cnica pelo auxiliar Lucas Gon\u00e7alves, [&hellip;]\" \/>\n<meta property=\"og:url\" content=\"https:\/\/www.gaveanews.com\/index.php\/2024\/12\/07\/substituto-de-milito-comando-treino-do-atletico-mg\/\" \/>\n<meta property=\"og:site_name\" content=\"G\u00e1vea News\" \/>\n<meta property=\"article:publisher\" content=\"https:\/\/facebook.com\/gaveaNews\/\" \/>\n<meta property=\"article:published_time\" content=\"2024-12-07T17:35:00+00:00\" \/>\n<meta property=\"og:image\" content=\"https:\/\/www.gaveanews.com\/wp-content\/uploads\/Camisa-do-Atletico-MG.webp\" \/>\n\t<meta property=\"og:image:width\" content=\"1080\" \/>\n\t<meta property=\"og:image:height\" content=\"720\" \/>\n\t<meta property=\"og:image:type\" content=\"image\/webp\" \/>\n<meta name=\"author\" content=\"Lucas Barros\" \/>\n<meta name=\"twitter:card\" content=\"summary_large_image\" \/>\n<meta name=\"twitter:label1\" content=\"Escrito por\" \/>\n\t<meta name=\"twitter:data1\" content=\"Lucas Barros\" \/>\n\t<meta name=\"twitter:label2\" content=\"Est. tempo de leitura\" \/>\n\t<meta name=\"twitter:data2\" content=\"2 minutos\" \/>\n<script type=\"application\/ld+json\" class=\"yoast-schema-graph\">{\"@context\":\"https:\/\/schema.org\",\"@graph\":[{\"@type\":\"NewsArticle\",\"@id\":\"https:\/\/www.gaveanews.com\/index.php\/2024\/12\/07\/substituto-de-milito-comando-treino-do-atletico-mg\/#article\",\"isPartOf\":{\"@id\":\"https:\/\/www.gaveanews.com\/index.php\/2024\/12\/07\/substituto-de-milito-comando-treino-do-atletico-mg\/\"},\"author\":{\"name\":\"Lucas Barros\",\"@id\":\"https:\/\/www.gaveanews.com\/#\/schema\/person\/2abf0cfa878f5f899daa5f781e82264c\"},\"headline\":\"Substituto de Milito comando treino do Atl\u00e9tico-MG\",\"datePublished\":\"2024-12-07T17:35:00+00:00\",\"mainEntityOfPage\":{\"@id\":\"https:\/\/www.gaveanews.com\/index.php\/2024\/12\/07\/substituto-de-milito-comando-treino-do-atletico-mg\/\"},\"wordCount\":338,\"commentCount\":0,\"image\":{\"@id\":\"https:\/\/www.gaveanews.com\/index.php\/2024\/12\/07\/substituto-de-milito-comando-treino-do-atletico-mg\/#primaryimage\"},\"thumbnailUrl\":\"https:\/\/www.gaveanews.com\/wp-content\/uploads\/Camisa-do-Atletico-MG.webp\",\"articleSection\":[\"Atl\u00e9tico-MG\"],\"inLanguage\":\"pt-BR\",\"potentialAction\":[{\"@type\":\"CommentAction\",\"name\":\"Comment\",\"target\":[\"https:\/\/www.gaveanews.com\/index.php\/2024\/12\/07\/substituto-de-milito-comando-treino-do-atletico-mg\/#respond\"]}],\"copyrightYear\":\"2024\",\"copyrightHolder\":{\"@id\":\"https:\/\/www.gaveanews.com\/#organization\"}},{\"@type\":\"WebPage\",\"@id\":\"https:\/\/www.gaveanews.com\/index.php\/2024\/12\/07\/substituto-de-milito-comando-treino-do-atletico-mg\/\",\"url\":\"https:\/\/www.gaveanews.com\/index.php\/2024\/12\/07\/substituto-de-milito-comando-treino-do-atletico-mg\/\",\"name\":\"Substituto de Milito comando treino do Atl\u00e9tico-MG\",\"isPartOf\":{\"@id\":\"https:\/\/www.gaveanews.com\/#website\"},\"primaryImageOfPage\":{\"@id\":\"https:\/\/www.gaveanews.com\/index.php\/2024\/12\/07\/substituto-de-milito-comando-treino-do-atletico-mg\/#primaryimage\"},\"image\":{\"@id\":\"https:\/\/www.gaveanews.com\/index.php\/2024\/12\/07\/substituto-de-milito-comando-treino-do-atletico-mg\/#primaryimage\"},\"thumbnailUrl\":\"https:\/\/www.gaveanews.com\/wp-content\/uploads\/Camisa-do-Atletico-MG.webp\",\"datePublished\":\"2024-12-07T17:35:00+00:00\",\"author\":{\"@id\":\"https:\/\/www.gaveanews.com\/#\/schema\/person\/2abf0cfa878f5f899daa5f781e82264c\"},\"breadcrumb\":{\"@id\":\"https:\/\/www.gaveanews.com\/index.php\/2024\/12\/07\/substituto-de-milito-comando-treino-do-atletico-mg\/#breadcrumb\"},\"inLanguage\":\"pt-BR\",\"potentialAction\":[{\"@type\":\"ReadAction\",\"target\":[\"https:\/\/www.gaveanews.com\/index.php\/2024\/12\/07\/substituto-de-milito-comando-treino-do-atletico-mg\/\"]}]},{\"@type\":\"ImageObject\",\"inLanguage\":\"pt-BR\",\"@id\":\"https:\/\/www.gaveanews.com\/index.php\/2024\/12\/07\/substituto-de-milito-comando-treino-do-atletico-mg\/#primaryimage\",\"url\":\"https:\/\/www.gaveanews.com\/wp-content\/uploads\/Camisa-do-Atletico-MG.webp\",\"contentUrl\":\"https:\/\/www.gaveanews.com\/wp-content\/uploads\/Camisa-do-Atletico-MG.webp\",\"width\":1080,\"height\":720,\"caption\":\"Camisa do Atl\u00e9tico-MG (Foto: Reprodu\u00e7\u00e3o\/Instagram)\"},{\"@type\":\"BreadcrumbList\",\"@id\":\"https:\/\/www.gaveanews.com\/index.php\/2024\/12\/07\/substituto-de-milito-comando-treino-do-atletico-mg\/#breadcrumb\",\"itemListElement\":[{\"@type\":\"ListItem\",\"position\":1,\"name\":\"Home\",\"item\":\"https:\/\/www.gaveanews.com\/\"},{\"@type\":\"ListItem\",\"position\":2,\"name\":\"Substituto de Milito comando treino do Atl\u00e9tico-MG\"}]},{\"@type\":\"WebSite\",\"@id\":\"https:\/\/www.gaveanews.com\/#website\",\"url\":\"https:\/\/www.gaveanews.com\/\",\"name\":\"G\u00e1vea News\",\"description\":\"Veja todas as not\u00edcias sobre o Flamengo: Contrata\u00e7\u00f5es, categorias de base, resultados das partidas, tabela de classifica\u00e7\u00e3o, pr\u00f3ximos jogos!\",\"potentialAction\":[{\"@type\":\"SearchAction\",\"target\":{\"@type\":\"EntryPoint\",\"urlTemplate\":\"https:\/\/www.gaveanews.com\/?s={search_term_string}\"},\"query-input\":{\"@type\":\"PropertyValueSpecification\",\"valueRequired\":true,\"valueName\":\"search_term_string\"}}],\"inLanguage\":\"pt-BR\"},{\"@type\":\"Person\",\"@id\":\"https:\/\/www.gaveanews.com\/#\/schema\/person\/2abf0cfa878f5f899daa5f781e82264c\",\"name\":\"Lucas Barros\",\"image\":{\"@type\":\"ImageObject\",\"inLanguage\":\"pt-BR\",\"@id\":\"https:\/\/www.gaveanews.com\/#\/schema\/person\/image\/\",\"url\":\"https:\/\/secure.gravatar.com\/avatar\/67a6069eba66bf6fd7c80b70e1331baa3dbc3d6df5012d5c22eff29c7d59e0b0?s=96&d=mm&r=g\",\"contentUrl\":\"https:\/\/secure.gravatar.com\/avatar\/67a6069eba66bf6fd7c80b70e1331baa3dbc3d6df5012d5c22eff29c7d59e0b0?s=96&d=mm&r=g\",\"caption\":\"Lucas Barros\"}}]}<\/script>\n<!-- \/ Yoast SEO Premium plugin. -->","yoast_head_json":{"title":"Substituto de Milito comando treino do Atl\u00e9tico-MG","robots":{"index":"index","follow":"follow","max-snippet":"max-snippet:-1","max-image-preview":"max-image-preview:large","max-video-preview":"max-video-preview:-1"},"canonical":"https:\/\/www.gaveanews.com\/index.php\/2024\/12\/07\/substituto-de-milito-comando-treino-do-atletico-mg\/","og_locale":"pt_BR","og_type":"article","og_title":"Substituto de Milito comando treino do Atl\u00e9tico-MG","og_description":"Atl\u00e9tico-MG define \u00faltimos ajustes para duelo decisivo contra o Athletico-PR O Atl\u00e9tico-MG segue em prepara\u00e7\u00e3o para a \u00faltima e decisiva rodada do Campeonato Brasileiro. O time enfrenta o Athletico-PR neste domingo, \u00e0s 16h (de Bras\u00edlia), na Arena MRV, em Belo Horizonte. Com port\u00f5es fechados, a partida ser\u00e1 comandada na \u00e1rea t\u00e9cnica pelo auxiliar Lucas Gon\u00e7alves, [&hellip;]","og_url":"https:\/\/www.gaveanews.com\/index.php\/2024\/12\/07\/substituto-de-milito-comando-treino-do-atletico-mg\/","og_site_name":"G\u00e1vea News","article_publisher":"https:\/\/facebook.com\/gaveaNews\/","article_published_time":"2024-12-07T17:35:00+00:00","og_image":[{"width":1080,"height":720,"url":"https:\/\/www.gaveanews.com\/wp-content\/uploads\/Camisa-do-Atletico-MG.webp","type":"image\/webp"}],"author":"Lucas Barros","twitter_card":"summary_large_image","twitter_misc":{"Escrito por":"Lucas Barros","Est. tempo de leitura":"2 minutos"},"schema":{"@context":"https:\/\/schema.org","@graph":[{"@type":"NewsArticle","@id":"https:\/\/www.gaveanews.com\/index.php\/2024\/12\/07\/substituto-de-milito-comando-treino-do-atletico-mg\/#article","isPartOf":{"@id":"https:\/\/www.gaveanews.com\/index.php\/2024\/12\/07\/substituto-de-milito-comando-treino-do-atletico-mg\/"},"author":{"name":"Lucas Barros","@id":"https:\/\/www.gaveanews.com\/#\/schema\/person\/2abf0cfa878f5f899daa5f781e82264c"},"headline":"Substituto de Milito comando treino do Atl\u00e9tico-MG","datePublished":"2024-12-07T17:35:00+00:00","mainEntityOfPage":{"@id":"https:\/\/www.gaveanews.com\/index.php\/2024\/12\/07\/substituto-de-milito-comando-treino-do-atletico-mg\/"},"wordCount":338,"commentCount":0,"image":{"@id":"https:\/\/www.gaveanews.com\/index.php\/2024\/12\/07\/substituto-de-milito-comando-treino-do-atletico-mg\/#primaryimage"},"thumbnailUrl":"https:\/\/www.gaveanews.com\/wp-content\/uploads\/Camisa-do-Atletico-MG.webp","articleSection":["Atl\u00e9tico-MG"],"inLanguage":"pt-BR","potentialAction":[{"@type":"CommentAction","name":"Comment","target":["https:\/\/www.gaveanews.com\/index.php\/2024\/12\/07\/substituto-de-milito-comando-treino-do-atletico-mg\/#respond"]}],"copyrightYear":"2024","copyrightHolder":{"@id":"https:\/\/www.gaveanews.com\/#organization"}},{"@type":"WebPage","@id":"https:\/\/www.gaveanews.com\/index.php\/2024\/12\/07\/substituto-de-milito-comando-treino-do-atletico-mg\/","url":"https:\/\/www.gaveanews.com\/index.php\/2024\/12\/07\/substituto-de-milito-comando-treino-do-atletico-mg\/","name":"Substituto de Milito comando treino do Atl\u00e9tico-MG","isPartOf":{"@id":"https:\/\/www.gaveanews.com\/#website"},"primaryImageOfPage":{"@id":"https:\/\/www.gaveanews.com\/index.php\/2024\/12\/07\/substituto-de-milito-comando-treino-do-atletico-mg\/#primaryimage"},"image":{"@id":"https:\/\/www.gaveanews.com\/index.php\/2024\/12\/07\/substituto-de-milito-comando-treino-do-atletico-mg\/#primaryimage"},"thumbnailUrl":"https:\/\/www.gaveanews.com\/wp-content\/uploads\/Camisa-do-Atletico-MG.webp","datePublished":"2024-12-07T17:35:00+00:00","author":{"@id":"https:\/\/www.gaveanews.com\/#\/schema\/person\/2abf0cfa878f5f899daa5f781e82264c"},"breadcrumb":{"@id":"https:\/\/www.gaveanews.com\/index.php\/2024\/12\/07\/substituto-de-milito-comando-treino-do-atletico-mg\/#breadcrumb"},"inLanguage":"pt-BR","potentialAction":[{"@type":"ReadAction","target":["https:\/\/www.gaveanews.com\/index.php\/2024\/12\/07\/substituto-de-milito-comando-treino-do-atletico-mg\/"]}]},{"@type":"ImageObject","inLanguage":"pt-BR","@id":"https:\/\/www.gaveanews.com\/index.php\/2024\/12\/07\/substituto-de-milito-comando-treino-do-atletico-mg\/#primaryimage","url":"https:\/\/www.gaveanews.com\/wp-content\/uploads\/Camisa-do-Atletico-MG.webp","contentUrl":"https:\/\/www.gaveanews.com\/wp-content\/uploads\/Camisa-do-Atletico-MG.webp","width":1080,"height":720,"caption":"Camisa do Atl\u00e9tico-MG (Foto: Reprodu\u00e7\u00e3o\/Instagram)"},{"@type":"BreadcrumbList","@id":"https:\/\/www.gaveanews.com\/index.php\/2024\/12\/07\/substituto-de-milito-comando-treino-do-atletico-mg\/#breadcrumb","itemListElement":[{"@type":"ListItem","position":1,"name":"Home","item":"https:\/\/www.gaveanews.com\/"},{"@type":"ListItem","position":2,"name":"Substituto de Milito comando treino do Atl\u00e9tico-MG"}]},{"@type":"WebSite","@id":"https:\/\/www.gaveanews.com\/#website","url":"https:\/\/www.gaveanews.com\/","name":"G\u00e1vea News","description":"Veja todas as not\u00edcias sobre o Flamengo: Contrata\u00e7\u00f5es, categorias de base, resultados das partidas, tabela de classifica\u00e7\u00e3o, pr\u00f3ximos jogos!","potentialAction":[{"@type":"SearchAction","target":{"@type":"EntryPoint","urlTemplate":"https:\/\/www.gaveanews.com\/?s={search_term_string}"},"query-input":{"@type":"PropertyValueSpecification","valueRequired":true,"valueName":"search_term_string"}}],"inLanguage":"pt-BR"},{"@type":"Person","@id":"https:\/\/www.gaveanews.com\/#\/schema\/person\/2abf0cfa878f5f899daa5f781e82264c","name":"Lucas Barros","image":{"@type":"ImageObject","inLanguage":"pt-BR","@id":"https:\/\/www.gaveanews.com\/#\/schema\/person\/image\/","url":"https:\/\/secure.gravatar.com\/avatar\/67a6069eba66bf6fd7c80b70e1331baa3dbc3d6df5012d5c22eff29c7d59e0b0?s=96&d=mm&r=g","contentUrl":"https:\/\/secure.gravatar.com\/avatar\/67a6069eba66bf6fd7c80b70e1331baa3dbc3d6df5012d5c22eff29c7d59e0b0?s=96&d=mm&r=g","caption":"Lucas Barros"}}]}},"_links":{"self":[{"href":"https:\/\/www.gaveanews.com\/index.php\/wp-json\/wp\/v2\/posts\/196134","targetHints":{"allow":["GET"]}}],"collection":[{"href":"https:\/\/www.gaveanews.com\/index.php\/wp-json\/wp\/v2\/posts"}],"about":[{"href":"https:\/\/www.gaveanews.com\/index.php\/wp-json\/wp\/v2\/types\/post"}],"author":[{"embeddable":true,"href":"https:\/\/www.gaveanews.com\/index.php\/wp-json\/wp\/v2\/users\/20"}],"replies":[{"embeddable":true,"href":"https:\/\/www.gaveanews.com\/index.php\/wp-json\/wp\/v2\/comments?post=196134"}],"version-history":[{"count":1,"href":"https:\/\/www.gaveanews.com\/index.php\/wp-json\/wp\/v2\/posts\/196134\/revisions"}],"predecessor-version":[{"id":196135,"href":"https:\/\/www.gaveanews.com\/index.php\/wp-json\/wp\/v2\/posts\/196134\/revisions\/196135"}],"wp:featuredmedia":[{"embeddable":true,"href":"https:\/\/www.gaveanews.com\/index.php\/wp-json\/wp\/v2\/media\/157061"}],"wp:attachment":[{"href":"https:\/\/www.gaveanews.com\/index.php\/wp-json\/wp\/v2\/media?parent=196134"}],"wp:term":[{"taxonomy":"category","embeddable":true,"href":"https:\/\/www.gaveanews.com\/index.php\/wp-json\/wp\/v2\/categories?post=196134"},{"taxonomy":"post_tag","embeddable":true,"href":"https:\/\/www.gaveanews.com\/index.php\/wp-json\/wp\/v2\/tags?post=196134"}],"curies":[{"name":"wp","href":"https:\/\/api.w.org\/{rel}","templated":true}]}}