{"id":196202,"date":"2024-12-07T18:25:00","date_gmt":"2024-12-07T21:25:00","guid":{"rendered":"https:\/\/www.gaveanews.com\/?p=196202"},"modified":"2024-12-07T16:50:15","modified_gmt":"2024-12-07T19:50:15","slug":"botafogo-x-sao-paulo-a-declaracao-de-zubeldia","status":"publish","type":"post","link":"https:\/\/www.gaveanews.com\/index.php\/2024\/12\/07\/botafogo-x-sao-paulo-a-declaracao-de-zubeldia\/","title":{"rendered":"Botafogo x S\u00e3o Paulo: a declara\u00e7\u00e3o de Zubeld\u00eda"},"content":{"rendered":"\n<p>O S\u00e3o Paulo se despede do Campeonato Brasileiro na partida que definir\u00e1 o campe\u00e3o nacional, no pr\u00f3ximo domingo (8\/12), no Est\u00e1dio Nilton Santos. Apesar da import\u00e2ncia do jogo para o Botafogo, o Tricolor n\u00e3o tem nenhuma pretens\u00e3o na rodada final. Assim, o treinador Luis Zubeld\u00eda vai mandar \u00e0 campo uma equipe alternativa, com jogadores que n\u00e3o estavam atuando. Ele falou ao site GE sobre a op\u00e7\u00e3o e descartou qualquer tentativa de prejudicar o arquirrival Palmeiras.<\/p>\n\n\n\n<ul class=\"wp-block-list\">\n<li><a href=\"https:\/\/www.gaveanews.com\/index.php\/2024\/12\/07\/sao-paulo-a-declaracao-de-carlos-belmonte-sobre-wendell\/\">S\u00e3o Paulo: a declara\u00e7\u00e3o de Carlos Belmonte sobre Wendell<\/a><\/li>\n\n\n\n<li><a href=\"https:\/\/www.gaveanews.com\/index.php\/2024\/12\/07\/luciano-no-rival-pedido-de-zubeldia-e-classificacao-na-copinha-as-ultimas-noticias-do-sao-paulo\/\">Luciano no rival, pedido de Zubeld\u00eda e classifica\u00e7\u00e3o na Copinha: as \u00faltimas not\u00edcias do S\u00e3o Paulo<\/a><\/li>\n<\/ul>\n\n\n\n<p>Com a vaga para a fase de grupos da Copa Libertadores da Am\u00e9rica assegurada, Zubeld\u00eda optou por poupar atletas que estavam atuando no limite do desgaste f\u00edsico, como Calleri, Wellington Rato e Ferraresi. Ao site GE, ele deu os detalhes da op\u00e7\u00e3o.<\/p>\n\n\n\n<p>\u201cMe perguntaram que time vou colocar. Faz duas ou tr\u00eas rodadas que cumprimos o objetivo e n\u00e3o vamos correr riscos com jogadores que podem se lesionar, jogadores que est\u00e3o no limite. E vou colocar jogadores que podem jogar um pouco mais, mas faria com o Botafogo ou qualquer time, j\u00e1 tinha isso em mente\u201d, disse.<\/p>\n\n\n\n<p>Ele ainda refor\u00e7ou que a atitude \u00e9 planejando o ano que vem. Gra\u00e7as \u00e0 mudan\u00e7a nas datas do Brasileir\u00e3o, o Campeonato Paulista iniciar\u00e1 mais cedo e com isso a pr\u00e9-temporada tamb\u00e9m. Por isso, n\u00e3o quer enfrentar nenhum problema por poss\u00edveis contus\u00f5es.<\/p>\n\n\n\n<p>\u201cN\u00e3o quero lesionar jogadores na \u00faltima rodada, porque a\u00ed vou perder tempo na pr\u00e9-temporada\u201d, contou.<\/p>\n\n\n\n<p>Zubeld\u00eda ainda descartou qualquer inten\u00e7\u00e3o de prejudicar o arquirrival Palmeiras. O Alviverde ainda tem chances de vencer o Campeonato Brasileiro, mas para isso precisa que o S\u00e3o Paulo derrote o Botafogo.&nbsp;<\/p>\n\n\n\n<p>\u201cCom essa condicionante de nos classificarmos \u00e0 Libertadores, ca\u00edmos mentalmente, muitas les\u00f5es. Passou o Juventude, queria um triunfo, mas n\u00e3o est\u00e1vamos 100%. Agora, com o Botafogo estamos tratando de entender o contexto e competir o melhor poss\u00edvel. Sei que o torcedor quer que o Botafogo saia campe\u00e3o, os torcedores do S\u00e3o Paulo querem que o Botafogo saia campe\u00e3o, porque nenhum torcedor vai querer que seu rival seja campe\u00e3o. Todos sabemos. Mas vamos fazer o melhor poss\u00edvel\u201d, finalizou.<\/p>\n","protected":false},"excerpt":{"rendered":"<p>O S\u00e3o Paulo se despede do Campeonato Brasileiro na partida que definir\u00e1 o campe\u00e3o nacional, no pr\u00f3ximo domingo (8\/12), no Est\u00e1dio Nilton Santos. Apesar da import\u00e2ncia do jogo para o Botafogo, o Tricolor n\u00e3o tem nenhuma pretens\u00e3o na rodada final. Assim, o treinador Luis Zubeld\u00eda vai mandar \u00e0 campo uma equipe alternativa, com jogadores que [&hellip;]<\/p>\n","protected":false},"author":29,"featured_media":155699,"comment_status":"open","ping_status":"closed","sticky":false,"template":"","format":"standard","meta":{"footnotes":""},"categories":[151],"tags":[],"class_list":["post-196202","post","type-post","status-publish","format-standard","has-post-thumbnail","hentry","category-sao-paulo"],"yoast_head":"<!-- This site is optimized with the Yoast SEO Premium plugin v24.2 (Yoast SEO v26.9) - https:\/\/yoast.com\/product\/yoast-seo-premium-wordpress\/ -->\n<title>Botafogo x S\u00e3o Paulo: a declara\u00e7\u00e3o de Zubeld\u00eda<\/title>\n<meta name=\"robots\" content=\"index, follow, max-snippet:-1, max-image-preview:large, max-video-preview:-1\" \/>\n<link rel=\"canonical\" href=\"https:\/\/www.gaveanews.com\/index.php\/2024\/12\/07\/botafogo-x-sao-paulo-a-declaracao-de-zubeldia\/\" \/>\n<meta property=\"og:locale\" content=\"pt_BR\" \/>\n<meta property=\"og:type\" content=\"article\" \/>\n<meta property=\"og:title\" content=\"Botafogo x S\u00e3o Paulo: a declara\u00e7\u00e3o de Zubeld\u00eda\" \/>\n<meta property=\"og:description\" content=\"O S\u00e3o Paulo se despede do Campeonato Brasileiro na partida que definir\u00e1 o campe\u00e3o nacional, no pr\u00f3ximo domingo (8\/12), no Est\u00e1dio Nilton Santos. Apesar da import\u00e2ncia do jogo para o Botafogo, o Tricolor n\u00e3o tem nenhuma pretens\u00e3o na rodada final. Assim, o treinador Luis Zubeld\u00eda vai mandar \u00e0 campo uma equipe alternativa, com jogadores que [&hellip;]\" \/>\n<meta property=\"og:url\" content=\"https:\/\/www.gaveanews.com\/index.php\/2024\/12\/07\/botafogo-x-sao-paulo-a-declaracao-de-zubeldia\/\" \/>\n<meta property=\"og:site_name\" content=\"G\u00e1vea News\" \/>\n<meta property=\"article:publisher\" content=\"https:\/\/facebook.com\/gaveaNews\/\" \/>\n<meta property=\"article:published_time\" content=\"2024-12-07T21:25:00+00:00\" \/>\n<meta property=\"og:image\" content=\"https:\/\/www.gaveanews.com\/wp-content\/uploads\/Luis-Francisco-Zubeldia-treinador-do-Sao-Paulo-durante-partida-da-Copa-do-Brasil-2024.webp\" \/>\n\t<meta property=\"og:image:width\" content=\"1333\" \/>\n\t<meta property=\"og:image:height\" content=\"889\" \/>\n\t<meta property=\"og:image:type\" content=\"image\/webp\" \/>\n<meta name=\"author\" content=\"Marco Menezes\" \/>\n<meta name=\"twitter:card\" content=\"summary_large_image\" \/>\n<meta name=\"twitter:label1\" content=\"Escrito por\" \/>\n\t<meta name=\"twitter:data1\" content=\"Marco Menezes\" \/>\n\t<meta name=\"twitter:label2\" content=\"Est. tempo de leitura\" \/>\n\t<meta name=\"twitter:data2\" content=\"3 minutos\" \/>\n<script type=\"application\/ld+json\" class=\"yoast-schema-graph\">{\"@context\":\"https:\/\/schema.org\",\"@graph\":[{\"@type\":\"NewsArticle\",\"@id\":\"https:\/\/www.gaveanews.com\/index.php\/2024\/12\/07\/botafogo-x-sao-paulo-a-declaracao-de-zubeldia\/#article\",\"isPartOf\":{\"@id\":\"https:\/\/www.gaveanews.com\/index.php\/2024\/12\/07\/botafogo-x-sao-paulo-a-declaracao-de-zubeldia\/\"},\"author\":{\"name\":\"Marco Menezes\",\"@id\":\"https:\/\/www.gaveanews.com\/#\/schema\/person\/a9f62fe75380c6bada1b2fc49bc23d69\"},\"headline\":\"Botafogo x S\u00e3o Paulo: a declara\u00e7\u00e3o de Zubeld\u00eda\",\"datePublished\":\"2024-12-07T21:25:00+00:00\",\"mainEntityOfPage\":{\"@id\":\"https:\/\/www.gaveanews.com\/index.php\/2024\/12\/07\/botafogo-x-sao-paulo-a-declaracao-de-zubeldia\/\"},\"wordCount\":414,\"commentCount\":0,\"image\":{\"@id\":\"https:\/\/www.gaveanews.com\/index.php\/2024\/12\/07\/botafogo-x-sao-paulo-a-declaracao-de-zubeldia\/#primaryimage\"},\"thumbnailUrl\":\"https:\/\/www.gaveanews.com\/wp-content\/uploads\/Luis-Francisco-Zubeldia-treinador-do-Sao-Paulo-durante-partida-da-Copa-do-Brasil-2024.webp\",\"articleSection\":[\"S\u00e3o Paulo\"],\"inLanguage\":\"pt-BR\",\"potentialAction\":[{\"@type\":\"CommentAction\",\"name\":\"Comment\",\"target\":[\"https:\/\/www.gaveanews.com\/index.php\/2024\/12\/07\/botafogo-x-sao-paulo-a-declaracao-de-zubeldia\/#respond\"]}],\"copyrightYear\":\"2024\",\"copyrightHolder\":{\"@id\":\"https:\/\/www.gaveanews.com\/#organization\"}},{\"@type\":\"WebPage\",\"@id\":\"https:\/\/www.gaveanews.com\/index.php\/2024\/12\/07\/botafogo-x-sao-paulo-a-declaracao-de-zubeldia\/\",\"url\":\"https:\/\/www.gaveanews.com\/index.php\/2024\/12\/07\/botafogo-x-sao-paulo-a-declaracao-de-zubeldia\/\",\"name\":\"Botafogo x S\u00e3o Paulo: a declara\u00e7\u00e3o de Zubeld\u00eda\",\"isPartOf\":{\"@id\":\"https:\/\/www.gaveanews.com\/#website\"},\"primaryImageOfPage\":{\"@id\":\"https:\/\/www.gaveanews.com\/index.php\/2024\/12\/07\/botafogo-x-sao-paulo-a-declaracao-de-zubeldia\/#primaryimage\"},\"image\":{\"@id\":\"https:\/\/www.gaveanews.com\/index.php\/2024\/12\/07\/botafogo-x-sao-paulo-a-declaracao-de-zubeldia\/#primaryimage\"},\"thumbnailUrl\":\"https:\/\/www.gaveanews.com\/wp-content\/uploads\/Luis-Francisco-Zubeldia-treinador-do-Sao-Paulo-durante-partida-da-Copa-do-Brasil-2024.webp\",\"datePublished\":\"2024-12-07T21:25:00+00:00\",\"author\":{\"@id\":\"https:\/\/www.gaveanews.com\/#\/schema\/person\/a9f62fe75380c6bada1b2fc49bc23d69\"},\"breadcrumb\":{\"@id\":\"https:\/\/www.gaveanews.com\/index.php\/2024\/12\/07\/botafogo-x-sao-paulo-a-declaracao-de-zubeldia\/#breadcrumb\"},\"inLanguage\":\"pt-BR\",\"potentialAction\":[{\"@type\":\"ReadAction\",\"target\":[\"https:\/\/www.gaveanews.com\/index.php\/2024\/12\/07\/botafogo-x-sao-paulo-a-declaracao-de-zubeldia\/\"]}]},{\"@type\":\"ImageObject\",\"inLanguage\":\"pt-BR\",\"@id\":\"https:\/\/www.gaveanews.com\/index.php\/2024\/12\/07\/botafogo-x-sao-paulo-a-declaracao-de-zubeldia\/#primaryimage\",\"url\":\"https:\/\/www.gaveanews.com\/wp-content\/uploads\/Luis-Francisco-Zubeldia-treinador-do-Sao-Paulo-durante-partida-da-Copa-do-Brasil-2024.webp\",\"contentUrl\":\"https:\/\/www.gaveanews.com\/wp-content\/uploads\/Luis-Francisco-Zubeldia-treinador-do-Sao-Paulo-durante-partida-da-Copa-do-Brasil-2024.webp\",\"width\":1333,\"height\":889,\"caption\":\"Luis Francisco Zubeld\u00eda, treinador do S\u00e3o Paulo durante partida da Copa do Brasil 2024 (Foto: Rubens Chiri e Paulo Pinto\/S\u00e3o Paulo)\"},{\"@type\":\"BreadcrumbList\",\"@id\":\"https:\/\/www.gaveanews.com\/index.php\/2024\/12\/07\/botafogo-x-sao-paulo-a-declaracao-de-zubeldia\/#breadcrumb\",\"itemListElement\":[{\"@type\":\"ListItem\",\"position\":1,\"name\":\"Home\",\"item\":\"https:\/\/www.gaveanews.com\/\"},{\"@type\":\"ListItem\",\"position\":2,\"name\":\"Botafogo x S\u00e3o Paulo: a declara\u00e7\u00e3o de Zubeld\u00eda\"}]},{\"@type\":\"WebSite\",\"@id\":\"https:\/\/www.gaveanews.com\/#website\",\"url\":\"https:\/\/www.gaveanews.com\/\",\"name\":\"G\u00e1vea News\",\"description\":\"Veja todas as not\u00edcias sobre o Flamengo: Contrata\u00e7\u00f5es, categorias de base, resultados das partidas, tabela de classifica\u00e7\u00e3o, pr\u00f3ximos jogos!\",\"potentialAction\":[{\"@type\":\"SearchAction\",\"target\":{\"@type\":\"EntryPoint\",\"urlTemplate\":\"https:\/\/www.gaveanews.com\/?s={search_term_string}\"},\"query-input\":{\"@type\":\"PropertyValueSpecification\",\"valueRequired\":true,\"valueName\":\"search_term_string\"}}],\"inLanguage\":\"pt-BR\"},{\"@type\":\"Person\",\"@id\":\"https:\/\/www.gaveanews.com\/#\/schema\/person\/a9f62fe75380c6bada1b2fc49bc23d69\",\"name\":\"Marco Menezes\",\"image\":{\"@type\":\"ImageObject\",\"inLanguage\":\"pt-BR\",\"@id\":\"https:\/\/www.gaveanews.com\/#\/schema\/person\/image\/\",\"url\":\"https:\/\/secure.gravatar.com\/avatar\/a1d148ae17fc8bfc5dbccffd07979e8bd2c9ba494221779de86ec2c7907b71ec?s=96&d=mm&r=g\",\"contentUrl\":\"https:\/\/secure.gravatar.com\/avatar\/a1d148ae17fc8bfc5dbccffd07979e8bd2c9ba494221779de86ec2c7907b71ec?s=96&d=mm&r=g\",\"caption\":\"Marco Menezes\"}}]}<\/script>\n<!-- \/ Yoast SEO Premium plugin. -->","yoast_head_json":{"title":"Botafogo x S\u00e3o Paulo: a declara\u00e7\u00e3o de Zubeld\u00eda","robots":{"index":"index","follow":"follow","max-snippet":"max-snippet:-1","max-image-preview":"max-image-preview:large","max-video-preview":"max-video-preview:-1"},"canonical":"https:\/\/www.gaveanews.com\/index.php\/2024\/12\/07\/botafogo-x-sao-paulo-a-declaracao-de-zubeldia\/","og_locale":"pt_BR","og_type":"article","og_title":"Botafogo x S\u00e3o Paulo: a declara\u00e7\u00e3o de Zubeld\u00eda","og_description":"O S\u00e3o Paulo se despede do Campeonato Brasileiro na partida que definir\u00e1 o campe\u00e3o nacional, no pr\u00f3ximo domingo (8\/12), no Est\u00e1dio Nilton Santos. Apesar da import\u00e2ncia do jogo para o Botafogo, o Tricolor n\u00e3o tem nenhuma pretens\u00e3o na rodada final. Assim, o treinador Luis Zubeld\u00eda vai mandar \u00e0 campo uma equipe alternativa, com jogadores que [&hellip;]","og_url":"https:\/\/www.gaveanews.com\/index.php\/2024\/12\/07\/botafogo-x-sao-paulo-a-declaracao-de-zubeldia\/","og_site_name":"G\u00e1vea News","article_publisher":"https:\/\/facebook.com\/gaveaNews\/","article_published_time":"2024-12-07T21:25:00+00:00","og_image":[{"width":1333,"height":889,"url":"https:\/\/www.gaveanews.com\/wp-content\/uploads\/Luis-Francisco-Zubeldia-treinador-do-Sao-Paulo-durante-partida-da-Copa-do-Brasil-2024.webp","type":"image\/webp"}],"author":"Marco Menezes","twitter_card":"summary_large_image","twitter_misc":{"Escrito por":"Marco Menezes","Est. tempo de leitura":"3 minutos"},"schema":{"@context":"https:\/\/schema.org","@graph":[{"@type":"NewsArticle","@id":"https:\/\/www.gaveanews.com\/index.php\/2024\/12\/07\/botafogo-x-sao-paulo-a-declaracao-de-zubeldia\/#article","isPartOf":{"@id":"https:\/\/www.gaveanews.com\/index.php\/2024\/12\/07\/botafogo-x-sao-paulo-a-declaracao-de-zubeldia\/"},"author":{"name":"Marco Menezes","@id":"https:\/\/www.gaveanews.com\/#\/schema\/person\/a9f62fe75380c6bada1b2fc49bc23d69"},"headline":"Botafogo x S\u00e3o Paulo: a declara\u00e7\u00e3o de Zubeld\u00eda","datePublished":"2024-12-07T21:25:00+00:00","mainEntityOfPage":{"@id":"https:\/\/www.gaveanews.com\/index.php\/2024\/12\/07\/botafogo-x-sao-paulo-a-declaracao-de-zubeldia\/"},"wordCount":414,"commentCount":0,"image":{"@id":"https:\/\/www.gaveanews.com\/index.php\/2024\/12\/07\/botafogo-x-sao-paulo-a-declaracao-de-zubeldia\/#primaryimage"},"thumbnailUrl":"https:\/\/www.gaveanews.com\/wp-content\/uploads\/Luis-Francisco-Zubeldia-treinador-do-Sao-Paulo-durante-partida-da-Copa-do-Brasil-2024.webp","articleSection":["S\u00e3o Paulo"],"inLanguage":"pt-BR","potentialAction":[{"@type":"CommentAction","name":"Comment","target":["https:\/\/www.gaveanews.com\/index.php\/2024\/12\/07\/botafogo-x-sao-paulo-a-declaracao-de-zubeldia\/#respond"]}],"copyrightYear":"2024","copyrightHolder":{"@id":"https:\/\/www.gaveanews.com\/#organization"}},{"@type":"WebPage","@id":"https:\/\/www.gaveanews.com\/index.php\/2024\/12\/07\/botafogo-x-sao-paulo-a-declaracao-de-zubeldia\/","url":"https:\/\/www.gaveanews.com\/index.php\/2024\/12\/07\/botafogo-x-sao-paulo-a-declaracao-de-zubeldia\/","name":"Botafogo x S\u00e3o Paulo: a declara\u00e7\u00e3o de Zubeld\u00eda","isPartOf":{"@id":"https:\/\/www.gaveanews.com\/#website"},"primaryImageOfPage":{"@id":"https:\/\/www.gaveanews.com\/index.php\/2024\/12\/07\/botafogo-x-sao-paulo-a-declaracao-de-zubeldia\/#primaryimage"},"image":{"@id":"https:\/\/www.gaveanews.com\/index.php\/2024\/12\/07\/botafogo-x-sao-paulo-a-declaracao-de-zubeldia\/#primaryimage"},"thumbnailUrl":"https:\/\/www.gaveanews.com\/wp-content\/uploads\/Luis-Francisco-Zubeldia-treinador-do-Sao-Paulo-durante-partida-da-Copa-do-Brasil-2024.webp","datePublished":"2024-12-07T21:25:00+00:00","author":{"@id":"https:\/\/www.gaveanews.com\/#\/schema\/person\/a9f62fe75380c6bada1b2fc49bc23d69"},"breadcrumb":{"@id":"https:\/\/www.gaveanews.com\/index.php\/2024\/12\/07\/botafogo-x-sao-paulo-a-declaracao-de-zubeldia\/#breadcrumb"},"inLanguage":"pt-BR","potentialAction":[{"@type":"ReadAction","target":["https:\/\/www.gaveanews.com\/index.php\/2024\/12\/07\/botafogo-x-sao-paulo-a-declaracao-de-zubeldia\/"]}]},{"@type":"ImageObject","inLanguage":"pt-BR","@id":"https:\/\/www.gaveanews.com\/index.php\/2024\/12\/07\/botafogo-x-sao-paulo-a-declaracao-de-zubeldia\/#primaryimage","url":"https:\/\/www.gaveanews.com\/wp-content\/uploads\/Luis-Francisco-Zubeldia-treinador-do-Sao-Paulo-durante-partida-da-Copa-do-Brasil-2024.webp","contentUrl":"https:\/\/www.gaveanews.com\/wp-content\/uploads\/Luis-Francisco-Zubeldia-treinador-do-Sao-Paulo-durante-partida-da-Copa-do-Brasil-2024.webp","width":1333,"height":889,"caption":"Luis Francisco Zubeld\u00eda, treinador do S\u00e3o Paulo durante partida da Copa do Brasil 2024 (Foto: Rubens Chiri e Paulo Pinto\/S\u00e3o Paulo)"},{"@type":"BreadcrumbList","@id":"https:\/\/www.gaveanews.com\/index.php\/2024\/12\/07\/botafogo-x-sao-paulo-a-declaracao-de-zubeldia\/#breadcrumb","itemListElement":[{"@type":"ListItem","position":1,"name":"Home","item":"https:\/\/www.gaveanews.com\/"},{"@type":"ListItem","position":2,"name":"Botafogo x S\u00e3o Paulo: a declara\u00e7\u00e3o de Zubeld\u00eda"}]},{"@type":"WebSite","@id":"https:\/\/www.gaveanews.com\/#website","url":"https:\/\/www.gaveanews.com\/","name":"G\u00e1vea News","description":"Veja todas as not\u00edcias sobre o Flamengo: Contrata\u00e7\u00f5es, categorias de base, resultados das partidas, tabela de classifica\u00e7\u00e3o, pr\u00f3ximos jogos!","potentialAction":[{"@type":"SearchAction","target":{"@type":"EntryPoint","urlTemplate":"https:\/\/www.gaveanews.com\/?s={search_term_string}"},"query-input":{"@type":"PropertyValueSpecification","valueRequired":true,"valueName":"search_term_string"}}],"inLanguage":"pt-BR"},{"@type":"Person","@id":"https:\/\/www.gaveanews.com\/#\/schema\/person\/a9f62fe75380c6bada1b2fc49bc23d69","name":"Marco Menezes","image":{"@type":"ImageObject","inLanguage":"pt-BR","@id":"https:\/\/www.gaveanews.com\/#\/schema\/person\/image\/","url":"https:\/\/secure.gravatar.com\/avatar\/a1d148ae17fc8bfc5dbccffd07979e8bd2c9ba494221779de86ec2c7907b71ec?s=96&d=mm&r=g","contentUrl":"https:\/\/secure.gravatar.com\/avatar\/a1d148ae17fc8bfc5dbccffd07979e8bd2c9ba494221779de86ec2c7907b71ec?s=96&d=mm&r=g","caption":"Marco Menezes"}}]}},"_links":{"self":[{"href":"https:\/\/www.gaveanews.com\/index.php\/wp-json\/wp\/v2\/posts\/196202","targetHints":{"allow":["GET"]}}],"collection":[{"href":"https:\/\/www.gaveanews.com\/index.php\/wp-json\/wp\/v2\/posts"}],"about":[{"href":"https:\/\/www.gaveanews.com\/index.php\/wp-json\/wp\/v2\/types\/post"}],"author":[{"embeddable":true,"href":"https:\/\/www.gaveanews.com\/index.php\/wp-json\/wp\/v2\/users\/29"}],"replies":[{"embeddable":true,"href":"https:\/\/www.gaveanews.com\/index.php\/wp-json\/wp\/v2\/comments?post=196202"}],"version-history":[{"count":1,"href":"https:\/\/www.gaveanews.com\/index.php\/wp-json\/wp\/v2\/posts\/196202\/revisions"}],"predecessor-version":[{"id":196205,"href":"https:\/\/www.gaveanews.com\/index.php\/wp-json\/wp\/v2\/posts\/196202\/revisions\/196205"}],"wp:featuredmedia":[{"embeddable":true,"href":"https:\/\/www.gaveanews.com\/index.php\/wp-json\/wp\/v2\/media\/155699"}],"wp:attachment":[{"href":"https:\/\/www.gaveanews.com\/index.php\/wp-json\/wp\/v2\/media?parent=196202"}],"wp:term":[{"taxonomy":"category","embeddable":true,"href":"https:\/\/www.gaveanews.com\/index.php\/wp-json\/wp\/v2\/categories?post=196202"},{"taxonomy":"post_tag","embeddable":true,"href":"https:\/\/www.gaveanews.com\/index.php\/wp-json\/wp\/v2\/tags?post=196202"}],"curies":[{"name":"wp","href":"https:\/\/api.w.org\/{rel}","templated":true}]}}