{"id":196229,"date":"2024-12-07T15:45:00","date_gmt":"2024-12-07T18:45:00","guid":{"rendered":"https:\/\/www.gaveanews.com\/?p=196229"},"modified":"2024-12-07T14:50:32","modified_gmt":"2024-12-07T17:50:32","slug":"de-saida-do-palmeiras-dudu-entra-na-mira-de-gigante-da-serie-a","status":"publish","type":"post","link":"https:\/\/www.gaveanews.com\/index.php\/2024\/12\/07\/de-saida-do-palmeiras-dudu-entra-na-mira-de-gigante-da-serie-a\/","title":{"rendered":"De sa\u00edda do Palmeiras, Dudu entra na mira de gigante da S\u00e9rie A"},"content":{"rendered":"\n<p>Dudu, um dos principais nomes do futebol brasileiro est\u00e1 prestes a encerrar seu ciclo no Palmeiras e j\u00e1 come\u00e7a a despertar o interesse de grandes clubes, especialmente na S\u00e9rie A. Entre os candidatos \u00e0 contrata\u00e7\u00e3o, um clube surge como o favorito, demonstrando inten\u00e7\u00e3o clara de incorporar o jogador ao elenco para a pr\u00f3xima temporada.<\/p>\n\n\n\n<ul class=\"wp-block-list\">\n<li><a href=\"https:\/\/www.gaveanews.com\/index.php\/2024\/12\/06\/botafogo-ou-palmeiras-veja-a-premiacao-milionaria-para-o-campeao-do-brasileirao\/\">Botafogo ou Palmeiras? Veja a premia\u00e7\u00e3o milion\u00e1ria para o campe\u00e3o do Brasileir\u00e3o<\/a><\/li>\n\n\n\n<li><a href=\"https:\/\/www.gaveanews.com\/index.php\/2024\/12\/06\/de-saida-ze-rafael-rony-e-dudu-podem-deixar-o-palmeiras\/\">De sa\u00edda? Z\u00e9 Rafael, Rony e Dudu podem deixar o Palmeiras<\/a><\/li>\n<\/ul>\n\n\n\n<p>Trata-se do Cruzeiro, que dever\u00e1 intensificar as negocia\u00e7\u00f5es pelo jogador em breve. O atacante disputar\u00e1 sua \u00faltima partida pelo clube paulista neste domingo, em um jogo que marcar\u00e1 sua despedida oficial. Assim, com o encerramento da competi\u00e7\u00e3o, a expectativa \u00e9 que as negocia\u00e7\u00f5es com o clube mineiro ganhem f\u00f4lego j\u00e1 na pr\u00f3xima semana.<\/p>\n\n\n\n<p>Segundo informa\u00e7\u00f5es apuradas pelo &#8216;Globo Esporte&#8217;, o staff de Dudu est\u00e1 empenhado em encontrar um novo destino para o jogador, considerando que o Palmeiras n\u00e3o dever\u00e1 impor obst\u00e1culos \u00e0 sua sa\u00edda, mesmo com mais um ano de contrato vigente. A libera\u00e7\u00e3o deve ocorrer de forma natural, permitindo que o atacante inicie um novo cap\u00edtulo em sua carreira.<\/p>\n\n\n\n<p>A defini\u00e7\u00e3o do calend\u00e1rio do Cruzeiro, que ser\u00e1 confirmada ap\u00f3s o confronto contra o Juventude, tamb\u00e9m influencia no ritmo das negocia\u00e7\u00f5es. Caso o clube mineiro garanta vaga na Libertadores ou na Sul-Americana, as tratativas podem ganhar ainda mais for\u00e7a, consolidando o interesse m\u00fatuo entre as partes.<\/p>\n\n\n\n<h2 class=\"wp-block-heading\" id=\"h-dudu-enfrentou-polemica-com-o-cruzeiro\">Dudu enfrentou pol\u00eamica com o Cruzeiro <\/h2>\n\n\n\n<p>O hist\u00f3rico entre Dudu e o Cruzeiro, no entanto, n\u00e3o \u00e9 livre de pol\u00eamicas. Em junho, o clube mineiro chegou a anunciar um acordo envolvendo o atacante e o Palmeiras. Contudo, ap\u00f3s aceitar os termos propostos, Dudu recuou, alegando inten\u00e7\u00e3o de permanecer no time paulista. <\/p>\n\n\n\n<p>Na ocasi\u00e3o, o Cruzeiro encerrou as negocia\u00e7\u00f5es com uma declara\u00e7\u00e3o contundente, ressaltando a import\u00e2ncia de contar com atletas &#8220;compromissados e leais&#8221;. Todavia, o cen\u00e1rio atual parece mais favor\u00e1vel. Dudu deve assinar um contrato de m\u00e9dio prazo com o Cruzeiro, adaptado \u00e0 realidade financeira do clube.<\/p>\n\n\n<div class=\"wp-block-image\">\n<figure class=\"aligncenter size-large\"><img loading=\"lazy\" decoding=\"async\" width=\"1024\" height=\"683\" src=\"https:\/\/www.gaveanews.com\/wp-content\/uploads\/Bandeira-do-Cruzeiro-1024x683.webp\" alt=\"Bandeira do Cruzeiro \" class=\"wp-image-175601\" srcset=\"https:\/\/www.gaveanews.com\/wp-content\/uploads\/Bandeira-do-Cruzeiro-1024x683.webp 1024w, https:\/\/www.gaveanews.com\/wp-content\/uploads\/Bandeira-do-Cruzeiro-300x200.webp 300w, https:\/\/www.gaveanews.com\/wp-content\/uploads\/Bandeira-do-Cruzeiro-768x512.webp 768w, https:\/\/www.gaveanews.com\/wp-content\/uploads\/Bandeira-do-Cruzeiro-630x420.webp 630w, https:\/\/www.gaveanews.com\/wp-content\/uploads\/Bandeira-do-Cruzeiro-640x427.webp 640w, https:\/\/www.gaveanews.com\/wp-content\/uploads\/Bandeira-do-Cruzeiro-681x454.webp 681w, https:\/\/www.gaveanews.com\/wp-content\/uploads\/Bandeira-do-Cruzeiro-100x67.webp 100w, https:\/\/www.gaveanews.com\/wp-content\/uploads\/Bandeira-do-Cruzeiro.webp 1062w\" sizes=\"auto, (max-width: 1024px) 100vw, 1024px\" \/><figcaption class=\"wp-element-caption\">Bandeira do Cruzeiro (Foto: Reprodu\u00e7\u00e3o\/Cruzeiro)<\/figcaption><\/figure>\n<\/div>\n\n\n<p>Ainda de acordo com a publica\u00e7\u00e3o, o v\u00ednculo tamb\u00e9m incluiria cl\u00e1usulas espec\u00edficas, visando alinhar a contrata\u00e7\u00e3o ao planejamento estrat\u00e9gico do time. Apesar disso, o Cruzeiro mant\u00e9m a discri\u00e7\u00e3o, evitando comentar publicamente sobre negocia\u00e7\u00f5es em andamento.<\/p>\n\n\n\n<p>\u00c9 v\u00e1lido mencionar que, caso a transfer\u00eancia se concretize, o atacante se tornar\u00e1 uma pe\u00e7a fundamental para os planos do Cruzeiro na pr\u00f3xima temporada. Assim sendo, ele contribuir\u00e1 para um elenco mais competitivo tanto no cen\u00e1rio nacional quanto internacional.<\/p>\n","protected":false},"excerpt":{"rendered":"<p>Dudu, um dos principais nomes do futebol brasileiro est\u00e1 prestes a encerrar seu ciclo no Palmeiras e j\u00e1 come\u00e7a a despertar o interesse de grandes clubes, especialmente na S\u00e9rie A. Entre os candidatos \u00e0 contrata\u00e7\u00e3o, um clube surge como o favorito, demonstrando inten\u00e7\u00e3o clara de incorporar o jogador ao elenco para a pr\u00f3xima temporada. Trata-se [&hellip;]<\/p>\n","protected":false},"author":28,"featured_media":91439,"comment_status":"open","ping_status":"closed","sticky":false,"template":"","format":"standard","meta":{"footnotes":""},"categories":[143,150],"tags":[],"class_list":["post-196229","post","type-post","status-publish","format-standard","has-post-thumbnail","hentry","category-cruzeiro","category-palmeiras"],"yoast_head":"<!-- This site is optimized with the Yoast SEO Premium plugin v24.2 (Yoast SEO v26.9) - https:\/\/yoast.com\/product\/yoast-seo-premium-wordpress\/ -->\n<title>De sa\u00edda do Palmeiras, Dudu entra na mira de gigante da S\u00e9rie A<\/title>\n<meta name=\"robots\" content=\"index, follow, max-snippet:-1, max-image-preview:large, max-video-preview:-1\" \/>\n<link rel=\"canonical\" href=\"https:\/\/www.gaveanews.com\/index.php\/2024\/12\/07\/de-saida-do-palmeiras-dudu-entra-na-mira-de-gigante-da-serie-a\/\" \/>\n<meta property=\"og:locale\" content=\"pt_BR\" \/>\n<meta property=\"og:type\" content=\"article\" \/>\n<meta property=\"og:title\" content=\"De sa\u00edda do Palmeiras, Dudu entra na mira de gigante da S\u00e9rie A\" \/>\n<meta property=\"og:description\" content=\"Dudu, um dos principais nomes do futebol brasileiro est\u00e1 prestes a encerrar seu ciclo no Palmeiras e j\u00e1 come\u00e7a a despertar o interesse de grandes clubes, especialmente na S\u00e9rie A. Entre os candidatos \u00e0 contrata\u00e7\u00e3o, um clube surge como o favorito, demonstrando inten\u00e7\u00e3o clara de incorporar o jogador ao elenco para a pr\u00f3xima temporada. Trata-se [&hellip;]\" \/>\n<meta property=\"og:url\" content=\"https:\/\/www.gaveanews.com\/index.php\/2024\/12\/07\/de-saida-do-palmeiras-dudu-entra-na-mira-de-gigante-da-serie-a\/\" \/>\n<meta property=\"og:site_name\" content=\"G\u00e1vea News\" \/>\n<meta property=\"article:publisher\" content=\"https:\/\/facebook.com\/gaveaNews\/\" \/>\n<meta property=\"article:published_time\" content=\"2024-12-07T18:45:00+00:00\" \/>\n<meta property=\"og:image\" content=\"https:\/\/www.gaveanews.com\/wp-content\/uploads\/dudu-palmeiras.webp\" \/>\n\t<meta property=\"og:image:width\" content=\"846\" \/>\n\t<meta property=\"og:image:height\" content=\"476\" \/>\n\t<meta property=\"og:image:type\" content=\"image\/webp\" \/>\n<meta name=\"author\" content=\"Hudson Pereira\" \/>\n<meta name=\"twitter:card\" content=\"summary_large_image\" \/>\n<meta name=\"twitter:label1\" content=\"Escrito por\" \/>\n\t<meta name=\"twitter:data1\" content=\"Hudson Pereira\" \/>\n\t<meta name=\"twitter:label2\" content=\"Est. tempo de leitura\" \/>\n\t<meta name=\"twitter:data2\" content=\"3 minutos\" \/>\n<script type=\"application\/ld+json\" class=\"yoast-schema-graph\">{\"@context\":\"https:\/\/schema.org\",\"@graph\":[{\"@type\":\"NewsArticle\",\"@id\":\"https:\/\/www.gaveanews.com\/index.php\/2024\/12\/07\/de-saida-do-palmeiras-dudu-entra-na-mira-de-gigante-da-serie-a\/#article\",\"isPartOf\":{\"@id\":\"https:\/\/www.gaveanews.com\/index.php\/2024\/12\/07\/de-saida-do-palmeiras-dudu-entra-na-mira-de-gigante-da-serie-a\/\"},\"author\":{\"name\":\"Hudson Pereira\",\"@id\":\"https:\/\/www.gaveanews.com\/#\/schema\/person\/bd08f00534b403119b92741a6d469ef0\"},\"headline\":\"De sa\u00edda do Palmeiras, Dudu entra na mira de gigante da S\u00e9rie A\",\"datePublished\":\"2024-12-07T18:45:00+00:00\",\"mainEntityOfPage\":{\"@id\":\"https:\/\/www.gaveanews.com\/index.php\/2024\/12\/07\/de-saida-do-palmeiras-dudu-entra-na-mira-de-gigante-da-serie-a\/\"},\"wordCount\":475,\"commentCount\":0,\"image\":{\"@id\":\"https:\/\/www.gaveanews.com\/index.php\/2024\/12\/07\/de-saida-do-palmeiras-dudu-entra-na-mira-de-gigante-da-serie-a\/#primaryimage\"},\"thumbnailUrl\":\"https:\/\/www.gaveanews.com\/wp-content\/uploads\/dudu-palmeiras.webp\",\"articleSection\":[\"Cruzeiro\",\"Palmeiras\"],\"inLanguage\":\"pt-BR\",\"potentialAction\":[{\"@type\":\"CommentAction\",\"name\":\"Comment\",\"target\":[\"https:\/\/www.gaveanews.com\/index.php\/2024\/12\/07\/de-saida-do-palmeiras-dudu-entra-na-mira-de-gigante-da-serie-a\/#respond\"]}],\"copyrightYear\":\"2024\",\"copyrightHolder\":{\"@id\":\"https:\/\/www.gaveanews.com\/#organization\"}},{\"@type\":\"WebPage\",\"@id\":\"https:\/\/www.gaveanews.com\/index.php\/2024\/12\/07\/de-saida-do-palmeiras-dudu-entra-na-mira-de-gigante-da-serie-a\/\",\"url\":\"https:\/\/www.gaveanews.com\/index.php\/2024\/12\/07\/de-saida-do-palmeiras-dudu-entra-na-mira-de-gigante-da-serie-a\/\",\"name\":\"De sa\u00edda do Palmeiras, Dudu entra na mira de gigante da S\u00e9rie A\",\"isPartOf\":{\"@id\":\"https:\/\/www.gaveanews.com\/#website\"},\"primaryImageOfPage\":{\"@id\":\"https:\/\/www.gaveanews.com\/index.php\/2024\/12\/07\/de-saida-do-palmeiras-dudu-entra-na-mira-de-gigante-da-serie-a\/#primaryimage\"},\"image\":{\"@id\":\"https:\/\/www.gaveanews.com\/index.php\/2024\/12\/07\/de-saida-do-palmeiras-dudu-entra-na-mira-de-gigante-da-serie-a\/#primaryimage\"},\"thumbnailUrl\":\"https:\/\/www.gaveanews.com\/wp-content\/uploads\/dudu-palmeiras.webp\",\"datePublished\":\"2024-12-07T18:45:00+00:00\",\"author\":{\"@id\":\"https:\/\/www.gaveanews.com\/#\/schema\/person\/bd08f00534b403119b92741a6d469ef0\"},\"breadcrumb\":{\"@id\":\"https:\/\/www.gaveanews.com\/index.php\/2024\/12\/07\/de-saida-do-palmeiras-dudu-entra-na-mira-de-gigante-da-serie-a\/#breadcrumb\"},\"inLanguage\":\"pt-BR\",\"potentialAction\":[{\"@type\":\"ReadAction\",\"target\":[\"https:\/\/www.gaveanews.com\/index.php\/2024\/12\/07\/de-saida-do-palmeiras-dudu-entra-na-mira-de-gigante-da-serie-a\/\"]}]},{\"@type\":\"ImageObject\",\"inLanguage\":\"pt-BR\",\"@id\":\"https:\/\/www.gaveanews.com\/index.php\/2024\/12\/07\/de-saida-do-palmeiras-dudu-entra-na-mira-de-gigante-da-serie-a\/#primaryimage\",\"url\":\"https:\/\/www.gaveanews.com\/wp-content\/uploads\/dudu-palmeiras.webp\",\"contentUrl\":\"https:\/\/www.gaveanews.com\/wp-content\/uploads\/dudu-palmeiras.webp\",\"width\":846,\"height\":476,\"caption\":\"Dudu em jogo do Palmeiras (Foto: Cesar Greco\/Palmeiras)\"},{\"@type\":\"BreadcrumbList\",\"@id\":\"https:\/\/www.gaveanews.com\/index.php\/2024\/12\/07\/de-saida-do-palmeiras-dudu-entra-na-mira-de-gigante-da-serie-a\/#breadcrumb\",\"itemListElement\":[{\"@type\":\"ListItem\",\"position\":1,\"name\":\"Home\",\"item\":\"https:\/\/www.gaveanews.com\/\"},{\"@type\":\"ListItem\",\"position\":2,\"name\":\"De sa\u00edda do Palmeiras, Dudu entra na mira de gigante da S\u00e9rie A\"}]},{\"@type\":\"WebSite\",\"@id\":\"https:\/\/www.gaveanews.com\/#website\",\"url\":\"https:\/\/www.gaveanews.com\/\",\"name\":\"G\u00e1vea News\",\"description\":\"Veja todas as not\u00edcias sobre o Flamengo: Contrata\u00e7\u00f5es, categorias de base, resultados das partidas, tabela de classifica\u00e7\u00e3o, pr\u00f3ximos jogos!\",\"potentialAction\":[{\"@type\":\"SearchAction\",\"target\":{\"@type\":\"EntryPoint\",\"urlTemplate\":\"https:\/\/www.gaveanews.com\/?s={search_term_string}\"},\"query-input\":{\"@type\":\"PropertyValueSpecification\",\"valueRequired\":true,\"valueName\":\"search_term_string\"}}],\"inLanguage\":\"pt-BR\"},{\"@type\":\"Person\",\"@id\":\"https:\/\/www.gaveanews.com\/#\/schema\/person\/bd08f00534b403119b92741a6d469ef0\",\"name\":\"Hudson Pereira\",\"image\":{\"@type\":\"ImageObject\",\"inLanguage\":\"pt-BR\",\"@id\":\"https:\/\/www.gaveanews.com\/#\/schema\/person\/image\/\",\"url\":\"https:\/\/secure.gravatar.com\/avatar\/ecc491b489e454e510efffc9b23c1052ce5fb4f2e05555768ba65819cd55f03e?s=96&d=mm&r=g\",\"contentUrl\":\"https:\/\/secure.gravatar.com\/avatar\/ecc491b489e454e510efffc9b23c1052ce5fb4f2e05555768ba65819cd55f03e?s=96&d=mm&r=g\",\"caption\":\"Hudson Pereira\"}}]}<\/script>\n<!-- \/ Yoast SEO Premium plugin. -->","yoast_head_json":{"title":"De sa\u00edda do Palmeiras, Dudu entra na mira de gigante da S\u00e9rie A","robots":{"index":"index","follow":"follow","max-snippet":"max-snippet:-1","max-image-preview":"max-image-preview:large","max-video-preview":"max-video-preview:-1"},"canonical":"https:\/\/www.gaveanews.com\/index.php\/2024\/12\/07\/de-saida-do-palmeiras-dudu-entra-na-mira-de-gigante-da-serie-a\/","og_locale":"pt_BR","og_type":"article","og_title":"De sa\u00edda do Palmeiras, Dudu entra na mira de gigante da S\u00e9rie A","og_description":"Dudu, um dos principais nomes do futebol brasileiro est\u00e1 prestes a encerrar seu ciclo no Palmeiras e j\u00e1 come\u00e7a a despertar o interesse de grandes clubes, especialmente na S\u00e9rie A. Entre os candidatos \u00e0 contrata\u00e7\u00e3o, um clube surge como o favorito, demonstrando inten\u00e7\u00e3o clara de incorporar o jogador ao elenco para a pr\u00f3xima temporada. Trata-se [&hellip;]","og_url":"https:\/\/www.gaveanews.com\/index.php\/2024\/12\/07\/de-saida-do-palmeiras-dudu-entra-na-mira-de-gigante-da-serie-a\/","og_site_name":"G\u00e1vea News","article_publisher":"https:\/\/facebook.com\/gaveaNews\/","article_published_time":"2024-12-07T18:45:00+00:00","og_image":[{"width":846,"height":476,"url":"https:\/\/www.gaveanews.com\/wp-content\/uploads\/dudu-palmeiras.webp","type":"image\/webp"}],"author":"Hudson Pereira","twitter_card":"summary_large_image","twitter_misc":{"Escrito por":"Hudson Pereira","Est. tempo de leitura":"3 minutos"},"schema":{"@context":"https:\/\/schema.org","@graph":[{"@type":"NewsArticle","@id":"https:\/\/www.gaveanews.com\/index.php\/2024\/12\/07\/de-saida-do-palmeiras-dudu-entra-na-mira-de-gigante-da-serie-a\/#article","isPartOf":{"@id":"https:\/\/www.gaveanews.com\/index.php\/2024\/12\/07\/de-saida-do-palmeiras-dudu-entra-na-mira-de-gigante-da-serie-a\/"},"author":{"name":"Hudson Pereira","@id":"https:\/\/www.gaveanews.com\/#\/schema\/person\/bd08f00534b403119b92741a6d469ef0"},"headline":"De sa\u00edda do Palmeiras, Dudu entra na mira de gigante da S\u00e9rie A","datePublished":"2024-12-07T18:45:00+00:00","mainEntityOfPage":{"@id":"https:\/\/www.gaveanews.com\/index.php\/2024\/12\/07\/de-saida-do-palmeiras-dudu-entra-na-mira-de-gigante-da-serie-a\/"},"wordCount":475,"commentCount":0,"image":{"@id":"https:\/\/www.gaveanews.com\/index.php\/2024\/12\/07\/de-saida-do-palmeiras-dudu-entra-na-mira-de-gigante-da-serie-a\/#primaryimage"},"thumbnailUrl":"https:\/\/www.gaveanews.com\/wp-content\/uploads\/dudu-palmeiras.webp","articleSection":["Cruzeiro","Palmeiras"],"inLanguage":"pt-BR","potentialAction":[{"@type":"CommentAction","name":"Comment","target":["https:\/\/www.gaveanews.com\/index.php\/2024\/12\/07\/de-saida-do-palmeiras-dudu-entra-na-mira-de-gigante-da-serie-a\/#respond"]}],"copyrightYear":"2024","copyrightHolder":{"@id":"https:\/\/www.gaveanews.com\/#organization"}},{"@type":"WebPage","@id":"https:\/\/www.gaveanews.com\/index.php\/2024\/12\/07\/de-saida-do-palmeiras-dudu-entra-na-mira-de-gigante-da-serie-a\/","url":"https:\/\/www.gaveanews.com\/index.php\/2024\/12\/07\/de-saida-do-palmeiras-dudu-entra-na-mira-de-gigante-da-serie-a\/","name":"De sa\u00edda do Palmeiras, Dudu entra na mira de gigante da S\u00e9rie A","isPartOf":{"@id":"https:\/\/www.gaveanews.com\/#website"},"primaryImageOfPage":{"@id":"https:\/\/www.gaveanews.com\/index.php\/2024\/12\/07\/de-saida-do-palmeiras-dudu-entra-na-mira-de-gigante-da-serie-a\/#primaryimage"},"image":{"@id":"https:\/\/www.gaveanews.com\/index.php\/2024\/12\/07\/de-saida-do-palmeiras-dudu-entra-na-mira-de-gigante-da-serie-a\/#primaryimage"},"thumbnailUrl":"https:\/\/www.gaveanews.com\/wp-content\/uploads\/dudu-palmeiras.webp","datePublished":"2024-12-07T18:45:00+00:00","author":{"@id":"https:\/\/www.gaveanews.com\/#\/schema\/person\/bd08f00534b403119b92741a6d469ef0"},"breadcrumb":{"@id":"https:\/\/www.gaveanews.com\/index.php\/2024\/12\/07\/de-saida-do-palmeiras-dudu-entra-na-mira-de-gigante-da-serie-a\/#breadcrumb"},"inLanguage":"pt-BR","potentialAction":[{"@type":"ReadAction","target":["https:\/\/www.gaveanews.com\/index.php\/2024\/12\/07\/de-saida-do-palmeiras-dudu-entra-na-mira-de-gigante-da-serie-a\/"]}]},{"@type":"ImageObject","inLanguage":"pt-BR","@id":"https:\/\/www.gaveanews.com\/index.php\/2024\/12\/07\/de-saida-do-palmeiras-dudu-entra-na-mira-de-gigante-da-serie-a\/#primaryimage","url":"https:\/\/www.gaveanews.com\/wp-content\/uploads\/dudu-palmeiras.webp","contentUrl":"https:\/\/www.gaveanews.com\/wp-content\/uploads\/dudu-palmeiras.webp","width":846,"height":476,"caption":"Dudu em jogo do Palmeiras (Foto: Cesar Greco\/Palmeiras)"},{"@type":"BreadcrumbList","@id":"https:\/\/www.gaveanews.com\/index.php\/2024\/12\/07\/de-saida-do-palmeiras-dudu-entra-na-mira-de-gigante-da-serie-a\/#breadcrumb","itemListElement":[{"@type":"ListItem","position":1,"name":"Home","item":"https:\/\/www.gaveanews.com\/"},{"@type":"ListItem","position":2,"name":"De sa\u00edda do Palmeiras, Dudu entra na mira de gigante da S\u00e9rie A"}]},{"@type":"WebSite","@id":"https:\/\/www.gaveanews.com\/#website","url":"https:\/\/www.gaveanews.com\/","name":"G\u00e1vea News","description":"Veja todas as not\u00edcias sobre o Flamengo: Contrata\u00e7\u00f5es, categorias de base, resultados das partidas, tabela de classifica\u00e7\u00e3o, pr\u00f3ximos jogos!","potentialAction":[{"@type":"SearchAction","target":{"@type":"EntryPoint","urlTemplate":"https:\/\/www.gaveanews.com\/?s={search_term_string}"},"query-input":{"@type":"PropertyValueSpecification","valueRequired":true,"valueName":"search_term_string"}}],"inLanguage":"pt-BR"},{"@type":"Person","@id":"https:\/\/www.gaveanews.com\/#\/schema\/person\/bd08f00534b403119b92741a6d469ef0","name":"Hudson Pereira","image":{"@type":"ImageObject","inLanguage":"pt-BR","@id":"https:\/\/www.gaveanews.com\/#\/schema\/person\/image\/","url":"https:\/\/secure.gravatar.com\/avatar\/ecc491b489e454e510efffc9b23c1052ce5fb4f2e05555768ba65819cd55f03e?s=96&d=mm&r=g","contentUrl":"https:\/\/secure.gravatar.com\/avatar\/ecc491b489e454e510efffc9b23c1052ce5fb4f2e05555768ba65819cd55f03e?s=96&d=mm&r=g","caption":"Hudson Pereira"}}]}},"_links":{"self":[{"href":"https:\/\/www.gaveanews.com\/index.php\/wp-json\/wp\/v2\/posts\/196229","targetHints":{"allow":["GET"]}}],"collection":[{"href":"https:\/\/www.gaveanews.com\/index.php\/wp-json\/wp\/v2\/posts"}],"about":[{"href":"https:\/\/www.gaveanews.com\/index.php\/wp-json\/wp\/v2\/types\/post"}],"author":[{"embeddable":true,"href":"https:\/\/www.gaveanews.com\/index.php\/wp-json\/wp\/v2\/users\/28"}],"replies":[{"embeddable":true,"href":"https:\/\/www.gaveanews.com\/index.php\/wp-json\/wp\/v2\/comments?post=196229"}],"version-history":[{"count":2,"href":"https:\/\/www.gaveanews.com\/index.php\/wp-json\/wp\/v2\/posts\/196229\/revisions"}],"predecessor-version":[{"id":196236,"href":"https:\/\/www.gaveanews.com\/index.php\/wp-json\/wp\/v2\/posts\/196229\/revisions\/196236"}],"wp:featuredmedia":[{"embeddable":true,"href":"https:\/\/www.gaveanews.com\/index.php\/wp-json\/wp\/v2\/media\/91439"}],"wp:attachment":[{"href":"https:\/\/www.gaveanews.com\/index.php\/wp-json\/wp\/v2\/media?parent=196229"}],"wp:term":[{"taxonomy":"category","embeddable":true,"href":"https:\/\/www.gaveanews.com\/index.php\/wp-json\/wp\/v2\/categories?post=196229"},{"taxonomy":"post_tag","embeddable":true,"href":"https:\/\/www.gaveanews.com\/index.php\/wp-json\/wp\/v2\/tags?post=196229"}],"curies":[{"name":"wp","href":"https:\/\/api.w.org\/{rel}","templated":true}]}}