{"id":196233,"date":"2024-12-07T15:40:00","date_gmt":"2024-12-07T18:40:00","guid":{"rendered":"https:\/\/www.gaveanews.com\/?p=196233"},"modified":"2024-12-07T14:49:48","modified_gmt":"2024-12-07T17:49:48","slug":"a-declaracao-yuri-alberto-sobre-memphis-depay-do-corinthians","status":"publish","type":"post","link":"https:\/\/www.gaveanews.com\/index.php\/2024\/12\/07\/a-declaracao-yuri-alberto-sobre-memphis-depay-do-corinthians\/","title":{"rendered":"A declara\u00e7\u00e3o Yuri Alberto sobre Memphis Depay, do Corinthians"},"content":{"rendered":"\n<p>O artilheiro do Brasil, Yuri Alberto revelou uma conversa que teve com Memphis Depay, em que o neerland\u00eas prometeu que eles ir\u00e3o conquistar t\u00edtulos com a camisa do Corinthians. Com especula\u00e7\u00f5es sobre sa\u00edda do camisa 9 sendo ventiladas na imprensa, o jogador admitiu que pode, sim, sair do clube.<\/p>\n\n\n\n<ul class=\"wp-block-list\">\n<li><a href=\"https:\/\/www.gaveanews.com\/index.php\/2024\/12\/07\/situacao-de-romero-declaracao-de-depay-e-renovacao-ate-2029-as-ultimas-noticias-do-corinthians\/\">Situa\u00e7\u00e3o de Romero, declara\u00e7\u00e3o de Depay e renova\u00e7\u00e3o at\u00e9 2029: as \u00faltimas not\u00edcias do Corinthians<\/a><\/li>\n\n\n\n<li><a href=\"https:\/\/www.gaveanews.com\/index.php\/2024\/12\/07\/vaquinha-da-arena-declaracao-de-neto-e-mudanca-no-planejamento-2025-as-ultimas-noticias-do-corinthians\/\">Vaquinha da Arena, declara\u00e7\u00e3o de Neto e mudan\u00e7a no planejamento 2025: as \u00faltimas not\u00edcias do Corinthians<\/a><\/li>\n<\/ul>\n\n\n\n<p>A dupla Yuri Alberto e Memphis Depay conquistaram o cora\u00e7\u00e3o corintiano e tamb\u00e9m galgaram o clube de postulante ao rebaixamento, para classificado para a pr\u00f3xima Copa Libertadores da Am\u00e9rica. Juntos, participaram de 15 jogos com o Tim\u00e3o, participando de 18 gols. S\u00e3o 15 gols e 3 assist\u00eancias em que os jogadores estiveram envolvidos.<\/p>\n\n\n\n<p>Durante a participa\u00e7\u00e3o no podcast Podpah, do Youtube, Yuri falou sobre a rela\u00e7\u00e3o com o neerland\u00eas. Ele disse que o atacante lhe prometeu que eles ir\u00e3o conquistar t\u00edtulos com a camisa do Corinthians, na pr\u00f3xima temporada.<\/p>\n\n\n\n<p>&#8220;Memphis mandou mensagem ontem, ele postou um monte de foto, e uma foto \u00e9 a nossa vendo o jogo contra o Vasco no camarote&#8230; Comentei na foto, escrevi &#8216;i love you (eu te amo)&#8217; e ele mandou mensagem, falando que vamos conquistar muitas coisas juntos, vamos ganhar t\u00edtulos&#8221;, disse Yuri ao Podpah.<\/p>\n\n\n\n<p>Mas, apesar da proje\u00e7\u00e3o de Memphis, Yuri Alberto n\u00e3o descarta uma sa\u00edda. Se chegar alguma proposta vi\u00e1vel para ele e para o Alvinegro, a tend\u00eancia \u00e9 que eles se sentem para analis\u00e1-la e decidir o que far\u00e3o.<\/p>\n\n\n\n<p>&#8220;Se tiver uma proposta boa para o Corinthians e para mim, vamos sentar e conversar. Feito. Se n\u00e3o for, vambora. Gra\u00e7as a Deus tenho um contrato muito bom aqui&#8221;, comentou.<\/p>\n\n\n\n<p>Yuri Alberto viveu maus e bons momentos na equipe do Parque S\u00e3o Jorge neste ano. Ele passou por um per\u00edodo de baixa e foi at\u00e9 chamado de \u201cburro\u201d pelo ex-treinador Mano Menezes. No entanto, mostrou resili\u00eancia e, principalmente, qualidade para alcan\u00e7ar o topo da artilharia do pa\u00eds e do Campeonato Brasileiro.<\/p>\n\n\n\n<p>Em 2024, ele participou de 57 jogos e anotou 30 gols, se igualando a Pedro, do Flamengo, como o goleador m\u00e1ximo do Brasil. J\u00e1 no Brasileir\u00e3o, ele chegou aos 14 gols, com o tento anotado contra o Bahia, na \u00faltima rodada, e divide a artilharia com Alerrandro, do Vit\u00f3ria.<\/p>\n","protected":false},"excerpt":{"rendered":"<p>O artilheiro do Brasil, Yuri Alberto revelou uma conversa que teve com Memphis Depay, em que o neerland\u00eas prometeu que eles ir\u00e3o conquistar t\u00edtulos com a camisa do Corinthians. Com especula\u00e7\u00f5es sobre sa\u00edda do camisa 9 sendo ventiladas na imprensa, o jogador admitiu que pode, sim, sair do clube. A dupla Yuri Alberto e Memphis [&hellip;]<\/p>\n","protected":false},"author":29,"featured_media":167548,"comment_status":"open","ping_status":"closed","sticky":false,"template":"","format":"standard","meta":{"footnotes":""},"categories":[141],"tags":[],"class_list":["post-196233","post","type-post","status-publish","format-standard","has-post-thumbnail","hentry","category-corinthians"],"yoast_head":"<!-- This site is optimized with the Yoast SEO Premium plugin v24.2 (Yoast SEO v26.9) - https:\/\/yoast.com\/product\/yoast-seo-premium-wordpress\/ -->\n<title>A declara\u00e7\u00e3o Yuri Alberto sobre Memphis Depay, do Corinthians<\/title>\n<meta name=\"robots\" content=\"index, follow, max-snippet:-1, max-image-preview:large, max-video-preview:-1\" \/>\n<link rel=\"canonical\" href=\"https:\/\/www.gaveanews.com\/index.php\/2024\/12\/07\/a-declaracao-yuri-alberto-sobre-memphis-depay-do-corinthians\/\" \/>\n<meta property=\"og:locale\" content=\"pt_BR\" \/>\n<meta property=\"og:type\" content=\"article\" \/>\n<meta property=\"og:title\" content=\"A declara\u00e7\u00e3o Yuri Alberto sobre Memphis Depay, do Corinthians\" \/>\n<meta property=\"og:description\" content=\"O artilheiro do Brasil, Yuri Alberto revelou uma conversa que teve com Memphis Depay, em que o neerland\u00eas prometeu que eles ir\u00e3o conquistar t\u00edtulos com a camisa do Corinthians. Com especula\u00e7\u00f5es sobre sa\u00edda do camisa 9 sendo ventiladas na imprensa, o jogador admitiu que pode, sim, sair do clube. A dupla Yuri Alberto e Memphis [&hellip;]\" \/>\n<meta property=\"og:url\" content=\"https:\/\/www.gaveanews.com\/index.php\/2024\/12\/07\/a-declaracao-yuri-alberto-sobre-memphis-depay-do-corinthians\/\" \/>\n<meta property=\"og:site_name\" content=\"G\u00e1vea News\" \/>\n<meta property=\"article:publisher\" content=\"https:\/\/facebook.com\/gaveaNews\/\" \/>\n<meta property=\"article:published_time\" content=\"2024-12-07T18:40:00+00:00\" \/>\n<meta property=\"og:image\" content=\"https:\/\/www.gaveanews.com\/wp-content\/uploads\/Memphis-Depay-com-a-camisa-do-Corinthians-em-2024-1.webp\" \/>\n\t<meta property=\"og:image:width\" content=\"1182\" \/>\n\t<meta property=\"og:image:height\" content=\"788\" \/>\n\t<meta property=\"og:image:type\" content=\"image\/webp\" \/>\n<meta name=\"author\" content=\"Marco Menezes\" \/>\n<meta name=\"twitter:card\" content=\"summary_large_image\" \/>\n<meta name=\"twitter:label1\" content=\"Escrito por\" \/>\n\t<meta name=\"twitter:data1\" content=\"Marco Menezes\" \/>\n\t<meta name=\"twitter:label2\" content=\"Est. tempo de leitura\" \/>\n\t<meta name=\"twitter:data2\" content=\"3 minutos\" \/>\n<script type=\"application\/ld+json\" class=\"yoast-schema-graph\">{\"@context\":\"https:\/\/schema.org\",\"@graph\":[{\"@type\":\"NewsArticle\",\"@id\":\"https:\/\/www.gaveanews.com\/index.php\/2024\/12\/07\/a-declaracao-yuri-alberto-sobre-memphis-depay-do-corinthians\/#article\",\"isPartOf\":{\"@id\":\"https:\/\/www.gaveanews.com\/index.php\/2024\/12\/07\/a-declaracao-yuri-alberto-sobre-memphis-depay-do-corinthians\/\"},\"author\":{\"name\":\"Marco Menezes\",\"@id\":\"https:\/\/www.gaveanews.com\/#\/schema\/person\/a9f62fe75380c6bada1b2fc49bc23d69\"},\"headline\":\"A declara\u00e7\u00e3o Yuri Alberto sobre Memphis Depay, do Corinthians\",\"datePublished\":\"2024-12-07T18:40:00+00:00\",\"mainEntityOfPage\":{\"@id\":\"https:\/\/www.gaveanews.com\/index.php\/2024\/12\/07\/a-declaracao-yuri-alberto-sobre-memphis-depay-do-corinthians\/\"},\"wordCount\":428,\"commentCount\":0,\"image\":{\"@id\":\"https:\/\/www.gaveanews.com\/index.php\/2024\/12\/07\/a-declaracao-yuri-alberto-sobre-memphis-depay-do-corinthians\/#primaryimage\"},\"thumbnailUrl\":\"https:\/\/www.gaveanews.com\/wp-content\/uploads\/Memphis-Depay-com-a-camisa-do-Corinthians-em-2024-1.webp\",\"articleSection\":[\"Corinthians\"],\"inLanguage\":\"pt-BR\",\"potentialAction\":[{\"@type\":\"CommentAction\",\"name\":\"Comment\",\"target\":[\"https:\/\/www.gaveanews.com\/index.php\/2024\/12\/07\/a-declaracao-yuri-alberto-sobre-memphis-depay-do-corinthians\/#respond\"]}],\"copyrightYear\":\"2024\",\"copyrightHolder\":{\"@id\":\"https:\/\/www.gaveanews.com\/#organization\"}},{\"@type\":\"WebPage\",\"@id\":\"https:\/\/www.gaveanews.com\/index.php\/2024\/12\/07\/a-declaracao-yuri-alberto-sobre-memphis-depay-do-corinthians\/\",\"url\":\"https:\/\/www.gaveanews.com\/index.php\/2024\/12\/07\/a-declaracao-yuri-alberto-sobre-memphis-depay-do-corinthians\/\",\"name\":\"A declara\u00e7\u00e3o Yuri Alberto sobre Memphis Depay, do Corinthians\",\"isPartOf\":{\"@id\":\"https:\/\/www.gaveanews.com\/#website\"},\"primaryImageOfPage\":{\"@id\":\"https:\/\/www.gaveanews.com\/index.php\/2024\/12\/07\/a-declaracao-yuri-alberto-sobre-memphis-depay-do-corinthians\/#primaryimage\"},\"image\":{\"@id\":\"https:\/\/www.gaveanews.com\/index.php\/2024\/12\/07\/a-declaracao-yuri-alberto-sobre-memphis-depay-do-corinthians\/#primaryimage\"},\"thumbnailUrl\":\"https:\/\/www.gaveanews.com\/wp-content\/uploads\/Memphis-Depay-com-a-camisa-do-Corinthians-em-2024-1.webp\",\"datePublished\":\"2024-12-07T18:40:00+00:00\",\"author\":{\"@id\":\"https:\/\/www.gaveanews.com\/#\/schema\/person\/a9f62fe75380c6bada1b2fc49bc23d69\"},\"breadcrumb\":{\"@id\":\"https:\/\/www.gaveanews.com\/index.php\/2024\/12\/07\/a-declaracao-yuri-alberto-sobre-memphis-depay-do-corinthians\/#breadcrumb\"},\"inLanguage\":\"pt-BR\",\"potentialAction\":[{\"@type\":\"ReadAction\",\"target\":[\"https:\/\/www.gaveanews.com\/index.php\/2024\/12\/07\/a-declaracao-yuri-alberto-sobre-memphis-depay-do-corinthians\/\"]}]},{\"@type\":\"ImageObject\",\"inLanguage\":\"pt-BR\",\"@id\":\"https:\/\/www.gaveanews.com\/index.php\/2024\/12\/07\/a-declaracao-yuri-alberto-sobre-memphis-depay-do-corinthians\/#primaryimage\",\"url\":\"https:\/\/www.gaveanews.com\/wp-content\/uploads\/Memphis-Depay-com-a-camisa-do-Corinthians-em-2024-1.webp\",\"contentUrl\":\"https:\/\/www.gaveanews.com\/wp-content\/uploads\/Memphis-Depay-com-a-camisa-do-Corinthians-em-2024-1.webp\",\"width\":1182,\"height\":788,\"caption\":\"Memphis Depay com a camisa do Corinthians em 2024 (Foto: Reprodu\u00e7\u00e3o\/Instagram)\"},{\"@type\":\"BreadcrumbList\",\"@id\":\"https:\/\/www.gaveanews.com\/index.php\/2024\/12\/07\/a-declaracao-yuri-alberto-sobre-memphis-depay-do-corinthians\/#breadcrumb\",\"itemListElement\":[{\"@type\":\"ListItem\",\"position\":1,\"name\":\"Home\",\"item\":\"https:\/\/www.gaveanews.com\/\"},{\"@type\":\"ListItem\",\"position\":2,\"name\":\"A declara\u00e7\u00e3o Yuri Alberto sobre Memphis Depay, do Corinthians\"}]},{\"@type\":\"WebSite\",\"@id\":\"https:\/\/www.gaveanews.com\/#website\",\"url\":\"https:\/\/www.gaveanews.com\/\",\"name\":\"G\u00e1vea News\",\"description\":\"Veja todas as not\u00edcias sobre o Flamengo: Contrata\u00e7\u00f5es, categorias de base, resultados das partidas, tabela de classifica\u00e7\u00e3o, pr\u00f3ximos jogos!\",\"potentialAction\":[{\"@type\":\"SearchAction\",\"target\":{\"@type\":\"EntryPoint\",\"urlTemplate\":\"https:\/\/www.gaveanews.com\/?s={search_term_string}\"},\"query-input\":{\"@type\":\"PropertyValueSpecification\",\"valueRequired\":true,\"valueName\":\"search_term_string\"}}],\"inLanguage\":\"pt-BR\"},{\"@type\":\"Person\",\"@id\":\"https:\/\/www.gaveanews.com\/#\/schema\/person\/a9f62fe75380c6bada1b2fc49bc23d69\",\"name\":\"Marco Menezes\",\"image\":{\"@type\":\"ImageObject\",\"inLanguage\":\"pt-BR\",\"@id\":\"https:\/\/www.gaveanews.com\/#\/schema\/person\/image\/\",\"url\":\"https:\/\/secure.gravatar.com\/avatar\/a1d148ae17fc8bfc5dbccffd07979e8bd2c9ba494221779de86ec2c7907b71ec?s=96&d=mm&r=g\",\"contentUrl\":\"https:\/\/secure.gravatar.com\/avatar\/a1d148ae17fc8bfc5dbccffd07979e8bd2c9ba494221779de86ec2c7907b71ec?s=96&d=mm&r=g\",\"caption\":\"Marco Menezes\"}}]}<\/script>\n<!-- \/ Yoast SEO Premium plugin. -->","yoast_head_json":{"title":"A declara\u00e7\u00e3o Yuri Alberto sobre Memphis Depay, do Corinthians","robots":{"index":"index","follow":"follow","max-snippet":"max-snippet:-1","max-image-preview":"max-image-preview:large","max-video-preview":"max-video-preview:-1"},"canonical":"https:\/\/www.gaveanews.com\/index.php\/2024\/12\/07\/a-declaracao-yuri-alberto-sobre-memphis-depay-do-corinthians\/","og_locale":"pt_BR","og_type":"article","og_title":"A declara\u00e7\u00e3o Yuri Alberto sobre Memphis Depay, do Corinthians","og_description":"O artilheiro do Brasil, Yuri Alberto revelou uma conversa que teve com Memphis Depay, em que o neerland\u00eas prometeu que eles ir\u00e3o conquistar t\u00edtulos com a camisa do Corinthians. Com especula\u00e7\u00f5es sobre sa\u00edda do camisa 9 sendo ventiladas na imprensa, o jogador admitiu que pode, sim, sair do clube. A dupla Yuri Alberto e Memphis [&hellip;]","og_url":"https:\/\/www.gaveanews.com\/index.php\/2024\/12\/07\/a-declaracao-yuri-alberto-sobre-memphis-depay-do-corinthians\/","og_site_name":"G\u00e1vea News","article_publisher":"https:\/\/facebook.com\/gaveaNews\/","article_published_time":"2024-12-07T18:40:00+00:00","og_image":[{"width":1182,"height":788,"url":"https:\/\/www.gaveanews.com\/wp-content\/uploads\/Memphis-Depay-com-a-camisa-do-Corinthians-em-2024-1.webp","type":"image\/webp"}],"author":"Marco Menezes","twitter_card":"summary_large_image","twitter_misc":{"Escrito por":"Marco Menezes","Est. tempo de leitura":"3 minutos"},"schema":{"@context":"https:\/\/schema.org","@graph":[{"@type":"NewsArticle","@id":"https:\/\/www.gaveanews.com\/index.php\/2024\/12\/07\/a-declaracao-yuri-alberto-sobre-memphis-depay-do-corinthians\/#article","isPartOf":{"@id":"https:\/\/www.gaveanews.com\/index.php\/2024\/12\/07\/a-declaracao-yuri-alberto-sobre-memphis-depay-do-corinthians\/"},"author":{"name":"Marco Menezes","@id":"https:\/\/www.gaveanews.com\/#\/schema\/person\/a9f62fe75380c6bada1b2fc49bc23d69"},"headline":"A declara\u00e7\u00e3o Yuri Alberto sobre Memphis Depay, do Corinthians","datePublished":"2024-12-07T18:40:00+00:00","mainEntityOfPage":{"@id":"https:\/\/www.gaveanews.com\/index.php\/2024\/12\/07\/a-declaracao-yuri-alberto-sobre-memphis-depay-do-corinthians\/"},"wordCount":428,"commentCount":0,"image":{"@id":"https:\/\/www.gaveanews.com\/index.php\/2024\/12\/07\/a-declaracao-yuri-alberto-sobre-memphis-depay-do-corinthians\/#primaryimage"},"thumbnailUrl":"https:\/\/www.gaveanews.com\/wp-content\/uploads\/Memphis-Depay-com-a-camisa-do-Corinthians-em-2024-1.webp","articleSection":["Corinthians"],"inLanguage":"pt-BR","potentialAction":[{"@type":"CommentAction","name":"Comment","target":["https:\/\/www.gaveanews.com\/index.php\/2024\/12\/07\/a-declaracao-yuri-alberto-sobre-memphis-depay-do-corinthians\/#respond"]}],"copyrightYear":"2024","copyrightHolder":{"@id":"https:\/\/www.gaveanews.com\/#organization"}},{"@type":"WebPage","@id":"https:\/\/www.gaveanews.com\/index.php\/2024\/12\/07\/a-declaracao-yuri-alberto-sobre-memphis-depay-do-corinthians\/","url":"https:\/\/www.gaveanews.com\/index.php\/2024\/12\/07\/a-declaracao-yuri-alberto-sobre-memphis-depay-do-corinthians\/","name":"A declara\u00e7\u00e3o Yuri Alberto sobre Memphis Depay, do Corinthians","isPartOf":{"@id":"https:\/\/www.gaveanews.com\/#website"},"primaryImageOfPage":{"@id":"https:\/\/www.gaveanews.com\/index.php\/2024\/12\/07\/a-declaracao-yuri-alberto-sobre-memphis-depay-do-corinthians\/#primaryimage"},"image":{"@id":"https:\/\/www.gaveanews.com\/index.php\/2024\/12\/07\/a-declaracao-yuri-alberto-sobre-memphis-depay-do-corinthians\/#primaryimage"},"thumbnailUrl":"https:\/\/www.gaveanews.com\/wp-content\/uploads\/Memphis-Depay-com-a-camisa-do-Corinthians-em-2024-1.webp","datePublished":"2024-12-07T18:40:00+00:00","author":{"@id":"https:\/\/www.gaveanews.com\/#\/schema\/person\/a9f62fe75380c6bada1b2fc49bc23d69"},"breadcrumb":{"@id":"https:\/\/www.gaveanews.com\/index.php\/2024\/12\/07\/a-declaracao-yuri-alberto-sobre-memphis-depay-do-corinthians\/#breadcrumb"},"inLanguage":"pt-BR","potentialAction":[{"@type":"ReadAction","target":["https:\/\/www.gaveanews.com\/index.php\/2024\/12\/07\/a-declaracao-yuri-alberto-sobre-memphis-depay-do-corinthians\/"]}]},{"@type":"ImageObject","inLanguage":"pt-BR","@id":"https:\/\/www.gaveanews.com\/index.php\/2024\/12\/07\/a-declaracao-yuri-alberto-sobre-memphis-depay-do-corinthians\/#primaryimage","url":"https:\/\/www.gaveanews.com\/wp-content\/uploads\/Memphis-Depay-com-a-camisa-do-Corinthians-em-2024-1.webp","contentUrl":"https:\/\/www.gaveanews.com\/wp-content\/uploads\/Memphis-Depay-com-a-camisa-do-Corinthians-em-2024-1.webp","width":1182,"height":788,"caption":"Memphis Depay com a camisa do Corinthians em 2024 (Foto: Reprodu\u00e7\u00e3o\/Instagram)"},{"@type":"BreadcrumbList","@id":"https:\/\/www.gaveanews.com\/index.php\/2024\/12\/07\/a-declaracao-yuri-alberto-sobre-memphis-depay-do-corinthians\/#breadcrumb","itemListElement":[{"@type":"ListItem","position":1,"name":"Home","item":"https:\/\/www.gaveanews.com\/"},{"@type":"ListItem","position":2,"name":"A declara\u00e7\u00e3o Yuri Alberto sobre Memphis Depay, do Corinthians"}]},{"@type":"WebSite","@id":"https:\/\/www.gaveanews.com\/#website","url":"https:\/\/www.gaveanews.com\/","name":"G\u00e1vea News","description":"Veja todas as not\u00edcias sobre o Flamengo: Contrata\u00e7\u00f5es, categorias de base, resultados das partidas, tabela de classifica\u00e7\u00e3o, pr\u00f3ximos jogos!","potentialAction":[{"@type":"SearchAction","target":{"@type":"EntryPoint","urlTemplate":"https:\/\/www.gaveanews.com\/?s={search_term_string}"},"query-input":{"@type":"PropertyValueSpecification","valueRequired":true,"valueName":"search_term_string"}}],"inLanguage":"pt-BR"},{"@type":"Person","@id":"https:\/\/www.gaveanews.com\/#\/schema\/person\/a9f62fe75380c6bada1b2fc49bc23d69","name":"Marco Menezes","image":{"@type":"ImageObject","inLanguage":"pt-BR","@id":"https:\/\/www.gaveanews.com\/#\/schema\/person\/image\/","url":"https:\/\/secure.gravatar.com\/avatar\/a1d148ae17fc8bfc5dbccffd07979e8bd2c9ba494221779de86ec2c7907b71ec?s=96&d=mm&r=g","contentUrl":"https:\/\/secure.gravatar.com\/avatar\/a1d148ae17fc8bfc5dbccffd07979e8bd2c9ba494221779de86ec2c7907b71ec?s=96&d=mm&r=g","caption":"Marco Menezes"}}]}},"_links":{"self":[{"href":"https:\/\/www.gaveanews.com\/index.php\/wp-json\/wp\/v2\/posts\/196233","targetHints":{"allow":["GET"]}}],"collection":[{"href":"https:\/\/www.gaveanews.com\/index.php\/wp-json\/wp\/v2\/posts"}],"about":[{"href":"https:\/\/www.gaveanews.com\/index.php\/wp-json\/wp\/v2\/types\/post"}],"author":[{"embeddable":true,"href":"https:\/\/www.gaveanews.com\/index.php\/wp-json\/wp\/v2\/users\/29"}],"replies":[{"embeddable":true,"href":"https:\/\/www.gaveanews.com\/index.php\/wp-json\/wp\/v2\/comments?post=196233"}],"version-history":[{"count":1,"href":"https:\/\/www.gaveanews.com\/index.php\/wp-json\/wp\/v2\/posts\/196233\/revisions"}],"predecessor-version":[{"id":196234,"href":"https:\/\/www.gaveanews.com\/index.php\/wp-json\/wp\/v2\/posts\/196233\/revisions\/196234"}],"wp:featuredmedia":[{"embeddable":true,"href":"https:\/\/www.gaveanews.com\/index.php\/wp-json\/wp\/v2\/media\/167548"}],"wp:attachment":[{"href":"https:\/\/www.gaveanews.com\/index.php\/wp-json\/wp\/v2\/media?parent=196233"}],"wp:term":[{"taxonomy":"category","embeddable":true,"href":"https:\/\/www.gaveanews.com\/index.php\/wp-json\/wp\/v2\/categories?post=196233"},{"taxonomy":"post_tag","embeddable":true,"href":"https:\/\/www.gaveanews.com\/index.php\/wp-json\/wp\/v2\/tags?post=196233"}],"curies":[{"name":"wp","href":"https:\/\/api.w.org\/{rel}","templated":true}]}}