{"id":196317,"date":"2024-12-07T20:15:00","date_gmt":"2024-12-07T23:15:00","guid":{"rendered":"https:\/\/www.gaveanews.com\/?p=196317"},"modified":"2024-12-07T19:45:27","modified_gmt":"2024-12-07T22:45:27","slug":"fabio-sormani-crava-quem-sera-o-ultimo-time-rebaixado-no-brasileirao-2024","status":"publish","type":"post","link":"https:\/\/www.gaveanews.com\/index.php\/2024\/12\/07\/fabio-sormani-crava-quem-sera-o-ultimo-time-rebaixado-no-brasileirao-2024\/","title":{"rendered":"F\u00e1bio Sormani crava quem ser\u00e1 o \u00faltimo time rebaixado no Brasileir\u00e3o 2024"},"content":{"rendered":"\n<p>A reta final do Brasileir\u00e3o Betano 2024 est\u00e1 fervendo. Com apenas uma rodada a ser disputada, quatro clubes ainda lutam contra a \u00faltima vaga na S\u00e9rie B de 2025: Athletico, Atl\u00e9tico-MG, Fluminense e Red Bull Bragantino.&nbsp;<\/p>\n\n\n\n<ul class=\"wp-block-list\">\n<li><a href=\"https:\/\/www.gaveanews.com\/index.php\/2024\/12\/07\/palmeiras-x-fluminense-vidente-crava-resultado\/\">Palmeiras x Fluminense: vidente crava resultado<\/a><\/li>\n\n\n\n<li><a href=\"https:\/\/www.gaveanews.com\/index.php\/2024\/12\/07\/substituto-de-milito-comando-treino-do-atletico-mg\/\">Substituto de Milito comando treino do Atl\u00e9tico-MG<\/a><\/li>\n<\/ul>\n\n\n\n<p>O comentarista F\u00e1bio Sormani n\u00e3o hesitou em dar sua opini\u00e3o e cravou: o Fluminense ser\u00e1 rebaixado.<\/p>\n\n\n\n<h2 class=\"wp-block-heading\" id=\"h-a-analise-de-sormani-sobre-o-fluminense\">A an\u00e1lise de Sormani sobre o Fluminense<\/h2>\n\n\n\n<p>Em sua declara\u00e7\u00e3o, Sormani foi categ\u00f3rico ao apontar o Tricolor carioca como o \u00faltimo rebaixado. Vale destacar que o Fluminense depende apenas de si para escapar. Um empate diante do Palmeiras, no Allianz Parque, j\u00e1 seria suficiente para garantir sua perman\u00eancia na elite.<\/p>\n\n\n\n<p>\u201cCai o Fluminense. O Fluminense n\u00e3o jogou nada contra o Cuiab\u00e1. Se o Fluminense jogar essa bolinha contra o Palmeiras, mesmo o Palmeiras adorando ressuscitar, perde para o Palmeiras\u201d, afirmou o comentarista.<\/p>\n\n\n\n<p>Al\u00e9m disso, uma derrota do Fluminense o colocaria em uma situa\u00e7\u00e3o de risco, pois dependeria de outros resultados para escapar da queda. Isso porque o Red Bull Bragantino tem um confronto teoricamente mais f\u00e1cil contra o j\u00e1 rebaixado Crici\u00fama, enquanto o duelo entre Atl\u00e9tico-MG e Athletico tamb\u00e9m pode influenciar diretamente na tabela.<\/p>\n\n\n\n<h2 class=\"wp-block-heading\" id=\"h-o-possivel-jogo-de-compadres-entre-os-atleticos\">O poss\u00edvel &#8220;jogo de compadres&#8221; entre os Atl\u00e9ticos<\/h2>\n\n\n\n<p>Sormani acredita que o embate entre Atl\u00e9tico-MG e Athletico pode ser estrat\u00e9gico, com ambos optando por um empate para se salvarem. Por isso, ele v\u00ea poucas chances de riscos para essas equipes, caso o Fluminense realmente perca para o Palmeiras.<\/p>\n\n\n\n<p>\u201cO Atl\u00e9tico-MG precisa de um empate e n\u00e3o vai se expor. Sem t\u00e9cnico ainda. Acham que v\u00e3o pra cima ganhar o jogo? Vai ser um jogo de compadre. Acho que essa partida empata. Agrada o Atl\u00e9tico-MG e pode servir para o Athletico Paranaense\u201d, analisou Sormani.<\/p>\n\n\n\n<blockquote class=\"twitter-tweet\"><p lang=\"pt\" dir=\"ltr\">Todos os cen\u00e1rios poss\u00edveis contra o Rebaixamento.<br><br>QUEM CAI?<br><br>\ud83d\udcf8 <a href=\"https:\/\/twitter.com\/geglobo?ref_src=twsrc%5Etfw\">@geglobo<\/a> <a href=\"https:\/\/t.co\/dfTn5I5gal\">pic.twitter.com\/dfTn5I5gal<\/a><\/p>&mdash; Viciado em Futebol (@viciadoemfutebl) <a href=\"https:\/\/twitter.com\/viciadoemfutebl\/status\/1865100419405406448?ref_src=twsrc%5Etfw\">December 6, 2024<\/a><\/blockquote> <script async src=\"https:\/\/platform.twitter.com\/widgets.js\" charset=\"utf-8\"><\/script>\n\n\n\n<h2 class=\"wp-block-heading\" id=\"h-rodada-decisiva-e-muitas-emocoes\">Rodada decisiva e muitas emo\u00e7\u00f5es<\/h2>\n\n\n\n<p>Sendo assim, o cen\u00e1rio est\u00e1 indefinido, mas o favoritismo do Palmeiras e os confrontos dos concorrentes diretos tornam a \u00faltima rodada imperd\u00edvel.&nbsp;<\/p>\n\n\n\n<p>Dessa maneira, resta ao torcedor acompanhar cada detalhe e torcer para que seu time escape do pesadelo da S\u00e9rie B.<\/p>\n","protected":false},"excerpt":{"rendered":"<p>A reta final do Brasileir\u00e3o Betano 2024 est\u00e1 fervendo. Com apenas uma rodada a ser disputada, quatro clubes ainda lutam contra a \u00faltima vaga na S\u00e9rie B de 2025: Athletico, Atl\u00e9tico-MG, Fluminense e Red Bull Bragantino.&nbsp; O comentarista F\u00e1bio Sormani n\u00e3o hesitou em dar sua opini\u00e3o e cravou: o Fluminense ser\u00e1 rebaixado. A an\u00e1lise de [&hellip;]<\/p>\n","protected":false},"author":25,"featured_media":52970,"comment_status":"open","ping_status":"closed","sticky":false,"template":"","format":"standard","meta":{"footnotes":""},"categories":[134,136,140,145],"tags":[],"class_list":["post-196317","post","type-post","status-publish","format-standard","has-post-thumbnail","hentry","category-athletico-pr","category-atletico-mg","category-bragantino","category-fluminense"],"yoast_head":"<!-- This site is optimized with the Yoast SEO Premium plugin v24.2 (Yoast SEO v26.9) - https:\/\/yoast.com\/product\/yoast-seo-premium-wordpress\/ -->\n<title>F\u00e1bio Sormani crava quem ser\u00e1 o \u00faltimo time rebaixado no Brasileir\u00e3o 2024<\/title>\n<meta name=\"robots\" content=\"index, follow, max-snippet:-1, max-image-preview:large, max-video-preview:-1\" \/>\n<link rel=\"canonical\" href=\"https:\/\/www.gaveanews.com\/index.php\/2024\/12\/07\/fabio-sormani-crava-quem-sera-o-ultimo-time-rebaixado-no-brasileirao-2024\/\" \/>\n<meta property=\"og:locale\" content=\"pt_BR\" \/>\n<meta property=\"og:type\" content=\"article\" \/>\n<meta property=\"og:title\" content=\"F\u00e1bio Sormani crava quem ser\u00e1 o \u00faltimo time rebaixado no Brasileir\u00e3o 2024\" \/>\n<meta property=\"og:description\" content=\"A reta final do Brasileir\u00e3o Betano 2024 est\u00e1 fervendo. Com apenas uma rodada a ser disputada, quatro clubes ainda lutam contra a \u00faltima vaga na S\u00e9rie B de 2025: Athletico, Atl\u00e9tico-MG, Fluminense e Red Bull Bragantino.&nbsp; O comentarista F\u00e1bio Sormani n\u00e3o hesitou em dar sua opini\u00e3o e cravou: o Fluminense ser\u00e1 rebaixado. A an\u00e1lise de [&hellip;]\" \/>\n<meta property=\"og:url\" content=\"https:\/\/www.gaveanews.com\/index.php\/2024\/12\/07\/fabio-sormani-crava-quem-sera-o-ultimo-time-rebaixado-no-brasileirao-2024\/\" \/>\n<meta property=\"og:site_name\" content=\"G\u00e1vea News\" \/>\n<meta property=\"article:publisher\" content=\"https:\/\/facebook.com\/gaveaNews\/\" \/>\n<meta property=\"article:published_time\" content=\"2024-12-07T23:15:00+00:00\" \/>\n<meta property=\"og:image\" content=\"https:\/\/www.gaveanews.com\/wp-content\/uploads\/Sormani-durante-um-programa-da-emissora-Fox-Sports.webp\" \/>\n\t<meta property=\"og:image:width\" content=\"650\" \/>\n\t<meta property=\"og:image:height\" content=\"325\" \/>\n\t<meta property=\"og:image:type\" content=\"image\/jpeg\" \/>\n<meta name=\"author\" content=\"Rafaela Ladeira\" \/>\n<meta name=\"twitter:card\" content=\"summary_large_image\" \/>\n<meta name=\"twitter:label1\" content=\"Escrito por\" \/>\n\t<meta name=\"twitter:data1\" content=\"Rafaela Ladeira\" \/>\n\t<meta name=\"twitter:label2\" content=\"Est. tempo de leitura\" \/>\n\t<meta name=\"twitter:data2\" content=\"3 minutos\" \/>\n<script type=\"application\/ld+json\" class=\"yoast-schema-graph\">{\"@context\":\"https:\/\/schema.org\",\"@graph\":[{\"@type\":\"NewsArticle\",\"@id\":\"https:\/\/www.gaveanews.com\/index.php\/2024\/12\/07\/fabio-sormani-crava-quem-sera-o-ultimo-time-rebaixado-no-brasileirao-2024\/#article\",\"isPartOf\":{\"@id\":\"https:\/\/www.gaveanews.com\/index.php\/2024\/12\/07\/fabio-sormani-crava-quem-sera-o-ultimo-time-rebaixado-no-brasileirao-2024\/\"},\"author\":{\"name\":\"Rafaela Ladeira\",\"@id\":\"https:\/\/www.gaveanews.com\/#\/schema\/person\/0eb3e3fe1754f0205218538adbe8f5ed\"},\"headline\":\"F\u00e1bio Sormani crava quem ser\u00e1 o \u00faltimo time rebaixado no Brasileir\u00e3o 2024\",\"datePublished\":\"2024-12-07T23:15:00+00:00\",\"mainEntityOfPage\":{\"@id\":\"https:\/\/www.gaveanews.com\/index.php\/2024\/12\/07\/fabio-sormani-crava-quem-sera-o-ultimo-time-rebaixado-no-brasileirao-2024\/\"},\"wordCount\":407,\"commentCount\":0,\"image\":{\"@id\":\"https:\/\/www.gaveanews.com\/index.php\/2024\/12\/07\/fabio-sormani-crava-quem-sera-o-ultimo-time-rebaixado-no-brasileirao-2024\/#primaryimage\"},\"thumbnailUrl\":\"https:\/\/www.gaveanews.com\/wp-content\/uploads\/Sormani-durante-um-programa-da-emissora-Fox-Sports.webp\",\"articleSection\":[\"Athletico-PR\",\"Atl\u00e9tico-MG\",\"Bragantino\",\"Fluminense\"],\"inLanguage\":\"pt-BR\",\"potentialAction\":[{\"@type\":\"CommentAction\",\"name\":\"Comment\",\"target\":[\"https:\/\/www.gaveanews.com\/index.php\/2024\/12\/07\/fabio-sormani-crava-quem-sera-o-ultimo-time-rebaixado-no-brasileirao-2024\/#respond\"]}],\"copyrightYear\":\"2024\",\"copyrightHolder\":{\"@id\":\"https:\/\/www.gaveanews.com\/#organization\"}},{\"@type\":\"WebPage\",\"@id\":\"https:\/\/www.gaveanews.com\/index.php\/2024\/12\/07\/fabio-sormani-crava-quem-sera-o-ultimo-time-rebaixado-no-brasileirao-2024\/\",\"url\":\"https:\/\/www.gaveanews.com\/index.php\/2024\/12\/07\/fabio-sormani-crava-quem-sera-o-ultimo-time-rebaixado-no-brasileirao-2024\/\",\"name\":\"F\u00e1bio Sormani crava quem ser\u00e1 o \u00faltimo time rebaixado no Brasileir\u00e3o 2024\",\"isPartOf\":{\"@id\":\"https:\/\/www.gaveanews.com\/#website\"},\"primaryImageOfPage\":{\"@id\":\"https:\/\/www.gaveanews.com\/index.php\/2024\/12\/07\/fabio-sormani-crava-quem-sera-o-ultimo-time-rebaixado-no-brasileirao-2024\/#primaryimage\"},\"image\":{\"@id\":\"https:\/\/www.gaveanews.com\/index.php\/2024\/12\/07\/fabio-sormani-crava-quem-sera-o-ultimo-time-rebaixado-no-brasileirao-2024\/#primaryimage\"},\"thumbnailUrl\":\"https:\/\/www.gaveanews.com\/wp-content\/uploads\/Sormani-durante-um-programa-da-emissora-Fox-Sports.webp\",\"datePublished\":\"2024-12-07T23:15:00+00:00\",\"author\":{\"@id\":\"https:\/\/www.gaveanews.com\/#\/schema\/person\/0eb3e3fe1754f0205218538adbe8f5ed\"},\"breadcrumb\":{\"@id\":\"https:\/\/www.gaveanews.com\/index.php\/2024\/12\/07\/fabio-sormani-crava-quem-sera-o-ultimo-time-rebaixado-no-brasileirao-2024\/#breadcrumb\"},\"inLanguage\":\"pt-BR\",\"potentialAction\":[{\"@type\":\"ReadAction\",\"target\":[\"https:\/\/www.gaveanews.com\/index.php\/2024\/12\/07\/fabio-sormani-crava-quem-sera-o-ultimo-time-rebaixado-no-brasileirao-2024\/\"]}]},{\"@type\":\"ImageObject\",\"inLanguage\":\"pt-BR\",\"@id\":\"https:\/\/www.gaveanews.com\/index.php\/2024\/12\/07\/fabio-sormani-crava-quem-sera-o-ultimo-time-rebaixado-no-brasileirao-2024\/#primaryimage\",\"url\":\"https:\/\/www.gaveanews.com\/wp-content\/uploads\/Sormani-durante-um-programa-da-emissora-Fox-Sports.webp\",\"contentUrl\":\"https:\/\/www.gaveanews.com\/wp-content\/uploads\/Sormani-durante-um-programa-da-emissora-Fox-Sports.webp\",\"width\":650,\"height\":325,\"caption\":\"Sormani durante um programa da emissora Fox Sports (Foto: Reprodu\u00e7\u00e3o)\"},{\"@type\":\"BreadcrumbList\",\"@id\":\"https:\/\/www.gaveanews.com\/index.php\/2024\/12\/07\/fabio-sormani-crava-quem-sera-o-ultimo-time-rebaixado-no-brasileirao-2024\/#breadcrumb\",\"itemListElement\":[{\"@type\":\"ListItem\",\"position\":1,\"name\":\"Home\",\"item\":\"https:\/\/www.gaveanews.com\/\"},{\"@type\":\"ListItem\",\"position\":2,\"name\":\"F\u00e1bio Sormani crava quem ser\u00e1 o \u00faltimo time rebaixado no Brasileir\u00e3o 2024\"}]},{\"@type\":\"WebSite\",\"@id\":\"https:\/\/www.gaveanews.com\/#website\",\"url\":\"https:\/\/www.gaveanews.com\/\",\"name\":\"G\u00e1vea News\",\"description\":\"Veja todas as not\u00edcias sobre o Flamengo: Contrata\u00e7\u00f5es, categorias de base, resultados das partidas, tabela de classifica\u00e7\u00e3o, pr\u00f3ximos jogos!\",\"potentialAction\":[{\"@type\":\"SearchAction\",\"target\":{\"@type\":\"EntryPoint\",\"urlTemplate\":\"https:\/\/www.gaveanews.com\/?s={search_term_string}\"},\"query-input\":{\"@type\":\"PropertyValueSpecification\",\"valueRequired\":true,\"valueName\":\"search_term_string\"}}],\"inLanguage\":\"pt-BR\"},{\"@type\":\"Person\",\"@id\":\"https:\/\/www.gaveanews.com\/#\/schema\/person\/0eb3e3fe1754f0205218538adbe8f5ed\",\"name\":\"Rafaela Ladeira\",\"image\":{\"@type\":\"ImageObject\",\"inLanguage\":\"pt-BR\",\"@id\":\"https:\/\/www.gaveanews.com\/#\/schema\/person\/image\/\",\"url\":\"https:\/\/secure.gravatar.com\/avatar\/c31f513acffd85eacab5730cbdfdbbf59f21ba5aeada8cd890acea879fbb2455?s=96&d=mm&r=g\",\"contentUrl\":\"https:\/\/secure.gravatar.com\/avatar\/c31f513acffd85eacab5730cbdfdbbf59f21ba5aeada8cd890acea879fbb2455?s=96&d=mm&r=g\",\"caption\":\"Rafaela Ladeira\"}}]}<\/script>\n<!-- \/ Yoast SEO Premium plugin. -->","yoast_head_json":{"title":"F\u00e1bio Sormani crava quem ser\u00e1 o \u00faltimo time rebaixado no Brasileir\u00e3o 2024","robots":{"index":"index","follow":"follow","max-snippet":"max-snippet:-1","max-image-preview":"max-image-preview:large","max-video-preview":"max-video-preview:-1"},"canonical":"https:\/\/www.gaveanews.com\/index.php\/2024\/12\/07\/fabio-sormani-crava-quem-sera-o-ultimo-time-rebaixado-no-brasileirao-2024\/","og_locale":"pt_BR","og_type":"article","og_title":"F\u00e1bio Sormani crava quem ser\u00e1 o \u00faltimo time rebaixado no Brasileir\u00e3o 2024","og_description":"A reta final do Brasileir\u00e3o Betano 2024 est\u00e1 fervendo. Com apenas uma rodada a ser disputada, quatro clubes ainda lutam contra a \u00faltima vaga na S\u00e9rie B de 2025: Athletico, Atl\u00e9tico-MG, Fluminense e Red Bull Bragantino.&nbsp; O comentarista F\u00e1bio Sormani n\u00e3o hesitou em dar sua opini\u00e3o e cravou: o Fluminense ser\u00e1 rebaixado. A an\u00e1lise de [&hellip;]","og_url":"https:\/\/www.gaveanews.com\/index.php\/2024\/12\/07\/fabio-sormani-crava-quem-sera-o-ultimo-time-rebaixado-no-brasileirao-2024\/","og_site_name":"G\u00e1vea News","article_publisher":"https:\/\/facebook.com\/gaveaNews\/","article_published_time":"2024-12-07T23:15:00+00:00","og_image":[{"width":650,"height":325,"url":"https:\/\/www.gaveanews.com\/wp-content\/uploads\/Sormani-durante-um-programa-da-emissora-Fox-Sports.webp","type":"image\/jpeg"}],"author":"Rafaela Ladeira","twitter_card":"summary_large_image","twitter_misc":{"Escrito por":"Rafaela Ladeira","Est. tempo de leitura":"3 minutos"},"schema":{"@context":"https:\/\/schema.org","@graph":[{"@type":"NewsArticle","@id":"https:\/\/www.gaveanews.com\/index.php\/2024\/12\/07\/fabio-sormani-crava-quem-sera-o-ultimo-time-rebaixado-no-brasileirao-2024\/#article","isPartOf":{"@id":"https:\/\/www.gaveanews.com\/index.php\/2024\/12\/07\/fabio-sormani-crava-quem-sera-o-ultimo-time-rebaixado-no-brasileirao-2024\/"},"author":{"name":"Rafaela Ladeira","@id":"https:\/\/www.gaveanews.com\/#\/schema\/person\/0eb3e3fe1754f0205218538adbe8f5ed"},"headline":"F\u00e1bio Sormani crava quem ser\u00e1 o \u00faltimo time rebaixado no Brasileir\u00e3o 2024","datePublished":"2024-12-07T23:15:00+00:00","mainEntityOfPage":{"@id":"https:\/\/www.gaveanews.com\/index.php\/2024\/12\/07\/fabio-sormani-crava-quem-sera-o-ultimo-time-rebaixado-no-brasileirao-2024\/"},"wordCount":407,"commentCount":0,"image":{"@id":"https:\/\/www.gaveanews.com\/index.php\/2024\/12\/07\/fabio-sormani-crava-quem-sera-o-ultimo-time-rebaixado-no-brasileirao-2024\/#primaryimage"},"thumbnailUrl":"https:\/\/www.gaveanews.com\/wp-content\/uploads\/Sormani-durante-um-programa-da-emissora-Fox-Sports.webp","articleSection":["Athletico-PR","Atl\u00e9tico-MG","Bragantino","Fluminense"],"inLanguage":"pt-BR","potentialAction":[{"@type":"CommentAction","name":"Comment","target":["https:\/\/www.gaveanews.com\/index.php\/2024\/12\/07\/fabio-sormani-crava-quem-sera-o-ultimo-time-rebaixado-no-brasileirao-2024\/#respond"]}],"copyrightYear":"2024","copyrightHolder":{"@id":"https:\/\/www.gaveanews.com\/#organization"}},{"@type":"WebPage","@id":"https:\/\/www.gaveanews.com\/index.php\/2024\/12\/07\/fabio-sormani-crava-quem-sera-o-ultimo-time-rebaixado-no-brasileirao-2024\/","url":"https:\/\/www.gaveanews.com\/index.php\/2024\/12\/07\/fabio-sormani-crava-quem-sera-o-ultimo-time-rebaixado-no-brasileirao-2024\/","name":"F\u00e1bio Sormani crava quem ser\u00e1 o \u00faltimo time rebaixado no Brasileir\u00e3o 2024","isPartOf":{"@id":"https:\/\/www.gaveanews.com\/#website"},"primaryImageOfPage":{"@id":"https:\/\/www.gaveanews.com\/index.php\/2024\/12\/07\/fabio-sormani-crava-quem-sera-o-ultimo-time-rebaixado-no-brasileirao-2024\/#primaryimage"},"image":{"@id":"https:\/\/www.gaveanews.com\/index.php\/2024\/12\/07\/fabio-sormani-crava-quem-sera-o-ultimo-time-rebaixado-no-brasileirao-2024\/#primaryimage"},"thumbnailUrl":"https:\/\/www.gaveanews.com\/wp-content\/uploads\/Sormani-durante-um-programa-da-emissora-Fox-Sports.webp","datePublished":"2024-12-07T23:15:00+00:00","author":{"@id":"https:\/\/www.gaveanews.com\/#\/schema\/person\/0eb3e3fe1754f0205218538adbe8f5ed"},"breadcrumb":{"@id":"https:\/\/www.gaveanews.com\/index.php\/2024\/12\/07\/fabio-sormani-crava-quem-sera-o-ultimo-time-rebaixado-no-brasileirao-2024\/#breadcrumb"},"inLanguage":"pt-BR","potentialAction":[{"@type":"ReadAction","target":["https:\/\/www.gaveanews.com\/index.php\/2024\/12\/07\/fabio-sormani-crava-quem-sera-o-ultimo-time-rebaixado-no-brasileirao-2024\/"]}]},{"@type":"ImageObject","inLanguage":"pt-BR","@id":"https:\/\/www.gaveanews.com\/index.php\/2024\/12\/07\/fabio-sormani-crava-quem-sera-o-ultimo-time-rebaixado-no-brasileirao-2024\/#primaryimage","url":"https:\/\/www.gaveanews.com\/wp-content\/uploads\/Sormani-durante-um-programa-da-emissora-Fox-Sports.webp","contentUrl":"https:\/\/www.gaveanews.com\/wp-content\/uploads\/Sormani-durante-um-programa-da-emissora-Fox-Sports.webp","width":650,"height":325,"caption":"Sormani durante um programa da emissora Fox Sports (Foto: Reprodu\u00e7\u00e3o)"},{"@type":"BreadcrumbList","@id":"https:\/\/www.gaveanews.com\/index.php\/2024\/12\/07\/fabio-sormani-crava-quem-sera-o-ultimo-time-rebaixado-no-brasileirao-2024\/#breadcrumb","itemListElement":[{"@type":"ListItem","position":1,"name":"Home","item":"https:\/\/www.gaveanews.com\/"},{"@type":"ListItem","position":2,"name":"F\u00e1bio Sormani crava quem ser\u00e1 o \u00faltimo time rebaixado no Brasileir\u00e3o 2024"}]},{"@type":"WebSite","@id":"https:\/\/www.gaveanews.com\/#website","url":"https:\/\/www.gaveanews.com\/","name":"G\u00e1vea News","description":"Veja todas as not\u00edcias sobre o Flamengo: Contrata\u00e7\u00f5es, categorias de base, resultados das partidas, tabela de classifica\u00e7\u00e3o, pr\u00f3ximos jogos!","potentialAction":[{"@type":"SearchAction","target":{"@type":"EntryPoint","urlTemplate":"https:\/\/www.gaveanews.com\/?s={search_term_string}"},"query-input":{"@type":"PropertyValueSpecification","valueRequired":true,"valueName":"search_term_string"}}],"inLanguage":"pt-BR"},{"@type":"Person","@id":"https:\/\/www.gaveanews.com\/#\/schema\/person\/0eb3e3fe1754f0205218538adbe8f5ed","name":"Rafaela Ladeira","image":{"@type":"ImageObject","inLanguage":"pt-BR","@id":"https:\/\/www.gaveanews.com\/#\/schema\/person\/image\/","url":"https:\/\/secure.gravatar.com\/avatar\/c31f513acffd85eacab5730cbdfdbbf59f21ba5aeada8cd890acea879fbb2455?s=96&d=mm&r=g","contentUrl":"https:\/\/secure.gravatar.com\/avatar\/c31f513acffd85eacab5730cbdfdbbf59f21ba5aeada8cd890acea879fbb2455?s=96&d=mm&r=g","caption":"Rafaela Ladeira"}}]}},"_links":{"self":[{"href":"https:\/\/www.gaveanews.com\/index.php\/wp-json\/wp\/v2\/posts\/196317","targetHints":{"allow":["GET"]}}],"collection":[{"href":"https:\/\/www.gaveanews.com\/index.php\/wp-json\/wp\/v2\/posts"}],"about":[{"href":"https:\/\/www.gaveanews.com\/index.php\/wp-json\/wp\/v2\/types\/post"}],"author":[{"embeddable":true,"href":"https:\/\/www.gaveanews.com\/index.php\/wp-json\/wp\/v2\/users\/25"}],"replies":[{"embeddable":true,"href":"https:\/\/www.gaveanews.com\/index.php\/wp-json\/wp\/v2\/comments?post=196317"}],"version-history":[{"count":1,"href":"https:\/\/www.gaveanews.com\/index.php\/wp-json\/wp\/v2\/posts\/196317\/revisions"}],"predecessor-version":[{"id":196319,"href":"https:\/\/www.gaveanews.com\/index.php\/wp-json\/wp\/v2\/posts\/196317\/revisions\/196319"}],"wp:featuredmedia":[{"embeddable":true,"href":"https:\/\/www.gaveanews.com\/index.php\/wp-json\/wp\/v2\/media\/52970"}],"wp:attachment":[{"href":"https:\/\/www.gaveanews.com\/index.php\/wp-json\/wp\/v2\/media?parent=196317"}],"wp:term":[{"taxonomy":"category","embeddable":true,"href":"https:\/\/www.gaveanews.com\/index.php\/wp-json\/wp\/v2\/categories?post=196317"},{"taxonomy":"post_tag","embeddable":true,"href":"https:\/\/www.gaveanews.com\/index.php\/wp-json\/wp\/v2\/tags?post=196317"}],"curies":[{"name":"wp","href":"https:\/\/api.w.org\/{rel}","templated":true}]}}