{"id":196341,"date":"2024-12-10T14:55:50","date_gmt":"2024-12-10T17:55:50","guid":{"rendered":"https:\/\/www.gaveanews.com\/?p=196341"},"modified":"2024-12-10T14:54:28","modified_gmt":"2024-12-10T17:54:28","slug":"sao-paulo-craque-neto-surpreende-ao-falar-de-luis-zubeldia","status":"publish","type":"post","link":"https:\/\/www.gaveanews.com\/index.php\/2024\/12\/10\/sao-paulo-craque-neto-surpreende-ao-falar-de-luis-zubeldia\/","title":{"rendered":"S\u00e3o Paulo: Craque Neto surpreende ao falar de Luis Zubeld\u00eda"},"content":{"rendered":"\n<p>O t\u00e9cnico Luis Zubeld\u00eda chegou ao S\u00e3o Paulo com uma grande expectativa, mas para o Craque Neto, a realidade da temporada foi bem diferente do que muitos esperavam.&nbsp;<\/p>\n\n\n\n<ul class=\"wp-block-list\">\n<li><a href=\"https:\/\/www.gaveanews.com\/index.php\/2024\/12\/07\/impressionante-sao-paulo-atinge-marca-historica\/\">Impressionante! S\u00e3o Paulo atinge marca hist\u00f3rica<\/a><\/li>\n\n\n\n<li><a href=\"https:\/\/www.gaveanews.com\/index.php\/2024\/12\/06\/luciano-pode-fechar-com-rival-do-sao-paulo\/\">Luciano pode fechar com rival do S\u00e3o Paulo<\/a><\/li>\n<\/ul>\n\n\n\n<p>O ex-jogador do Corinthians e comentarista esportivo acredita que o treinador argentino foi superestimado, comparando-o a figuras lend\u00e1rias como Tel\u00ea Santana e Muricy Ramalho. Segundo Neto, a press\u00e3o sobre Zubeld\u00eda foi demasiada, o que acabou prejudicando o trabalho do t\u00e9cnico.<\/p>\n\n\n\n<h2 class=\"wp-block-heading\" id=\"h-expectativa-alta-e-resultados-aquem\">Expectativa alta e resultados aqu\u00e9m<\/h2>\n\n\n\n<p>A chegada de Zubeld\u00eda ao S\u00e3o Paulo gerou uma enorme expectativa, e muitos passaram a ver o t\u00e9cnico como um &#8220;salvador da p\u00e1tria&#8221;. No entanto, o desempenho da equipe em 2024 n\u00e3o correspondeu \u00e0 altura do que se imaginava.&nbsp;<\/p>\n\n\n\n<p>\u201cEsse cara veio como se fosse o Tel\u00ea Santana e o Muricy Ramalho. Por sinal, quem foi melhor no Brasileiro? Zubeld\u00eda ou Thiago Carpini? Carpini! Eu penso assim\u201d, afirmou o Craque Neto durante sua participa\u00e7\u00e3o na R\u00e1dio Bandeirantes.<\/p>\n\n\n\n<p>Al\u00e9m disso, o comentarista criticou algumas escolhas de Zubeld\u00eda em rela\u00e7\u00e3o \u00e0 utiliza\u00e7\u00e3o dos jogadores. Cabe ressaltar que Neto questionou a falta de chances para alguns atletas, como o meia Nestor, e a postura do t\u00e9cnico em rela\u00e7\u00e3o ao elenco.&nbsp;<\/p>\n\n\n\n<p>\u201cOnde coloca o Luciano? Como n\u00e3o d\u00e1 chances ao Nestor? Qual a vis\u00e3o do lateral-esquerdo? Eu n\u00e3o sei qual o esquema do S\u00e3o Paulo\u201d, disparou.<\/p>\n\n\n\n<h2 class=\"wp-block-heading\" id=\"h-ano-decepcionante-para-o-sao-paulo\">Ano decepcionante para o S\u00e3o Paulo<\/h2>\n\n\n\n<p>Apesar de conquistar a Supercopa, o S\u00e3o Paulo teve um desempenho abaixo das expectativas em outras competi\u00e7\u00f5es. O clube foi eliminado na Copa do Brasil e na Libertadores, o que, na vis\u00e3o de Craque Neto, tornou o ano frustrante.&nbsp;<\/p>\n\n\n\n<p>\u201cEm rela\u00e7\u00e3o ao S\u00e3o Paulo, \u00e9 inacredit\u00e1vel o que o S\u00e3o Paulo fez neste ano pelo que gastou. Ainda acham que t\u00e1 tudo bem! N\u00e3o \u00e9 muito louco?\u201d, afirmou o ex-jogador.<\/p>\n\n\n\n<h2 class=\"wp-block-heading\" id=\"h-nbsp-neto-faz-comparacao-com-ramon-diaz\">&nbsp;Neto faz compara\u00e7\u00e3o com Ram\u00f3n D\u00edaz<\/h2>\n\n\n\n<p>Desse jeito, ao contr\u00e1rio do que aconteceu no S\u00e3o Paulo, o t\u00e9cnico Ram\u00f3n D\u00edaz, do Corinthians, foi elogiado por sua capacidade de adapta\u00e7\u00e3o durante a temporada.&nbsp;<\/p>\n\n\n\n<p>Ap\u00f3s algumas cr\u00edticas, o argentino n\u00e3o hesitou em mudar a forma\u00e7\u00e3o t\u00e1tica da equipe, o que trouxe resultados positivos no final do Brasileir\u00e3o. \u201cOlha o Ram\u00f3n D\u00edaz, que era criticado por (usar) tr\u00eas volantes, tr\u00eas zagueiros e tr\u00eas atacantes. Ele enxergou que estava errado. O que ele fez? 4-4-2\u201d, analisou Neto, destacando a habilidade do treinador em reconhecer seus erros e ajustar o time.<\/p>\n","protected":false},"excerpt":{"rendered":"<p>O t\u00e9cnico Luis Zubeld\u00eda chegou ao S\u00e3o Paulo com uma grande expectativa, mas para o Craque Neto, a realidade da temporada foi bem diferente do que muitos esperavam.&nbsp; O ex-jogador do Corinthians e comentarista esportivo acredita que o treinador argentino foi superestimado, comparando-o a figuras lend\u00e1rias como Tel\u00ea Santana e Muricy Ramalho. Segundo Neto, a [&hellip;]<\/p>\n","protected":false},"author":25,"featured_media":71983,"comment_status":"open","ping_status":"closed","sticky":false,"template":"","format":"standard","meta":{"footnotes":""},"categories":[151],"tags":[],"class_list":["post-196341","post","type-post","status-publish","format-standard","has-post-thumbnail","hentry","category-sao-paulo"],"yoast_head":"<!-- This site is optimized with the Yoast SEO Premium plugin v24.2 (Yoast SEO v26.9) - https:\/\/yoast.com\/product\/yoast-seo-premium-wordpress\/ -->\n<title>S\u00e3o Paulo: Craque Neto surpreende ao falar de Luis Zubeld\u00eda<\/title>\n<meta name=\"robots\" content=\"index, follow, max-snippet:-1, max-image-preview:large, max-video-preview:-1\" \/>\n<link rel=\"canonical\" href=\"https:\/\/www.gaveanews.com\/index.php\/2024\/12\/10\/sao-paulo-craque-neto-surpreende-ao-falar-de-luis-zubeldia\/\" \/>\n<meta property=\"og:locale\" content=\"pt_BR\" \/>\n<meta property=\"og:type\" content=\"article\" \/>\n<meta property=\"og:title\" content=\"S\u00e3o Paulo: Craque Neto surpreende ao falar de Luis Zubeld\u00eda\" \/>\n<meta property=\"og:description\" content=\"O t\u00e9cnico Luis Zubeld\u00eda chegou ao S\u00e3o Paulo com uma grande expectativa, mas para o Craque Neto, a realidade da temporada foi bem diferente do que muitos esperavam.&nbsp; O ex-jogador do Corinthians e comentarista esportivo acredita que o treinador argentino foi superestimado, comparando-o a figuras lend\u00e1rias como Tel\u00ea Santana e Muricy Ramalho. Segundo Neto, a [&hellip;]\" \/>\n<meta property=\"og:url\" content=\"https:\/\/www.gaveanews.com\/index.php\/2024\/12\/10\/sao-paulo-craque-neto-surpreende-ao-falar-de-luis-zubeldia\/\" \/>\n<meta property=\"og:site_name\" content=\"G\u00e1vea News\" \/>\n<meta property=\"article:publisher\" content=\"https:\/\/facebook.com\/gaveaNews\/\" \/>\n<meta property=\"article:published_time\" content=\"2024-12-10T17:55:50+00:00\" \/>\n<meta property=\"og:image\" content=\"https:\/\/www.gaveanews.com\/wp-content\/uploads\/Comentarista-Neto-em-programa-da-Band.webp\" \/>\n\t<meta property=\"og:image:width\" content=\"846\" \/>\n\t<meta property=\"og:image:height\" content=\"476\" \/>\n\t<meta property=\"og:image:type\" content=\"image\/jpeg\" \/>\n<meta name=\"author\" content=\"Rafaela Ladeira\" \/>\n<meta name=\"twitter:card\" content=\"summary_large_image\" \/>\n<meta name=\"twitter:label1\" content=\"Escrito por\" \/>\n\t<meta name=\"twitter:data1\" content=\"Rafaela Ladeira\" \/>\n\t<meta name=\"twitter:label2\" content=\"Est. tempo de leitura\" \/>\n\t<meta name=\"twitter:data2\" content=\"3 minutos\" \/>\n<script type=\"application\/ld+json\" class=\"yoast-schema-graph\">{\"@context\":\"https:\/\/schema.org\",\"@graph\":[{\"@type\":\"NewsArticle\",\"@id\":\"https:\/\/www.gaveanews.com\/index.php\/2024\/12\/10\/sao-paulo-craque-neto-surpreende-ao-falar-de-luis-zubeldia\/#article\",\"isPartOf\":{\"@id\":\"https:\/\/www.gaveanews.com\/index.php\/2024\/12\/10\/sao-paulo-craque-neto-surpreende-ao-falar-de-luis-zubeldia\/\"},\"author\":{\"name\":\"Rafaela Ladeira\",\"@id\":\"https:\/\/www.gaveanews.com\/#\/schema\/person\/0eb3e3fe1754f0205218538adbe8f5ed\"},\"headline\":\"S\u00e3o Paulo: Craque Neto surpreende ao falar de Luis Zubeld\u00eda\",\"datePublished\":\"2024-12-10T17:55:50+00:00\",\"mainEntityOfPage\":{\"@id\":\"https:\/\/www.gaveanews.com\/index.php\/2024\/12\/10\/sao-paulo-craque-neto-surpreende-ao-falar-de-luis-zubeldia\/\"},\"wordCount\":473,\"commentCount\":0,\"image\":{\"@id\":\"https:\/\/www.gaveanews.com\/index.php\/2024\/12\/10\/sao-paulo-craque-neto-surpreende-ao-falar-de-luis-zubeldia\/#primaryimage\"},\"thumbnailUrl\":\"https:\/\/www.gaveanews.com\/wp-content\/uploads\/Comentarista-Neto-em-programa-da-Band.webp\",\"articleSection\":[\"S\u00e3o Paulo\"],\"inLanguage\":\"pt-BR\",\"potentialAction\":[{\"@type\":\"CommentAction\",\"name\":\"Comment\",\"target\":[\"https:\/\/www.gaveanews.com\/index.php\/2024\/12\/10\/sao-paulo-craque-neto-surpreende-ao-falar-de-luis-zubeldia\/#respond\"]}],\"copyrightYear\":\"2024\",\"copyrightHolder\":{\"@id\":\"https:\/\/www.gaveanews.com\/#organization\"}},{\"@type\":\"WebPage\",\"@id\":\"https:\/\/www.gaveanews.com\/index.php\/2024\/12\/10\/sao-paulo-craque-neto-surpreende-ao-falar-de-luis-zubeldia\/\",\"url\":\"https:\/\/www.gaveanews.com\/index.php\/2024\/12\/10\/sao-paulo-craque-neto-surpreende-ao-falar-de-luis-zubeldia\/\",\"name\":\"S\u00e3o Paulo: Craque Neto surpreende ao falar de Luis Zubeld\u00eda\",\"isPartOf\":{\"@id\":\"https:\/\/www.gaveanews.com\/#website\"},\"primaryImageOfPage\":{\"@id\":\"https:\/\/www.gaveanews.com\/index.php\/2024\/12\/10\/sao-paulo-craque-neto-surpreende-ao-falar-de-luis-zubeldia\/#primaryimage\"},\"image\":{\"@id\":\"https:\/\/www.gaveanews.com\/index.php\/2024\/12\/10\/sao-paulo-craque-neto-surpreende-ao-falar-de-luis-zubeldia\/#primaryimage\"},\"thumbnailUrl\":\"https:\/\/www.gaveanews.com\/wp-content\/uploads\/Comentarista-Neto-em-programa-da-Band.webp\",\"datePublished\":\"2024-12-10T17:55:50+00:00\",\"author\":{\"@id\":\"https:\/\/www.gaveanews.com\/#\/schema\/person\/0eb3e3fe1754f0205218538adbe8f5ed\"},\"breadcrumb\":{\"@id\":\"https:\/\/www.gaveanews.com\/index.php\/2024\/12\/10\/sao-paulo-craque-neto-surpreende-ao-falar-de-luis-zubeldia\/#breadcrumb\"},\"inLanguage\":\"pt-BR\",\"potentialAction\":[{\"@type\":\"ReadAction\",\"target\":[\"https:\/\/www.gaveanews.com\/index.php\/2024\/12\/10\/sao-paulo-craque-neto-surpreende-ao-falar-de-luis-zubeldia\/\"]}]},{\"@type\":\"ImageObject\",\"inLanguage\":\"pt-BR\",\"@id\":\"https:\/\/www.gaveanews.com\/index.php\/2024\/12\/10\/sao-paulo-craque-neto-surpreende-ao-falar-de-luis-zubeldia\/#primaryimage\",\"url\":\"https:\/\/www.gaveanews.com\/wp-content\/uploads\/Comentarista-Neto-em-programa-da-Band.webp\",\"contentUrl\":\"https:\/\/www.gaveanews.com\/wp-content\/uploads\/Comentarista-Neto-em-programa-da-Band.webp\",\"width\":846,\"height\":476,\"caption\":\"Comentarista Neto em programa da Band (Foto: Reprodu\u00e7\u00e3o\/Band)\"},{\"@type\":\"BreadcrumbList\",\"@id\":\"https:\/\/www.gaveanews.com\/index.php\/2024\/12\/10\/sao-paulo-craque-neto-surpreende-ao-falar-de-luis-zubeldia\/#breadcrumb\",\"itemListElement\":[{\"@type\":\"ListItem\",\"position\":1,\"name\":\"Home\",\"item\":\"https:\/\/www.gaveanews.com\/\"},{\"@type\":\"ListItem\",\"position\":2,\"name\":\"S\u00e3o Paulo: Craque Neto surpreende ao falar de Luis Zubeld\u00eda\"}]},{\"@type\":\"WebSite\",\"@id\":\"https:\/\/www.gaveanews.com\/#website\",\"url\":\"https:\/\/www.gaveanews.com\/\",\"name\":\"G\u00e1vea News\",\"description\":\"Veja todas as not\u00edcias sobre o Flamengo: Contrata\u00e7\u00f5es, categorias de base, resultados das partidas, tabela de classifica\u00e7\u00e3o, pr\u00f3ximos jogos!\",\"potentialAction\":[{\"@type\":\"SearchAction\",\"target\":{\"@type\":\"EntryPoint\",\"urlTemplate\":\"https:\/\/www.gaveanews.com\/?s={search_term_string}\"},\"query-input\":{\"@type\":\"PropertyValueSpecification\",\"valueRequired\":true,\"valueName\":\"search_term_string\"}}],\"inLanguage\":\"pt-BR\"},{\"@type\":\"Person\",\"@id\":\"https:\/\/www.gaveanews.com\/#\/schema\/person\/0eb3e3fe1754f0205218538adbe8f5ed\",\"name\":\"Rafaela Ladeira\",\"image\":{\"@type\":\"ImageObject\",\"inLanguage\":\"pt-BR\",\"@id\":\"https:\/\/www.gaveanews.com\/#\/schema\/person\/image\/\",\"url\":\"https:\/\/secure.gravatar.com\/avatar\/c31f513acffd85eacab5730cbdfdbbf59f21ba5aeada8cd890acea879fbb2455?s=96&d=mm&r=g\",\"contentUrl\":\"https:\/\/secure.gravatar.com\/avatar\/c31f513acffd85eacab5730cbdfdbbf59f21ba5aeada8cd890acea879fbb2455?s=96&d=mm&r=g\",\"caption\":\"Rafaela Ladeira\"}}]}<\/script>\n<!-- \/ Yoast SEO Premium plugin. -->","yoast_head_json":{"title":"S\u00e3o Paulo: Craque Neto surpreende ao falar de Luis Zubeld\u00eda","robots":{"index":"index","follow":"follow","max-snippet":"max-snippet:-1","max-image-preview":"max-image-preview:large","max-video-preview":"max-video-preview:-1"},"canonical":"https:\/\/www.gaveanews.com\/index.php\/2024\/12\/10\/sao-paulo-craque-neto-surpreende-ao-falar-de-luis-zubeldia\/","og_locale":"pt_BR","og_type":"article","og_title":"S\u00e3o Paulo: Craque Neto surpreende ao falar de Luis Zubeld\u00eda","og_description":"O t\u00e9cnico Luis Zubeld\u00eda chegou ao S\u00e3o Paulo com uma grande expectativa, mas para o Craque Neto, a realidade da temporada foi bem diferente do que muitos esperavam.&nbsp; O ex-jogador do Corinthians e comentarista esportivo acredita que o treinador argentino foi superestimado, comparando-o a figuras lend\u00e1rias como Tel\u00ea Santana e Muricy Ramalho. Segundo Neto, a [&hellip;]","og_url":"https:\/\/www.gaveanews.com\/index.php\/2024\/12\/10\/sao-paulo-craque-neto-surpreende-ao-falar-de-luis-zubeldia\/","og_site_name":"G\u00e1vea News","article_publisher":"https:\/\/facebook.com\/gaveaNews\/","article_published_time":"2024-12-10T17:55:50+00:00","og_image":[{"width":846,"height":476,"url":"https:\/\/www.gaveanews.com\/wp-content\/uploads\/Comentarista-Neto-em-programa-da-Band.webp","type":"image\/jpeg"}],"author":"Rafaela Ladeira","twitter_card":"summary_large_image","twitter_misc":{"Escrito por":"Rafaela Ladeira","Est. tempo de leitura":"3 minutos"},"schema":{"@context":"https:\/\/schema.org","@graph":[{"@type":"NewsArticle","@id":"https:\/\/www.gaveanews.com\/index.php\/2024\/12\/10\/sao-paulo-craque-neto-surpreende-ao-falar-de-luis-zubeldia\/#article","isPartOf":{"@id":"https:\/\/www.gaveanews.com\/index.php\/2024\/12\/10\/sao-paulo-craque-neto-surpreende-ao-falar-de-luis-zubeldia\/"},"author":{"name":"Rafaela Ladeira","@id":"https:\/\/www.gaveanews.com\/#\/schema\/person\/0eb3e3fe1754f0205218538adbe8f5ed"},"headline":"S\u00e3o Paulo: Craque Neto surpreende ao falar de Luis Zubeld\u00eda","datePublished":"2024-12-10T17:55:50+00:00","mainEntityOfPage":{"@id":"https:\/\/www.gaveanews.com\/index.php\/2024\/12\/10\/sao-paulo-craque-neto-surpreende-ao-falar-de-luis-zubeldia\/"},"wordCount":473,"commentCount":0,"image":{"@id":"https:\/\/www.gaveanews.com\/index.php\/2024\/12\/10\/sao-paulo-craque-neto-surpreende-ao-falar-de-luis-zubeldia\/#primaryimage"},"thumbnailUrl":"https:\/\/www.gaveanews.com\/wp-content\/uploads\/Comentarista-Neto-em-programa-da-Band.webp","articleSection":["S\u00e3o Paulo"],"inLanguage":"pt-BR","potentialAction":[{"@type":"CommentAction","name":"Comment","target":["https:\/\/www.gaveanews.com\/index.php\/2024\/12\/10\/sao-paulo-craque-neto-surpreende-ao-falar-de-luis-zubeldia\/#respond"]}],"copyrightYear":"2024","copyrightHolder":{"@id":"https:\/\/www.gaveanews.com\/#organization"}},{"@type":"WebPage","@id":"https:\/\/www.gaveanews.com\/index.php\/2024\/12\/10\/sao-paulo-craque-neto-surpreende-ao-falar-de-luis-zubeldia\/","url":"https:\/\/www.gaveanews.com\/index.php\/2024\/12\/10\/sao-paulo-craque-neto-surpreende-ao-falar-de-luis-zubeldia\/","name":"S\u00e3o Paulo: Craque Neto surpreende ao falar de Luis Zubeld\u00eda","isPartOf":{"@id":"https:\/\/www.gaveanews.com\/#website"},"primaryImageOfPage":{"@id":"https:\/\/www.gaveanews.com\/index.php\/2024\/12\/10\/sao-paulo-craque-neto-surpreende-ao-falar-de-luis-zubeldia\/#primaryimage"},"image":{"@id":"https:\/\/www.gaveanews.com\/index.php\/2024\/12\/10\/sao-paulo-craque-neto-surpreende-ao-falar-de-luis-zubeldia\/#primaryimage"},"thumbnailUrl":"https:\/\/www.gaveanews.com\/wp-content\/uploads\/Comentarista-Neto-em-programa-da-Band.webp","datePublished":"2024-12-10T17:55:50+00:00","author":{"@id":"https:\/\/www.gaveanews.com\/#\/schema\/person\/0eb3e3fe1754f0205218538adbe8f5ed"},"breadcrumb":{"@id":"https:\/\/www.gaveanews.com\/index.php\/2024\/12\/10\/sao-paulo-craque-neto-surpreende-ao-falar-de-luis-zubeldia\/#breadcrumb"},"inLanguage":"pt-BR","potentialAction":[{"@type":"ReadAction","target":["https:\/\/www.gaveanews.com\/index.php\/2024\/12\/10\/sao-paulo-craque-neto-surpreende-ao-falar-de-luis-zubeldia\/"]}]},{"@type":"ImageObject","inLanguage":"pt-BR","@id":"https:\/\/www.gaveanews.com\/index.php\/2024\/12\/10\/sao-paulo-craque-neto-surpreende-ao-falar-de-luis-zubeldia\/#primaryimage","url":"https:\/\/www.gaveanews.com\/wp-content\/uploads\/Comentarista-Neto-em-programa-da-Band.webp","contentUrl":"https:\/\/www.gaveanews.com\/wp-content\/uploads\/Comentarista-Neto-em-programa-da-Band.webp","width":846,"height":476,"caption":"Comentarista Neto em programa da Band (Foto: Reprodu\u00e7\u00e3o\/Band)"},{"@type":"BreadcrumbList","@id":"https:\/\/www.gaveanews.com\/index.php\/2024\/12\/10\/sao-paulo-craque-neto-surpreende-ao-falar-de-luis-zubeldia\/#breadcrumb","itemListElement":[{"@type":"ListItem","position":1,"name":"Home","item":"https:\/\/www.gaveanews.com\/"},{"@type":"ListItem","position":2,"name":"S\u00e3o Paulo: Craque Neto surpreende ao falar de Luis Zubeld\u00eda"}]},{"@type":"WebSite","@id":"https:\/\/www.gaveanews.com\/#website","url":"https:\/\/www.gaveanews.com\/","name":"G\u00e1vea News","description":"Veja todas as not\u00edcias sobre o Flamengo: Contrata\u00e7\u00f5es, categorias de base, resultados das partidas, tabela de classifica\u00e7\u00e3o, pr\u00f3ximos jogos!","potentialAction":[{"@type":"SearchAction","target":{"@type":"EntryPoint","urlTemplate":"https:\/\/www.gaveanews.com\/?s={search_term_string}"},"query-input":{"@type":"PropertyValueSpecification","valueRequired":true,"valueName":"search_term_string"}}],"inLanguage":"pt-BR"},{"@type":"Person","@id":"https:\/\/www.gaveanews.com\/#\/schema\/person\/0eb3e3fe1754f0205218538adbe8f5ed","name":"Rafaela Ladeira","image":{"@type":"ImageObject","inLanguage":"pt-BR","@id":"https:\/\/www.gaveanews.com\/#\/schema\/person\/image\/","url":"https:\/\/secure.gravatar.com\/avatar\/c31f513acffd85eacab5730cbdfdbbf59f21ba5aeada8cd890acea879fbb2455?s=96&d=mm&r=g","contentUrl":"https:\/\/secure.gravatar.com\/avatar\/c31f513acffd85eacab5730cbdfdbbf59f21ba5aeada8cd890acea879fbb2455?s=96&d=mm&r=g","caption":"Rafaela Ladeira"}}]}},"_links":{"self":[{"href":"https:\/\/www.gaveanews.com\/index.php\/wp-json\/wp\/v2\/posts\/196341","targetHints":{"allow":["GET"]}}],"collection":[{"href":"https:\/\/www.gaveanews.com\/index.php\/wp-json\/wp\/v2\/posts"}],"about":[{"href":"https:\/\/www.gaveanews.com\/index.php\/wp-json\/wp\/v2\/types\/post"}],"author":[{"embeddable":true,"href":"https:\/\/www.gaveanews.com\/index.php\/wp-json\/wp\/v2\/users\/25"}],"replies":[{"embeddable":true,"href":"https:\/\/www.gaveanews.com\/index.php\/wp-json\/wp\/v2\/comments?post=196341"}],"version-history":[{"count":2,"href":"https:\/\/www.gaveanews.com\/index.php\/wp-json\/wp\/v2\/posts\/196341\/revisions"}],"predecessor-version":[{"id":197120,"href":"https:\/\/www.gaveanews.com\/index.php\/wp-json\/wp\/v2\/posts\/196341\/revisions\/197120"}],"wp:featuredmedia":[{"embeddable":true,"href":"https:\/\/www.gaveanews.com\/index.php\/wp-json\/wp\/v2\/media\/71983"}],"wp:attachment":[{"href":"https:\/\/www.gaveanews.com\/index.php\/wp-json\/wp\/v2\/media?parent=196341"}],"wp:term":[{"taxonomy":"category","embeddable":true,"href":"https:\/\/www.gaveanews.com\/index.php\/wp-json\/wp\/v2\/categories?post=196341"},{"taxonomy":"post_tag","embeddable":true,"href":"https:\/\/www.gaveanews.com\/index.php\/wp-json\/wp\/v2\/tags?post=196341"}],"curies":[{"name":"wp","href":"https:\/\/api.w.org\/{rel}","templated":true}]}}