{"id":196344,"date":"2024-12-09T09:00:55","date_gmt":"2024-12-09T12:00:55","guid":{"rendered":"https:\/\/www.gaveanews.com\/?p=196344"},"modified":"2024-12-09T08:12:17","modified_gmt":"2024-12-09T11:12:17","slug":"inter-monitora-situacao-de-ex-flamengo","status":"publish","type":"post","link":"https:\/\/www.gaveanews.com\/index.php\/2024\/12\/09\/inter-monitora-situacao-de-ex-flamengo\/","title":{"rendered":"Inter monitora situa\u00e7\u00e3o de ex-Flamengo"},"content":{"rendered":"\n<p>O Internacional est\u00e1 de olho em um refor\u00e7o de peso para 2025. O clube ga\u00facho demonstrou interesse em Willyan Rocha, zagueiro de 29 anos, atualmente no CSKA da R\u00fassia. Com uma estatura imponente de 1,93m e destaque no futebol europeu, o defensor, que tem passagens pelo Flamengo, pode ser uma pe\u00e7a fundamental no setor defensivo do Inter. No entanto, a negocia\u00e7\u00e3o ainda n\u00e3o avan\u00e7ou, e v\u00e1rios fatores podem influenciar o desfecho.<\/p>\n\n\n\n<ul class=\"wp-block-list\">\n<li><a href=\"https:\/\/www.gaveanews.com\/index.php\/2024\/12\/06\/wesley-vai-deixar-o-internacional-em-2025\/\">Wesley vai deixar o Internacional em 2025?<\/a><\/li>\n\n\n\n<li><a href=\"https:\/\/www.gaveanews.com\/index.php\/2024\/12\/05\/internacional-emite-nota-oficial-envolvendo-wesley\/\">Internacional emite nota oficial envolvendo Wesley<\/a><\/li>\n<\/ul>\n\n\n\n<h2 class=\"wp-block-heading\" id=\"h-willyan-rocha-e-o-desejo-de-retornar-ao-brasil\">Willyan Rocha e o desejo de retornar ao Brasil<\/h2>\n\n\n\n<p>Willyan Rocha, que completar\u00e1 30 anos em janeiro, parece enxergar a transfer\u00eancia com bons olhos, especialmente porque tem uma filha de dois meses no Brasil. Isso porque, apesar de estar estabelecido no CSKA desde 2022, o zagueiro sente que uma mudan\u00e7a para o futebol brasileiro pode ser ben\u00e9fica para sua fam\u00edlia.<\/p>\n\n\n\n<p>Vale destacar que o jogador come\u00e7ou sua carreira no Flamengo, passando tamb\u00e9m pelo Gr\u00eamio em 2017, antes de seguir para Portugal, onde se destacou no Portimonense. Quase foi contratado pelo S\u00e3o Paulo em 2022, mas acabou se transferindo para o CSKA, onde se firmou como titular e se tornou um dos destaques da equipe.<\/p>\n\n\n\n<h2 class=\"wp-block-heading\" id=\"h-impedimentos-financeiros-para-o-internacional\">Impedimentos financeiros para o Internacional<\/h2>\n\n\n\n<p>Por\u00e9m, o Inter enfrenta um obst\u00e1culo importante para concretizar o neg\u00f3cio: a quest\u00e3o financeira. Willyan renovou seu contrato com o CSKA at\u00e9 2027 e, por isso, o clube russo s\u00f3 aceitaria uma venda. Al\u00e9m disso, o zagueiro \u00e9 avaliado em 6 milh\u00f5es de euros, aproximadamente R$ 38 milh\u00f5es, segundo o site Transfermarkt, o que torna a negocia\u00e7\u00e3o um desafio.<\/p>\n\n\n\n<p>Sendo assim, o Inter precisa encontrar formas de contornar a quest\u00e3o financeira para atrair Willyan Rocha. Al\u00e9m disso, a concorr\u00eancia pode ser um fator importante, visto que outros clubes podem se interessar pela sua contrata\u00e7\u00e3o devido ao seu grande desempenho.<\/p>\n\n\n\n<h2 class=\"wp-block-heading\" id=\"h-destaques-e-reconhecimento-internacional\">Destaques e reconhecimento internacional<\/h2>\n\n\n\n<p>Willyan tem se destacado ainda mais na temporada 2024\/25, com 13 jogos disputados, todos como titular. Desse jeito, o zagueiro foi inclu\u00eddo na lista dos 10 melhores jogadores do mundo em jogo a\u00e9reo, elaborada pelo Centro Internacional de Estudos sobre Esportes (CIES). Com isso, seu valor de mercado tende a aumentar, o que torna sua contrata\u00e7\u00e3o ainda mais desafiadora para o Internacional.<\/p>\n","protected":false},"excerpt":{"rendered":"<p>O Internacional est\u00e1 de olho em um refor\u00e7o de peso para 2025. O clube ga\u00facho demonstrou interesse em Willyan Rocha, zagueiro de 29 anos, atualmente no CSKA da R\u00fassia. Com uma estatura imponente de 1,93m e destaque no futebol europeu, o defensor, que tem passagens pelo Flamengo, pode ser uma pe\u00e7a fundamental no setor defensivo [&hellip;]<\/p>\n","protected":false},"author":24,"featured_media":173600,"comment_status":"open","ping_status":"closed","sticky":false,"template":"","format":"standard","meta":{"footnotes":""},"categories":[1,148],"tags":[],"class_list":["post-196344","post","type-post","status-publish","format-standard","has-post-thumbnail","hentry","category-flamengo","category-internacional"],"yoast_head":"<!-- This site is optimized with the Yoast SEO Premium plugin v24.2 (Yoast SEO v26.9) - https:\/\/yoast.com\/product\/yoast-seo-premium-wordpress\/ -->\n<title>Inter monitora situa\u00e7\u00e3o de ex-Flamengo<\/title>\n<meta name=\"robots\" content=\"index, follow, max-snippet:-1, max-image-preview:large, max-video-preview:-1\" \/>\n<link rel=\"canonical\" href=\"https:\/\/www.gaveanews.com\/index.php\/2024\/12\/09\/inter-monitora-situacao-de-ex-flamengo\/\" \/>\n<meta property=\"og:locale\" content=\"pt_BR\" \/>\n<meta property=\"og:type\" content=\"article\" \/>\n<meta property=\"og:title\" content=\"Inter monitora situa\u00e7\u00e3o de ex-Flamengo\" \/>\n<meta property=\"og:description\" content=\"O Internacional est\u00e1 de olho em um refor\u00e7o de peso para 2025. O clube ga\u00facho demonstrou interesse em Willyan Rocha, zagueiro de 29 anos, atualmente no CSKA da R\u00fassia. Com uma estatura imponente de 1,93m e destaque no futebol europeu, o defensor, que tem passagens pelo Flamengo, pode ser uma pe\u00e7a fundamental no setor defensivo [&hellip;]\" \/>\n<meta property=\"og:url\" content=\"https:\/\/www.gaveanews.com\/index.php\/2024\/12\/09\/inter-monitora-situacao-de-ex-flamengo\/\" \/>\n<meta property=\"og:site_name\" content=\"G\u00e1vea News\" \/>\n<meta property=\"article:publisher\" content=\"https:\/\/facebook.com\/gaveaNews\/\" \/>\n<meta property=\"article:published_time\" content=\"2024-12-09T12:00:55+00:00\" \/>\n<meta property=\"og:image\" content=\"https:\/\/www.gaveanews.com\/wp-content\/uploads\/Escudo-do-Internacional.webp\" \/>\n\t<meta property=\"og:image:width\" content=\"1728\" \/>\n\t<meta property=\"og:image:height\" content=\"1080\" \/>\n\t<meta property=\"og:image:type\" content=\"image\/webp\" \/>\n<meta name=\"author\" content=\"Leandro Cardoso\" \/>\n<meta name=\"twitter:card\" content=\"summary_large_image\" \/>\n<meta name=\"twitter:label1\" content=\"Escrito por\" \/>\n\t<meta name=\"twitter:data1\" content=\"Leandro Cardoso\" \/>\n\t<meta name=\"twitter:label2\" content=\"Est. tempo de leitura\" \/>\n\t<meta name=\"twitter:data2\" content=\"3 minutos\" \/>\n<script type=\"application\/ld+json\" class=\"yoast-schema-graph\">{\"@context\":\"https:\/\/schema.org\",\"@graph\":[{\"@type\":\"NewsArticle\",\"@id\":\"https:\/\/www.gaveanews.com\/index.php\/2024\/12\/09\/inter-monitora-situacao-de-ex-flamengo\/#article\",\"isPartOf\":{\"@id\":\"https:\/\/www.gaveanews.com\/index.php\/2024\/12\/09\/inter-monitora-situacao-de-ex-flamengo\/\"},\"author\":{\"name\":\"Leandro Cardoso\",\"@id\":\"https:\/\/www.gaveanews.com\/#\/schema\/person\/2424ec6409bc3f068411fc5e4e9b6168\"},\"headline\":\"Inter monitora situa\u00e7\u00e3o de ex-Flamengo\",\"datePublished\":\"2024-12-09T12:00:55+00:00\",\"mainEntityOfPage\":{\"@id\":\"https:\/\/www.gaveanews.com\/index.php\/2024\/12\/09\/inter-monitora-situacao-de-ex-flamengo\/\"},\"wordCount\":391,\"commentCount\":0,\"image\":{\"@id\":\"https:\/\/www.gaveanews.com\/index.php\/2024\/12\/09\/inter-monitora-situacao-de-ex-flamengo\/#primaryimage\"},\"thumbnailUrl\":\"https:\/\/www.gaveanews.com\/wp-content\/uploads\/Escudo-do-Internacional.webp\",\"articleSection\":[\"Flamengo\",\"Internacional\"],\"inLanguage\":\"pt-BR\",\"potentialAction\":[{\"@type\":\"CommentAction\",\"name\":\"Comment\",\"target\":[\"https:\/\/www.gaveanews.com\/index.php\/2024\/12\/09\/inter-monitora-situacao-de-ex-flamengo\/#respond\"]}],\"copyrightYear\":\"2024\",\"copyrightHolder\":{\"@id\":\"https:\/\/www.gaveanews.com\/#organization\"}},{\"@type\":\"WebPage\",\"@id\":\"https:\/\/www.gaveanews.com\/index.php\/2024\/12\/09\/inter-monitora-situacao-de-ex-flamengo\/\",\"url\":\"https:\/\/www.gaveanews.com\/index.php\/2024\/12\/09\/inter-monitora-situacao-de-ex-flamengo\/\",\"name\":\"Inter monitora situa\u00e7\u00e3o de ex-Flamengo\",\"isPartOf\":{\"@id\":\"https:\/\/www.gaveanews.com\/#website\"},\"primaryImageOfPage\":{\"@id\":\"https:\/\/www.gaveanews.com\/index.php\/2024\/12\/09\/inter-monitora-situacao-de-ex-flamengo\/#primaryimage\"},\"image\":{\"@id\":\"https:\/\/www.gaveanews.com\/index.php\/2024\/12\/09\/inter-monitora-situacao-de-ex-flamengo\/#primaryimage\"},\"thumbnailUrl\":\"https:\/\/www.gaveanews.com\/wp-content\/uploads\/Escudo-do-Internacional.webp\",\"datePublished\":\"2024-12-09T12:00:55+00:00\",\"author\":{\"@id\":\"https:\/\/www.gaveanews.com\/#\/schema\/person\/2424ec6409bc3f068411fc5e4e9b6168\"},\"breadcrumb\":{\"@id\":\"https:\/\/www.gaveanews.com\/index.php\/2024\/12\/09\/inter-monitora-situacao-de-ex-flamengo\/#breadcrumb\"},\"inLanguage\":\"pt-BR\",\"potentialAction\":[{\"@type\":\"ReadAction\",\"target\":[\"https:\/\/www.gaveanews.com\/index.php\/2024\/12\/09\/inter-monitora-situacao-de-ex-flamengo\/\"]}]},{\"@type\":\"ImageObject\",\"inLanguage\":\"pt-BR\",\"@id\":\"https:\/\/www.gaveanews.com\/index.php\/2024\/12\/09\/inter-monitora-situacao-de-ex-flamengo\/#primaryimage\",\"url\":\"https:\/\/www.gaveanews.com\/wp-content\/uploads\/Escudo-do-Internacional.webp\",\"contentUrl\":\"https:\/\/www.gaveanews.com\/wp-content\/uploads\/Escudo-do-Internacional.webp\",\"width\":1728,\"height\":1080,\"caption\":\"Escudo do Internacional (Foto: Reprodu\u00e7\u00e3o)\"},{\"@type\":\"BreadcrumbList\",\"@id\":\"https:\/\/www.gaveanews.com\/index.php\/2024\/12\/09\/inter-monitora-situacao-de-ex-flamengo\/#breadcrumb\",\"itemListElement\":[{\"@type\":\"ListItem\",\"position\":1,\"name\":\"Home\",\"item\":\"https:\/\/www.gaveanews.com\/\"},{\"@type\":\"ListItem\",\"position\":2,\"name\":\"Inter monitora situa\u00e7\u00e3o de ex-Flamengo\"}]},{\"@type\":\"WebSite\",\"@id\":\"https:\/\/www.gaveanews.com\/#website\",\"url\":\"https:\/\/www.gaveanews.com\/\",\"name\":\"G\u00e1vea News\",\"description\":\"Veja todas as not\u00edcias sobre o Flamengo: Contrata\u00e7\u00f5es, categorias de base, resultados das partidas, tabela de classifica\u00e7\u00e3o, pr\u00f3ximos jogos!\",\"potentialAction\":[{\"@type\":\"SearchAction\",\"target\":{\"@type\":\"EntryPoint\",\"urlTemplate\":\"https:\/\/www.gaveanews.com\/?s={search_term_string}\"},\"query-input\":{\"@type\":\"PropertyValueSpecification\",\"valueRequired\":true,\"valueName\":\"search_term_string\"}}],\"inLanguage\":\"pt-BR\"},{\"@type\":\"Person\",\"@id\":\"https:\/\/www.gaveanews.com\/#\/schema\/person\/2424ec6409bc3f068411fc5e4e9b6168\",\"name\":\"Leandro Cardoso\",\"image\":{\"@type\":\"ImageObject\",\"inLanguage\":\"pt-BR\",\"@id\":\"https:\/\/www.gaveanews.com\/#\/schema\/person\/image\/\",\"url\":\"https:\/\/secure.gravatar.com\/avatar\/8ca179f9b55eefe9f376f5493ef25475bfa59fbc28ce937f6076ce20e523098f?s=96&d=mm&r=g\",\"contentUrl\":\"https:\/\/secure.gravatar.com\/avatar\/8ca179f9b55eefe9f376f5493ef25475bfa59fbc28ce937f6076ce20e523098f?s=96&d=mm&r=g\",\"caption\":\"Leandro Cardoso\"}}]}<\/script>\n<!-- \/ Yoast SEO Premium plugin. -->","yoast_head_json":{"title":"Inter monitora situa\u00e7\u00e3o de ex-Flamengo","robots":{"index":"index","follow":"follow","max-snippet":"max-snippet:-1","max-image-preview":"max-image-preview:large","max-video-preview":"max-video-preview:-1"},"canonical":"https:\/\/www.gaveanews.com\/index.php\/2024\/12\/09\/inter-monitora-situacao-de-ex-flamengo\/","og_locale":"pt_BR","og_type":"article","og_title":"Inter monitora situa\u00e7\u00e3o de ex-Flamengo","og_description":"O Internacional est\u00e1 de olho em um refor\u00e7o de peso para 2025. O clube ga\u00facho demonstrou interesse em Willyan Rocha, zagueiro de 29 anos, atualmente no CSKA da R\u00fassia. Com uma estatura imponente de 1,93m e destaque no futebol europeu, o defensor, que tem passagens pelo Flamengo, pode ser uma pe\u00e7a fundamental no setor defensivo [&hellip;]","og_url":"https:\/\/www.gaveanews.com\/index.php\/2024\/12\/09\/inter-monitora-situacao-de-ex-flamengo\/","og_site_name":"G\u00e1vea News","article_publisher":"https:\/\/facebook.com\/gaveaNews\/","article_published_time":"2024-12-09T12:00:55+00:00","og_image":[{"width":1728,"height":1080,"url":"https:\/\/www.gaveanews.com\/wp-content\/uploads\/Escudo-do-Internacional.webp","type":"image\/webp"}],"author":"Leandro Cardoso","twitter_card":"summary_large_image","twitter_misc":{"Escrito por":"Leandro Cardoso","Est. tempo de leitura":"3 minutos"},"schema":{"@context":"https:\/\/schema.org","@graph":[{"@type":"NewsArticle","@id":"https:\/\/www.gaveanews.com\/index.php\/2024\/12\/09\/inter-monitora-situacao-de-ex-flamengo\/#article","isPartOf":{"@id":"https:\/\/www.gaveanews.com\/index.php\/2024\/12\/09\/inter-monitora-situacao-de-ex-flamengo\/"},"author":{"name":"Leandro Cardoso","@id":"https:\/\/www.gaveanews.com\/#\/schema\/person\/2424ec6409bc3f068411fc5e4e9b6168"},"headline":"Inter monitora situa\u00e7\u00e3o de ex-Flamengo","datePublished":"2024-12-09T12:00:55+00:00","mainEntityOfPage":{"@id":"https:\/\/www.gaveanews.com\/index.php\/2024\/12\/09\/inter-monitora-situacao-de-ex-flamengo\/"},"wordCount":391,"commentCount":0,"image":{"@id":"https:\/\/www.gaveanews.com\/index.php\/2024\/12\/09\/inter-monitora-situacao-de-ex-flamengo\/#primaryimage"},"thumbnailUrl":"https:\/\/www.gaveanews.com\/wp-content\/uploads\/Escudo-do-Internacional.webp","articleSection":["Flamengo","Internacional"],"inLanguage":"pt-BR","potentialAction":[{"@type":"CommentAction","name":"Comment","target":["https:\/\/www.gaveanews.com\/index.php\/2024\/12\/09\/inter-monitora-situacao-de-ex-flamengo\/#respond"]}],"copyrightYear":"2024","copyrightHolder":{"@id":"https:\/\/www.gaveanews.com\/#organization"}},{"@type":"WebPage","@id":"https:\/\/www.gaveanews.com\/index.php\/2024\/12\/09\/inter-monitora-situacao-de-ex-flamengo\/","url":"https:\/\/www.gaveanews.com\/index.php\/2024\/12\/09\/inter-monitora-situacao-de-ex-flamengo\/","name":"Inter monitora situa\u00e7\u00e3o de ex-Flamengo","isPartOf":{"@id":"https:\/\/www.gaveanews.com\/#website"},"primaryImageOfPage":{"@id":"https:\/\/www.gaveanews.com\/index.php\/2024\/12\/09\/inter-monitora-situacao-de-ex-flamengo\/#primaryimage"},"image":{"@id":"https:\/\/www.gaveanews.com\/index.php\/2024\/12\/09\/inter-monitora-situacao-de-ex-flamengo\/#primaryimage"},"thumbnailUrl":"https:\/\/www.gaveanews.com\/wp-content\/uploads\/Escudo-do-Internacional.webp","datePublished":"2024-12-09T12:00:55+00:00","author":{"@id":"https:\/\/www.gaveanews.com\/#\/schema\/person\/2424ec6409bc3f068411fc5e4e9b6168"},"breadcrumb":{"@id":"https:\/\/www.gaveanews.com\/index.php\/2024\/12\/09\/inter-monitora-situacao-de-ex-flamengo\/#breadcrumb"},"inLanguage":"pt-BR","potentialAction":[{"@type":"ReadAction","target":["https:\/\/www.gaveanews.com\/index.php\/2024\/12\/09\/inter-monitora-situacao-de-ex-flamengo\/"]}]},{"@type":"ImageObject","inLanguage":"pt-BR","@id":"https:\/\/www.gaveanews.com\/index.php\/2024\/12\/09\/inter-monitora-situacao-de-ex-flamengo\/#primaryimage","url":"https:\/\/www.gaveanews.com\/wp-content\/uploads\/Escudo-do-Internacional.webp","contentUrl":"https:\/\/www.gaveanews.com\/wp-content\/uploads\/Escudo-do-Internacional.webp","width":1728,"height":1080,"caption":"Escudo do Internacional (Foto: Reprodu\u00e7\u00e3o)"},{"@type":"BreadcrumbList","@id":"https:\/\/www.gaveanews.com\/index.php\/2024\/12\/09\/inter-monitora-situacao-de-ex-flamengo\/#breadcrumb","itemListElement":[{"@type":"ListItem","position":1,"name":"Home","item":"https:\/\/www.gaveanews.com\/"},{"@type":"ListItem","position":2,"name":"Inter monitora situa\u00e7\u00e3o de ex-Flamengo"}]},{"@type":"WebSite","@id":"https:\/\/www.gaveanews.com\/#website","url":"https:\/\/www.gaveanews.com\/","name":"G\u00e1vea News","description":"Veja todas as not\u00edcias sobre o Flamengo: Contrata\u00e7\u00f5es, categorias de base, resultados das partidas, tabela de classifica\u00e7\u00e3o, pr\u00f3ximos jogos!","potentialAction":[{"@type":"SearchAction","target":{"@type":"EntryPoint","urlTemplate":"https:\/\/www.gaveanews.com\/?s={search_term_string}"},"query-input":{"@type":"PropertyValueSpecification","valueRequired":true,"valueName":"search_term_string"}}],"inLanguage":"pt-BR"},{"@type":"Person","@id":"https:\/\/www.gaveanews.com\/#\/schema\/person\/2424ec6409bc3f068411fc5e4e9b6168","name":"Leandro Cardoso","image":{"@type":"ImageObject","inLanguage":"pt-BR","@id":"https:\/\/www.gaveanews.com\/#\/schema\/person\/image\/","url":"https:\/\/secure.gravatar.com\/avatar\/8ca179f9b55eefe9f376f5493ef25475bfa59fbc28ce937f6076ce20e523098f?s=96&d=mm&r=g","contentUrl":"https:\/\/secure.gravatar.com\/avatar\/8ca179f9b55eefe9f376f5493ef25475bfa59fbc28ce937f6076ce20e523098f?s=96&d=mm&r=g","caption":"Leandro Cardoso"}}]}},"_links":{"self":[{"href":"https:\/\/www.gaveanews.com\/index.php\/wp-json\/wp\/v2\/posts\/196344","targetHints":{"allow":["GET"]}}],"collection":[{"href":"https:\/\/www.gaveanews.com\/index.php\/wp-json\/wp\/v2\/posts"}],"about":[{"href":"https:\/\/www.gaveanews.com\/index.php\/wp-json\/wp\/v2\/types\/post"}],"author":[{"embeddable":true,"href":"https:\/\/www.gaveanews.com\/index.php\/wp-json\/wp\/v2\/users\/24"}],"replies":[{"embeddable":true,"href":"https:\/\/www.gaveanews.com\/index.php\/wp-json\/wp\/v2\/comments?post=196344"}],"version-history":[{"count":1,"href":"https:\/\/www.gaveanews.com\/index.php\/wp-json\/wp\/v2\/posts\/196344\/revisions"}],"predecessor-version":[{"id":196356,"href":"https:\/\/www.gaveanews.com\/index.php\/wp-json\/wp\/v2\/posts\/196344\/revisions\/196356"}],"wp:featuredmedia":[{"embeddable":true,"href":"https:\/\/www.gaveanews.com\/index.php\/wp-json\/wp\/v2\/media\/173600"}],"wp:attachment":[{"href":"https:\/\/www.gaveanews.com\/index.php\/wp-json\/wp\/v2\/media?parent=196344"}],"wp:term":[{"taxonomy":"category","embeddable":true,"href":"https:\/\/www.gaveanews.com\/index.php\/wp-json\/wp\/v2\/categories?post=196344"},{"taxonomy":"post_tag","embeddable":true,"href":"https:\/\/www.gaveanews.com\/index.php\/wp-json\/wp\/v2\/tags?post=196344"}],"curies":[{"name":"wp","href":"https:\/\/api.w.org\/{rel}","templated":true}]}}