{"id":196346,"date":"2024-12-07T20:35:00","date_gmt":"2024-12-07T23:35:00","guid":{"rendered":"https:\/\/www.gaveanews.com\/?p=196346"},"modified":"2024-12-07T20:13:08","modified_gmt":"2024-12-07T23:13:08","slug":"brasileirao-tera-premio-inedito-para-artilheiro-da-serie-a","status":"publish","type":"post","link":"https:\/\/www.gaveanews.com\/index.php\/2024\/12\/07\/brasileirao-tera-premio-inedito-para-artilheiro-da-serie-a\/","title":{"rendered":"Brasileir\u00e3o ter\u00e1 pr\u00eamio in\u00e9dito para artilheiro da S\u00e9rie A"},"content":{"rendered":"\n<p>A Confedera\u00e7\u00e3o Brasileira de Futebol (CBF) revelou, neste s\u00e1bado, o Trof\u00e9u Roberto Dinamite, criado para premiar o artilheiro do Campeonato Brasileiro. A homenagem \u00e9 um tributo ao maior goleador da hist\u00f3ria da competi\u00e7\u00e3o, Roberto Dinamite, que marcou 190 gols ao longo de sua carreira.<\/p>\n\n\n\n<ul class=\"wp-block-list\">\n<li><strong><a href=\"https:\/\/www.gaveanews.com\/index.php\/2024\/12\/07\/libertadores-no-brasil-declaracao-de-gabriel-fuentes-e-os-artilheiros-do-verdao-as-ultimas-noticias-do-palmeiras\/?utm_source=terra_capa_parceiros&amp;utm_medium=referral\">Libertadores no Brasil, declara\u00e7\u00e3o de Gabriel Fuentes e os artilheiros do Verd\u00e3o: as \u00faltimas not\u00edcias do Palmeiras<\/a><\/strong><\/li>\n<\/ul>\n\n\n\n<p>O trof\u00e9u possui um design especial, com gomos que representam os anos em que o \u00eddolo vasca\u00edno disputou o Brasileir\u00e3o. Cada gomo destaca o n\u00famero de gols marcados pelo ex-jogador em cada edi\u00e7\u00e3o, simbolizando a trajet\u00f3ria brilhante de Dinamite no futebol nacional.<\/p>\n\n\n\n<p>A disputa pela artilharia segue aberta na reta final do campeonato. Yuri Alberto, do Corinthians, e Alerrandro, do Vit\u00f3ria, lideram com 14 gols cada. Est\u00eav\u00e3o, a jovem promessa do Palmeiras, vem logo atr\u00e1s, com 13 gols, alimentando a expectativa de uma emocionante defini\u00e7\u00e3o na \u00faltima rodada.<\/p>\n\n\n\n<p>Em caso de empate na artilharia, cada jogador receber\u00e1 seu pr\u00f3prio trof\u00e9u, conforme garantiu a CBF. Al\u00e9m disso, o artilheiro ser\u00e1 contemplado com uma premia\u00e7\u00e3o em dinheiro, no valor de R$ 100 mil, e um b\u00f4nus adicional de R$ 5 mil por gol marcado ao longo do torneio.<\/p>\n\n\n\n<p>A cerim\u00f4nia de entrega do Trof\u00e9u Roberto Dinamite est\u00e1 prevista para a pr\u00f3xima semana. O pr\u00eamio ser\u00e1 mais um incentivo para os atacantes que se destacaram na principal competi\u00e7\u00e3o nacional e um reconhecimento \u00e0 hist\u00f3ria de um dos maiores nomes do futebol brasileiro.<\/p>\n\n\n\n<blockquote class=\"twitter-tweet\"><p lang=\"pt\" dir=\"ltr\">Com voc\u00eas, o <a href=\"https:\/\/twitter.com\/hashtag\/TrofeuRobertoDinamite?src=hash&amp;ref_src=twsrc%5Etfw\">#TrofeuRobertoDinamite<\/a>, que ser\u00e1 dado ao artilheiro do <a href=\"https:\/\/twitter.com\/Brasileirao?ref_src=twsrc%5Etfw\">@brasileirao<\/a>!<br><br>\ud83d\udcf8 Rafael Ribeiro <a href=\"https:\/\/t.co\/4tr97mNfVq\">pic.twitter.com\/4tr97mNfVq<\/a><\/p>&mdash; Brasileir\u00e3o Betano (@Brasileirao) <a href=\"https:\/\/twitter.com\/Brasileirao\/status\/1865402003867799972?ref_src=twsrc%5Etfw\">December 7, 2024<\/a><\/blockquote> <script async src=\"https:\/\/platform.twitter.com\/widgets.js\" charset=\"utf-8\"><\/script>\n\n\n\n<p>Com o novo trof\u00e9u, a CBF refor\u00e7a a import\u00e2ncia de homenagear \u00eddolos que deixaram um legado no esporte e valoriza o desempenho dos jogadores que buscam escrever seus nomes na hist\u00f3ria do Brasileir\u00e3o. A defini\u00e7\u00e3o do artilheiro promete ser um dos grandes momentos da rodada final do campeonato.<\/p>\n","protected":false},"excerpt":{"rendered":"<p>A Confedera\u00e7\u00e3o Brasileira de Futebol (CBF) revelou, neste s\u00e1bado, o Trof\u00e9u Roberto Dinamite, criado para premiar o artilheiro do Campeonato Brasileiro. A homenagem \u00e9 um tributo ao maior goleador da hist\u00f3ria da competi\u00e7\u00e3o, Roberto Dinamite, que marcou 190 gols ao longo de sua carreira. O trof\u00e9u possui um design especial, com gomos que representam os [&hellip;]<\/p>\n","protected":false},"author":23,"featured_media":163855,"comment_status":"open","ping_status":"closed","sticky":false,"template":"","format":"standard","meta":{"footnotes":""},"categories":[105],"tags":[],"class_list":["post-196346","post","type-post","status-publish","format-standard","has-post-thumbnail","hentry","category-serie-a"],"yoast_head":"<!-- This site is optimized with the Yoast SEO Premium plugin v24.2 (Yoast SEO v26.9) - https:\/\/yoast.com\/product\/yoast-seo-premium-wordpress\/ -->\n<title>Brasileir\u00e3o ter\u00e1 pr\u00eamio in\u00e9dito para artilheiro da S\u00e9rie A<\/title>\n<meta name=\"robots\" content=\"index, follow, max-snippet:-1, max-image-preview:large, max-video-preview:-1\" \/>\n<link rel=\"canonical\" href=\"https:\/\/www.gaveanews.com\/index.php\/2024\/12\/07\/brasileirao-tera-premio-inedito-para-artilheiro-da-serie-a\/\" \/>\n<meta property=\"og:locale\" content=\"pt_BR\" \/>\n<meta property=\"og:type\" content=\"article\" \/>\n<meta property=\"og:title\" content=\"Brasileir\u00e3o ter\u00e1 pr\u00eamio in\u00e9dito para artilheiro da S\u00e9rie A\" \/>\n<meta property=\"og:description\" content=\"A Confedera\u00e7\u00e3o Brasileira de Futebol (CBF) revelou, neste s\u00e1bado, o Trof\u00e9u Roberto Dinamite, criado para premiar o artilheiro do Campeonato Brasileiro. A homenagem \u00e9 um tributo ao maior goleador da hist\u00f3ria da competi\u00e7\u00e3o, Roberto Dinamite, que marcou 190 gols ao longo de sua carreira. O trof\u00e9u possui um design especial, com gomos que representam os [&hellip;]\" \/>\n<meta property=\"og:url\" content=\"https:\/\/www.gaveanews.com\/index.php\/2024\/12\/07\/brasileirao-tera-premio-inedito-para-artilheiro-da-serie-a\/\" \/>\n<meta property=\"og:site_name\" content=\"G\u00e1vea News\" \/>\n<meta property=\"article:publisher\" content=\"https:\/\/facebook.com\/gaveaNews\/\" \/>\n<meta property=\"article:published_time\" content=\"2024-12-07T23:35:00+00:00\" \/>\n<meta property=\"og:image\" content=\"https:\/\/www.gaveanews.com\/wp-content\/uploads\/Tacas-do-Campeonato-Brasileiro.webp\" \/>\n\t<meta property=\"og:image:width\" content=\"1000\" \/>\n\t<meta property=\"og:image:height\" content=\"598\" \/>\n\t<meta property=\"og:image:type\" content=\"image\/webp\" \/>\n<meta name=\"author\" content=\"Leandro Azevedo\" \/>\n<meta name=\"twitter:card\" content=\"summary_large_image\" \/>\n<meta name=\"twitter:label1\" content=\"Escrito por\" \/>\n\t<meta name=\"twitter:data1\" content=\"Leandro Azevedo\" \/>\n\t<meta name=\"twitter:label2\" content=\"Est. tempo de leitura\" \/>\n\t<meta name=\"twitter:data2\" content=\"2 minutos\" \/>\n<script type=\"application\/ld+json\" class=\"yoast-schema-graph\">{\"@context\":\"https:\/\/schema.org\",\"@graph\":[{\"@type\":\"NewsArticle\",\"@id\":\"https:\/\/www.gaveanews.com\/index.php\/2024\/12\/07\/brasileirao-tera-premio-inedito-para-artilheiro-da-serie-a\/#article\",\"isPartOf\":{\"@id\":\"https:\/\/www.gaveanews.com\/index.php\/2024\/12\/07\/brasileirao-tera-premio-inedito-para-artilheiro-da-serie-a\/\"},\"author\":{\"name\":\"Leandro Azevedo\",\"@id\":\"https:\/\/www.gaveanews.com\/#\/schema\/person\/2877169f354c4596cf5aab74ea7c56a8\"},\"headline\":\"Brasileir\u00e3o ter\u00e1 pr\u00eamio in\u00e9dito para artilheiro da S\u00e9rie A\",\"datePublished\":\"2024-12-07T23:35:00+00:00\",\"mainEntityOfPage\":{\"@id\":\"https:\/\/www.gaveanews.com\/index.php\/2024\/12\/07\/brasileirao-tera-premio-inedito-para-artilheiro-da-serie-a\/\"},\"wordCount\":355,\"commentCount\":0,\"image\":{\"@id\":\"https:\/\/www.gaveanews.com\/index.php\/2024\/12\/07\/brasileirao-tera-premio-inedito-para-artilheiro-da-serie-a\/#primaryimage\"},\"thumbnailUrl\":\"https:\/\/www.gaveanews.com\/wp-content\/uploads\/Tacas-do-Campeonato-Brasileiro.webp\",\"articleSection\":[\"S\u00e9rie A\"],\"inLanguage\":\"pt-BR\",\"potentialAction\":[{\"@type\":\"CommentAction\",\"name\":\"Comment\",\"target\":[\"https:\/\/www.gaveanews.com\/index.php\/2024\/12\/07\/brasileirao-tera-premio-inedito-para-artilheiro-da-serie-a\/#respond\"]}],\"copyrightYear\":\"2024\",\"copyrightHolder\":{\"@id\":\"https:\/\/www.gaveanews.com\/#organization\"}},{\"@type\":\"WebPage\",\"@id\":\"https:\/\/www.gaveanews.com\/index.php\/2024\/12\/07\/brasileirao-tera-premio-inedito-para-artilheiro-da-serie-a\/\",\"url\":\"https:\/\/www.gaveanews.com\/index.php\/2024\/12\/07\/brasileirao-tera-premio-inedito-para-artilheiro-da-serie-a\/\",\"name\":\"Brasileir\u00e3o ter\u00e1 pr\u00eamio in\u00e9dito para artilheiro da S\u00e9rie A\",\"isPartOf\":{\"@id\":\"https:\/\/www.gaveanews.com\/#website\"},\"primaryImageOfPage\":{\"@id\":\"https:\/\/www.gaveanews.com\/index.php\/2024\/12\/07\/brasileirao-tera-premio-inedito-para-artilheiro-da-serie-a\/#primaryimage\"},\"image\":{\"@id\":\"https:\/\/www.gaveanews.com\/index.php\/2024\/12\/07\/brasileirao-tera-premio-inedito-para-artilheiro-da-serie-a\/#primaryimage\"},\"thumbnailUrl\":\"https:\/\/www.gaveanews.com\/wp-content\/uploads\/Tacas-do-Campeonato-Brasileiro.webp\",\"datePublished\":\"2024-12-07T23:35:00+00:00\",\"author\":{\"@id\":\"https:\/\/www.gaveanews.com\/#\/schema\/person\/2877169f354c4596cf5aab74ea7c56a8\"},\"breadcrumb\":{\"@id\":\"https:\/\/www.gaveanews.com\/index.php\/2024\/12\/07\/brasileirao-tera-premio-inedito-para-artilheiro-da-serie-a\/#breadcrumb\"},\"inLanguage\":\"pt-BR\",\"potentialAction\":[{\"@type\":\"ReadAction\",\"target\":[\"https:\/\/www.gaveanews.com\/index.php\/2024\/12\/07\/brasileirao-tera-premio-inedito-para-artilheiro-da-serie-a\/\"]}]},{\"@type\":\"ImageObject\",\"inLanguage\":\"pt-BR\",\"@id\":\"https:\/\/www.gaveanews.com\/index.php\/2024\/12\/07\/brasileirao-tera-premio-inedito-para-artilheiro-da-serie-a\/#primaryimage\",\"url\":\"https:\/\/www.gaveanews.com\/wp-content\/uploads\/Tacas-do-Campeonato-Brasileiro.webp\",\"contentUrl\":\"https:\/\/www.gaveanews.com\/wp-content\/uploads\/Tacas-do-Campeonato-Brasileiro.webp\",\"width\":1000,\"height\":598,\"caption\":\"Ta\u00e7as do Campeonato Brasileiro (Foto: Joilson Marcone)\"},{\"@type\":\"BreadcrumbList\",\"@id\":\"https:\/\/www.gaveanews.com\/index.php\/2024\/12\/07\/brasileirao-tera-premio-inedito-para-artilheiro-da-serie-a\/#breadcrumb\",\"itemListElement\":[{\"@type\":\"ListItem\",\"position\":1,\"name\":\"Home\",\"item\":\"https:\/\/www.gaveanews.com\/\"},{\"@type\":\"ListItem\",\"position\":2,\"name\":\"Brasileir\u00e3o ter\u00e1 pr\u00eamio in\u00e9dito para artilheiro da S\u00e9rie A\"}]},{\"@type\":\"WebSite\",\"@id\":\"https:\/\/www.gaveanews.com\/#website\",\"url\":\"https:\/\/www.gaveanews.com\/\",\"name\":\"G\u00e1vea News\",\"description\":\"Veja todas as not\u00edcias sobre o Flamengo: Contrata\u00e7\u00f5es, categorias de base, resultados das partidas, tabela de classifica\u00e7\u00e3o, pr\u00f3ximos jogos!\",\"potentialAction\":[{\"@type\":\"SearchAction\",\"target\":{\"@type\":\"EntryPoint\",\"urlTemplate\":\"https:\/\/www.gaveanews.com\/?s={search_term_string}\"},\"query-input\":{\"@type\":\"PropertyValueSpecification\",\"valueRequired\":true,\"valueName\":\"search_term_string\"}}],\"inLanguage\":\"pt-BR\"},{\"@type\":\"Person\",\"@id\":\"https:\/\/www.gaveanews.com\/#\/schema\/person\/2877169f354c4596cf5aab74ea7c56a8\",\"name\":\"Leandro Azevedo\",\"image\":{\"@type\":\"ImageObject\",\"inLanguage\":\"pt-BR\",\"@id\":\"https:\/\/www.gaveanews.com\/#\/schema\/person\/image\/\",\"url\":\"https:\/\/secure.gravatar.com\/avatar\/e2f72eb6d986a41d592a85e4e36a6c6170e9ea8a1f433dfc29d0011a8968f89c?s=96&d=mm&r=g\",\"contentUrl\":\"https:\/\/secure.gravatar.com\/avatar\/e2f72eb6d986a41d592a85e4e36a6c6170e9ea8a1f433dfc29d0011a8968f89c?s=96&d=mm&r=g\",\"caption\":\"Leandro Azevedo\"}}]}<\/script>\n<!-- \/ Yoast SEO Premium plugin. -->","yoast_head_json":{"title":"Brasileir\u00e3o ter\u00e1 pr\u00eamio in\u00e9dito para artilheiro da S\u00e9rie A","robots":{"index":"index","follow":"follow","max-snippet":"max-snippet:-1","max-image-preview":"max-image-preview:large","max-video-preview":"max-video-preview:-1"},"canonical":"https:\/\/www.gaveanews.com\/index.php\/2024\/12\/07\/brasileirao-tera-premio-inedito-para-artilheiro-da-serie-a\/","og_locale":"pt_BR","og_type":"article","og_title":"Brasileir\u00e3o ter\u00e1 pr\u00eamio in\u00e9dito para artilheiro da S\u00e9rie A","og_description":"A Confedera\u00e7\u00e3o Brasileira de Futebol (CBF) revelou, neste s\u00e1bado, o Trof\u00e9u Roberto Dinamite, criado para premiar o artilheiro do Campeonato Brasileiro. A homenagem \u00e9 um tributo ao maior goleador da hist\u00f3ria da competi\u00e7\u00e3o, Roberto Dinamite, que marcou 190 gols ao longo de sua carreira. O trof\u00e9u possui um design especial, com gomos que representam os [&hellip;]","og_url":"https:\/\/www.gaveanews.com\/index.php\/2024\/12\/07\/brasileirao-tera-premio-inedito-para-artilheiro-da-serie-a\/","og_site_name":"G\u00e1vea News","article_publisher":"https:\/\/facebook.com\/gaveaNews\/","article_published_time":"2024-12-07T23:35:00+00:00","og_image":[{"width":1000,"height":598,"url":"https:\/\/www.gaveanews.com\/wp-content\/uploads\/Tacas-do-Campeonato-Brasileiro.webp","type":"image\/webp"}],"author":"Leandro Azevedo","twitter_card":"summary_large_image","twitter_misc":{"Escrito por":"Leandro Azevedo","Est. tempo de leitura":"2 minutos"},"schema":{"@context":"https:\/\/schema.org","@graph":[{"@type":"NewsArticle","@id":"https:\/\/www.gaveanews.com\/index.php\/2024\/12\/07\/brasileirao-tera-premio-inedito-para-artilheiro-da-serie-a\/#article","isPartOf":{"@id":"https:\/\/www.gaveanews.com\/index.php\/2024\/12\/07\/brasileirao-tera-premio-inedito-para-artilheiro-da-serie-a\/"},"author":{"name":"Leandro Azevedo","@id":"https:\/\/www.gaveanews.com\/#\/schema\/person\/2877169f354c4596cf5aab74ea7c56a8"},"headline":"Brasileir\u00e3o ter\u00e1 pr\u00eamio in\u00e9dito para artilheiro da S\u00e9rie A","datePublished":"2024-12-07T23:35:00+00:00","mainEntityOfPage":{"@id":"https:\/\/www.gaveanews.com\/index.php\/2024\/12\/07\/brasileirao-tera-premio-inedito-para-artilheiro-da-serie-a\/"},"wordCount":355,"commentCount":0,"image":{"@id":"https:\/\/www.gaveanews.com\/index.php\/2024\/12\/07\/brasileirao-tera-premio-inedito-para-artilheiro-da-serie-a\/#primaryimage"},"thumbnailUrl":"https:\/\/www.gaveanews.com\/wp-content\/uploads\/Tacas-do-Campeonato-Brasileiro.webp","articleSection":["S\u00e9rie A"],"inLanguage":"pt-BR","potentialAction":[{"@type":"CommentAction","name":"Comment","target":["https:\/\/www.gaveanews.com\/index.php\/2024\/12\/07\/brasileirao-tera-premio-inedito-para-artilheiro-da-serie-a\/#respond"]}],"copyrightYear":"2024","copyrightHolder":{"@id":"https:\/\/www.gaveanews.com\/#organization"}},{"@type":"WebPage","@id":"https:\/\/www.gaveanews.com\/index.php\/2024\/12\/07\/brasileirao-tera-premio-inedito-para-artilheiro-da-serie-a\/","url":"https:\/\/www.gaveanews.com\/index.php\/2024\/12\/07\/brasileirao-tera-premio-inedito-para-artilheiro-da-serie-a\/","name":"Brasileir\u00e3o ter\u00e1 pr\u00eamio in\u00e9dito para artilheiro da S\u00e9rie A","isPartOf":{"@id":"https:\/\/www.gaveanews.com\/#website"},"primaryImageOfPage":{"@id":"https:\/\/www.gaveanews.com\/index.php\/2024\/12\/07\/brasileirao-tera-premio-inedito-para-artilheiro-da-serie-a\/#primaryimage"},"image":{"@id":"https:\/\/www.gaveanews.com\/index.php\/2024\/12\/07\/brasileirao-tera-premio-inedito-para-artilheiro-da-serie-a\/#primaryimage"},"thumbnailUrl":"https:\/\/www.gaveanews.com\/wp-content\/uploads\/Tacas-do-Campeonato-Brasileiro.webp","datePublished":"2024-12-07T23:35:00+00:00","author":{"@id":"https:\/\/www.gaveanews.com\/#\/schema\/person\/2877169f354c4596cf5aab74ea7c56a8"},"breadcrumb":{"@id":"https:\/\/www.gaveanews.com\/index.php\/2024\/12\/07\/brasileirao-tera-premio-inedito-para-artilheiro-da-serie-a\/#breadcrumb"},"inLanguage":"pt-BR","potentialAction":[{"@type":"ReadAction","target":["https:\/\/www.gaveanews.com\/index.php\/2024\/12\/07\/brasileirao-tera-premio-inedito-para-artilheiro-da-serie-a\/"]}]},{"@type":"ImageObject","inLanguage":"pt-BR","@id":"https:\/\/www.gaveanews.com\/index.php\/2024\/12\/07\/brasileirao-tera-premio-inedito-para-artilheiro-da-serie-a\/#primaryimage","url":"https:\/\/www.gaveanews.com\/wp-content\/uploads\/Tacas-do-Campeonato-Brasileiro.webp","contentUrl":"https:\/\/www.gaveanews.com\/wp-content\/uploads\/Tacas-do-Campeonato-Brasileiro.webp","width":1000,"height":598,"caption":"Ta\u00e7as do Campeonato Brasileiro (Foto: Joilson Marcone)"},{"@type":"BreadcrumbList","@id":"https:\/\/www.gaveanews.com\/index.php\/2024\/12\/07\/brasileirao-tera-premio-inedito-para-artilheiro-da-serie-a\/#breadcrumb","itemListElement":[{"@type":"ListItem","position":1,"name":"Home","item":"https:\/\/www.gaveanews.com\/"},{"@type":"ListItem","position":2,"name":"Brasileir\u00e3o ter\u00e1 pr\u00eamio in\u00e9dito para artilheiro da S\u00e9rie A"}]},{"@type":"WebSite","@id":"https:\/\/www.gaveanews.com\/#website","url":"https:\/\/www.gaveanews.com\/","name":"G\u00e1vea News","description":"Veja todas as not\u00edcias sobre o Flamengo: Contrata\u00e7\u00f5es, categorias de base, resultados das partidas, tabela de classifica\u00e7\u00e3o, pr\u00f3ximos jogos!","potentialAction":[{"@type":"SearchAction","target":{"@type":"EntryPoint","urlTemplate":"https:\/\/www.gaveanews.com\/?s={search_term_string}"},"query-input":{"@type":"PropertyValueSpecification","valueRequired":true,"valueName":"search_term_string"}}],"inLanguage":"pt-BR"},{"@type":"Person","@id":"https:\/\/www.gaveanews.com\/#\/schema\/person\/2877169f354c4596cf5aab74ea7c56a8","name":"Leandro Azevedo","image":{"@type":"ImageObject","inLanguage":"pt-BR","@id":"https:\/\/www.gaveanews.com\/#\/schema\/person\/image\/","url":"https:\/\/secure.gravatar.com\/avatar\/e2f72eb6d986a41d592a85e4e36a6c6170e9ea8a1f433dfc29d0011a8968f89c?s=96&d=mm&r=g","contentUrl":"https:\/\/secure.gravatar.com\/avatar\/e2f72eb6d986a41d592a85e4e36a6c6170e9ea8a1f433dfc29d0011a8968f89c?s=96&d=mm&r=g","caption":"Leandro Azevedo"}}]}},"_links":{"self":[{"href":"https:\/\/www.gaveanews.com\/index.php\/wp-json\/wp\/v2\/posts\/196346","targetHints":{"allow":["GET"]}}],"collection":[{"href":"https:\/\/www.gaveanews.com\/index.php\/wp-json\/wp\/v2\/posts"}],"about":[{"href":"https:\/\/www.gaveanews.com\/index.php\/wp-json\/wp\/v2\/types\/post"}],"author":[{"embeddable":true,"href":"https:\/\/www.gaveanews.com\/index.php\/wp-json\/wp\/v2\/users\/23"}],"replies":[{"embeddable":true,"href":"https:\/\/www.gaveanews.com\/index.php\/wp-json\/wp\/v2\/comments?post=196346"}],"version-history":[{"count":2,"href":"https:\/\/www.gaveanews.com\/index.php\/wp-json\/wp\/v2\/posts\/196346\/revisions"}],"predecessor-version":[{"id":196380,"href":"https:\/\/www.gaveanews.com\/index.php\/wp-json\/wp\/v2\/posts\/196346\/revisions\/196380"}],"wp:featuredmedia":[{"embeddable":true,"href":"https:\/\/www.gaveanews.com\/index.php\/wp-json\/wp\/v2\/media\/163855"}],"wp:attachment":[{"href":"https:\/\/www.gaveanews.com\/index.php\/wp-json\/wp\/v2\/media?parent=196346"}],"wp:term":[{"taxonomy":"category","embeddable":true,"href":"https:\/\/www.gaveanews.com\/index.php\/wp-json\/wp\/v2\/categories?post=196346"},{"taxonomy":"post_tag","embeddable":true,"href":"https:\/\/www.gaveanews.com\/index.php\/wp-json\/wp\/v2\/tags?post=196346"}],"curies":[{"name":"wp","href":"https:\/\/api.w.org\/{rel}","templated":true}]}}