{"id":196456,"date":"2024-12-08T18:43:39","date_gmt":"2024-12-08T21:43:39","guid":{"rendered":"https:\/\/www.gaveanews.com\/?p=196456"},"modified":"2024-12-08T18:43:42","modified_gmt":"2024-12-08T21:43:42","slug":"flamengo-x-vitoria-gabigol-manda-indireta-para-a-diretoria","status":"publish","type":"post","link":"https:\/\/www.gaveanews.com\/index.php\/2024\/12\/08\/flamengo-x-vitoria-gabigol-manda-indireta-para-a-diretoria\/","title":{"rendered":"Flamengo x Vit\u00f3ria: Gabigol manda indireta para a diretoria"},"content":{"rendered":"\n<p>Sob grande festa em um Maracan\u00e3 lotado, Gabigol se despediu da torcida e do Flamengo. Em entrevista concedida ainda no gramado do est\u00e1dio, o atacante mandou uma indireta para a diretoria rubro-negra: \u201cTenho palavra\u201d.<\/p>\n\n\n\n<ul class=\"wp-block-list\">\n<li><a href=\"https:\/\/www.gaveanews.com\/index.php\/2024\/12\/07\/veja-o-que-rafinha-disse-sobre-as-torcidas-de-flamengo-e-sao-paulo\/\">Veja o que Rafinha disse sobre as torcidas de Flamengo e S\u00e3o Paulo<\/a><\/li>\n\n\n\n<li><a href=\"https:\/\/www.gaveanews.com\/index.php\/2024\/12\/07\/e-oficial-gabigol-fecha-nova-parceria\/\">\u00c9 oficial! Gabigol fecha nova parceria<\/a><\/li>\n<\/ul>\n\n\n\n<p>O Flamengo recebeu o Vit\u00f3ria pela \u00faltima rodada do Campeonato Brasileiro, na tarde do domingo (8\/12), e ficou apenas no empate. Com o resultado, o Mais Querido chegou aos 70 pontos e encerrou a competi\u00e7\u00e3o na terceira coloca\u00e7\u00e3o, assegurado na fase de grupos da Copa Libertadores da Am\u00e9rica.<\/p>\n\n\n\n<p>O Rubro-Negro saiu atr\u00e1s no placar com um gol do artilheiro da competi\u00e7\u00e3o, Alerrandro, aos 16 minutos. Mesmo com a desvantagem, os mandantes n\u00e3o esmoreceram e empataram com o dono da festa. Gabigol balan\u00e7ou as redes para deixar a partida em igualdade.&nbsp;<\/p>\n\n\n\n<p>No entanto, o Le\u00e3o voltou a ficar novamente na frente no placar. Janderson aos 29 minutos da segunda etapa anotou o tento do desempate, colocando a equipe baiana em vantagem. Mas, o \u00faltimo jogo de Gabigol no Mais Querido n\u00e3o poderia terminar com uma derrota. Ayrton Lucas, cinco minutos depois, balan\u00e7ou as redes para fechar a conta: 2 a 2.<\/p>\n\n\n\n<p>Bastante celebrado no \u201cMaior do Mundo\u201d, Gabigol&nbsp; aproveitou a oportunidade para mandar uma indireta para o presidente do Flamengo, Rodolfo Landim. Ele concedeu entrevista ainda em campo e trouxe \u00e0 tona o relacionamento conturbado dos bastidores.<\/p>\n\n\n\n<p>&#8220;Eu tenho palavra, diferente de outras pessoas que n\u00e3o t\u00eam palavra. N\u00e3o tiveram palavra comigo, mas a minha palavra est\u00e1 mantida. Eu n\u00e3o vou ficar. Eu sou homem. E homem tem palavra\u201d, disparou.<\/p>\n\n\n\n<p>O \u00eddolo flamenguista nunca escondeu os problemas que teve ao longo da temporada para tratar da renova\u00e7\u00e3o de contrato. Insatisfeito com os padr\u00f5es oferecidos, ele n\u00e3o quis ficar no clube. Agora, livre no mercado, deve decidir onde vai jogar a partir de 2025.<\/p>\n","protected":false},"excerpt":{"rendered":"<p>Sob grande festa em um Maracan\u00e3 lotado, Gabigol se despediu da torcida e do Flamengo. Em entrevista concedida ainda no gramado do est\u00e1dio, o atacante mandou uma indireta para a diretoria rubro-negra: \u201cTenho palavra\u201d. O Flamengo recebeu o Vit\u00f3ria pela \u00faltima rodada do Campeonato Brasileiro, na tarde do domingo (8\/12), e ficou apenas no empate. [&hellip;]<\/p>\n","protected":false},"author":29,"featured_media":143969,"comment_status":"open","ping_status":"closed","sticky":false,"template":"","format":"standard","meta":{"footnotes":""},"categories":[1],"tags":[],"class_list":["post-196456","post","type-post","status-publish","format-standard","has-post-thumbnail","hentry","category-flamengo"],"yoast_head":"<!-- This site is optimized with the Yoast SEO Premium plugin v24.2 (Yoast SEO v26.9) - https:\/\/yoast.com\/product\/yoast-seo-premium-wordpress\/ -->\n<title>Flamengo x Vit\u00f3ria: Gabigol manda indireta para a diretoria<\/title>\n<meta name=\"robots\" content=\"index, follow, max-snippet:-1, max-image-preview:large, max-video-preview:-1\" \/>\n<link rel=\"canonical\" href=\"https:\/\/www.gaveanews.com\/index.php\/2024\/12\/08\/flamengo-x-vitoria-gabigol-manda-indireta-para-a-diretoria\/\" \/>\n<meta property=\"og:locale\" content=\"pt_BR\" \/>\n<meta property=\"og:type\" content=\"article\" \/>\n<meta property=\"og:title\" content=\"Flamengo x Vit\u00f3ria: Gabigol manda indireta para a diretoria\" \/>\n<meta property=\"og:description\" content=\"Sob grande festa em um Maracan\u00e3 lotado, Gabigol se despediu da torcida e do Flamengo. Em entrevista concedida ainda no gramado do est\u00e1dio, o atacante mandou uma indireta para a diretoria rubro-negra: \u201cTenho palavra\u201d. O Flamengo recebeu o Vit\u00f3ria pela \u00faltima rodada do Campeonato Brasileiro, na tarde do domingo (8\/12), e ficou apenas no empate. [&hellip;]\" \/>\n<meta property=\"og:url\" content=\"https:\/\/www.gaveanews.com\/index.php\/2024\/12\/08\/flamengo-x-vitoria-gabigol-manda-indireta-para-a-diretoria\/\" \/>\n<meta property=\"og:site_name\" content=\"G\u00e1vea News\" \/>\n<meta property=\"article:publisher\" content=\"https:\/\/facebook.com\/gaveaNews\/\" \/>\n<meta property=\"article:published_time\" content=\"2024-12-08T21:43:39+00:00\" \/>\n<meta property=\"article:modified_time\" content=\"2024-12-08T21:43:42+00:00\" \/>\n<meta property=\"og:image\" content=\"https:\/\/www.gaveanews.com\/wp-content\/uploads\/Gabigol-atacante-do-Flamengo.webp\" \/>\n\t<meta property=\"og:image:width\" content=\"1919\" \/>\n\t<meta property=\"og:image:height\" content=\"1280\" \/>\n\t<meta property=\"og:image:type\" content=\"image\/jpeg\" \/>\n<meta name=\"author\" content=\"Marco Menezes\" \/>\n<meta name=\"twitter:card\" content=\"summary_large_image\" \/>\n<meta name=\"twitter:label1\" content=\"Escrito por\" \/>\n\t<meta name=\"twitter:data1\" content=\"Marco Menezes\" \/>\n\t<meta name=\"twitter:label2\" content=\"Est. tempo de leitura\" \/>\n\t<meta name=\"twitter:data2\" content=\"2 minutos\" \/>\n<script type=\"application\/ld+json\" class=\"yoast-schema-graph\">{\"@context\":\"https:\/\/schema.org\",\"@graph\":[{\"@type\":\"NewsArticle\",\"@id\":\"https:\/\/www.gaveanews.com\/index.php\/2024\/12\/08\/flamengo-x-vitoria-gabigol-manda-indireta-para-a-diretoria\/#article\",\"isPartOf\":{\"@id\":\"https:\/\/www.gaveanews.com\/index.php\/2024\/12\/08\/flamengo-x-vitoria-gabigol-manda-indireta-para-a-diretoria\/\"},\"author\":{\"name\":\"Marco Menezes\",\"@id\":\"https:\/\/www.gaveanews.com\/#\/schema\/person\/a9f62fe75380c6bada1b2fc49bc23d69\"},\"headline\":\"Flamengo x Vit\u00f3ria: Gabigol manda indireta para a diretoria\",\"datePublished\":\"2024-12-08T21:43:39+00:00\",\"dateModified\":\"2024-12-08T21:43:42+00:00\",\"mainEntityOfPage\":{\"@id\":\"https:\/\/www.gaveanews.com\/index.php\/2024\/12\/08\/flamengo-x-vitoria-gabigol-manda-indireta-para-a-diretoria\/\"},\"wordCount\":338,\"commentCount\":0,\"image\":{\"@id\":\"https:\/\/www.gaveanews.com\/index.php\/2024\/12\/08\/flamengo-x-vitoria-gabigol-manda-indireta-para-a-diretoria\/#primaryimage\"},\"thumbnailUrl\":\"https:\/\/www.gaveanews.com\/wp-content\/uploads\/Gabigol-atacante-do-Flamengo.webp\",\"articleSection\":[\"Flamengo\"],\"inLanguage\":\"pt-BR\",\"potentialAction\":[{\"@type\":\"CommentAction\",\"name\":\"Comment\",\"target\":[\"https:\/\/www.gaveanews.com\/index.php\/2024\/12\/08\/flamengo-x-vitoria-gabigol-manda-indireta-para-a-diretoria\/#respond\"]}],\"copyrightYear\":\"2024\",\"copyrightHolder\":{\"@id\":\"https:\/\/www.gaveanews.com\/#organization\"}},{\"@type\":\"WebPage\",\"@id\":\"https:\/\/www.gaveanews.com\/index.php\/2024\/12\/08\/flamengo-x-vitoria-gabigol-manda-indireta-para-a-diretoria\/\",\"url\":\"https:\/\/www.gaveanews.com\/index.php\/2024\/12\/08\/flamengo-x-vitoria-gabigol-manda-indireta-para-a-diretoria\/\",\"name\":\"Flamengo x Vit\u00f3ria: Gabigol manda indireta para a diretoria\",\"isPartOf\":{\"@id\":\"https:\/\/www.gaveanews.com\/#website\"},\"primaryImageOfPage\":{\"@id\":\"https:\/\/www.gaveanews.com\/index.php\/2024\/12\/08\/flamengo-x-vitoria-gabigol-manda-indireta-para-a-diretoria\/#primaryimage\"},\"image\":{\"@id\":\"https:\/\/www.gaveanews.com\/index.php\/2024\/12\/08\/flamengo-x-vitoria-gabigol-manda-indireta-para-a-diretoria\/#primaryimage\"},\"thumbnailUrl\":\"https:\/\/www.gaveanews.com\/wp-content\/uploads\/Gabigol-atacante-do-Flamengo.webp\",\"datePublished\":\"2024-12-08T21:43:39+00:00\",\"dateModified\":\"2024-12-08T21:43:42+00:00\",\"author\":{\"@id\":\"https:\/\/www.gaveanews.com\/#\/schema\/person\/a9f62fe75380c6bada1b2fc49bc23d69\"},\"breadcrumb\":{\"@id\":\"https:\/\/www.gaveanews.com\/index.php\/2024\/12\/08\/flamengo-x-vitoria-gabigol-manda-indireta-para-a-diretoria\/#breadcrumb\"},\"inLanguage\":\"pt-BR\",\"potentialAction\":[{\"@type\":\"ReadAction\",\"target\":[\"https:\/\/www.gaveanews.com\/index.php\/2024\/12\/08\/flamengo-x-vitoria-gabigol-manda-indireta-para-a-diretoria\/\"]}]},{\"@type\":\"ImageObject\",\"inLanguage\":\"pt-BR\",\"@id\":\"https:\/\/www.gaveanews.com\/index.php\/2024\/12\/08\/flamengo-x-vitoria-gabigol-manda-indireta-para-a-diretoria\/#primaryimage\",\"url\":\"https:\/\/www.gaveanews.com\/wp-content\/uploads\/Gabigol-atacante-do-Flamengo.webp\",\"contentUrl\":\"https:\/\/www.gaveanews.com\/wp-content\/uploads\/Gabigol-atacante-do-Flamengo.webp\",\"width\":1919,\"height\":1280,\"caption\":\"Gabigol, atacante do Flamengo (Foto: Wagner Meier\/Getty Images)\"},{\"@type\":\"BreadcrumbList\",\"@id\":\"https:\/\/www.gaveanews.com\/index.php\/2024\/12\/08\/flamengo-x-vitoria-gabigol-manda-indireta-para-a-diretoria\/#breadcrumb\",\"itemListElement\":[{\"@type\":\"ListItem\",\"position\":1,\"name\":\"Home\",\"item\":\"https:\/\/www.gaveanews.com\/\"},{\"@type\":\"ListItem\",\"position\":2,\"name\":\"Flamengo x Vit\u00f3ria: Gabigol manda indireta para a diretoria\"}]},{\"@type\":\"WebSite\",\"@id\":\"https:\/\/www.gaveanews.com\/#website\",\"url\":\"https:\/\/www.gaveanews.com\/\",\"name\":\"G\u00e1vea News\",\"description\":\"Veja todas as not\u00edcias sobre o Flamengo: Contrata\u00e7\u00f5es, categorias de base, resultados das partidas, tabela de classifica\u00e7\u00e3o, pr\u00f3ximos jogos!\",\"potentialAction\":[{\"@type\":\"SearchAction\",\"target\":{\"@type\":\"EntryPoint\",\"urlTemplate\":\"https:\/\/www.gaveanews.com\/?s={search_term_string}\"},\"query-input\":{\"@type\":\"PropertyValueSpecification\",\"valueRequired\":true,\"valueName\":\"search_term_string\"}}],\"inLanguage\":\"pt-BR\"},{\"@type\":\"Person\",\"@id\":\"https:\/\/www.gaveanews.com\/#\/schema\/person\/a9f62fe75380c6bada1b2fc49bc23d69\",\"name\":\"Marco Menezes\",\"image\":{\"@type\":\"ImageObject\",\"inLanguage\":\"pt-BR\",\"@id\":\"https:\/\/www.gaveanews.com\/#\/schema\/person\/image\/\",\"url\":\"https:\/\/secure.gravatar.com\/avatar\/a1d148ae17fc8bfc5dbccffd07979e8bd2c9ba494221779de86ec2c7907b71ec?s=96&d=mm&r=g\",\"contentUrl\":\"https:\/\/secure.gravatar.com\/avatar\/a1d148ae17fc8bfc5dbccffd07979e8bd2c9ba494221779de86ec2c7907b71ec?s=96&d=mm&r=g\",\"caption\":\"Marco Menezes\"}}]}<\/script>\n<!-- \/ Yoast SEO Premium plugin. -->","yoast_head_json":{"title":"Flamengo x Vit\u00f3ria: Gabigol manda indireta para a diretoria","robots":{"index":"index","follow":"follow","max-snippet":"max-snippet:-1","max-image-preview":"max-image-preview:large","max-video-preview":"max-video-preview:-1"},"canonical":"https:\/\/www.gaveanews.com\/index.php\/2024\/12\/08\/flamengo-x-vitoria-gabigol-manda-indireta-para-a-diretoria\/","og_locale":"pt_BR","og_type":"article","og_title":"Flamengo x Vit\u00f3ria: Gabigol manda indireta para a diretoria","og_description":"Sob grande festa em um Maracan\u00e3 lotado, Gabigol se despediu da torcida e do Flamengo. Em entrevista concedida ainda no gramado do est\u00e1dio, o atacante mandou uma indireta para a diretoria rubro-negra: \u201cTenho palavra\u201d. O Flamengo recebeu o Vit\u00f3ria pela \u00faltima rodada do Campeonato Brasileiro, na tarde do domingo (8\/12), e ficou apenas no empate. [&hellip;]","og_url":"https:\/\/www.gaveanews.com\/index.php\/2024\/12\/08\/flamengo-x-vitoria-gabigol-manda-indireta-para-a-diretoria\/","og_site_name":"G\u00e1vea News","article_publisher":"https:\/\/facebook.com\/gaveaNews\/","article_published_time":"2024-12-08T21:43:39+00:00","article_modified_time":"2024-12-08T21:43:42+00:00","og_image":[{"width":1919,"height":1280,"url":"https:\/\/www.gaveanews.com\/wp-content\/uploads\/Gabigol-atacante-do-Flamengo.webp","type":"image\/jpeg"}],"author":"Marco Menezes","twitter_card":"summary_large_image","twitter_misc":{"Escrito por":"Marco Menezes","Est. tempo de leitura":"2 minutos"},"schema":{"@context":"https:\/\/schema.org","@graph":[{"@type":"NewsArticle","@id":"https:\/\/www.gaveanews.com\/index.php\/2024\/12\/08\/flamengo-x-vitoria-gabigol-manda-indireta-para-a-diretoria\/#article","isPartOf":{"@id":"https:\/\/www.gaveanews.com\/index.php\/2024\/12\/08\/flamengo-x-vitoria-gabigol-manda-indireta-para-a-diretoria\/"},"author":{"name":"Marco Menezes","@id":"https:\/\/www.gaveanews.com\/#\/schema\/person\/a9f62fe75380c6bada1b2fc49bc23d69"},"headline":"Flamengo x Vit\u00f3ria: Gabigol manda indireta para a diretoria","datePublished":"2024-12-08T21:43:39+00:00","dateModified":"2024-12-08T21:43:42+00:00","mainEntityOfPage":{"@id":"https:\/\/www.gaveanews.com\/index.php\/2024\/12\/08\/flamengo-x-vitoria-gabigol-manda-indireta-para-a-diretoria\/"},"wordCount":338,"commentCount":0,"image":{"@id":"https:\/\/www.gaveanews.com\/index.php\/2024\/12\/08\/flamengo-x-vitoria-gabigol-manda-indireta-para-a-diretoria\/#primaryimage"},"thumbnailUrl":"https:\/\/www.gaveanews.com\/wp-content\/uploads\/Gabigol-atacante-do-Flamengo.webp","articleSection":["Flamengo"],"inLanguage":"pt-BR","potentialAction":[{"@type":"CommentAction","name":"Comment","target":["https:\/\/www.gaveanews.com\/index.php\/2024\/12\/08\/flamengo-x-vitoria-gabigol-manda-indireta-para-a-diretoria\/#respond"]}],"copyrightYear":"2024","copyrightHolder":{"@id":"https:\/\/www.gaveanews.com\/#organization"}},{"@type":"WebPage","@id":"https:\/\/www.gaveanews.com\/index.php\/2024\/12\/08\/flamengo-x-vitoria-gabigol-manda-indireta-para-a-diretoria\/","url":"https:\/\/www.gaveanews.com\/index.php\/2024\/12\/08\/flamengo-x-vitoria-gabigol-manda-indireta-para-a-diretoria\/","name":"Flamengo x Vit\u00f3ria: Gabigol manda indireta para a diretoria","isPartOf":{"@id":"https:\/\/www.gaveanews.com\/#website"},"primaryImageOfPage":{"@id":"https:\/\/www.gaveanews.com\/index.php\/2024\/12\/08\/flamengo-x-vitoria-gabigol-manda-indireta-para-a-diretoria\/#primaryimage"},"image":{"@id":"https:\/\/www.gaveanews.com\/index.php\/2024\/12\/08\/flamengo-x-vitoria-gabigol-manda-indireta-para-a-diretoria\/#primaryimage"},"thumbnailUrl":"https:\/\/www.gaveanews.com\/wp-content\/uploads\/Gabigol-atacante-do-Flamengo.webp","datePublished":"2024-12-08T21:43:39+00:00","dateModified":"2024-12-08T21:43:42+00:00","author":{"@id":"https:\/\/www.gaveanews.com\/#\/schema\/person\/a9f62fe75380c6bada1b2fc49bc23d69"},"breadcrumb":{"@id":"https:\/\/www.gaveanews.com\/index.php\/2024\/12\/08\/flamengo-x-vitoria-gabigol-manda-indireta-para-a-diretoria\/#breadcrumb"},"inLanguage":"pt-BR","potentialAction":[{"@type":"ReadAction","target":["https:\/\/www.gaveanews.com\/index.php\/2024\/12\/08\/flamengo-x-vitoria-gabigol-manda-indireta-para-a-diretoria\/"]}]},{"@type":"ImageObject","inLanguage":"pt-BR","@id":"https:\/\/www.gaveanews.com\/index.php\/2024\/12\/08\/flamengo-x-vitoria-gabigol-manda-indireta-para-a-diretoria\/#primaryimage","url":"https:\/\/www.gaveanews.com\/wp-content\/uploads\/Gabigol-atacante-do-Flamengo.webp","contentUrl":"https:\/\/www.gaveanews.com\/wp-content\/uploads\/Gabigol-atacante-do-Flamengo.webp","width":1919,"height":1280,"caption":"Gabigol, atacante do Flamengo (Foto: Wagner Meier\/Getty Images)"},{"@type":"BreadcrumbList","@id":"https:\/\/www.gaveanews.com\/index.php\/2024\/12\/08\/flamengo-x-vitoria-gabigol-manda-indireta-para-a-diretoria\/#breadcrumb","itemListElement":[{"@type":"ListItem","position":1,"name":"Home","item":"https:\/\/www.gaveanews.com\/"},{"@type":"ListItem","position":2,"name":"Flamengo x Vit\u00f3ria: Gabigol manda indireta para a diretoria"}]},{"@type":"WebSite","@id":"https:\/\/www.gaveanews.com\/#website","url":"https:\/\/www.gaveanews.com\/","name":"G\u00e1vea News","description":"Veja todas as not\u00edcias sobre o Flamengo: Contrata\u00e7\u00f5es, categorias de base, resultados das partidas, tabela de classifica\u00e7\u00e3o, pr\u00f3ximos jogos!","potentialAction":[{"@type":"SearchAction","target":{"@type":"EntryPoint","urlTemplate":"https:\/\/www.gaveanews.com\/?s={search_term_string}"},"query-input":{"@type":"PropertyValueSpecification","valueRequired":true,"valueName":"search_term_string"}}],"inLanguage":"pt-BR"},{"@type":"Person","@id":"https:\/\/www.gaveanews.com\/#\/schema\/person\/a9f62fe75380c6bada1b2fc49bc23d69","name":"Marco Menezes","image":{"@type":"ImageObject","inLanguage":"pt-BR","@id":"https:\/\/www.gaveanews.com\/#\/schema\/person\/image\/","url":"https:\/\/secure.gravatar.com\/avatar\/a1d148ae17fc8bfc5dbccffd07979e8bd2c9ba494221779de86ec2c7907b71ec?s=96&d=mm&r=g","contentUrl":"https:\/\/secure.gravatar.com\/avatar\/a1d148ae17fc8bfc5dbccffd07979e8bd2c9ba494221779de86ec2c7907b71ec?s=96&d=mm&r=g","caption":"Marco Menezes"}}]}},"_links":{"self":[{"href":"https:\/\/www.gaveanews.com\/index.php\/wp-json\/wp\/v2\/posts\/196456","targetHints":{"allow":["GET"]}}],"collection":[{"href":"https:\/\/www.gaveanews.com\/index.php\/wp-json\/wp\/v2\/posts"}],"about":[{"href":"https:\/\/www.gaveanews.com\/index.php\/wp-json\/wp\/v2\/types\/post"}],"author":[{"embeddable":true,"href":"https:\/\/www.gaveanews.com\/index.php\/wp-json\/wp\/v2\/users\/29"}],"replies":[{"embeddable":true,"href":"https:\/\/www.gaveanews.com\/index.php\/wp-json\/wp\/v2\/comments?post=196456"}],"version-history":[{"count":1,"href":"https:\/\/www.gaveanews.com\/index.php\/wp-json\/wp\/v2\/posts\/196456\/revisions"}],"predecessor-version":[{"id":196459,"href":"https:\/\/www.gaveanews.com\/index.php\/wp-json\/wp\/v2\/posts\/196456\/revisions\/196459"}],"wp:featuredmedia":[{"embeddable":true,"href":"https:\/\/www.gaveanews.com\/index.php\/wp-json\/wp\/v2\/media\/143969"}],"wp:attachment":[{"href":"https:\/\/www.gaveanews.com\/index.php\/wp-json\/wp\/v2\/media?parent=196456"}],"wp:term":[{"taxonomy":"category","embeddable":true,"href":"https:\/\/www.gaveanews.com\/index.php\/wp-json\/wp\/v2\/categories?post=196456"},{"taxonomy":"post_tag","embeddable":true,"href":"https:\/\/www.gaveanews.com\/index.php\/wp-json\/wp\/v2\/tags?post=196456"}],"curies":[{"name":"wp","href":"https:\/\/api.w.org\/{rel}","templated":true}]}}