{"id":196506,"date":"2024-12-09T11:44:29","date_gmt":"2024-12-09T14:44:29","guid":{"rendered":"https:\/\/www.gaveanews.com\/?p=196506"},"modified":"2024-12-09T11:44:31","modified_gmt":"2024-12-09T14:44:31","slug":"atletico-mg-x-athletico-pr-a-declaracao-de-autuori-apos-rebaixamento-do-furacao","status":"publish","type":"post","link":"https:\/\/www.gaveanews.com\/index.php\/2024\/12\/09\/atletico-mg-x-athletico-pr-a-declaracao-de-autuori-apos-rebaixamento-do-furacao\/","title":{"rendered":"Atl\u00e9tico-MG x Athletico-PR: a declara\u00e7\u00e3o de Autuori ap\u00f3s rebaixamento do Furac\u00e3o"},"content":{"rendered":"\n<h2 class=\"wp-block-heading\" id=\"h-paulo-autuori-assume-responsabilidade-pelo-rebaixamento-do-athletico-e-analisa-temporada\">Paulo Autuori assume responsabilidade pelo rebaixamento do Athletico e analisa temporada<\/h2>\n\n\n\n<p>Paulo Autuori, diretor t\u00e9cnico do Athletico, comentou sobre o rebaixamento do clube \u00e0 S\u00e9rie B ap\u00f3s 12 temporadas na elite do futebol brasileiro. Em entrevista, o dirigente assumiu a responsabilidade pelos resultados e analisou os fatores que levaram \u00e0 queda, destacando a necessidade de compreender as causas do insucesso.<\/p>\n\n\n\n<ul class=\"wp-block-list\">\n<li><a href=\"https:\/\/www.gaveanews.com\/index.php\/2024\/12\/03\/athletico-encaminha-contratacao-para-2025\/\">Athletico encaminha contrata\u00e7\u00e3o para 2025<\/a><\/li>\n\n\n\n<li><a href=\"https:\/\/www.gaveanews.com\/index.php\/2024\/12\/02\/athletico-pr-acerta-contratacao-para-2025\/\">Athletico-PR acerta contrata\u00e7\u00e3o para 2025<\/a><\/li>\n<\/ul>\n\n\n\n<p>\u201cJ\u00e1 participei de campanhas vitoriosas e este \u00e9 um momento extremamente dif\u00edcil. Como treinador que fui a vida inteira, estou acostumado aos v\u00e1rios momentos. Como nesse momento \u00e9 normal personificar um culpado, sou eu aqui. Pode colocar tudo em cima de mim. Este \u00e9 um momento extremamente dif\u00edcil para todos n\u00f3s, mas tudo tem uma causa. \u00c9 isso que precisamos entender\u201d, afirmou Autuori.<\/p>\n\n\n\n<p>Um dos pontos levantados pelo dirigente foi a instabilidade na comiss\u00e3o t\u00e9cnica ao longo da temporada. As trocas de treinadores foram vistas como um obst\u00e1culo para a forma\u00e7\u00e3o de um grupo coeso. \u201cErramos, sen\u00e3o n\u00e3o estar\u00edamos nessa situa\u00e7\u00e3o. Na minha opini\u00e3o, o maior erro foram as mudan\u00e7as nas lideran\u00e7as (treinadores) e n\u00e3o conseguimos formar um grupo. Voc\u00ea atinge objetivos quando se tem grupo forte e quatro pilares s\u00e3o importantes para isso: f\u00edsico, t\u00e9cnico, t\u00e1tico e mental. Falhamos muito no aspecto mental. N\u00e3o tivemos for\u00e7a mental e a compet\u00eancia t\u00e1tica para atingir os objetivos\u201d, avaliou.<\/p>\n\n\n\n<p>O diretor t\u00e9cnico tamb\u00e9m reconheceu que o time teve oportunidades ao longo do campeonato para evitar a queda, mas n\u00e3o conseguiu aproveit\u00e1-las. \u201cAs coisas n\u00e3o acontecem no final. Tivemos como equipe muitas oportunidades de ficar em uma situa\u00e7\u00e3o tranquila. N\u00e3o fomos competentes para isso. Momentos em que tivemos em nossas m\u00e3os e n\u00e3o tivemos a compet\u00eancia necess\u00e1ria para fazer as coisas da melhor maneira poss\u00edvel\u201d, completou.<\/p>\n\n\n\n<p>A falta de experi\u00eancia de alguns jogadores e a press\u00e3o por resultados no ano do centen\u00e1rio foram fatores que, segundo Autuori, tamb\u00e9m contribu\u00edram para a situa\u00e7\u00e3o. No entanto, ele refor\u00e7ou que a responsabilidade deve ser dividida entre todos os envolvidos no processo, incluindo diretoria, comiss\u00e3o t\u00e9cnica e elenco.<\/p>\n\n\n\n<p>Agora na S\u00e9rie B, o Athletico iniciar\u00e1 a temporada 2025 com a disputa do Campeonato Paranaense e da Copa do Brasil, buscando reconstruir o time e retornar \u00e0 primeira divis\u00e3o do futebol brasileiro.<\/p>\n","protected":false},"excerpt":{"rendered":"<p>Paulo Autuori assume responsabilidade pelo rebaixamento do Athletico e analisa temporada Paulo Autuori, diretor t\u00e9cnico do Athletico, comentou sobre o rebaixamento do clube \u00e0 S\u00e9rie B ap\u00f3s 12 temporadas na elite do futebol brasileiro. Em entrevista, o dirigente assumiu a responsabilidade pelos resultados e analisou os fatores que levaram \u00e0 queda, destacando a necessidade de [&hellip;]<\/p>\n","protected":false},"author":20,"featured_media":139304,"comment_status":"open","ping_status":"closed","sticky":false,"template":"","format":"standard","meta":{"footnotes":""},"categories":[134],"tags":[],"class_list":["post-196506","post","type-post","status-publish","format-standard","has-post-thumbnail","hentry","category-athletico-pr"],"yoast_head":"<!-- This site is optimized with the Yoast SEO Premium plugin v24.2 (Yoast SEO v26.9) - https:\/\/yoast.com\/product\/yoast-seo-premium-wordpress\/ -->\n<title>Atl\u00e9tico-MG x Athletico-PR: a declara\u00e7\u00e3o de Autuori ap\u00f3s rebaixamento do Furac\u00e3o<\/title>\n<meta name=\"robots\" content=\"index, follow, max-snippet:-1, max-image-preview:large, max-video-preview:-1\" \/>\n<link rel=\"canonical\" href=\"https:\/\/www.gaveanews.com\/index.php\/2024\/12\/09\/atletico-mg-x-athletico-pr-a-declaracao-de-autuori-apos-rebaixamento-do-furacao\/\" \/>\n<meta property=\"og:locale\" content=\"pt_BR\" \/>\n<meta property=\"og:type\" content=\"article\" \/>\n<meta property=\"og:title\" content=\"Atl\u00e9tico-MG x Athletico-PR: a declara\u00e7\u00e3o de Autuori ap\u00f3s rebaixamento do Furac\u00e3o\" \/>\n<meta property=\"og:description\" content=\"Paulo Autuori assume responsabilidade pelo rebaixamento do Athletico e analisa temporada Paulo Autuori, diretor t\u00e9cnico do Athletico, comentou sobre o rebaixamento do clube \u00e0 S\u00e9rie B ap\u00f3s 12 temporadas na elite do futebol brasileiro. Em entrevista, o dirigente assumiu a responsabilidade pelos resultados e analisou os fatores que levaram \u00e0 queda, destacando a necessidade de [&hellip;]\" \/>\n<meta property=\"og:url\" content=\"https:\/\/www.gaveanews.com\/index.php\/2024\/12\/09\/atletico-mg-x-athletico-pr-a-declaracao-de-autuori-apos-rebaixamento-do-furacao\/\" \/>\n<meta property=\"og:site_name\" content=\"G\u00e1vea News\" \/>\n<meta property=\"article:publisher\" content=\"https:\/\/facebook.com\/gaveaNews\/\" \/>\n<meta property=\"article:published_time\" content=\"2024-12-09T14:44:29+00:00\" \/>\n<meta property=\"article:modified_time\" content=\"2024-12-09T14:44:31+00:00\" \/>\n<meta property=\"og:image\" content=\"https:\/\/www.gaveanews.com\/wp-content\/uploads\/Bandeira-do-Athletico-na-Arena-da-Baixada.webp\" \/>\n\t<meta property=\"og:image:width\" content=\"1600\" \/>\n\t<meta property=\"og:image:height\" content=\"1066\" \/>\n\t<meta property=\"og:image:type\" content=\"image\/jpeg\" \/>\n<meta name=\"author\" content=\"Lucas Barros\" \/>\n<meta name=\"twitter:card\" content=\"summary_large_image\" \/>\n<meta name=\"twitter:label1\" content=\"Escrito por\" \/>\n\t<meta name=\"twitter:data1\" content=\"Lucas Barros\" \/>\n\t<meta name=\"twitter:label2\" content=\"Est. tempo de leitura\" \/>\n\t<meta name=\"twitter:data2\" content=\"3 minutos\" \/>\n<script type=\"application\/ld+json\" class=\"yoast-schema-graph\">{\"@context\":\"https:\/\/schema.org\",\"@graph\":[{\"@type\":\"NewsArticle\",\"@id\":\"https:\/\/www.gaveanews.com\/index.php\/2024\/12\/09\/atletico-mg-x-athletico-pr-a-declaracao-de-autuori-apos-rebaixamento-do-furacao\/#article\",\"isPartOf\":{\"@id\":\"https:\/\/www.gaveanews.com\/index.php\/2024\/12\/09\/atletico-mg-x-athletico-pr-a-declaracao-de-autuori-apos-rebaixamento-do-furacao\/\"},\"author\":{\"name\":\"Lucas Barros\",\"@id\":\"https:\/\/www.gaveanews.com\/#\/schema\/person\/2abf0cfa878f5f899daa5f781e82264c\"},\"headline\":\"Atl\u00e9tico-MG x Athletico-PR: a declara\u00e7\u00e3o de Autuori ap\u00f3s rebaixamento do Furac\u00e3o\",\"datePublished\":\"2024-12-09T14:44:29+00:00\",\"dateModified\":\"2024-12-09T14:44:31+00:00\",\"mainEntityOfPage\":{\"@id\":\"https:\/\/www.gaveanews.com\/index.php\/2024\/12\/09\/atletico-mg-x-athletico-pr-a-declaracao-de-autuori-apos-rebaixamento-do-furacao\/\"},\"wordCount\":430,\"commentCount\":0,\"image\":{\"@id\":\"https:\/\/www.gaveanews.com\/index.php\/2024\/12\/09\/atletico-mg-x-athletico-pr-a-declaracao-de-autuori-apos-rebaixamento-do-furacao\/#primaryimage\"},\"thumbnailUrl\":\"https:\/\/www.gaveanews.com\/wp-content\/uploads\/Bandeira-do-Athletico-na-Arena-da-Baixada.webp\",\"articleSection\":[\"Athletico-PR\"],\"inLanguage\":\"pt-BR\",\"potentialAction\":[{\"@type\":\"CommentAction\",\"name\":\"Comment\",\"target\":[\"https:\/\/www.gaveanews.com\/index.php\/2024\/12\/09\/atletico-mg-x-athletico-pr-a-declaracao-de-autuori-apos-rebaixamento-do-furacao\/#respond\"]}],\"copyrightYear\":\"2024\",\"copyrightHolder\":{\"@id\":\"https:\/\/www.gaveanews.com\/#organization\"}},{\"@type\":\"WebPage\",\"@id\":\"https:\/\/www.gaveanews.com\/index.php\/2024\/12\/09\/atletico-mg-x-athletico-pr-a-declaracao-de-autuori-apos-rebaixamento-do-furacao\/\",\"url\":\"https:\/\/www.gaveanews.com\/index.php\/2024\/12\/09\/atletico-mg-x-athletico-pr-a-declaracao-de-autuori-apos-rebaixamento-do-furacao\/\",\"name\":\"Atl\u00e9tico-MG x Athletico-PR: a declara\u00e7\u00e3o de Autuori ap\u00f3s rebaixamento do Furac\u00e3o\",\"isPartOf\":{\"@id\":\"https:\/\/www.gaveanews.com\/#website\"},\"primaryImageOfPage\":{\"@id\":\"https:\/\/www.gaveanews.com\/index.php\/2024\/12\/09\/atletico-mg-x-athletico-pr-a-declaracao-de-autuori-apos-rebaixamento-do-furacao\/#primaryimage\"},\"image\":{\"@id\":\"https:\/\/www.gaveanews.com\/index.php\/2024\/12\/09\/atletico-mg-x-athletico-pr-a-declaracao-de-autuori-apos-rebaixamento-do-furacao\/#primaryimage\"},\"thumbnailUrl\":\"https:\/\/www.gaveanews.com\/wp-content\/uploads\/Bandeira-do-Athletico-na-Arena-da-Baixada.webp\",\"datePublished\":\"2024-12-09T14:44:29+00:00\",\"dateModified\":\"2024-12-09T14:44:31+00:00\",\"author\":{\"@id\":\"https:\/\/www.gaveanews.com\/#\/schema\/person\/2abf0cfa878f5f899daa5f781e82264c\"},\"breadcrumb\":{\"@id\":\"https:\/\/www.gaveanews.com\/index.php\/2024\/12\/09\/atletico-mg-x-athletico-pr-a-declaracao-de-autuori-apos-rebaixamento-do-furacao\/#breadcrumb\"},\"inLanguage\":\"pt-BR\",\"potentialAction\":[{\"@type\":\"ReadAction\",\"target\":[\"https:\/\/www.gaveanews.com\/index.php\/2024\/12\/09\/atletico-mg-x-athletico-pr-a-declaracao-de-autuori-apos-rebaixamento-do-furacao\/\"]}]},{\"@type\":\"ImageObject\",\"inLanguage\":\"pt-BR\",\"@id\":\"https:\/\/www.gaveanews.com\/index.php\/2024\/12\/09\/atletico-mg-x-athletico-pr-a-declaracao-de-autuori-apos-rebaixamento-do-furacao\/#primaryimage\",\"url\":\"https:\/\/www.gaveanews.com\/wp-content\/uploads\/Bandeira-do-Athletico-na-Arena-da-Baixada.webp\",\"contentUrl\":\"https:\/\/www.gaveanews.com\/wp-content\/uploads\/Bandeira-do-Athletico-na-Arena-da-Baixada.webp\",\"width\":1600,\"height\":1066,\"caption\":\"Bandeira do Athletico na Arena da Baixada Jos\u00e9 (Foto: Jos\u00e9 Tramontin\/Athletico)\"},{\"@type\":\"BreadcrumbList\",\"@id\":\"https:\/\/www.gaveanews.com\/index.php\/2024\/12\/09\/atletico-mg-x-athletico-pr-a-declaracao-de-autuori-apos-rebaixamento-do-furacao\/#breadcrumb\",\"itemListElement\":[{\"@type\":\"ListItem\",\"position\":1,\"name\":\"Home\",\"item\":\"https:\/\/www.gaveanews.com\/\"},{\"@type\":\"ListItem\",\"position\":2,\"name\":\"Atl\u00e9tico-MG x Athletico-PR: a declara\u00e7\u00e3o de Autuori ap\u00f3s rebaixamento do Furac\u00e3o\"}]},{\"@type\":\"WebSite\",\"@id\":\"https:\/\/www.gaveanews.com\/#website\",\"url\":\"https:\/\/www.gaveanews.com\/\",\"name\":\"G\u00e1vea News\",\"description\":\"Veja todas as not\u00edcias sobre o Flamengo: Contrata\u00e7\u00f5es, categorias de base, resultados das partidas, tabela de classifica\u00e7\u00e3o, pr\u00f3ximos jogos!\",\"potentialAction\":[{\"@type\":\"SearchAction\",\"target\":{\"@type\":\"EntryPoint\",\"urlTemplate\":\"https:\/\/www.gaveanews.com\/?s={search_term_string}\"},\"query-input\":{\"@type\":\"PropertyValueSpecification\",\"valueRequired\":true,\"valueName\":\"search_term_string\"}}],\"inLanguage\":\"pt-BR\"},{\"@type\":\"Person\",\"@id\":\"https:\/\/www.gaveanews.com\/#\/schema\/person\/2abf0cfa878f5f899daa5f781e82264c\",\"name\":\"Lucas Barros\",\"image\":{\"@type\":\"ImageObject\",\"inLanguage\":\"pt-BR\",\"@id\":\"https:\/\/www.gaveanews.com\/#\/schema\/person\/image\/\",\"url\":\"https:\/\/secure.gravatar.com\/avatar\/67a6069eba66bf6fd7c80b70e1331baa3dbc3d6df5012d5c22eff29c7d59e0b0?s=96&d=mm&r=g\",\"contentUrl\":\"https:\/\/secure.gravatar.com\/avatar\/67a6069eba66bf6fd7c80b70e1331baa3dbc3d6df5012d5c22eff29c7d59e0b0?s=96&d=mm&r=g\",\"caption\":\"Lucas Barros\"}}]}<\/script>\n<!-- \/ Yoast SEO Premium plugin. -->","yoast_head_json":{"title":"Atl\u00e9tico-MG x Athletico-PR: a declara\u00e7\u00e3o de Autuori ap\u00f3s rebaixamento do Furac\u00e3o","robots":{"index":"index","follow":"follow","max-snippet":"max-snippet:-1","max-image-preview":"max-image-preview:large","max-video-preview":"max-video-preview:-1"},"canonical":"https:\/\/www.gaveanews.com\/index.php\/2024\/12\/09\/atletico-mg-x-athletico-pr-a-declaracao-de-autuori-apos-rebaixamento-do-furacao\/","og_locale":"pt_BR","og_type":"article","og_title":"Atl\u00e9tico-MG x Athletico-PR: a declara\u00e7\u00e3o de Autuori ap\u00f3s rebaixamento do Furac\u00e3o","og_description":"Paulo Autuori assume responsabilidade pelo rebaixamento do Athletico e analisa temporada Paulo Autuori, diretor t\u00e9cnico do Athletico, comentou sobre o rebaixamento do clube \u00e0 S\u00e9rie B ap\u00f3s 12 temporadas na elite do futebol brasileiro. Em entrevista, o dirigente assumiu a responsabilidade pelos resultados e analisou os fatores que levaram \u00e0 queda, destacando a necessidade de [&hellip;]","og_url":"https:\/\/www.gaveanews.com\/index.php\/2024\/12\/09\/atletico-mg-x-athletico-pr-a-declaracao-de-autuori-apos-rebaixamento-do-furacao\/","og_site_name":"G\u00e1vea News","article_publisher":"https:\/\/facebook.com\/gaveaNews\/","article_published_time":"2024-12-09T14:44:29+00:00","article_modified_time":"2024-12-09T14:44:31+00:00","og_image":[{"width":1600,"height":1066,"url":"https:\/\/www.gaveanews.com\/wp-content\/uploads\/Bandeira-do-Athletico-na-Arena-da-Baixada.webp","type":"image\/jpeg"}],"author":"Lucas Barros","twitter_card":"summary_large_image","twitter_misc":{"Escrito por":"Lucas Barros","Est. tempo de leitura":"3 minutos"},"schema":{"@context":"https:\/\/schema.org","@graph":[{"@type":"NewsArticle","@id":"https:\/\/www.gaveanews.com\/index.php\/2024\/12\/09\/atletico-mg-x-athletico-pr-a-declaracao-de-autuori-apos-rebaixamento-do-furacao\/#article","isPartOf":{"@id":"https:\/\/www.gaveanews.com\/index.php\/2024\/12\/09\/atletico-mg-x-athletico-pr-a-declaracao-de-autuori-apos-rebaixamento-do-furacao\/"},"author":{"name":"Lucas Barros","@id":"https:\/\/www.gaveanews.com\/#\/schema\/person\/2abf0cfa878f5f899daa5f781e82264c"},"headline":"Atl\u00e9tico-MG x Athletico-PR: a declara\u00e7\u00e3o de Autuori ap\u00f3s rebaixamento do Furac\u00e3o","datePublished":"2024-12-09T14:44:29+00:00","dateModified":"2024-12-09T14:44:31+00:00","mainEntityOfPage":{"@id":"https:\/\/www.gaveanews.com\/index.php\/2024\/12\/09\/atletico-mg-x-athletico-pr-a-declaracao-de-autuori-apos-rebaixamento-do-furacao\/"},"wordCount":430,"commentCount":0,"image":{"@id":"https:\/\/www.gaveanews.com\/index.php\/2024\/12\/09\/atletico-mg-x-athletico-pr-a-declaracao-de-autuori-apos-rebaixamento-do-furacao\/#primaryimage"},"thumbnailUrl":"https:\/\/www.gaveanews.com\/wp-content\/uploads\/Bandeira-do-Athletico-na-Arena-da-Baixada.webp","articleSection":["Athletico-PR"],"inLanguage":"pt-BR","potentialAction":[{"@type":"CommentAction","name":"Comment","target":["https:\/\/www.gaveanews.com\/index.php\/2024\/12\/09\/atletico-mg-x-athletico-pr-a-declaracao-de-autuori-apos-rebaixamento-do-furacao\/#respond"]}],"copyrightYear":"2024","copyrightHolder":{"@id":"https:\/\/www.gaveanews.com\/#organization"}},{"@type":"WebPage","@id":"https:\/\/www.gaveanews.com\/index.php\/2024\/12\/09\/atletico-mg-x-athletico-pr-a-declaracao-de-autuori-apos-rebaixamento-do-furacao\/","url":"https:\/\/www.gaveanews.com\/index.php\/2024\/12\/09\/atletico-mg-x-athletico-pr-a-declaracao-de-autuori-apos-rebaixamento-do-furacao\/","name":"Atl\u00e9tico-MG x Athletico-PR: a declara\u00e7\u00e3o de Autuori ap\u00f3s rebaixamento do Furac\u00e3o","isPartOf":{"@id":"https:\/\/www.gaveanews.com\/#website"},"primaryImageOfPage":{"@id":"https:\/\/www.gaveanews.com\/index.php\/2024\/12\/09\/atletico-mg-x-athletico-pr-a-declaracao-de-autuori-apos-rebaixamento-do-furacao\/#primaryimage"},"image":{"@id":"https:\/\/www.gaveanews.com\/index.php\/2024\/12\/09\/atletico-mg-x-athletico-pr-a-declaracao-de-autuori-apos-rebaixamento-do-furacao\/#primaryimage"},"thumbnailUrl":"https:\/\/www.gaveanews.com\/wp-content\/uploads\/Bandeira-do-Athletico-na-Arena-da-Baixada.webp","datePublished":"2024-12-09T14:44:29+00:00","dateModified":"2024-12-09T14:44:31+00:00","author":{"@id":"https:\/\/www.gaveanews.com\/#\/schema\/person\/2abf0cfa878f5f899daa5f781e82264c"},"breadcrumb":{"@id":"https:\/\/www.gaveanews.com\/index.php\/2024\/12\/09\/atletico-mg-x-athletico-pr-a-declaracao-de-autuori-apos-rebaixamento-do-furacao\/#breadcrumb"},"inLanguage":"pt-BR","potentialAction":[{"@type":"ReadAction","target":["https:\/\/www.gaveanews.com\/index.php\/2024\/12\/09\/atletico-mg-x-athletico-pr-a-declaracao-de-autuori-apos-rebaixamento-do-furacao\/"]}]},{"@type":"ImageObject","inLanguage":"pt-BR","@id":"https:\/\/www.gaveanews.com\/index.php\/2024\/12\/09\/atletico-mg-x-athletico-pr-a-declaracao-de-autuori-apos-rebaixamento-do-furacao\/#primaryimage","url":"https:\/\/www.gaveanews.com\/wp-content\/uploads\/Bandeira-do-Athletico-na-Arena-da-Baixada.webp","contentUrl":"https:\/\/www.gaveanews.com\/wp-content\/uploads\/Bandeira-do-Athletico-na-Arena-da-Baixada.webp","width":1600,"height":1066,"caption":"Bandeira do Athletico na Arena da Baixada Jos\u00e9 (Foto: Jos\u00e9 Tramontin\/Athletico)"},{"@type":"BreadcrumbList","@id":"https:\/\/www.gaveanews.com\/index.php\/2024\/12\/09\/atletico-mg-x-athletico-pr-a-declaracao-de-autuori-apos-rebaixamento-do-furacao\/#breadcrumb","itemListElement":[{"@type":"ListItem","position":1,"name":"Home","item":"https:\/\/www.gaveanews.com\/"},{"@type":"ListItem","position":2,"name":"Atl\u00e9tico-MG x Athletico-PR: a declara\u00e7\u00e3o de Autuori ap\u00f3s rebaixamento do Furac\u00e3o"}]},{"@type":"WebSite","@id":"https:\/\/www.gaveanews.com\/#website","url":"https:\/\/www.gaveanews.com\/","name":"G\u00e1vea News","description":"Veja todas as not\u00edcias sobre o Flamengo: Contrata\u00e7\u00f5es, categorias de base, resultados das partidas, tabela de classifica\u00e7\u00e3o, pr\u00f3ximos jogos!","potentialAction":[{"@type":"SearchAction","target":{"@type":"EntryPoint","urlTemplate":"https:\/\/www.gaveanews.com\/?s={search_term_string}"},"query-input":{"@type":"PropertyValueSpecification","valueRequired":true,"valueName":"search_term_string"}}],"inLanguage":"pt-BR"},{"@type":"Person","@id":"https:\/\/www.gaveanews.com\/#\/schema\/person\/2abf0cfa878f5f899daa5f781e82264c","name":"Lucas Barros","image":{"@type":"ImageObject","inLanguage":"pt-BR","@id":"https:\/\/www.gaveanews.com\/#\/schema\/person\/image\/","url":"https:\/\/secure.gravatar.com\/avatar\/67a6069eba66bf6fd7c80b70e1331baa3dbc3d6df5012d5c22eff29c7d59e0b0?s=96&d=mm&r=g","contentUrl":"https:\/\/secure.gravatar.com\/avatar\/67a6069eba66bf6fd7c80b70e1331baa3dbc3d6df5012d5c22eff29c7d59e0b0?s=96&d=mm&r=g","caption":"Lucas Barros"}}]}},"_links":{"self":[{"href":"https:\/\/www.gaveanews.com\/index.php\/wp-json\/wp\/v2\/posts\/196506","targetHints":{"allow":["GET"]}}],"collection":[{"href":"https:\/\/www.gaveanews.com\/index.php\/wp-json\/wp\/v2\/posts"}],"about":[{"href":"https:\/\/www.gaveanews.com\/index.php\/wp-json\/wp\/v2\/types\/post"}],"author":[{"embeddable":true,"href":"https:\/\/www.gaveanews.com\/index.php\/wp-json\/wp\/v2\/users\/20"}],"replies":[{"embeddable":true,"href":"https:\/\/www.gaveanews.com\/index.php\/wp-json\/wp\/v2\/comments?post=196506"}],"version-history":[{"count":1,"href":"https:\/\/www.gaveanews.com\/index.php\/wp-json\/wp\/v2\/posts\/196506\/revisions"}],"predecessor-version":[{"id":196507,"href":"https:\/\/www.gaveanews.com\/index.php\/wp-json\/wp\/v2\/posts\/196506\/revisions\/196507"}],"wp:featuredmedia":[{"embeddable":true,"href":"https:\/\/www.gaveanews.com\/index.php\/wp-json\/wp\/v2\/media\/139304"}],"wp:attachment":[{"href":"https:\/\/www.gaveanews.com\/index.php\/wp-json\/wp\/v2\/media?parent=196506"}],"wp:term":[{"taxonomy":"category","embeddable":true,"href":"https:\/\/www.gaveanews.com\/index.php\/wp-json\/wp\/v2\/categories?post=196506"},{"taxonomy":"post_tag","embeddable":true,"href":"https:\/\/www.gaveanews.com\/index.php\/wp-json\/wp\/v2\/tags?post=196506"}],"curies":[{"name":"wp","href":"https:\/\/api.w.org\/{rel}","templated":true}]}}