{"id":196523,"date":"2024-12-08T23:00:38","date_gmt":"2024-12-09T02:00:38","guid":{"rendered":"https:\/\/www.gaveanews.com\/?p=196523"},"modified":"2024-12-08T23:00:42","modified_gmt":"2024-12-09T02:00:42","slug":"fim-de-uma-era-dudu-alinha-rescisao-com-o-palmeiras","status":"publish","type":"post","link":"https:\/\/www.gaveanews.com\/index.php\/2024\/12\/08\/fim-de-uma-era-dudu-alinha-rescisao-com-o-palmeiras\/","title":{"rendered":"Fim de uma era! Dudu alinha rescis\u00e3o com o Palmeiras"},"content":{"rendered":"\n<h2 class=\"wp-block-heading\" id=\"h-reuniao-devera-selar-saida-do-atacante\">Reuni\u00e3o dever\u00e1 selar sa\u00edda do atacante <\/h2>\n\n\n\n<p>O atacante Dudu fez seu \u00faltimo jogo com a camisa palmeirense neste domingo (8), diante do Fluminense. Ainda nesta semana, o camisa 7 do Verd\u00e3o ir\u00e1 se reunir com a diretoria palmeirense para chegar a um acordo por uma rescis\u00e3o contratual de forma amig\u00e1vel. <\/p>\n\n\n\n<ul class=\"wp-block-list\">\n<li><a href=\"https:\/\/www.gaveanews.com\/index.php\/2024\/12\/08\/palmeiras-abel-ferreira-analisa-temporada-e-fala-sobre-mudancas\/\">Palmeiras: Abel Ferreira analisa temporada e fala sobre mudan\u00e7as<\/a><\/li>\n\n\n\n<li><a href=\"https:\/\/www.gaveanews.com\/index.php\/2024\/12\/08\/palmeiras-x-fluminense-a-declaracao-de-estevao\/\">Palmeiras x Fluminense: a declara\u00e7\u00e3o de Est\u00eav\u00e3o ap\u00f3s o t\u00edtulo perdido<\/a><\/li>\n<\/ul>\n\n\n\n<p>Por toda hist\u00f3ria feita no clube, as partes querem fazer isso de uma forma &#8220;saud\u00e1vel&#8221;, para que o jogador possa sair pela porta da frente. Apesar da reuni\u00e3o estar marcada para os pr\u00f3ximos dias, anda n\u00e3o h\u00e1 informa\u00e7\u00f5es detalhadas sobre os valores. <\/p>\n\n\n\n<p>Neste domingo, o ge noticiou o interesse do Santos em Dudu. No entanto, a tend\u00eancia \u00e9 de que o atacante acerte com o Cruzeiro, que imp\u00f4s uma condi\u00e7\u00e3o para que o neg\u00f3cio acontecesse. O jogador teria que rescindir o contrato e chegar de gra\u00e7a ao clube celeste, que n\u00e3o estava disposto a realizar uma compensa\u00e7\u00e3o financeira ao time alviverde. <\/p>\n\n\n\n<p>Dudu chegou ao Palmeiras em 2015, vindo do Gr\u00eamio. Exceto em uma temporada que o jogador atuou por empr\u00e9stimo no futebol do Catar, o atacante esteve representando o Verd\u00e3o em todas as outras. Eduardo Pereira Rodrigues se tornou o atleta com mais t\u00edtulos na hist\u00f3ria do clube, com 12 no total. <\/p>\n\n\n\n<p>Totalizando, Dudu marcou 88 gols e deu 102 assist\u00eancias com a camisa palmeirense em 462 oportunidades que esteve em campo. Ele ainda aparece no ranking dos 5 atacantes que possuem mais partidas e vit\u00f3rias. Para aumentar o feito, o jogador marca presen\u00e7a no top-20 de atletas com mais jogos e gols. <\/p>\n\n\n\n<h2 class=\"wp-block-heading\" id=\"h-todos-os-titulos-de-dudu-pelo-palmeiras\">Todos os t\u00edtulos de Dudu pelo Palmeiras:<\/h2>\n\n\n\n<ul class=\"wp-block-list\">\n<li>Copa do Brasil &#8211; 2015<\/li>\n\n\n\n<li>Campeonato Brasileiro &#8211; 2016, 2018, 2022 e 2023<\/li>\n\n\n\n<li>Libertadores &#8211; 2020 e 2021<\/li>\n\n\n\n<li>Campeonato Paulista &#8211; 2020, 2022 e 2023<\/li>\n\n\n\n<li>Recopa Sul-Americana &#8211; 2022<\/li>\n\n\n\n<li>Supercopa do Brasil &#8211; 2023<\/li>\n<\/ul>\n\n\n\n<p> <\/p>\n","protected":false},"excerpt":{"rendered":"<p>Reuni\u00e3o dever\u00e1 selar sa\u00edda do atacante O atacante Dudu fez seu \u00faltimo jogo com a camisa palmeirense neste domingo (8), diante do Fluminense. Ainda nesta semana, o camisa 7 do Verd\u00e3o ir\u00e1 se reunir com a diretoria palmeirense para chegar a um acordo por uma rescis\u00e3o contratual de forma amig\u00e1vel. Por toda hist\u00f3ria feita no [&hellip;]<\/p>\n","protected":false},"author":21,"featured_media":91439,"comment_status":"open","ping_status":"closed","sticky":false,"template":"","format":"standard","meta":{"footnotes":""},"categories":[150],"tags":[],"class_list":["post-196523","post","type-post","status-publish","format-standard","has-post-thumbnail","hentry","category-palmeiras"],"yoast_head":"<!-- This site is optimized with the Yoast SEO Premium plugin v24.2 (Yoast SEO v26.9) - https:\/\/yoast.com\/product\/yoast-seo-premium-wordpress\/ -->\n<title>Fim de uma era! Dudu alinha rescis\u00e3o com o Palmeiras<\/title>\n<meta name=\"robots\" content=\"index, follow, max-snippet:-1, max-image-preview:large, max-video-preview:-1\" \/>\n<link rel=\"canonical\" href=\"https:\/\/www.gaveanews.com\/index.php\/2024\/12\/08\/fim-de-uma-era-dudu-alinha-rescisao-com-o-palmeiras\/\" \/>\n<meta property=\"og:locale\" content=\"pt_BR\" \/>\n<meta property=\"og:type\" content=\"article\" \/>\n<meta property=\"og:title\" content=\"Fim de uma era! Dudu alinha rescis\u00e3o com o Palmeiras\" \/>\n<meta property=\"og:description\" content=\"Reuni\u00e3o dever\u00e1 selar sa\u00edda do atacante O atacante Dudu fez seu \u00faltimo jogo com a camisa palmeirense neste domingo (8), diante do Fluminense. Ainda nesta semana, o camisa 7 do Verd\u00e3o ir\u00e1 se reunir com a diretoria palmeirense para chegar a um acordo por uma rescis\u00e3o contratual de forma amig\u00e1vel. Por toda hist\u00f3ria feita no [&hellip;]\" \/>\n<meta property=\"og:url\" content=\"https:\/\/www.gaveanews.com\/index.php\/2024\/12\/08\/fim-de-uma-era-dudu-alinha-rescisao-com-o-palmeiras\/\" \/>\n<meta property=\"og:site_name\" content=\"G\u00e1vea News\" \/>\n<meta property=\"article:publisher\" content=\"https:\/\/facebook.com\/gaveaNews\/\" \/>\n<meta property=\"article:published_time\" content=\"2024-12-09T02:00:38+00:00\" \/>\n<meta property=\"article:modified_time\" content=\"2024-12-09T02:00:42+00:00\" \/>\n<meta property=\"og:image\" content=\"https:\/\/www.gaveanews.com\/wp-content\/uploads\/dudu-palmeiras.webp\" \/>\n\t<meta property=\"og:image:width\" content=\"846\" \/>\n\t<meta property=\"og:image:height\" content=\"476\" \/>\n\t<meta property=\"og:image:type\" content=\"image\/webp\" \/>\n<meta name=\"author\" content=\"Andr\u00e9 Serra\" \/>\n<meta name=\"twitter:card\" content=\"summary_large_image\" \/>\n<meta name=\"twitter:label1\" content=\"Escrito por\" \/>\n\t<meta name=\"twitter:data1\" content=\"Andr\u00e9 Serra\" \/>\n\t<meta name=\"twitter:label2\" content=\"Est. tempo de leitura\" \/>\n\t<meta name=\"twitter:data2\" content=\"2 minutos\" \/>\n<script type=\"application\/ld+json\" class=\"yoast-schema-graph\">{\"@context\":\"https:\/\/schema.org\",\"@graph\":[{\"@type\":\"NewsArticle\",\"@id\":\"https:\/\/www.gaveanews.com\/index.php\/2024\/12\/08\/fim-de-uma-era-dudu-alinha-rescisao-com-o-palmeiras\/#article\",\"isPartOf\":{\"@id\":\"https:\/\/www.gaveanews.com\/index.php\/2024\/12\/08\/fim-de-uma-era-dudu-alinha-rescisao-com-o-palmeiras\/\"},\"author\":{\"name\":\"Andr\u00e9 Serra\",\"@id\":\"https:\/\/www.gaveanews.com\/#\/schema\/person\/0277a79a1289c451c281ec0411d84f0c\"},\"headline\":\"Fim de uma era! Dudu alinha rescis\u00e3o com o Palmeiras\",\"datePublished\":\"2024-12-09T02:00:38+00:00\",\"dateModified\":\"2024-12-09T02:00:42+00:00\",\"mainEntityOfPage\":{\"@id\":\"https:\/\/www.gaveanews.com\/index.php\/2024\/12\/08\/fim-de-uma-era-dudu-alinha-rescisao-com-o-palmeiras\/\"},\"wordCount\":337,\"commentCount\":0,\"image\":{\"@id\":\"https:\/\/www.gaveanews.com\/index.php\/2024\/12\/08\/fim-de-uma-era-dudu-alinha-rescisao-com-o-palmeiras\/#primaryimage\"},\"thumbnailUrl\":\"https:\/\/www.gaveanews.com\/wp-content\/uploads\/dudu-palmeiras.webp\",\"articleSection\":[\"Palmeiras\"],\"inLanguage\":\"pt-BR\",\"potentialAction\":[{\"@type\":\"CommentAction\",\"name\":\"Comment\",\"target\":[\"https:\/\/www.gaveanews.com\/index.php\/2024\/12\/08\/fim-de-uma-era-dudu-alinha-rescisao-com-o-palmeiras\/#respond\"]}],\"copyrightYear\":\"2024\",\"copyrightHolder\":{\"@id\":\"https:\/\/www.gaveanews.com\/#organization\"}},{\"@type\":\"WebPage\",\"@id\":\"https:\/\/www.gaveanews.com\/index.php\/2024\/12\/08\/fim-de-uma-era-dudu-alinha-rescisao-com-o-palmeiras\/\",\"url\":\"https:\/\/www.gaveanews.com\/index.php\/2024\/12\/08\/fim-de-uma-era-dudu-alinha-rescisao-com-o-palmeiras\/\",\"name\":\"Fim de uma era! Dudu alinha rescis\u00e3o com o Palmeiras\",\"isPartOf\":{\"@id\":\"https:\/\/www.gaveanews.com\/#website\"},\"primaryImageOfPage\":{\"@id\":\"https:\/\/www.gaveanews.com\/index.php\/2024\/12\/08\/fim-de-uma-era-dudu-alinha-rescisao-com-o-palmeiras\/#primaryimage\"},\"image\":{\"@id\":\"https:\/\/www.gaveanews.com\/index.php\/2024\/12\/08\/fim-de-uma-era-dudu-alinha-rescisao-com-o-palmeiras\/#primaryimage\"},\"thumbnailUrl\":\"https:\/\/www.gaveanews.com\/wp-content\/uploads\/dudu-palmeiras.webp\",\"datePublished\":\"2024-12-09T02:00:38+00:00\",\"dateModified\":\"2024-12-09T02:00:42+00:00\",\"author\":{\"@id\":\"https:\/\/www.gaveanews.com\/#\/schema\/person\/0277a79a1289c451c281ec0411d84f0c\"},\"breadcrumb\":{\"@id\":\"https:\/\/www.gaveanews.com\/index.php\/2024\/12\/08\/fim-de-uma-era-dudu-alinha-rescisao-com-o-palmeiras\/#breadcrumb\"},\"inLanguage\":\"pt-BR\",\"potentialAction\":[{\"@type\":\"ReadAction\",\"target\":[\"https:\/\/www.gaveanews.com\/index.php\/2024\/12\/08\/fim-de-uma-era-dudu-alinha-rescisao-com-o-palmeiras\/\"]}]},{\"@type\":\"ImageObject\",\"inLanguage\":\"pt-BR\",\"@id\":\"https:\/\/www.gaveanews.com\/index.php\/2024\/12\/08\/fim-de-uma-era-dudu-alinha-rescisao-com-o-palmeiras\/#primaryimage\",\"url\":\"https:\/\/www.gaveanews.com\/wp-content\/uploads\/dudu-palmeiras.webp\",\"contentUrl\":\"https:\/\/www.gaveanews.com\/wp-content\/uploads\/dudu-palmeiras.webp\",\"width\":846,\"height\":476,\"caption\":\"Dudu em jogo do Palmeiras (Foto: Cesar Greco\/Palmeiras)\"},{\"@type\":\"BreadcrumbList\",\"@id\":\"https:\/\/www.gaveanews.com\/index.php\/2024\/12\/08\/fim-de-uma-era-dudu-alinha-rescisao-com-o-palmeiras\/#breadcrumb\",\"itemListElement\":[{\"@type\":\"ListItem\",\"position\":1,\"name\":\"Home\",\"item\":\"https:\/\/www.gaveanews.com\/\"},{\"@type\":\"ListItem\",\"position\":2,\"name\":\"Fim de uma era! Dudu alinha rescis\u00e3o com o Palmeiras\"}]},{\"@type\":\"WebSite\",\"@id\":\"https:\/\/www.gaveanews.com\/#website\",\"url\":\"https:\/\/www.gaveanews.com\/\",\"name\":\"G\u00e1vea News\",\"description\":\"Veja todas as not\u00edcias sobre o Flamengo: Contrata\u00e7\u00f5es, categorias de base, resultados das partidas, tabela de classifica\u00e7\u00e3o, pr\u00f3ximos jogos!\",\"potentialAction\":[{\"@type\":\"SearchAction\",\"target\":{\"@type\":\"EntryPoint\",\"urlTemplate\":\"https:\/\/www.gaveanews.com\/?s={search_term_string}\"},\"query-input\":{\"@type\":\"PropertyValueSpecification\",\"valueRequired\":true,\"valueName\":\"search_term_string\"}}],\"inLanguage\":\"pt-BR\"},{\"@type\":\"Person\",\"@id\":\"https:\/\/www.gaveanews.com\/#\/schema\/person\/0277a79a1289c451c281ec0411d84f0c\",\"name\":\"Andr\u00e9 Serra\",\"image\":{\"@type\":\"ImageObject\",\"inLanguage\":\"pt-BR\",\"@id\":\"https:\/\/www.gaveanews.com\/#\/schema\/person\/image\/\",\"url\":\"https:\/\/secure.gravatar.com\/avatar\/d7231369fe48db93292b3e88eb2162dbd9a34a47a8437d9ef3bcaca2a86a83d7?s=96&d=mm&r=g\",\"contentUrl\":\"https:\/\/secure.gravatar.com\/avatar\/d7231369fe48db93292b3e88eb2162dbd9a34a47a8437d9ef3bcaca2a86a83d7?s=96&d=mm&r=g\",\"caption\":\"Andr\u00e9 Serra\"}}]}<\/script>\n<!-- \/ Yoast SEO Premium plugin. -->","yoast_head_json":{"title":"Fim de uma era! Dudu alinha rescis\u00e3o com o Palmeiras","robots":{"index":"index","follow":"follow","max-snippet":"max-snippet:-1","max-image-preview":"max-image-preview:large","max-video-preview":"max-video-preview:-1"},"canonical":"https:\/\/www.gaveanews.com\/index.php\/2024\/12\/08\/fim-de-uma-era-dudu-alinha-rescisao-com-o-palmeiras\/","og_locale":"pt_BR","og_type":"article","og_title":"Fim de uma era! Dudu alinha rescis\u00e3o com o Palmeiras","og_description":"Reuni\u00e3o dever\u00e1 selar sa\u00edda do atacante O atacante Dudu fez seu \u00faltimo jogo com a camisa palmeirense neste domingo (8), diante do Fluminense. Ainda nesta semana, o camisa 7 do Verd\u00e3o ir\u00e1 se reunir com a diretoria palmeirense para chegar a um acordo por uma rescis\u00e3o contratual de forma amig\u00e1vel. Por toda hist\u00f3ria feita no [&hellip;]","og_url":"https:\/\/www.gaveanews.com\/index.php\/2024\/12\/08\/fim-de-uma-era-dudu-alinha-rescisao-com-o-palmeiras\/","og_site_name":"G\u00e1vea News","article_publisher":"https:\/\/facebook.com\/gaveaNews\/","article_published_time":"2024-12-09T02:00:38+00:00","article_modified_time":"2024-12-09T02:00:42+00:00","og_image":[{"width":846,"height":476,"url":"https:\/\/www.gaveanews.com\/wp-content\/uploads\/dudu-palmeiras.webp","type":"image\/webp"}],"author":"Andr\u00e9 Serra","twitter_card":"summary_large_image","twitter_misc":{"Escrito por":"Andr\u00e9 Serra","Est. tempo de leitura":"2 minutos"},"schema":{"@context":"https:\/\/schema.org","@graph":[{"@type":"NewsArticle","@id":"https:\/\/www.gaveanews.com\/index.php\/2024\/12\/08\/fim-de-uma-era-dudu-alinha-rescisao-com-o-palmeiras\/#article","isPartOf":{"@id":"https:\/\/www.gaveanews.com\/index.php\/2024\/12\/08\/fim-de-uma-era-dudu-alinha-rescisao-com-o-palmeiras\/"},"author":{"name":"Andr\u00e9 Serra","@id":"https:\/\/www.gaveanews.com\/#\/schema\/person\/0277a79a1289c451c281ec0411d84f0c"},"headline":"Fim de uma era! Dudu alinha rescis\u00e3o com o Palmeiras","datePublished":"2024-12-09T02:00:38+00:00","dateModified":"2024-12-09T02:00:42+00:00","mainEntityOfPage":{"@id":"https:\/\/www.gaveanews.com\/index.php\/2024\/12\/08\/fim-de-uma-era-dudu-alinha-rescisao-com-o-palmeiras\/"},"wordCount":337,"commentCount":0,"image":{"@id":"https:\/\/www.gaveanews.com\/index.php\/2024\/12\/08\/fim-de-uma-era-dudu-alinha-rescisao-com-o-palmeiras\/#primaryimage"},"thumbnailUrl":"https:\/\/www.gaveanews.com\/wp-content\/uploads\/dudu-palmeiras.webp","articleSection":["Palmeiras"],"inLanguage":"pt-BR","potentialAction":[{"@type":"CommentAction","name":"Comment","target":["https:\/\/www.gaveanews.com\/index.php\/2024\/12\/08\/fim-de-uma-era-dudu-alinha-rescisao-com-o-palmeiras\/#respond"]}],"copyrightYear":"2024","copyrightHolder":{"@id":"https:\/\/www.gaveanews.com\/#organization"}},{"@type":"WebPage","@id":"https:\/\/www.gaveanews.com\/index.php\/2024\/12\/08\/fim-de-uma-era-dudu-alinha-rescisao-com-o-palmeiras\/","url":"https:\/\/www.gaveanews.com\/index.php\/2024\/12\/08\/fim-de-uma-era-dudu-alinha-rescisao-com-o-palmeiras\/","name":"Fim de uma era! Dudu alinha rescis\u00e3o com o Palmeiras","isPartOf":{"@id":"https:\/\/www.gaveanews.com\/#website"},"primaryImageOfPage":{"@id":"https:\/\/www.gaveanews.com\/index.php\/2024\/12\/08\/fim-de-uma-era-dudu-alinha-rescisao-com-o-palmeiras\/#primaryimage"},"image":{"@id":"https:\/\/www.gaveanews.com\/index.php\/2024\/12\/08\/fim-de-uma-era-dudu-alinha-rescisao-com-o-palmeiras\/#primaryimage"},"thumbnailUrl":"https:\/\/www.gaveanews.com\/wp-content\/uploads\/dudu-palmeiras.webp","datePublished":"2024-12-09T02:00:38+00:00","dateModified":"2024-12-09T02:00:42+00:00","author":{"@id":"https:\/\/www.gaveanews.com\/#\/schema\/person\/0277a79a1289c451c281ec0411d84f0c"},"breadcrumb":{"@id":"https:\/\/www.gaveanews.com\/index.php\/2024\/12\/08\/fim-de-uma-era-dudu-alinha-rescisao-com-o-palmeiras\/#breadcrumb"},"inLanguage":"pt-BR","potentialAction":[{"@type":"ReadAction","target":["https:\/\/www.gaveanews.com\/index.php\/2024\/12\/08\/fim-de-uma-era-dudu-alinha-rescisao-com-o-palmeiras\/"]}]},{"@type":"ImageObject","inLanguage":"pt-BR","@id":"https:\/\/www.gaveanews.com\/index.php\/2024\/12\/08\/fim-de-uma-era-dudu-alinha-rescisao-com-o-palmeiras\/#primaryimage","url":"https:\/\/www.gaveanews.com\/wp-content\/uploads\/dudu-palmeiras.webp","contentUrl":"https:\/\/www.gaveanews.com\/wp-content\/uploads\/dudu-palmeiras.webp","width":846,"height":476,"caption":"Dudu em jogo do Palmeiras (Foto: Cesar Greco\/Palmeiras)"},{"@type":"BreadcrumbList","@id":"https:\/\/www.gaveanews.com\/index.php\/2024\/12\/08\/fim-de-uma-era-dudu-alinha-rescisao-com-o-palmeiras\/#breadcrumb","itemListElement":[{"@type":"ListItem","position":1,"name":"Home","item":"https:\/\/www.gaveanews.com\/"},{"@type":"ListItem","position":2,"name":"Fim de uma era! Dudu alinha rescis\u00e3o com o Palmeiras"}]},{"@type":"WebSite","@id":"https:\/\/www.gaveanews.com\/#website","url":"https:\/\/www.gaveanews.com\/","name":"G\u00e1vea News","description":"Veja todas as not\u00edcias sobre o Flamengo: Contrata\u00e7\u00f5es, categorias de base, resultados das partidas, tabela de classifica\u00e7\u00e3o, pr\u00f3ximos jogos!","potentialAction":[{"@type":"SearchAction","target":{"@type":"EntryPoint","urlTemplate":"https:\/\/www.gaveanews.com\/?s={search_term_string}"},"query-input":{"@type":"PropertyValueSpecification","valueRequired":true,"valueName":"search_term_string"}}],"inLanguage":"pt-BR"},{"@type":"Person","@id":"https:\/\/www.gaveanews.com\/#\/schema\/person\/0277a79a1289c451c281ec0411d84f0c","name":"Andr\u00e9 Serra","image":{"@type":"ImageObject","inLanguage":"pt-BR","@id":"https:\/\/www.gaveanews.com\/#\/schema\/person\/image\/","url":"https:\/\/secure.gravatar.com\/avatar\/d7231369fe48db93292b3e88eb2162dbd9a34a47a8437d9ef3bcaca2a86a83d7?s=96&d=mm&r=g","contentUrl":"https:\/\/secure.gravatar.com\/avatar\/d7231369fe48db93292b3e88eb2162dbd9a34a47a8437d9ef3bcaca2a86a83d7?s=96&d=mm&r=g","caption":"Andr\u00e9 Serra"}}]}},"_links":{"self":[{"href":"https:\/\/www.gaveanews.com\/index.php\/wp-json\/wp\/v2\/posts\/196523","targetHints":{"allow":["GET"]}}],"collection":[{"href":"https:\/\/www.gaveanews.com\/index.php\/wp-json\/wp\/v2\/posts"}],"about":[{"href":"https:\/\/www.gaveanews.com\/index.php\/wp-json\/wp\/v2\/types\/post"}],"author":[{"embeddable":true,"href":"https:\/\/www.gaveanews.com\/index.php\/wp-json\/wp\/v2\/users\/21"}],"replies":[{"embeddable":true,"href":"https:\/\/www.gaveanews.com\/index.php\/wp-json\/wp\/v2\/comments?post=196523"}],"version-history":[{"count":1,"href":"https:\/\/www.gaveanews.com\/index.php\/wp-json\/wp\/v2\/posts\/196523\/revisions"}],"predecessor-version":[{"id":196524,"href":"https:\/\/www.gaveanews.com\/index.php\/wp-json\/wp\/v2\/posts\/196523\/revisions\/196524"}],"wp:featuredmedia":[{"embeddable":true,"href":"https:\/\/www.gaveanews.com\/index.php\/wp-json\/wp\/v2\/media\/91439"}],"wp:attachment":[{"href":"https:\/\/www.gaveanews.com\/index.php\/wp-json\/wp\/v2\/media?parent=196523"}],"wp:term":[{"taxonomy":"category","embeddable":true,"href":"https:\/\/www.gaveanews.com\/index.php\/wp-json\/wp\/v2\/categories?post=196523"},{"taxonomy":"post_tag","embeddable":true,"href":"https:\/\/www.gaveanews.com\/index.php\/wp-json\/wp\/v2\/tags?post=196523"}],"curies":[{"name":"wp","href":"https:\/\/api.w.org\/{rel}","templated":true}]}}