{"id":196556,"date":"2024-12-09T16:50:00","date_gmt":"2024-12-09T19:50:00","guid":{"rendered":"https:\/\/www.gaveanews.com\/?p=196556"},"modified":"2024-12-09T16:44:49","modified_gmt":"2024-12-09T19:44:49","slug":"marcelo-teixeira-afirma-que-nao-ha-acordo-com-patrocinador-em-relacao-a-volta-de-gabigol","status":"publish","type":"post","link":"https:\/\/www.gaveanews.com\/index.php\/2024\/12\/09\/marcelo-teixeira-afirma-que-nao-ha-acordo-com-patrocinador-em-relacao-a-volta-de-gabigol\/","title":{"rendered":"Marcelo Teixeira afirma que n\u00e3o h\u00e1 acordo com patrocinador em rela\u00e7\u00e3o \u00e0 volta de Gabigol"},"content":{"rendered":"\n<h2 class=\"wp-block-heading\" id=\"h-gabigol-encerra-ciclo-no-flamengo-com-gol-e-recebe-proposta-do-santos-para-2025\">Gabigol encerra ciclo no Flamengo com gol e recebe proposta do Santos para 2025<\/h2>\n\n\n\n<p>Gabriel Barbosa, o Gabigol, marcou no empate por 2 a 2 entre Flamengo e Vit\u00f3ria, neste domingo (8), no Maracan\u00e3, pela \u00faltima rodada do Brasileir\u00e3o. O atacante, que encerra seu v\u00ednculo com o clube carioca, est\u00e1 na mira do Santos, conforme revelou o presidente Marcelo Teixeira em entrevista \u00e0 R\u00e1dio Bandeirantes.<\/p>\n\n\n\n<ul class=\"wp-block-list\">\n<li><a href=\"https:\/\/www.gaveanews.com\/index.php\/2024\/12\/03\/futuro-de-cinco-jogadores-do-santos-vai-depender-do-novo-treinador\/\">Futuro de cinco jogadores do Santos vai depender do novo treinador<\/a><\/li>\n\n\n\n<li><a href=\"https:\/\/www.gaveanews.com\/index.php\/2024\/12\/03\/futuro-dos-jogadores-contratacao-fracassada-e-renovacao-ate-2028-as-ultimas-noticias-do-santos\/\">Futuro dos jogadores, contrata\u00e7\u00e3o fracassada e renova\u00e7\u00e3o at\u00e9 2028: as \u00faltimas not\u00edcias do Santos<\/a><\/li>\n<\/ul>\n\n\n\n<p>Teixeira afirmou que o Santos apresentou uma proposta oficial ao jogador logo ap\u00f3s garantir o acesso \u00e0 S\u00e9rie A de 2025. No entanto, o acerto ainda depende de ajustes financeiros e da participa\u00e7\u00e3o de um parceiro comercial que pode viabilizar a transfer\u00eancia.<\/p>\n\n\n\n<p>&#8220;Com refer\u00eancia ao Gabriel, n\u00f3s, de fato, ao definirmos a vaga e acesso \u00e0 S\u00e9rie A, fizemos uma proposta ao jogador. Essa proposta est\u00e1 sendo avaliada, est\u00e1 sendo analisada. Paralelamente, l\u00f3gico, n\u00f3s temos um parceiro. Diante de tantas possibilidades e propriedades que o Santos possui, h\u00e1 a chance, numa negocia\u00e7\u00e3o, de trazer o Gabriel&#8221;, explicou o dirigente.<\/p>\n\n\n\n<p>Embora o Santos tenha avan\u00e7ado nas negocia\u00e7\u00f5es, Teixeira destacou que a decis\u00e3o final cabe a Gabigol e sua equipe:<\/p>\n\n\n\n<p>&#8220;Nada que isso se confirme num contrato entre o Gabriel e o Santos Futebol Clube. Foi feita uma parceria. O atleta hoje \u00e9 embaixador da empresa nos seus trabalhos sociais, mas nada est\u00e1 concretizado. Isso depender\u00e1 do pr\u00f3prio jogador, do pai e de seu staff&#8221;, completou.<\/p>\n\n\n\n<p>Revelado pelo Santos, Gabigol retornaria ao clube que o projetou para o futebol mundial. Apesar disso, o atacante construiu uma trajet\u00f3ria marcante no Flamengo, onde foi artilheiro e pe\u00e7a-chave em conquistas como a Libertadores (2019 e 2022) e o Brasileir\u00e3o (2019 e 2020).<\/p>\n","protected":false},"excerpt":{"rendered":"<p>Gabigol encerra ciclo no Flamengo com gol e recebe proposta do Santos para 2025 Gabriel Barbosa, o Gabigol, marcou no empate por 2 a 2 entre Flamengo e Vit\u00f3ria, neste domingo (8), no Maracan\u00e3, pela \u00faltima rodada do Brasileir\u00e3o. O atacante, que encerra seu v\u00ednculo com o clube carioca, est\u00e1 na mira do Santos, conforme [&hellip;]<\/p>\n","protected":false},"author":17,"featured_media":147635,"comment_status":"open","ping_status":"closed","sticky":false,"template":"","format":"standard","meta":{"footnotes":""},"categories":[139],"tags":[],"class_list":["post-196556","post","type-post","status-publish","format-standard","has-post-thumbnail","hentry","category-santos"],"yoast_head":"<!-- This site is optimized with the Yoast SEO Premium plugin v24.2 (Yoast SEO v26.9) - https:\/\/yoast.com\/product\/yoast-seo-premium-wordpress\/ -->\n<title>Marcelo Teixeira afirma que n\u00e3o h\u00e1 acordo com patrocinador em rela\u00e7\u00e3o \u00e0 volta de Gabigol<\/title>\n<meta name=\"robots\" content=\"index, follow, max-snippet:-1, max-image-preview:large, max-video-preview:-1\" \/>\n<link rel=\"canonical\" href=\"https:\/\/www.gaveanews.com\/index.php\/2024\/12\/09\/marcelo-teixeira-afirma-que-nao-ha-acordo-com-patrocinador-em-relacao-a-volta-de-gabigol\/\" \/>\n<meta property=\"og:locale\" content=\"pt_BR\" \/>\n<meta property=\"og:type\" content=\"article\" \/>\n<meta property=\"og:title\" content=\"Marcelo Teixeira afirma que n\u00e3o h\u00e1 acordo com patrocinador em rela\u00e7\u00e3o \u00e0 volta de Gabigol\" \/>\n<meta property=\"og:description\" content=\"Gabigol encerra ciclo no Flamengo com gol e recebe proposta do Santos para 2025 Gabriel Barbosa, o Gabigol, marcou no empate por 2 a 2 entre Flamengo e Vit\u00f3ria, neste domingo (8), no Maracan\u00e3, pela \u00faltima rodada do Brasileir\u00e3o. O atacante, que encerra seu v\u00ednculo com o clube carioca, est\u00e1 na mira do Santos, conforme [&hellip;]\" \/>\n<meta property=\"og:url\" content=\"https:\/\/www.gaveanews.com\/index.php\/2024\/12\/09\/marcelo-teixeira-afirma-que-nao-ha-acordo-com-patrocinador-em-relacao-a-volta-de-gabigol\/\" \/>\n<meta property=\"og:site_name\" content=\"G\u00e1vea News\" \/>\n<meta property=\"article:publisher\" content=\"https:\/\/facebook.com\/gaveaNews\/\" \/>\n<meta property=\"article:published_time\" content=\"2024-12-09T19:50:00+00:00\" \/>\n<meta property=\"og:image\" content=\"https:\/\/www.gaveanews.com\/wp-content\/uploads\/Marcelo-Teixeira-apos-a-eleicao-do-Santos-em-2023.webp\" \/>\n\t<meta property=\"og:image:width\" content=\"1024\" \/>\n\t<meta property=\"og:image:height\" content=\"683\" \/>\n\t<meta property=\"og:image:type\" content=\"image\/jpeg\" \/>\n<meta name=\"author\" content=\"Geovanna Thomaz\" \/>\n<meta name=\"twitter:card\" content=\"summary_large_image\" \/>\n<meta name=\"twitter:label1\" content=\"Escrito por\" \/>\n\t<meta name=\"twitter:data1\" content=\"Geovanna Thomaz\" \/>\n\t<meta name=\"twitter:label2\" content=\"Est. tempo de leitura\" \/>\n\t<meta name=\"twitter:data2\" content=\"2 minutos\" \/>\n<script type=\"application\/ld+json\" class=\"yoast-schema-graph\">{\"@context\":\"https:\/\/schema.org\",\"@graph\":[{\"@type\":\"NewsArticle\",\"@id\":\"https:\/\/www.gaveanews.com\/index.php\/2024\/12\/09\/marcelo-teixeira-afirma-que-nao-ha-acordo-com-patrocinador-em-relacao-a-volta-de-gabigol\/#article\",\"isPartOf\":{\"@id\":\"https:\/\/www.gaveanews.com\/index.php\/2024\/12\/09\/marcelo-teixeira-afirma-que-nao-ha-acordo-com-patrocinador-em-relacao-a-volta-de-gabigol\/\"},\"author\":{\"name\":\"Geovanna Thomaz\",\"@id\":\"https:\/\/www.gaveanews.com\/#\/schema\/person\/f42654babcd2b2014a1a65af82b081f1\"},\"headline\":\"Marcelo Teixeira afirma que n\u00e3o h\u00e1 acordo com patrocinador em rela\u00e7\u00e3o \u00e0 volta de Gabigol\",\"datePublished\":\"2024-12-09T19:50:00+00:00\",\"mainEntityOfPage\":{\"@id\":\"https:\/\/www.gaveanews.com\/index.php\/2024\/12\/09\/marcelo-teixeira-afirma-que-nao-ha-acordo-com-patrocinador-em-relacao-a-volta-de-gabigol\/\"},\"wordCount\":323,\"commentCount\":0,\"image\":{\"@id\":\"https:\/\/www.gaveanews.com\/index.php\/2024\/12\/09\/marcelo-teixeira-afirma-que-nao-ha-acordo-com-patrocinador-em-relacao-a-volta-de-gabigol\/#primaryimage\"},\"thumbnailUrl\":\"https:\/\/www.gaveanews.com\/wp-content\/uploads\/Marcelo-Teixeira-apos-a-eleicao-do-Santos-em-2023.webp\",\"articleSection\":[\"Santos\"],\"inLanguage\":\"pt-BR\",\"potentialAction\":[{\"@type\":\"CommentAction\",\"name\":\"Comment\",\"target\":[\"https:\/\/www.gaveanews.com\/index.php\/2024\/12\/09\/marcelo-teixeira-afirma-que-nao-ha-acordo-com-patrocinador-em-relacao-a-volta-de-gabigol\/#respond\"]}],\"copyrightYear\":\"2024\",\"copyrightHolder\":{\"@id\":\"https:\/\/www.gaveanews.com\/#organization\"}},{\"@type\":\"WebPage\",\"@id\":\"https:\/\/www.gaveanews.com\/index.php\/2024\/12\/09\/marcelo-teixeira-afirma-que-nao-ha-acordo-com-patrocinador-em-relacao-a-volta-de-gabigol\/\",\"url\":\"https:\/\/www.gaveanews.com\/index.php\/2024\/12\/09\/marcelo-teixeira-afirma-que-nao-ha-acordo-com-patrocinador-em-relacao-a-volta-de-gabigol\/\",\"name\":\"Marcelo Teixeira afirma que n\u00e3o h\u00e1 acordo com patrocinador em rela\u00e7\u00e3o \u00e0 volta de Gabigol\",\"isPartOf\":{\"@id\":\"https:\/\/www.gaveanews.com\/#website\"},\"primaryImageOfPage\":{\"@id\":\"https:\/\/www.gaveanews.com\/index.php\/2024\/12\/09\/marcelo-teixeira-afirma-que-nao-ha-acordo-com-patrocinador-em-relacao-a-volta-de-gabigol\/#primaryimage\"},\"image\":{\"@id\":\"https:\/\/www.gaveanews.com\/index.php\/2024\/12\/09\/marcelo-teixeira-afirma-que-nao-ha-acordo-com-patrocinador-em-relacao-a-volta-de-gabigol\/#primaryimage\"},\"thumbnailUrl\":\"https:\/\/www.gaveanews.com\/wp-content\/uploads\/Marcelo-Teixeira-apos-a-eleicao-do-Santos-em-2023.webp\",\"datePublished\":\"2024-12-09T19:50:00+00:00\",\"author\":{\"@id\":\"https:\/\/www.gaveanews.com\/#\/schema\/person\/f42654babcd2b2014a1a65af82b081f1\"},\"breadcrumb\":{\"@id\":\"https:\/\/www.gaveanews.com\/index.php\/2024\/12\/09\/marcelo-teixeira-afirma-que-nao-ha-acordo-com-patrocinador-em-relacao-a-volta-de-gabigol\/#breadcrumb\"},\"inLanguage\":\"pt-BR\",\"potentialAction\":[{\"@type\":\"ReadAction\",\"target\":[\"https:\/\/www.gaveanews.com\/index.php\/2024\/12\/09\/marcelo-teixeira-afirma-que-nao-ha-acordo-com-patrocinador-em-relacao-a-volta-de-gabigol\/\"]}]},{\"@type\":\"ImageObject\",\"inLanguage\":\"pt-BR\",\"@id\":\"https:\/\/www.gaveanews.com\/index.php\/2024\/12\/09\/marcelo-teixeira-afirma-que-nao-ha-acordo-com-patrocinador-em-relacao-a-volta-de-gabigol\/#primaryimage\",\"url\":\"https:\/\/www.gaveanews.com\/wp-content\/uploads\/Marcelo-Teixeira-apos-a-eleicao-do-Santos-em-2023.webp\",\"contentUrl\":\"https:\/\/www.gaveanews.com\/wp-content\/uploads\/Marcelo-Teixeira-apos-a-eleicao-do-Santos-em-2023.webp\",\"width\":1024,\"height\":683,\"caption\":\"Marcelo Teixeira ap\u00f3s a elei\u00e7\u00e3o do Santos em 2023 (Foto: Reprodu\u00e7\u00e3o\/Santos)\"},{\"@type\":\"BreadcrumbList\",\"@id\":\"https:\/\/www.gaveanews.com\/index.php\/2024\/12\/09\/marcelo-teixeira-afirma-que-nao-ha-acordo-com-patrocinador-em-relacao-a-volta-de-gabigol\/#breadcrumb\",\"itemListElement\":[{\"@type\":\"ListItem\",\"position\":1,\"name\":\"Home\",\"item\":\"https:\/\/www.gaveanews.com\/\"},{\"@type\":\"ListItem\",\"position\":2,\"name\":\"Marcelo Teixeira afirma que n\u00e3o h\u00e1 acordo com patrocinador em rela\u00e7\u00e3o \u00e0 volta de Gabigol\"}]},{\"@type\":\"WebSite\",\"@id\":\"https:\/\/www.gaveanews.com\/#website\",\"url\":\"https:\/\/www.gaveanews.com\/\",\"name\":\"G\u00e1vea News\",\"description\":\"Veja todas as not\u00edcias sobre o Flamengo: Contrata\u00e7\u00f5es, categorias de base, resultados das partidas, tabela de classifica\u00e7\u00e3o, pr\u00f3ximos jogos!\",\"potentialAction\":[{\"@type\":\"SearchAction\",\"target\":{\"@type\":\"EntryPoint\",\"urlTemplate\":\"https:\/\/www.gaveanews.com\/?s={search_term_string}\"},\"query-input\":{\"@type\":\"PropertyValueSpecification\",\"valueRequired\":true,\"valueName\":\"search_term_string\"}}],\"inLanguage\":\"pt-BR\"},{\"@type\":\"Person\",\"@id\":\"https:\/\/www.gaveanews.com\/#\/schema\/person\/f42654babcd2b2014a1a65af82b081f1\",\"name\":\"Geovanna Thomaz\",\"image\":{\"@type\":\"ImageObject\",\"inLanguage\":\"pt-BR\",\"@id\":\"https:\/\/www.gaveanews.com\/#\/schema\/person\/image\/\",\"url\":\"https:\/\/secure.gravatar.com\/avatar\/4092073255489533afb558984b49b64268c47198af8623cc82a925ae9fb7118a?s=96&d=mm&r=g\",\"contentUrl\":\"https:\/\/secure.gravatar.com\/avatar\/4092073255489533afb558984b49b64268c47198af8623cc82a925ae9fb7118a?s=96&d=mm&r=g\",\"caption\":\"Geovanna Thomaz\"}}]}<\/script>\n<!-- \/ Yoast SEO Premium plugin. -->","yoast_head_json":{"title":"Marcelo Teixeira afirma que n\u00e3o h\u00e1 acordo com patrocinador em rela\u00e7\u00e3o \u00e0 volta de Gabigol","robots":{"index":"index","follow":"follow","max-snippet":"max-snippet:-1","max-image-preview":"max-image-preview:large","max-video-preview":"max-video-preview:-1"},"canonical":"https:\/\/www.gaveanews.com\/index.php\/2024\/12\/09\/marcelo-teixeira-afirma-que-nao-ha-acordo-com-patrocinador-em-relacao-a-volta-de-gabigol\/","og_locale":"pt_BR","og_type":"article","og_title":"Marcelo Teixeira afirma que n\u00e3o h\u00e1 acordo com patrocinador em rela\u00e7\u00e3o \u00e0 volta de Gabigol","og_description":"Gabigol encerra ciclo no Flamengo com gol e recebe proposta do Santos para 2025 Gabriel Barbosa, o Gabigol, marcou no empate por 2 a 2 entre Flamengo e Vit\u00f3ria, neste domingo (8), no Maracan\u00e3, pela \u00faltima rodada do Brasileir\u00e3o. O atacante, que encerra seu v\u00ednculo com o clube carioca, est\u00e1 na mira do Santos, conforme [&hellip;]","og_url":"https:\/\/www.gaveanews.com\/index.php\/2024\/12\/09\/marcelo-teixeira-afirma-que-nao-ha-acordo-com-patrocinador-em-relacao-a-volta-de-gabigol\/","og_site_name":"G\u00e1vea News","article_publisher":"https:\/\/facebook.com\/gaveaNews\/","article_published_time":"2024-12-09T19:50:00+00:00","og_image":[{"width":1024,"height":683,"url":"https:\/\/www.gaveanews.com\/wp-content\/uploads\/Marcelo-Teixeira-apos-a-eleicao-do-Santos-em-2023.webp","type":"image\/jpeg"}],"author":"Geovanna Thomaz","twitter_card":"summary_large_image","twitter_misc":{"Escrito por":"Geovanna Thomaz","Est. tempo de leitura":"2 minutos"},"schema":{"@context":"https:\/\/schema.org","@graph":[{"@type":"NewsArticle","@id":"https:\/\/www.gaveanews.com\/index.php\/2024\/12\/09\/marcelo-teixeira-afirma-que-nao-ha-acordo-com-patrocinador-em-relacao-a-volta-de-gabigol\/#article","isPartOf":{"@id":"https:\/\/www.gaveanews.com\/index.php\/2024\/12\/09\/marcelo-teixeira-afirma-que-nao-ha-acordo-com-patrocinador-em-relacao-a-volta-de-gabigol\/"},"author":{"name":"Geovanna Thomaz","@id":"https:\/\/www.gaveanews.com\/#\/schema\/person\/f42654babcd2b2014a1a65af82b081f1"},"headline":"Marcelo Teixeira afirma que n\u00e3o h\u00e1 acordo com patrocinador em rela\u00e7\u00e3o \u00e0 volta de Gabigol","datePublished":"2024-12-09T19:50:00+00:00","mainEntityOfPage":{"@id":"https:\/\/www.gaveanews.com\/index.php\/2024\/12\/09\/marcelo-teixeira-afirma-que-nao-ha-acordo-com-patrocinador-em-relacao-a-volta-de-gabigol\/"},"wordCount":323,"commentCount":0,"image":{"@id":"https:\/\/www.gaveanews.com\/index.php\/2024\/12\/09\/marcelo-teixeira-afirma-que-nao-ha-acordo-com-patrocinador-em-relacao-a-volta-de-gabigol\/#primaryimage"},"thumbnailUrl":"https:\/\/www.gaveanews.com\/wp-content\/uploads\/Marcelo-Teixeira-apos-a-eleicao-do-Santos-em-2023.webp","articleSection":["Santos"],"inLanguage":"pt-BR","potentialAction":[{"@type":"CommentAction","name":"Comment","target":["https:\/\/www.gaveanews.com\/index.php\/2024\/12\/09\/marcelo-teixeira-afirma-que-nao-ha-acordo-com-patrocinador-em-relacao-a-volta-de-gabigol\/#respond"]}],"copyrightYear":"2024","copyrightHolder":{"@id":"https:\/\/www.gaveanews.com\/#organization"}},{"@type":"WebPage","@id":"https:\/\/www.gaveanews.com\/index.php\/2024\/12\/09\/marcelo-teixeira-afirma-que-nao-ha-acordo-com-patrocinador-em-relacao-a-volta-de-gabigol\/","url":"https:\/\/www.gaveanews.com\/index.php\/2024\/12\/09\/marcelo-teixeira-afirma-que-nao-ha-acordo-com-patrocinador-em-relacao-a-volta-de-gabigol\/","name":"Marcelo Teixeira afirma que n\u00e3o h\u00e1 acordo com patrocinador em rela\u00e7\u00e3o \u00e0 volta de Gabigol","isPartOf":{"@id":"https:\/\/www.gaveanews.com\/#website"},"primaryImageOfPage":{"@id":"https:\/\/www.gaveanews.com\/index.php\/2024\/12\/09\/marcelo-teixeira-afirma-que-nao-ha-acordo-com-patrocinador-em-relacao-a-volta-de-gabigol\/#primaryimage"},"image":{"@id":"https:\/\/www.gaveanews.com\/index.php\/2024\/12\/09\/marcelo-teixeira-afirma-que-nao-ha-acordo-com-patrocinador-em-relacao-a-volta-de-gabigol\/#primaryimage"},"thumbnailUrl":"https:\/\/www.gaveanews.com\/wp-content\/uploads\/Marcelo-Teixeira-apos-a-eleicao-do-Santos-em-2023.webp","datePublished":"2024-12-09T19:50:00+00:00","author":{"@id":"https:\/\/www.gaveanews.com\/#\/schema\/person\/f42654babcd2b2014a1a65af82b081f1"},"breadcrumb":{"@id":"https:\/\/www.gaveanews.com\/index.php\/2024\/12\/09\/marcelo-teixeira-afirma-que-nao-ha-acordo-com-patrocinador-em-relacao-a-volta-de-gabigol\/#breadcrumb"},"inLanguage":"pt-BR","potentialAction":[{"@type":"ReadAction","target":["https:\/\/www.gaveanews.com\/index.php\/2024\/12\/09\/marcelo-teixeira-afirma-que-nao-ha-acordo-com-patrocinador-em-relacao-a-volta-de-gabigol\/"]}]},{"@type":"ImageObject","inLanguage":"pt-BR","@id":"https:\/\/www.gaveanews.com\/index.php\/2024\/12\/09\/marcelo-teixeira-afirma-que-nao-ha-acordo-com-patrocinador-em-relacao-a-volta-de-gabigol\/#primaryimage","url":"https:\/\/www.gaveanews.com\/wp-content\/uploads\/Marcelo-Teixeira-apos-a-eleicao-do-Santos-em-2023.webp","contentUrl":"https:\/\/www.gaveanews.com\/wp-content\/uploads\/Marcelo-Teixeira-apos-a-eleicao-do-Santos-em-2023.webp","width":1024,"height":683,"caption":"Marcelo Teixeira ap\u00f3s a elei\u00e7\u00e3o do Santos em 2023 (Foto: Reprodu\u00e7\u00e3o\/Santos)"},{"@type":"BreadcrumbList","@id":"https:\/\/www.gaveanews.com\/index.php\/2024\/12\/09\/marcelo-teixeira-afirma-que-nao-ha-acordo-com-patrocinador-em-relacao-a-volta-de-gabigol\/#breadcrumb","itemListElement":[{"@type":"ListItem","position":1,"name":"Home","item":"https:\/\/www.gaveanews.com\/"},{"@type":"ListItem","position":2,"name":"Marcelo Teixeira afirma que n\u00e3o h\u00e1 acordo com patrocinador em rela\u00e7\u00e3o \u00e0 volta de Gabigol"}]},{"@type":"WebSite","@id":"https:\/\/www.gaveanews.com\/#website","url":"https:\/\/www.gaveanews.com\/","name":"G\u00e1vea News","description":"Veja todas as not\u00edcias sobre o Flamengo: Contrata\u00e7\u00f5es, categorias de base, resultados das partidas, tabela de classifica\u00e7\u00e3o, pr\u00f3ximos jogos!","potentialAction":[{"@type":"SearchAction","target":{"@type":"EntryPoint","urlTemplate":"https:\/\/www.gaveanews.com\/?s={search_term_string}"},"query-input":{"@type":"PropertyValueSpecification","valueRequired":true,"valueName":"search_term_string"}}],"inLanguage":"pt-BR"},{"@type":"Person","@id":"https:\/\/www.gaveanews.com\/#\/schema\/person\/f42654babcd2b2014a1a65af82b081f1","name":"Geovanna Thomaz","image":{"@type":"ImageObject","inLanguage":"pt-BR","@id":"https:\/\/www.gaveanews.com\/#\/schema\/person\/image\/","url":"https:\/\/secure.gravatar.com\/avatar\/4092073255489533afb558984b49b64268c47198af8623cc82a925ae9fb7118a?s=96&d=mm&r=g","contentUrl":"https:\/\/secure.gravatar.com\/avatar\/4092073255489533afb558984b49b64268c47198af8623cc82a925ae9fb7118a?s=96&d=mm&r=g","caption":"Geovanna Thomaz"}}]}},"_links":{"self":[{"href":"https:\/\/www.gaveanews.com\/index.php\/wp-json\/wp\/v2\/posts\/196556","targetHints":{"allow":["GET"]}}],"collection":[{"href":"https:\/\/www.gaveanews.com\/index.php\/wp-json\/wp\/v2\/posts"}],"about":[{"href":"https:\/\/www.gaveanews.com\/index.php\/wp-json\/wp\/v2\/types\/post"}],"author":[{"embeddable":true,"href":"https:\/\/www.gaveanews.com\/index.php\/wp-json\/wp\/v2\/users\/17"}],"replies":[{"embeddable":true,"href":"https:\/\/www.gaveanews.com\/index.php\/wp-json\/wp\/v2\/comments?post=196556"}],"version-history":[{"count":2,"href":"https:\/\/www.gaveanews.com\/index.php\/wp-json\/wp\/v2\/posts\/196556\/revisions"}],"predecessor-version":[{"id":196703,"href":"https:\/\/www.gaveanews.com\/index.php\/wp-json\/wp\/v2\/posts\/196556\/revisions\/196703"}],"wp:featuredmedia":[{"embeddable":true,"href":"https:\/\/www.gaveanews.com\/index.php\/wp-json\/wp\/v2\/media\/147635"}],"wp:attachment":[{"href":"https:\/\/www.gaveanews.com\/index.php\/wp-json\/wp\/v2\/media?parent=196556"}],"wp:term":[{"taxonomy":"category","embeddable":true,"href":"https:\/\/www.gaveanews.com\/index.php\/wp-json\/wp\/v2\/categories?post=196556"},{"taxonomy":"post_tag","embeddable":true,"href":"https:\/\/www.gaveanews.com\/index.php\/wp-json\/wp\/v2\/tags?post=196556"}],"curies":[{"name":"wp","href":"https:\/\/api.w.org\/{rel}","templated":true}]}}