{"id":196619,"date":"2024-12-09T19:05:00","date_gmt":"2024-12-09T22:05:00","guid":{"rendered":"https:\/\/www.gaveanews.com\/?p=196619"},"modified":"2024-12-09T18:39:22","modified_gmt":"2024-12-09T21:39:22","slug":"cruzeiro-acerta-a-primeira-contratacao-para-2025","status":"publish","type":"post","link":"https:\/\/www.gaveanews.com\/index.php\/2024\/12\/09\/cruzeiro-acerta-a-primeira-contratacao-para-2025\/","title":{"rendered":"Cruzeiro acerta a primeira contrata\u00e7\u00e3o para 2025"},"content":{"rendered":"\n<p>Ap\u00f3s um fim de ano melanc\u00f3lico do Cruzeiro, a diretoria est\u00e1 prestes a anunciar o primeiro refor\u00e7o para 2025. Um dia depois de se despedir do Campeonato Brasileiro, a equipe celeste acertou a compra de Christian e pagar\u00e1 mais de 17 milh\u00f5es de reais ao Athletico para contar com o volante na pr\u00f3xima temporada.<\/p>\n\n\n\n<ul class=\"wp-block-list\">\n<li><a href=\"https:\/\/www.gaveanews.com\/index.php\/2024\/12\/07\/galoppo-pode-trocar-sao-paulo-por-rival-da-serie-a\/\">Galoppo pode trocar S\u00e3o Paulo por rival da S\u00e9rie A<\/a><\/li>\n\n\n\n<li><a href=\"https:\/\/www.gaveanews.com\/index.php\/2024\/12\/09\/fernando-diniz-fala-em-desrespeito-no-cruzeiro-por-noticias-sobre-demissao\/\">Fernando Diniz fala em desrespeito no Cruzeiro por not\u00edcias sobre demiss\u00e3o<\/a><\/li>\n<\/ul>\n\n\n\n<p>O Cruzeiro visitou Caxias do Sul para enfrentar o Juventude pela 38\u00aa e \u00faltima rodada do Brasileir\u00e3o, no \u00faltimo domingo (8\/12), no Est\u00e1dio Alfredo Jaconi, e venceu por 1 a 0. Apesar da vit\u00f3ria, o time mineiro n\u00e3o se classificou para a Libertadores do ano que vem e a sequ\u00eancia de maus resultados pode ter decretado a sa\u00edda do treinador Fernando Diniz.<\/p>\n\n\n\n<p>Em entrevista coletiva ap\u00f3s a partida, o comandante se revoltou e fez um longo desabafo falando que se sentiu desrespeitado por ser informado pela imprensa que n\u00e3o ficaria no clube. Ele chegou \u00e0 Raposa em 23 de setembro e deve se despedir pouco mais de dois meses depois de chegar. Ao todo, fez 15 jogos, com apenas 3 vit\u00f3rias, 6 empates e 6 derrotas. Al\u00e9m disso, perdeu o t\u00edtulo da Copa Sul-Americana para o Racing.<\/p>\n\n\n\n<p>Nesta segunda-feira (9\/12), o Cruzeiro anunciou uma lista de dispensas que envolviam o lateral \u00c1lvaro Barreal, que retorna do empr\u00e9stimo ao FC Cincinnati, dos Estados Unidos, o lateral-direito Wesley Gasolina, o volante Ramiro, o atacante Rafa Silva e o goleiro Gabriel Grando.<\/p>\n\n\n\n<p>A diretoria tamb\u00e9m se movimenta na aquisi\u00e7\u00e3o de atletas para refor\u00e7ar o elenco. Segundo a jornalista Monique Vilela, os mandat\u00e1rios celestes chegaram a um acordo com o Athletico, que foi rebaixado \u00e0 Segunda Divis\u00e3o, para contar com o volante Christian a partir do ano que vem.<\/p>\n\n\n\n<p>De acordo com ela, a equipe mineira vai pagar cerca de 2,7 milh\u00f5es de euros, 17,2 milh\u00f5es de reais, pela aquisi\u00e7\u00e3o do atleta, que assinar\u00e1 um contrato de 3 anos.<\/p>\n","protected":false},"excerpt":{"rendered":"<p>Ap\u00f3s um fim de ano melanc\u00f3lico do Cruzeiro, a diretoria est\u00e1 prestes a anunciar o primeiro refor\u00e7o para 2025. Um dia depois de se despedir do Campeonato Brasileiro, a equipe celeste acertou a compra de Christian e pagar\u00e1 mais de 17 milh\u00f5es de reais ao Athletico para contar com o volante na pr\u00f3xima temporada. O [&hellip;]<\/p>\n","protected":false},"author":29,"featured_media":175923,"comment_status":"open","ping_status":"closed","sticky":false,"template":"","format":"standard","meta":{"footnotes":""},"categories":[134,143],"tags":[],"class_list":["post-196619","post","type-post","status-publish","format-standard","has-post-thumbnail","hentry","category-athletico-pr","category-cruzeiro"],"yoast_head":"<!-- This site is optimized with the Yoast SEO Premium plugin v24.2 (Yoast SEO v26.9) - https:\/\/yoast.com\/product\/yoast-seo-premium-wordpress\/ -->\n<title>Cruzeiro acerta a primeira contrata\u00e7\u00e3o para 2025<\/title>\n<meta name=\"robots\" content=\"index, follow, max-snippet:-1, max-image-preview:large, max-video-preview:-1\" \/>\n<link rel=\"canonical\" href=\"https:\/\/www.gaveanews.com\/index.php\/2024\/12\/09\/cruzeiro-acerta-a-primeira-contratacao-para-2025\/\" \/>\n<meta property=\"og:locale\" content=\"pt_BR\" \/>\n<meta property=\"og:type\" content=\"article\" \/>\n<meta property=\"og:title\" content=\"Cruzeiro acerta a primeira contrata\u00e7\u00e3o para 2025\" \/>\n<meta property=\"og:description\" content=\"Ap\u00f3s um fim de ano melanc\u00f3lico do Cruzeiro, a diretoria est\u00e1 prestes a anunciar o primeiro refor\u00e7o para 2025. Um dia depois de se despedir do Campeonato Brasileiro, a equipe celeste acertou a compra de Christian e pagar\u00e1 mais de 17 milh\u00f5es de reais ao Athletico para contar com o volante na pr\u00f3xima temporada. O [&hellip;]\" \/>\n<meta property=\"og:url\" content=\"https:\/\/www.gaveanews.com\/index.php\/2024\/12\/09\/cruzeiro-acerta-a-primeira-contratacao-para-2025\/\" \/>\n<meta property=\"og:site_name\" content=\"G\u00e1vea News\" \/>\n<meta property=\"article:publisher\" content=\"https:\/\/facebook.com\/gaveaNews\/\" \/>\n<meta property=\"article:published_time\" content=\"2024-12-09T22:05:00+00:00\" \/>\n<meta property=\"og:image\" content=\"https:\/\/www.gaveanews.com\/wp-content\/uploads\/Pedro-Lourenco-Pedrinho.webp\" \/>\n\t<meta property=\"og:image:width\" content=\"984\" \/>\n\t<meta property=\"og:image:height\" content=\"656\" \/>\n\t<meta property=\"og:image:type\" content=\"image\/webp\" \/>\n<meta name=\"author\" content=\"Marco Menezes\" \/>\n<meta name=\"twitter:card\" content=\"summary_large_image\" \/>\n<meta name=\"twitter:label1\" content=\"Escrito por\" \/>\n\t<meta name=\"twitter:data1\" content=\"Marco Menezes\" \/>\n\t<meta name=\"twitter:label2\" content=\"Est. tempo de leitura\" \/>\n\t<meta name=\"twitter:data2\" content=\"3 minutos\" \/>\n<script type=\"application\/ld+json\" class=\"yoast-schema-graph\">{\"@context\":\"https:\/\/schema.org\",\"@graph\":[{\"@type\":\"NewsArticle\",\"@id\":\"https:\/\/www.gaveanews.com\/index.php\/2024\/12\/09\/cruzeiro-acerta-a-primeira-contratacao-para-2025\/#article\",\"isPartOf\":{\"@id\":\"https:\/\/www.gaveanews.com\/index.php\/2024\/12\/09\/cruzeiro-acerta-a-primeira-contratacao-para-2025\/\"},\"author\":{\"name\":\"Marco Menezes\",\"@id\":\"https:\/\/www.gaveanews.com\/#\/schema\/person\/a9f62fe75380c6bada1b2fc49bc23d69\"},\"headline\":\"Cruzeiro acerta a primeira contrata\u00e7\u00e3o para 2025\",\"datePublished\":\"2024-12-09T22:05:00+00:00\",\"mainEntityOfPage\":{\"@id\":\"https:\/\/www.gaveanews.com\/index.php\/2024\/12\/09\/cruzeiro-acerta-a-primeira-contratacao-para-2025\/\"},\"wordCount\":349,\"commentCount\":0,\"image\":{\"@id\":\"https:\/\/www.gaveanews.com\/index.php\/2024\/12\/09\/cruzeiro-acerta-a-primeira-contratacao-para-2025\/#primaryimage\"},\"thumbnailUrl\":\"https:\/\/www.gaveanews.com\/wp-content\/uploads\/Pedro-Lourenco-Pedrinho.webp\",\"articleSection\":[\"Athletico-PR\",\"Cruzeiro\"],\"inLanguage\":\"pt-BR\",\"potentialAction\":[{\"@type\":\"CommentAction\",\"name\":\"Comment\",\"target\":[\"https:\/\/www.gaveanews.com\/index.php\/2024\/12\/09\/cruzeiro-acerta-a-primeira-contratacao-para-2025\/#respond\"]}],\"copyrightYear\":\"2024\",\"copyrightHolder\":{\"@id\":\"https:\/\/www.gaveanews.com\/#organization\"}},{\"@type\":\"WebPage\",\"@id\":\"https:\/\/www.gaveanews.com\/index.php\/2024\/12\/09\/cruzeiro-acerta-a-primeira-contratacao-para-2025\/\",\"url\":\"https:\/\/www.gaveanews.com\/index.php\/2024\/12\/09\/cruzeiro-acerta-a-primeira-contratacao-para-2025\/\",\"name\":\"Cruzeiro acerta a primeira contrata\u00e7\u00e3o para 2025\",\"isPartOf\":{\"@id\":\"https:\/\/www.gaveanews.com\/#website\"},\"primaryImageOfPage\":{\"@id\":\"https:\/\/www.gaveanews.com\/index.php\/2024\/12\/09\/cruzeiro-acerta-a-primeira-contratacao-para-2025\/#primaryimage\"},\"image\":{\"@id\":\"https:\/\/www.gaveanews.com\/index.php\/2024\/12\/09\/cruzeiro-acerta-a-primeira-contratacao-para-2025\/#primaryimage\"},\"thumbnailUrl\":\"https:\/\/www.gaveanews.com\/wp-content\/uploads\/Pedro-Lourenco-Pedrinho.webp\",\"datePublished\":\"2024-12-09T22:05:00+00:00\",\"author\":{\"@id\":\"https:\/\/www.gaveanews.com\/#\/schema\/person\/a9f62fe75380c6bada1b2fc49bc23d69\"},\"breadcrumb\":{\"@id\":\"https:\/\/www.gaveanews.com\/index.php\/2024\/12\/09\/cruzeiro-acerta-a-primeira-contratacao-para-2025\/#breadcrumb\"},\"inLanguage\":\"pt-BR\",\"potentialAction\":[{\"@type\":\"ReadAction\",\"target\":[\"https:\/\/www.gaveanews.com\/index.php\/2024\/12\/09\/cruzeiro-acerta-a-primeira-contratacao-para-2025\/\"]}]},{\"@type\":\"ImageObject\",\"inLanguage\":\"pt-BR\",\"@id\":\"https:\/\/www.gaveanews.com\/index.php\/2024\/12\/09\/cruzeiro-acerta-a-primeira-contratacao-para-2025\/#primaryimage\",\"url\":\"https:\/\/www.gaveanews.com\/wp-content\/uploads\/Pedro-Lourenco-Pedrinho.webp\",\"contentUrl\":\"https:\/\/www.gaveanews.com\/wp-content\/uploads\/Pedro-Lourenco-Pedrinho.webp\",\"width\":984,\"height\":656,\"caption\":\"Pedro Louren\u00e7o (Pedrinho) (Foto: Gustavo Aleixo\/Cruzeiro)\"},{\"@type\":\"BreadcrumbList\",\"@id\":\"https:\/\/www.gaveanews.com\/index.php\/2024\/12\/09\/cruzeiro-acerta-a-primeira-contratacao-para-2025\/#breadcrumb\",\"itemListElement\":[{\"@type\":\"ListItem\",\"position\":1,\"name\":\"Home\",\"item\":\"https:\/\/www.gaveanews.com\/\"},{\"@type\":\"ListItem\",\"position\":2,\"name\":\"Cruzeiro acerta a primeira contrata\u00e7\u00e3o para 2025\"}]},{\"@type\":\"WebSite\",\"@id\":\"https:\/\/www.gaveanews.com\/#website\",\"url\":\"https:\/\/www.gaveanews.com\/\",\"name\":\"G\u00e1vea News\",\"description\":\"Veja todas as not\u00edcias sobre o Flamengo: Contrata\u00e7\u00f5es, categorias de base, resultados das partidas, tabela de classifica\u00e7\u00e3o, pr\u00f3ximos jogos!\",\"potentialAction\":[{\"@type\":\"SearchAction\",\"target\":{\"@type\":\"EntryPoint\",\"urlTemplate\":\"https:\/\/www.gaveanews.com\/?s={search_term_string}\"},\"query-input\":{\"@type\":\"PropertyValueSpecification\",\"valueRequired\":true,\"valueName\":\"search_term_string\"}}],\"inLanguage\":\"pt-BR\"},{\"@type\":\"Person\",\"@id\":\"https:\/\/www.gaveanews.com\/#\/schema\/person\/a9f62fe75380c6bada1b2fc49bc23d69\",\"name\":\"Marco Menezes\",\"image\":{\"@type\":\"ImageObject\",\"inLanguage\":\"pt-BR\",\"@id\":\"https:\/\/www.gaveanews.com\/#\/schema\/person\/image\/\",\"url\":\"https:\/\/secure.gravatar.com\/avatar\/a1d148ae17fc8bfc5dbccffd07979e8bd2c9ba494221779de86ec2c7907b71ec?s=96&d=mm&r=g\",\"contentUrl\":\"https:\/\/secure.gravatar.com\/avatar\/a1d148ae17fc8bfc5dbccffd07979e8bd2c9ba494221779de86ec2c7907b71ec?s=96&d=mm&r=g\",\"caption\":\"Marco Menezes\"}}]}<\/script>\n<!-- \/ Yoast SEO Premium plugin. -->","yoast_head_json":{"title":"Cruzeiro acerta a primeira contrata\u00e7\u00e3o para 2025","robots":{"index":"index","follow":"follow","max-snippet":"max-snippet:-1","max-image-preview":"max-image-preview:large","max-video-preview":"max-video-preview:-1"},"canonical":"https:\/\/www.gaveanews.com\/index.php\/2024\/12\/09\/cruzeiro-acerta-a-primeira-contratacao-para-2025\/","og_locale":"pt_BR","og_type":"article","og_title":"Cruzeiro acerta a primeira contrata\u00e7\u00e3o para 2025","og_description":"Ap\u00f3s um fim de ano melanc\u00f3lico do Cruzeiro, a diretoria est\u00e1 prestes a anunciar o primeiro refor\u00e7o para 2025. Um dia depois de se despedir do Campeonato Brasileiro, a equipe celeste acertou a compra de Christian e pagar\u00e1 mais de 17 milh\u00f5es de reais ao Athletico para contar com o volante na pr\u00f3xima temporada. O [&hellip;]","og_url":"https:\/\/www.gaveanews.com\/index.php\/2024\/12\/09\/cruzeiro-acerta-a-primeira-contratacao-para-2025\/","og_site_name":"G\u00e1vea News","article_publisher":"https:\/\/facebook.com\/gaveaNews\/","article_published_time":"2024-12-09T22:05:00+00:00","og_image":[{"width":984,"height":656,"url":"https:\/\/www.gaveanews.com\/wp-content\/uploads\/Pedro-Lourenco-Pedrinho.webp","type":"image\/webp"}],"author":"Marco Menezes","twitter_card":"summary_large_image","twitter_misc":{"Escrito por":"Marco Menezes","Est. tempo de leitura":"3 minutos"},"schema":{"@context":"https:\/\/schema.org","@graph":[{"@type":"NewsArticle","@id":"https:\/\/www.gaveanews.com\/index.php\/2024\/12\/09\/cruzeiro-acerta-a-primeira-contratacao-para-2025\/#article","isPartOf":{"@id":"https:\/\/www.gaveanews.com\/index.php\/2024\/12\/09\/cruzeiro-acerta-a-primeira-contratacao-para-2025\/"},"author":{"name":"Marco Menezes","@id":"https:\/\/www.gaveanews.com\/#\/schema\/person\/a9f62fe75380c6bada1b2fc49bc23d69"},"headline":"Cruzeiro acerta a primeira contrata\u00e7\u00e3o para 2025","datePublished":"2024-12-09T22:05:00+00:00","mainEntityOfPage":{"@id":"https:\/\/www.gaveanews.com\/index.php\/2024\/12\/09\/cruzeiro-acerta-a-primeira-contratacao-para-2025\/"},"wordCount":349,"commentCount":0,"image":{"@id":"https:\/\/www.gaveanews.com\/index.php\/2024\/12\/09\/cruzeiro-acerta-a-primeira-contratacao-para-2025\/#primaryimage"},"thumbnailUrl":"https:\/\/www.gaveanews.com\/wp-content\/uploads\/Pedro-Lourenco-Pedrinho.webp","articleSection":["Athletico-PR","Cruzeiro"],"inLanguage":"pt-BR","potentialAction":[{"@type":"CommentAction","name":"Comment","target":["https:\/\/www.gaveanews.com\/index.php\/2024\/12\/09\/cruzeiro-acerta-a-primeira-contratacao-para-2025\/#respond"]}],"copyrightYear":"2024","copyrightHolder":{"@id":"https:\/\/www.gaveanews.com\/#organization"}},{"@type":"WebPage","@id":"https:\/\/www.gaveanews.com\/index.php\/2024\/12\/09\/cruzeiro-acerta-a-primeira-contratacao-para-2025\/","url":"https:\/\/www.gaveanews.com\/index.php\/2024\/12\/09\/cruzeiro-acerta-a-primeira-contratacao-para-2025\/","name":"Cruzeiro acerta a primeira contrata\u00e7\u00e3o para 2025","isPartOf":{"@id":"https:\/\/www.gaveanews.com\/#website"},"primaryImageOfPage":{"@id":"https:\/\/www.gaveanews.com\/index.php\/2024\/12\/09\/cruzeiro-acerta-a-primeira-contratacao-para-2025\/#primaryimage"},"image":{"@id":"https:\/\/www.gaveanews.com\/index.php\/2024\/12\/09\/cruzeiro-acerta-a-primeira-contratacao-para-2025\/#primaryimage"},"thumbnailUrl":"https:\/\/www.gaveanews.com\/wp-content\/uploads\/Pedro-Lourenco-Pedrinho.webp","datePublished":"2024-12-09T22:05:00+00:00","author":{"@id":"https:\/\/www.gaveanews.com\/#\/schema\/person\/a9f62fe75380c6bada1b2fc49bc23d69"},"breadcrumb":{"@id":"https:\/\/www.gaveanews.com\/index.php\/2024\/12\/09\/cruzeiro-acerta-a-primeira-contratacao-para-2025\/#breadcrumb"},"inLanguage":"pt-BR","potentialAction":[{"@type":"ReadAction","target":["https:\/\/www.gaveanews.com\/index.php\/2024\/12\/09\/cruzeiro-acerta-a-primeira-contratacao-para-2025\/"]}]},{"@type":"ImageObject","inLanguage":"pt-BR","@id":"https:\/\/www.gaveanews.com\/index.php\/2024\/12\/09\/cruzeiro-acerta-a-primeira-contratacao-para-2025\/#primaryimage","url":"https:\/\/www.gaveanews.com\/wp-content\/uploads\/Pedro-Lourenco-Pedrinho.webp","contentUrl":"https:\/\/www.gaveanews.com\/wp-content\/uploads\/Pedro-Lourenco-Pedrinho.webp","width":984,"height":656,"caption":"Pedro Louren\u00e7o (Pedrinho) (Foto: Gustavo Aleixo\/Cruzeiro)"},{"@type":"BreadcrumbList","@id":"https:\/\/www.gaveanews.com\/index.php\/2024\/12\/09\/cruzeiro-acerta-a-primeira-contratacao-para-2025\/#breadcrumb","itemListElement":[{"@type":"ListItem","position":1,"name":"Home","item":"https:\/\/www.gaveanews.com\/"},{"@type":"ListItem","position":2,"name":"Cruzeiro acerta a primeira contrata\u00e7\u00e3o para 2025"}]},{"@type":"WebSite","@id":"https:\/\/www.gaveanews.com\/#website","url":"https:\/\/www.gaveanews.com\/","name":"G\u00e1vea News","description":"Veja todas as not\u00edcias sobre o Flamengo: Contrata\u00e7\u00f5es, categorias de base, resultados das partidas, tabela de classifica\u00e7\u00e3o, pr\u00f3ximos jogos!","potentialAction":[{"@type":"SearchAction","target":{"@type":"EntryPoint","urlTemplate":"https:\/\/www.gaveanews.com\/?s={search_term_string}"},"query-input":{"@type":"PropertyValueSpecification","valueRequired":true,"valueName":"search_term_string"}}],"inLanguage":"pt-BR"},{"@type":"Person","@id":"https:\/\/www.gaveanews.com\/#\/schema\/person\/a9f62fe75380c6bada1b2fc49bc23d69","name":"Marco Menezes","image":{"@type":"ImageObject","inLanguage":"pt-BR","@id":"https:\/\/www.gaveanews.com\/#\/schema\/person\/image\/","url":"https:\/\/secure.gravatar.com\/avatar\/a1d148ae17fc8bfc5dbccffd07979e8bd2c9ba494221779de86ec2c7907b71ec?s=96&d=mm&r=g","contentUrl":"https:\/\/secure.gravatar.com\/avatar\/a1d148ae17fc8bfc5dbccffd07979e8bd2c9ba494221779de86ec2c7907b71ec?s=96&d=mm&r=g","caption":"Marco Menezes"}}]}},"_links":{"self":[{"href":"https:\/\/www.gaveanews.com\/index.php\/wp-json\/wp\/v2\/posts\/196619","targetHints":{"allow":["GET"]}}],"collection":[{"href":"https:\/\/www.gaveanews.com\/index.php\/wp-json\/wp\/v2\/posts"}],"about":[{"href":"https:\/\/www.gaveanews.com\/index.php\/wp-json\/wp\/v2\/types\/post"}],"author":[{"embeddable":true,"href":"https:\/\/www.gaveanews.com\/index.php\/wp-json\/wp\/v2\/users\/29"}],"replies":[{"embeddable":true,"href":"https:\/\/www.gaveanews.com\/index.php\/wp-json\/wp\/v2\/comments?post=196619"}],"version-history":[{"count":1,"href":"https:\/\/www.gaveanews.com\/index.php\/wp-json\/wp\/v2\/posts\/196619\/revisions"}],"predecessor-version":[{"id":196620,"href":"https:\/\/www.gaveanews.com\/index.php\/wp-json\/wp\/v2\/posts\/196619\/revisions\/196620"}],"wp:featuredmedia":[{"embeddable":true,"href":"https:\/\/www.gaveanews.com\/index.php\/wp-json\/wp\/v2\/media\/175923"}],"wp:attachment":[{"href":"https:\/\/www.gaveanews.com\/index.php\/wp-json\/wp\/v2\/media?parent=196619"}],"wp:term":[{"taxonomy":"category","embeddable":true,"href":"https:\/\/www.gaveanews.com\/index.php\/wp-json\/wp\/v2\/categories?post=196619"},{"taxonomy":"post_tag","embeddable":true,"href":"https:\/\/www.gaveanews.com\/index.php\/wp-json\/wp\/v2\/tags?post=196619"}],"curies":[{"name":"wp","href":"https:\/\/api.w.org\/{rel}","templated":true}]}}