{"id":196654,"date":"2024-12-09T15:05:00","date_gmt":"2024-12-09T18:05:00","guid":{"rendered":"https:\/\/www.gaveanews.com\/?p=196654"},"modified":"2024-12-09T14:55:34","modified_gmt":"2024-12-09T17:55:34","slug":"a-declaracao-de-mbappe-sobre-ma-fase-no-real-madrid","status":"publish","type":"post","link":"https:\/\/www.gaveanews.com\/index.php\/2024\/12\/09\/a-declaracao-de-mbappe-sobre-ma-fase-no-real-madrid\/","title":{"rendered":"A declara\u00e7\u00e3o de Mbapp\u00e9 sobre m\u00e1 fase no Real Madrid"},"content":{"rendered":"\n<p>Mbapp\u00e9, vivendo m\u00e1 fase no Real Madrid, abriu o jogo sobre a press\u00e3o sofrida para viver um bom momento dentro do clube. <\/p>\n\n\n\n<p>Ele prometeu dar uma volta por cima com o elenco merengue e voltar a ser o mesmo que atuava dentro do PSG.<\/p>\n\n\n\n<ul class=\"wp-block-list\">\n<li><a href=\"https:\/\/www.gaveanews.com\/index.php\/2024\/12\/05\/midia-internacional-detona-kylian-mbappe-do-real-madrid\/\">M\u00eddia internacional detona Kylian Mbapp\u00e9, do Real Madrid<\/a><\/li>\n\n\n\n<li><a href=\"https:\/\/www.gaveanews.com\/index.php\/2024\/11\/25\/a-declaracao-de-mbappe-sobre-vini-jr-do-real-madrid\/\">A declara\u00e7\u00e3o de Mbapp\u00e9 sobre Vini Jr, do Real Madrid<\/a><\/li>\n<\/ul>\n\n\n\n<p>&#8220;N\u00e3o foi o melhor come\u00e7o de temporada, mas estamos nos preparando para os trof\u00e9us, que \u00e9 o que vai contar. N\u00e3o estivemos \u00e0 altura de nossas expectativas, mas no Real Madrid esperamos com impaci\u00eancia a segunda parte da temporada. A\u00ed \u00e9 quando seremos julgados. Vou ter sucesso aqui&#8221;<\/p>\n\n\n\n<p>Mbapp\u00e9 tamb\u00e9m disse que permaneceu dentro do PSG para ajudar seu irm\u00e3o a continuar na carreira no futebol:<\/p>\n\n\n\n<p>&#8220;O PSG era o Real Madrid dele. E, indiretamente, eu tirei isso dele. Foi o que mais me afetou. Ele me disse que n\u00e3o queria ficar, que n\u00e3o era normal o que fizeram comigo. Eu disse que se ele queria ficar, eu renovaria (com o PSG) e ficar\u00edamos um tempo. Eu tinha renunciado ao meu sonho do Real Madrid por ele. Ethan \u00e9 meu irm\u00e3o, de que adiantaria assinar com o melhor clube do mundo e acabar com a carreira do seu irm\u00e3o?&#8221;<\/p>\n\n\n\n<p>Mbapp\u00e9 disse que talvez n\u00e3o tenha se comunicado direito com a torcida, mas, revela que continua vendo os jogos do clube, apenas n\u00e3o torce para que eles ganhem a Champions League:<\/p>\n\n\n\n<p>&#8220;No momento, n\u00e3o. Porque sou eu que quero ganhar. No futuro, espero que ganhem porque a torcida tem sofrido muito. Mas n\u00e3o agora, porque sou que tenho que ganh\u00e1-la, e n\u00e3o existem duas Champions&#8221;<\/p>\n\n\n\n<h2 class=\"wp-block-heading\" id=\"h-qual-a-proxima-partida-do-real-madrid\">Qual a pr\u00f3xima partida do Real Madrid?<\/h2>\n\n\n\n<p>O Real Madrid retorna a campo na tarde de amanh\u00e3 (10) para enfrentar a equipe do Atalanta na Champions League.<\/p>\n\n\n\n<p>Depois, o clube merengue ainda enfrenta o Rayo Vallecano pelo campeonato espanhol antes de ir para a Copa Intercontinental de Clubes, no Catar.<\/p>\n\n\n\n<p>O Real Madrid j\u00e1 est\u00e1 na final da competi\u00e7\u00e3o, agora espera o vencedor entre Al Ahly, do Egito, que est\u00e1 na semifinal e vai enfrentar o vencedor entre Pachuca e Botafogo, que jogam na pr\u00f3xima quarta-feira.<\/p>\n","protected":false},"excerpt":{"rendered":"<p>Mbapp\u00e9, vivendo m\u00e1 fase no Real Madrid, abriu o jogo sobre a press\u00e3o sofrida para viver um bom momento dentro do clube. Ele prometeu dar uma volta por cima com o elenco merengue e voltar a ser o mesmo que atuava dentro do PSG. &#8220;N\u00e3o foi o melhor come\u00e7o de temporada, mas estamos nos preparando [&hellip;]<\/p>\n","protected":false},"author":19,"featured_media":158543,"comment_status":"open","ping_status":"closed","sticky":false,"template":"","format":"standard","meta":{"footnotes":""},"categories":[88],"tags":[],"class_list":["post-196654","post","type-post","status-publish","format-standard","has-post-thumbnail","hentry","category-real-madrid"],"yoast_head":"<!-- This site is optimized with the Yoast SEO Premium plugin v24.2 (Yoast SEO v26.9) - https:\/\/yoast.com\/product\/yoast-seo-premium-wordpress\/ -->\n<title>A declara\u00e7\u00e3o de Mbapp\u00e9 sobre m\u00e1 fase no Real Madrid<\/title>\n<meta name=\"robots\" content=\"index, follow, max-snippet:-1, max-image-preview:large, max-video-preview:-1\" \/>\n<link rel=\"canonical\" href=\"https:\/\/www.gaveanews.com\/index.php\/2024\/12\/09\/a-declaracao-de-mbappe-sobre-ma-fase-no-real-madrid\/\" \/>\n<meta property=\"og:locale\" content=\"pt_BR\" \/>\n<meta property=\"og:type\" content=\"article\" \/>\n<meta property=\"og:title\" content=\"A declara\u00e7\u00e3o de Mbapp\u00e9 sobre m\u00e1 fase no Real Madrid\" \/>\n<meta property=\"og:description\" content=\"Mbapp\u00e9, vivendo m\u00e1 fase no Real Madrid, abriu o jogo sobre a press\u00e3o sofrida para viver um bom momento dentro do clube. Ele prometeu dar uma volta por cima com o elenco merengue e voltar a ser o mesmo que atuava dentro do PSG. &#8220;N\u00e3o foi o melhor come\u00e7o de temporada, mas estamos nos preparando [&hellip;]\" \/>\n<meta property=\"og:url\" content=\"https:\/\/www.gaveanews.com\/index.php\/2024\/12\/09\/a-declaracao-de-mbappe-sobre-ma-fase-no-real-madrid\/\" \/>\n<meta property=\"og:site_name\" content=\"G\u00e1vea News\" \/>\n<meta property=\"article:publisher\" content=\"https:\/\/facebook.com\/gaveaNews\/\" \/>\n<meta property=\"article:published_time\" content=\"2024-12-09T18:05:00+00:00\" \/>\n<meta property=\"og:image\" content=\"https:\/\/www.gaveanews.com\/wp-content\/uploads\/Kylian-Mbappe-com-a-camisa-do-Real-Madrid-em-2024.webp\" \/>\n\t<meta property=\"og:image:width\" content=\"1208\" \/>\n\t<meta property=\"og:image:height\" content=\"907\" \/>\n\t<meta property=\"og:image:type\" content=\"image\/webp\" \/>\n<meta name=\"author\" content=\"Bruno Zanchetta\" \/>\n<meta name=\"twitter:card\" content=\"summary_large_image\" \/>\n<meta name=\"twitter:label1\" content=\"Escrito por\" \/>\n\t<meta name=\"twitter:data1\" content=\"Bruno Zanchetta\" \/>\n\t<meta name=\"twitter:label2\" content=\"Est. tempo de leitura\" \/>\n\t<meta name=\"twitter:data2\" content=\"3 minutos\" \/>\n<script type=\"application\/ld+json\" class=\"yoast-schema-graph\">{\"@context\":\"https:\/\/schema.org\",\"@graph\":[{\"@type\":\"NewsArticle\",\"@id\":\"https:\/\/www.gaveanews.com\/index.php\/2024\/12\/09\/a-declaracao-de-mbappe-sobre-ma-fase-no-real-madrid\/#article\",\"isPartOf\":{\"@id\":\"https:\/\/www.gaveanews.com\/index.php\/2024\/12\/09\/a-declaracao-de-mbappe-sobre-ma-fase-no-real-madrid\/\"},\"author\":{\"name\":\"Bruno Zanchetta\",\"@id\":\"https:\/\/www.gaveanews.com\/#\/schema\/person\/32fddefab25b466689f181be346cd98c\"},\"headline\":\"A declara\u00e7\u00e3o de Mbapp\u00e9 sobre m\u00e1 fase no Real Madrid\",\"datePublished\":\"2024-12-09T18:05:00+00:00\",\"mainEntityOfPage\":{\"@id\":\"https:\/\/www.gaveanews.com\/index.php\/2024\/12\/09\/a-declaracao-de-mbappe-sobre-ma-fase-no-real-madrid\/\"},\"wordCount\":392,\"commentCount\":0,\"image\":{\"@id\":\"https:\/\/www.gaveanews.com\/index.php\/2024\/12\/09\/a-declaracao-de-mbappe-sobre-ma-fase-no-real-madrid\/#primaryimage\"},\"thumbnailUrl\":\"https:\/\/www.gaveanews.com\/wp-content\/uploads\/Kylian-Mbappe-com-a-camisa-do-Real-Madrid-em-2024.webp\",\"articleSection\":[\"Real Madrid\"],\"inLanguage\":\"pt-BR\",\"potentialAction\":[{\"@type\":\"CommentAction\",\"name\":\"Comment\",\"target\":[\"https:\/\/www.gaveanews.com\/index.php\/2024\/12\/09\/a-declaracao-de-mbappe-sobre-ma-fase-no-real-madrid\/#respond\"]}],\"copyrightYear\":\"2024\",\"copyrightHolder\":{\"@id\":\"https:\/\/www.gaveanews.com\/#organization\"}},{\"@type\":\"WebPage\",\"@id\":\"https:\/\/www.gaveanews.com\/index.php\/2024\/12\/09\/a-declaracao-de-mbappe-sobre-ma-fase-no-real-madrid\/\",\"url\":\"https:\/\/www.gaveanews.com\/index.php\/2024\/12\/09\/a-declaracao-de-mbappe-sobre-ma-fase-no-real-madrid\/\",\"name\":\"A declara\u00e7\u00e3o de Mbapp\u00e9 sobre m\u00e1 fase no Real Madrid\",\"isPartOf\":{\"@id\":\"https:\/\/www.gaveanews.com\/#website\"},\"primaryImageOfPage\":{\"@id\":\"https:\/\/www.gaveanews.com\/index.php\/2024\/12\/09\/a-declaracao-de-mbappe-sobre-ma-fase-no-real-madrid\/#primaryimage\"},\"image\":{\"@id\":\"https:\/\/www.gaveanews.com\/index.php\/2024\/12\/09\/a-declaracao-de-mbappe-sobre-ma-fase-no-real-madrid\/#primaryimage\"},\"thumbnailUrl\":\"https:\/\/www.gaveanews.com\/wp-content\/uploads\/Kylian-Mbappe-com-a-camisa-do-Real-Madrid-em-2024.webp\",\"datePublished\":\"2024-12-09T18:05:00+00:00\",\"author\":{\"@id\":\"https:\/\/www.gaveanews.com\/#\/schema\/person\/32fddefab25b466689f181be346cd98c\"},\"breadcrumb\":{\"@id\":\"https:\/\/www.gaveanews.com\/index.php\/2024\/12\/09\/a-declaracao-de-mbappe-sobre-ma-fase-no-real-madrid\/#breadcrumb\"},\"inLanguage\":\"pt-BR\",\"potentialAction\":[{\"@type\":\"ReadAction\",\"target\":[\"https:\/\/www.gaveanews.com\/index.php\/2024\/12\/09\/a-declaracao-de-mbappe-sobre-ma-fase-no-real-madrid\/\"]}]},{\"@type\":\"ImageObject\",\"inLanguage\":\"pt-BR\",\"@id\":\"https:\/\/www.gaveanews.com\/index.php\/2024\/12\/09\/a-declaracao-de-mbappe-sobre-ma-fase-no-real-madrid\/#primaryimage\",\"url\":\"https:\/\/www.gaveanews.com\/wp-content\/uploads\/Kylian-Mbappe-com-a-camisa-do-Real-Madrid-em-2024.webp\",\"contentUrl\":\"https:\/\/www.gaveanews.com\/wp-content\/uploads\/Kylian-Mbappe-com-a-camisa-do-Real-Madrid-em-2024.webp\",\"width\":1208,\"height\":907,\"caption\":\"Kylian Mbapp\u00e9 com a camisa do Real Madrid em 2024 (Foto: Reprodu\u00e7\u00e3o\/Real Madrid)\"},{\"@type\":\"BreadcrumbList\",\"@id\":\"https:\/\/www.gaveanews.com\/index.php\/2024\/12\/09\/a-declaracao-de-mbappe-sobre-ma-fase-no-real-madrid\/#breadcrumb\",\"itemListElement\":[{\"@type\":\"ListItem\",\"position\":1,\"name\":\"Home\",\"item\":\"https:\/\/www.gaveanews.com\/\"},{\"@type\":\"ListItem\",\"position\":2,\"name\":\"A declara\u00e7\u00e3o de Mbapp\u00e9 sobre m\u00e1 fase no Real Madrid\"}]},{\"@type\":\"WebSite\",\"@id\":\"https:\/\/www.gaveanews.com\/#website\",\"url\":\"https:\/\/www.gaveanews.com\/\",\"name\":\"G\u00e1vea News\",\"description\":\"Veja todas as not\u00edcias sobre o Flamengo: Contrata\u00e7\u00f5es, categorias de base, resultados das partidas, tabela de classifica\u00e7\u00e3o, pr\u00f3ximos jogos!\",\"potentialAction\":[{\"@type\":\"SearchAction\",\"target\":{\"@type\":\"EntryPoint\",\"urlTemplate\":\"https:\/\/www.gaveanews.com\/?s={search_term_string}\"},\"query-input\":{\"@type\":\"PropertyValueSpecification\",\"valueRequired\":true,\"valueName\":\"search_term_string\"}}],\"inLanguage\":\"pt-BR\"},{\"@type\":\"Person\",\"@id\":\"https:\/\/www.gaveanews.com\/#\/schema\/person\/32fddefab25b466689f181be346cd98c\",\"name\":\"Bruno Zanchetta\",\"image\":{\"@type\":\"ImageObject\",\"inLanguage\":\"pt-BR\",\"@id\":\"https:\/\/www.gaveanews.com\/#\/schema\/person\/image\/\",\"url\":\"https:\/\/secure.gravatar.com\/avatar\/3ba2d39f8a912ad65276975a996d6ad8d9e3dd13448684be8dc4d7c17099d2ee?s=96&d=mm&r=g\",\"contentUrl\":\"https:\/\/secure.gravatar.com\/avatar\/3ba2d39f8a912ad65276975a996d6ad8d9e3dd13448684be8dc4d7c17099d2ee?s=96&d=mm&r=g\",\"caption\":\"Bruno Zanchetta\"}}]}<\/script>\n<!-- \/ Yoast SEO Premium plugin. -->","yoast_head_json":{"title":"A declara\u00e7\u00e3o de Mbapp\u00e9 sobre m\u00e1 fase no Real Madrid","robots":{"index":"index","follow":"follow","max-snippet":"max-snippet:-1","max-image-preview":"max-image-preview:large","max-video-preview":"max-video-preview:-1"},"canonical":"https:\/\/www.gaveanews.com\/index.php\/2024\/12\/09\/a-declaracao-de-mbappe-sobre-ma-fase-no-real-madrid\/","og_locale":"pt_BR","og_type":"article","og_title":"A declara\u00e7\u00e3o de Mbapp\u00e9 sobre m\u00e1 fase no Real Madrid","og_description":"Mbapp\u00e9, vivendo m\u00e1 fase no Real Madrid, abriu o jogo sobre a press\u00e3o sofrida para viver um bom momento dentro do clube. Ele prometeu dar uma volta por cima com o elenco merengue e voltar a ser o mesmo que atuava dentro do PSG. &#8220;N\u00e3o foi o melhor come\u00e7o de temporada, mas estamos nos preparando [&hellip;]","og_url":"https:\/\/www.gaveanews.com\/index.php\/2024\/12\/09\/a-declaracao-de-mbappe-sobre-ma-fase-no-real-madrid\/","og_site_name":"G\u00e1vea News","article_publisher":"https:\/\/facebook.com\/gaveaNews\/","article_published_time":"2024-12-09T18:05:00+00:00","og_image":[{"width":1208,"height":907,"url":"https:\/\/www.gaveanews.com\/wp-content\/uploads\/Kylian-Mbappe-com-a-camisa-do-Real-Madrid-em-2024.webp","type":"image\/webp"}],"author":"Bruno Zanchetta","twitter_card":"summary_large_image","twitter_misc":{"Escrito por":"Bruno Zanchetta","Est. tempo de leitura":"3 minutos"},"schema":{"@context":"https:\/\/schema.org","@graph":[{"@type":"NewsArticle","@id":"https:\/\/www.gaveanews.com\/index.php\/2024\/12\/09\/a-declaracao-de-mbappe-sobre-ma-fase-no-real-madrid\/#article","isPartOf":{"@id":"https:\/\/www.gaveanews.com\/index.php\/2024\/12\/09\/a-declaracao-de-mbappe-sobre-ma-fase-no-real-madrid\/"},"author":{"name":"Bruno Zanchetta","@id":"https:\/\/www.gaveanews.com\/#\/schema\/person\/32fddefab25b466689f181be346cd98c"},"headline":"A declara\u00e7\u00e3o de Mbapp\u00e9 sobre m\u00e1 fase no Real Madrid","datePublished":"2024-12-09T18:05:00+00:00","mainEntityOfPage":{"@id":"https:\/\/www.gaveanews.com\/index.php\/2024\/12\/09\/a-declaracao-de-mbappe-sobre-ma-fase-no-real-madrid\/"},"wordCount":392,"commentCount":0,"image":{"@id":"https:\/\/www.gaveanews.com\/index.php\/2024\/12\/09\/a-declaracao-de-mbappe-sobre-ma-fase-no-real-madrid\/#primaryimage"},"thumbnailUrl":"https:\/\/www.gaveanews.com\/wp-content\/uploads\/Kylian-Mbappe-com-a-camisa-do-Real-Madrid-em-2024.webp","articleSection":["Real Madrid"],"inLanguage":"pt-BR","potentialAction":[{"@type":"CommentAction","name":"Comment","target":["https:\/\/www.gaveanews.com\/index.php\/2024\/12\/09\/a-declaracao-de-mbappe-sobre-ma-fase-no-real-madrid\/#respond"]}],"copyrightYear":"2024","copyrightHolder":{"@id":"https:\/\/www.gaveanews.com\/#organization"}},{"@type":"WebPage","@id":"https:\/\/www.gaveanews.com\/index.php\/2024\/12\/09\/a-declaracao-de-mbappe-sobre-ma-fase-no-real-madrid\/","url":"https:\/\/www.gaveanews.com\/index.php\/2024\/12\/09\/a-declaracao-de-mbappe-sobre-ma-fase-no-real-madrid\/","name":"A declara\u00e7\u00e3o de Mbapp\u00e9 sobre m\u00e1 fase no Real Madrid","isPartOf":{"@id":"https:\/\/www.gaveanews.com\/#website"},"primaryImageOfPage":{"@id":"https:\/\/www.gaveanews.com\/index.php\/2024\/12\/09\/a-declaracao-de-mbappe-sobre-ma-fase-no-real-madrid\/#primaryimage"},"image":{"@id":"https:\/\/www.gaveanews.com\/index.php\/2024\/12\/09\/a-declaracao-de-mbappe-sobre-ma-fase-no-real-madrid\/#primaryimage"},"thumbnailUrl":"https:\/\/www.gaveanews.com\/wp-content\/uploads\/Kylian-Mbappe-com-a-camisa-do-Real-Madrid-em-2024.webp","datePublished":"2024-12-09T18:05:00+00:00","author":{"@id":"https:\/\/www.gaveanews.com\/#\/schema\/person\/32fddefab25b466689f181be346cd98c"},"breadcrumb":{"@id":"https:\/\/www.gaveanews.com\/index.php\/2024\/12\/09\/a-declaracao-de-mbappe-sobre-ma-fase-no-real-madrid\/#breadcrumb"},"inLanguage":"pt-BR","potentialAction":[{"@type":"ReadAction","target":["https:\/\/www.gaveanews.com\/index.php\/2024\/12\/09\/a-declaracao-de-mbappe-sobre-ma-fase-no-real-madrid\/"]}]},{"@type":"ImageObject","inLanguage":"pt-BR","@id":"https:\/\/www.gaveanews.com\/index.php\/2024\/12\/09\/a-declaracao-de-mbappe-sobre-ma-fase-no-real-madrid\/#primaryimage","url":"https:\/\/www.gaveanews.com\/wp-content\/uploads\/Kylian-Mbappe-com-a-camisa-do-Real-Madrid-em-2024.webp","contentUrl":"https:\/\/www.gaveanews.com\/wp-content\/uploads\/Kylian-Mbappe-com-a-camisa-do-Real-Madrid-em-2024.webp","width":1208,"height":907,"caption":"Kylian Mbapp\u00e9 com a camisa do Real Madrid em 2024 (Foto: Reprodu\u00e7\u00e3o\/Real Madrid)"},{"@type":"BreadcrumbList","@id":"https:\/\/www.gaveanews.com\/index.php\/2024\/12\/09\/a-declaracao-de-mbappe-sobre-ma-fase-no-real-madrid\/#breadcrumb","itemListElement":[{"@type":"ListItem","position":1,"name":"Home","item":"https:\/\/www.gaveanews.com\/"},{"@type":"ListItem","position":2,"name":"A declara\u00e7\u00e3o de Mbapp\u00e9 sobre m\u00e1 fase no Real Madrid"}]},{"@type":"WebSite","@id":"https:\/\/www.gaveanews.com\/#website","url":"https:\/\/www.gaveanews.com\/","name":"G\u00e1vea News","description":"Veja todas as not\u00edcias sobre o Flamengo: Contrata\u00e7\u00f5es, categorias de base, resultados das partidas, tabela de classifica\u00e7\u00e3o, pr\u00f3ximos jogos!","potentialAction":[{"@type":"SearchAction","target":{"@type":"EntryPoint","urlTemplate":"https:\/\/www.gaveanews.com\/?s={search_term_string}"},"query-input":{"@type":"PropertyValueSpecification","valueRequired":true,"valueName":"search_term_string"}}],"inLanguage":"pt-BR"},{"@type":"Person","@id":"https:\/\/www.gaveanews.com\/#\/schema\/person\/32fddefab25b466689f181be346cd98c","name":"Bruno Zanchetta","image":{"@type":"ImageObject","inLanguage":"pt-BR","@id":"https:\/\/www.gaveanews.com\/#\/schema\/person\/image\/","url":"https:\/\/secure.gravatar.com\/avatar\/3ba2d39f8a912ad65276975a996d6ad8d9e3dd13448684be8dc4d7c17099d2ee?s=96&d=mm&r=g","contentUrl":"https:\/\/secure.gravatar.com\/avatar\/3ba2d39f8a912ad65276975a996d6ad8d9e3dd13448684be8dc4d7c17099d2ee?s=96&d=mm&r=g","caption":"Bruno Zanchetta"}}]}},"_links":{"self":[{"href":"https:\/\/www.gaveanews.com\/index.php\/wp-json\/wp\/v2\/posts\/196654","targetHints":{"allow":["GET"]}}],"collection":[{"href":"https:\/\/www.gaveanews.com\/index.php\/wp-json\/wp\/v2\/posts"}],"about":[{"href":"https:\/\/www.gaveanews.com\/index.php\/wp-json\/wp\/v2\/types\/post"}],"author":[{"embeddable":true,"href":"https:\/\/www.gaveanews.com\/index.php\/wp-json\/wp\/v2\/users\/19"}],"replies":[{"embeddable":true,"href":"https:\/\/www.gaveanews.com\/index.php\/wp-json\/wp\/v2\/comments?post=196654"}],"version-history":[{"count":1,"href":"https:\/\/www.gaveanews.com\/index.php\/wp-json\/wp\/v2\/posts\/196654\/revisions"}],"predecessor-version":[{"id":196660,"href":"https:\/\/www.gaveanews.com\/index.php\/wp-json\/wp\/v2\/posts\/196654\/revisions\/196660"}],"wp:featuredmedia":[{"embeddable":true,"href":"https:\/\/www.gaveanews.com\/index.php\/wp-json\/wp\/v2\/media\/158543"}],"wp:attachment":[{"href":"https:\/\/www.gaveanews.com\/index.php\/wp-json\/wp\/v2\/media?parent=196654"}],"wp:term":[{"taxonomy":"category","embeddable":true,"href":"https:\/\/www.gaveanews.com\/index.php\/wp-json\/wp\/v2\/categories?post=196654"},{"taxonomy":"post_tag","embeddable":true,"href":"https:\/\/www.gaveanews.com\/index.php\/wp-json\/wp\/v2\/tags?post=196654"}],"curies":[{"name":"wp","href":"https:\/\/api.w.org\/{rel}","templated":true}]}}