{"id":196728,"date":"2024-12-10T15:40:00","date_gmt":"2024-12-10T18:40:00","guid":{"rendered":"https:\/\/www.gaveanews.com\/?p=196728"},"modified":"2024-12-10T15:00:11","modified_gmt":"2024-12-10T18:00:11","slug":"veja-quais-jogadores-ganharam-o-premio-bola-de-prata","status":"publish","type":"post","link":"https:\/\/www.gaveanews.com\/index.php\/2024\/12\/10\/veja-quais-jogadores-ganharam-o-premio-bola-de-prata\/","title":{"rendered":"Veja quais jogadores ganharam o Pr\u00eamio Bola de Prata"},"content":{"rendered":"\n<h2 class=\"wp-block-heading\" id=\"h-veja-a-selecao-bola-de-prata-2024-do-brasileirao\">Veja a sele\u00e7\u00e3o Bola de Prata 2024 do Brasileir\u00e3o\u00a0<\/h2>\n\n\n\n<p>O atacante Est\u00eav\u00e3o, do Palmeiras, foi o principal destaque da premia\u00e7\u00e3o Bola de Prata da ESPN, realizada nesta segunda-feira, dia 9. O jovem de 17 anos foi eleito o craque do Brasileir\u00e3o, al\u00e9m de ser reconhecido como revela\u00e7\u00e3o e integrado ao time ideal do campeonato. O Botafogo, que se consagrou campe\u00e3o, dominou a sele\u00e7\u00e3o do torneio, com seis representantes. No setor feminino, o Corinthians foi o grande vencedor, incluindo Vic Albuquerque como a melhor jogadora.<\/p>\n\n\n\n<ul class=\"wp-block-list\">\n<li><a href=\"https:\/\/www.gaveanews.com\/index.php\/2024\/12\/09\/video-luiz-henrique-do-botafogo-provoca-o-flamengo\/\">V\u00eddeo: Luiz Henrique, do Botafogo, provoca o Flamengo<\/a><\/li>\n\n\n\n<li><a href=\"https:\/\/www.gaveanews.com\/index.php\/2024\/12\/09\/a-reacao-de-leila-pereira-apos-derrota-do-palmeiras-para-o-fluminense\/\">A rea\u00e7\u00e3o de Leila Pereira ap\u00f3s derrota do Palmeiras para o Fluminense<br><\/a><\/li>\n<\/ul>\n\n\n\n<p>Na categoria de melhor treinador do Brasileir\u00e3o feminino, Lucas Piccinato, do Corinthians, levou o pr\u00eamio, competindo com Camila Orlando, do Palmeiras, e Thiago Viana, do S\u00e3o Paulo. No futebol masculino, Artur Jorge, que conquistou a Libertadores e o Brasileir\u00e3o pelo Botafogo, superou Abel Ferreira, do Palmeiras, e Roger Machado, do Internacional.<\/p>\n\n\n\n<p>O ataque do time feminino foi composto pela palmeirense Amanda Gutierrez e pela corintiana Gabi Portilho, al\u00e9m da cruzeirense Byanca Brasil. No ataque masculino, Luiz Henrique, do Botafogo, e Est\u00eav\u00e3o, do Palmeiras, superaram o flamenguista Pedro, que competiu mesmo estando lesionado desde setembro.<\/p>\n\n\n\n<figure class=\"wp-block-image size-large\"><img loading=\"lazy\" decoding=\"async\" width=\"1024\" height=\"640\" src=\"https:\/\/www.gaveanews.com\/wp-content\/uploads\/Luiz-Henrique-Botafogo-1024x640.webp\" alt=\"\" class=\"wp-image-168200\" srcset=\"https:\/\/www.gaveanews.com\/wp-content\/uploads\/Luiz-Henrique-Botafogo-1024x640.webp 1024w, https:\/\/www.gaveanews.com\/wp-content\/uploads\/Luiz-Henrique-Botafogo-300x188.webp 300w, https:\/\/www.gaveanews.com\/wp-content\/uploads\/Luiz-Henrique-Botafogo-768x480.webp 768w, https:\/\/www.gaveanews.com\/wp-content\/uploads\/Luiz-Henrique-Botafogo-672x420.webp 672w, https:\/\/www.gaveanews.com\/wp-content\/uploads\/Luiz-Henrique-Botafogo-640x400.webp 640w, https:\/\/www.gaveanews.com\/wp-content\/uploads\/Luiz-Henrique-Botafogo-681x426.webp 681w, https:\/\/www.gaveanews.com\/wp-content\/uploads\/Luiz-Henrique-Botafogo-100x63.webp 100w, https:\/\/www.gaveanews.com\/wp-content\/uploads\/Luiz-Henrique-Botafogo.webp 1200w\" sizes=\"auto, (max-width: 1024px) 100vw, 1024px\" \/><figcaption class=\"wp-element-caption\">Luiz Henrique, jogador Botafogo (Foto: Vitor Silva\/Botafogo)<\/figcaption><\/figure>\n\n\n\n<p>Duda Sampaio (Corinthians), Micaelly (Ferrovi\u00e1ria) e Vic Albuquerque (Corinthians) foram as escolhidas para o meio de campo. Fab\u00edola Sandoval, jogadora do Cruzeiro, tamb\u00e9m participou do concurso. Alan Patrick (Internacional), Rodrigo Garro (Corinthians) e Savarino (Botafogo) foram os vencedores entre os homens, sendo este \u00faltimo o primeiro venezuelano a receber o pr\u00eamio em uma edi\u00e7\u00e3o da Bola de Prata. Matheus Pereira, do Cruzeiro, era o quarto competidor ao pr\u00eamio.<\/p>\n\n\n\n<p>Os trof\u00e9us de melhor goleira e goleiro foram entregues a John, do Botafogo, e a Carlinha, do S\u00e3o Paulo, respectivamente. Luana Sart\u00f3rio, da Ferrovi\u00e1ria, e Daniela Arias, do Corinthians, que derrotaram a rival cruzeirense Vit\u00f3ria Calhau. Os defensores do time masculino foram Gustavo G\u00f3mez, do Palmeiras, e Bastos Quissanga, do Botafogo, que contou com o seu colega Alexander Barboza entre os competidores.<\/p>\n\n\n\n<p>William, do Cruzeiro, e Kati, da Ferrovi\u00e1ria, foram os vencedores na lateral-direita. Bernabei, do Internacional, e Tamires, do Corinthians, foram os selecionados para a posi\u00e7\u00e3o. Vitoria Yaya, volante do Botafogo, tamb\u00e9m foi escolhida para o time do Parque S\u00e3o Jorge, enquanto Marlon Freitas, capit\u00e3o do Botafogo, foi convocado.<\/p>\n\n\n\n<p>O gol mais bonito do Brasileir\u00e3o foi concedido ao atacante Alerrando, do Vit\u00f3ria. Juntamente com Yuri Alberto, ele foi premiado pela pintura de bicicleta no empate de 2 a 2 contra o Cruzeiro. A vencedora da edi\u00e7\u00e3o feminina foi Bia Menezes, do S\u00e3o Paulo.<\/p>\n\n\n\n<h2 class=\"wp-block-heading\">Veja a sele\u00e7\u00e3o da Bola de Prata<\/h2>\n\n\n\n<p><strong>Melhores atacantes<\/strong><\/p>\n\n\n\n<ul class=\"wp-block-list\">\n<li>Fem: Amanda Gutierres (Palmeiras &#8211; n\u00e3o compareceu), Gabi Portilho (Corinthians)<\/li>\n\n\n\n<li>Mas: Estev\u00e3o (Palmeiras) Luiz Henrique (Botafogo &#8211; n\u00e3o compareceu)<\/li>\n<\/ul>\n\n\n\n<p><strong>Melhores meias<\/strong><\/p>\n\n\n\n<ul class=\"wp-block-list\">\n<li>Fem: Duda Sampaio (Corinthians), Micaelly (Ferrovi\u00e1ria), Vic Albuquerque (Corinthians)<\/li>\n\n\n\n<li>Mas: Rodrigo Garro (Corinthians), Savarino (Botafogo), Alan Patrick (Internacional)<\/li>\n<\/ul>\n\n\n\n<p><strong>Melhores volantes<\/strong><\/p>\n\n\n\n<ul class=\"wp-block-list\">\n<li>Fem: Vit\u00f3ria Yaya (S\u00e3o Paulo)<\/li>\n\n\n\n<li>Mas: Marlon Freitas (Botafogo)<\/li>\n<\/ul>\n\n\n\n<p><strong>Melhores Laterais<\/strong><\/p>\n\n\n\n<ul class=\"wp-block-list\">\n<li>Fem: Kati Fernandes (Ferrovi\u00e1ria) e Tamires (Corinthians)<\/li>\n\n\n\n<li>Mas: William (Cruzeiro) e Alexandro Bernabei (Internacioal)<\/li>\n<\/ul>\n\n\n\n<p><strong>Melhores zagueiros<\/strong><\/p>\n\n\n\n<ul class=\"wp-block-list\">\n<li>Fem: Luana Sart\u00f3rio (Araraquara) e Dani Arias (Corinthians)<\/li>\n\n\n\n<li>Mas: Bastos (Botafogo) e Gustavo G\u00f3mez (Palmeiras)<\/li>\n<\/ul>\n\n\n\n<p><strong>Melhores goleiros<\/strong><\/p>\n\n\n\n<ul class=\"wp-block-list\">\n<li>Fem:\u00a0Carla Maria da Silva (S\u00e3o Paulo)<\/li>\n\n\n\n<li>Mas: John\u00a0Victor Maciel Furtado (Botafogo)<\/li>\n<\/ul>\n\n\n\n<p><strong>Revela\u00e7\u00e3o<\/strong><\/p>\n\n\n\n<ul class=\"wp-block-list\">\n<li>Fem: Let\u00edcia Monteiro (Internacional)<\/li>\n\n\n\n<li>Mas: Est\u00eav\u00e3o (Palmeiras)<\/li>\n<\/ul>\n\n\n\n<p><strong>Artilheiros<\/strong><\/p>\n\n\n\n<ul class=\"wp-block-list\">\n<li>Amanda Gutierres (Palmeiras)<\/li>\n\n\n\n<li>Yuri Alberto (Corinthians) e Alerrandro (Vit\u00f3ria)<\/li>\n<\/ul>\n\n\n\n<p><strong>Gol mais bonito<\/strong><\/p>\n\n\n\n<ul class=\"wp-block-list\">\n<li>Fem: Bia Menezes (S\u00e3o Paulo)<\/li>\n\n\n\n<li>Mas: Alerrandro (Vit\u00f3ria)<\/li>\n<\/ul>\n\n\n\n<p><strong>Trof\u00e9u Tel\u00ea Santana (Treinador)<\/strong><\/p>\n\n\n\n<ul class=\"wp-block-list\">\n<li>Fem: Lucas Piccinato, do Corinthians<\/li>\n\n\n\n<li>Mas: Arthur Jorge, do Botafogo<\/li>\n<\/ul>\n\n\n\n<p><\/p>\n","protected":false},"excerpt":{"rendered":"<p>Veja a sele\u00e7\u00e3o Bola de Prata 2024 do Brasileir\u00e3o\u00a0 O atacante Est\u00eav\u00e3o, do Palmeiras, foi o principal destaque da premia\u00e7\u00e3o Bola de Prata da ESPN, realizada nesta segunda-feira, dia 9. O jovem de 17 anos foi eleito o craque do Brasileir\u00e3o, al\u00e9m de ser reconhecido como revela\u00e7\u00e3o e integrado ao time ideal do campeonato. O [&hellip;]<\/p>\n","protected":false},"author":16,"featured_media":141974,"comment_status":"open","ping_status":"closed","sticky":false,"template":"","format":"standard","meta":{"footnotes":""},"categories":[138,141,143,148,150,151,153],"tags":[],"class_list":["post-196728","post","type-post","status-publish","format-standard","has-post-thumbnail","hentry","category-botafogo","category-corinthians","category-cruzeiro","category-internacional","category-palmeiras","category-sao-paulo","category-vitoria"],"yoast_head":"<!-- This site is optimized with the Yoast SEO Premium plugin v24.2 (Yoast SEO v26.9) - https:\/\/yoast.com\/product\/yoast-seo-premium-wordpress\/ -->\n<title>Veja quais jogadores ganharam o Pr\u00eamio Bola de Prata<\/title>\n<meta name=\"robots\" content=\"index, follow, max-snippet:-1, max-image-preview:large, max-video-preview:-1\" \/>\n<link rel=\"canonical\" href=\"https:\/\/www.gaveanews.com\/index.php\/2024\/12\/10\/veja-quais-jogadores-ganharam-o-premio-bola-de-prata\/\" \/>\n<meta property=\"og:locale\" content=\"pt_BR\" \/>\n<meta property=\"og:type\" content=\"article\" \/>\n<meta property=\"og:title\" content=\"Veja quais jogadores ganharam o Pr\u00eamio Bola de Prata\" \/>\n<meta property=\"og:description\" content=\"Veja a sele\u00e7\u00e3o Bola de Prata 2024 do Brasileir\u00e3o\u00a0 O atacante Est\u00eav\u00e3o, do Palmeiras, foi o principal destaque da premia\u00e7\u00e3o Bola de Prata da ESPN, realizada nesta segunda-feira, dia 9. O jovem de 17 anos foi eleito o craque do Brasileir\u00e3o, al\u00e9m de ser reconhecido como revela\u00e7\u00e3o e integrado ao time ideal do campeonato. O [&hellip;]\" \/>\n<meta property=\"og:url\" content=\"https:\/\/www.gaveanews.com\/index.php\/2024\/12\/10\/veja-quais-jogadores-ganharam-o-premio-bola-de-prata\/\" \/>\n<meta property=\"og:site_name\" content=\"G\u00e1vea News\" \/>\n<meta property=\"article:publisher\" content=\"https:\/\/facebook.com\/gaveaNews\/\" \/>\n<meta property=\"article:published_time\" content=\"2024-12-10T18:40:00+00:00\" \/>\n<meta property=\"og:image\" content=\"https:\/\/www.gaveanews.com\/wp-content\/uploads\/O-jogador-Estevao-da-SE-Palmeiras-comemora-seu-contra-a-equipe-do-Botafogo-FC-durante-partida-valida-pela-terceira-fase-da-Copa-do-Brasil-na-arena-Allianz-Parque-1024x576-1.webp\" \/>\n\t<meta property=\"og:image:width\" content=\"1024\" \/>\n\t<meta property=\"og:image:height\" content=\"576\" \/>\n\t<meta property=\"og:image:type\" content=\"image\/webp\" \/>\n<meta name=\"author\" content=\"D\u00e9bora Figueiredo\" \/>\n<meta name=\"twitter:card\" content=\"summary_large_image\" \/>\n<meta name=\"twitter:label1\" content=\"Escrito por\" \/>\n\t<meta name=\"twitter:data1\" content=\"D\u00e9bora Figueiredo\" \/>\n\t<meta name=\"twitter:label2\" content=\"Est. tempo de leitura\" \/>\n\t<meta name=\"twitter:data2\" content=\"4 minutos\" \/>\n<script type=\"application\/ld+json\" class=\"yoast-schema-graph\">{\"@context\":\"https:\/\/schema.org\",\"@graph\":[{\"@type\":\"NewsArticle\",\"@id\":\"https:\/\/www.gaveanews.com\/index.php\/2024\/12\/10\/veja-quais-jogadores-ganharam-o-premio-bola-de-prata\/#article\",\"isPartOf\":{\"@id\":\"https:\/\/www.gaveanews.com\/index.php\/2024\/12\/10\/veja-quais-jogadores-ganharam-o-premio-bola-de-prata\/\"},\"author\":{\"name\":\"D\u00e9bora Figueiredo\",\"@id\":\"https:\/\/www.gaveanews.com\/#\/schema\/person\/37122681a8575a5c8db05a56f099a5e4\"},\"headline\":\"Veja quais jogadores ganharam o Pr\u00eamio Bola de Prata\",\"datePublished\":\"2024-12-10T18:40:00+00:00\",\"mainEntityOfPage\":{\"@id\":\"https:\/\/www.gaveanews.com\/index.php\/2024\/12\/10\/veja-quais-jogadores-ganharam-o-premio-bola-de-prata\/\"},\"wordCount\":643,\"commentCount\":0,\"image\":{\"@id\":\"https:\/\/www.gaveanews.com\/index.php\/2024\/12\/10\/veja-quais-jogadores-ganharam-o-premio-bola-de-prata\/#primaryimage\"},\"thumbnailUrl\":\"https:\/\/www.gaveanews.com\/wp-content\/uploads\/O-jogador-Estevao-da-SE-Palmeiras-comemora-seu-contra-a-equipe-do-Botafogo-FC-durante-partida-valida-pela-terceira-fase-da-Copa-do-Brasil-na-arena-Allianz-Parque-1024x576-1.webp\",\"articleSection\":[\"Botafogo\",\"Corinthians\",\"Cruzeiro\",\"Internacional\",\"Palmeiras\",\"S\u00e3o Paulo\",\"Vit\u00f3ria\"],\"inLanguage\":\"pt-BR\",\"potentialAction\":[{\"@type\":\"CommentAction\",\"name\":\"Comment\",\"target\":[\"https:\/\/www.gaveanews.com\/index.php\/2024\/12\/10\/veja-quais-jogadores-ganharam-o-premio-bola-de-prata\/#respond\"]}],\"copyrightYear\":\"2024\",\"copyrightHolder\":{\"@id\":\"https:\/\/www.gaveanews.com\/#organization\"}},{\"@type\":\"WebPage\",\"@id\":\"https:\/\/www.gaveanews.com\/index.php\/2024\/12\/10\/veja-quais-jogadores-ganharam-o-premio-bola-de-prata\/\",\"url\":\"https:\/\/www.gaveanews.com\/index.php\/2024\/12\/10\/veja-quais-jogadores-ganharam-o-premio-bola-de-prata\/\",\"name\":\"Veja quais jogadores ganharam o Pr\u00eamio Bola de Prata\",\"isPartOf\":{\"@id\":\"https:\/\/www.gaveanews.com\/#website\"},\"primaryImageOfPage\":{\"@id\":\"https:\/\/www.gaveanews.com\/index.php\/2024\/12\/10\/veja-quais-jogadores-ganharam-o-premio-bola-de-prata\/#primaryimage\"},\"image\":{\"@id\":\"https:\/\/www.gaveanews.com\/index.php\/2024\/12\/10\/veja-quais-jogadores-ganharam-o-premio-bola-de-prata\/#primaryimage\"},\"thumbnailUrl\":\"https:\/\/www.gaveanews.com\/wp-content\/uploads\/O-jogador-Estevao-da-SE-Palmeiras-comemora-seu-contra-a-equipe-do-Botafogo-FC-durante-partida-valida-pela-terceira-fase-da-Copa-do-Brasil-na-arena-Allianz-Parque-1024x576-1.webp\",\"datePublished\":\"2024-12-10T18:40:00+00:00\",\"author\":{\"@id\":\"https:\/\/www.gaveanews.com\/#\/schema\/person\/37122681a8575a5c8db05a56f099a5e4\"},\"breadcrumb\":{\"@id\":\"https:\/\/www.gaveanews.com\/index.php\/2024\/12\/10\/veja-quais-jogadores-ganharam-o-premio-bola-de-prata\/#breadcrumb\"},\"inLanguage\":\"pt-BR\",\"potentialAction\":[{\"@type\":\"ReadAction\",\"target\":[\"https:\/\/www.gaveanews.com\/index.php\/2024\/12\/10\/veja-quais-jogadores-ganharam-o-premio-bola-de-prata\/\"]}]},{\"@type\":\"ImageObject\",\"inLanguage\":\"pt-BR\",\"@id\":\"https:\/\/www.gaveanews.com\/index.php\/2024\/12\/10\/veja-quais-jogadores-ganharam-o-premio-bola-de-prata\/#primaryimage\",\"url\":\"https:\/\/www.gaveanews.com\/wp-content\/uploads\/O-jogador-Estevao-da-SE-Palmeiras-comemora-seu-contra-a-equipe-do-Botafogo-FC-durante-partida-valida-pela-terceira-fase-da-Copa-do-Brasil-na-arena-Allianz-Parque-1024x576-1.webp\",\"contentUrl\":\"https:\/\/www.gaveanews.com\/wp-content\/uploads\/O-jogador-Estevao-da-SE-Palmeiras-comemora-seu-contra-a-equipe-do-Botafogo-FC-durante-partida-valida-pela-terceira-fase-da-Copa-do-Brasil-na-arena-Allianz-Parque-1024x576-1.webp\",\"width\":1024,\"height\":576,\"caption\":\"O jogador Est\u00eav\u00e3o - Foto: Cesar Greco\/Palmeiras\/by Canon\"},{\"@type\":\"BreadcrumbList\",\"@id\":\"https:\/\/www.gaveanews.com\/index.php\/2024\/12\/10\/veja-quais-jogadores-ganharam-o-premio-bola-de-prata\/#breadcrumb\",\"itemListElement\":[{\"@type\":\"ListItem\",\"position\":1,\"name\":\"Home\",\"item\":\"https:\/\/www.gaveanews.com\/\"},{\"@type\":\"ListItem\",\"position\":2,\"name\":\"Veja quais jogadores ganharam o Pr\u00eamio Bola de Prata\"}]},{\"@type\":\"WebSite\",\"@id\":\"https:\/\/www.gaveanews.com\/#website\",\"url\":\"https:\/\/www.gaveanews.com\/\",\"name\":\"G\u00e1vea News\",\"description\":\"Veja todas as not\u00edcias sobre o Flamengo: Contrata\u00e7\u00f5es, categorias de base, resultados das partidas, tabela de classifica\u00e7\u00e3o, pr\u00f3ximos jogos!\",\"potentialAction\":[{\"@type\":\"SearchAction\",\"target\":{\"@type\":\"EntryPoint\",\"urlTemplate\":\"https:\/\/www.gaveanews.com\/?s={search_term_string}\"},\"query-input\":{\"@type\":\"PropertyValueSpecification\",\"valueRequired\":true,\"valueName\":\"search_term_string\"}}],\"inLanguage\":\"pt-BR\"},{\"@type\":\"Person\",\"@id\":\"https:\/\/www.gaveanews.com\/#\/schema\/person\/37122681a8575a5c8db05a56f099a5e4\",\"name\":\"D\u00e9bora Figueiredo\",\"image\":{\"@type\":\"ImageObject\",\"inLanguage\":\"pt-BR\",\"@id\":\"https:\/\/www.gaveanews.com\/#\/schema\/person\/image\/\",\"url\":\"https:\/\/secure.gravatar.com\/avatar\/1f44802859351588499d26f52aed1d15796ce17e67602895b72837c08018868d?s=96&d=mm&r=g\",\"contentUrl\":\"https:\/\/secure.gravatar.com\/avatar\/1f44802859351588499d26f52aed1d15796ce17e67602895b72837c08018868d?s=96&d=mm&r=g\",\"caption\":\"D\u00e9bora Figueiredo\"}}]}<\/script>\n<!-- \/ Yoast SEO Premium plugin. -->","yoast_head_json":{"title":"Veja quais jogadores ganharam o Pr\u00eamio Bola de Prata","robots":{"index":"index","follow":"follow","max-snippet":"max-snippet:-1","max-image-preview":"max-image-preview:large","max-video-preview":"max-video-preview:-1"},"canonical":"https:\/\/www.gaveanews.com\/index.php\/2024\/12\/10\/veja-quais-jogadores-ganharam-o-premio-bola-de-prata\/","og_locale":"pt_BR","og_type":"article","og_title":"Veja quais jogadores ganharam o Pr\u00eamio Bola de Prata","og_description":"Veja a sele\u00e7\u00e3o Bola de Prata 2024 do Brasileir\u00e3o\u00a0 O atacante Est\u00eav\u00e3o, do Palmeiras, foi o principal destaque da premia\u00e7\u00e3o Bola de Prata da ESPN, realizada nesta segunda-feira, dia 9. O jovem de 17 anos foi eleito o craque do Brasileir\u00e3o, al\u00e9m de ser reconhecido como revela\u00e7\u00e3o e integrado ao time ideal do campeonato. O [&hellip;]","og_url":"https:\/\/www.gaveanews.com\/index.php\/2024\/12\/10\/veja-quais-jogadores-ganharam-o-premio-bola-de-prata\/","og_site_name":"G\u00e1vea News","article_publisher":"https:\/\/facebook.com\/gaveaNews\/","article_published_time":"2024-12-10T18:40:00+00:00","og_image":[{"width":1024,"height":576,"url":"https:\/\/www.gaveanews.com\/wp-content\/uploads\/O-jogador-Estevao-da-SE-Palmeiras-comemora-seu-contra-a-equipe-do-Botafogo-FC-durante-partida-valida-pela-terceira-fase-da-Copa-do-Brasil-na-arena-Allianz-Parque-1024x576-1.webp","type":"image\/webp"}],"author":"D\u00e9bora Figueiredo","twitter_card":"summary_large_image","twitter_misc":{"Escrito por":"D\u00e9bora Figueiredo","Est. tempo de leitura":"4 minutos"},"schema":{"@context":"https:\/\/schema.org","@graph":[{"@type":"NewsArticle","@id":"https:\/\/www.gaveanews.com\/index.php\/2024\/12\/10\/veja-quais-jogadores-ganharam-o-premio-bola-de-prata\/#article","isPartOf":{"@id":"https:\/\/www.gaveanews.com\/index.php\/2024\/12\/10\/veja-quais-jogadores-ganharam-o-premio-bola-de-prata\/"},"author":{"name":"D\u00e9bora Figueiredo","@id":"https:\/\/www.gaveanews.com\/#\/schema\/person\/37122681a8575a5c8db05a56f099a5e4"},"headline":"Veja quais jogadores ganharam o Pr\u00eamio Bola de Prata","datePublished":"2024-12-10T18:40:00+00:00","mainEntityOfPage":{"@id":"https:\/\/www.gaveanews.com\/index.php\/2024\/12\/10\/veja-quais-jogadores-ganharam-o-premio-bola-de-prata\/"},"wordCount":643,"commentCount":0,"image":{"@id":"https:\/\/www.gaveanews.com\/index.php\/2024\/12\/10\/veja-quais-jogadores-ganharam-o-premio-bola-de-prata\/#primaryimage"},"thumbnailUrl":"https:\/\/www.gaveanews.com\/wp-content\/uploads\/O-jogador-Estevao-da-SE-Palmeiras-comemora-seu-contra-a-equipe-do-Botafogo-FC-durante-partida-valida-pela-terceira-fase-da-Copa-do-Brasil-na-arena-Allianz-Parque-1024x576-1.webp","articleSection":["Botafogo","Corinthians","Cruzeiro","Internacional","Palmeiras","S\u00e3o Paulo","Vit\u00f3ria"],"inLanguage":"pt-BR","potentialAction":[{"@type":"CommentAction","name":"Comment","target":["https:\/\/www.gaveanews.com\/index.php\/2024\/12\/10\/veja-quais-jogadores-ganharam-o-premio-bola-de-prata\/#respond"]}],"copyrightYear":"2024","copyrightHolder":{"@id":"https:\/\/www.gaveanews.com\/#organization"}},{"@type":"WebPage","@id":"https:\/\/www.gaveanews.com\/index.php\/2024\/12\/10\/veja-quais-jogadores-ganharam-o-premio-bola-de-prata\/","url":"https:\/\/www.gaveanews.com\/index.php\/2024\/12\/10\/veja-quais-jogadores-ganharam-o-premio-bola-de-prata\/","name":"Veja quais jogadores ganharam o Pr\u00eamio Bola de Prata","isPartOf":{"@id":"https:\/\/www.gaveanews.com\/#website"},"primaryImageOfPage":{"@id":"https:\/\/www.gaveanews.com\/index.php\/2024\/12\/10\/veja-quais-jogadores-ganharam-o-premio-bola-de-prata\/#primaryimage"},"image":{"@id":"https:\/\/www.gaveanews.com\/index.php\/2024\/12\/10\/veja-quais-jogadores-ganharam-o-premio-bola-de-prata\/#primaryimage"},"thumbnailUrl":"https:\/\/www.gaveanews.com\/wp-content\/uploads\/O-jogador-Estevao-da-SE-Palmeiras-comemora-seu-contra-a-equipe-do-Botafogo-FC-durante-partida-valida-pela-terceira-fase-da-Copa-do-Brasil-na-arena-Allianz-Parque-1024x576-1.webp","datePublished":"2024-12-10T18:40:00+00:00","author":{"@id":"https:\/\/www.gaveanews.com\/#\/schema\/person\/37122681a8575a5c8db05a56f099a5e4"},"breadcrumb":{"@id":"https:\/\/www.gaveanews.com\/index.php\/2024\/12\/10\/veja-quais-jogadores-ganharam-o-premio-bola-de-prata\/#breadcrumb"},"inLanguage":"pt-BR","potentialAction":[{"@type":"ReadAction","target":["https:\/\/www.gaveanews.com\/index.php\/2024\/12\/10\/veja-quais-jogadores-ganharam-o-premio-bola-de-prata\/"]}]},{"@type":"ImageObject","inLanguage":"pt-BR","@id":"https:\/\/www.gaveanews.com\/index.php\/2024\/12\/10\/veja-quais-jogadores-ganharam-o-premio-bola-de-prata\/#primaryimage","url":"https:\/\/www.gaveanews.com\/wp-content\/uploads\/O-jogador-Estevao-da-SE-Palmeiras-comemora-seu-contra-a-equipe-do-Botafogo-FC-durante-partida-valida-pela-terceira-fase-da-Copa-do-Brasil-na-arena-Allianz-Parque-1024x576-1.webp","contentUrl":"https:\/\/www.gaveanews.com\/wp-content\/uploads\/O-jogador-Estevao-da-SE-Palmeiras-comemora-seu-contra-a-equipe-do-Botafogo-FC-durante-partida-valida-pela-terceira-fase-da-Copa-do-Brasil-na-arena-Allianz-Parque-1024x576-1.webp","width":1024,"height":576,"caption":"O jogador Est\u00eav\u00e3o - Foto: Cesar Greco\/Palmeiras\/by Canon"},{"@type":"BreadcrumbList","@id":"https:\/\/www.gaveanews.com\/index.php\/2024\/12\/10\/veja-quais-jogadores-ganharam-o-premio-bola-de-prata\/#breadcrumb","itemListElement":[{"@type":"ListItem","position":1,"name":"Home","item":"https:\/\/www.gaveanews.com\/"},{"@type":"ListItem","position":2,"name":"Veja quais jogadores ganharam o Pr\u00eamio Bola de Prata"}]},{"@type":"WebSite","@id":"https:\/\/www.gaveanews.com\/#website","url":"https:\/\/www.gaveanews.com\/","name":"G\u00e1vea News","description":"Veja todas as not\u00edcias sobre o Flamengo: Contrata\u00e7\u00f5es, categorias de base, resultados das partidas, tabela de classifica\u00e7\u00e3o, pr\u00f3ximos jogos!","potentialAction":[{"@type":"SearchAction","target":{"@type":"EntryPoint","urlTemplate":"https:\/\/www.gaveanews.com\/?s={search_term_string}"},"query-input":{"@type":"PropertyValueSpecification","valueRequired":true,"valueName":"search_term_string"}}],"inLanguage":"pt-BR"},{"@type":"Person","@id":"https:\/\/www.gaveanews.com\/#\/schema\/person\/37122681a8575a5c8db05a56f099a5e4","name":"D\u00e9bora Figueiredo","image":{"@type":"ImageObject","inLanguage":"pt-BR","@id":"https:\/\/www.gaveanews.com\/#\/schema\/person\/image\/","url":"https:\/\/secure.gravatar.com\/avatar\/1f44802859351588499d26f52aed1d15796ce17e67602895b72837c08018868d?s=96&d=mm&r=g","contentUrl":"https:\/\/secure.gravatar.com\/avatar\/1f44802859351588499d26f52aed1d15796ce17e67602895b72837c08018868d?s=96&d=mm&r=g","caption":"D\u00e9bora Figueiredo"}}]}},"_links":{"self":[{"href":"https:\/\/www.gaveanews.com\/index.php\/wp-json\/wp\/v2\/posts\/196728","targetHints":{"allow":["GET"]}}],"collection":[{"href":"https:\/\/www.gaveanews.com\/index.php\/wp-json\/wp\/v2\/posts"}],"about":[{"href":"https:\/\/www.gaveanews.com\/index.php\/wp-json\/wp\/v2\/types\/post"}],"author":[{"embeddable":true,"href":"https:\/\/www.gaveanews.com\/index.php\/wp-json\/wp\/v2\/users\/16"}],"replies":[{"embeddable":true,"href":"https:\/\/www.gaveanews.com\/index.php\/wp-json\/wp\/v2\/comments?post=196728"}],"version-history":[{"count":1,"href":"https:\/\/www.gaveanews.com\/index.php\/wp-json\/wp\/v2\/posts\/196728\/revisions"}],"predecessor-version":[{"id":196732,"href":"https:\/\/www.gaveanews.com\/index.php\/wp-json\/wp\/v2\/posts\/196728\/revisions\/196732"}],"wp:featuredmedia":[{"embeddable":true,"href":"https:\/\/www.gaveanews.com\/index.php\/wp-json\/wp\/v2\/media\/141974"}],"wp:attachment":[{"href":"https:\/\/www.gaveanews.com\/index.php\/wp-json\/wp\/v2\/media?parent=196728"}],"wp:term":[{"taxonomy":"category","embeddable":true,"href":"https:\/\/www.gaveanews.com\/index.php\/wp-json\/wp\/v2\/categories?post=196728"},{"taxonomy":"post_tag","embeddable":true,"href":"https:\/\/www.gaveanews.com\/index.php\/wp-json\/wp\/v2\/tags?post=196728"}],"curies":[{"name":"wp","href":"https:\/\/api.w.org\/{rel}","templated":true}]}}