{"id":196820,"date":"2024-12-11T12:30:00","date_gmt":"2024-12-11T15:30:00","guid":{"rendered":"https:\/\/www.gaveanews.com\/?p=196820"},"modified":"2024-12-11T11:09:06","modified_gmt":"2024-12-11T14:09:06","slug":"vasco-toma-decisao-sobre-futuro-de-joao-victor","status":"publish","type":"post","link":"https:\/\/www.gaveanews.com\/index.php\/2024\/12\/11\/vasco-toma-decisao-sobre-futuro-de-joao-victor\/","title":{"rendered":"Vasco toma decis\u00e3o sobre futuro de Jo\u00e3o Victor"},"content":{"rendered":"\n<h2 class=\"wp-block-heading\" id=\"h-vasco-recusa-proposta-pelo-zagueiro\">Vasco recusa proposta pelo zagueiro<\/h2>\n\n\n\n<p>O zagueiro Jo\u00e3o Victor, fundamental na defesa do Vasco, chamou a aten\u00e7\u00e3o do CSKA Moscou. O clube da R\u00fassia manifestou oficialmente seu interesse por meio de uma proposta que a diretoria vasca\u00edna considerou abaixo do esperado. Enquanto o CSKA indicou um valor inicial de 4,5 milh\u00f5es de euros, a administra\u00e7\u00e3o do Vasco mant\u00e9m a posi\u00e7\u00e3o de n\u00e3o aceitar negocia\u00e7\u00f5es por menos de 6 milh\u00f5es de euros. Essa meta \u00e9 estabelecida para n\u00e3o apenas recuperar o investimento inicial, mas tamb\u00e9m para incluir b\u00f4nus ainda pendentes com o Benfica.<\/p>\n\n\n\n<ul class=\"wp-block-list\">\n<li><a href=\"https:\/\/www.gaveanews.com\/index.php\/2024\/12\/09\/vasco-pode-ter-dois-reforcos-importantes-para-a-proxima-temporada\/\">Vasco pode ter dois refor\u00e7os importantes para a pr\u00f3xima temporada<\/a><\/li>\n\n\n\n<li><a href=\"https:\/\/www.gaveanews.com\/index.php\/2024\/12\/09\/a-declaracao-de-vegetti-sobre-a-temporada-do-vasco\/\">A declara\u00e7\u00e3o de Vegetti sobre a temporada do Vasco<br><\/a><\/li>\n<\/ul>\n\n\n\n<p>Para o Vasco, essa transa\u00e7\u00e3o \u00e9 extremamente importante, pois a inten\u00e7\u00e3o \u00e9 ao menos reaver o montante gasto na contrata\u00e7\u00e3o do zagueiro. Alexandre Mattos, a pessoa chave nas tratativas, ressaltou que Jo\u00e3o Victor teve um custo de 6 milh\u00f5es de euros, podendo esse n\u00famero alcan\u00e7ar 8 milh\u00f5es de euros, dependendo do cumprimento de certas metas previamente acordadas. A diretoria enxerga a negocia\u00e7\u00e3o com o CSKA como uma chance de restaurar o equil\u00edbrio financeiro, contanto que as condi\u00e7\u00f5es desejadas sejam respeitadas.<\/p>\n\n\n\n<p>Jo\u00e3o Victor, que foi contratado no come\u00e7o do ano como a maior aquisi\u00e7\u00e3o da era 777, n\u00e3o teve uma entrada simples na equipe. No come\u00e7o, ele raramente estava entre os titulares sob a lideran\u00e7a de Ram\u00f3n D\u00edaz. Contudo, a troca de t\u00e9cnico abriu novos horizontes, estabelecendo-o sob a lideran\u00e7a de Rafael Paiva e Felipe como um dos alicerces da defesa do Vasco.<\/p>\n\n\n\n<figure class=\"wp-block-embed is-type-photo is-provider-flickr wp-block-embed-flickr\"><div class=\"wp-block-embed__wrapper\">\n<a href=\"https:\/\/www.flickr.com\/photos\/201636948@N07\/54194554463\/in\/dateposted-public\/\"><img loading=\"lazy\" decoding=\"async\" src=\"https:\/\/live.staticflickr.com\/65535\/54194554463_055c4638ba_z.webp\" alt=\"54183939851_5b4535a6c0_o-1\" width=\"640\" height=\"427\" \/><\/a>\n<\/div><\/figure>\n\n\n\n<p>Jo\u00e3o Victor demonstrou ser um componente vers\u00e1til e confi\u00e1vel, atributos que justificam o interesse do Vasco em v\u00ea-lo valorizado numa futura transa\u00e7\u00e3o. A sua habilidade de defesa e lideran\u00e7a em campo ficaram claras nas atua\u00e7\u00f5es durante a temporada, fazendo dele um candidato atraente para clubes internacionais.<\/p>\n\n\n\n<p>Levando em conta as demandas financeiras e a relev\u00e2ncia do atleta, o Vasco est\u00e1 agindo com precau\u00e7\u00e3o nas negocia\u00e7\u00f5es com o CSKA. O clube tem como objetivo n\u00e3o s\u00f3 recuperar o investimento inicial, mas tamb\u00e9m garantir que qualquer transfer\u00eancia o coloque em uma posi\u00e7\u00e3o financeira s\u00f3lida. Embora o CSKA Moscou mostre interesse, o Vasco mant\u00e9m-se convicto no pre\u00e7o definido, com negocia\u00e7\u00f5es ainda em curso.<\/p>\n\n\n\n<p>A administra\u00e7\u00e3o meticulosa desses debates espelha a estrat\u00e9gia do clube de maximizar os lucros sobre investimentos recentes. Assim, o Vasco assume uma posi\u00e7\u00e3o robusta no mercado de transfer\u00eancias, pronto para manter uma de suas estrelas mais proeminentes at\u00e9 que condi\u00e7\u00f5es vantajosas sejam apresentadas.<\/p>\n\n\n\n<p>O Vasco da Gama se encontra em uma posi\u00e7\u00e3o crucial para assegurar que suas escolhas de transfer\u00eancia mantenham e intensifiquem suas metas esportivas e financeiras. A situa\u00e7\u00e3o de Jo\u00e3o Victor ilustra a estrat\u00e9gia do clube de balancear interesses imediatos com planos de longo prazo. Com a temporada de 2024 \u00e0 vista, a performance de Jo\u00e3o Victor ser\u00e1 acompanhada de perto, enquanto as negocia\u00e7\u00f5es podem estabelecer um novo cap\u00edtulo em sua trajet\u00f3ria profissional.<\/p>\n\n\n\n<p>Conforme o Vasco se prepara para encarar futuros desafios, a poss\u00edvel venda de um jogador vital como Jo\u00e3o Victor representa as complexidades e possibilidades dos mercados de transfer\u00eancia contempor\u00e2neos. Com planos para realizar investimentos apropriados, o clube mant\u00e9m um acompanhamento constante do progresso da equipe.<\/p>\n","protected":false},"excerpt":{"rendered":"<p>Vasco recusa proposta pelo zagueiro O zagueiro Jo\u00e3o Victor, fundamental na defesa do Vasco, chamou a aten\u00e7\u00e3o do CSKA Moscou. O clube da R\u00fassia manifestou oficialmente seu interesse por meio de uma proposta que a diretoria vasca\u00edna considerou abaixo do esperado. Enquanto o CSKA indicou um valor inicial de 4,5 milh\u00f5es de euros, a administra\u00e7\u00e3o [&hellip;]<\/p>\n","protected":false},"author":16,"featured_media":169870,"comment_status":"open","ping_status":"closed","sticky":false,"template":"","format":"standard","meta":{"footnotes":""},"categories":[152],"tags":[],"class_list":["post-196820","post","type-post","status-publish","format-standard","has-post-thumbnail","hentry","category-vasco"],"yoast_head":"<!-- This site is optimized with the Yoast SEO Premium plugin v24.2 (Yoast SEO v26.9) - https:\/\/yoast.com\/product\/yoast-seo-premium-wordpress\/ -->\n<title>Vasco toma decis\u00e3o sobre futuro de Jo\u00e3o Victor<\/title>\n<meta name=\"robots\" content=\"index, follow, max-snippet:-1, max-image-preview:large, max-video-preview:-1\" \/>\n<link rel=\"canonical\" href=\"https:\/\/www.gaveanews.com\/index.php\/2024\/12\/11\/vasco-toma-decisao-sobre-futuro-de-joao-victor\/\" \/>\n<meta property=\"og:locale\" content=\"pt_BR\" \/>\n<meta property=\"og:type\" content=\"article\" \/>\n<meta property=\"og:title\" content=\"Vasco toma decis\u00e3o sobre futuro de Jo\u00e3o Victor\" \/>\n<meta property=\"og:description\" content=\"Vasco recusa proposta pelo zagueiro O zagueiro Jo\u00e3o Victor, fundamental na defesa do Vasco, chamou a aten\u00e7\u00e3o do CSKA Moscou. O clube da R\u00fassia manifestou oficialmente seu interesse por meio de uma proposta que a diretoria vasca\u00edna considerou abaixo do esperado. Enquanto o CSKA indicou um valor inicial de 4,5 milh\u00f5es de euros, a administra\u00e7\u00e3o [&hellip;]\" \/>\n<meta property=\"og:url\" content=\"https:\/\/www.gaveanews.com\/index.php\/2024\/12\/11\/vasco-toma-decisao-sobre-futuro-de-joao-victor\/\" \/>\n<meta property=\"og:site_name\" content=\"G\u00e1vea News\" \/>\n<meta property=\"article:publisher\" content=\"https:\/\/facebook.com\/gaveaNews\/\" \/>\n<meta property=\"article:published_time\" content=\"2024-12-11T15:30:00+00:00\" \/>\n<meta property=\"og:image\" content=\"https:\/\/www.gaveanews.com\/wp-content\/uploads\/Joao-Victor-em-acao-pelo-Vasco.webp\" \/>\n\t<meta property=\"og:image:width\" content=\"984\" \/>\n\t<meta property=\"og:image:height\" content=\"656\" \/>\n\t<meta property=\"og:image:type\" content=\"image\/jpeg\" \/>\n<meta name=\"author\" content=\"D\u00e9bora Figueiredo\" \/>\n<meta name=\"twitter:card\" content=\"summary_large_image\" \/>\n<meta name=\"twitter:label1\" content=\"Escrito por\" \/>\n\t<meta name=\"twitter:data1\" content=\"D\u00e9bora Figueiredo\" \/>\n\t<meta name=\"twitter:label2\" content=\"Est. tempo de leitura\" \/>\n\t<meta name=\"twitter:data2\" content=\"4 minutos\" \/>\n<script type=\"application\/ld+json\" class=\"yoast-schema-graph\">{\"@context\":\"https:\/\/schema.org\",\"@graph\":[{\"@type\":\"NewsArticle\",\"@id\":\"https:\/\/www.gaveanews.com\/index.php\/2024\/12\/11\/vasco-toma-decisao-sobre-futuro-de-joao-victor\/#article\",\"isPartOf\":{\"@id\":\"https:\/\/www.gaveanews.com\/index.php\/2024\/12\/11\/vasco-toma-decisao-sobre-futuro-de-joao-victor\/\"},\"author\":{\"name\":\"D\u00e9bora Figueiredo\",\"@id\":\"https:\/\/www.gaveanews.com\/#\/schema\/person\/37122681a8575a5c8db05a56f099a5e4\"},\"headline\":\"Vasco toma decis\u00e3o sobre futuro de Jo\u00e3o Victor\",\"datePublished\":\"2024-12-11T15:30:00+00:00\",\"mainEntityOfPage\":{\"@id\":\"https:\/\/www.gaveanews.com\/index.php\/2024\/12\/11\/vasco-toma-decisao-sobre-futuro-de-joao-victor\/\"},\"wordCount\":606,\"commentCount\":0,\"image\":{\"@id\":\"https:\/\/www.gaveanews.com\/index.php\/2024\/12\/11\/vasco-toma-decisao-sobre-futuro-de-joao-victor\/#primaryimage\"},\"thumbnailUrl\":\"https:\/\/www.gaveanews.com\/wp-content\/uploads\/Joao-Victor-em-acao-pelo-Vasco.webp\",\"articleSection\":[\"Vasco\"],\"inLanguage\":\"pt-BR\",\"potentialAction\":[{\"@type\":\"CommentAction\",\"name\":\"Comment\",\"target\":[\"https:\/\/www.gaveanews.com\/index.php\/2024\/12\/11\/vasco-toma-decisao-sobre-futuro-de-joao-victor\/#respond\"]}],\"copyrightYear\":\"2024\",\"copyrightHolder\":{\"@id\":\"https:\/\/www.gaveanews.com\/#organization\"}},{\"@type\":\"WebPage\",\"@id\":\"https:\/\/www.gaveanews.com\/index.php\/2024\/12\/11\/vasco-toma-decisao-sobre-futuro-de-joao-victor\/\",\"url\":\"https:\/\/www.gaveanews.com\/index.php\/2024\/12\/11\/vasco-toma-decisao-sobre-futuro-de-joao-victor\/\",\"name\":\"Vasco toma decis\u00e3o sobre futuro de Jo\u00e3o Victor\",\"isPartOf\":{\"@id\":\"https:\/\/www.gaveanews.com\/#website\"},\"primaryImageOfPage\":{\"@id\":\"https:\/\/www.gaveanews.com\/index.php\/2024\/12\/11\/vasco-toma-decisao-sobre-futuro-de-joao-victor\/#primaryimage\"},\"image\":{\"@id\":\"https:\/\/www.gaveanews.com\/index.php\/2024\/12\/11\/vasco-toma-decisao-sobre-futuro-de-joao-victor\/#primaryimage\"},\"thumbnailUrl\":\"https:\/\/www.gaveanews.com\/wp-content\/uploads\/Joao-Victor-em-acao-pelo-Vasco.webp\",\"datePublished\":\"2024-12-11T15:30:00+00:00\",\"author\":{\"@id\":\"https:\/\/www.gaveanews.com\/#\/schema\/person\/37122681a8575a5c8db05a56f099a5e4\"},\"breadcrumb\":{\"@id\":\"https:\/\/www.gaveanews.com\/index.php\/2024\/12\/11\/vasco-toma-decisao-sobre-futuro-de-joao-victor\/#breadcrumb\"},\"inLanguage\":\"pt-BR\",\"potentialAction\":[{\"@type\":\"ReadAction\",\"target\":[\"https:\/\/www.gaveanews.com\/index.php\/2024\/12\/11\/vasco-toma-decisao-sobre-futuro-de-joao-victor\/\"]}]},{\"@type\":\"ImageObject\",\"inLanguage\":\"pt-BR\",\"@id\":\"https:\/\/www.gaveanews.com\/index.php\/2024\/12\/11\/vasco-toma-decisao-sobre-futuro-de-joao-victor\/#primaryimage\",\"url\":\"https:\/\/www.gaveanews.com\/wp-content\/uploads\/Joao-Victor-em-acao-pelo-Vasco.webp\",\"contentUrl\":\"https:\/\/www.gaveanews.com\/wp-content\/uploads\/Joao-Victor-em-acao-pelo-Vasco.webp\",\"width\":984,\"height\":656,\"caption\":\"Jo\u00e3o Victor em a\u00e7\u00e3o pelo Vasco (Foto: Leandro Amorim\/Vasco)\"},{\"@type\":\"BreadcrumbList\",\"@id\":\"https:\/\/www.gaveanews.com\/index.php\/2024\/12\/11\/vasco-toma-decisao-sobre-futuro-de-joao-victor\/#breadcrumb\",\"itemListElement\":[{\"@type\":\"ListItem\",\"position\":1,\"name\":\"Home\",\"item\":\"https:\/\/www.gaveanews.com\/\"},{\"@type\":\"ListItem\",\"position\":2,\"name\":\"Vasco toma decis\u00e3o sobre futuro de Jo\u00e3o Victor\"}]},{\"@type\":\"WebSite\",\"@id\":\"https:\/\/www.gaveanews.com\/#website\",\"url\":\"https:\/\/www.gaveanews.com\/\",\"name\":\"G\u00e1vea News\",\"description\":\"Veja todas as not\u00edcias sobre o Flamengo: Contrata\u00e7\u00f5es, categorias de base, resultados das partidas, tabela de classifica\u00e7\u00e3o, pr\u00f3ximos jogos!\",\"potentialAction\":[{\"@type\":\"SearchAction\",\"target\":{\"@type\":\"EntryPoint\",\"urlTemplate\":\"https:\/\/www.gaveanews.com\/?s={search_term_string}\"},\"query-input\":{\"@type\":\"PropertyValueSpecification\",\"valueRequired\":true,\"valueName\":\"search_term_string\"}}],\"inLanguage\":\"pt-BR\"},{\"@type\":\"Person\",\"@id\":\"https:\/\/www.gaveanews.com\/#\/schema\/person\/37122681a8575a5c8db05a56f099a5e4\",\"name\":\"D\u00e9bora Figueiredo\",\"image\":{\"@type\":\"ImageObject\",\"inLanguage\":\"pt-BR\",\"@id\":\"https:\/\/www.gaveanews.com\/#\/schema\/person\/image\/\",\"url\":\"https:\/\/secure.gravatar.com\/avatar\/1f44802859351588499d26f52aed1d15796ce17e67602895b72837c08018868d?s=96&d=mm&r=g\",\"contentUrl\":\"https:\/\/secure.gravatar.com\/avatar\/1f44802859351588499d26f52aed1d15796ce17e67602895b72837c08018868d?s=96&d=mm&r=g\",\"caption\":\"D\u00e9bora Figueiredo\"}}]}<\/script>\n<!-- \/ Yoast SEO Premium plugin. -->","yoast_head_json":{"title":"Vasco toma decis\u00e3o sobre futuro de Jo\u00e3o Victor","robots":{"index":"index","follow":"follow","max-snippet":"max-snippet:-1","max-image-preview":"max-image-preview:large","max-video-preview":"max-video-preview:-1"},"canonical":"https:\/\/www.gaveanews.com\/index.php\/2024\/12\/11\/vasco-toma-decisao-sobre-futuro-de-joao-victor\/","og_locale":"pt_BR","og_type":"article","og_title":"Vasco toma decis\u00e3o sobre futuro de Jo\u00e3o Victor","og_description":"Vasco recusa proposta pelo zagueiro O zagueiro Jo\u00e3o Victor, fundamental na defesa do Vasco, chamou a aten\u00e7\u00e3o do CSKA Moscou. O clube da R\u00fassia manifestou oficialmente seu interesse por meio de uma proposta que a diretoria vasca\u00edna considerou abaixo do esperado. Enquanto o CSKA indicou um valor inicial de 4,5 milh\u00f5es de euros, a administra\u00e7\u00e3o [&hellip;]","og_url":"https:\/\/www.gaveanews.com\/index.php\/2024\/12\/11\/vasco-toma-decisao-sobre-futuro-de-joao-victor\/","og_site_name":"G\u00e1vea News","article_publisher":"https:\/\/facebook.com\/gaveaNews\/","article_published_time":"2024-12-11T15:30:00+00:00","og_image":[{"width":984,"height":656,"url":"https:\/\/www.gaveanews.com\/wp-content\/uploads\/Joao-Victor-em-acao-pelo-Vasco.webp","type":"image\/jpeg"}],"author":"D\u00e9bora Figueiredo","twitter_card":"summary_large_image","twitter_misc":{"Escrito por":"D\u00e9bora Figueiredo","Est. tempo de leitura":"4 minutos"},"schema":{"@context":"https:\/\/schema.org","@graph":[{"@type":"NewsArticle","@id":"https:\/\/www.gaveanews.com\/index.php\/2024\/12\/11\/vasco-toma-decisao-sobre-futuro-de-joao-victor\/#article","isPartOf":{"@id":"https:\/\/www.gaveanews.com\/index.php\/2024\/12\/11\/vasco-toma-decisao-sobre-futuro-de-joao-victor\/"},"author":{"name":"D\u00e9bora Figueiredo","@id":"https:\/\/www.gaveanews.com\/#\/schema\/person\/37122681a8575a5c8db05a56f099a5e4"},"headline":"Vasco toma decis\u00e3o sobre futuro de Jo\u00e3o Victor","datePublished":"2024-12-11T15:30:00+00:00","mainEntityOfPage":{"@id":"https:\/\/www.gaveanews.com\/index.php\/2024\/12\/11\/vasco-toma-decisao-sobre-futuro-de-joao-victor\/"},"wordCount":606,"commentCount":0,"image":{"@id":"https:\/\/www.gaveanews.com\/index.php\/2024\/12\/11\/vasco-toma-decisao-sobre-futuro-de-joao-victor\/#primaryimage"},"thumbnailUrl":"https:\/\/www.gaveanews.com\/wp-content\/uploads\/Joao-Victor-em-acao-pelo-Vasco.webp","articleSection":["Vasco"],"inLanguage":"pt-BR","potentialAction":[{"@type":"CommentAction","name":"Comment","target":["https:\/\/www.gaveanews.com\/index.php\/2024\/12\/11\/vasco-toma-decisao-sobre-futuro-de-joao-victor\/#respond"]}],"copyrightYear":"2024","copyrightHolder":{"@id":"https:\/\/www.gaveanews.com\/#organization"}},{"@type":"WebPage","@id":"https:\/\/www.gaveanews.com\/index.php\/2024\/12\/11\/vasco-toma-decisao-sobre-futuro-de-joao-victor\/","url":"https:\/\/www.gaveanews.com\/index.php\/2024\/12\/11\/vasco-toma-decisao-sobre-futuro-de-joao-victor\/","name":"Vasco toma decis\u00e3o sobre futuro de Jo\u00e3o Victor","isPartOf":{"@id":"https:\/\/www.gaveanews.com\/#website"},"primaryImageOfPage":{"@id":"https:\/\/www.gaveanews.com\/index.php\/2024\/12\/11\/vasco-toma-decisao-sobre-futuro-de-joao-victor\/#primaryimage"},"image":{"@id":"https:\/\/www.gaveanews.com\/index.php\/2024\/12\/11\/vasco-toma-decisao-sobre-futuro-de-joao-victor\/#primaryimage"},"thumbnailUrl":"https:\/\/www.gaveanews.com\/wp-content\/uploads\/Joao-Victor-em-acao-pelo-Vasco.webp","datePublished":"2024-12-11T15:30:00+00:00","author":{"@id":"https:\/\/www.gaveanews.com\/#\/schema\/person\/37122681a8575a5c8db05a56f099a5e4"},"breadcrumb":{"@id":"https:\/\/www.gaveanews.com\/index.php\/2024\/12\/11\/vasco-toma-decisao-sobre-futuro-de-joao-victor\/#breadcrumb"},"inLanguage":"pt-BR","potentialAction":[{"@type":"ReadAction","target":["https:\/\/www.gaveanews.com\/index.php\/2024\/12\/11\/vasco-toma-decisao-sobre-futuro-de-joao-victor\/"]}]},{"@type":"ImageObject","inLanguage":"pt-BR","@id":"https:\/\/www.gaveanews.com\/index.php\/2024\/12\/11\/vasco-toma-decisao-sobre-futuro-de-joao-victor\/#primaryimage","url":"https:\/\/www.gaveanews.com\/wp-content\/uploads\/Joao-Victor-em-acao-pelo-Vasco.webp","contentUrl":"https:\/\/www.gaveanews.com\/wp-content\/uploads\/Joao-Victor-em-acao-pelo-Vasco.webp","width":984,"height":656,"caption":"Jo\u00e3o Victor em a\u00e7\u00e3o pelo Vasco (Foto: Leandro Amorim\/Vasco)"},{"@type":"BreadcrumbList","@id":"https:\/\/www.gaveanews.com\/index.php\/2024\/12\/11\/vasco-toma-decisao-sobre-futuro-de-joao-victor\/#breadcrumb","itemListElement":[{"@type":"ListItem","position":1,"name":"Home","item":"https:\/\/www.gaveanews.com\/"},{"@type":"ListItem","position":2,"name":"Vasco toma decis\u00e3o sobre futuro de Jo\u00e3o Victor"}]},{"@type":"WebSite","@id":"https:\/\/www.gaveanews.com\/#website","url":"https:\/\/www.gaveanews.com\/","name":"G\u00e1vea News","description":"Veja todas as not\u00edcias sobre o Flamengo: Contrata\u00e7\u00f5es, categorias de base, resultados das partidas, tabela de classifica\u00e7\u00e3o, pr\u00f3ximos jogos!","potentialAction":[{"@type":"SearchAction","target":{"@type":"EntryPoint","urlTemplate":"https:\/\/www.gaveanews.com\/?s={search_term_string}"},"query-input":{"@type":"PropertyValueSpecification","valueRequired":true,"valueName":"search_term_string"}}],"inLanguage":"pt-BR"},{"@type":"Person","@id":"https:\/\/www.gaveanews.com\/#\/schema\/person\/37122681a8575a5c8db05a56f099a5e4","name":"D\u00e9bora Figueiredo","image":{"@type":"ImageObject","inLanguage":"pt-BR","@id":"https:\/\/www.gaveanews.com\/#\/schema\/person\/image\/","url":"https:\/\/secure.gravatar.com\/avatar\/1f44802859351588499d26f52aed1d15796ce17e67602895b72837c08018868d?s=96&d=mm&r=g","contentUrl":"https:\/\/secure.gravatar.com\/avatar\/1f44802859351588499d26f52aed1d15796ce17e67602895b72837c08018868d?s=96&d=mm&r=g","caption":"D\u00e9bora Figueiredo"}}]}},"_links":{"self":[{"href":"https:\/\/www.gaveanews.com\/index.php\/wp-json\/wp\/v2\/posts\/196820","targetHints":{"allow":["GET"]}}],"collection":[{"href":"https:\/\/www.gaveanews.com\/index.php\/wp-json\/wp\/v2\/posts"}],"about":[{"href":"https:\/\/www.gaveanews.com\/index.php\/wp-json\/wp\/v2\/types\/post"}],"author":[{"embeddable":true,"href":"https:\/\/www.gaveanews.com\/index.php\/wp-json\/wp\/v2\/users\/16"}],"replies":[{"embeddable":true,"href":"https:\/\/www.gaveanews.com\/index.php\/wp-json\/wp\/v2\/comments?post=196820"}],"version-history":[{"count":1,"href":"https:\/\/www.gaveanews.com\/index.php\/wp-json\/wp\/v2\/posts\/196820\/revisions"}],"predecessor-version":[{"id":196826,"href":"https:\/\/www.gaveanews.com\/index.php\/wp-json\/wp\/v2\/posts\/196820\/revisions\/196826"}],"wp:featuredmedia":[{"embeddable":true,"href":"https:\/\/www.gaveanews.com\/index.php\/wp-json\/wp\/v2\/media\/169870"}],"wp:attachment":[{"href":"https:\/\/www.gaveanews.com\/index.php\/wp-json\/wp\/v2\/media?parent=196820"}],"wp:term":[{"taxonomy":"category","embeddable":true,"href":"https:\/\/www.gaveanews.com\/index.php\/wp-json\/wp\/v2\/categories?post=196820"},{"taxonomy":"post_tag","embeddable":true,"href":"https:\/\/www.gaveanews.com\/index.php\/wp-json\/wp\/v2\/tags?post=196820"}],"curies":[{"name":"wp","href":"https:\/\/api.w.org\/{rel}","templated":true}]}}