{"id":196901,"date":"2024-12-11T22:55:00","date_gmt":"2024-12-12T01:55:00","guid":{"rendered":"https:\/\/www.gaveanews.com\/?p=196901"},"modified":"2024-12-11T22:43:10","modified_gmt":"2024-12-12T01:43:10","slug":"palmeiras-pode-perder-jogador-para-o-futebol-internacional","status":"publish","type":"post","link":"https:\/\/www.gaveanews.com\/index.php\/2024\/12\/11\/palmeiras-pode-perder-jogador-para-o-futebol-internacional\/","title":{"rendered":"Palmeiras pode perder jogador para o futebol internacional"},"content":{"rendered":"\n<p>O Palmeiras pode estar perto de perder um dos jogadores mais emblem\u00e1ticos e bem quistos pela torcida nesta janela de transfer\u00eancias. Tanto a diretoria quanto o atacante Rony entendem que uma mudan\u00e7a de ares ser\u00e1 ben\u00e9fica, e ele espera receber propostas de clubes do M\u00e9xico e da Ar\u00e1bia Saudita.<\/p>\n\n\n\n<ul class=\"wp-block-list\">\n<li><a href=\"https:\/\/www.gaveanews.com\/index.php\/2024\/12\/09\/a-reacao-de-leila-pereira-apos-derrota-do-palmeiras-para-o-fluminense\/\">A rea\u00e7\u00e3o de Leila Pereira ap\u00f3s derrota do Palmeiras para o Fluminense<\/a><\/li>\n\n\n\n<li><a href=\"https:\/\/www.gaveanews.com\/index.php\/2024\/12\/09\/abel-inicia-planejamento-do-palmeiras-para-temporada-2025\/\">Abel inicia planejamento do Palmeiras para temporada 2025<\/a><\/li>\n<\/ul>\n\n\n\n<p>O estafe do camisa 10 palestrino j\u00e1 recebeu sondagens destes mercados e com o fim do Campeonato Brasileiro, espera que elas evoluam em ofertas oficiais. Anteriormente, ele j\u00e1 havia recusado investidas por conta da boa rela\u00e7\u00e3o que tem com o treinador Abel Ferreira, mas a perda do prest\u00edgio e a sequ\u00eancia de jogos no banco de reservas o deixaram insatisfeito.<\/p>\n\n\n\n<p>De acordo com o site \u201cNosso Palestra\u201d, os mandat\u00e1rios alviverdes n\u00e3o ir\u00e3o dificultar qualquer negocia\u00e7\u00e3o e ambas as partes entendem que o momento \u00e9 prop\u00edcio para o encerramento do v\u00ednculo.<\/p>\n\n\n\n<p>Independente de que clubes mexicanos e \u00e1rabes acenarem com a possibilidade de transfer\u00eancias, o jogador realmente n\u00e3o deve permanecer para 2025. A situa\u00e7\u00e3o, no entanto, depende de que os valores ofertados agradem o Palmeiras e o atleta.<\/p>\n\n\n\n<p>Rony teve uma temporada de altos e baixos com o time paulista e foi para o banco de reservas, com a promo\u00e7\u00e3o de Flaco L\u00f3pez. O atacante fez 63 partidas, foi titular em 27 e somou 2.936 minutos em campo. Ele ainda marcou 10 gols e deu 6 assist\u00eancias.<\/p>\n\n\n\n<p>No Alviverde desde 2020, ele atuou em 283 jogos, balan\u00e7ou as redes 70 vezes e deu 32 passes para os companheiros marcarem. O camisa 10 conquistou ao longo da passagem 4 Campeonatos Paulistas, duas Copas Libertadores da Am\u00e9rica, uma Copa do Brasil, uma Recopa Sul-Americana, 2 Campeonatos Brasileiros e uma Supercopa do Brasil.&nbsp;<\/p>\n\n\n\n<p>Caso saia, n\u00e3o ter\u00e1 a oportunidade de disputar a Copa do Mundo de Clubes da FIFA, que ser\u00e1 realizada entre os dias 15 de junho e 13 de julho do ano que vem.<\/p>\n","protected":false},"excerpt":{"rendered":"<p>O Palmeiras pode estar perto de perder um dos jogadores mais emblem\u00e1ticos e bem quistos pela torcida nesta janela de transfer\u00eancias. Tanto a diretoria quanto o atacante Rony entendem que uma mudan\u00e7a de ares ser\u00e1 ben\u00e9fica, e ele espera receber propostas de clubes do M\u00e9xico e da Ar\u00e1bia Saudita. O estafe do camisa 10 palestrino [&hellip;]<\/p>\n","protected":false},"author":29,"featured_media":157843,"comment_status":"open","ping_status":"closed","sticky":false,"template":"","format":"standard","meta":{"footnotes":""},"categories":[150],"tags":[],"class_list":["post-196901","post","type-post","status-publish","format-standard","has-post-thumbnail","hentry","category-palmeiras"],"yoast_head":"<!-- This site is optimized with the Yoast SEO Premium plugin v24.2 (Yoast SEO v26.9) - https:\/\/yoast.com\/product\/yoast-seo-premium-wordpress\/ -->\n<title>Palmeiras pode perder jogador para o futebol internacional<\/title>\n<meta name=\"robots\" content=\"index, follow, max-snippet:-1, max-image-preview:large, max-video-preview:-1\" \/>\n<link rel=\"canonical\" href=\"https:\/\/www.gaveanews.com\/index.php\/2024\/12\/11\/palmeiras-pode-perder-jogador-para-o-futebol-internacional\/\" \/>\n<meta property=\"og:locale\" content=\"pt_BR\" \/>\n<meta property=\"og:type\" content=\"article\" \/>\n<meta property=\"og:title\" content=\"Palmeiras pode perder jogador para o futebol internacional\" \/>\n<meta property=\"og:description\" content=\"O Palmeiras pode estar perto de perder um dos jogadores mais emblem\u00e1ticos e bem quistos pela torcida nesta janela de transfer\u00eancias. Tanto a diretoria quanto o atacante Rony entendem que uma mudan\u00e7a de ares ser\u00e1 ben\u00e9fica, e ele espera receber propostas de clubes do M\u00e9xico e da Ar\u00e1bia Saudita. O estafe do camisa 10 palestrino [&hellip;]\" \/>\n<meta property=\"og:url\" content=\"https:\/\/www.gaveanews.com\/index.php\/2024\/12\/11\/palmeiras-pode-perder-jogador-para-o-futebol-internacional\/\" \/>\n<meta property=\"og:site_name\" content=\"G\u00e1vea News\" \/>\n<meta property=\"article:publisher\" content=\"https:\/\/facebook.com\/gaveaNews\/\" \/>\n<meta property=\"article:published_time\" content=\"2024-12-12T01:55:00+00:00\" \/>\n<meta property=\"og:image\" content=\"https:\/\/www.gaveanews.com\/wp-content\/uploads\/Abel-Ferreira-e-fotografado-durante-um-jogo-do-Palmeiras-no-Allianz.webp\" \/>\n\t<meta property=\"og:image:width\" content=\"1349\" \/>\n\t<meta property=\"og:image:height\" content=\"1500\" \/>\n\t<meta property=\"og:image:type\" content=\"image\/jpeg\" \/>\n<meta name=\"author\" content=\"Marco Menezes\" \/>\n<meta name=\"twitter:card\" content=\"summary_large_image\" \/>\n<meta name=\"twitter:label1\" content=\"Escrito por\" \/>\n\t<meta name=\"twitter:data1\" content=\"Marco Menezes\" \/>\n\t<meta name=\"twitter:label2\" content=\"Est. tempo de leitura\" \/>\n\t<meta name=\"twitter:data2\" content=\"3 minutos\" \/>\n<script type=\"application\/ld+json\" class=\"yoast-schema-graph\">{\"@context\":\"https:\/\/schema.org\",\"@graph\":[{\"@type\":\"NewsArticle\",\"@id\":\"https:\/\/www.gaveanews.com\/index.php\/2024\/12\/11\/palmeiras-pode-perder-jogador-para-o-futebol-internacional\/#article\",\"isPartOf\":{\"@id\":\"https:\/\/www.gaveanews.com\/index.php\/2024\/12\/11\/palmeiras-pode-perder-jogador-para-o-futebol-internacional\/\"},\"author\":{\"name\":\"Marco Menezes\",\"@id\":\"https:\/\/www.gaveanews.com\/#\/schema\/person\/a9f62fe75380c6bada1b2fc49bc23d69\"},\"headline\":\"Palmeiras pode perder jogador para o futebol internacional\",\"datePublished\":\"2024-12-12T01:55:00+00:00\",\"mainEntityOfPage\":{\"@id\":\"https:\/\/www.gaveanews.com\/index.php\/2024\/12\/11\/palmeiras-pode-perder-jogador-para-o-futebol-internacional\/\"},\"wordCount\":348,\"commentCount\":0,\"image\":{\"@id\":\"https:\/\/www.gaveanews.com\/index.php\/2024\/12\/11\/palmeiras-pode-perder-jogador-para-o-futebol-internacional\/#primaryimage\"},\"thumbnailUrl\":\"https:\/\/www.gaveanews.com\/wp-content\/uploads\/Abel-Ferreira-e-fotografado-durante-um-jogo-do-Palmeiras-no-Allianz.webp\",\"articleSection\":[\"Palmeiras\"],\"inLanguage\":\"pt-BR\",\"potentialAction\":[{\"@type\":\"CommentAction\",\"name\":\"Comment\",\"target\":[\"https:\/\/www.gaveanews.com\/index.php\/2024\/12\/11\/palmeiras-pode-perder-jogador-para-o-futebol-internacional\/#respond\"]}],\"copyrightYear\":\"2024\",\"copyrightHolder\":{\"@id\":\"https:\/\/www.gaveanews.com\/#organization\"}},{\"@type\":\"WebPage\",\"@id\":\"https:\/\/www.gaveanews.com\/index.php\/2024\/12\/11\/palmeiras-pode-perder-jogador-para-o-futebol-internacional\/\",\"url\":\"https:\/\/www.gaveanews.com\/index.php\/2024\/12\/11\/palmeiras-pode-perder-jogador-para-o-futebol-internacional\/\",\"name\":\"Palmeiras pode perder jogador para o futebol internacional\",\"isPartOf\":{\"@id\":\"https:\/\/www.gaveanews.com\/#website\"},\"primaryImageOfPage\":{\"@id\":\"https:\/\/www.gaveanews.com\/index.php\/2024\/12\/11\/palmeiras-pode-perder-jogador-para-o-futebol-internacional\/#primaryimage\"},\"image\":{\"@id\":\"https:\/\/www.gaveanews.com\/index.php\/2024\/12\/11\/palmeiras-pode-perder-jogador-para-o-futebol-internacional\/#primaryimage\"},\"thumbnailUrl\":\"https:\/\/www.gaveanews.com\/wp-content\/uploads\/Abel-Ferreira-e-fotografado-durante-um-jogo-do-Palmeiras-no-Allianz.webp\",\"datePublished\":\"2024-12-12T01:55:00+00:00\",\"author\":{\"@id\":\"https:\/\/www.gaveanews.com\/#\/schema\/person\/a9f62fe75380c6bada1b2fc49bc23d69\"},\"breadcrumb\":{\"@id\":\"https:\/\/www.gaveanews.com\/index.php\/2024\/12\/11\/palmeiras-pode-perder-jogador-para-o-futebol-internacional\/#breadcrumb\"},\"inLanguage\":\"pt-BR\",\"potentialAction\":[{\"@type\":\"ReadAction\",\"target\":[\"https:\/\/www.gaveanews.com\/index.php\/2024\/12\/11\/palmeiras-pode-perder-jogador-para-o-futebol-internacional\/\"]}]},{\"@type\":\"ImageObject\",\"inLanguage\":\"pt-BR\",\"@id\":\"https:\/\/www.gaveanews.com\/index.php\/2024\/12\/11\/palmeiras-pode-perder-jogador-para-o-futebol-internacional\/#primaryimage\",\"url\":\"https:\/\/www.gaveanews.com\/wp-content\/uploads\/Abel-Ferreira-e-fotografado-durante-um-jogo-do-Palmeiras-no-Allianz.webp\",\"contentUrl\":\"https:\/\/www.gaveanews.com\/wp-content\/uploads\/Abel-Ferreira-e-fotografado-durante-um-jogo-do-Palmeiras-no-Allianz.webp\",\"width\":1349,\"height\":1500,\"caption\":\"Abel Ferreira \u00e9 fotografado durante um jogo do Palmeiras no Allianz (Foto: Cesar Greco\/Palmeiras)\"},{\"@type\":\"BreadcrumbList\",\"@id\":\"https:\/\/www.gaveanews.com\/index.php\/2024\/12\/11\/palmeiras-pode-perder-jogador-para-o-futebol-internacional\/#breadcrumb\",\"itemListElement\":[{\"@type\":\"ListItem\",\"position\":1,\"name\":\"Home\",\"item\":\"https:\/\/www.gaveanews.com\/\"},{\"@type\":\"ListItem\",\"position\":2,\"name\":\"Palmeiras pode perder jogador para o futebol internacional\"}]},{\"@type\":\"WebSite\",\"@id\":\"https:\/\/www.gaveanews.com\/#website\",\"url\":\"https:\/\/www.gaveanews.com\/\",\"name\":\"G\u00e1vea News\",\"description\":\"Veja todas as not\u00edcias sobre o Flamengo: Contrata\u00e7\u00f5es, categorias de base, resultados das partidas, tabela de classifica\u00e7\u00e3o, pr\u00f3ximos jogos!\",\"potentialAction\":[{\"@type\":\"SearchAction\",\"target\":{\"@type\":\"EntryPoint\",\"urlTemplate\":\"https:\/\/www.gaveanews.com\/?s={search_term_string}\"},\"query-input\":{\"@type\":\"PropertyValueSpecification\",\"valueRequired\":true,\"valueName\":\"search_term_string\"}}],\"inLanguage\":\"pt-BR\"},{\"@type\":\"Person\",\"@id\":\"https:\/\/www.gaveanews.com\/#\/schema\/person\/a9f62fe75380c6bada1b2fc49bc23d69\",\"name\":\"Marco Menezes\",\"image\":{\"@type\":\"ImageObject\",\"inLanguage\":\"pt-BR\",\"@id\":\"https:\/\/www.gaveanews.com\/#\/schema\/person\/image\/\",\"url\":\"https:\/\/secure.gravatar.com\/avatar\/a1d148ae17fc8bfc5dbccffd07979e8bd2c9ba494221779de86ec2c7907b71ec?s=96&d=mm&r=g\",\"contentUrl\":\"https:\/\/secure.gravatar.com\/avatar\/a1d148ae17fc8bfc5dbccffd07979e8bd2c9ba494221779de86ec2c7907b71ec?s=96&d=mm&r=g\",\"caption\":\"Marco Menezes\"}}]}<\/script>\n<!-- \/ Yoast SEO Premium plugin. -->","yoast_head_json":{"title":"Palmeiras pode perder jogador para o futebol internacional","robots":{"index":"index","follow":"follow","max-snippet":"max-snippet:-1","max-image-preview":"max-image-preview:large","max-video-preview":"max-video-preview:-1"},"canonical":"https:\/\/www.gaveanews.com\/index.php\/2024\/12\/11\/palmeiras-pode-perder-jogador-para-o-futebol-internacional\/","og_locale":"pt_BR","og_type":"article","og_title":"Palmeiras pode perder jogador para o futebol internacional","og_description":"O Palmeiras pode estar perto de perder um dos jogadores mais emblem\u00e1ticos e bem quistos pela torcida nesta janela de transfer\u00eancias. Tanto a diretoria quanto o atacante Rony entendem que uma mudan\u00e7a de ares ser\u00e1 ben\u00e9fica, e ele espera receber propostas de clubes do M\u00e9xico e da Ar\u00e1bia Saudita. O estafe do camisa 10 palestrino [&hellip;]","og_url":"https:\/\/www.gaveanews.com\/index.php\/2024\/12\/11\/palmeiras-pode-perder-jogador-para-o-futebol-internacional\/","og_site_name":"G\u00e1vea News","article_publisher":"https:\/\/facebook.com\/gaveaNews\/","article_published_time":"2024-12-12T01:55:00+00:00","og_image":[{"width":1349,"height":1500,"url":"https:\/\/www.gaveanews.com\/wp-content\/uploads\/Abel-Ferreira-e-fotografado-durante-um-jogo-do-Palmeiras-no-Allianz.webp","type":"image\/jpeg"}],"author":"Marco Menezes","twitter_card":"summary_large_image","twitter_misc":{"Escrito por":"Marco Menezes","Est. tempo de leitura":"3 minutos"},"schema":{"@context":"https:\/\/schema.org","@graph":[{"@type":"NewsArticle","@id":"https:\/\/www.gaveanews.com\/index.php\/2024\/12\/11\/palmeiras-pode-perder-jogador-para-o-futebol-internacional\/#article","isPartOf":{"@id":"https:\/\/www.gaveanews.com\/index.php\/2024\/12\/11\/palmeiras-pode-perder-jogador-para-o-futebol-internacional\/"},"author":{"name":"Marco Menezes","@id":"https:\/\/www.gaveanews.com\/#\/schema\/person\/a9f62fe75380c6bada1b2fc49bc23d69"},"headline":"Palmeiras pode perder jogador para o futebol internacional","datePublished":"2024-12-12T01:55:00+00:00","mainEntityOfPage":{"@id":"https:\/\/www.gaveanews.com\/index.php\/2024\/12\/11\/palmeiras-pode-perder-jogador-para-o-futebol-internacional\/"},"wordCount":348,"commentCount":0,"image":{"@id":"https:\/\/www.gaveanews.com\/index.php\/2024\/12\/11\/palmeiras-pode-perder-jogador-para-o-futebol-internacional\/#primaryimage"},"thumbnailUrl":"https:\/\/www.gaveanews.com\/wp-content\/uploads\/Abel-Ferreira-e-fotografado-durante-um-jogo-do-Palmeiras-no-Allianz.webp","articleSection":["Palmeiras"],"inLanguage":"pt-BR","potentialAction":[{"@type":"CommentAction","name":"Comment","target":["https:\/\/www.gaveanews.com\/index.php\/2024\/12\/11\/palmeiras-pode-perder-jogador-para-o-futebol-internacional\/#respond"]}],"copyrightYear":"2024","copyrightHolder":{"@id":"https:\/\/www.gaveanews.com\/#organization"}},{"@type":"WebPage","@id":"https:\/\/www.gaveanews.com\/index.php\/2024\/12\/11\/palmeiras-pode-perder-jogador-para-o-futebol-internacional\/","url":"https:\/\/www.gaveanews.com\/index.php\/2024\/12\/11\/palmeiras-pode-perder-jogador-para-o-futebol-internacional\/","name":"Palmeiras pode perder jogador para o futebol internacional","isPartOf":{"@id":"https:\/\/www.gaveanews.com\/#website"},"primaryImageOfPage":{"@id":"https:\/\/www.gaveanews.com\/index.php\/2024\/12\/11\/palmeiras-pode-perder-jogador-para-o-futebol-internacional\/#primaryimage"},"image":{"@id":"https:\/\/www.gaveanews.com\/index.php\/2024\/12\/11\/palmeiras-pode-perder-jogador-para-o-futebol-internacional\/#primaryimage"},"thumbnailUrl":"https:\/\/www.gaveanews.com\/wp-content\/uploads\/Abel-Ferreira-e-fotografado-durante-um-jogo-do-Palmeiras-no-Allianz.webp","datePublished":"2024-12-12T01:55:00+00:00","author":{"@id":"https:\/\/www.gaveanews.com\/#\/schema\/person\/a9f62fe75380c6bada1b2fc49bc23d69"},"breadcrumb":{"@id":"https:\/\/www.gaveanews.com\/index.php\/2024\/12\/11\/palmeiras-pode-perder-jogador-para-o-futebol-internacional\/#breadcrumb"},"inLanguage":"pt-BR","potentialAction":[{"@type":"ReadAction","target":["https:\/\/www.gaveanews.com\/index.php\/2024\/12\/11\/palmeiras-pode-perder-jogador-para-o-futebol-internacional\/"]}]},{"@type":"ImageObject","inLanguage":"pt-BR","@id":"https:\/\/www.gaveanews.com\/index.php\/2024\/12\/11\/palmeiras-pode-perder-jogador-para-o-futebol-internacional\/#primaryimage","url":"https:\/\/www.gaveanews.com\/wp-content\/uploads\/Abel-Ferreira-e-fotografado-durante-um-jogo-do-Palmeiras-no-Allianz.webp","contentUrl":"https:\/\/www.gaveanews.com\/wp-content\/uploads\/Abel-Ferreira-e-fotografado-durante-um-jogo-do-Palmeiras-no-Allianz.webp","width":1349,"height":1500,"caption":"Abel Ferreira \u00e9 fotografado durante um jogo do Palmeiras no Allianz (Foto: Cesar Greco\/Palmeiras)"},{"@type":"BreadcrumbList","@id":"https:\/\/www.gaveanews.com\/index.php\/2024\/12\/11\/palmeiras-pode-perder-jogador-para-o-futebol-internacional\/#breadcrumb","itemListElement":[{"@type":"ListItem","position":1,"name":"Home","item":"https:\/\/www.gaveanews.com\/"},{"@type":"ListItem","position":2,"name":"Palmeiras pode perder jogador para o futebol internacional"}]},{"@type":"WebSite","@id":"https:\/\/www.gaveanews.com\/#website","url":"https:\/\/www.gaveanews.com\/","name":"G\u00e1vea News","description":"Veja todas as not\u00edcias sobre o Flamengo: Contrata\u00e7\u00f5es, categorias de base, resultados das partidas, tabela de classifica\u00e7\u00e3o, pr\u00f3ximos jogos!","potentialAction":[{"@type":"SearchAction","target":{"@type":"EntryPoint","urlTemplate":"https:\/\/www.gaveanews.com\/?s={search_term_string}"},"query-input":{"@type":"PropertyValueSpecification","valueRequired":true,"valueName":"search_term_string"}}],"inLanguage":"pt-BR"},{"@type":"Person","@id":"https:\/\/www.gaveanews.com\/#\/schema\/person\/a9f62fe75380c6bada1b2fc49bc23d69","name":"Marco Menezes","image":{"@type":"ImageObject","inLanguage":"pt-BR","@id":"https:\/\/www.gaveanews.com\/#\/schema\/person\/image\/","url":"https:\/\/secure.gravatar.com\/avatar\/a1d148ae17fc8bfc5dbccffd07979e8bd2c9ba494221779de86ec2c7907b71ec?s=96&d=mm&r=g","contentUrl":"https:\/\/secure.gravatar.com\/avatar\/a1d148ae17fc8bfc5dbccffd07979e8bd2c9ba494221779de86ec2c7907b71ec?s=96&d=mm&r=g","caption":"Marco Menezes"}}]}},"_links":{"self":[{"href":"https:\/\/www.gaveanews.com\/index.php\/wp-json\/wp\/v2\/posts\/196901","targetHints":{"allow":["GET"]}}],"collection":[{"href":"https:\/\/www.gaveanews.com\/index.php\/wp-json\/wp\/v2\/posts"}],"about":[{"href":"https:\/\/www.gaveanews.com\/index.php\/wp-json\/wp\/v2\/types\/post"}],"author":[{"embeddable":true,"href":"https:\/\/www.gaveanews.com\/index.php\/wp-json\/wp\/v2\/users\/29"}],"replies":[{"embeddable":true,"href":"https:\/\/www.gaveanews.com\/index.php\/wp-json\/wp\/v2\/comments?post=196901"}],"version-history":[{"count":2,"href":"https:\/\/www.gaveanews.com\/index.php\/wp-json\/wp\/v2\/posts\/196901\/revisions"}],"predecessor-version":[{"id":197920,"href":"https:\/\/www.gaveanews.com\/index.php\/wp-json\/wp\/v2\/posts\/196901\/revisions\/197920"}],"wp:featuredmedia":[{"embeddable":true,"href":"https:\/\/www.gaveanews.com\/index.php\/wp-json\/wp\/v2\/media\/157843"}],"wp:attachment":[{"href":"https:\/\/www.gaveanews.com\/index.php\/wp-json\/wp\/v2\/media?parent=196901"}],"wp:term":[{"taxonomy":"category","embeddable":true,"href":"https:\/\/www.gaveanews.com\/index.php\/wp-json\/wp\/v2\/categories?post=196901"},{"taxonomy":"post_tag","embeddable":true,"href":"https:\/\/www.gaveanews.com\/index.php\/wp-json\/wp\/v2\/tags?post=196901"}],"curies":[{"name":"wp","href":"https:\/\/api.w.org\/{rel}","templated":true}]}}