{"id":196927,"date":"2024-12-10T10:00:00","date_gmt":"2024-12-10T13:00:00","guid":{"rendered":"https:\/\/www.gaveanews.com\/?p=196927"},"modified":"2024-12-10T09:06:26","modified_gmt":"2024-12-10T12:06:26","slug":"a-declaracao-de-denilson-direcionada-a-filipe-luis","status":"publish","type":"post","link":"https:\/\/www.gaveanews.com\/index.php\/2024\/12\/10\/a-declaracao-de-denilson-direcionada-a-filipe-luis\/","title":{"rendered":"A declara\u00e7\u00e3o de Den\u00edlson direcionada a Filipe Lu\u00eds"},"content":{"rendered":"\n<p>Filipe Lu\u00eds concluiu a temporada de forma positiva, elevando o desempenho do Flamengo e contribuindo para a conquista da Copa do Brasil. A equipe perdeu apenas uma partida em 15 jogos disputados, demonstrando efici\u00eancia. Sendo assim, o comentarista e ex-jogador Den\u00edlson, avaliou o t\u00e9cnico do Flamengo como um dos nomes mais promissores para a pr\u00f3xima temporada. <\/p>\n\n\n\n<ul class=\"wp-block-list\">\n<li><a href=\"https:\/\/www.gaveanews.com\/index.php\/2024\/12\/10\/a-declaracao-de-filipe-luis-sobre-quem-vi-vai-substituir-gabigol\/\">Flamengo: a declara\u00e7\u00e3o de Filipe Lu\u00eds sobre quem vai substituir Gabigol<\/a><\/li>\n\n\n\n<li><a href=\"https:\/\/www.gaveanews.com\/index.php\/2024\/12\/09\/video-a-declaracao-de-mauro-cezar-sobre-a-despedida-de-gabigol-do-flamengo\/\">V\u00eddeo: a declara\u00e7\u00e3o de Mauro Cezar sobre a despedida de Gabigol do Flamengo<\/a><\/li>\n<\/ul>\n\n\n\n<p>Para ele, o comandante rubro-negro possui atributos que o destacam no cen\u00e1rio futebol\u00edstico e potencial para conquistar novos patamares. Dessa maneira, o campe\u00e3o mundial em 2002, acredita que Filipe Lu\u00eds pode se tornar o treinador da Sele\u00e7\u00e3o Brasileira na Copa do Mundo. <\/p>\n\n\n\n<p>\u201cFilipe Lu\u00eds. Filipe Lu\u00eds pode ser treinador do Brasil na Copa do Mundo, hein?\u201d, afirmou Den\u00edlson durante entrevista \u00e0 ESPN na premia\u00e7\u00e3o do Bola de Prata. Atualmente, Dorival J\u00fanior ocupa o cargo de t\u00e9cnico da sele\u00e7\u00e3o, ap\u00f3s conquistas como a Libertadores e a Copa do Brasil pelo Flamengo em 2022.<\/p>\n\n\n\n<h2 class=\"wp-block-heading\" id=\"h-flamengo-se-destaca-para-2025-segundo-denilson\">Flamengo se destaca para 2025, segundo Den\u00edlson<\/h2>\n\n\n\n<p>Den\u00edlson considera o Flamengo um dos times mais fortes para a temporada de 2025. Al\u00e9m disso, ele apontou o Botafogo como outro candidato que poder\u00e1 disputar os principais t\u00edtulos no pr\u00f3ximo ano, o que evidencia a competitividade do cen\u00e1rio esportivo.<\/p>\n\n\n\n<p>Outro destaque mencionado por Den\u00edlson foi o Bahia, que, em sua avalia\u00e7\u00e3o, apresenta condi\u00e7\u00f5es para competir com equipes de alto n\u00edvel. Conforme o comentarista, o tricolor baiano se beneficia do modelo SAF, gerido pelo Grupo City, possibilitando investimentos estrat\u00e9gicos para fortalecer o time.<\/p>\n\n\n\n<h2 class=\"wp-block-heading\" id=\"h-planejamento-de-filipe-luis-para-um-2025-promissor\">Planejamento de Filipe Lu\u00eds para um 2025 promissor<\/h2>\n\n\n\n<p>Encerrada a temporada, Filipe Lu\u00eds detalhou os preparativos para 2025, destacando a qualidade do elenco e a necessidade de reposi\u00e7\u00f5es pontuais. Durante coletiva recente, o t\u00e9cnico enfatizou que, apesar da sa\u00edda de Gabi, o grupo possui jogadores qualificados para manter a competitividade e alcan\u00e7ar os objetivos tra\u00e7ados.<\/p>\n\n\n\n<p>Nesse sentido, ele refor\u00e7ou o foco na Supercopa, que ocorrer\u00e1 em fevereiro, e tamb\u00e9m nos principais campeonatos, como o Carioca, o Brasileiro, a Copa do Brasil e a Libertadores. Ademais, Filipe ressaltou a prioridade atribu\u00edda ao Brasileiro e \u00e0 Libertadores, competi\u00e7\u00f5es que garantem vaga no Mundial de Clubes.<\/p>\n\n\n<div class=\"wp-block-image\">\n<figure class=\"aligncenter size-large\"><img loading=\"lazy\" decoding=\"async\" width=\"1024\" height=\"683\" src=\"https:\/\/www.gaveanews.com\/wp-content\/uploads\/Filipe-Luis-como-tecnico-do-Flamengo-em-2024-1024x683.webp\" alt=\"\" class=\"wp-image-171213\" srcset=\"https:\/\/www.gaveanews.com\/wp-content\/uploads\/Filipe-Luis-como-tecnico-do-Flamengo-em-2024-1024x683.webp 1024w, https:\/\/www.gaveanews.com\/wp-content\/uploads\/Filipe-Luis-como-tecnico-do-Flamengo-em-2024-300x200.webp 300w, https:\/\/www.gaveanews.com\/wp-content\/uploads\/Filipe-Luis-como-tecnico-do-Flamengo-em-2024-768x512.webp 768w, https:\/\/www.gaveanews.com\/wp-content\/uploads\/Filipe-Luis-como-tecnico-do-Flamengo-em-2024-630x420.webp 630w, https:\/\/www.gaveanews.com\/wp-content\/uploads\/Filipe-Luis-como-tecnico-do-Flamengo-em-2024-640x427.webp 640w, https:\/\/www.gaveanews.com\/wp-content\/uploads\/Filipe-Luis-como-tecnico-do-Flamengo-em-2024-681x454.webp 681w, https:\/\/www.gaveanews.com\/wp-content\/uploads\/Filipe-Luis-como-tecnico-do-Flamengo-em-2024-100x67.webp 100w, https:\/\/www.gaveanews.com\/wp-content\/uploads\/Filipe-Luis-como-tecnico-do-Flamengo-em-2024.webp 1065w\" sizes=\"auto, (max-width: 1024px) 100vw, 1024px\" \/><figcaption class=\"wp-element-caption\">Filipe Lu\u00eds como t\u00e9cnico do Flamengo em 2024 (Foto: Gilvan de Souza e Marcelo Cortes \/ CRF)<\/figcaption><\/figure>\n<\/div>\n\n\n<h2 class=\"wp-block-heading\" id=\"h-flamengo-visa-temporada-intensa-e-de-conquistas\">Flamengo visa temporada intensa e de conquistas<\/h2>\n\n\n\n<p>Com o Mundial de Clubes no horizonte, Filipe Lu\u00eds destacou a import\u00e2ncia de uma pr\u00e9-temporada s\u00f3lida para enfrentar os desafios de 2025. Ele garantiu que a equipe buscar\u00e1 t\u00edtulos expressivos, utilizando a versatilidade do elenco para consolidar sua posi\u00e7\u00e3o no cen\u00e1rio nacional e internacional. <\/p>\n\n\n\n<p>Dessa forma, a prepara\u00e7\u00e3o, segundo ele, ser\u00e1 fundamental para atingir um ano de sucesso e alta performance. &#8220;A proje\u00e7\u00e3o \u00e9 que vai ser um ano intenso, um ano bom, por isso precisamos descansar bem, nos atualizarmos no futebol e voltar com as baterias recarregadas para fazer uma grande temporada&#8221;, afirmou o treinador do Flamengo.<\/p>\n","protected":false},"excerpt":{"rendered":"<p>Filipe Lu\u00eds concluiu a temporada de forma positiva, elevando o desempenho do Flamengo e contribuindo para a conquista da Copa do Brasil. A equipe perdeu apenas uma partida em 15 jogos disputados, demonstrando efici\u00eancia. Sendo assim, o comentarista e ex-jogador Den\u00edlson, avaliou o t\u00e9cnico do Flamengo como um dos nomes mais promissores para a pr\u00f3xima [&hellip;]<\/p>\n","protected":false},"author":28,"featured_media":142066,"comment_status":"open","ping_status":"closed","sticky":false,"template":"","format":"standard","meta":{"footnotes":""},"categories":[1],"tags":[],"class_list":["post-196927","post","type-post","status-publish","format-standard","has-post-thumbnail","hentry","category-flamengo"],"yoast_head":"<!-- This site is optimized with the Yoast SEO Premium plugin v24.2 (Yoast SEO v26.9) - https:\/\/yoast.com\/product\/yoast-seo-premium-wordpress\/ -->\n<title>A declara\u00e7\u00e3o de Den\u00edlson direcionada a Filipe Lu\u00eds<\/title>\n<meta name=\"robots\" content=\"index, follow, max-snippet:-1, max-image-preview:large, max-video-preview:-1\" \/>\n<link rel=\"canonical\" href=\"https:\/\/www.gaveanews.com\/index.php\/2024\/12\/10\/a-declaracao-de-denilson-direcionada-a-filipe-luis\/\" \/>\n<meta property=\"og:locale\" content=\"pt_BR\" \/>\n<meta property=\"og:type\" content=\"article\" \/>\n<meta property=\"og:title\" content=\"A declara\u00e7\u00e3o de Den\u00edlson direcionada a Filipe Lu\u00eds\" \/>\n<meta property=\"og:description\" content=\"Filipe Lu\u00eds concluiu a temporada de forma positiva, elevando o desempenho do Flamengo e contribuindo para a conquista da Copa do Brasil. A equipe perdeu apenas uma partida em 15 jogos disputados, demonstrando efici\u00eancia. Sendo assim, o comentarista e ex-jogador Den\u00edlson, avaliou o t\u00e9cnico do Flamengo como um dos nomes mais promissores para a pr\u00f3xima [&hellip;]\" \/>\n<meta property=\"og:url\" content=\"https:\/\/www.gaveanews.com\/index.php\/2024\/12\/10\/a-declaracao-de-denilson-direcionada-a-filipe-luis\/\" \/>\n<meta property=\"og:site_name\" content=\"G\u00e1vea News\" \/>\n<meta property=\"article:publisher\" content=\"https:\/\/facebook.com\/gaveaNews\/\" \/>\n<meta property=\"article:published_time\" content=\"2024-12-10T13:00:00+00:00\" \/>\n<meta property=\"og:image\" content=\"https:\/\/www.gaveanews.com\/wp-content\/uploads\/denilson-ex-jogador.webp\" \/>\n\t<meta property=\"og:image:width\" content=\"729\" \/>\n\t<meta property=\"og:image:height\" content=\"400\" \/>\n\t<meta property=\"og:image:type\" content=\"image\/jpeg\" \/>\n<meta name=\"author\" content=\"Hudson Pereira\" \/>\n<meta name=\"twitter:card\" content=\"summary_large_image\" \/>\n<meta name=\"twitter:label1\" content=\"Escrito por\" \/>\n\t<meta name=\"twitter:data1\" content=\"Hudson Pereira\" \/>\n\t<meta name=\"twitter:label2\" content=\"Est. tempo de leitura\" \/>\n\t<meta name=\"twitter:data2\" content=\"4 minutos\" \/>\n<script type=\"application\/ld+json\" class=\"yoast-schema-graph\">{\"@context\":\"https:\/\/schema.org\",\"@graph\":[{\"@type\":\"NewsArticle\",\"@id\":\"https:\/\/www.gaveanews.com\/index.php\/2024\/12\/10\/a-declaracao-de-denilson-direcionada-a-filipe-luis\/#article\",\"isPartOf\":{\"@id\":\"https:\/\/www.gaveanews.com\/index.php\/2024\/12\/10\/a-declaracao-de-denilson-direcionada-a-filipe-luis\/\"},\"author\":{\"name\":\"Hudson Pereira\",\"@id\":\"https:\/\/www.gaveanews.com\/#\/schema\/person\/bd08f00534b403119b92741a6d469ef0\"},\"headline\":\"A declara\u00e7\u00e3o de Den\u00edlson direcionada a Filipe Lu\u00eds\",\"datePublished\":\"2024-12-10T13:00:00+00:00\",\"mainEntityOfPage\":{\"@id\":\"https:\/\/www.gaveanews.com\/index.php\/2024\/12\/10\/a-declaracao-de-denilson-direcionada-a-filipe-luis\/\"},\"wordCount\":540,\"commentCount\":0,\"image\":{\"@id\":\"https:\/\/www.gaveanews.com\/index.php\/2024\/12\/10\/a-declaracao-de-denilson-direcionada-a-filipe-luis\/#primaryimage\"},\"thumbnailUrl\":\"https:\/\/www.gaveanews.com\/wp-content\/uploads\/denilson-ex-jogador.webp\",\"articleSection\":[\"Flamengo\"],\"inLanguage\":\"pt-BR\",\"potentialAction\":[{\"@type\":\"CommentAction\",\"name\":\"Comment\",\"target\":[\"https:\/\/www.gaveanews.com\/index.php\/2024\/12\/10\/a-declaracao-de-denilson-direcionada-a-filipe-luis\/#respond\"]}],\"copyrightYear\":\"2024\",\"copyrightHolder\":{\"@id\":\"https:\/\/www.gaveanews.com\/#organization\"}},{\"@type\":\"WebPage\",\"@id\":\"https:\/\/www.gaveanews.com\/index.php\/2024\/12\/10\/a-declaracao-de-denilson-direcionada-a-filipe-luis\/\",\"url\":\"https:\/\/www.gaveanews.com\/index.php\/2024\/12\/10\/a-declaracao-de-denilson-direcionada-a-filipe-luis\/\",\"name\":\"A declara\u00e7\u00e3o de Den\u00edlson direcionada a Filipe Lu\u00eds\",\"isPartOf\":{\"@id\":\"https:\/\/www.gaveanews.com\/#website\"},\"primaryImageOfPage\":{\"@id\":\"https:\/\/www.gaveanews.com\/index.php\/2024\/12\/10\/a-declaracao-de-denilson-direcionada-a-filipe-luis\/#primaryimage\"},\"image\":{\"@id\":\"https:\/\/www.gaveanews.com\/index.php\/2024\/12\/10\/a-declaracao-de-denilson-direcionada-a-filipe-luis\/#primaryimage\"},\"thumbnailUrl\":\"https:\/\/www.gaveanews.com\/wp-content\/uploads\/denilson-ex-jogador.webp\",\"datePublished\":\"2024-12-10T13:00:00+00:00\",\"author\":{\"@id\":\"https:\/\/www.gaveanews.com\/#\/schema\/person\/bd08f00534b403119b92741a6d469ef0\"},\"breadcrumb\":{\"@id\":\"https:\/\/www.gaveanews.com\/index.php\/2024\/12\/10\/a-declaracao-de-denilson-direcionada-a-filipe-luis\/#breadcrumb\"},\"inLanguage\":\"pt-BR\",\"potentialAction\":[{\"@type\":\"ReadAction\",\"target\":[\"https:\/\/www.gaveanews.com\/index.php\/2024\/12\/10\/a-declaracao-de-denilson-direcionada-a-filipe-luis\/\"]}]},{\"@type\":\"ImageObject\",\"inLanguage\":\"pt-BR\",\"@id\":\"https:\/\/www.gaveanews.com\/index.php\/2024\/12\/10\/a-declaracao-de-denilson-direcionada-a-filipe-luis\/#primaryimage\",\"url\":\"https:\/\/www.gaveanews.com\/wp-content\/uploads\/denilson-ex-jogador.webp\",\"contentUrl\":\"https:\/\/www.gaveanews.com\/wp-content\/uploads\/denilson-ex-jogador.webp\",\"width\":729,\"height\":400,\"caption\":\"Den\u00edlson em participa\u00e7\u00e3o no programa Jogo Aberto (Foto: Reprodu\u00e7\u00e3o\/Band)\"},{\"@type\":\"BreadcrumbList\",\"@id\":\"https:\/\/www.gaveanews.com\/index.php\/2024\/12\/10\/a-declaracao-de-denilson-direcionada-a-filipe-luis\/#breadcrumb\",\"itemListElement\":[{\"@type\":\"ListItem\",\"position\":1,\"name\":\"Home\",\"item\":\"https:\/\/www.gaveanews.com\/\"},{\"@type\":\"ListItem\",\"position\":2,\"name\":\"A declara\u00e7\u00e3o de Den\u00edlson direcionada a Filipe Lu\u00eds\"}]},{\"@type\":\"WebSite\",\"@id\":\"https:\/\/www.gaveanews.com\/#website\",\"url\":\"https:\/\/www.gaveanews.com\/\",\"name\":\"G\u00e1vea News\",\"description\":\"Veja todas as not\u00edcias sobre o Flamengo: Contrata\u00e7\u00f5es, categorias de base, resultados das partidas, tabela de classifica\u00e7\u00e3o, pr\u00f3ximos jogos!\",\"potentialAction\":[{\"@type\":\"SearchAction\",\"target\":{\"@type\":\"EntryPoint\",\"urlTemplate\":\"https:\/\/www.gaveanews.com\/?s={search_term_string}\"},\"query-input\":{\"@type\":\"PropertyValueSpecification\",\"valueRequired\":true,\"valueName\":\"search_term_string\"}}],\"inLanguage\":\"pt-BR\"},{\"@type\":\"Person\",\"@id\":\"https:\/\/www.gaveanews.com\/#\/schema\/person\/bd08f00534b403119b92741a6d469ef0\",\"name\":\"Hudson Pereira\",\"image\":{\"@type\":\"ImageObject\",\"inLanguage\":\"pt-BR\",\"@id\":\"https:\/\/www.gaveanews.com\/#\/schema\/person\/image\/\",\"url\":\"https:\/\/secure.gravatar.com\/avatar\/ecc491b489e454e510efffc9b23c1052ce5fb4f2e05555768ba65819cd55f03e?s=96&d=mm&r=g\",\"contentUrl\":\"https:\/\/secure.gravatar.com\/avatar\/ecc491b489e454e510efffc9b23c1052ce5fb4f2e05555768ba65819cd55f03e?s=96&d=mm&r=g\",\"caption\":\"Hudson Pereira\"}}]}<\/script>\n<!-- \/ Yoast SEO Premium plugin. -->","yoast_head_json":{"title":"A declara\u00e7\u00e3o de Den\u00edlson direcionada a Filipe Lu\u00eds","robots":{"index":"index","follow":"follow","max-snippet":"max-snippet:-1","max-image-preview":"max-image-preview:large","max-video-preview":"max-video-preview:-1"},"canonical":"https:\/\/www.gaveanews.com\/index.php\/2024\/12\/10\/a-declaracao-de-denilson-direcionada-a-filipe-luis\/","og_locale":"pt_BR","og_type":"article","og_title":"A declara\u00e7\u00e3o de Den\u00edlson direcionada a Filipe Lu\u00eds","og_description":"Filipe Lu\u00eds concluiu a temporada de forma positiva, elevando o desempenho do Flamengo e contribuindo para a conquista da Copa do Brasil. A equipe perdeu apenas uma partida em 15 jogos disputados, demonstrando efici\u00eancia. Sendo assim, o comentarista e ex-jogador Den\u00edlson, avaliou o t\u00e9cnico do Flamengo como um dos nomes mais promissores para a pr\u00f3xima [&hellip;]","og_url":"https:\/\/www.gaveanews.com\/index.php\/2024\/12\/10\/a-declaracao-de-denilson-direcionada-a-filipe-luis\/","og_site_name":"G\u00e1vea News","article_publisher":"https:\/\/facebook.com\/gaveaNews\/","article_published_time":"2024-12-10T13:00:00+00:00","og_image":[{"width":729,"height":400,"url":"https:\/\/www.gaveanews.com\/wp-content\/uploads\/denilson-ex-jogador.webp","type":"image\/jpeg"}],"author":"Hudson Pereira","twitter_card":"summary_large_image","twitter_misc":{"Escrito por":"Hudson Pereira","Est. tempo de leitura":"4 minutos"},"schema":{"@context":"https:\/\/schema.org","@graph":[{"@type":"NewsArticle","@id":"https:\/\/www.gaveanews.com\/index.php\/2024\/12\/10\/a-declaracao-de-denilson-direcionada-a-filipe-luis\/#article","isPartOf":{"@id":"https:\/\/www.gaveanews.com\/index.php\/2024\/12\/10\/a-declaracao-de-denilson-direcionada-a-filipe-luis\/"},"author":{"name":"Hudson Pereira","@id":"https:\/\/www.gaveanews.com\/#\/schema\/person\/bd08f00534b403119b92741a6d469ef0"},"headline":"A declara\u00e7\u00e3o de Den\u00edlson direcionada a Filipe Lu\u00eds","datePublished":"2024-12-10T13:00:00+00:00","mainEntityOfPage":{"@id":"https:\/\/www.gaveanews.com\/index.php\/2024\/12\/10\/a-declaracao-de-denilson-direcionada-a-filipe-luis\/"},"wordCount":540,"commentCount":0,"image":{"@id":"https:\/\/www.gaveanews.com\/index.php\/2024\/12\/10\/a-declaracao-de-denilson-direcionada-a-filipe-luis\/#primaryimage"},"thumbnailUrl":"https:\/\/www.gaveanews.com\/wp-content\/uploads\/denilson-ex-jogador.webp","articleSection":["Flamengo"],"inLanguage":"pt-BR","potentialAction":[{"@type":"CommentAction","name":"Comment","target":["https:\/\/www.gaveanews.com\/index.php\/2024\/12\/10\/a-declaracao-de-denilson-direcionada-a-filipe-luis\/#respond"]}],"copyrightYear":"2024","copyrightHolder":{"@id":"https:\/\/www.gaveanews.com\/#organization"}},{"@type":"WebPage","@id":"https:\/\/www.gaveanews.com\/index.php\/2024\/12\/10\/a-declaracao-de-denilson-direcionada-a-filipe-luis\/","url":"https:\/\/www.gaveanews.com\/index.php\/2024\/12\/10\/a-declaracao-de-denilson-direcionada-a-filipe-luis\/","name":"A declara\u00e7\u00e3o de Den\u00edlson direcionada a Filipe Lu\u00eds","isPartOf":{"@id":"https:\/\/www.gaveanews.com\/#website"},"primaryImageOfPage":{"@id":"https:\/\/www.gaveanews.com\/index.php\/2024\/12\/10\/a-declaracao-de-denilson-direcionada-a-filipe-luis\/#primaryimage"},"image":{"@id":"https:\/\/www.gaveanews.com\/index.php\/2024\/12\/10\/a-declaracao-de-denilson-direcionada-a-filipe-luis\/#primaryimage"},"thumbnailUrl":"https:\/\/www.gaveanews.com\/wp-content\/uploads\/denilson-ex-jogador.webp","datePublished":"2024-12-10T13:00:00+00:00","author":{"@id":"https:\/\/www.gaveanews.com\/#\/schema\/person\/bd08f00534b403119b92741a6d469ef0"},"breadcrumb":{"@id":"https:\/\/www.gaveanews.com\/index.php\/2024\/12\/10\/a-declaracao-de-denilson-direcionada-a-filipe-luis\/#breadcrumb"},"inLanguage":"pt-BR","potentialAction":[{"@type":"ReadAction","target":["https:\/\/www.gaveanews.com\/index.php\/2024\/12\/10\/a-declaracao-de-denilson-direcionada-a-filipe-luis\/"]}]},{"@type":"ImageObject","inLanguage":"pt-BR","@id":"https:\/\/www.gaveanews.com\/index.php\/2024\/12\/10\/a-declaracao-de-denilson-direcionada-a-filipe-luis\/#primaryimage","url":"https:\/\/www.gaveanews.com\/wp-content\/uploads\/denilson-ex-jogador.webp","contentUrl":"https:\/\/www.gaveanews.com\/wp-content\/uploads\/denilson-ex-jogador.webp","width":729,"height":400,"caption":"Den\u00edlson em participa\u00e7\u00e3o no programa Jogo Aberto (Foto: Reprodu\u00e7\u00e3o\/Band)"},{"@type":"BreadcrumbList","@id":"https:\/\/www.gaveanews.com\/index.php\/2024\/12\/10\/a-declaracao-de-denilson-direcionada-a-filipe-luis\/#breadcrumb","itemListElement":[{"@type":"ListItem","position":1,"name":"Home","item":"https:\/\/www.gaveanews.com\/"},{"@type":"ListItem","position":2,"name":"A declara\u00e7\u00e3o de Den\u00edlson direcionada a Filipe Lu\u00eds"}]},{"@type":"WebSite","@id":"https:\/\/www.gaveanews.com\/#website","url":"https:\/\/www.gaveanews.com\/","name":"G\u00e1vea News","description":"Veja todas as not\u00edcias sobre o Flamengo: Contrata\u00e7\u00f5es, categorias de base, resultados das partidas, tabela de classifica\u00e7\u00e3o, pr\u00f3ximos jogos!","potentialAction":[{"@type":"SearchAction","target":{"@type":"EntryPoint","urlTemplate":"https:\/\/www.gaveanews.com\/?s={search_term_string}"},"query-input":{"@type":"PropertyValueSpecification","valueRequired":true,"valueName":"search_term_string"}}],"inLanguage":"pt-BR"},{"@type":"Person","@id":"https:\/\/www.gaveanews.com\/#\/schema\/person\/bd08f00534b403119b92741a6d469ef0","name":"Hudson Pereira","image":{"@type":"ImageObject","inLanguage":"pt-BR","@id":"https:\/\/www.gaveanews.com\/#\/schema\/person\/image\/","url":"https:\/\/secure.gravatar.com\/avatar\/ecc491b489e454e510efffc9b23c1052ce5fb4f2e05555768ba65819cd55f03e?s=96&d=mm&r=g","contentUrl":"https:\/\/secure.gravatar.com\/avatar\/ecc491b489e454e510efffc9b23c1052ce5fb4f2e05555768ba65819cd55f03e?s=96&d=mm&r=g","caption":"Hudson Pereira"}}]}},"_links":{"self":[{"href":"https:\/\/www.gaveanews.com\/index.php\/wp-json\/wp\/v2\/posts\/196927","targetHints":{"allow":["GET"]}}],"collection":[{"href":"https:\/\/www.gaveanews.com\/index.php\/wp-json\/wp\/v2\/posts"}],"about":[{"href":"https:\/\/www.gaveanews.com\/index.php\/wp-json\/wp\/v2\/types\/post"}],"author":[{"embeddable":true,"href":"https:\/\/www.gaveanews.com\/index.php\/wp-json\/wp\/v2\/users\/28"}],"replies":[{"embeddable":true,"href":"https:\/\/www.gaveanews.com\/index.php\/wp-json\/wp\/v2\/comments?post=196927"}],"version-history":[{"count":1,"href":"https:\/\/www.gaveanews.com\/index.php\/wp-json\/wp\/v2\/posts\/196927\/revisions"}],"predecessor-version":[{"id":196930,"href":"https:\/\/www.gaveanews.com\/index.php\/wp-json\/wp\/v2\/posts\/196927\/revisions\/196930"}],"wp:featuredmedia":[{"embeddable":true,"href":"https:\/\/www.gaveanews.com\/index.php\/wp-json\/wp\/v2\/media\/142066"}],"wp:attachment":[{"href":"https:\/\/www.gaveanews.com\/index.php\/wp-json\/wp\/v2\/media?parent=196927"}],"wp:term":[{"taxonomy":"category","embeddable":true,"href":"https:\/\/www.gaveanews.com\/index.php\/wp-json\/wp\/v2\/categories?post=196927"},{"taxonomy":"post_tag","embeddable":true,"href":"https:\/\/www.gaveanews.com\/index.php\/wp-json\/wp\/v2\/tags?post=196927"}],"curies":[{"name":"wp","href":"https:\/\/api.w.org\/{rel}","templated":true}]}}