{"id":196936,"date":"2024-12-10T11:00:26","date_gmt":"2024-12-10T14:00:26","guid":{"rendered":"https:\/\/www.gaveanews.com\/?p=196936"},"modified":"2024-12-10T10:31:19","modified_gmt":"2024-12-10T13:31:19","slug":"a-declaracao-de-gabigol-direcionada-a-pedro-do-flamengo-e-yuri-alberto-do-corinthians","status":"publish","type":"post","link":"https:\/\/www.gaveanews.com\/index.php\/2024\/12\/10\/a-declaracao-de-gabigol-direcionada-a-pedro-do-flamengo-e-yuri-alberto-do-corinthians\/","title":{"rendered":"A declara\u00e7\u00e3o de Gabigol direcionada a Pedro, do Flamengo, e Yuri Alberto, do Corinthians"},"content":{"rendered":"\n<p>Ap\u00f3s o jogo de despedida que terminou em empate por 2 a 2 contra o Vit\u00f3ria, no qual marcou um gol ao lado de Ayrton Lucas, Gabigol concedeu entrevista ao canal &#8220;Podpah&#8221; nesta \u00faltima segunda-feira (9).<\/p>\n\n\n\n<ul class=\"wp-block-list\">\n<li><a href=\"https:\/\/www.gaveanews.com\/index.php\/2024\/12\/10\/a-declaracao-de-filipe-luis-sobre-quem-vi-vai-substituir-gabigol\/\">Flamengo: a declara\u00e7\u00e3o de Filipe Lu\u00eds sobre quem vai substituir Gabigol<\/a><\/li>\n\n\n\n<li><a href=\"https:\/\/www.gaveanews.com\/index.php\/2024\/12\/09\/video-a-declaracao-de-mauro-cezar-sobre-a-despedida-de-gabigol-do-flamengo\/\">V\u00eddeo: a declara\u00e7\u00e3o de Mauro Cezar sobre a despedida de Gabigol do Flamengo<\/a><\/li>\n<\/ul>\n\n\n\n<p>Durante a conversa, o atacante destacou que, em sua vis\u00e3o, os principais jogadores do futebol brasileiro est\u00e3o no Flamengo. Assim, ele comentou sobre o fato de ser reserva de Pedro, apontando o desempenho do companheiro de equipe em jogos anteriores.<\/p>\n\n\n\n<p>&#8220;Os melhores jogadores do Brasil est\u00e3o no Flamengo. Os melhores est\u00e3o l\u00e1. \u00c0s vezes, falavam que eu estava chateado por ser banco do Pedro. Eu ia falar o que? O cara fazia 5 gols por jogo&#8221;, disparou. <\/p>\n\n\n\n<p>O apresentador mencionou a disputa entre Yuri Alberto e Pedro. Ele ressaltou que o atacante do Corinthians superou o jogador do Flamengo por apenas um gol, apesar da les\u00e3o prolongada que afastou Pedro dos gramados.<\/p>\n\n\n\n<p>Gabigol, por sua vez, enfatizou o talento de Pedro, afirmando que, caso estivesse atuando, o atacante do Flamengo teria alcan\u00e7ado uma marca ainda mais expressiva de gols. &#8220;Com todo respeito ao Yuri Alberto, mas se o Pedro estivesse jogando, ele teria feito 100 gols. Esquece, ele joga muito&#8221;, alfinetou.<\/p>\n\n\n<div class=\"wp-block-image\">\n<figure class=\"aligncenter size-full\"><img loading=\"lazy\" decoding=\"async\" width=\"941\" height=\"604\" src=\"https:\/\/www.gaveanews.com\/wp-content\/uploads\/Yuri-Alberto-em-acao-pelo-Corinthians.webp\" alt=\"\" class=\"wp-image-171334\" srcset=\"https:\/\/www.gaveanews.com\/wp-content\/uploads\/Yuri-Alberto-em-acao-pelo-Corinthians.webp 941w, https:\/\/www.gaveanews.com\/wp-content\/uploads\/Yuri-Alberto-em-acao-pelo-Corinthians-300x194.webp 300w, https:\/\/www.gaveanews.com\/wp-content\/uploads\/Yuri-Alberto-em-acao-pelo-Corinthians-768x493.webp 768w, https:\/\/www.gaveanews.com\/wp-content\/uploads\/Yuri-Alberto-em-acao-pelo-Corinthians-654x420.webp 654w, https:\/\/www.gaveanews.com\/wp-content\/uploads\/Yuri-Alberto-em-acao-pelo-Corinthians-341x220.webp 341w, https:\/\/www.gaveanews.com\/wp-content\/uploads\/Yuri-Alberto-em-acao-pelo-Corinthians-640x411.webp 640w, https:\/\/www.gaveanews.com\/wp-content\/uploads\/Yuri-Alberto-em-acao-pelo-Corinthians-681x437.webp 681w, https:\/\/www.gaveanews.com\/wp-content\/uploads\/Yuri-Alberto-em-acao-pelo-Corinthians-100x64.webp 100w\" sizes=\"auto, (max-width: 941px) 100vw, 941px\" \/><figcaption class=\"wp-element-caption\">Yuri Alberto em a\u00e7\u00e3o pelo Corinthians (Foto: Rodrigo Coca\/Ag\u00eancia Corinthians)<\/figcaption><\/figure>\n<\/div>\n\n\n<h2 class=\"wp-block-heading\" id=\"h-futuro-de-gabigol-no-futebol\">Futuro de Gabigol no futebol <\/h2>\n\n\n\n<p>Com o t\u00e9rmino do Campeonato Brasileiro, o destino de Gabigol ser\u00e1 anunciado nos pr\u00f3ximos dias. Atualmente, o jogador possui v\u00ednculo com o Flamengo at\u00e9 o fim de dezembro, mas n\u00e3o h\u00e1 mais partidas previstas pelo clube.<\/p>\n\n\n\n<p>Cruzeiro e Santos despontam como os principais interessados na contrata\u00e7\u00e3o do atacante. Embora o time mineiro esteja em vantagem, o Santos, clube formador de Gabigol, busca traz\u00ea-lo de volta. A inten\u00e7\u00e3o \u00e9 refor\u00e7ar a equipe na temporada de retorno \u00e0 elite do futebol brasileiro em 2025.<\/p>\n\n\n\n<p>Gabigol, no entanto, negou qualquer acordo fechado com o Cruzeiro. Ele classificou os rumores como especula\u00e7\u00e3o, garantindo que ainda n\u00e3o definiu seu pr\u00f3ximo clube. O atacante admitiu que come\u00e7ar\u00e1 a avaliar as op\u00e7\u00f5es nos pr\u00f3ximos dias.<\/p>\n\n\n\n<p>O jogador mencionou que sua escolha pode incluir diversas equipes. Assim sendo, citou Santos, Cruzeiro, Corinthians, Fortaleza e Bahia, mas reiterou que n\u00e3o tomou nenhuma decis\u00e3o concreta at\u00e9 o momento.<\/p>\n\n\n\n<p>&#8220;Eu n\u00e3o estou acertado com ningu\u00e9m. Eu soube que depois da final da Copa do Brasil, saiu a not\u00edcia de que eu estava fechado com o Cruzeiro. Pode ser que aconte\u00e7a daqui a um m\u00eas, mas \u00e9 mentira&#8221;, declarou Gabigol.<\/p>\n","protected":false},"excerpt":{"rendered":"<p>Ap\u00f3s o jogo de despedida que terminou em empate por 2 a 2 contra o Vit\u00f3ria, no qual marcou um gol ao lado de Ayrton Lucas, Gabigol concedeu entrevista ao canal &#8220;Podpah&#8221; nesta \u00faltima segunda-feira (9). Durante a conversa, o atacante destacou que, em sua vis\u00e3o, os principais jogadores do futebol brasileiro est\u00e3o no Flamengo. [&hellip;]<\/p>\n","protected":false},"author":28,"featured_media":88458,"comment_status":"open","ping_status":"closed","sticky":false,"template":"","format":"standard","meta":{"footnotes":""},"categories":[1],"tags":[],"class_list":["post-196936","post","type-post","status-publish","format-standard","has-post-thumbnail","hentry","category-flamengo"],"yoast_head":"<!-- This site is optimized with the Yoast SEO Premium plugin v24.2 (Yoast SEO v26.9) - https:\/\/yoast.com\/product\/yoast-seo-premium-wordpress\/ -->\n<title>A declara\u00e7\u00e3o de Gabigol direcionada a Pedro, do Flamengo, e Yuri Alberto, do Corinthians<\/title>\n<meta name=\"robots\" content=\"index, follow, max-snippet:-1, max-image-preview:large, max-video-preview:-1\" \/>\n<link rel=\"canonical\" href=\"https:\/\/www.gaveanews.com\/index.php\/2024\/12\/10\/a-declaracao-de-gabigol-direcionada-a-pedro-do-flamengo-e-yuri-alberto-do-corinthians\/\" \/>\n<meta property=\"og:locale\" content=\"pt_BR\" \/>\n<meta property=\"og:type\" content=\"article\" \/>\n<meta property=\"og:title\" content=\"A declara\u00e7\u00e3o de Gabigol direcionada a Pedro, do Flamengo, e Yuri Alberto, do Corinthians\" \/>\n<meta property=\"og:description\" content=\"Ap\u00f3s o jogo de despedida que terminou em empate por 2 a 2 contra o Vit\u00f3ria, no qual marcou um gol ao lado de Ayrton Lucas, Gabigol concedeu entrevista ao canal &#8220;Podpah&#8221; nesta \u00faltima segunda-feira (9). Durante a conversa, o atacante destacou que, em sua vis\u00e3o, os principais jogadores do futebol brasileiro est\u00e3o no Flamengo. [&hellip;]\" \/>\n<meta property=\"og:url\" content=\"https:\/\/www.gaveanews.com\/index.php\/2024\/12\/10\/a-declaracao-de-gabigol-direcionada-a-pedro-do-flamengo-e-yuri-alberto-do-corinthians\/\" \/>\n<meta property=\"og:site_name\" content=\"G\u00e1vea News\" \/>\n<meta property=\"article:publisher\" content=\"https:\/\/facebook.com\/gaveaNews\/\" \/>\n<meta property=\"article:published_time\" content=\"2024-12-10T14:00:26+00:00\" \/>\n<meta property=\"og:image\" content=\"https:\/\/www.gaveanews.com\/wp-content\/uploads\/Pedro-e-Gabigol-1.webp\" \/>\n\t<meta property=\"og:image:width\" content=\"799\" \/>\n\t<meta property=\"og:image:height\" content=\"533\" \/>\n\t<meta property=\"og:image:type\" content=\"image\/jpeg\" \/>\n<meta name=\"author\" content=\"Hudson Pereira\" \/>\n<meta name=\"twitter:card\" content=\"summary_large_image\" \/>\n<meta name=\"twitter:label1\" content=\"Escrito por\" \/>\n\t<meta name=\"twitter:data1\" content=\"Hudson Pereira\" \/>\n\t<meta name=\"twitter:label2\" content=\"Est. tempo de leitura\" \/>\n\t<meta name=\"twitter:data2\" content=\"3 minutos\" \/>\n<script type=\"application\/ld+json\" class=\"yoast-schema-graph\">{\"@context\":\"https:\/\/schema.org\",\"@graph\":[{\"@type\":\"NewsArticle\",\"@id\":\"https:\/\/www.gaveanews.com\/index.php\/2024\/12\/10\/a-declaracao-de-gabigol-direcionada-a-pedro-do-flamengo-e-yuri-alberto-do-corinthians\/#article\",\"isPartOf\":{\"@id\":\"https:\/\/www.gaveanews.com\/index.php\/2024\/12\/10\/a-declaracao-de-gabigol-direcionada-a-pedro-do-flamengo-e-yuri-alberto-do-corinthians\/\"},\"author\":{\"name\":\"Hudson Pereira\",\"@id\":\"https:\/\/www.gaveanews.com\/#\/schema\/person\/bd08f00534b403119b92741a6d469ef0\"},\"headline\":\"A declara\u00e7\u00e3o de Gabigol direcionada a Pedro, do Flamengo, e Yuri Alberto, do Corinthians\",\"datePublished\":\"2024-12-10T14:00:26+00:00\",\"mainEntityOfPage\":{\"@id\":\"https:\/\/www.gaveanews.com\/index.php\/2024\/12\/10\/a-declaracao-de-gabigol-direcionada-a-pedro-do-flamengo-e-yuri-alberto-do-corinthians\/\"},\"wordCount\":466,\"commentCount\":0,\"image\":{\"@id\":\"https:\/\/www.gaveanews.com\/index.php\/2024\/12\/10\/a-declaracao-de-gabigol-direcionada-a-pedro-do-flamengo-e-yuri-alberto-do-corinthians\/#primaryimage\"},\"thumbnailUrl\":\"https:\/\/www.gaveanews.com\/wp-content\/uploads\/Pedro-e-Gabigol-1.webp\",\"articleSection\":[\"Flamengo\"],\"inLanguage\":\"pt-BR\",\"potentialAction\":[{\"@type\":\"CommentAction\",\"name\":\"Comment\",\"target\":[\"https:\/\/www.gaveanews.com\/index.php\/2024\/12\/10\/a-declaracao-de-gabigol-direcionada-a-pedro-do-flamengo-e-yuri-alberto-do-corinthians\/#respond\"]}],\"copyrightYear\":\"2024\",\"copyrightHolder\":{\"@id\":\"https:\/\/www.gaveanews.com\/#organization\"}},{\"@type\":\"WebPage\",\"@id\":\"https:\/\/www.gaveanews.com\/index.php\/2024\/12\/10\/a-declaracao-de-gabigol-direcionada-a-pedro-do-flamengo-e-yuri-alberto-do-corinthians\/\",\"url\":\"https:\/\/www.gaveanews.com\/index.php\/2024\/12\/10\/a-declaracao-de-gabigol-direcionada-a-pedro-do-flamengo-e-yuri-alberto-do-corinthians\/\",\"name\":\"A declara\u00e7\u00e3o de Gabigol direcionada a Pedro, do Flamengo, e Yuri Alberto, do Corinthians\",\"isPartOf\":{\"@id\":\"https:\/\/www.gaveanews.com\/#website\"},\"primaryImageOfPage\":{\"@id\":\"https:\/\/www.gaveanews.com\/index.php\/2024\/12\/10\/a-declaracao-de-gabigol-direcionada-a-pedro-do-flamengo-e-yuri-alberto-do-corinthians\/#primaryimage\"},\"image\":{\"@id\":\"https:\/\/www.gaveanews.com\/index.php\/2024\/12\/10\/a-declaracao-de-gabigol-direcionada-a-pedro-do-flamengo-e-yuri-alberto-do-corinthians\/#primaryimage\"},\"thumbnailUrl\":\"https:\/\/www.gaveanews.com\/wp-content\/uploads\/Pedro-e-Gabigol-1.webp\",\"datePublished\":\"2024-12-10T14:00:26+00:00\",\"author\":{\"@id\":\"https:\/\/www.gaveanews.com\/#\/schema\/person\/bd08f00534b403119b92741a6d469ef0\"},\"breadcrumb\":{\"@id\":\"https:\/\/www.gaveanews.com\/index.php\/2024\/12\/10\/a-declaracao-de-gabigol-direcionada-a-pedro-do-flamengo-e-yuri-alberto-do-corinthians\/#breadcrumb\"},\"inLanguage\":\"pt-BR\",\"potentialAction\":[{\"@type\":\"ReadAction\",\"target\":[\"https:\/\/www.gaveanews.com\/index.php\/2024\/12\/10\/a-declaracao-de-gabigol-direcionada-a-pedro-do-flamengo-e-yuri-alberto-do-corinthians\/\"]}]},{\"@type\":\"ImageObject\",\"inLanguage\":\"pt-BR\",\"@id\":\"https:\/\/www.gaveanews.com\/index.php\/2024\/12\/10\/a-declaracao-de-gabigol-direcionada-a-pedro-do-flamengo-e-yuri-alberto-do-corinthians\/#primaryimage\",\"url\":\"https:\/\/www.gaveanews.com\/wp-content\/uploads\/Pedro-e-Gabigol-1.webp\",\"contentUrl\":\"https:\/\/www.gaveanews.com\/wp-content\/uploads\/Pedro-e-Gabigol-1.webp\",\"width\":799,\"height\":533,\"caption\":\"Pedro e Gabigol marcam pelo Flamengo contra o Bragantino (Foto: Gilvan de Souza\/Flamengo)\"},{\"@type\":\"BreadcrumbList\",\"@id\":\"https:\/\/www.gaveanews.com\/index.php\/2024\/12\/10\/a-declaracao-de-gabigol-direcionada-a-pedro-do-flamengo-e-yuri-alberto-do-corinthians\/#breadcrumb\",\"itemListElement\":[{\"@type\":\"ListItem\",\"position\":1,\"name\":\"Home\",\"item\":\"https:\/\/www.gaveanews.com\/\"},{\"@type\":\"ListItem\",\"position\":2,\"name\":\"A declara\u00e7\u00e3o de Gabigol direcionada a Pedro, do Flamengo, e Yuri Alberto, do Corinthians\"}]},{\"@type\":\"WebSite\",\"@id\":\"https:\/\/www.gaveanews.com\/#website\",\"url\":\"https:\/\/www.gaveanews.com\/\",\"name\":\"G\u00e1vea News\",\"description\":\"Veja todas as not\u00edcias sobre o Flamengo: Contrata\u00e7\u00f5es, categorias de base, resultados das partidas, tabela de classifica\u00e7\u00e3o, pr\u00f3ximos jogos!\",\"potentialAction\":[{\"@type\":\"SearchAction\",\"target\":{\"@type\":\"EntryPoint\",\"urlTemplate\":\"https:\/\/www.gaveanews.com\/?s={search_term_string}\"},\"query-input\":{\"@type\":\"PropertyValueSpecification\",\"valueRequired\":true,\"valueName\":\"search_term_string\"}}],\"inLanguage\":\"pt-BR\"},{\"@type\":\"Person\",\"@id\":\"https:\/\/www.gaveanews.com\/#\/schema\/person\/bd08f00534b403119b92741a6d469ef0\",\"name\":\"Hudson Pereira\",\"image\":{\"@type\":\"ImageObject\",\"inLanguage\":\"pt-BR\",\"@id\":\"https:\/\/www.gaveanews.com\/#\/schema\/person\/image\/\",\"url\":\"https:\/\/secure.gravatar.com\/avatar\/ecc491b489e454e510efffc9b23c1052ce5fb4f2e05555768ba65819cd55f03e?s=96&d=mm&r=g\",\"contentUrl\":\"https:\/\/secure.gravatar.com\/avatar\/ecc491b489e454e510efffc9b23c1052ce5fb4f2e05555768ba65819cd55f03e?s=96&d=mm&r=g\",\"caption\":\"Hudson Pereira\"}}]}<\/script>\n<!-- \/ Yoast SEO Premium plugin. -->","yoast_head_json":{"title":"A declara\u00e7\u00e3o de Gabigol direcionada a Pedro, do Flamengo, e Yuri Alberto, do Corinthians","robots":{"index":"index","follow":"follow","max-snippet":"max-snippet:-1","max-image-preview":"max-image-preview:large","max-video-preview":"max-video-preview:-1"},"canonical":"https:\/\/www.gaveanews.com\/index.php\/2024\/12\/10\/a-declaracao-de-gabigol-direcionada-a-pedro-do-flamengo-e-yuri-alberto-do-corinthians\/","og_locale":"pt_BR","og_type":"article","og_title":"A declara\u00e7\u00e3o de Gabigol direcionada a Pedro, do Flamengo, e Yuri Alberto, do Corinthians","og_description":"Ap\u00f3s o jogo de despedida que terminou em empate por 2 a 2 contra o Vit\u00f3ria, no qual marcou um gol ao lado de Ayrton Lucas, Gabigol concedeu entrevista ao canal &#8220;Podpah&#8221; nesta \u00faltima segunda-feira (9). Durante a conversa, o atacante destacou que, em sua vis\u00e3o, os principais jogadores do futebol brasileiro est\u00e3o no Flamengo. [&hellip;]","og_url":"https:\/\/www.gaveanews.com\/index.php\/2024\/12\/10\/a-declaracao-de-gabigol-direcionada-a-pedro-do-flamengo-e-yuri-alberto-do-corinthians\/","og_site_name":"G\u00e1vea News","article_publisher":"https:\/\/facebook.com\/gaveaNews\/","article_published_time":"2024-12-10T14:00:26+00:00","og_image":[{"width":799,"height":533,"url":"https:\/\/www.gaveanews.com\/wp-content\/uploads\/Pedro-e-Gabigol-1.webp","type":"image\/jpeg"}],"author":"Hudson Pereira","twitter_card":"summary_large_image","twitter_misc":{"Escrito por":"Hudson Pereira","Est. tempo de leitura":"3 minutos"},"schema":{"@context":"https:\/\/schema.org","@graph":[{"@type":"NewsArticle","@id":"https:\/\/www.gaveanews.com\/index.php\/2024\/12\/10\/a-declaracao-de-gabigol-direcionada-a-pedro-do-flamengo-e-yuri-alberto-do-corinthians\/#article","isPartOf":{"@id":"https:\/\/www.gaveanews.com\/index.php\/2024\/12\/10\/a-declaracao-de-gabigol-direcionada-a-pedro-do-flamengo-e-yuri-alberto-do-corinthians\/"},"author":{"name":"Hudson Pereira","@id":"https:\/\/www.gaveanews.com\/#\/schema\/person\/bd08f00534b403119b92741a6d469ef0"},"headline":"A declara\u00e7\u00e3o de Gabigol direcionada a Pedro, do Flamengo, e Yuri Alberto, do Corinthians","datePublished":"2024-12-10T14:00:26+00:00","mainEntityOfPage":{"@id":"https:\/\/www.gaveanews.com\/index.php\/2024\/12\/10\/a-declaracao-de-gabigol-direcionada-a-pedro-do-flamengo-e-yuri-alberto-do-corinthians\/"},"wordCount":466,"commentCount":0,"image":{"@id":"https:\/\/www.gaveanews.com\/index.php\/2024\/12\/10\/a-declaracao-de-gabigol-direcionada-a-pedro-do-flamengo-e-yuri-alberto-do-corinthians\/#primaryimage"},"thumbnailUrl":"https:\/\/www.gaveanews.com\/wp-content\/uploads\/Pedro-e-Gabigol-1.webp","articleSection":["Flamengo"],"inLanguage":"pt-BR","potentialAction":[{"@type":"CommentAction","name":"Comment","target":["https:\/\/www.gaveanews.com\/index.php\/2024\/12\/10\/a-declaracao-de-gabigol-direcionada-a-pedro-do-flamengo-e-yuri-alberto-do-corinthians\/#respond"]}],"copyrightYear":"2024","copyrightHolder":{"@id":"https:\/\/www.gaveanews.com\/#organization"}},{"@type":"WebPage","@id":"https:\/\/www.gaveanews.com\/index.php\/2024\/12\/10\/a-declaracao-de-gabigol-direcionada-a-pedro-do-flamengo-e-yuri-alberto-do-corinthians\/","url":"https:\/\/www.gaveanews.com\/index.php\/2024\/12\/10\/a-declaracao-de-gabigol-direcionada-a-pedro-do-flamengo-e-yuri-alberto-do-corinthians\/","name":"A declara\u00e7\u00e3o de Gabigol direcionada a Pedro, do Flamengo, e Yuri Alberto, do Corinthians","isPartOf":{"@id":"https:\/\/www.gaveanews.com\/#website"},"primaryImageOfPage":{"@id":"https:\/\/www.gaveanews.com\/index.php\/2024\/12\/10\/a-declaracao-de-gabigol-direcionada-a-pedro-do-flamengo-e-yuri-alberto-do-corinthians\/#primaryimage"},"image":{"@id":"https:\/\/www.gaveanews.com\/index.php\/2024\/12\/10\/a-declaracao-de-gabigol-direcionada-a-pedro-do-flamengo-e-yuri-alberto-do-corinthians\/#primaryimage"},"thumbnailUrl":"https:\/\/www.gaveanews.com\/wp-content\/uploads\/Pedro-e-Gabigol-1.webp","datePublished":"2024-12-10T14:00:26+00:00","author":{"@id":"https:\/\/www.gaveanews.com\/#\/schema\/person\/bd08f00534b403119b92741a6d469ef0"},"breadcrumb":{"@id":"https:\/\/www.gaveanews.com\/index.php\/2024\/12\/10\/a-declaracao-de-gabigol-direcionada-a-pedro-do-flamengo-e-yuri-alberto-do-corinthians\/#breadcrumb"},"inLanguage":"pt-BR","potentialAction":[{"@type":"ReadAction","target":["https:\/\/www.gaveanews.com\/index.php\/2024\/12\/10\/a-declaracao-de-gabigol-direcionada-a-pedro-do-flamengo-e-yuri-alberto-do-corinthians\/"]}]},{"@type":"ImageObject","inLanguage":"pt-BR","@id":"https:\/\/www.gaveanews.com\/index.php\/2024\/12\/10\/a-declaracao-de-gabigol-direcionada-a-pedro-do-flamengo-e-yuri-alberto-do-corinthians\/#primaryimage","url":"https:\/\/www.gaveanews.com\/wp-content\/uploads\/Pedro-e-Gabigol-1.webp","contentUrl":"https:\/\/www.gaveanews.com\/wp-content\/uploads\/Pedro-e-Gabigol-1.webp","width":799,"height":533,"caption":"Pedro e Gabigol marcam pelo Flamengo contra o Bragantino (Foto: Gilvan de Souza\/Flamengo)"},{"@type":"BreadcrumbList","@id":"https:\/\/www.gaveanews.com\/index.php\/2024\/12\/10\/a-declaracao-de-gabigol-direcionada-a-pedro-do-flamengo-e-yuri-alberto-do-corinthians\/#breadcrumb","itemListElement":[{"@type":"ListItem","position":1,"name":"Home","item":"https:\/\/www.gaveanews.com\/"},{"@type":"ListItem","position":2,"name":"A declara\u00e7\u00e3o de Gabigol direcionada a Pedro, do Flamengo, e Yuri Alberto, do Corinthians"}]},{"@type":"WebSite","@id":"https:\/\/www.gaveanews.com\/#website","url":"https:\/\/www.gaveanews.com\/","name":"G\u00e1vea News","description":"Veja todas as not\u00edcias sobre o Flamengo: Contrata\u00e7\u00f5es, categorias de base, resultados das partidas, tabela de classifica\u00e7\u00e3o, pr\u00f3ximos jogos!","potentialAction":[{"@type":"SearchAction","target":{"@type":"EntryPoint","urlTemplate":"https:\/\/www.gaveanews.com\/?s={search_term_string}"},"query-input":{"@type":"PropertyValueSpecification","valueRequired":true,"valueName":"search_term_string"}}],"inLanguage":"pt-BR"},{"@type":"Person","@id":"https:\/\/www.gaveanews.com\/#\/schema\/person\/bd08f00534b403119b92741a6d469ef0","name":"Hudson Pereira","image":{"@type":"ImageObject","inLanguage":"pt-BR","@id":"https:\/\/www.gaveanews.com\/#\/schema\/person\/image\/","url":"https:\/\/secure.gravatar.com\/avatar\/ecc491b489e454e510efffc9b23c1052ce5fb4f2e05555768ba65819cd55f03e?s=96&d=mm&r=g","contentUrl":"https:\/\/secure.gravatar.com\/avatar\/ecc491b489e454e510efffc9b23c1052ce5fb4f2e05555768ba65819cd55f03e?s=96&d=mm&r=g","caption":"Hudson Pereira"}}]}},"_links":{"self":[{"href":"https:\/\/www.gaveanews.com\/index.php\/wp-json\/wp\/v2\/posts\/196936","targetHints":{"allow":["GET"]}}],"collection":[{"href":"https:\/\/www.gaveanews.com\/index.php\/wp-json\/wp\/v2\/posts"}],"about":[{"href":"https:\/\/www.gaveanews.com\/index.php\/wp-json\/wp\/v2\/types\/post"}],"author":[{"embeddable":true,"href":"https:\/\/www.gaveanews.com\/index.php\/wp-json\/wp\/v2\/users\/28"}],"replies":[{"embeddable":true,"href":"https:\/\/www.gaveanews.com\/index.php\/wp-json\/wp\/v2\/comments?post=196936"}],"version-history":[{"count":2,"href":"https:\/\/www.gaveanews.com\/index.php\/wp-json\/wp\/v2\/posts\/196936\/revisions"}],"predecessor-version":[{"id":196943,"href":"https:\/\/www.gaveanews.com\/index.php\/wp-json\/wp\/v2\/posts\/196936\/revisions\/196943"}],"wp:featuredmedia":[{"embeddable":true,"href":"https:\/\/www.gaveanews.com\/index.php\/wp-json\/wp\/v2\/media\/88458"}],"wp:attachment":[{"href":"https:\/\/www.gaveanews.com\/index.php\/wp-json\/wp\/v2\/media?parent=196936"}],"wp:term":[{"taxonomy":"category","embeddable":true,"href":"https:\/\/www.gaveanews.com\/index.php\/wp-json\/wp\/v2\/categories?post=196936"},{"taxonomy":"post_tag","embeddable":true,"href":"https:\/\/www.gaveanews.com\/index.php\/wp-json\/wp\/v2\/tags?post=196936"}],"curies":[{"name":"wp","href":"https:\/\/api.w.org\/{rel}","templated":true}]}}