{"id":196961,"date":"2024-12-10T13:30:04","date_gmt":"2024-12-10T16:30:04","guid":{"rendered":"https:\/\/www.gaveanews.com\/?p=196961"},"modified":"2024-12-10T13:30:09","modified_gmt":"2024-12-10T16:30:09","slug":"a-declaracao-de-marcos-braz-sobre-a-eleicao-no-flamengo","status":"publish","type":"post","link":"https:\/\/www.gaveanews.com\/index.php\/2024\/12\/10\/a-declaracao-de-marcos-braz-sobre-a-eleicao-no-flamengo\/","title":{"rendered":"A declara\u00e7\u00e3o de Marcos Braz sobre a elei\u00e7\u00e3o no Flamengo"},"content":{"rendered":"\n<p>Os s\u00f3cios do Flamengo elegeram o novo presidente do clube na \u00faltima segunda-feira (9\/12), na sede da G\u00e1vea, zona Sul do Rio de Janeiro, um dia ap\u00f3s o encerramento do Campeonato Brasileiro. Luiz Eduardo Baptista, o Bap, foi eleito com 1.731 votos, superando Rodrigo Dunshee, candidato da situa\u00e7\u00e3o. O vice-presidente ainda em exerc\u00edcio, Marcos Braz, afirmou que far\u00e1 uma transi\u00e7\u00e3o amig\u00e1vel e recha\u00e7ou as cr\u00edticas apontando amadorismo na gest\u00e3o do futebol.<\/p>\n\n\n\n<ul class=\"wp-block-list\">\n<li><a href=\"https:\/\/www.gaveanews.com\/index.php\/2024\/12\/10\/a-declaracao-de-gabigol-direcionada-a-pedro-do-flamengo-e-yuri-alberto-do-corinthians\/\">A declara\u00e7\u00e3o de Gabigol direcionada a Pedro, do Flamengo, e Yuri Alberto, do Corinthians<\/a><\/li>\n\n\n\n<li><a href=\"https:\/\/www.gaveanews.com\/index.php\/2024\/12\/10\/saiba-os-oito-clubes-que-estao-classificados-para-a-libertadores\/\">Saiba os oito clubes que est\u00e3o classificados para a Libertadores<\/a><\/li>\n<\/ul>\n\n\n\n<p>Depois de votar, o dirigente rubro-negro salientou a postura que adotar\u00e1 no per\u00edodo p\u00f3s-elei\u00e7\u00e3o. Ele continua no cargo at\u00e9 o fim de dezembro e a partir de ent\u00e3o, Bap indicar\u00e1 outro nome para a principal pasta do Flamengo.<\/p>\n\n\n\n<p>&#8220;Sistematicamente eu tenho falado isso. Para quem for, mesmo que seja da situa\u00e7\u00e3o, eu vou fazer a transi\u00e7\u00e3o. Uma transi\u00e7\u00e3o respons\u00e1vel, uma transi\u00e7\u00e3o que o Flamengo precisa. Voc\u00ea ali tem muitas informa\u00e7\u00f5es sens\u00edveis. Vou estar \u00e0 disposi\u00e7\u00e3o at\u00e9 o dia 31 de dezembro. Tenho certeza que qualquer candidato que ven\u00e7a hoje, independente de qualquer situa\u00e7\u00e3o, vai chegar e vai me ligar amanh\u00e3 para come\u00e7ar a fazer essa transi\u00e7\u00e3o. E vou fazer uma transi\u00e7\u00e3o respons\u00e1vel, transparente com qualquer um que ven\u00e7a. Estou torcendo para o Rodrigo (Dunshee)&#8221;, revelou.<\/p>\n\n\n\n<p>Marcos Braz n\u00e3o perdeu a oportunidade e tamb\u00e9m recha\u00e7ou as cr\u00edticas de que o departamento de futebol operava de forma amadora. Ele ressaltou o trabalho feito e afirmou que entrega um elenco \u201cmuito melhor\u201d do que o que ele pegou.<\/p>\n\n\n\n<p>\u201cO que eu posso falar para voc\u00ea \u00e9 que eu entrego um elenco muito melhor do que eu peguei, um departamento muito mais robusto, em todas as \u00e1reas, mesmo com essa palha\u00e7ada de neg\u00f3cio de amador, o \u00fanico amador ali sou eu. Toda a estrutura \u00e9 profissional\u201c, disse Marcos Braz.<\/p>\n\n\n\n<p>Braz ainda aproveitou para explicar que o novo vice-presidente \u00e9 quem decidir\u00e1 sobre v\u00e1rias quest\u00f5es dentro do clube, mas que ele vai destrinchar como ele est\u00e1 organizado.<\/p>\n\n\n\n<p>\u201cA gente tem funcion\u00e1rios fant\u00e1sticos. O eleito \u00e9 quem vai decidir o que ir\u00e1 fazer, mas eu vou deixar bem claro como est\u00e1 o futebol, vou apresentar todas as informa\u00e7\u00f5es poss\u00edveis. Quem ganhar a elei\u00e7\u00e3o que fa\u00e7a as an\u00e1lises e decis\u00f5es cab\u00edveis para 2025, 26 e 27\u201c, completou durante as elei\u00e7\u00f5es do clube.<\/p>\n","protected":false},"excerpt":{"rendered":"<p>Os s\u00f3cios do Flamengo elegeram o novo presidente do clube na \u00faltima segunda-feira (9\/12), na sede da G\u00e1vea, zona Sul do Rio de Janeiro, um dia ap\u00f3s o encerramento do Campeonato Brasileiro. Luiz Eduardo Baptista, o Bap, foi eleito com 1.731 votos, superando Rodrigo Dunshee, candidato da situa\u00e7\u00e3o. O vice-presidente ainda em exerc\u00edcio, Marcos Braz, [&hellip;]<\/p>\n","protected":false},"author":29,"featured_media":127549,"comment_status":"open","ping_status":"closed","sticky":false,"template":"","format":"standard","meta":{"footnotes":""},"categories":[1],"tags":[],"class_list":["post-196961","post","type-post","status-publish","format-standard","has-post-thumbnail","hentry","category-flamengo"],"yoast_head":"<!-- This site is optimized with the Yoast SEO Premium plugin v24.2 (Yoast SEO v26.9) - https:\/\/yoast.com\/product\/yoast-seo-premium-wordpress\/ -->\n<title>A declara\u00e7\u00e3o de Marcos Braz sobre a elei\u00e7\u00e3o no Flamengo<\/title>\n<meta name=\"robots\" content=\"index, follow, max-snippet:-1, max-image-preview:large, max-video-preview:-1\" \/>\n<link rel=\"canonical\" href=\"https:\/\/www.gaveanews.com\/index.php\/2024\/12\/10\/a-declaracao-de-marcos-braz-sobre-a-eleicao-no-flamengo\/\" \/>\n<meta property=\"og:locale\" content=\"pt_BR\" \/>\n<meta property=\"og:type\" content=\"article\" \/>\n<meta property=\"og:title\" content=\"A declara\u00e7\u00e3o de Marcos Braz sobre a elei\u00e7\u00e3o no Flamengo\" \/>\n<meta property=\"og:description\" content=\"Os s\u00f3cios do Flamengo elegeram o novo presidente do clube na \u00faltima segunda-feira (9\/12), na sede da G\u00e1vea, zona Sul do Rio de Janeiro, um dia ap\u00f3s o encerramento do Campeonato Brasileiro. Luiz Eduardo Baptista, o Bap, foi eleito com 1.731 votos, superando Rodrigo Dunshee, candidato da situa\u00e7\u00e3o. O vice-presidente ainda em exerc\u00edcio, Marcos Braz, [&hellip;]\" \/>\n<meta property=\"og:url\" content=\"https:\/\/www.gaveanews.com\/index.php\/2024\/12\/10\/a-declaracao-de-marcos-braz-sobre-a-eleicao-no-flamengo\/\" \/>\n<meta property=\"og:site_name\" content=\"G\u00e1vea News\" \/>\n<meta property=\"article:publisher\" content=\"https:\/\/facebook.com\/gaveaNews\/\" \/>\n<meta property=\"article:published_time\" content=\"2024-12-10T16:30:04+00:00\" \/>\n<meta property=\"article:modified_time\" content=\"2024-12-10T16:30:09+00:00\" \/>\n<meta property=\"og:image\" content=\"https:\/\/www.gaveanews.com\/wp-content\/uploads\/Marcos-Braz.webp\" \/>\n\t<meta property=\"og:image:width\" content=\"1200\" \/>\n\t<meta property=\"og:image:height\" content=\"750\" \/>\n\t<meta property=\"og:image:type\" content=\"image\/webp\" \/>\n<meta name=\"author\" content=\"Marco Menezes\" \/>\n<meta name=\"twitter:card\" content=\"summary_large_image\" \/>\n<meta name=\"twitter:label1\" content=\"Escrito por\" \/>\n\t<meta name=\"twitter:data1\" content=\"Marco Menezes\" \/>\n\t<meta name=\"twitter:label2\" content=\"Est. tempo de leitura\" \/>\n\t<meta name=\"twitter:data2\" content=\"3 minutos\" \/>\n<script type=\"application\/ld+json\" class=\"yoast-schema-graph\">{\"@context\":\"https:\/\/schema.org\",\"@graph\":[{\"@type\":\"NewsArticle\",\"@id\":\"https:\/\/www.gaveanews.com\/index.php\/2024\/12\/10\/a-declaracao-de-marcos-braz-sobre-a-eleicao-no-flamengo\/#article\",\"isPartOf\":{\"@id\":\"https:\/\/www.gaveanews.com\/index.php\/2024\/12\/10\/a-declaracao-de-marcos-braz-sobre-a-eleicao-no-flamengo\/\"},\"author\":{\"name\":\"Marco Menezes\",\"@id\":\"https:\/\/www.gaveanews.com\/#\/schema\/person\/a9f62fe75380c6bada1b2fc49bc23d69\"},\"headline\":\"A declara\u00e7\u00e3o de Marcos Braz sobre a elei\u00e7\u00e3o no Flamengo\",\"datePublished\":\"2024-12-10T16:30:04+00:00\",\"dateModified\":\"2024-12-10T16:30:09+00:00\",\"mainEntityOfPage\":{\"@id\":\"https:\/\/www.gaveanews.com\/index.php\/2024\/12\/10\/a-declaracao-de-marcos-braz-sobre-a-eleicao-no-flamengo\/\"},\"wordCount\":440,\"commentCount\":0,\"image\":{\"@id\":\"https:\/\/www.gaveanews.com\/index.php\/2024\/12\/10\/a-declaracao-de-marcos-braz-sobre-a-eleicao-no-flamengo\/#primaryimage\"},\"thumbnailUrl\":\"https:\/\/www.gaveanews.com\/wp-content\/uploads\/Marcos-Braz.webp\",\"articleSection\":[\"Flamengo\"],\"inLanguage\":\"pt-BR\",\"potentialAction\":[{\"@type\":\"CommentAction\",\"name\":\"Comment\",\"target\":[\"https:\/\/www.gaveanews.com\/index.php\/2024\/12\/10\/a-declaracao-de-marcos-braz-sobre-a-eleicao-no-flamengo\/#respond\"]}],\"copyrightYear\":\"2024\",\"copyrightHolder\":{\"@id\":\"https:\/\/www.gaveanews.com\/#organization\"}},{\"@type\":\"WebPage\",\"@id\":\"https:\/\/www.gaveanews.com\/index.php\/2024\/12\/10\/a-declaracao-de-marcos-braz-sobre-a-eleicao-no-flamengo\/\",\"url\":\"https:\/\/www.gaveanews.com\/index.php\/2024\/12\/10\/a-declaracao-de-marcos-braz-sobre-a-eleicao-no-flamengo\/\",\"name\":\"A declara\u00e7\u00e3o de Marcos Braz sobre a elei\u00e7\u00e3o no Flamengo\",\"isPartOf\":{\"@id\":\"https:\/\/www.gaveanews.com\/#website\"},\"primaryImageOfPage\":{\"@id\":\"https:\/\/www.gaveanews.com\/index.php\/2024\/12\/10\/a-declaracao-de-marcos-braz-sobre-a-eleicao-no-flamengo\/#primaryimage\"},\"image\":{\"@id\":\"https:\/\/www.gaveanews.com\/index.php\/2024\/12\/10\/a-declaracao-de-marcos-braz-sobre-a-eleicao-no-flamengo\/#primaryimage\"},\"thumbnailUrl\":\"https:\/\/www.gaveanews.com\/wp-content\/uploads\/Marcos-Braz.webp\",\"datePublished\":\"2024-12-10T16:30:04+00:00\",\"dateModified\":\"2024-12-10T16:30:09+00:00\",\"author\":{\"@id\":\"https:\/\/www.gaveanews.com\/#\/schema\/person\/a9f62fe75380c6bada1b2fc49bc23d69\"},\"breadcrumb\":{\"@id\":\"https:\/\/www.gaveanews.com\/index.php\/2024\/12\/10\/a-declaracao-de-marcos-braz-sobre-a-eleicao-no-flamengo\/#breadcrumb\"},\"inLanguage\":\"pt-BR\",\"potentialAction\":[{\"@type\":\"ReadAction\",\"target\":[\"https:\/\/www.gaveanews.com\/index.php\/2024\/12\/10\/a-declaracao-de-marcos-braz-sobre-a-eleicao-no-flamengo\/\"]}]},{\"@type\":\"ImageObject\",\"inLanguage\":\"pt-BR\",\"@id\":\"https:\/\/www.gaveanews.com\/index.php\/2024\/12\/10\/a-declaracao-de-marcos-braz-sobre-a-eleicao-no-flamengo\/#primaryimage\",\"url\":\"https:\/\/www.gaveanews.com\/wp-content\/uploads\/Marcos-Braz.webp\",\"contentUrl\":\"https:\/\/www.gaveanews.com\/wp-content\/uploads\/Marcos-Braz.webp\",\"width\":1200,\"height\":750,\"caption\":\"Marcos Braz j\u00e1 foi vice-presidente de futebol do Flamengo - Foto: Gilvan de Souza\/Flamengo\"},{\"@type\":\"BreadcrumbList\",\"@id\":\"https:\/\/www.gaveanews.com\/index.php\/2024\/12\/10\/a-declaracao-de-marcos-braz-sobre-a-eleicao-no-flamengo\/#breadcrumb\",\"itemListElement\":[{\"@type\":\"ListItem\",\"position\":1,\"name\":\"Home\",\"item\":\"https:\/\/www.gaveanews.com\/\"},{\"@type\":\"ListItem\",\"position\":2,\"name\":\"A declara\u00e7\u00e3o de Marcos Braz sobre a elei\u00e7\u00e3o no Flamengo\"}]},{\"@type\":\"WebSite\",\"@id\":\"https:\/\/www.gaveanews.com\/#website\",\"url\":\"https:\/\/www.gaveanews.com\/\",\"name\":\"G\u00e1vea News\",\"description\":\"Veja todas as not\u00edcias sobre o Flamengo: Contrata\u00e7\u00f5es, categorias de base, resultados das partidas, tabela de classifica\u00e7\u00e3o, pr\u00f3ximos jogos!\",\"potentialAction\":[{\"@type\":\"SearchAction\",\"target\":{\"@type\":\"EntryPoint\",\"urlTemplate\":\"https:\/\/www.gaveanews.com\/?s={search_term_string}\"},\"query-input\":{\"@type\":\"PropertyValueSpecification\",\"valueRequired\":true,\"valueName\":\"search_term_string\"}}],\"inLanguage\":\"pt-BR\"},{\"@type\":\"Person\",\"@id\":\"https:\/\/www.gaveanews.com\/#\/schema\/person\/a9f62fe75380c6bada1b2fc49bc23d69\",\"name\":\"Marco Menezes\",\"image\":{\"@type\":\"ImageObject\",\"inLanguage\":\"pt-BR\",\"@id\":\"https:\/\/www.gaveanews.com\/#\/schema\/person\/image\/\",\"url\":\"https:\/\/secure.gravatar.com\/avatar\/a1d148ae17fc8bfc5dbccffd07979e8bd2c9ba494221779de86ec2c7907b71ec?s=96&d=mm&r=g\",\"contentUrl\":\"https:\/\/secure.gravatar.com\/avatar\/a1d148ae17fc8bfc5dbccffd07979e8bd2c9ba494221779de86ec2c7907b71ec?s=96&d=mm&r=g\",\"caption\":\"Marco Menezes\"}}]}<\/script>\n<!-- \/ Yoast SEO Premium plugin. -->","yoast_head_json":{"title":"A declara\u00e7\u00e3o de Marcos Braz sobre a elei\u00e7\u00e3o no Flamengo","robots":{"index":"index","follow":"follow","max-snippet":"max-snippet:-1","max-image-preview":"max-image-preview:large","max-video-preview":"max-video-preview:-1"},"canonical":"https:\/\/www.gaveanews.com\/index.php\/2024\/12\/10\/a-declaracao-de-marcos-braz-sobre-a-eleicao-no-flamengo\/","og_locale":"pt_BR","og_type":"article","og_title":"A declara\u00e7\u00e3o de Marcos Braz sobre a elei\u00e7\u00e3o no Flamengo","og_description":"Os s\u00f3cios do Flamengo elegeram o novo presidente do clube na \u00faltima segunda-feira (9\/12), na sede da G\u00e1vea, zona Sul do Rio de Janeiro, um dia ap\u00f3s o encerramento do Campeonato Brasileiro. Luiz Eduardo Baptista, o Bap, foi eleito com 1.731 votos, superando Rodrigo Dunshee, candidato da situa\u00e7\u00e3o. O vice-presidente ainda em exerc\u00edcio, Marcos Braz, [&hellip;]","og_url":"https:\/\/www.gaveanews.com\/index.php\/2024\/12\/10\/a-declaracao-de-marcos-braz-sobre-a-eleicao-no-flamengo\/","og_site_name":"G\u00e1vea News","article_publisher":"https:\/\/facebook.com\/gaveaNews\/","article_published_time":"2024-12-10T16:30:04+00:00","article_modified_time":"2024-12-10T16:30:09+00:00","og_image":[{"width":1200,"height":750,"url":"https:\/\/www.gaveanews.com\/wp-content\/uploads\/Marcos-Braz.webp","type":"image\/webp"}],"author":"Marco Menezes","twitter_card":"summary_large_image","twitter_misc":{"Escrito por":"Marco Menezes","Est. tempo de leitura":"3 minutos"},"schema":{"@context":"https:\/\/schema.org","@graph":[{"@type":"NewsArticle","@id":"https:\/\/www.gaveanews.com\/index.php\/2024\/12\/10\/a-declaracao-de-marcos-braz-sobre-a-eleicao-no-flamengo\/#article","isPartOf":{"@id":"https:\/\/www.gaveanews.com\/index.php\/2024\/12\/10\/a-declaracao-de-marcos-braz-sobre-a-eleicao-no-flamengo\/"},"author":{"name":"Marco Menezes","@id":"https:\/\/www.gaveanews.com\/#\/schema\/person\/a9f62fe75380c6bada1b2fc49bc23d69"},"headline":"A declara\u00e7\u00e3o de Marcos Braz sobre a elei\u00e7\u00e3o no Flamengo","datePublished":"2024-12-10T16:30:04+00:00","dateModified":"2024-12-10T16:30:09+00:00","mainEntityOfPage":{"@id":"https:\/\/www.gaveanews.com\/index.php\/2024\/12\/10\/a-declaracao-de-marcos-braz-sobre-a-eleicao-no-flamengo\/"},"wordCount":440,"commentCount":0,"image":{"@id":"https:\/\/www.gaveanews.com\/index.php\/2024\/12\/10\/a-declaracao-de-marcos-braz-sobre-a-eleicao-no-flamengo\/#primaryimage"},"thumbnailUrl":"https:\/\/www.gaveanews.com\/wp-content\/uploads\/Marcos-Braz.webp","articleSection":["Flamengo"],"inLanguage":"pt-BR","potentialAction":[{"@type":"CommentAction","name":"Comment","target":["https:\/\/www.gaveanews.com\/index.php\/2024\/12\/10\/a-declaracao-de-marcos-braz-sobre-a-eleicao-no-flamengo\/#respond"]}],"copyrightYear":"2024","copyrightHolder":{"@id":"https:\/\/www.gaveanews.com\/#organization"}},{"@type":"WebPage","@id":"https:\/\/www.gaveanews.com\/index.php\/2024\/12\/10\/a-declaracao-de-marcos-braz-sobre-a-eleicao-no-flamengo\/","url":"https:\/\/www.gaveanews.com\/index.php\/2024\/12\/10\/a-declaracao-de-marcos-braz-sobre-a-eleicao-no-flamengo\/","name":"A declara\u00e7\u00e3o de Marcos Braz sobre a elei\u00e7\u00e3o no Flamengo","isPartOf":{"@id":"https:\/\/www.gaveanews.com\/#website"},"primaryImageOfPage":{"@id":"https:\/\/www.gaveanews.com\/index.php\/2024\/12\/10\/a-declaracao-de-marcos-braz-sobre-a-eleicao-no-flamengo\/#primaryimage"},"image":{"@id":"https:\/\/www.gaveanews.com\/index.php\/2024\/12\/10\/a-declaracao-de-marcos-braz-sobre-a-eleicao-no-flamengo\/#primaryimage"},"thumbnailUrl":"https:\/\/www.gaveanews.com\/wp-content\/uploads\/Marcos-Braz.webp","datePublished":"2024-12-10T16:30:04+00:00","dateModified":"2024-12-10T16:30:09+00:00","author":{"@id":"https:\/\/www.gaveanews.com\/#\/schema\/person\/a9f62fe75380c6bada1b2fc49bc23d69"},"breadcrumb":{"@id":"https:\/\/www.gaveanews.com\/index.php\/2024\/12\/10\/a-declaracao-de-marcos-braz-sobre-a-eleicao-no-flamengo\/#breadcrumb"},"inLanguage":"pt-BR","potentialAction":[{"@type":"ReadAction","target":["https:\/\/www.gaveanews.com\/index.php\/2024\/12\/10\/a-declaracao-de-marcos-braz-sobre-a-eleicao-no-flamengo\/"]}]},{"@type":"ImageObject","inLanguage":"pt-BR","@id":"https:\/\/www.gaveanews.com\/index.php\/2024\/12\/10\/a-declaracao-de-marcos-braz-sobre-a-eleicao-no-flamengo\/#primaryimage","url":"https:\/\/www.gaveanews.com\/wp-content\/uploads\/Marcos-Braz.webp","contentUrl":"https:\/\/www.gaveanews.com\/wp-content\/uploads\/Marcos-Braz.webp","width":1200,"height":750,"caption":"Marcos Braz j\u00e1 foi vice-presidente de futebol do Flamengo - Foto: Gilvan de Souza\/Flamengo"},{"@type":"BreadcrumbList","@id":"https:\/\/www.gaveanews.com\/index.php\/2024\/12\/10\/a-declaracao-de-marcos-braz-sobre-a-eleicao-no-flamengo\/#breadcrumb","itemListElement":[{"@type":"ListItem","position":1,"name":"Home","item":"https:\/\/www.gaveanews.com\/"},{"@type":"ListItem","position":2,"name":"A declara\u00e7\u00e3o de Marcos Braz sobre a elei\u00e7\u00e3o no Flamengo"}]},{"@type":"WebSite","@id":"https:\/\/www.gaveanews.com\/#website","url":"https:\/\/www.gaveanews.com\/","name":"G\u00e1vea News","description":"Veja todas as not\u00edcias sobre o Flamengo: Contrata\u00e7\u00f5es, categorias de base, resultados das partidas, tabela de classifica\u00e7\u00e3o, pr\u00f3ximos jogos!","potentialAction":[{"@type":"SearchAction","target":{"@type":"EntryPoint","urlTemplate":"https:\/\/www.gaveanews.com\/?s={search_term_string}"},"query-input":{"@type":"PropertyValueSpecification","valueRequired":true,"valueName":"search_term_string"}}],"inLanguage":"pt-BR"},{"@type":"Person","@id":"https:\/\/www.gaveanews.com\/#\/schema\/person\/a9f62fe75380c6bada1b2fc49bc23d69","name":"Marco Menezes","image":{"@type":"ImageObject","inLanguage":"pt-BR","@id":"https:\/\/www.gaveanews.com\/#\/schema\/person\/image\/","url":"https:\/\/secure.gravatar.com\/avatar\/a1d148ae17fc8bfc5dbccffd07979e8bd2c9ba494221779de86ec2c7907b71ec?s=96&d=mm&r=g","contentUrl":"https:\/\/secure.gravatar.com\/avatar\/a1d148ae17fc8bfc5dbccffd07979e8bd2c9ba494221779de86ec2c7907b71ec?s=96&d=mm&r=g","caption":"Marco Menezes"}}]}},"_links":{"self":[{"href":"https:\/\/www.gaveanews.com\/index.php\/wp-json\/wp\/v2\/posts\/196961","targetHints":{"allow":["GET"]}}],"collection":[{"href":"https:\/\/www.gaveanews.com\/index.php\/wp-json\/wp\/v2\/posts"}],"about":[{"href":"https:\/\/www.gaveanews.com\/index.php\/wp-json\/wp\/v2\/types\/post"}],"author":[{"embeddable":true,"href":"https:\/\/www.gaveanews.com\/index.php\/wp-json\/wp\/v2\/users\/29"}],"replies":[{"embeddable":true,"href":"https:\/\/www.gaveanews.com\/index.php\/wp-json\/wp\/v2\/comments?post=196961"}],"version-history":[{"count":1,"href":"https:\/\/www.gaveanews.com\/index.php\/wp-json\/wp\/v2\/posts\/196961\/revisions"}],"predecessor-version":[{"id":196963,"href":"https:\/\/www.gaveanews.com\/index.php\/wp-json\/wp\/v2\/posts\/196961\/revisions\/196963"}],"wp:featuredmedia":[{"embeddable":true,"href":"https:\/\/www.gaveanews.com\/index.php\/wp-json\/wp\/v2\/media\/127549"}],"wp:attachment":[{"href":"https:\/\/www.gaveanews.com\/index.php\/wp-json\/wp\/v2\/media?parent=196961"}],"wp:term":[{"taxonomy":"category","embeddable":true,"href":"https:\/\/www.gaveanews.com\/index.php\/wp-json\/wp\/v2\/categories?post=196961"},{"taxonomy":"post_tag","embeddable":true,"href":"https:\/\/www.gaveanews.com\/index.php\/wp-json\/wp\/v2\/tags?post=196961"}],"curies":[{"name":"wp","href":"https:\/\/api.w.org\/{rel}","templated":true}]}}