{"id":196998,"date":"2024-12-11T23:10:00","date_gmt":"2024-12-12T02:10:00","guid":{"rendered":"https:\/\/www.gaveanews.com\/?p=196998"},"modified":"2024-12-11T22:47:09","modified_gmt":"2024-12-12T01:47:09","slug":"jogador-do-botafogo-atrai-interesse-de-clube-do-exterior","status":"publish","type":"post","link":"https:\/\/www.gaveanews.com\/index.php\/2024\/12\/11\/jogador-do-botafogo-atrai-interesse-de-clube-do-exterior\/","title":{"rendered":"Jogador do Botafogo atrai interesse de clube do exterior"},"content":{"rendered":"\n<p>O futuro de Eduardo, meia do Botafogo, est\u00e1 em aberto, j\u00e1 que seu contrato com o clube se aproxima do fim. Com 35 anos, o jogador, que tem sido pe\u00e7a fundamental no Alvinegro, agora desperta o interesse de clubes internacionais.&nbsp;<\/p>\n\n\n\n<ul class=\"wp-block-list\">\n<li><a href=\"https:\/\/www.gaveanews.com\/index.php\/2024\/12\/10\/botafogo-a-declaracao-de-gregore-apos-o-titulo-do-botafogo\/\">Botafogo: a declara\u00e7\u00e3o de Gregore ap\u00f3s o t\u00edtulo do Botafogo<\/a><\/li>\n\n\n\n<li><a href=\"https:\/\/www.gaveanews.com\/index.php\/2024\/12\/09\/video-luiz-henrique-do-botafogo-provoca-o-flamengo\/\">V\u00eddeo: Luiz Henrique, do Botafogo, provoca o Flamengo<\/a><\/li>\n<\/ul>\n\n\n\n<p>Recentemente, o Pumas, do M\u00e9xico, procurou informa\u00e7\u00f5es sobre a situa\u00e7\u00e3o do atleta. Apesar das sondagens, ainda n\u00e3o houve nenhuma proposta oficial.<\/p>\n\n\n\n<h2 class=\"wp-block-heading\" id=\"h-futuro-de-eduardo-no-botafogo\">Futuro de Eduardo no Botafogo<\/h2>\n\n\n\n<p>Atualmente com a delega\u00e7\u00e3o do Botafogo no Catar, disputando a Copa Intercontinental, Eduardo tem seu futuro decidido apenas ap\u00f3s a competi\u00e7\u00e3o.&nbsp;<\/p>\n\n\n\n<p>Isso porque o Alvinegro adiou qualquer conversa sobre renova\u00e7\u00e3o ou transfer\u00eancias at\u00e9 o t\u00e9rmino do torneio. Essa pausa no assunto, portanto, permite que o jogador se concentre exclusivamente nas partidas decisivas do Botafogo.<\/p>\n\n\n\n<p>&#8220;Agora estou focado nesses tr\u00eas jogos que temos do Mundial e depois a gente v\u00ea o que vai acontecer&#8221;, disse Eduardo, deixando claro que, embora sinta-se em casa no Botafogo, a decis\u00e3o sobre seu futuro est\u00e1 al\u00e9m de seu controle.<\/p>\n\n\n\n<blockquote class=\"twitter-tweet\"><p lang=\"pt\" dir=\"ltr\">Pumas, do M\u00e9xico, tem interesse em Eduardo, que tem seus \u00faltimos dias de contrato com o Botafogo.<br><br>O jogador de 35 anos est\u00e1 com a delega\u00e7\u00e3o alvinegra no Catar para a disputa da Copa Intercontinental e s\u00f3 ter\u00e1 seu futuro definido ap\u00f3s o fim da competi\u00e7\u00e3o.<br><br>Eduardo deseja ficar no\u2026 <a href=\"https:\/\/t.co\/pYckHLIo5B\">pic.twitter.com\/pYckHLIo5B<\/a><\/p>&mdash; Planeta do Futebol \ud83c\udf0e (@futebol_info) <a href=\"https:\/\/twitter.com\/futebol_info\/status\/1866500557269090691?ref_src=twsrc%5Etfw\">December 10, 2024<\/a><\/blockquote> <script async src=\"https:\/\/platform.twitter.com\/widgets.js\" charset=\"utf-8\"><\/script>\n\n\n\n<h2 class=\"wp-block-heading\" id=\"h-a-possibilidade-de-uma-negociacao-sem-o-botafogo\">A possibilidade de uma negocia\u00e7\u00e3o sem o Botafogo<\/h2>\n\n\n\n<p>Vale destacar que, devido \u00e0 proximidade do fim de contrato, Eduardo pode assinar com qualquer clube sem que o Botafogo receba qualquer valor. Essa situa\u00e7\u00e3o coloca ainda mais press\u00e3o nas decis\u00f5es que o jogador e sua comiss\u00e3o t\u00e9cnica ter\u00e3o que tomar nos pr\u00f3ximos dias.<\/p>\n\n\n\n<p>Al\u00e9m disso, o meia tem demonstrado gratid\u00e3o pelo tempo vivido no clube, especialmente ap\u00f3s a conquista do Campeonato Brasileiro.&nbsp;<\/p>\n\n\n\n<p>&#8220;Gratid\u00e3o pelo momento, ao clube, \u00e0 torcida por tudo que vivemos esse ano&#8221;, afirmou ele.<\/p>\n\n\n\n<h2 class=\"wp-block-heading\" id=\"h-o-impacto-de-eduardo-no-botafogo\">O impacto de Eduardo no Botafogo<\/h2>\n\n\n\n<p>Desde sua chegada ao Botafogo, no meio da temporada de 2022, Eduardo tem sido um dos grandes nomes do time. Com 97 jogos, 23 gols e 12 assist\u00eancias, ele tem sido protagonista em momentos decisivos.&nbsp;<\/p>\n\n\n\n<p>No entanto, em 2024, enfrentou les\u00f5es que afetaram seu desempenho e seu espa\u00e7o no time, especialmente com a chegada de novas contrata\u00e7\u00f5es. Mesmo assim, com 34 jogos, oito gols e quatro assist\u00eancias at\u00e9 o momento, Eduardo continua sendo um nome de peso para o Alvinegro.<\/p>\n\n\n\n<p>Cabe ressaltar que a trajet\u00f3ria de Eduardo no Botafogo \u00e9 marcada por grandes conquistas, e, independentemente do futuro, seu legado no clube j\u00e1 est\u00e1 garantido. Sendo assim, o desfecho dessa hist\u00f3ria ainda depende dos pr\u00f3ximos passos do meia e das negocia\u00e7\u00f5es que podem definir seu futuro no futebol.<\/p>\n","protected":false},"excerpt":{"rendered":"<p>O futuro de Eduardo, meia do Botafogo, est\u00e1 em aberto, j\u00e1 que seu contrato com o clube se aproxima do fim. Com 35 anos, o jogador, que tem sido pe\u00e7a fundamental no Alvinegro, agora desperta o interesse de clubes internacionais.&nbsp; Recentemente, o Pumas, do M\u00e9xico, procurou informa\u00e7\u00f5es sobre a situa\u00e7\u00e3o do atleta. Apesar das sondagens, [&hellip;]<\/p>\n","protected":false},"author":25,"featured_media":182060,"comment_status":"open","ping_status":"closed","sticky":false,"template":"","format":"standard","meta":{"footnotes":""},"categories":[138],"tags":[],"class_list":["post-196998","post","type-post","status-publish","format-standard","has-post-thumbnail","hentry","category-botafogo"],"yoast_head":"<!-- This site is optimized with the Yoast SEO Premium plugin v24.2 (Yoast SEO v26.9) - https:\/\/yoast.com\/product\/yoast-seo-premium-wordpress\/ -->\n<title>Jogador do Botafogo atrai interesse de clube do exterior<\/title>\n<meta name=\"robots\" content=\"index, follow, max-snippet:-1, max-image-preview:large, max-video-preview:-1\" \/>\n<link rel=\"canonical\" href=\"https:\/\/www.gaveanews.com\/index.php\/2024\/12\/11\/jogador-do-botafogo-atrai-interesse-de-clube-do-exterior\/\" \/>\n<meta property=\"og:locale\" content=\"pt_BR\" \/>\n<meta property=\"og:type\" content=\"article\" \/>\n<meta property=\"og:title\" content=\"Jogador do Botafogo atrai interesse de clube do exterior\" \/>\n<meta property=\"og:description\" content=\"O futuro de Eduardo, meia do Botafogo, est\u00e1 em aberto, j\u00e1 que seu contrato com o clube se aproxima do fim. Com 35 anos, o jogador, que tem sido pe\u00e7a fundamental no Alvinegro, agora desperta o interesse de clubes internacionais.&nbsp; Recentemente, o Pumas, do M\u00e9xico, procurou informa\u00e7\u00f5es sobre a situa\u00e7\u00e3o do atleta. Apesar das sondagens, [&hellip;]\" \/>\n<meta property=\"og:url\" content=\"https:\/\/www.gaveanews.com\/index.php\/2024\/12\/11\/jogador-do-botafogo-atrai-interesse-de-clube-do-exterior\/\" \/>\n<meta property=\"og:site_name\" content=\"G\u00e1vea News\" \/>\n<meta property=\"article:publisher\" content=\"https:\/\/facebook.com\/gaveaNews\/\" \/>\n<meta property=\"article:published_time\" content=\"2024-12-12T02:10:00+00:00\" \/>\n<meta property=\"og:image\" content=\"https:\/\/www.gaveanews.com\/wp-content\/uploads\/Escudo-do-Botafogo-1.webp\" \/>\n\t<meta property=\"og:image:width\" content=\"787\" \/>\n\t<meta property=\"og:image:height\" content=\"525\" \/>\n\t<meta property=\"og:image:type\" content=\"image\/webp\" \/>\n<meta name=\"author\" content=\"Rafaela Ladeira\" \/>\n<meta name=\"twitter:card\" content=\"summary_large_image\" \/>\n<meta name=\"twitter:label1\" content=\"Escrito por\" \/>\n\t<meta name=\"twitter:data1\" content=\"Rafaela Ladeira\" \/>\n\t<meta name=\"twitter:label2\" content=\"Est. tempo de leitura\" \/>\n\t<meta name=\"twitter:data2\" content=\"3 minutos\" \/>\n<script type=\"application\/ld+json\" class=\"yoast-schema-graph\">{\"@context\":\"https:\/\/schema.org\",\"@graph\":[{\"@type\":\"NewsArticle\",\"@id\":\"https:\/\/www.gaveanews.com\/index.php\/2024\/12\/11\/jogador-do-botafogo-atrai-interesse-de-clube-do-exterior\/#article\",\"isPartOf\":{\"@id\":\"https:\/\/www.gaveanews.com\/index.php\/2024\/12\/11\/jogador-do-botafogo-atrai-interesse-de-clube-do-exterior\/\"},\"author\":{\"name\":\"Rafaela Ladeira\",\"@id\":\"https:\/\/www.gaveanews.com\/#\/schema\/person\/0eb3e3fe1754f0205218538adbe8f5ed\"},\"headline\":\"Jogador do Botafogo atrai interesse de clube do exterior\",\"datePublished\":\"2024-12-12T02:10:00+00:00\",\"mainEntityOfPage\":{\"@id\":\"https:\/\/www.gaveanews.com\/index.php\/2024\/12\/11\/jogador-do-botafogo-atrai-interesse-de-clube-do-exterior\/\"},\"wordCount\":505,\"commentCount\":0,\"image\":{\"@id\":\"https:\/\/www.gaveanews.com\/index.php\/2024\/12\/11\/jogador-do-botafogo-atrai-interesse-de-clube-do-exterior\/#primaryimage\"},\"thumbnailUrl\":\"https:\/\/www.gaveanews.com\/wp-content\/uploads\/Escudo-do-Botafogo-1.webp\",\"articleSection\":[\"Botafogo\"],\"inLanguage\":\"pt-BR\",\"potentialAction\":[{\"@type\":\"CommentAction\",\"name\":\"Comment\",\"target\":[\"https:\/\/www.gaveanews.com\/index.php\/2024\/12\/11\/jogador-do-botafogo-atrai-interesse-de-clube-do-exterior\/#respond\"]}],\"copyrightYear\":\"2024\",\"copyrightHolder\":{\"@id\":\"https:\/\/www.gaveanews.com\/#organization\"}},{\"@type\":\"WebPage\",\"@id\":\"https:\/\/www.gaveanews.com\/index.php\/2024\/12\/11\/jogador-do-botafogo-atrai-interesse-de-clube-do-exterior\/\",\"url\":\"https:\/\/www.gaveanews.com\/index.php\/2024\/12\/11\/jogador-do-botafogo-atrai-interesse-de-clube-do-exterior\/\",\"name\":\"Jogador do Botafogo atrai interesse de clube do exterior\",\"isPartOf\":{\"@id\":\"https:\/\/www.gaveanews.com\/#website\"},\"primaryImageOfPage\":{\"@id\":\"https:\/\/www.gaveanews.com\/index.php\/2024\/12\/11\/jogador-do-botafogo-atrai-interesse-de-clube-do-exterior\/#primaryimage\"},\"image\":{\"@id\":\"https:\/\/www.gaveanews.com\/index.php\/2024\/12\/11\/jogador-do-botafogo-atrai-interesse-de-clube-do-exterior\/#primaryimage\"},\"thumbnailUrl\":\"https:\/\/www.gaveanews.com\/wp-content\/uploads\/Escudo-do-Botafogo-1.webp\",\"datePublished\":\"2024-12-12T02:10:00+00:00\",\"author\":{\"@id\":\"https:\/\/www.gaveanews.com\/#\/schema\/person\/0eb3e3fe1754f0205218538adbe8f5ed\"},\"breadcrumb\":{\"@id\":\"https:\/\/www.gaveanews.com\/index.php\/2024\/12\/11\/jogador-do-botafogo-atrai-interesse-de-clube-do-exterior\/#breadcrumb\"},\"inLanguage\":\"pt-BR\",\"potentialAction\":[{\"@type\":\"ReadAction\",\"target\":[\"https:\/\/www.gaveanews.com\/index.php\/2024\/12\/11\/jogador-do-botafogo-atrai-interesse-de-clube-do-exterior\/\"]}]},{\"@type\":\"ImageObject\",\"inLanguage\":\"pt-BR\",\"@id\":\"https:\/\/www.gaveanews.com\/index.php\/2024\/12\/11\/jogador-do-botafogo-atrai-interesse-de-clube-do-exterior\/#primaryimage\",\"url\":\"https:\/\/www.gaveanews.com\/wp-content\/uploads\/Escudo-do-Botafogo-1.webp\",\"contentUrl\":\"https:\/\/www.gaveanews.com\/wp-content\/uploads\/Escudo-do-Botafogo-1.webp\",\"width\":787,\"height\":525,\"caption\":\"Escudo do Botafogo (Foto: Reprodu\u00e7\u00e3o\/Botafogo)\"},{\"@type\":\"BreadcrumbList\",\"@id\":\"https:\/\/www.gaveanews.com\/index.php\/2024\/12\/11\/jogador-do-botafogo-atrai-interesse-de-clube-do-exterior\/#breadcrumb\",\"itemListElement\":[{\"@type\":\"ListItem\",\"position\":1,\"name\":\"Home\",\"item\":\"https:\/\/www.gaveanews.com\/\"},{\"@type\":\"ListItem\",\"position\":2,\"name\":\"Jogador do Botafogo atrai interesse de clube do exterior\"}]},{\"@type\":\"WebSite\",\"@id\":\"https:\/\/www.gaveanews.com\/#website\",\"url\":\"https:\/\/www.gaveanews.com\/\",\"name\":\"G\u00e1vea News\",\"description\":\"Veja todas as not\u00edcias sobre o Flamengo: Contrata\u00e7\u00f5es, categorias de base, resultados das partidas, tabela de classifica\u00e7\u00e3o, pr\u00f3ximos jogos!\",\"potentialAction\":[{\"@type\":\"SearchAction\",\"target\":{\"@type\":\"EntryPoint\",\"urlTemplate\":\"https:\/\/www.gaveanews.com\/?s={search_term_string}\"},\"query-input\":{\"@type\":\"PropertyValueSpecification\",\"valueRequired\":true,\"valueName\":\"search_term_string\"}}],\"inLanguage\":\"pt-BR\"},{\"@type\":\"Person\",\"@id\":\"https:\/\/www.gaveanews.com\/#\/schema\/person\/0eb3e3fe1754f0205218538adbe8f5ed\",\"name\":\"Rafaela Ladeira\",\"image\":{\"@type\":\"ImageObject\",\"inLanguage\":\"pt-BR\",\"@id\":\"https:\/\/www.gaveanews.com\/#\/schema\/person\/image\/\",\"url\":\"https:\/\/secure.gravatar.com\/avatar\/c31f513acffd85eacab5730cbdfdbbf59f21ba5aeada8cd890acea879fbb2455?s=96&d=mm&r=g\",\"contentUrl\":\"https:\/\/secure.gravatar.com\/avatar\/c31f513acffd85eacab5730cbdfdbbf59f21ba5aeada8cd890acea879fbb2455?s=96&d=mm&r=g\",\"caption\":\"Rafaela Ladeira\"}}]}<\/script>\n<!-- \/ Yoast SEO Premium plugin. -->","yoast_head_json":{"title":"Jogador do Botafogo atrai interesse de clube do exterior","robots":{"index":"index","follow":"follow","max-snippet":"max-snippet:-1","max-image-preview":"max-image-preview:large","max-video-preview":"max-video-preview:-1"},"canonical":"https:\/\/www.gaveanews.com\/index.php\/2024\/12\/11\/jogador-do-botafogo-atrai-interesse-de-clube-do-exterior\/","og_locale":"pt_BR","og_type":"article","og_title":"Jogador do Botafogo atrai interesse de clube do exterior","og_description":"O futuro de Eduardo, meia do Botafogo, est\u00e1 em aberto, j\u00e1 que seu contrato com o clube se aproxima do fim. Com 35 anos, o jogador, que tem sido pe\u00e7a fundamental no Alvinegro, agora desperta o interesse de clubes internacionais.&nbsp; Recentemente, o Pumas, do M\u00e9xico, procurou informa\u00e7\u00f5es sobre a situa\u00e7\u00e3o do atleta. Apesar das sondagens, [&hellip;]","og_url":"https:\/\/www.gaveanews.com\/index.php\/2024\/12\/11\/jogador-do-botafogo-atrai-interesse-de-clube-do-exterior\/","og_site_name":"G\u00e1vea News","article_publisher":"https:\/\/facebook.com\/gaveaNews\/","article_published_time":"2024-12-12T02:10:00+00:00","og_image":[{"width":787,"height":525,"url":"https:\/\/www.gaveanews.com\/wp-content\/uploads\/Escudo-do-Botafogo-1.webp","type":"image\/webp"}],"author":"Rafaela Ladeira","twitter_card":"summary_large_image","twitter_misc":{"Escrito por":"Rafaela Ladeira","Est. tempo de leitura":"3 minutos"},"schema":{"@context":"https:\/\/schema.org","@graph":[{"@type":"NewsArticle","@id":"https:\/\/www.gaveanews.com\/index.php\/2024\/12\/11\/jogador-do-botafogo-atrai-interesse-de-clube-do-exterior\/#article","isPartOf":{"@id":"https:\/\/www.gaveanews.com\/index.php\/2024\/12\/11\/jogador-do-botafogo-atrai-interesse-de-clube-do-exterior\/"},"author":{"name":"Rafaela Ladeira","@id":"https:\/\/www.gaveanews.com\/#\/schema\/person\/0eb3e3fe1754f0205218538adbe8f5ed"},"headline":"Jogador do Botafogo atrai interesse de clube do exterior","datePublished":"2024-12-12T02:10:00+00:00","mainEntityOfPage":{"@id":"https:\/\/www.gaveanews.com\/index.php\/2024\/12\/11\/jogador-do-botafogo-atrai-interesse-de-clube-do-exterior\/"},"wordCount":505,"commentCount":0,"image":{"@id":"https:\/\/www.gaveanews.com\/index.php\/2024\/12\/11\/jogador-do-botafogo-atrai-interesse-de-clube-do-exterior\/#primaryimage"},"thumbnailUrl":"https:\/\/www.gaveanews.com\/wp-content\/uploads\/Escudo-do-Botafogo-1.webp","articleSection":["Botafogo"],"inLanguage":"pt-BR","potentialAction":[{"@type":"CommentAction","name":"Comment","target":["https:\/\/www.gaveanews.com\/index.php\/2024\/12\/11\/jogador-do-botafogo-atrai-interesse-de-clube-do-exterior\/#respond"]}],"copyrightYear":"2024","copyrightHolder":{"@id":"https:\/\/www.gaveanews.com\/#organization"}},{"@type":"WebPage","@id":"https:\/\/www.gaveanews.com\/index.php\/2024\/12\/11\/jogador-do-botafogo-atrai-interesse-de-clube-do-exterior\/","url":"https:\/\/www.gaveanews.com\/index.php\/2024\/12\/11\/jogador-do-botafogo-atrai-interesse-de-clube-do-exterior\/","name":"Jogador do Botafogo atrai interesse de clube do exterior","isPartOf":{"@id":"https:\/\/www.gaveanews.com\/#website"},"primaryImageOfPage":{"@id":"https:\/\/www.gaveanews.com\/index.php\/2024\/12\/11\/jogador-do-botafogo-atrai-interesse-de-clube-do-exterior\/#primaryimage"},"image":{"@id":"https:\/\/www.gaveanews.com\/index.php\/2024\/12\/11\/jogador-do-botafogo-atrai-interesse-de-clube-do-exterior\/#primaryimage"},"thumbnailUrl":"https:\/\/www.gaveanews.com\/wp-content\/uploads\/Escudo-do-Botafogo-1.webp","datePublished":"2024-12-12T02:10:00+00:00","author":{"@id":"https:\/\/www.gaveanews.com\/#\/schema\/person\/0eb3e3fe1754f0205218538adbe8f5ed"},"breadcrumb":{"@id":"https:\/\/www.gaveanews.com\/index.php\/2024\/12\/11\/jogador-do-botafogo-atrai-interesse-de-clube-do-exterior\/#breadcrumb"},"inLanguage":"pt-BR","potentialAction":[{"@type":"ReadAction","target":["https:\/\/www.gaveanews.com\/index.php\/2024\/12\/11\/jogador-do-botafogo-atrai-interesse-de-clube-do-exterior\/"]}]},{"@type":"ImageObject","inLanguage":"pt-BR","@id":"https:\/\/www.gaveanews.com\/index.php\/2024\/12\/11\/jogador-do-botafogo-atrai-interesse-de-clube-do-exterior\/#primaryimage","url":"https:\/\/www.gaveanews.com\/wp-content\/uploads\/Escudo-do-Botafogo-1.webp","contentUrl":"https:\/\/www.gaveanews.com\/wp-content\/uploads\/Escudo-do-Botafogo-1.webp","width":787,"height":525,"caption":"Escudo do Botafogo (Foto: Reprodu\u00e7\u00e3o\/Botafogo)"},{"@type":"BreadcrumbList","@id":"https:\/\/www.gaveanews.com\/index.php\/2024\/12\/11\/jogador-do-botafogo-atrai-interesse-de-clube-do-exterior\/#breadcrumb","itemListElement":[{"@type":"ListItem","position":1,"name":"Home","item":"https:\/\/www.gaveanews.com\/"},{"@type":"ListItem","position":2,"name":"Jogador do Botafogo atrai interesse de clube do exterior"}]},{"@type":"WebSite","@id":"https:\/\/www.gaveanews.com\/#website","url":"https:\/\/www.gaveanews.com\/","name":"G\u00e1vea News","description":"Veja todas as not\u00edcias sobre o Flamengo: Contrata\u00e7\u00f5es, categorias de base, resultados das partidas, tabela de classifica\u00e7\u00e3o, pr\u00f3ximos jogos!","potentialAction":[{"@type":"SearchAction","target":{"@type":"EntryPoint","urlTemplate":"https:\/\/www.gaveanews.com\/?s={search_term_string}"},"query-input":{"@type":"PropertyValueSpecification","valueRequired":true,"valueName":"search_term_string"}}],"inLanguage":"pt-BR"},{"@type":"Person","@id":"https:\/\/www.gaveanews.com\/#\/schema\/person\/0eb3e3fe1754f0205218538adbe8f5ed","name":"Rafaela Ladeira","image":{"@type":"ImageObject","inLanguage":"pt-BR","@id":"https:\/\/www.gaveanews.com\/#\/schema\/person\/image\/","url":"https:\/\/secure.gravatar.com\/avatar\/c31f513acffd85eacab5730cbdfdbbf59f21ba5aeada8cd890acea879fbb2455?s=96&d=mm&r=g","contentUrl":"https:\/\/secure.gravatar.com\/avatar\/c31f513acffd85eacab5730cbdfdbbf59f21ba5aeada8cd890acea879fbb2455?s=96&d=mm&r=g","caption":"Rafaela Ladeira"}}]}},"_links":{"self":[{"href":"https:\/\/www.gaveanews.com\/index.php\/wp-json\/wp\/v2\/posts\/196998","targetHints":{"allow":["GET"]}}],"collection":[{"href":"https:\/\/www.gaveanews.com\/index.php\/wp-json\/wp\/v2\/posts"}],"about":[{"href":"https:\/\/www.gaveanews.com\/index.php\/wp-json\/wp\/v2\/types\/post"}],"author":[{"embeddable":true,"href":"https:\/\/www.gaveanews.com\/index.php\/wp-json\/wp\/v2\/users\/25"}],"replies":[{"embeddable":true,"href":"https:\/\/www.gaveanews.com\/index.php\/wp-json\/wp\/v2\/comments?post=196998"}],"version-history":[{"count":1,"href":"https:\/\/www.gaveanews.com\/index.php\/wp-json\/wp\/v2\/posts\/196998\/revisions"}],"predecessor-version":[{"id":197000,"href":"https:\/\/www.gaveanews.com\/index.php\/wp-json\/wp\/v2\/posts\/196998\/revisions\/197000"}],"wp:featuredmedia":[{"embeddable":true,"href":"https:\/\/www.gaveanews.com\/index.php\/wp-json\/wp\/v2\/media\/182060"}],"wp:attachment":[{"href":"https:\/\/www.gaveanews.com\/index.php\/wp-json\/wp\/v2\/media?parent=196998"}],"wp:term":[{"taxonomy":"category","embeddable":true,"href":"https:\/\/www.gaveanews.com\/index.php\/wp-json\/wp\/v2\/categories?post=196998"},{"taxonomy":"post_tag","embeddable":true,"href":"https:\/\/www.gaveanews.com\/index.php\/wp-json\/wp\/v2\/tags?post=196998"}],"curies":[{"name":"wp","href":"https:\/\/api.w.org\/{rel}","templated":true}]}}