{"id":197010,"date":"2024-12-10T16:15:00","date_gmt":"2024-12-10T19:15:00","guid":{"rendered":"https:\/\/www.gaveanews.com\/?p=197010"},"modified":"2024-12-10T13:03:05","modified_gmt":"2024-12-10T16:03:05","slug":"saida-de-anibal-moreno-dudu-no-cruzeiro-e-declaracao-de-yuri-alberto-as-ultimas-noticias-do-palmeiras","status":"publish","type":"post","link":"https:\/\/www.gaveanews.com\/index.php\/2024\/12\/10\/saida-de-anibal-moreno-dudu-no-cruzeiro-e-declaracao-de-yuri-alberto-as-ultimas-noticias-do-palmeiras\/","title":{"rendered":"Sa\u00edda de An\u00edbal Moreno, Dudu no Cruzeiro e declara\u00e7\u00e3o de Yuri Alberto: as \u00faltimas not\u00edcias do Palmeiras"},"content":{"rendered":"\n<p>Nas \u00faltimas horas, o foco das not\u00edcias sobre o Palmeiras se concentram nos bastidores do clube, com destaques como a sa\u00edda de An\u00edbal Moreno e Dudu no Cruzeiro.<\/p>\n\n\n\n<p>Por conta deste contexto, leia abaixo um resumo preparado pela equipe do portal G\u00e1vea News para lhe manter muito bem informado!<\/p>\n\n\n\n<h2 class=\"wp-block-heading\" id=\"h-declaracao-de-yuri-alberto\">Declara\u00e7\u00e3o de Yuri Alberto<\/h2>\n\n\n\n<p>Yuri Alberto, destaque do Corinthians em 2024, revelou em entrevista ao podcast &#8220;Benja Me Mucho&#8221; que sente um prazer especial em marcar gols contra o Palmeiras, seu maior rival. Segundo o atacante, os cl\u00e1ssicos t\u00eam um sabor \u00fanico devido \u00e0 intensa rivalidade, e os gols nessas ocasi\u00f5es s\u00e3o especialmente memor\u00e1veis. Yuri, que j\u00e1 balan\u00e7ou as redes 30 vezes nesta temporada, se consolidou como o maior artilheiro do futebol brasileiro no ano, sendo pe\u00e7a fundamental na campanha de recupera\u00e7\u00e3o do clube <strong><a href=\"https:\/\/www.gaveanews.com\/index.php\/2024\/12\/10\/corinthians-a-declaracao-de-yuri-alberto-relacionada-ao-palmeiras\/\">(leia a mat\u00e9ria completa).<\/a><\/strong><\/p>\n\n\n\n<figure class=\"wp-block-image size-full\"><img loading=\"lazy\" decoding=\"async\" width=\"941\" height=\"604\" src=\"https:\/\/www.gaveanews.com\/wp-content\/uploads\/Yuri-Alberto-em-acao-pelo-Corinthians.webp\" alt=\"\" class=\"wp-image-171334\" srcset=\"https:\/\/www.gaveanews.com\/wp-content\/uploads\/Yuri-Alberto-em-acao-pelo-Corinthians.webp 941w, https:\/\/www.gaveanews.com\/wp-content\/uploads\/Yuri-Alberto-em-acao-pelo-Corinthians-300x194.webp 300w, https:\/\/www.gaveanews.com\/wp-content\/uploads\/Yuri-Alberto-em-acao-pelo-Corinthians-768x493.webp 768w, https:\/\/www.gaveanews.com\/wp-content\/uploads\/Yuri-Alberto-em-acao-pelo-Corinthians-654x420.webp 654w, https:\/\/www.gaveanews.com\/wp-content\/uploads\/Yuri-Alberto-em-acao-pelo-Corinthians-341x220.webp 341w, https:\/\/www.gaveanews.com\/wp-content\/uploads\/Yuri-Alberto-em-acao-pelo-Corinthians-640x411.webp 640w, https:\/\/www.gaveanews.com\/wp-content\/uploads\/Yuri-Alberto-em-acao-pelo-Corinthians-681x437.webp 681w, https:\/\/www.gaveanews.com\/wp-content\/uploads\/Yuri-Alberto-em-acao-pelo-Corinthians-100x64.webp 100w\" sizes=\"auto, (max-width: 941px) 100vw, 941px\" \/><figcaption class=\"wp-element-caption\">Yuri Alberto em a\u00e7\u00e3o pelo Corinthians (Foto: Rodrigo Coca\/Ag\u00eancia Corinthians)<\/figcaption><\/figure>\n\n\n\n<p>Os gols de Yuri Alberto ajudaram o Corinthians a sair da zona de rebaixamento e conquistar uma vaga na Libertadores. A classifica\u00e7\u00e3o veio ap\u00f3s vit\u00f3ria contra o Bahia, combinada com um triunfo do pr\u00f3prio Palmeiras sobre o Cruzeiro, que garantiu ao Tim\u00e3o uma posi\u00e7\u00e3o segura na tabela. <\/p>\n\n\n\n<p>Com isso, o Corinthians encerra o Brasileir\u00e3o sem outras ambi\u00e7\u00f5es, mas com uma temporada marcada pela supera\u00e7\u00e3o e o retorno ao cen\u00e1rio continental.<\/p>\n\n\n\n<p>O atacante agora volta suas aten\u00e7\u00f5es para a Libertadores de 2025, onde ser\u00e1 novamente pe\u00e7a-chave no ataque da equipe. Com a lideran\u00e7a de Yuri, o Corinthians espera alavancar ainda mais seus resultados e manter o embalo na busca por t\u00edtulos, consolidando o protagonismo recuperado em 2024.<\/p>\n\n\n\n<h2 class=\"wp-block-heading\" id=\"h-dudu-no-cruzeiro\">Dudu no Cruzeiro<\/h2>\n\n\n\n<p>Dudu, um dos principais atacantes do futebol brasileiro, est\u00e1 prestes a encerrar seu ciclo no Palmeiras e desperta o interesse do Cruzeiro para a pr\u00f3xima temporada. O jogador disputar\u00e1 sua \u00faltima partida pelo clube paulista no domingo, em sua despedida oficial, e as negocia\u00e7\u00f5es com o time mineiro devem avan\u00e7ar nas semanas seguintes. A sa\u00edda do Palmeiras ocorre de forma amig\u00e1vel, j\u00e1 que o clube n\u00e3o pretende criar obst\u00e1culos, apesar do contrato ainda vigente por mais um ano <strong><a href=\"https:\/\/www.gaveanews.com\/index.php\/2024\/12\/07\/de-saida-do-palmeiras-dudu-entra-na-mira-de-gigante-da-serie-a\/\">(leia a mat\u00e9ria completa).<\/a><\/strong><\/p>\n\n\n\n<figure class=\"wp-block-image size-full\"><img loading=\"lazy\" decoding=\"async\" width=\"734\" height=\"800\" src=\"https:\/\/www.gaveanews.com\/wp-content\/uploads\/dudu-palmeiras.webp\" alt=\"\" class=\"wp-image-91497\" srcset=\"https:\/\/www.gaveanews.com\/wp-content\/uploads\/dudu-palmeiras.webp 734w, https:\/\/www.gaveanews.com\/wp-content\/uploads\/dudu-palmeiras-275x300.webp 275w, https:\/\/www.gaveanews.com\/wp-content\/uploads\/dudu-palmeiras-385x420.webp 385w, https:\/\/www.gaveanews.com\/wp-content\/uploads\/dudu-palmeiras-640x698.webp 640w, https:\/\/www.gaveanews.com\/wp-content\/uploads\/dudu-palmeiras-681x742.webp 681w, https:\/\/www.gaveanews.com\/wp-content\/uploads\/dudu-palmeiras-100x109.webp 100w\" sizes=\"auto, (max-width: 734px) 100vw, 734px\" \/><figcaption class=\"wp-element-caption\">Dudu em partida do Palmeiras (Foto: Cesar Greco\/Palmeiras)<\/figcaption><\/figure>\n\n\n\n<p>A rela\u00e7\u00e3o entre Dudu e o Cruzeiro tem um hist\u00f3rico de pol\u00eamicas. Em junho, um acordo chegou a ser anunciado, mas foi desfeito ap\u00f3s o jogador optar por permanecer no Palmeiras. Agora, a situa\u00e7\u00e3o parece mais favor\u00e1vel, com as negocia\u00e7\u00f5es se direcionando para um contrato de m\u00e9dio prazo adaptado \u00e0 realidade financeira do Cruzeiro. A confirma\u00e7\u00e3o do calend\u00e1rio do clube mineiro, especialmente em competi\u00e7\u00f5es internacionais como a Libertadores ou a Sul-Americana, pode influenciar positivamente a concretiza\u00e7\u00e3o do neg\u00f3cio.<\/p>\n\n\n\n<p>Se a transfer\u00eancia for conclu\u00edda, Dudu ser\u00e1 pe\u00e7a-chave no projeto do Cruzeiro para 2025, refor\u00e7ando o elenco tanto no cen\u00e1rio nacional quanto internacional. Com um planejamento estrat\u00e9gico que inclui cl\u00e1usulas espec\u00edficas no contrato, o clube busca assegurar que a contrata\u00e7\u00e3o do jogador se alinhe a seus objetivos esportivos e financeiros, ampliando suas chances de competitividade.<\/p>\n\n\n\n<h2 class=\"wp-block-heading\" id=\"h-saida-de-anibal-moreno\">Sa\u00edda de An\u00edbal Moreno<\/h2>\n\n\n\n<p>Marcelo Gallardo, t\u00e9cnico do River Plate, solicitou a contrata\u00e7\u00e3o do volante An\u00edbal Moreno, jogador chave do Palmeiras e titular sob o comando de Abel Ferreira. A negocia\u00e7\u00e3o, no entanto, enfrenta desafios devido \u00e0 import\u00e2ncia do atleta para o time paulista, que estabeleceu um valor de 16 milh\u00f5es de euros (cerca de R$ 103 milh\u00f5es) como base para liberar o jogador. O River busca refor\u00e7ar seu elenco para retomar a competitividade no cen\u00e1rio sul-americano, especialmente contra os clubes brasileiros na Libertadores <strong><a href=\"https:\/\/www.gaveanews.com\/index.php\/2024\/12\/07\/marcelo-gallardo-pede-e-river-plate-vai-buscar-reforco-no-palmeiras\/\">(leia a mat\u00e9ria completa).<\/a><\/strong><\/p>\n\n\n\n<figure class=\"wp-block-image size-full\"><img loading=\"lazy\" decoding=\"async\" width=\"696\" height=\"385\" src=\"https:\/\/www.gaveanews.com\/wp-content\/uploads\/Aniba-Moreno-em-acao-pelo-Palmeiras.webp\" alt=\"\" class=\"wp-image-168189\" srcset=\"https:\/\/www.gaveanews.com\/wp-content\/uploads\/Aniba-Moreno-em-acao-pelo-Palmeiras.webp 696w, https:\/\/www.gaveanews.com\/wp-content\/uploads\/Aniba-Moreno-em-acao-pelo-Palmeiras-300x166.webp 300w, https:\/\/www.gaveanews.com\/wp-content\/uploads\/Aniba-Moreno-em-acao-pelo-Palmeiras-640x354.webp 640w, https:\/\/www.gaveanews.com\/wp-content\/uploads\/Aniba-Moreno-em-acao-pelo-Palmeiras-681x377.webp 681w, https:\/\/www.gaveanews.com\/wp-content\/uploads\/Aniba-Moreno-em-acao-pelo-Palmeiras-100x55.webp 100w\" sizes=\"auto, (max-width: 696px) 100vw, 696px\" \/><figcaption class=\"wp-element-caption\">An\u00edbal Moreno em a\u00e7\u00e3o pelo Palmeiras (Foto: Fabio Menotti\/Palmeiras)<\/figcaption><\/figure>\n\n\n\n<p>Enquanto isso, o Palmeiras concentra suas aten\u00e7\u00f5es no Campeonato Brasileiro, enfrentando o Fluminense em uma partida crucial para suas chances de t\u00edtulo. O desempenho do Botafogo, l\u00edder da competi\u00e7\u00e3o, tamb\u00e9m influencia diretamente as aspira\u00e7\u00f5es do clube paulista. Caso o time carioca consiga ao menos um empate, o t\u00edtulo estar\u00e1 garantido, independentemente do resultado do Palmeiras.<\/p>\n\n\n\n<p>A poss\u00edvel chegada de Moreno ao River Plate seria um passo estrat\u00e9gico para o clube argentino, que tenta se reerguer ap\u00f3s uma temporada abaixo das expectativas. Gallardo aposta em contrata\u00e7\u00f5es de impacto para 2025, buscando rivalizar com os gigantes brasileiros e refor\u00e7ar a posi\u00e7\u00e3o do River como uma for\u00e7a tradicional na Copa Libertadores.<\/p>\n","protected":false},"excerpt":{"rendered":"<p>Nas \u00faltimas horas, o foco das not\u00edcias sobre o Palmeiras se concentram nos bastidores do clube, com destaques como a sa\u00edda de An\u00edbal Moreno e Dudu no Cruzeiro. Por conta deste contexto, leia abaixo um resumo preparado pela equipe do portal G\u00e1vea News para lhe manter muito bem informado! Declara\u00e7\u00e3o de Yuri Alberto Yuri Alberto, [&hellip;]<\/p>\n","protected":false},"author":27,"featured_media":155979,"comment_status":"open","ping_status":"closed","sticky":false,"template":"","format":"standard","meta":{"footnotes":""},"categories":[150],"tags":[],"class_list":["post-197010","post","type-post","status-publish","format-standard","has-post-thumbnail","hentry","category-palmeiras"],"yoast_head":"<!-- This site is optimized with the Yoast SEO Premium plugin v24.2 (Yoast SEO v26.9) - https:\/\/yoast.com\/product\/yoast-seo-premium-wordpress\/ -->\n<title>Sa\u00edda de An\u00edbal Moreno, Dudu no Cruzeiro e declara\u00e7\u00e3o de Yuri Alberto: as \u00faltimas not\u00edcias do Palmeiras<\/title>\n<meta name=\"robots\" content=\"index, follow, max-snippet:-1, max-image-preview:large, max-video-preview:-1\" \/>\n<link rel=\"canonical\" href=\"https:\/\/www.gaveanews.com\/index.php\/2024\/12\/10\/saida-de-anibal-moreno-dudu-no-cruzeiro-e-declaracao-de-yuri-alberto-as-ultimas-noticias-do-palmeiras\/\" \/>\n<meta property=\"og:locale\" content=\"pt_BR\" \/>\n<meta property=\"og:type\" content=\"article\" \/>\n<meta property=\"og:title\" content=\"Sa\u00edda de An\u00edbal Moreno, Dudu no Cruzeiro e declara\u00e7\u00e3o de Yuri Alberto: as \u00faltimas not\u00edcias do Palmeiras\" \/>\n<meta property=\"og:description\" content=\"Nas \u00faltimas horas, o foco das not\u00edcias sobre o Palmeiras se concentram nos bastidores do clube, com destaques como a sa\u00edda de An\u00edbal Moreno e Dudu no Cruzeiro. Por conta deste contexto, leia abaixo um resumo preparado pela equipe do portal G\u00e1vea News para lhe manter muito bem informado! Declara\u00e7\u00e3o de Yuri Alberto Yuri Alberto, [&hellip;]\" \/>\n<meta property=\"og:url\" content=\"https:\/\/www.gaveanews.com\/index.php\/2024\/12\/10\/saida-de-anibal-moreno-dudu-no-cruzeiro-e-declaracao-de-yuri-alberto-as-ultimas-noticias-do-palmeiras\/\" \/>\n<meta property=\"og:site_name\" content=\"G\u00e1vea News\" \/>\n<meta property=\"article:publisher\" content=\"https:\/\/facebook.com\/gaveaNews\/\" \/>\n<meta property=\"article:published_time\" content=\"2024-12-10T19:15:00+00:00\" \/>\n<meta property=\"og:image\" content=\"https:\/\/www.gaveanews.com\/wp-content\/uploads\/torcida-do-palmeiras.webp\" \/>\n\t<meta property=\"og:image:width\" content=\"640\" \/>\n\t<meta property=\"og:image:height\" content=\"360\" \/>\n\t<meta property=\"og:image:type\" content=\"image\/jpeg\" \/>\n<meta name=\"author\" content=\"Matheus Felipe\" \/>\n<meta name=\"twitter:card\" content=\"summary_large_image\" \/>\n<meta name=\"twitter:label1\" content=\"Escrito por\" \/>\n\t<meta name=\"twitter:data1\" content=\"Matheus Felipe\" \/>\n\t<meta name=\"twitter:label2\" content=\"Est. tempo de leitura\" \/>\n\t<meta name=\"twitter:data2\" content=\"5 minutos\" \/>\n<script type=\"application\/ld+json\" class=\"yoast-schema-graph\">{\"@context\":\"https:\/\/schema.org\",\"@graph\":[{\"@type\":\"NewsArticle\",\"@id\":\"https:\/\/www.gaveanews.com\/index.php\/2024\/12\/10\/saida-de-anibal-moreno-dudu-no-cruzeiro-e-declaracao-de-yuri-alberto-as-ultimas-noticias-do-palmeiras\/#article\",\"isPartOf\":{\"@id\":\"https:\/\/www.gaveanews.com\/index.php\/2024\/12\/10\/saida-de-anibal-moreno-dudu-no-cruzeiro-e-declaracao-de-yuri-alberto-as-ultimas-noticias-do-palmeiras\/\"},\"author\":{\"name\":\"Matheus Felipe\",\"@id\":\"https:\/\/www.gaveanews.com\/#\/schema\/person\/8207cd4627f56151707418bfc835b2fb\"},\"headline\":\"Sa\u00edda de An\u00edbal Moreno, Dudu no Cruzeiro e declara\u00e7\u00e3o de Yuri Alberto: as \u00faltimas not\u00edcias do Palmeiras\",\"datePublished\":\"2024-12-10T19:15:00+00:00\",\"mainEntityOfPage\":{\"@id\":\"https:\/\/www.gaveanews.com\/index.php\/2024\/12\/10\/saida-de-anibal-moreno-dudu-no-cruzeiro-e-declaracao-de-yuri-alberto-as-ultimas-noticias-do-palmeiras\/\"},\"wordCount\":795,\"commentCount\":0,\"image\":{\"@id\":\"https:\/\/www.gaveanews.com\/index.php\/2024\/12\/10\/saida-de-anibal-moreno-dudu-no-cruzeiro-e-declaracao-de-yuri-alberto-as-ultimas-noticias-do-palmeiras\/#primaryimage\"},\"thumbnailUrl\":\"https:\/\/www.gaveanews.com\/wp-content\/uploads\/torcida-do-palmeiras.webp\",\"articleSection\":[\"Palmeiras\"],\"inLanguage\":\"pt-BR\",\"potentialAction\":[{\"@type\":\"CommentAction\",\"name\":\"Comment\",\"target\":[\"https:\/\/www.gaveanews.com\/index.php\/2024\/12\/10\/saida-de-anibal-moreno-dudu-no-cruzeiro-e-declaracao-de-yuri-alberto-as-ultimas-noticias-do-palmeiras\/#respond\"]}],\"copyrightYear\":\"2024\",\"copyrightHolder\":{\"@id\":\"https:\/\/www.gaveanews.com\/#organization\"}},{\"@type\":\"WebPage\",\"@id\":\"https:\/\/www.gaveanews.com\/index.php\/2024\/12\/10\/saida-de-anibal-moreno-dudu-no-cruzeiro-e-declaracao-de-yuri-alberto-as-ultimas-noticias-do-palmeiras\/\",\"url\":\"https:\/\/www.gaveanews.com\/index.php\/2024\/12\/10\/saida-de-anibal-moreno-dudu-no-cruzeiro-e-declaracao-de-yuri-alberto-as-ultimas-noticias-do-palmeiras\/\",\"name\":\"Sa\u00edda de An\u00edbal Moreno, Dudu no Cruzeiro e declara\u00e7\u00e3o de Yuri Alberto: as \u00faltimas not\u00edcias do Palmeiras\",\"isPartOf\":{\"@id\":\"https:\/\/www.gaveanews.com\/#website\"},\"primaryImageOfPage\":{\"@id\":\"https:\/\/www.gaveanews.com\/index.php\/2024\/12\/10\/saida-de-anibal-moreno-dudu-no-cruzeiro-e-declaracao-de-yuri-alberto-as-ultimas-noticias-do-palmeiras\/#primaryimage\"},\"image\":{\"@id\":\"https:\/\/www.gaveanews.com\/index.php\/2024\/12\/10\/saida-de-anibal-moreno-dudu-no-cruzeiro-e-declaracao-de-yuri-alberto-as-ultimas-noticias-do-palmeiras\/#primaryimage\"},\"thumbnailUrl\":\"https:\/\/www.gaveanews.com\/wp-content\/uploads\/torcida-do-palmeiras.webp\",\"datePublished\":\"2024-12-10T19:15:00+00:00\",\"author\":{\"@id\":\"https:\/\/www.gaveanews.com\/#\/schema\/person\/8207cd4627f56151707418bfc835b2fb\"},\"breadcrumb\":{\"@id\":\"https:\/\/www.gaveanews.com\/index.php\/2024\/12\/10\/saida-de-anibal-moreno-dudu-no-cruzeiro-e-declaracao-de-yuri-alberto-as-ultimas-noticias-do-palmeiras\/#breadcrumb\"},\"inLanguage\":\"pt-BR\",\"potentialAction\":[{\"@type\":\"ReadAction\",\"target\":[\"https:\/\/www.gaveanews.com\/index.php\/2024\/12\/10\/saida-de-anibal-moreno-dudu-no-cruzeiro-e-declaracao-de-yuri-alberto-as-ultimas-noticias-do-palmeiras\/\"]}]},{\"@type\":\"ImageObject\",\"inLanguage\":\"pt-BR\",\"@id\":\"https:\/\/www.gaveanews.com\/index.php\/2024\/12\/10\/saida-de-anibal-moreno-dudu-no-cruzeiro-e-declaracao-de-yuri-alberto-as-ultimas-noticias-do-palmeiras\/#primaryimage\",\"url\":\"https:\/\/www.gaveanews.com\/wp-content\/uploads\/torcida-do-palmeiras.webp\",\"contentUrl\":\"https:\/\/www.gaveanews.com\/wp-content\/uploads\/torcida-do-palmeiras.webp\",\"width\":640,\"height\":360,\"caption\":\"torcida do palmeiras (Foto: Cesar Greco\/Palmeiras)\"},{\"@type\":\"BreadcrumbList\",\"@id\":\"https:\/\/www.gaveanews.com\/index.php\/2024\/12\/10\/saida-de-anibal-moreno-dudu-no-cruzeiro-e-declaracao-de-yuri-alberto-as-ultimas-noticias-do-palmeiras\/#breadcrumb\",\"itemListElement\":[{\"@type\":\"ListItem\",\"position\":1,\"name\":\"Home\",\"item\":\"https:\/\/www.gaveanews.com\/\"},{\"@type\":\"ListItem\",\"position\":2,\"name\":\"Sa\u00edda de An\u00edbal Moreno, Dudu no Cruzeiro e declara\u00e7\u00e3o de Yuri Alberto: as \u00faltimas not\u00edcias do Palmeiras\"}]},{\"@type\":\"WebSite\",\"@id\":\"https:\/\/www.gaveanews.com\/#website\",\"url\":\"https:\/\/www.gaveanews.com\/\",\"name\":\"G\u00e1vea News\",\"description\":\"Veja todas as not\u00edcias sobre o Flamengo: Contrata\u00e7\u00f5es, categorias de base, resultados das partidas, tabela de classifica\u00e7\u00e3o, pr\u00f3ximos jogos!\",\"potentialAction\":[{\"@type\":\"SearchAction\",\"target\":{\"@type\":\"EntryPoint\",\"urlTemplate\":\"https:\/\/www.gaveanews.com\/?s={search_term_string}\"},\"query-input\":{\"@type\":\"PropertyValueSpecification\",\"valueRequired\":true,\"valueName\":\"search_term_string\"}}],\"inLanguage\":\"pt-BR\"},{\"@type\":\"Person\",\"@id\":\"https:\/\/www.gaveanews.com\/#\/schema\/person\/8207cd4627f56151707418bfc835b2fb\",\"name\":\"Matheus Felipe\",\"image\":{\"@type\":\"ImageObject\",\"inLanguage\":\"pt-BR\",\"@id\":\"https:\/\/www.gaveanews.com\/#\/schema\/person\/image\/\",\"url\":\"https:\/\/secure.gravatar.com\/avatar\/a452ffbed9130f726358b298bb3a99ce4bd3c5338411f8440e87e14d74c7c087?s=96&d=mm&r=g\",\"contentUrl\":\"https:\/\/secure.gravatar.com\/avatar\/a452ffbed9130f726358b298bb3a99ce4bd3c5338411f8440e87e14d74c7c087?s=96&d=mm&r=g\",\"caption\":\"Matheus Felipe\"}}]}<\/script>\n<!-- \/ Yoast SEO Premium plugin. -->","yoast_head_json":{"title":"Sa\u00edda de An\u00edbal Moreno, Dudu no Cruzeiro e declara\u00e7\u00e3o de Yuri Alberto: as \u00faltimas not\u00edcias do Palmeiras","robots":{"index":"index","follow":"follow","max-snippet":"max-snippet:-1","max-image-preview":"max-image-preview:large","max-video-preview":"max-video-preview:-1"},"canonical":"https:\/\/www.gaveanews.com\/index.php\/2024\/12\/10\/saida-de-anibal-moreno-dudu-no-cruzeiro-e-declaracao-de-yuri-alberto-as-ultimas-noticias-do-palmeiras\/","og_locale":"pt_BR","og_type":"article","og_title":"Sa\u00edda de An\u00edbal Moreno, Dudu no Cruzeiro e declara\u00e7\u00e3o de Yuri Alberto: as \u00faltimas not\u00edcias do Palmeiras","og_description":"Nas \u00faltimas horas, o foco das not\u00edcias sobre o Palmeiras se concentram nos bastidores do clube, com destaques como a sa\u00edda de An\u00edbal Moreno e Dudu no Cruzeiro. Por conta deste contexto, leia abaixo um resumo preparado pela equipe do portal G\u00e1vea News para lhe manter muito bem informado! Declara\u00e7\u00e3o de Yuri Alberto Yuri Alberto, [&hellip;]","og_url":"https:\/\/www.gaveanews.com\/index.php\/2024\/12\/10\/saida-de-anibal-moreno-dudu-no-cruzeiro-e-declaracao-de-yuri-alberto-as-ultimas-noticias-do-palmeiras\/","og_site_name":"G\u00e1vea News","article_publisher":"https:\/\/facebook.com\/gaveaNews\/","article_published_time":"2024-12-10T19:15:00+00:00","og_image":[{"width":640,"height":360,"url":"https:\/\/www.gaveanews.com\/wp-content\/uploads\/torcida-do-palmeiras.webp","type":"image\/jpeg"}],"author":"Matheus Felipe","twitter_card":"summary_large_image","twitter_misc":{"Escrito por":"Matheus Felipe","Est. tempo de leitura":"5 minutos"},"schema":{"@context":"https:\/\/schema.org","@graph":[{"@type":"NewsArticle","@id":"https:\/\/www.gaveanews.com\/index.php\/2024\/12\/10\/saida-de-anibal-moreno-dudu-no-cruzeiro-e-declaracao-de-yuri-alberto-as-ultimas-noticias-do-palmeiras\/#article","isPartOf":{"@id":"https:\/\/www.gaveanews.com\/index.php\/2024\/12\/10\/saida-de-anibal-moreno-dudu-no-cruzeiro-e-declaracao-de-yuri-alberto-as-ultimas-noticias-do-palmeiras\/"},"author":{"name":"Matheus Felipe","@id":"https:\/\/www.gaveanews.com\/#\/schema\/person\/8207cd4627f56151707418bfc835b2fb"},"headline":"Sa\u00edda de An\u00edbal Moreno, Dudu no Cruzeiro e declara\u00e7\u00e3o de Yuri Alberto: as \u00faltimas not\u00edcias do Palmeiras","datePublished":"2024-12-10T19:15:00+00:00","mainEntityOfPage":{"@id":"https:\/\/www.gaveanews.com\/index.php\/2024\/12\/10\/saida-de-anibal-moreno-dudu-no-cruzeiro-e-declaracao-de-yuri-alberto-as-ultimas-noticias-do-palmeiras\/"},"wordCount":795,"commentCount":0,"image":{"@id":"https:\/\/www.gaveanews.com\/index.php\/2024\/12\/10\/saida-de-anibal-moreno-dudu-no-cruzeiro-e-declaracao-de-yuri-alberto-as-ultimas-noticias-do-palmeiras\/#primaryimage"},"thumbnailUrl":"https:\/\/www.gaveanews.com\/wp-content\/uploads\/torcida-do-palmeiras.webp","articleSection":["Palmeiras"],"inLanguage":"pt-BR","potentialAction":[{"@type":"CommentAction","name":"Comment","target":["https:\/\/www.gaveanews.com\/index.php\/2024\/12\/10\/saida-de-anibal-moreno-dudu-no-cruzeiro-e-declaracao-de-yuri-alberto-as-ultimas-noticias-do-palmeiras\/#respond"]}],"copyrightYear":"2024","copyrightHolder":{"@id":"https:\/\/www.gaveanews.com\/#organization"}},{"@type":"WebPage","@id":"https:\/\/www.gaveanews.com\/index.php\/2024\/12\/10\/saida-de-anibal-moreno-dudu-no-cruzeiro-e-declaracao-de-yuri-alberto-as-ultimas-noticias-do-palmeiras\/","url":"https:\/\/www.gaveanews.com\/index.php\/2024\/12\/10\/saida-de-anibal-moreno-dudu-no-cruzeiro-e-declaracao-de-yuri-alberto-as-ultimas-noticias-do-palmeiras\/","name":"Sa\u00edda de An\u00edbal Moreno, Dudu no Cruzeiro e declara\u00e7\u00e3o de Yuri Alberto: as \u00faltimas not\u00edcias do Palmeiras","isPartOf":{"@id":"https:\/\/www.gaveanews.com\/#website"},"primaryImageOfPage":{"@id":"https:\/\/www.gaveanews.com\/index.php\/2024\/12\/10\/saida-de-anibal-moreno-dudu-no-cruzeiro-e-declaracao-de-yuri-alberto-as-ultimas-noticias-do-palmeiras\/#primaryimage"},"image":{"@id":"https:\/\/www.gaveanews.com\/index.php\/2024\/12\/10\/saida-de-anibal-moreno-dudu-no-cruzeiro-e-declaracao-de-yuri-alberto-as-ultimas-noticias-do-palmeiras\/#primaryimage"},"thumbnailUrl":"https:\/\/www.gaveanews.com\/wp-content\/uploads\/torcida-do-palmeiras.webp","datePublished":"2024-12-10T19:15:00+00:00","author":{"@id":"https:\/\/www.gaveanews.com\/#\/schema\/person\/8207cd4627f56151707418bfc835b2fb"},"breadcrumb":{"@id":"https:\/\/www.gaveanews.com\/index.php\/2024\/12\/10\/saida-de-anibal-moreno-dudu-no-cruzeiro-e-declaracao-de-yuri-alberto-as-ultimas-noticias-do-palmeiras\/#breadcrumb"},"inLanguage":"pt-BR","potentialAction":[{"@type":"ReadAction","target":["https:\/\/www.gaveanews.com\/index.php\/2024\/12\/10\/saida-de-anibal-moreno-dudu-no-cruzeiro-e-declaracao-de-yuri-alberto-as-ultimas-noticias-do-palmeiras\/"]}]},{"@type":"ImageObject","inLanguage":"pt-BR","@id":"https:\/\/www.gaveanews.com\/index.php\/2024\/12\/10\/saida-de-anibal-moreno-dudu-no-cruzeiro-e-declaracao-de-yuri-alberto-as-ultimas-noticias-do-palmeiras\/#primaryimage","url":"https:\/\/www.gaveanews.com\/wp-content\/uploads\/torcida-do-palmeiras.webp","contentUrl":"https:\/\/www.gaveanews.com\/wp-content\/uploads\/torcida-do-palmeiras.webp","width":640,"height":360,"caption":"torcida do palmeiras (Foto: Cesar Greco\/Palmeiras)"},{"@type":"BreadcrumbList","@id":"https:\/\/www.gaveanews.com\/index.php\/2024\/12\/10\/saida-de-anibal-moreno-dudu-no-cruzeiro-e-declaracao-de-yuri-alberto-as-ultimas-noticias-do-palmeiras\/#breadcrumb","itemListElement":[{"@type":"ListItem","position":1,"name":"Home","item":"https:\/\/www.gaveanews.com\/"},{"@type":"ListItem","position":2,"name":"Sa\u00edda de An\u00edbal Moreno, Dudu no Cruzeiro e declara\u00e7\u00e3o de Yuri Alberto: as \u00faltimas not\u00edcias do Palmeiras"}]},{"@type":"WebSite","@id":"https:\/\/www.gaveanews.com\/#website","url":"https:\/\/www.gaveanews.com\/","name":"G\u00e1vea News","description":"Veja todas as not\u00edcias sobre o Flamengo: Contrata\u00e7\u00f5es, categorias de base, resultados das partidas, tabela de classifica\u00e7\u00e3o, pr\u00f3ximos jogos!","potentialAction":[{"@type":"SearchAction","target":{"@type":"EntryPoint","urlTemplate":"https:\/\/www.gaveanews.com\/?s={search_term_string}"},"query-input":{"@type":"PropertyValueSpecification","valueRequired":true,"valueName":"search_term_string"}}],"inLanguage":"pt-BR"},{"@type":"Person","@id":"https:\/\/www.gaveanews.com\/#\/schema\/person\/8207cd4627f56151707418bfc835b2fb","name":"Matheus Felipe","image":{"@type":"ImageObject","inLanguage":"pt-BR","@id":"https:\/\/www.gaveanews.com\/#\/schema\/person\/image\/","url":"https:\/\/secure.gravatar.com\/avatar\/a452ffbed9130f726358b298bb3a99ce4bd3c5338411f8440e87e14d74c7c087?s=96&d=mm&r=g","contentUrl":"https:\/\/secure.gravatar.com\/avatar\/a452ffbed9130f726358b298bb3a99ce4bd3c5338411f8440e87e14d74c7c087?s=96&d=mm&r=g","caption":"Matheus Felipe"}}]}},"_links":{"self":[{"href":"https:\/\/www.gaveanews.com\/index.php\/wp-json\/wp\/v2\/posts\/197010","targetHints":{"allow":["GET"]}}],"collection":[{"href":"https:\/\/www.gaveanews.com\/index.php\/wp-json\/wp\/v2\/posts"}],"about":[{"href":"https:\/\/www.gaveanews.com\/index.php\/wp-json\/wp\/v2\/types\/post"}],"author":[{"embeddable":true,"href":"https:\/\/www.gaveanews.com\/index.php\/wp-json\/wp\/v2\/users\/27"}],"replies":[{"embeddable":true,"href":"https:\/\/www.gaveanews.com\/index.php\/wp-json\/wp\/v2\/comments?post=197010"}],"version-history":[{"count":1,"href":"https:\/\/www.gaveanews.com\/index.php\/wp-json\/wp\/v2\/posts\/197010\/revisions"}],"predecessor-version":[{"id":197016,"href":"https:\/\/www.gaveanews.com\/index.php\/wp-json\/wp\/v2\/posts\/197010\/revisions\/197016"}],"wp:featuredmedia":[{"embeddable":true,"href":"https:\/\/www.gaveanews.com\/index.php\/wp-json\/wp\/v2\/media\/155979"}],"wp:attachment":[{"href":"https:\/\/www.gaveanews.com\/index.php\/wp-json\/wp\/v2\/media?parent=197010"}],"wp:term":[{"taxonomy":"category","embeddable":true,"href":"https:\/\/www.gaveanews.com\/index.php\/wp-json\/wp\/v2\/categories?post=197010"},{"taxonomy":"post_tag","embeddable":true,"href":"https:\/\/www.gaveanews.com\/index.php\/wp-json\/wp\/v2\/tags?post=197010"}],"curies":[{"name":"wp","href":"https:\/\/api.w.org\/{rel}","templated":true}]}}