{"id":197026,"date":"2024-12-11T23:05:00","date_gmt":"2024-12-12T02:05:00","guid":{"rendered":"https:\/\/www.gaveanews.com\/?p=197026"},"modified":"2024-12-11T22:46:41","modified_gmt":"2024-12-12T01:46:41","slug":"ex-real-madrid-e-sincero-ao-falar-sobre-vini-jr","status":"publish","type":"post","link":"https:\/\/www.gaveanews.com\/index.php\/2024\/12\/11\/ex-real-madrid-e-sincero-ao-falar-sobre-vini-jr\/","title":{"rendered":"Ex-Real Madrid \u00e9 sincero ao falar sobre Vini Jr."},"content":{"rendered":"\n<p>Um dos grandes \u00eddolos da hist\u00f3ria do Real Madrid, campe\u00e3o do mundial de clubes, da Champions League e da Copa do Mundo, Sami Khedira abriu o jogo sobre o que ele pensa de Vini Jr na equipe do Real Madrid.<\/p>\n\n\n\n<p>Em entrevista ao jornal Marca, da Espanha, Khedira diz que, se Vini Jr um dia quiser ser como Messi e Cristiano Ronaldo, ele precisar\u00e1 mudar o comportamento.<\/p>\n\n\n\n<ul class=\"wp-block-list\">\n<li><a href=\"https:\/\/www.gaveanews.com\/index.php\/2024\/11\/26\/real-madrid-emite-nota-oficial-sobre-vini-jr\/\">Real Madrid emite nota oficial sobre Vini Jr.<\/a><\/li>\n\n\n\n<li><a href=\"https:\/\/www.gaveanews.com\/index.php\/2024\/11\/22\/vini-jr-humilha-mbappe-durante-treino-do-real-madrid-video-viraliza\/\">Vini Jr humilha Mbapp\u00e9 durante treino do Real Madrid v\u00eddeo viraliza<\/a><\/li>\n<\/ul>\n\n\n\n<p>Mas, admite que o jogador brasileiro muda as partidas para a equipe do Real Madrid e que tem muito talento:<\/p>\n\n\n\n<p>\u201cVinicius muda as partidas. Quando o Real Madrid n\u00e3o sabe o que fazer, d\u00e1 a bola nele e \u00e9 isso. Ele resolve. Mas, tenho que acrescentar uma coisa. Sua atitude \u00e0s vezes, parece irritado muitas vezes. Cristiano era um pouco assim quando jovem, mas mudou r\u00e1pido\u201d<\/p>\n\n\n\n<p>Para o Alem\u00e3o, falta para o Vini Jr ser mais respeitoso com o \u00e1rbitro, os advers\u00e1rios e seus companheiros de equipes:<\/p>\n\n\n\n<p>\u201cSe Vinicius quiser ser como\u00a0Messi, Zidane, Cristiano Ronaldo, Xavi, tem que ser que ser um pouco mais respeitoso com o rival, com os \u00e1rbitros. Isso que tem que mudar\u201d, disse o alem\u00e3o.<\/p>\n\n\n\n<p>Apesar de se dizer contra pr\u00eamios individuais, Khedira admira Vini Jr e diz que ele \u00e9 o n\u00famero 1 do mundo:<\/p>\n\n\n\n<p>\u201cFalando de futebol \u00e9 o n\u00famero um, claro. N\u00e3o sou muito f\u00e3 de pr\u00eamio individuais, mas me parece que Rodri e Vini foram os melhores deste ano. Se o Vinicius mudar um pouco, ser mais cavalheiro e mais l\u00edder, ganhar\u00e1 tr\u00eas ou quatro Bolas de Ouro\u201d, finalizou Khedira.<\/p>\n\n\n\n<h2 class=\"wp-block-heading\" id=\"h-quais-sao-os-titulos-de-khedira\">Quais s\u00e3o os t\u00edtulos de Khedira?<\/h2>\n\n\n\n<p>Um dos maiores nomes da hist\u00f3ria do Real Madrid, Khedira ficou entre 2010 e 2015 na equipe Merengue. Nesse per\u00edodo, conquistou:<\/p>\n\n\n\n<ul class=\"wp-block-list\">\n<li>Campeonato Espanhol:\u00a02011\u201312<\/li>\n\n\n\n<li>Copa del Rey: 2010\u201311, 2013\u20132014<\/li>\n\n\n\n<li>Trof\u00e9u Santiago Bernab\u00e9u: 2010, 2012<\/li>\n\n\n\n<li>Supercopa da Espanha: 2012<\/li>\n\n\n\n<li>Liga dos Campe\u00f5es da UEFA:\u00a02013\u201314<\/li>\n\n\n\n<li>Copa do Mundo de Clubes da FIFA:\u00a02014<\/li>\n<\/ul>\n\n\n\n<p>Ainda como jogador do Real Madrid ele tamb\u00e9m foi convocado para a Copa do Mundo da FIFA de 2014 e venceu a competi\u00e7\u00e3o. Ali\u00e1s, ele foi titular no 7 a 1 contra o Brasil.<\/p>\n","protected":false},"excerpt":{"rendered":"<p>Um dos grandes \u00eddolos da hist\u00f3ria do Real Madrid, campe\u00e3o do mundial de clubes, da Champions League e da Copa do Mundo, Sami Khedira abriu o jogo sobre o que ele pensa de Vini Jr na equipe do Real Madrid. Em entrevista ao jornal Marca, da Espanha, Khedira diz que, se Vini Jr um dia [&hellip;]<\/p>\n","protected":false},"author":19,"featured_media":109282,"comment_status":"open","ping_status":"closed","sticky":false,"template":"","format":"standard","meta":{"footnotes":""},"categories":[88],"tags":[],"class_list":["post-197026","post","type-post","status-publish","format-standard","has-post-thumbnail","hentry","category-real-madrid"],"yoast_head":"<!-- This site is optimized with the Yoast SEO Premium plugin v24.2 (Yoast SEO v26.9) - https:\/\/yoast.com\/product\/yoast-seo-premium-wordpress\/ -->\n<title>Ex-Real Madrid \u00e9 sincero ao falar sobre Vini Jr.<\/title>\n<meta name=\"robots\" content=\"index, follow, max-snippet:-1, max-image-preview:large, max-video-preview:-1\" \/>\n<link rel=\"canonical\" href=\"https:\/\/www.gaveanews.com\/index.php\/2024\/12\/11\/ex-real-madrid-e-sincero-ao-falar-sobre-vini-jr\/\" \/>\n<meta property=\"og:locale\" content=\"pt_BR\" \/>\n<meta property=\"og:type\" content=\"article\" \/>\n<meta property=\"og:title\" content=\"Ex-Real Madrid \u00e9 sincero ao falar sobre Vini Jr.\" \/>\n<meta property=\"og:description\" content=\"Um dos grandes \u00eddolos da hist\u00f3ria do Real Madrid, campe\u00e3o do mundial de clubes, da Champions League e da Copa do Mundo, Sami Khedira abriu o jogo sobre o que ele pensa de Vini Jr na equipe do Real Madrid. Em entrevista ao jornal Marca, da Espanha, Khedira diz que, se Vini Jr um dia [&hellip;]\" \/>\n<meta property=\"og:url\" content=\"https:\/\/www.gaveanews.com\/index.php\/2024\/12\/11\/ex-real-madrid-e-sincero-ao-falar-sobre-vini-jr\/\" \/>\n<meta property=\"og:site_name\" content=\"G\u00e1vea News\" \/>\n<meta property=\"article:publisher\" content=\"https:\/\/facebook.com\/gaveaNews\/\" \/>\n<meta property=\"article:published_time\" content=\"2024-12-12T02:05:00+00:00\" \/>\n<meta property=\"og:image\" content=\"https:\/\/www.gaveanews.com\/wp-content\/uploads\/vini-jr-real-madrid.webp\" \/>\n\t<meta property=\"og:image:width\" content=\"1080\" \/>\n\t<meta property=\"og:image:height\" content=\"607\" \/>\n\t<meta property=\"og:image:type\" content=\"image\/webp\" \/>\n<meta name=\"author\" content=\"Bruno Zanchetta\" \/>\n<meta name=\"twitter:card\" content=\"summary_large_image\" \/>\n<meta name=\"twitter:label1\" content=\"Escrito por\" \/>\n\t<meta name=\"twitter:data1\" content=\"Bruno Zanchetta\" \/>\n\t<meta name=\"twitter:label2\" content=\"Est. tempo de leitura\" \/>\n\t<meta name=\"twitter:data2\" content=\"3 minutos\" \/>\n<script type=\"application\/ld+json\" class=\"yoast-schema-graph\">{\"@context\":\"https:\/\/schema.org\",\"@graph\":[{\"@type\":\"NewsArticle\",\"@id\":\"https:\/\/www.gaveanews.com\/index.php\/2024\/12\/11\/ex-real-madrid-e-sincero-ao-falar-sobre-vini-jr\/#article\",\"isPartOf\":{\"@id\":\"https:\/\/www.gaveanews.com\/index.php\/2024\/12\/11\/ex-real-madrid-e-sincero-ao-falar-sobre-vini-jr\/\"},\"author\":{\"name\":\"Bruno Zanchetta\",\"@id\":\"https:\/\/www.gaveanews.com\/#\/schema\/person\/32fddefab25b466689f181be346cd98c\"},\"headline\":\"Ex-Real Madrid \u00e9 sincero ao falar sobre Vini Jr.\",\"datePublished\":\"2024-12-12T02:05:00+00:00\",\"mainEntityOfPage\":{\"@id\":\"https:\/\/www.gaveanews.com\/index.php\/2024\/12\/11\/ex-real-madrid-e-sincero-ao-falar-sobre-vini-jr\/\"},\"wordCount\":383,\"commentCount\":0,\"image\":{\"@id\":\"https:\/\/www.gaveanews.com\/index.php\/2024\/12\/11\/ex-real-madrid-e-sincero-ao-falar-sobre-vini-jr\/#primaryimage\"},\"thumbnailUrl\":\"https:\/\/www.gaveanews.com\/wp-content\/uploads\/vini-jr-real-madrid.webp\",\"articleSection\":[\"Real Madrid\"],\"inLanguage\":\"pt-BR\",\"potentialAction\":[{\"@type\":\"CommentAction\",\"name\":\"Comment\",\"target\":[\"https:\/\/www.gaveanews.com\/index.php\/2024\/12\/11\/ex-real-madrid-e-sincero-ao-falar-sobre-vini-jr\/#respond\"]}],\"copyrightYear\":\"2024\",\"copyrightHolder\":{\"@id\":\"https:\/\/www.gaveanews.com\/#organization\"}},{\"@type\":\"WebPage\",\"@id\":\"https:\/\/www.gaveanews.com\/index.php\/2024\/12\/11\/ex-real-madrid-e-sincero-ao-falar-sobre-vini-jr\/\",\"url\":\"https:\/\/www.gaveanews.com\/index.php\/2024\/12\/11\/ex-real-madrid-e-sincero-ao-falar-sobre-vini-jr\/\",\"name\":\"Ex-Real Madrid \u00e9 sincero ao falar sobre Vini Jr.\",\"isPartOf\":{\"@id\":\"https:\/\/www.gaveanews.com\/#website\"},\"primaryImageOfPage\":{\"@id\":\"https:\/\/www.gaveanews.com\/index.php\/2024\/12\/11\/ex-real-madrid-e-sincero-ao-falar-sobre-vini-jr\/#primaryimage\"},\"image\":{\"@id\":\"https:\/\/www.gaveanews.com\/index.php\/2024\/12\/11\/ex-real-madrid-e-sincero-ao-falar-sobre-vini-jr\/#primaryimage\"},\"thumbnailUrl\":\"https:\/\/www.gaveanews.com\/wp-content\/uploads\/vini-jr-real-madrid.webp\",\"datePublished\":\"2024-12-12T02:05:00+00:00\",\"author\":{\"@id\":\"https:\/\/www.gaveanews.com\/#\/schema\/person\/32fddefab25b466689f181be346cd98c\"},\"breadcrumb\":{\"@id\":\"https:\/\/www.gaveanews.com\/index.php\/2024\/12\/11\/ex-real-madrid-e-sincero-ao-falar-sobre-vini-jr\/#breadcrumb\"},\"inLanguage\":\"pt-BR\",\"potentialAction\":[{\"@type\":\"ReadAction\",\"target\":[\"https:\/\/www.gaveanews.com\/index.php\/2024\/12\/11\/ex-real-madrid-e-sincero-ao-falar-sobre-vini-jr\/\"]}]},{\"@type\":\"ImageObject\",\"inLanguage\":\"pt-BR\",\"@id\":\"https:\/\/www.gaveanews.com\/index.php\/2024\/12\/11\/ex-real-madrid-e-sincero-ao-falar-sobre-vini-jr\/#primaryimage\",\"url\":\"https:\/\/www.gaveanews.com\/wp-content\/uploads\/vini-jr-real-madrid.webp\",\"contentUrl\":\"https:\/\/www.gaveanews.com\/wp-content\/uploads\/vini-jr-real-madrid.webp\",\"width\":1080,\"height\":607,\"caption\":\"Vini Jr em a\u00e7\u00e3o pelo Real Madrid (Foto: Divulga\u00e7\u00e3o\/Real Madrid)\"},{\"@type\":\"BreadcrumbList\",\"@id\":\"https:\/\/www.gaveanews.com\/index.php\/2024\/12\/11\/ex-real-madrid-e-sincero-ao-falar-sobre-vini-jr\/#breadcrumb\",\"itemListElement\":[{\"@type\":\"ListItem\",\"position\":1,\"name\":\"Home\",\"item\":\"https:\/\/www.gaveanews.com\/\"},{\"@type\":\"ListItem\",\"position\":2,\"name\":\"Ex-Real Madrid \u00e9 sincero ao falar sobre Vini Jr.\"}]},{\"@type\":\"WebSite\",\"@id\":\"https:\/\/www.gaveanews.com\/#website\",\"url\":\"https:\/\/www.gaveanews.com\/\",\"name\":\"G\u00e1vea News\",\"description\":\"Veja todas as not\u00edcias sobre o Flamengo: Contrata\u00e7\u00f5es, categorias de base, resultados das partidas, tabela de classifica\u00e7\u00e3o, pr\u00f3ximos jogos!\",\"potentialAction\":[{\"@type\":\"SearchAction\",\"target\":{\"@type\":\"EntryPoint\",\"urlTemplate\":\"https:\/\/www.gaveanews.com\/?s={search_term_string}\"},\"query-input\":{\"@type\":\"PropertyValueSpecification\",\"valueRequired\":true,\"valueName\":\"search_term_string\"}}],\"inLanguage\":\"pt-BR\"},{\"@type\":\"Person\",\"@id\":\"https:\/\/www.gaveanews.com\/#\/schema\/person\/32fddefab25b466689f181be346cd98c\",\"name\":\"Bruno Zanchetta\",\"image\":{\"@type\":\"ImageObject\",\"inLanguage\":\"pt-BR\",\"@id\":\"https:\/\/www.gaveanews.com\/#\/schema\/person\/image\/\",\"url\":\"https:\/\/secure.gravatar.com\/avatar\/3ba2d39f8a912ad65276975a996d6ad8d9e3dd13448684be8dc4d7c17099d2ee?s=96&d=mm&r=g\",\"contentUrl\":\"https:\/\/secure.gravatar.com\/avatar\/3ba2d39f8a912ad65276975a996d6ad8d9e3dd13448684be8dc4d7c17099d2ee?s=96&d=mm&r=g\",\"caption\":\"Bruno Zanchetta\"}}]}<\/script>\n<!-- \/ Yoast SEO Premium plugin. -->","yoast_head_json":{"title":"Ex-Real Madrid \u00e9 sincero ao falar sobre Vini Jr.","robots":{"index":"index","follow":"follow","max-snippet":"max-snippet:-1","max-image-preview":"max-image-preview:large","max-video-preview":"max-video-preview:-1"},"canonical":"https:\/\/www.gaveanews.com\/index.php\/2024\/12\/11\/ex-real-madrid-e-sincero-ao-falar-sobre-vini-jr\/","og_locale":"pt_BR","og_type":"article","og_title":"Ex-Real Madrid \u00e9 sincero ao falar sobre Vini Jr.","og_description":"Um dos grandes \u00eddolos da hist\u00f3ria do Real Madrid, campe\u00e3o do mundial de clubes, da Champions League e da Copa do Mundo, Sami Khedira abriu o jogo sobre o que ele pensa de Vini Jr na equipe do Real Madrid. Em entrevista ao jornal Marca, da Espanha, Khedira diz que, se Vini Jr um dia [&hellip;]","og_url":"https:\/\/www.gaveanews.com\/index.php\/2024\/12\/11\/ex-real-madrid-e-sincero-ao-falar-sobre-vini-jr\/","og_site_name":"G\u00e1vea News","article_publisher":"https:\/\/facebook.com\/gaveaNews\/","article_published_time":"2024-12-12T02:05:00+00:00","og_image":[{"width":1080,"height":607,"url":"https:\/\/www.gaveanews.com\/wp-content\/uploads\/vini-jr-real-madrid.webp","type":"image\/webp"}],"author":"Bruno Zanchetta","twitter_card":"summary_large_image","twitter_misc":{"Escrito por":"Bruno Zanchetta","Est. tempo de leitura":"3 minutos"},"schema":{"@context":"https:\/\/schema.org","@graph":[{"@type":"NewsArticle","@id":"https:\/\/www.gaveanews.com\/index.php\/2024\/12\/11\/ex-real-madrid-e-sincero-ao-falar-sobre-vini-jr\/#article","isPartOf":{"@id":"https:\/\/www.gaveanews.com\/index.php\/2024\/12\/11\/ex-real-madrid-e-sincero-ao-falar-sobre-vini-jr\/"},"author":{"name":"Bruno Zanchetta","@id":"https:\/\/www.gaveanews.com\/#\/schema\/person\/32fddefab25b466689f181be346cd98c"},"headline":"Ex-Real Madrid \u00e9 sincero ao falar sobre Vini Jr.","datePublished":"2024-12-12T02:05:00+00:00","mainEntityOfPage":{"@id":"https:\/\/www.gaveanews.com\/index.php\/2024\/12\/11\/ex-real-madrid-e-sincero-ao-falar-sobre-vini-jr\/"},"wordCount":383,"commentCount":0,"image":{"@id":"https:\/\/www.gaveanews.com\/index.php\/2024\/12\/11\/ex-real-madrid-e-sincero-ao-falar-sobre-vini-jr\/#primaryimage"},"thumbnailUrl":"https:\/\/www.gaveanews.com\/wp-content\/uploads\/vini-jr-real-madrid.webp","articleSection":["Real Madrid"],"inLanguage":"pt-BR","potentialAction":[{"@type":"CommentAction","name":"Comment","target":["https:\/\/www.gaveanews.com\/index.php\/2024\/12\/11\/ex-real-madrid-e-sincero-ao-falar-sobre-vini-jr\/#respond"]}],"copyrightYear":"2024","copyrightHolder":{"@id":"https:\/\/www.gaveanews.com\/#organization"}},{"@type":"WebPage","@id":"https:\/\/www.gaveanews.com\/index.php\/2024\/12\/11\/ex-real-madrid-e-sincero-ao-falar-sobre-vini-jr\/","url":"https:\/\/www.gaveanews.com\/index.php\/2024\/12\/11\/ex-real-madrid-e-sincero-ao-falar-sobre-vini-jr\/","name":"Ex-Real Madrid \u00e9 sincero ao falar sobre Vini Jr.","isPartOf":{"@id":"https:\/\/www.gaveanews.com\/#website"},"primaryImageOfPage":{"@id":"https:\/\/www.gaveanews.com\/index.php\/2024\/12\/11\/ex-real-madrid-e-sincero-ao-falar-sobre-vini-jr\/#primaryimage"},"image":{"@id":"https:\/\/www.gaveanews.com\/index.php\/2024\/12\/11\/ex-real-madrid-e-sincero-ao-falar-sobre-vini-jr\/#primaryimage"},"thumbnailUrl":"https:\/\/www.gaveanews.com\/wp-content\/uploads\/vini-jr-real-madrid.webp","datePublished":"2024-12-12T02:05:00+00:00","author":{"@id":"https:\/\/www.gaveanews.com\/#\/schema\/person\/32fddefab25b466689f181be346cd98c"},"breadcrumb":{"@id":"https:\/\/www.gaveanews.com\/index.php\/2024\/12\/11\/ex-real-madrid-e-sincero-ao-falar-sobre-vini-jr\/#breadcrumb"},"inLanguage":"pt-BR","potentialAction":[{"@type":"ReadAction","target":["https:\/\/www.gaveanews.com\/index.php\/2024\/12\/11\/ex-real-madrid-e-sincero-ao-falar-sobre-vini-jr\/"]}]},{"@type":"ImageObject","inLanguage":"pt-BR","@id":"https:\/\/www.gaveanews.com\/index.php\/2024\/12\/11\/ex-real-madrid-e-sincero-ao-falar-sobre-vini-jr\/#primaryimage","url":"https:\/\/www.gaveanews.com\/wp-content\/uploads\/vini-jr-real-madrid.webp","contentUrl":"https:\/\/www.gaveanews.com\/wp-content\/uploads\/vini-jr-real-madrid.webp","width":1080,"height":607,"caption":"Vini Jr em a\u00e7\u00e3o pelo Real Madrid (Foto: Divulga\u00e7\u00e3o\/Real Madrid)"},{"@type":"BreadcrumbList","@id":"https:\/\/www.gaveanews.com\/index.php\/2024\/12\/11\/ex-real-madrid-e-sincero-ao-falar-sobre-vini-jr\/#breadcrumb","itemListElement":[{"@type":"ListItem","position":1,"name":"Home","item":"https:\/\/www.gaveanews.com\/"},{"@type":"ListItem","position":2,"name":"Ex-Real Madrid \u00e9 sincero ao falar sobre Vini Jr."}]},{"@type":"WebSite","@id":"https:\/\/www.gaveanews.com\/#website","url":"https:\/\/www.gaveanews.com\/","name":"G\u00e1vea News","description":"Veja todas as not\u00edcias sobre o Flamengo: Contrata\u00e7\u00f5es, categorias de base, resultados das partidas, tabela de classifica\u00e7\u00e3o, pr\u00f3ximos jogos!","potentialAction":[{"@type":"SearchAction","target":{"@type":"EntryPoint","urlTemplate":"https:\/\/www.gaveanews.com\/?s={search_term_string}"},"query-input":{"@type":"PropertyValueSpecification","valueRequired":true,"valueName":"search_term_string"}}],"inLanguage":"pt-BR"},{"@type":"Person","@id":"https:\/\/www.gaveanews.com\/#\/schema\/person\/32fddefab25b466689f181be346cd98c","name":"Bruno Zanchetta","image":{"@type":"ImageObject","inLanguage":"pt-BR","@id":"https:\/\/www.gaveanews.com\/#\/schema\/person\/image\/","url":"https:\/\/secure.gravatar.com\/avatar\/3ba2d39f8a912ad65276975a996d6ad8d9e3dd13448684be8dc4d7c17099d2ee?s=96&d=mm&r=g","contentUrl":"https:\/\/secure.gravatar.com\/avatar\/3ba2d39f8a912ad65276975a996d6ad8d9e3dd13448684be8dc4d7c17099d2ee?s=96&d=mm&r=g","caption":"Bruno Zanchetta"}}]}},"_links":{"self":[{"href":"https:\/\/www.gaveanews.com\/index.php\/wp-json\/wp\/v2\/posts\/197026","targetHints":{"allow":["GET"]}}],"collection":[{"href":"https:\/\/www.gaveanews.com\/index.php\/wp-json\/wp\/v2\/posts"}],"about":[{"href":"https:\/\/www.gaveanews.com\/index.php\/wp-json\/wp\/v2\/types\/post"}],"author":[{"embeddable":true,"href":"https:\/\/www.gaveanews.com\/index.php\/wp-json\/wp\/v2\/users\/19"}],"replies":[{"embeddable":true,"href":"https:\/\/www.gaveanews.com\/index.php\/wp-json\/wp\/v2\/comments?post=197026"}],"version-history":[{"count":1,"href":"https:\/\/www.gaveanews.com\/index.php\/wp-json\/wp\/v2\/posts\/197026\/revisions"}],"predecessor-version":[{"id":197035,"href":"https:\/\/www.gaveanews.com\/index.php\/wp-json\/wp\/v2\/posts\/197026\/revisions\/197035"}],"wp:featuredmedia":[{"embeddable":true,"href":"https:\/\/www.gaveanews.com\/index.php\/wp-json\/wp\/v2\/media\/109282"}],"wp:attachment":[{"href":"https:\/\/www.gaveanews.com\/index.php\/wp-json\/wp\/v2\/media?parent=197026"}],"wp:term":[{"taxonomy":"category","embeddable":true,"href":"https:\/\/www.gaveanews.com\/index.php\/wp-json\/wp\/v2\/categories?post=197026"},{"taxonomy":"post_tag","embeddable":true,"href":"https:\/\/www.gaveanews.com\/index.php\/wp-json\/wp\/v2\/tags?post=197026"}],"curies":[{"name":"wp","href":"https:\/\/api.w.org\/{rel}","templated":true}]}}