{"id":197045,"date":"2024-12-11T15:40:18","date_gmt":"2024-12-11T18:40:18","guid":{"rendered":"https:\/\/www.gaveanews.com\/?p=197045"},"modified":"2024-12-11T15:36:59","modified_gmt":"2024-12-11T18:36:59","slug":"a-declaracao-de-mbappe-do-real-madrid-direcionada-a-deschamps-tecnico-da-franca","status":"publish","type":"post","link":"https:\/\/www.gaveanews.com\/index.php\/2024\/12\/11\/a-declaracao-de-mbappe-do-real-madrid-direcionada-a-deschamps-tecnico-da-franca\/","title":{"rendered":"A declara\u00e7\u00e3o de Mbapp\u00e9, do Real Madrid, direcionada a Deschamps, t\u00e9cnico da Fran\u00e7a"},"content":{"rendered":"\n<p>Kylian Mbapp\u00e9, atacante do Real Madrid, falou abertamente sobre sua aus\u00eancia nas \u00faltimas convoca\u00e7\u00f5es para a sele\u00e7\u00e3o francesa e revelou n\u00e3o entender o motivo pelo qual n\u00e3o foi chamado para os jogos mais recentes. Em entrevista ao jornal <em>Marca<\/em>, o jogador admitiu que, embora tenha solicitado para n\u00e3o ser convocado para o per\u00edodo de setembro, ele n\u00e3o compreende as raz\u00f5es que levaram Didier Deschamps a deix\u00e1-lo de fora nas \u00faltimas oportunidades.<\/p>\n\n\n\n<ul class=\"wp-block-list\">\n<li><strong><a href=\"https:\/\/www.gaveanews.com\/index.php\/2024\/12\/09\/veja-quais-jogadores-ficam-livres-no-mercado-e-podem-assinar-contrato\/?utm_source=terra_capa_parceiros&amp;utm_medium=referral#google_vignette\">Veja quais jogadores ficam livres no mercado e podem assinar contrato<\/a><\/strong><\/li>\n\n\n\n<li><strong><a href=\"https:\/\/www.gaveanews.com\/index.php\/2024\/12\/09\/jogador-de-time-europeu-se-envolve-em-acidente-veja-detalhes\/?utm_source=terra_capa_parceiros&amp;utm_medium=referral\">Jogador de time europeu se envolve em acidente; veja detalhes<\/a><\/strong><\/li>\n<\/ul>\n\n\n\n<p>Mbapp\u00e9 explicou que, em setembro, pediu ao t\u00e9cnico franc\u00eas para ser desconsiderado da convoca\u00e7\u00e3o devido ao curto per\u00edodo de f\u00e9rias ap\u00f3s sua transfer\u00eancia para o Real Madrid. Contudo, nas convoca\u00e7\u00f5es seguintes, ele n\u00e3o recebeu uma explica\u00e7\u00e3o clara. &#8220;Meu amor pela sele\u00e7\u00e3o n\u00e3o mudou. Sinto falta, porque faz muito tempo que n\u00e3o sou chamado. Em setembro, pedi para n\u00e3o ser chamado devido \u00e0s f\u00e9rias. Em outubro me machuquei, e em novembro, o treinador disse que seria melhor n\u00e3o me convocar. Ele \u00e9 o chefe, mas eu queria jogar&#8221;, afirmou o atacante.<\/p>\n\n\n\n<p>O treinador Didier Deschamps, por sua vez, se limitou a comentar sobre a aus\u00eancia de Mbapp\u00e9 na convoca\u00e7\u00e3o de novembro, mencionando que o jogador expressou o desejo de participar, mas que ele, como comandante, preferiu tomar outra decis\u00e3o. &#8220;Kylian queria estar aqui, mas ap\u00f3s diversas conversas, achei que a melhor decis\u00e3o era deix\u00e1-lo de fora. N\u00e3o vou entrar em detalhes&#8221;, afirmou Deschamps, na coletiva ap\u00f3s a divulga\u00e7\u00e3o da lista de convocados.<\/p>\n\n\n\n<p>Deschamps tamb\u00e9m destacou que n\u00e3o havia quest\u00f5es extracampo envolvidas na decis\u00e3o, frisando que &#8220;n\u00e3o h\u00e1 problemas fora do campo&#8221; com Mbapp\u00e9 e que o motivo era puramente t\u00e9cnico. O t\u00e9cnico declarou ainda que a decis\u00e3o de deixar Mbapp\u00e9 de fora foi espec\u00edfica para aquele momento, sem aprofundar mais nas raz\u00f5es.<\/p>\n\n\n\n<p>Apesar de sua aus\u00eancia na sele\u00e7\u00e3o, Mbapp\u00e9 segue brilhando com a camisa do Real Madrid. No clube, o atacante tem se destacado com uma excelente performance, com 11 gols e 2 assist\u00eancias em 21 partidas disputadas.<\/p>\n\n\n\n<p>A pr\u00f3xima oportunidade para Mbapp\u00e9 ser convocado ser\u00e1 em mar\u00e7o de 2025, quando ocorrer\u00e3o os pr\u00f3ximos jogos da sele\u00e7\u00e3o francesa. At\u00e9 l\u00e1, a espera pelo retorno do astro \u00e0 equipe nacional continua, com a incerteza sobre o papel que ele desempenhar\u00e1 sob a lideran\u00e7a de Didier Deschamps.<\/p>\n","protected":false},"excerpt":{"rendered":"<p>Kylian Mbapp\u00e9, atacante do Real Madrid, falou abertamente sobre sua aus\u00eancia nas \u00faltimas convoca\u00e7\u00f5es para a sele\u00e7\u00e3o francesa e revelou n\u00e3o entender o motivo pelo qual n\u00e3o foi chamado para os jogos mais recentes. Em entrevista ao jornal Marca, o jogador admitiu que, embora tenha solicitado para n\u00e3o ser convocado para o per\u00edodo de setembro, [&hellip;]<\/p>\n","protected":false},"author":23,"featured_media":142556,"comment_status":"open","ping_status":"closed","sticky":false,"template":"","format":"standard","meta":{"footnotes":""},"categories":[78],"tags":[],"class_list":["post-197045","post","type-post","status-publish","format-standard","has-post-thumbnail","hentry","category-futebol-internacional"],"yoast_head":"<!-- This site is optimized with the Yoast SEO Premium plugin v24.2 (Yoast SEO v26.9) - https:\/\/yoast.com\/product\/yoast-seo-premium-wordpress\/ -->\n<title>A declara\u00e7\u00e3o de Mbapp\u00e9, do Real Madrid, direcionada a Deschamps, t\u00e9cnico da Fran\u00e7a<\/title>\n<meta name=\"robots\" content=\"index, follow, max-snippet:-1, max-image-preview:large, max-video-preview:-1\" \/>\n<link rel=\"canonical\" href=\"https:\/\/www.gaveanews.com\/index.php\/2024\/12\/11\/a-declaracao-de-mbappe-do-real-madrid-direcionada-a-deschamps-tecnico-da-franca\/\" \/>\n<meta property=\"og:locale\" content=\"pt_BR\" \/>\n<meta property=\"og:type\" content=\"article\" \/>\n<meta property=\"og:title\" content=\"A declara\u00e7\u00e3o de Mbapp\u00e9, do Real Madrid, direcionada a Deschamps, t\u00e9cnico da Fran\u00e7a\" \/>\n<meta property=\"og:description\" content=\"Kylian Mbapp\u00e9, atacante do Real Madrid, falou abertamente sobre sua aus\u00eancia nas \u00faltimas convoca\u00e7\u00f5es para a sele\u00e7\u00e3o francesa e revelou n\u00e3o entender o motivo pelo qual n\u00e3o foi chamado para os jogos mais recentes. Em entrevista ao jornal Marca, o jogador admitiu que, embora tenha solicitado para n\u00e3o ser convocado para o per\u00edodo de setembro, [&hellip;]\" \/>\n<meta property=\"og:url\" content=\"https:\/\/www.gaveanews.com\/index.php\/2024\/12\/11\/a-declaracao-de-mbappe-do-real-madrid-direcionada-a-deschamps-tecnico-da-franca\/\" \/>\n<meta property=\"og:site_name\" content=\"G\u00e1vea News\" \/>\n<meta property=\"article:publisher\" content=\"https:\/\/facebook.com\/gaveaNews\/\" \/>\n<meta property=\"article:published_time\" content=\"2024-12-11T18:40:18+00:00\" \/>\n<meta property=\"og:image\" content=\"https:\/\/www.gaveanews.com\/wp-content\/uploads\/Mbappe.webp\" \/>\n\t<meta property=\"og:image:width\" content=\"1120\" \/>\n\t<meta property=\"og:image:height\" content=\"638\" \/>\n\t<meta property=\"og:image:type\" content=\"image\/png\" \/>\n<meta name=\"author\" content=\"Leandro Azevedo\" \/>\n<meta name=\"twitter:card\" content=\"summary_large_image\" \/>\n<meta name=\"twitter:label1\" content=\"Escrito por\" \/>\n\t<meta name=\"twitter:data1\" content=\"Leandro Azevedo\" \/>\n\t<meta name=\"twitter:label2\" content=\"Est. tempo de leitura\" \/>\n\t<meta name=\"twitter:data2\" content=\"3 minutos\" \/>\n<script type=\"application\/ld+json\" class=\"yoast-schema-graph\">{\"@context\":\"https:\/\/schema.org\",\"@graph\":[{\"@type\":\"NewsArticle\",\"@id\":\"https:\/\/www.gaveanews.com\/index.php\/2024\/12\/11\/a-declaracao-de-mbappe-do-real-madrid-direcionada-a-deschamps-tecnico-da-franca\/#article\",\"isPartOf\":{\"@id\":\"https:\/\/www.gaveanews.com\/index.php\/2024\/12\/11\/a-declaracao-de-mbappe-do-real-madrid-direcionada-a-deschamps-tecnico-da-franca\/\"},\"author\":{\"name\":\"Leandro Azevedo\",\"@id\":\"https:\/\/www.gaveanews.com\/#\/schema\/person\/2877169f354c4596cf5aab74ea7c56a8\"},\"headline\":\"A declara\u00e7\u00e3o de Mbapp\u00e9, do Real Madrid, direcionada a Deschamps, t\u00e9cnico da Fran\u00e7a\",\"datePublished\":\"2024-12-11T18:40:18+00:00\",\"mainEntityOfPage\":{\"@id\":\"https:\/\/www.gaveanews.com\/index.php\/2024\/12\/11\/a-declaracao-de-mbappe-do-real-madrid-direcionada-a-deschamps-tecnico-da-franca\/\"},\"wordCount\":450,\"commentCount\":0,\"image\":{\"@id\":\"https:\/\/www.gaveanews.com\/index.php\/2024\/12\/11\/a-declaracao-de-mbappe-do-real-madrid-direcionada-a-deschamps-tecnico-da-franca\/#primaryimage\"},\"thumbnailUrl\":\"https:\/\/www.gaveanews.com\/wp-content\/uploads\/Mbappe.webp\",\"articleSection\":[\"Futebol Internacional\"],\"inLanguage\":\"pt-BR\",\"potentialAction\":[{\"@type\":\"CommentAction\",\"name\":\"Comment\",\"target\":[\"https:\/\/www.gaveanews.com\/index.php\/2024\/12\/11\/a-declaracao-de-mbappe-do-real-madrid-direcionada-a-deschamps-tecnico-da-franca\/#respond\"]}],\"copyrightYear\":\"2024\",\"copyrightHolder\":{\"@id\":\"https:\/\/www.gaveanews.com\/#organization\"}},{\"@type\":\"WebPage\",\"@id\":\"https:\/\/www.gaveanews.com\/index.php\/2024\/12\/11\/a-declaracao-de-mbappe-do-real-madrid-direcionada-a-deschamps-tecnico-da-franca\/\",\"url\":\"https:\/\/www.gaveanews.com\/index.php\/2024\/12\/11\/a-declaracao-de-mbappe-do-real-madrid-direcionada-a-deschamps-tecnico-da-franca\/\",\"name\":\"A declara\u00e7\u00e3o de Mbapp\u00e9, do Real Madrid, direcionada a Deschamps, t\u00e9cnico da Fran\u00e7a\",\"isPartOf\":{\"@id\":\"https:\/\/www.gaveanews.com\/#website\"},\"primaryImageOfPage\":{\"@id\":\"https:\/\/www.gaveanews.com\/index.php\/2024\/12\/11\/a-declaracao-de-mbappe-do-real-madrid-direcionada-a-deschamps-tecnico-da-franca\/#primaryimage\"},\"image\":{\"@id\":\"https:\/\/www.gaveanews.com\/index.php\/2024\/12\/11\/a-declaracao-de-mbappe-do-real-madrid-direcionada-a-deschamps-tecnico-da-franca\/#primaryimage\"},\"thumbnailUrl\":\"https:\/\/www.gaveanews.com\/wp-content\/uploads\/Mbappe.webp\",\"datePublished\":\"2024-12-11T18:40:18+00:00\",\"author\":{\"@id\":\"https:\/\/www.gaveanews.com\/#\/schema\/person\/2877169f354c4596cf5aab74ea7c56a8\"},\"breadcrumb\":{\"@id\":\"https:\/\/www.gaveanews.com\/index.php\/2024\/12\/11\/a-declaracao-de-mbappe-do-real-madrid-direcionada-a-deschamps-tecnico-da-franca\/#breadcrumb\"},\"inLanguage\":\"pt-BR\",\"potentialAction\":[{\"@type\":\"ReadAction\",\"target\":[\"https:\/\/www.gaveanews.com\/index.php\/2024\/12\/11\/a-declaracao-de-mbappe-do-real-madrid-direcionada-a-deschamps-tecnico-da-franca\/\"]}]},{\"@type\":\"ImageObject\",\"inLanguage\":\"pt-BR\",\"@id\":\"https:\/\/www.gaveanews.com\/index.php\/2024\/12\/11\/a-declaracao-de-mbappe-do-real-madrid-direcionada-a-deschamps-tecnico-da-franca\/#primaryimage\",\"url\":\"https:\/\/www.gaveanews.com\/wp-content\/uploads\/Mbappe.webp\",\"contentUrl\":\"https:\/\/www.gaveanews.com\/wp-content\/uploads\/Mbappe.webp\",\"width\":1120,\"height\":638,\"caption\":\"Foto: Reprodu\u00e7\u00e3o\/Redes sociais\"},{\"@type\":\"BreadcrumbList\",\"@id\":\"https:\/\/www.gaveanews.com\/index.php\/2024\/12\/11\/a-declaracao-de-mbappe-do-real-madrid-direcionada-a-deschamps-tecnico-da-franca\/#breadcrumb\",\"itemListElement\":[{\"@type\":\"ListItem\",\"position\":1,\"name\":\"Home\",\"item\":\"https:\/\/www.gaveanews.com\/\"},{\"@type\":\"ListItem\",\"position\":2,\"name\":\"A declara\u00e7\u00e3o de Mbapp\u00e9, do Real Madrid, direcionada a Deschamps, t\u00e9cnico da Fran\u00e7a\"}]},{\"@type\":\"WebSite\",\"@id\":\"https:\/\/www.gaveanews.com\/#website\",\"url\":\"https:\/\/www.gaveanews.com\/\",\"name\":\"G\u00e1vea News\",\"description\":\"Veja todas as not\u00edcias sobre o Flamengo: Contrata\u00e7\u00f5es, categorias de base, resultados das partidas, tabela de classifica\u00e7\u00e3o, pr\u00f3ximos jogos!\",\"potentialAction\":[{\"@type\":\"SearchAction\",\"target\":{\"@type\":\"EntryPoint\",\"urlTemplate\":\"https:\/\/www.gaveanews.com\/?s={search_term_string}\"},\"query-input\":{\"@type\":\"PropertyValueSpecification\",\"valueRequired\":true,\"valueName\":\"search_term_string\"}}],\"inLanguage\":\"pt-BR\"},{\"@type\":\"Person\",\"@id\":\"https:\/\/www.gaveanews.com\/#\/schema\/person\/2877169f354c4596cf5aab74ea7c56a8\",\"name\":\"Leandro Azevedo\",\"image\":{\"@type\":\"ImageObject\",\"inLanguage\":\"pt-BR\",\"@id\":\"https:\/\/www.gaveanews.com\/#\/schema\/person\/image\/\",\"url\":\"https:\/\/secure.gravatar.com\/avatar\/e2f72eb6d986a41d592a85e4e36a6c6170e9ea8a1f433dfc29d0011a8968f89c?s=96&d=mm&r=g\",\"contentUrl\":\"https:\/\/secure.gravatar.com\/avatar\/e2f72eb6d986a41d592a85e4e36a6c6170e9ea8a1f433dfc29d0011a8968f89c?s=96&d=mm&r=g\",\"caption\":\"Leandro Azevedo\"}}]}<\/script>\n<!-- \/ Yoast SEO Premium plugin. -->","yoast_head_json":{"title":"A declara\u00e7\u00e3o de Mbapp\u00e9, do Real Madrid, direcionada a Deschamps, t\u00e9cnico da Fran\u00e7a","robots":{"index":"index","follow":"follow","max-snippet":"max-snippet:-1","max-image-preview":"max-image-preview:large","max-video-preview":"max-video-preview:-1"},"canonical":"https:\/\/www.gaveanews.com\/index.php\/2024\/12\/11\/a-declaracao-de-mbappe-do-real-madrid-direcionada-a-deschamps-tecnico-da-franca\/","og_locale":"pt_BR","og_type":"article","og_title":"A declara\u00e7\u00e3o de Mbapp\u00e9, do Real Madrid, direcionada a Deschamps, t\u00e9cnico da Fran\u00e7a","og_description":"Kylian Mbapp\u00e9, atacante do Real Madrid, falou abertamente sobre sua aus\u00eancia nas \u00faltimas convoca\u00e7\u00f5es para a sele\u00e7\u00e3o francesa e revelou n\u00e3o entender o motivo pelo qual n\u00e3o foi chamado para os jogos mais recentes. Em entrevista ao jornal Marca, o jogador admitiu que, embora tenha solicitado para n\u00e3o ser convocado para o per\u00edodo de setembro, [&hellip;]","og_url":"https:\/\/www.gaveanews.com\/index.php\/2024\/12\/11\/a-declaracao-de-mbappe-do-real-madrid-direcionada-a-deschamps-tecnico-da-franca\/","og_site_name":"G\u00e1vea News","article_publisher":"https:\/\/facebook.com\/gaveaNews\/","article_published_time":"2024-12-11T18:40:18+00:00","og_image":[{"width":1120,"height":638,"url":"https:\/\/www.gaveanews.com\/wp-content\/uploads\/Mbappe.webp","type":"image\/png"}],"author":"Leandro Azevedo","twitter_card":"summary_large_image","twitter_misc":{"Escrito por":"Leandro Azevedo","Est. tempo de leitura":"3 minutos"},"schema":{"@context":"https:\/\/schema.org","@graph":[{"@type":"NewsArticle","@id":"https:\/\/www.gaveanews.com\/index.php\/2024\/12\/11\/a-declaracao-de-mbappe-do-real-madrid-direcionada-a-deschamps-tecnico-da-franca\/#article","isPartOf":{"@id":"https:\/\/www.gaveanews.com\/index.php\/2024\/12\/11\/a-declaracao-de-mbappe-do-real-madrid-direcionada-a-deschamps-tecnico-da-franca\/"},"author":{"name":"Leandro Azevedo","@id":"https:\/\/www.gaveanews.com\/#\/schema\/person\/2877169f354c4596cf5aab74ea7c56a8"},"headline":"A declara\u00e7\u00e3o de Mbapp\u00e9, do Real Madrid, direcionada a Deschamps, t\u00e9cnico da Fran\u00e7a","datePublished":"2024-12-11T18:40:18+00:00","mainEntityOfPage":{"@id":"https:\/\/www.gaveanews.com\/index.php\/2024\/12\/11\/a-declaracao-de-mbappe-do-real-madrid-direcionada-a-deschamps-tecnico-da-franca\/"},"wordCount":450,"commentCount":0,"image":{"@id":"https:\/\/www.gaveanews.com\/index.php\/2024\/12\/11\/a-declaracao-de-mbappe-do-real-madrid-direcionada-a-deschamps-tecnico-da-franca\/#primaryimage"},"thumbnailUrl":"https:\/\/www.gaveanews.com\/wp-content\/uploads\/Mbappe.webp","articleSection":["Futebol Internacional"],"inLanguage":"pt-BR","potentialAction":[{"@type":"CommentAction","name":"Comment","target":["https:\/\/www.gaveanews.com\/index.php\/2024\/12\/11\/a-declaracao-de-mbappe-do-real-madrid-direcionada-a-deschamps-tecnico-da-franca\/#respond"]}],"copyrightYear":"2024","copyrightHolder":{"@id":"https:\/\/www.gaveanews.com\/#organization"}},{"@type":"WebPage","@id":"https:\/\/www.gaveanews.com\/index.php\/2024\/12\/11\/a-declaracao-de-mbappe-do-real-madrid-direcionada-a-deschamps-tecnico-da-franca\/","url":"https:\/\/www.gaveanews.com\/index.php\/2024\/12\/11\/a-declaracao-de-mbappe-do-real-madrid-direcionada-a-deschamps-tecnico-da-franca\/","name":"A declara\u00e7\u00e3o de Mbapp\u00e9, do Real Madrid, direcionada a Deschamps, t\u00e9cnico da Fran\u00e7a","isPartOf":{"@id":"https:\/\/www.gaveanews.com\/#website"},"primaryImageOfPage":{"@id":"https:\/\/www.gaveanews.com\/index.php\/2024\/12\/11\/a-declaracao-de-mbappe-do-real-madrid-direcionada-a-deschamps-tecnico-da-franca\/#primaryimage"},"image":{"@id":"https:\/\/www.gaveanews.com\/index.php\/2024\/12\/11\/a-declaracao-de-mbappe-do-real-madrid-direcionada-a-deschamps-tecnico-da-franca\/#primaryimage"},"thumbnailUrl":"https:\/\/www.gaveanews.com\/wp-content\/uploads\/Mbappe.webp","datePublished":"2024-12-11T18:40:18+00:00","author":{"@id":"https:\/\/www.gaveanews.com\/#\/schema\/person\/2877169f354c4596cf5aab74ea7c56a8"},"breadcrumb":{"@id":"https:\/\/www.gaveanews.com\/index.php\/2024\/12\/11\/a-declaracao-de-mbappe-do-real-madrid-direcionada-a-deschamps-tecnico-da-franca\/#breadcrumb"},"inLanguage":"pt-BR","potentialAction":[{"@type":"ReadAction","target":["https:\/\/www.gaveanews.com\/index.php\/2024\/12\/11\/a-declaracao-de-mbappe-do-real-madrid-direcionada-a-deschamps-tecnico-da-franca\/"]}]},{"@type":"ImageObject","inLanguage":"pt-BR","@id":"https:\/\/www.gaveanews.com\/index.php\/2024\/12\/11\/a-declaracao-de-mbappe-do-real-madrid-direcionada-a-deschamps-tecnico-da-franca\/#primaryimage","url":"https:\/\/www.gaveanews.com\/wp-content\/uploads\/Mbappe.webp","contentUrl":"https:\/\/www.gaveanews.com\/wp-content\/uploads\/Mbappe.webp","width":1120,"height":638,"caption":"Foto: Reprodu\u00e7\u00e3o\/Redes sociais"},{"@type":"BreadcrumbList","@id":"https:\/\/www.gaveanews.com\/index.php\/2024\/12\/11\/a-declaracao-de-mbappe-do-real-madrid-direcionada-a-deschamps-tecnico-da-franca\/#breadcrumb","itemListElement":[{"@type":"ListItem","position":1,"name":"Home","item":"https:\/\/www.gaveanews.com\/"},{"@type":"ListItem","position":2,"name":"A declara\u00e7\u00e3o de Mbapp\u00e9, do Real Madrid, direcionada a Deschamps, t\u00e9cnico da Fran\u00e7a"}]},{"@type":"WebSite","@id":"https:\/\/www.gaveanews.com\/#website","url":"https:\/\/www.gaveanews.com\/","name":"G\u00e1vea News","description":"Veja todas as not\u00edcias sobre o Flamengo: Contrata\u00e7\u00f5es, categorias de base, resultados das partidas, tabela de classifica\u00e7\u00e3o, pr\u00f3ximos jogos!","potentialAction":[{"@type":"SearchAction","target":{"@type":"EntryPoint","urlTemplate":"https:\/\/www.gaveanews.com\/?s={search_term_string}"},"query-input":{"@type":"PropertyValueSpecification","valueRequired":true,"valueName":"search_term_string"}}],"inLanguage":"pt-BR"},{"@type":"Person","@id":"https:\/\/www.gaveanews.com\/#\/schema\/person\/2877169f354c4596cf5aab74ea7c56a8","name":"Leandro Azevedo","image":{"@type":"ImageObject","inLanguage":"pt-BR","@id":"https:\/\/www.gaveanews.com\/#\/schema\/person\/image\/","url":"https:\/\/secure.gravatar.com\/avatar\/e2f72eb6d986a41d592a85e4e36a6c6170e9ea8a1f433dfc29d0011a8968f89c?s=96&d=mm&r=g","contentUrl":"https:\/\/secure.gravatar.com\/avatar\/e2f72eb6d986a41d592a85e4e36a6c6170e9ea8a1f433dfc29d0011a8968f89c?s=96&d=mm&r=g","caption":"Leandro Azevedo"}}]}},"_links":{"self":[{"href":"https:\/\/www.gaveanews.com\/index.php\/wp-json\/wp\/v2\/posts\/197045","targetHints":{"allow":["GET"]}}],"collection":[{"href":"https:\/\/www.gaveanews.com\/index.php\/wp-json\/wp\/v2\/posts"}],"about":[{"href":"https:\/\/www.gaveanews.com\/index.php\/wp-json\/wp\/v2\/types\/post"}],"author":[{"embeddable":true,"href":"https:\/\/www.gaveanews.com\/index.php\/wp-json\/wp\/v2\/users\/23"}],"replies":[{"embeddable":true,"href":"https:\/\/www.gaveanews.com\/index.php\/wp-json\/wp\/v2\/comments?post=197045"}],"version-history":[{"count":1,"href":"https:\/\/www.gaveanews.com\/index.php\/wp-json\/wp\/v2\/posts\/197045\/revisions"}],"predecessor-version":[{"id":197064,"href":"https:\/\/www.gaveanews.com\/index.php\/wp-json\/wp\/v2\/posts\/197045\/revisions\/197064"}],"wp:featuredmedia":[{"embeddable":true,"href":"https:\/\/www.gaveanews.com\/index.php\/wp-json\/wp\/v2\/media\/142556"}],"wp:attachment":[{"href":"https:\/\/www.gaveanews.com\/index.php\/wp-json\/wp\/v2\/media?parent=197045"}],"wp:term":[{"taxonomy":"category","embeddable":true,"href":"https:\/\/www.gaveanews.com\/index.php\/wp-json\/wp\/v2\/categories?post=197045"},{"taxonomy":"post_tag","embeddable":true,"href":"https:\/\/www.gaveanews.com\/index.php\/wp-json\/wp\/v2\/tags?post=197045"}],"curies":[{"name":"wp","href":"https:\/\/api.w.org\/{rel}","templated":true}]}}