{"id":197050,"date":"2024-12-10T16:25:00","date_gmt":"2024-12-10T19:25:00","guid":{"rendered":"https:\/\/www.gaveanews.com\/?p=197050"},"modified":"2024-12-10T13:50:12","modified_gmt":"2024-12-10T16:50:12","slug":"chegada-de-dudu-saida-de-mateus-vital-e-novo-uniforme-as-ultimas-noticias-do-cruzeiro","status":"publish","type":"post","link":"https:\/\/www.gaveanews.com\/index.php\/2024\/12\/10\/chegada-de-dudu-saida-de-mateus-vital-e-novo-uniforme-as-ultimas-noticias-do-cruzeiro\/","title":{"rendered":"Chegada de Dudu, sa\u00edda de Mateus Vital e novo uniforme: as \u00faltimas not\u00edcias do Cruzeiro"},"content":{"rendered":"\n<p>Nas \u00faltimas horas, o foco das not\u00edcias sobre o Cruzeiro se concentram nos bastidores do clube, com destaques como a chegada de Dudu e a sa\u00edda de Vital.<\/p>\n\n\n\n<p>Por conta deste contexto, leia abaixo um resumo preparado pela equipe do portal G\u00e1vea News para lhe manter muito bem informado!<\/p>\n\n\n\n<h2 class=\"wp-block-heading\" id=\"h-novo-uniforme\">Novo uniforme<\/h2>\n\n\n\n<p>O Cruzeiro revelou seu novo uniforme de treino para a temporada 2025, em parceria com a Adidas, destacando uma inova\u00e7\u00e3o no escudo. As camisas apresentam uma raposa estilizada no lugar do s\u00edmbolo tradicional, em homenagem ao mascote do clube. O lan\u00e7amento foi acompanhado por uma forte campanha nas redes sociais, convidando os torcedores a adquirirem as novas pe\u00e7as, que ser\u00e3o usadas pelos times masculinos, femininos e categorias de base<strong>.<\/strong><\/p>\n\n\n\n<figure class=\"wp-block-image size-large\"><img loading=\"lazy\" decoding=\"async\" width=\"1024\" height=\"682\" src=\"https:\/\/www.gaveanews.com\/wp-content\/uploads\/Escudo-do-Cruzeiro-1024x682.webp\" alt=\"\" class=\"wp-image-165466\" srcset=\"https:\/\/www.gaveanews.com\/wp-content\/uploads\/Escudo-do-Cruzeiro-1024x682.webp 1024w, https:\/\/www.gaveanews.com\/wp-content\/uploads\/Escudo-do-Cruzeiro-300x200.webp 300w, https:\/\/www.gaveanews.com\/wp-content\/uploads\/Escudo-do-Cruzeiro-768x512.webp 768w, https:\/\/www.gaveanews.com\/wp-content\/uploads\/Escudo-do-Cruzeiro-630x420.webp 630w, https:\/\/www.gaveanews.com\/wp-content\/uploads\/Escudo-do-Cruzeiro-1261x840.webp 1261w, https:\/\/www.gaveanews.com\/wp-content\/uploads\/Escudo-do-Cruzeiro-640x426.webp 640w, https:\/\/www.gaveanews.com\/wp-content\/uploads\/Escudo-do-Cruzeiro-1280x853.webp 1280w, https:\/\/www.gaveanews.com\/wp-content\/uploads\/Escudo-do-Cruzeiro-681x454.webp 681w, https:\/\/www.gaveanews.com\/wp-content\/uploads\/Escudo-do-Cruzeiro-1362x907.webp 1362w, https:\/\/www.gaveanews.com\/wp-content\/uploads\/Escudo-do-Cruzeiro-100x67.webp 100w, https:\/\/www.gaveanews.com\/wp-content\/uploads\/Escudo-do-Cruzeiro.webp 1387w\" sizes=\"auto, (max-width: 1024px) 100vw, 1024px\" \/><figcaption class=\"wp-element-caption\">Escudo do Cruzeiro (Foto: Reprodu\u00e7\u00e3o\/Cruzeiro)<\/figcaption><\/figure>\n\n\n\n<p>O contrato com a Adidas foi renovado at\u00e9 2030, com valores considerados hist\u00f3ricos para o clube, embora n\u00e3o divulgados. <\/p>\n\n\n\n<p>Esse patroc\u00ednio refor\u00e7a o compromisso com a moderniza\u00e7\u00e3o e abrange todas as categorias da equipe, consolidando a marca Cruzeiro no cen\u00e1rio esportivo. A mudan\u00e7a no escudo simboliza uma nova fase e busca engajar ainda mais a torcida em um momento de transforma\u00e7\u00e3o.<\/p>\n\n\n\n<p>No futebol, a equipe comandada por Fernando Diniz enfrenta uma reta final de Brasileir\u00e3o marcada por desafios. O Cruzeiro, em 9\u00ba lugar, luta por uma vaga na Libertadores e precisa vencer o Juventude, al\u00e9m de contar com uma derrota do Bahia. Apesar da press\u00e3o e desempenho irregular recente, o clube mant\u00e9m esperan\u00e7as de fechar a temporada com um objetivo importante alcan\u00e7ado.<\/p>\n\n\n\n<h2 class=\"wp-block-heading\" id=\"h-saida-de-mateus-vital\">Sa\u00edda de Mateus Vital<\/h2>\n\n\n\n<p>Mateus Vital, meia do Cruzeiro, est\u00e1 pr\u00f3ximo de se transferir para o Necaxa, do M\u00e9xico, em um contrato de tr\u00eas anos, cujos detalhes devem ser conclu\u00eddos ap\u00f3s o t\u00e9rmino do Campeonato Brasileiro. Contratado como aposta para a temporada, Vital teve desempenho irregular, levando o clube a inclu\u00ed-lo na lista de jogadores negoci\u00e1veis. A transfer\u00eancia \u00e9 vista como uma oportunidade para o Cruzeiro aliviar a folha salarial e implementar mudan\u00e7as significativas no elenco para 2025 <strong><a href=\"https:\/\/www.gaveanews.com\/index.php\/2024\/12\/07\/mateus-vital-do-cruzeiro-atrai-interesse-de-clube-do-exterior\/\">(leia a mat\u00e9ria completa).<\/a><\/strong><\/p>\n\n\n\n<figure class=\"wp-block-image size-full\"><img loading=\"lazy\" decoding=\"async\" width=\"587\" height=\"430\" src=\"https:\/\/www.gaveanews.com\/wp-content\/uploads\/Mateus-Vital-pelo-Cruzeiro.webp\" alt=\"\" class=\"wp-image-171624\" srcset=\"https:\/\/www.gaveanews.com\/wp-content\/uploads\/Mateus-Vital-pelo-Cruzeiro.webp 587w, https:\/\/www.gaveanews.com\/wp-content\/uploads\/Mateus-Vital-pelo-Cruzeiro-300x220.webp 300w, https:\/\/www.gaveanews.com\/wp-content\/uploads\/Mateus-Vital-pelo-Cruzeiro-573x420.webp 573w, https:\/\/www.gaveanews.com\/wp-content\/uploads\/Mateus-Vital-pelo-Cruzeiro-80x60.webp 80w, https:\/\/www.gaveanews.com\/wp-content\/uploads\/Mateus-Vital-pelo-Cruzeiro-100x73.webp 100w\" sizes=\"auto, (max-width: 587px) 100vw, 587px\" \/><figcaption class=\"wp-element-caption\">Mateus Vital pelo Cruzeiro (Foto: Divulga\u00e7\u00e3o\/Staff Imagens)<\/figcaption><\/figure>\n\n\n\n<p>O Cruzeiro, que enfrentou uma temporada de altos e baixos e n\u00e3o conseguiu a classifica\u00e7\u00e3o para a Libertadores, agora se concentra em reestruturar sua equipe. O clube encara o confronto contra o Juventude como o \u00faltimo desafio no Brasileir\u00e3o antes de finalizar suas movimenta\u00e7\u00f5es no mercado de transfer\u00eancias.<\/p>\n\n\n\n<p>A sa\u00edda de Mateus Vital reflete a nova estrat\u00e9gia do clube mineiro, que busca melhorar sua performance financeira e competitiva. A negocia\u00e7\u00e3o com o Necaxa, se concretizada, ser\u00e1 um marco na reestrutura\u00e7\u00e3o do elenco celeste, com o foco em refor\u00e7os e melhor desempenho na pr\u00f3xima temporada.<\/p>\n\n\n\n<h2 class=\"wp-block-heading\" id=\"h-chegada-de-dudu\">Chegada de Dudu<\/h2>\n\n\n\n<p>Dudu, um dos principais nomes do futebol brasileiro, est\u00e1 encerrando seu ciclo no Palmeiras e atrai o interesse do Cruzeiro para 2025. O atacante disputar\u00e1 sua partida de despedida no domingo e, ap\u00f3s o fim do campeonato, as negocia\u00e7\u00f5es entre seu staff e o clube mineiro devem se intensificar. Mesmo com um ano restante de contrato, o Palmeiras n\u00e3o colocar\u00e1 obst\u00e1culos \u00e0 sa\u00edda, permitindo que Dudu explore novos caminhos na carreira <strong><a href=\"https:\/\/www.gaveanews.com\/index.php\/2024\/12\/07\/de-saida-do-palmeiras-dudu-entra-na-mira-de-gigante-da-serie-a\/\">(leia a mat\u00e9ria completa).<\/a><\/strong><\/p>\n\n\n\n<figure class=\"wp-block-image size-full\"><img loading=\"lazy\" decoding=\"async\" width=\"734\" height=\"800\" src=\"https:\/\/www.gaveanews.com\/wp-content\/uploads\/dudu-palmeiras.webp\" alt=\"\" class=\"wp-image-91497\" srcset=\"https:\/\/www.gaveanews.com\/wp-content\/uploads\/dudu-palmeiras.webp 734w, https:\/\/www.gaveanews.com\/wp-content\/uploads\/dudu-palmeiras-275x300.webp 275w, https:\/\/www.gaveanews.com\/wp-content\/uploads\/dudu-palmeiras-385x420.webp 385w, https:\/\/www.gaveanews.com\/wp-content\/uploads\/dudu-palmeiras-640x698.webp 640w, https:\/\/www.gaveanews.com\/wp-content\/uploads\/dudu-palmeiras-681x742.webp 681w, https:\/\/www.gaveanews.com\/wp-content\/uploads\/dudu-palmeiras-100x109.webp 100w\" sizes=\"auto, (max-width: 734px) 100vw, 734px\" \/><figcaption class=\"wp-element-caption\">Dudu em partida do Palmeiras (Foto: Cesar Greco\/Palmeiras)<\/figcaption><\/figure>\n\n\n\n<p>O hist\u00f3rico de Dudu com o Cruzeiro inclui uma negocia\u00e7\u00e3o frustrada em junho, quando um acordo foi desfeito ap\u00f3s o jogador optar por permanecer no Palmeiras. Agora, com um cen\u00e1rio mais favor\u00e1vel, as partes avaliam um contrato de m\u00e9dio prazo alinhado \u00e0 realidade financeira do Cruzeiro. A confirma\u00e7\u00e3o do calend\u00e1rio internacional do clube mineiro, especialmente vagas em Libertadores ou Sul-Americana, pode impulsionar as tratativas.<\/p>\n\n\n\n<p>Caso concretize a transfer\u00eancia, Dudu ser\u00e1 pe\u00e7a-chave no planejamento estrat\u00e9gico do Cruzeiro, refor\u00e7ando o elenco para competi\u00e7\u00f5es nacionais e internacionais. Sua chegada representar\u00e1 uma adi\u00e7\u00e3o significativa \u00e0 competitividade do time e refor\u00e7ar\u00e1 a busca por protagonismo no futebol brasileiro.<\/p>\n","protected":false},"excerpt":{"rendered":"<p>Nas \u00faltimas horas, o foco das not\u00edcias sobre o Cruzeiro se concentram nos bastidores do clube, com destaques como a chegada de Dudu e a sa\u00edda de Vital. Por conta deste contexto, leia abaixo um resumo preparado pela equipe do portal G\u00e1vea News para lhe manter muito bem informado! Novo uniforme O Cruzeiro revelou seu [&hellip;]<\/p>\n","protected":false},"author":27,"featured_media":175601,"comment_status":"open","ping_status":"closed","sticky":false,"template":"","format":"standard","meta":{"footnotes":""},"categories":[143],"tags":[],"class_list":["post-197050","post","type-post","status-publish","format-standard","has-post-thumbnail","hentry","category-cruzeiro"],"yoast_head":"<!-- This site is optimized with the Yoast SEO Premium plugin v24.2 (Yoast SEO v26.9) - https:\/\/yoast.com\/product\/yoast-seo-premium-wordpress\/ -->\n<title>Chegada de Dudu, sa\u00edda de Mateus Vital e novo uniforme: as \u00faltimas not\u00edcias do Cruzeiro<\/title>\n<meta name=\"robots\" content=\"index, follow, max-snippet:-1, max-image-preview:large, max-video-preview:-1\" \/>\n<link rel=\"canonical\" href=\"https:\/\/www.gaveanews.com\/index.php\/2024\/12\/10\/chegada-de-dudu-saida-de-mateus-vital-e-novo-uniforme-as-ultimas-noticias-do-cruzeiro\/\" \/>\n<meta property=\"og:locale\" content=\"pt_BR\" \/>\n<meta property=\"og:type\" content=\"article\" \/>\n<meta property=\"og:title\" content=\"Chegada de Dudu, sa\u00edda de Mateus Vital e novo uniforme: as \u00faltimas not\u00edcias do Cruzeiro\" \/>\n<meta property=\"og:description\" content=\"Nas \u00faltimas horas, o foco das not\u00edcias sobre o Cruzeiro se concentram nos bastidores do clube, com destaques como a chegada de Dudu e a sa\u00edda de Vital. Por conta deste contexto, leia abaixo um resumo preparado pela equipe do portal G\u00e1vea News para lhe manter muito bem informado! Novo uniforme O Cruzeiro revelou seu [&hellip;]\" \/>\n<meta property=\"og:url\" content=\"https:\/\/www.gaveanews.com\/index.php\/2024\/12\/10\/chegada-de-dudu-saida-de-mateus-vital-e-novo-uniforme-as-ultimas-noticias-do-cruzeiro\/\" \/>\n<meta property=\"og:site_name\" content=\"G\u00e1vea News\" \/>\n<meta property=\"article:publisher\" content=\"https:\/\/facebook.com\/gaveaNews\/\" \/>\n<meta property=\"article:published_time\" content=\"2024-12-10T19:25:00+00:00\" \/>\n<meta property=\"og:image\" content=\"https:\/\/www.gaveanews.com\/wp-content\/uploads\/Bandeira-do-Cruzeiro.webp\" \/>\n\t<meta property=\"og:image:width\" content=\"1062\" \/>\n\t<meta property=\"og:image:height\" content=\"708\" \/>\n\t<meta property=\"og:image:type\" content=\"image\/webp\" \/>\n<meta name=\"author\" content=\"Matheus Felipe\" \/>\n<meta name=\"twitter:card\" content=\"summary_large_image\" \/>\n<meta name=\"twitter:label1\" content=\"Escrito por\" \/>\n\t<meta name=\"twitter:data1\" content=\"Matheus Felipe\" \/>\n\t<meta name=\"twitter:label2\" content=\"Est. tempo de leitura\" \/>\n\t<meta name=\"twitter:data2\" content=\"5 minutos\" \/>\n<script type=\"application\/ld+json\" class=\"yoast-schema-graph\">{\"@context\":\"https:\/\/schema.org\",\"@graph\":[{\"@type\":\"NewsArticle\",\"@id\":\"https:\/\/www.gaveanews.com\/index.php\/2024\/12\/10\/chegada-de-dudu-saida-de-mateus-vital-e-novo-uniforme-as-ultimas-noticias-do-cruzeiro\/#article\",\"isPartOf\":{\"@id\":\"https:\/\/www.gaveanews.com\/index.php\/2024\/12\/10\/chegada-de-dudu-saida-de-mateus-vital-e-novo-uniforme-as-ultimas-noticias-do-cruzeiro\/\"},\"author\":{\"name\":\"Matheus Felipe\",\"@id\":\"https:\/\/www.gaveanews.com\/#\/schema\/person\/8207cd4627f56151707418bfc835b2fb\"},\"headline\":\"Chegada de Dudu, sa\u00edda de Mateus Vital e novo uniforme: as \u00faltimas not\u00edcias do Cruzeiro\",\"datePublished\":\"2024-12-10T19:25:00+00:00\",\"mainEntityOfPage\":{\"@id\":\"https:\/\/www.gaveanews.com\/index.php\/2024\/12\/10\/chegada-de-dudu-saida-de-mateus-vital-e-novo-uniforme-as-ultimas-noticias-do-cruzeiro\/\"},\"wordCount\":698,\"commentCount\":0,\"image\":{\"@id\":\"https:\/\/www.gaveanews.com\/index.php\/2024\/12\/10\/chegada-de-dudu-saida-de-mateus-vital-e-novo-uniforme-as-ultimas-noticias-do-cruzeiro\/#primaryimage\"},\"thumbnailUrl\":\"https:\/\/www.gaveanews.com\/wp-content\/uploads\/Bandeira-do-Cruzeiro.webp\",\"articleSection\":[\"Cruzeiro\"],\"inLanguage\":\"pt-BR\",\"potentialAction\":[{\"@type\":\"CommentAction\",\"name\":\"Comment\",\"target\":[\"https:\/\/www.gaveanews.com\/index.php\/2024\/12\/10\/chegada-de-dudu-saida-de-mateus-vital-e-novo-uniforme-as-ultimas-noticias-do-cruzeiro\/#respond\"]}],\"copyrightYear\":\"2024\",\"copyrightHolder\":{\"@id\":\"https:\/\/www.gaveanews.com\/#organization\"}},{\"@type\":\"WebPage\",\"@id\":\"https:\/\/www.gaveanews.com\/index.php\/2024\/12\/10\/chegada-de-dudu-saida-de-mateus-vital-e-novo-uniforme-as-ultimas-noticias-do-cruzeiro\/\",\"url\":\"https:\/\/www.gaveanews.com\/index.php\/2024\/12\/10\/chegada-de-dudu-saida-de-mateus-vital-e-novo-uniforme-as-ultimas-noticias-do-cruzeiro\/\",\"name\":\"Chegada de Dudu, sa\u00edda de Mateus Vital e novo uniforme: as \u00faltimas not\u00edcias do Cruzeiro\",\"isPartOf\":{\"@id\":\"https:\/\/www.gaveanews.com\/#website\"},\"primaryImageOfPage\":{\"@id\":\"https:\/\/www.gaveanews.com\/index.php\/2024\/12\/10\/chegada-de-dudu-saida-de-mateus-vital-e-novo-uniforme-as-ultimas-noticias-do-cruzeiro\/#primaryimage\"},\"image\":{\"@id\":\"https:\/\/www.gaveanews.com\/index.php\/2024\/12\/10\/chegada-de-dudu-saida-de-mateus-vital-e-novo-uniforme-as-ultimas-noticias-do-cruzeiro\/#primaryimage\"},\"thumbnailUrl\":\"https:\/\/www.gaveanews.com\/wp-content\/uploads\/Bandeira-do-Cruzeiro.webp\",\"datePublished\":\"2024-12-10T19:25:00+00:00\",\"author\":{\"@id\":\"https:\/\/www.gaveanews.com\/#\/schema\/person\/8207cd4627f56151707418bfc835b2fb\"},\"breadcrumb\":{\"@id\":\"https:\/\/www.gaveanews.com\/index.php\/2024\/12\/10\/chegada-de-dudu-saida-de-mateus-vital-e-novo-uniforme-as-ultimas-noticias-do-cruzeiro\/#breadcrumb\"},\"inLanguage\":\"pt-BR\",\"potentialAction\":[{\"@type\":\"ReadAction\",\"target\":[\"https:\/\/www.gaveanews.com\/index.php\/2024\/12\/10\/chegada-de-dudu-saida-de-mateus-vital-e-novo-uniforme-as-ultimas-noticias-do-cruzeiro\/\"]}]},{\"@type\":\"ImageObject\",\"inLanguage\":\"pt-BR\",\"@id\":\"https:\/\/www.gaveanews.com\/index.php\/2024\/12\/10\/chegada-de-dudu-saida-de-mateus-vital-e-novo-uniforme-as-ultimas-noticias-do-cruzeiro\/#primaryimage\",\"url\":\"https:\/\/www.gaveanews.com\/wp-content\/uploads\/Bandeira-do-Cruzeiro.webp\",\"contentUrl\":\"https:\/\/www.gaveanews.com\/wp-content\/uploads\/Bandeira-do-Cruzeiro.webp\",\"width\":1062,\"height\":708,\"caption\":\"Bandeira do Cruzeiro (Foto: Reprodu\u00e7\u00e3o\/Cruzeiro)\"},{\"@type\":\"BreadcrumbList\",\"@id\":\"https:\/\/www.gaveanews.com\/index.php\/2024\/12\/10\/chegada-de-dudu-saida-de-mateus-vital-e-novo-uniforme-as-ultimas-noticias-do-cruzeiro\/#breadcrumb\",\"itemListElement\":[{\"@type\":\"ListItem\",\"position\":1,\"name\":\"Home\",\"item\":\"https:\/\/www.gaveanews.com\/\"},{\"@type\":\"ListItem\",\"position\":2,\"name\":\"Chegada de Dudu, sa\u00edda de Mateus Vital e novo uniforme: as \u00faltimas not\u00edcias do Cruzeiro\"}]},{\"@type\":\"WebSite\",\"@id\":\"https:\/\/www.gaveanews.com\/#website\",\"url\":\"https:\/\/www.gaveanews.com\/\",\"name\":\"G\u00e1vea News\",\"description\":\"Veja todas as not\u00edcias sobre o Flamengo: Contrata\u00e7\u00f5es, categorias de base, resultados das partidas, tabela de classifica\u00e7\u00e3o, pr\u00f3ximos jogos!\",\"potentialAction\":[{\"@type\":\"SearchAction\",\"target\":{\"@type\":\"EntryPoint\",\"urlTemplate\":\"https:\/\/www.gaveanews.com\/?s={search_term_string}\"},\"query-input\":{\"@type\":\"PropertyValueSpecification\",\"valueRequired\":true,\"valueName\":\"search_term_string\"}}],\"inLanguage\":\"pt-BR\"},{\"@type\":\"Person\",\"@id\":\"https:\/\/www.gaveanews.com\/#\/schema\/person\/8207cd4627f56151707418bfc835b2fb\",\"name\":\"Matheus Felipe\",\"image\":{\"@type\":\"ImageObject\",\"inLanguage\":\"pt-BR\",\"@id\":\"https:\/\/www.gaveanews.com\/#\/schema\/person\/image\/\",\"url\":\"https:\/\/secure.gravatar.com\/avatar\/a452ffbed9130f726358b298bb3a99ce4bd3c5338411f8440e87e14d74c7c087?s=96&d=mm&r=g\",\"contentUrl\":\"https:\/\/secure.gravatar.com\/avatar\/a452ffbed9130f726358b298bb3a99ce4bd3c5338411f8440e87e14d74c7c087?s=96&d=mm&r=g\",\"caption\":\"Matheus Felipe\"}}]}<\/script>\n<!-- \/ Yoast SEO Premium plugin. -->","yoast_head_json":{"title":"Chegada de Dudu, sa\u00edda de Mateus Vital e novo uniforme: as \u00faltimas not\u00edcias do Cruzeiro","robots":{"index":"index","follow":"follow","max-snippet":"max-snippet:-1","max-image-preview":"max-image-preview:large","max-video-preview":"max-video-preview:-1"},"canonical":"https:\/\/www.gaveanews.com\/index.php\/2024\/12\/10\/chegada-de-dudu-saida-de-mateus-vital-e-novo-uniforme-as-ultimas-noticias-do-cruzeiro\/","og_locale":"pt_BR","og_type":"article","og_title":"Chegada de Dudu, sa\u00edda de Mateus Vital e novo uniforme: as \u00faltimas not\u00edcias do Cruzeiro","og_description":"Nas \u00faltimas horas, o foco das not\u00edcias sobre o Cruzeiro se concentram nos bastidores do clube, com destaques como a chegada de Dudu e a sa\u00edda de Vital. Por conta deste contexto, leia abaixo um resumo preparado pela equipe do portal G\u00e1vea News para lhe manter muito bem informado! Novo uniforme O Cruzeiro revelou seu [&hellip;]","og_url":"https:\/\/www.gaveanews.com\/index.php\/2024\/12\/10\/chegada-de-dudu-saida-de-mateus-vital-e-novo-uniforme-as-ultimas-noticias-do-cruzeiro\/","og_site_name":"G\u00e1vea News","article_publisher":"https:\/\/facebook.com\/gaveaNews\/","article_published_time":"2024-12-10T19:25:00+00:00","og_image":[{"width":1062,"height":708,"url":"https:\/\/www.gaveanews.com\/wp-content\/uploads\/Bandeira-do-Cruzeiro.webp","type":"image\/webp"}],"author":"Matheus Felipe","twitter_card":"summary_large_image","twitter_misc":{"Escrito por":"Matheus Felipe","Est. tempo de leitura":"5 minutos"},"schema":{"@context":"https:\/\/schema.org","@graph":[{"@type":"NewsArticle","@id":"https:\/\/www.gaveanews.com\/index.php\/2024\/12\/10\/chegada-de-dudu-saida-de-mateus-vital-e-novo-uniforme-as-ultimas-noticias-do-cruzeiro\/#article","isPartOf":{"@id":"https:\/\/www.gaveanews.com\/index.php\/2024\/12\/10\/chegada-de-dudu-saida-de-mateus-vital-e-novo-uniforme-as-ultimas-noticias-do-cruzeiro\/"},"author":{"name":"Matheus Felipe","@id":"https:\/\/www.gaveanews.com\/#\/schema\/person\/8207cd4627f56151707418bfc835b2fb"},"headline":"Chegada de Dudu, sa\u00edda de Mateus Vital e novo uniforme: as \u00faltimas not\u00edcias do Cruzeiro","datePublished":"2024-12-10T19:25:00+00:00","mainEntityOfPage":{"@id":"https:\/\/www.gaveanews.com\/index.php\/2024\/12\/10\/chegada-de-dudu-saida-de-mateus-vital-e-novo-uniforme-as-ultimas-noticias-do-cruzeiro\/"},"wordCount":698,"commentCount":0,"image":{"@id":"https:\/\/www.gaveanews.com\/index.php\/2024\/12\/10\/chegada-de-dudu-saida-de-mateus-vital-e-novo-uniforme-as-ultimas-noticias-do-cruzeiro\/#primaryimage"},"thumbnailUrl":"https:\/\/www.gaveanews.com\/wp-content\/uploads\/Bandeira-do-Cruzeiro.webp","articleSection":["Cruzeiro"],"inLanguage":"pt-BR","potentialAction":[{"@type":"CommentAction","name":"Comment","target":["https:\/\/www.gaveanews.com\/index.php\/2024\/12\/10\/chegada-de-dudu-saida-de-mateus-vital-e-novo-uniforme-as-ultimas-noticias-do-cruzeiro\/#respond"]}],"copyrightYear":"2024","copyrightHolder":{"@id":"https:\/\/www.gaveanews.com\/#organization"}},{"@type":"WebPage","@id":"https:\/\/www.gaveanews.com\/index.php\/2024\/12\/10\/chegada-de-dudu-saida-de-mateus-vital-e-novo-uniforme-as-ultimas-noticias-do-cruzeiro\/","url":"https:\/\/www.gaveanews.com\/index.php\/2024\/12\/10\/chegada-de-dudu-saida-de-mateus-vital-e-novo-uniforme-as-ultimas-noticias-do-cruzeiro\/","name":"Chegada de Dudu, sa\u00edda de Mateus Vital e novo uniforme: as \u00faltimas not\u00edcias do Cruzeiro","isPartOf":{"@id":"https:\/\/www.gaveanews.com\/#website"},"primaryImageOfPage":{"@id":"https:\/\/www.gaveanews.com\/index.php\/2024\/12\/10\/chegada-de-dudu-saida-de-mateus-vital-e-novo-uniforme-as-ultimas-noticias-do-cruzeiro\/#primaryimage"},"image":{"@id":"https:\/\/www.gaveanews.com\/index.php\/2024\/12\/10\/chegada-de-dudu-saida-de-mateus-vital-e-novo-uniforme-as-ultimas-noticias-do-cruzeiro\/#primaryimage"},"thumbnailUrl":"https:\/\/www.gaveanews.com\/wp-content\/uploads\/Bandeira-do-Cruzeiro.webp","datePublished":"2024-12-10T19:25:00+00:00","author":{"@id":"https:\/\/www.gaveanews.com\/#\/schema\/person\/8207cd4627f56151707418bfc835b2fb"},"breadcrumb":{"@id":"https:\/\/www.gaveanews.com\/index.php\/2024\/12\/10\/chegada-de-dudu-saida-de-mateus-vital-e-novo-uniforme-as-ultimas-noticias-do-cruzeiro\/#breadcrumb"},"inLanguage":"pt-BR","potentialAction":[{"@type":"ReadAction","target":["https:\/\/www.gaveanews.com\/index.php\/2024\/12\/10\/chegada-de-dudu-saida-de-mateus-vital-e-novo-uniforme-as-ultimas-noticias-do-cruzeiro\/"]}]},{"@type":"ImageObject","inLanguage":"pt-BR","@id":"https:\/\/www.gaveanews.com\/index.php\/2024\/12\/10\/chegada-de-dudu-saida-de-mateus-vital-e-novo-uniforme-as-ultimas-noticias-do-cruzeiro\/#primaryimage","url":"https:\/\/www.gaveanews.com\/wp-content\/uploads\/Bandeira-do-Cruzeiro.webp","contentUrl":"https:\/\/www.gaveanews.com\/wp-content\/uploads\/Bandeira-do-Cruzeiro.webp","width":1062,"height":708,"caption":"Bandeira do Cruzeiro (Foto: Reprodu\u00e7\u00e3o\/Cruzeiro)"},{"@type":"BreadcrumbList","@id":"https:\/\/www.gaveanews.com\/index.php\/2024\/12\/10\/chegada-de-dudu-saida-de-mateus-vital-e-novo-uniforme-as-ultimas-noticias-do-cruzeiro\/#breadcrumb","itemListElement":[{"@type":"ListItem","position":1,"name":"Home","item":"https:\/\/www.gaveanews.com\/"},{"@type":"ListItem","position":2,"name":"Chegada de Dudu, sa\u00edda de Mateus Vital e novo uniforme: as \u00faltimas not\u00edcias do Cruzeiro"}]},{"@type":"WebSite","@id":"https:\/\/www.gaveanews.com\/#website","url":"https:\/\/www.gaveanews.com\/","name":"G\u00e1vea News","description":"Veja todas as not\u00edcias sobre o Flamengo: Contrata\u00e7\u00f5es, categorias de base, resultados das partidas, tabela de classifica\u00e7\u00e3o, pr\u00f3ximos jogos!","potentialAction":[{"@type":"SearchAction","target":{"@type":"EntryPoint","urlTemplate":"https:\/\/www.gaveanews.com\/?s={search_term_string}"},"query-input":{"@type":"PropertyValueSpecification","valueRequired":true,"valueName":"search_term_string"}}],"inLanguage":"pt-BR"},{"@type":"Person","@id":"https:\/\/www.gaveanews.com\/#\/schema\/person\/8207cd4627f56151707418bfc835b2fb","name":"Matheus Felipe","image":{"@type":"ImageObject","inLanguage":"pt-BR","@id":"https:\/\/www.gaveanews.com\/#\/schema\/person\/image\/","url":"https:\/\/secure.gravatar.com\/avatar\/a452ffbed9130f726358b298bb3a99ce4bd3c5338411f8440e87e14d74c7c087?s=96&d=mm&r=g","contentUrl":"https:\/\/secure.gravatar.com\/avatar\/a452ffbed9130f726358b298bb3a99ce4bd3c5338411f8440e87e14d74c7c087?s=96&d=mm&r=g","caption":"Matheus Felipe"}}]}},"_links":{"self":[{"href":"https:\/\/www.gaveanews.com\/index.php\/wp-json\/wp\/v2\/posts\/197050","targetHints":{"allow":["GET"]}}],"collection":[{"href":"https:\/\/www.gaveanews.com\/index.php\/wp-json\/wp\/v2\/posts"}],"about":[{"href":"https:\/\/www.gaveanews.com\/index.php\/wp-json\/wp\/v2\/types\/post"}],"author":[{"embeddable":true,"href":"https:\/\/www.gaveanews.com\/index.php\/wp-json\/wp\/v2\/users\/27"}],"replies":[{"embeddable":true,"href":"https:\/\/www.gaveanews.com\/index.php\/wp-json\/wp\/v2\/comments?post=197050"}],"version-history":[{"count":1,"href":"https:\/\/www.gaveanews.com\/index.php\/wp-json\/wp\/v2\/posts\/197050\/revisions"}],"predecessor-version":[{"id":197056,"href":"https:\/\/www.gaveanews.com\/index.php\/wp-json\/wp\/v2\/posts\/197050\/revisions\/197056"}],"wp:featuredmedia":[{"embeddable":true,"href":"https:\/\/www.gaveanews.com\/index.php\/wp-json\/wp\/v2\/media\/175601"}],"wp:attachment":[{"href":"https:\/\/www.gaveanews.com\/index.php\/wp-json\/wp\/v2\/media?parent=197050"}],"wp:term":[{"taxonomy":"category","embeddable":true,"href":"https:\/\/www.gaveanews.com\/index.php\/wp-json\/wp\/v2\/categories?post=197050"},{"taxonomy":"post_tag","embeddable":true,"href":"https:\/\/www.gaveanews.com\/index.php\/wp-json\/wp\/v2\/tags?post=197050"}],"curies":[{"name":"wp","href":"https:\/\/api.w.org\/{rel}","templated":true}]}}