{"id":197066,"date":"2024-12-11T15:45:26","date_gmt":"2024-12-11T18:45:26","guid":{"rendered":"https:\/\/www.gaveanews.com\/?p=197066"},"modified":"2024-12-11T15:37:16","modified_gmt":"2024-12-11T18:37:16","slug":"dudu-rony-ze-rafael-lazaro-os-jogadores-que-estao-de-saida-do-palmeiras","status":"publish","type":"post","link":"https:\/\/www.gaveanews.com\/index.php\/2024\/12\/11\/dudu-rony-ze-rafael-lazaro-os-jogadores-que-estao-de-saida-do-palmeiras\/","title":{"rendered":"Dudu, Rony, Z\u00e9 Rafael, L\u00e1zaro: os jogadores que est\u00e3o de sa\u00edda do Palmeiras"},"content":{"rendered":"\n<h2 class=\"wp-block-heading\" id=\"h-palmeiras-encerra-temporada-com-vice-campeonato-e-sinaliza-mudancas-no-elenco-para-2025\">Palmeiras encerra temporada com vice-campeonato e sinaliza mudan\u00e7as no elenco para 2025<\/h2>\n\n\n\n<p>O Palmeiras terminou 2024 de forma melanc\u00f3lica, com um vice-campeonato no Brasileir\u00e3o ap\u00f3s perder para o Fluminense por 1 a 0 no Allianz Parque. O desempenho na reta final, aliado \u00e0s elimina\u00e7\u00f5es nas Copas Libertadores e do Brasil, culminou em uma temporada aqu\u00e9m das expectativas, mesmo com um elenco estrelado comandado por Abel Ferreira.<\/p>\n\n\n\n<ul class=\"wp-block-list\">\n<li><a href=\"https:\/\/www.gaveanews.com\/index.php\/2024\/12\/09\/abel-inicia-planejamento-do-palmeiras-para-temporada-2025\/\">Abel inicia planejamento do Palmeiras para temporada 2025<\/a><\/li>\n\n\n\n<li><a href=\"https:\/\/www.gaveanews.com\/index.php\/2024\/12\/08\/palmeiras-x-fluminense-a-declaracao-de-mano-menezes-2\/\">Palmeiras x Fluminense: a declara\u00e7\u00e3o de Mano Menezes<\/a><\/li>\n<\/ul>\n\n\n\n<p>A presidente Leila Pereira demonstrou insatisfa\u00e7\u00e3o com o desempenho da equipe no \u00faltimo jogo e cobrou explica\u00e7\u00f5es do diretor de futebol Anderson Barros. Apesar de rumores sobre uma poss\u00edvel mudan\u00e7a na gest\u00e3o do futebol, com nomes como Thiago Scuro, CEO do Monaco, sendo especulados, Barros segue no cargo, ao menos por enquanto.<\/p>\n\n\n\n<h2 class=\"wp-block-heading\" id=\"h-reformulacao-no-elenco\">Reformula\u00e7\u00e3o no elenco<\/h2>\n\n\n\n<p>O vice-campeonato e a press\u00e3o interna indicam que o Palmeiras ter\u00e1 mudan\u00e7as significativas no elenco para a pr\u00f3xima temporada.<\/p>\n\n\n\n<h2 class=\"wp-block-heading\" id=\"h-saidas-iminentes\">Sa\u00eddas iminentes:<\/h2>\n\n\n\n<p>\u2022 <strong>Naves:<\/strong> O jovem zagueiro de 22 anos, formado na base do clube, j\u00e1 procura um novo destino ap\u00f3s atuar pouco sob o comando de Abel Ferreira.<\/p>\n\n\n\n<p>\u2022 <strong>Caio Paulista:<\/strong> Ap\u00f3s oscilar na temporada e cometer erros em jogos decisivos, como na derrota para o Corinthians, o lateral-esquerdo n\u00e3o deve permanecer.<\/p>\n\n\n\n<p>\u2022 <strong>L\u00e1zaro:<\/strong> O atacante emprestado pelo Almer\u00eda n\u00e3o ter\u00e1 sua cl\u00e1usula de renova\u00e7\u00e3o acionada.<\/p>\n\n\n\n<h2 class=\"wp-block-heading\" id=\"h-possiveis-transferencias\">Poss\u00edveis transfer\u00eancias:<\/h2>\n\n\n\n<p>\u2022 <strong>Dudu:<\/strong> Com contrato at\u00e9 o fim de 2025, o atacante deve rescindir para acertar com outro clube. O Cruzeiro surge como o principal interessado.<\/p>\n\n\n\n<p>\u2022 <strong>Rony:<\/strong> Ap\u00f3s uma temporada abaixo das expectativas, o atacante pode sair caso receba uma boa proposta.<\/p>\n\n\n\n<p>\u2022 <strong>Z\u00e9 Rafael:<\/strong> Irregular em 2024, o volante tamb\u00e9m est\u00e1 no mercado e avalia ofertas.<\/p>\n\n\n\n<p>Enquanto o clube analisa poss\u00edveis sa\u00eddas, a diretoria deve buscar refor\u00e7os pontuais para atender aos pedidos de Abel Ferreira e manter o Palmeiras competitivo em 2025. <\/p>\n","protected":false},"excerpt":{"rendered":"<p>Palmeiras encerra temporada com vice-campeonato e sinaliza mudan\u00e7as no elenco para 2025 O Palmeiras terminou 2024 de forma melanc\u00f3lica, com um vice-campeonato no Brasileir\u00e3o ap\u00f3s perder para o Fluminense por 1 a 0 no Allianz Parque. O desempenho na reta final, aliado \u00e0s elimina\u00e7\u00f5es nas Copas Libertadores e do Brasil, culminou em uma temporada aqu\u00e9m [&hellip;]<\/p>\n","protected":false},"author":17,"featured_media":91439,"comment_status":"open","ping_status":"closed","sticky":false,"template":"","format":"standard","meta":{"footnotes":""},"categories":[150],"tags":[],"class_list":["post-197066","post","type-post","status-publish","format-standard","has-post-thumbnail","hentry","category-palmeiras"],"yoast_head":"<!-- This site is optimized with the Yoast SEO Premium plugin v24.2 (Yoast SEO v26.9) - https:\/\/yoast.com\/product\/yoast-seo-premium-wordpress\/ -->\n<title>Dudu, Rony, Z\u00e9 Rafael, L\u00e1zaro: os jogadores que est\u00e3o de sa\u00edda do Palmeiras<\/title>\n<meta name=\"robots\" content=\"index, follow, max-snippet:-1, max-image-preview:large, max-video-preview:-1\" \/>\n<link rel=\"canonical\" href=\"https:\/\/www.gaveanews.com\/index.php\/2024\/12\/11\/dudu-rony-ze-rafael-lazaro-os-jogadores-que-estao-de-saida-do-palmeiras\/\" \/>\n<meta property=\"og:locale\" content=\"pt_BR\" \/>\n<meta property=\"og:type\" content=\"article\" \/>\n<meta property=\"og:title\" content=\"Dudu, Rony, Z\u00e9 Rafael, L\u00e1zaro: os jogadores que est\u00e3o de sa\u00edda do Palmeiras\" \/>\n<meta property=\"og:description\" content=\"Palmeiras encerra temporada com vice-campeonato e sinaliza mudan\u00e7as no elenco para 2025 O Palmeiras terminou 2024 de forma melanc\u00f3lica, com um vice-campeonato no Brasileir\u00e3o ap\u00f3s perder para o Fluminense por 1 a 0 no Allianz Parque. O desempenho na reta final, aliado \u00e0s elimina\u00e7\u00f5es nas Copas Libertadores e do Brasil, culminou em uma temporada aqu\u00e9m [&hellip;]\" \/>\n<meta property=\"og:url\" content=\"https:\/\/www.gaveanews.com\/index.php\/2024\/12\/11\/dudu-rony-ze-rafael-lazaro-os-jogadores-que-estao-de-saida-do-palmeiras\/\" \/>\n<meta property=\"og:site_name\" content=\"G\u00e1vea News\" \/>\n<meta property=\"article:publisher\" content=\"https:\/\/facebook.com\/gaveaNews\/\" \/>\n<meta property=\"article:published_time\" content=\"2024-12-11T18:45:26+00:00\" \/>\n<meta property=\"og:image\" content=\"https:\/\/www.gaveanews.com\/wp-content\/uploads\/dudu-palmeiras.webp\" \/>\n\t<meta property=\"og:image:width\" content=\"846\" \/>\n\t<meta property=\"og:image:height\" content=\"476\" \/>\n\t<meta property=\"og:image:type\" content=\"image\/webp\" \/>\n<meta name=\"author\" content=\"Geovanna Thomaz\" \/>\n<meta name=\"twitter:card\" content=\"summary_large_image\" \/>\n<meta name=\"twitter:label1\" content=\"Escrito por\" \/>\n\t<meta name=\"twitter:data1\" content=\"Geovanna Thomaz\" \/>\n\t<meta name=\"twitter:label2\" content=\"Est. tempo de leitura\" \/>\n\t<meta name=\"twitter:data2\" content=\"2 minutos\" \/>\n<script type=\"application\/ld+json\" class=\"yoast-schema-graph\">{\"@context\":\"https:\/\/schema.org\",\"@graph\":[{\"@type\":\"NewsArticle\",\"@id\":\"https:\/\/www.gaveanews.com\/index.php\/2024\/12\/11\/dudu-rony-ze-rafael-lazaro-os-jogadores-que-estao-de-saida-do-palmeiras\/#article\",\"isPartOf\":{\"@id\":\"https:\/\/www.gaveanews.com\/index.php\/2024\/12\/11\/dudu-rony-ze-rafael-lazaro-os-jogadores-que-estao-de-saida-do-palmeiras\/\"},\"author\":{\"name\":\"Geovanna Thomaz\",\"@id\":\"https:\/\/www.gaveanews.com\/#\/schema\/person\/f42654babcd2b2014a1a65af82b081f1\"},\"headline\":\"Dudu, Rony, Z\u00e9 Rafael, L\u00e1zaro: os jogadores que est\u00e3o de sa\u00edda do Palmeiras\",\"datePublished\":\"2024-12-11T18:45:26+00:00\",\"mainEntityOfPage\":{\"@id\":\"https:\/\/www.gaveanews.com\/index.php\/2024\/12\/11\/dudu-rony-ze-rafael-lazaro-os-jogadores-que-estao-de-saida-do-palmeiras\/\"},\"wordCount\":341,\"commentCount\":0,\"image\":{\"@id\":\"https:\/\/www.gaveanews.com\/index.php\/2024\/12\/11\/dudu-rony-ze-rafael-lazaro-os-jogadores-que-estao-de-saida-do-palmeiras\/#primaryimage\"},\"thumbnailUrl\":\"https:\/\/www.gaveanews.com\/wp-content\/uploads\/dudu-palmeiras.webp\",\"articleSection\":[\"Palmeiras\"],\"inLanguage\":\"pt-BR\",\"potentialAction\":[{\"@type\":\"CommentAction\",\"name\":\"Comment\",\"target\":[\"https:\/\/www.gaveanews.com\/index.php\/2024\/12\/11\/dudu-rony-ze-rafael-lazaro-os-jogadores-que-estao-de-saida-do-palmeiras\/#respond\"]}],\"copyrightYear\":\"2024\",\"copyrightHolder\":{\"@id\":\"https:\/\/www.gaveanews.com\/#organization\"}},{\"@type\":\"WebPage\",\"@id\":\"https:\/\/www.gaveanews.com\/index.php\/2024\/12\/11\/dudu-rony-ze-rafael-lazaro-os-jogadores-que-estao-de-saida-do-palmeiras\/\",\"url\":\"https:\/\/www.gaveanews.com\/index.php\/2024\/12\/11\/dudu-rony-ze-rafael-lazaro-os-jogadores-que-estao-de-saida-do-palmeiras\/\",\"name\":\"Dudu, Rony, Z\u00e9 Rafael, L\u00e1zaro: os jogadores que est\u00e3o de sa\u00edda do Palmeiras\",\"isPartOf\":{\"@id\":\"https:\/\/www.gaveanews.com\/#website\"},\"primaryImageOfPage\":{\"@id\":\"https:\/\/www.gaveanews.com\/index.php\/2024\/12\/11\/dudu-rony-ze-rafael-lazaro-os-jogadores-que-estao-de-saida-do-palmeiras\/#primaryimage\"},\"image\":{\"@id\":\"https:\/\/www.gaveanews.com\/index.php\/2024\/12\/11\/dudu-rony-ze-rafael-lazaro-os-jogadores-que-estao-de-saida-do-palmeiras\/#primaryimage\"},\"thumbnailUrl\":\"https:\/\/www.gaveanews.com\/wp-content\/uploads\/dudu-palmeiras.webp\",\"datePublished\":\"2024-12-11T18:45:26+00:00\",\"author\":{\"@id\":\"https:\/\/www.gaveanews.com\/#\/schema\/person\/f42654babcd2b2014a1a65af82b081f1\"},\"breadcrumb\":{\"@id\":\"https:\/\/www.gaveanews.com\/index.php\/2024\/12\/11\/dudu-rony-ze-rafael-lazaro-os-jogadores-que-estao-de-saida-do-palmeiras\/#breadcrumb\"},\"inLanguage\":\"pt-BR\",\"potentialAction\":[{\"@type\":\"ReadAction\",\"target\":[\"https:\/\/www.gaveanews.com\/index.php\/2024\/12\/11\/dudu-rony-ze-rafael-lazaro-os-jogadores-que-estao-de-saida-do-palmeiras\/\"]}]},{\"@type\":\"ImageObject\",\"inLanguage\":\"pt-BR\",\"@id\":\"https:\/\/www.gaveanews.com\/index.php\/2024\/12\/11\/dudu-rony-ze-rafael-lazaro-os-jogadores-que-estao-de-saida-do-palmeiras\/#primaryimage\",\"url\":\"https:\/\/www.gaveanews.com\/wp-content\/uploads\/dudu-palmeiras.webp\",\"contentUrl\":\"https:\/\/www.gaveanews.com\/wp-content\/uploads\/dudu-palmeiras.webp\",\"width\":846,\"height\":476,\"caption\":\"Dudu em jogo do Palmeiras (Foto: Cesar Greco\/Palmeiras)\"},{\"@type\":\"BreadcrumbList\",\"@id\":\"https:\/\/www.gaveanews.com\/index.php\/2024\/12\/11\/dudu-rony-ze-rafael-lazaro-os-jogadores-que-estao-de-saida-do-palmeiras\/#breadcrumb\",\"itemListElement\":[{\"@type\":\"ListItem\",\"position\":1,\"name\":\"Home\",\"item\":\"https:\/\/www.gaveanews.com\/\"},{\"@type\":\"ListItem\",\"position\":2,\"name\":\"Dudu, Rony, Z\u00e9 Rafael, L\u00e1zaro: os jogadores que est\u00e3o de sa\u00edda do Palmeiras\"}]},{\"@type\":\"WebSite\",\"@id\":\"https:\/\/www.gaveanews.com\/#website\",\"url\":\"https:\/\/www.gaveanews.com\/\",\"name\":\"G\u00e1vea News\",\"description\":\"Veja todas as not\u00edcias sobre o Flamengo: Contrata\u00e7\u00f5es, categorias de base, resultados das partidas, tabela de classifica\u00e7\u00e3o, pr\u00f3ximos jogos!\",\"potentialAction\":[{\"@type\":\"SearchAction\",\"target\":{\"@type\":\"EntryPoint\",\"urlTemplate\":\"https:\/\/www.gaveanews.com\/?s={search_term_string}\"},\"query-input\":{\"@type\":\"PropertyValueSpecification\",\"valueRequired\":true,\"valueName\":\"search_term_string\"}}],\"inLanguage\":\"pt-BR\"},{\"@type\":\"Person\",\"@id\":\"https:\/\/www.gaveanews.com\/#\/schema\/person\/f42654babcd2b2014a1a65af82b081f1\",\"name\":\"Geovanna Thomaz\",\"image\":{\"@type\":\"ImageObject\",\"inLanguage\":\"pt-BR\",\"@id\":\"https:\/\/www.gaveanews.com\/#\/schema\/person\/image\/\",\"url\":\"https:\/\/secure.gravatar.com\/avatar\/4092073255489533afb558984b49b64268c47198af8623cc82a925ae9fb7118a?s=96&d=mm&r=g\",\"contentUrl\":\"https:\/\/secure.gravatar.com\/avatar\/4092073255489533afb558984b49b64268c47198af8623cc82a925ae9fb7118a?s=96&d=mm&r=g\",\"caption\":\"Geovanna Thomaz\"}}]}<\/script>\n<!-- \/ Yoast SEO Premium plugin. -->","yoast_head_json":{"title":"Dudu, Rony, Z\u00e9 Rafael, L\u00e1zaro: os jogadores que est\u00e3o de sa\u00edda do Palmeiras","robots":{"index":"index","follow":"follow","max-snippet":"max-snippet:-1","max-image-preview":"max-image-preview:large","max-video-preview":"max-video-preview:-1"},"canonical":"https:\/\/www.gaveanews.com\/index.php\/2024\/12\/11\/dudu-rony-ze-rafael-lazaro-os-jogadores-que-estao-de-saida-do-palmeiras\/","og_locale":"pt_BR","og_type":"article","og_title":"Dudu, Rony, Z\u00e9 Rafael, L\u00e1zaro: os jogadores que est\u00e3o de sa\u00edda do Palmeiras","og_description":"Palmeiras encerra temporada com vice-campeonato e sinaliza mudan\u00e7as no elenco para 2025 O Palmeiras terminou 2024 de forma melanc\u00f3lica, com um vice-campeonato no Brasileir\u00e3o ap\u00f3s perder para o Fluminense por 1 a 0 no Allianz Parque. O desempenho na reta final, aliado \u00e0s elimina\u00e7\u00f5es nas Copas Libertadores e do Brasil, culminou em uma temporada aqu\u00e9m [&hellip;]","og_url":"https:\/\/www.gaveanews.com\/index.php\/2024\/12\/11\/dudu-rony-ze-rafael-lazaro-os-jogadores-que-estao-de-saida-do-palmeiras\/","og_site_name":"G\u00e1vea News","article_publisher":"https:\/\/facebook.com\/gaveaNews\/","article_published_time":"2024-12-11T18:45:26+00:00","og_image":[{"width":846,"height":476,"url":"https:\/\/www.gaveanews.com\/wp-content\/uploads\/dudu-palmeiras.webp","type":"image\/webp"}],"author":"Geovanna Thomaz","twitter_card":"summary_large_image","twitter_misc":{"Escrito por":"Geovanna Thomaz","Est. tempo de leitura":"2 minutos"},"schema":{"@context":"https:\/\/schema.org","@graph":[{"@type":"NewsArticle","@id":"https:\/\/www.gaveanews.com\/index.php\/2024\/12\/11\/dudu-rony-ze-rafael-lazaro-os-jogadores-que-estao-de-saida-do-palmeiras\/#article","isPartOf":{"@id":"https:\/\/www.gaveanews.com\/index.php\/2024\/12\/11\/dudu-rony-ze-rafael-lazaro-os-jogadores-que-estao-de-saida-do-palmeiras\/"},"author":{"name":"Geovanna Thomaz","@id":"https:\/\/www.gaveanews.com\/#\/schema\/person\/f42654babcd2b2014a1a65af82b081f1"},"headline":"Dudu, Rony, Z\u00e9 Rafael, L\u00e1zaro: os jogadores que est\u00e3o de sa\u00edda do Palmeiras","datePublished":"2024-12-11T18:45:26+00:00","mainEntityOfPage":{"@id":"https:\/\/www.gaveanews.com\/index.php\/2024\/12\/11\/dudu-rony-ze-rafael-lazaro-os-jogadores-que-estao-de-saida-do-palmeiras\/"},"wordCount":341,"commentCount":0,"image":{"@id":"https:\/\/www.gaveanews.com\/index.php\/2024\/12\/11\/dudu-rony-ze-rafael-lazaro-os-jogadores-que-estao-de-saida-do-palmeiras\/#primaryimage"},"thumbnailUrl":"https:\/\/www.gaveanews.com\/wp-content\/uploads\/dudu-palmeiras.webp","articleSection":["Palmeiras"],"inLanguage":"pt-BR","potentialAction":[{"@type":"CommentAction","name":"Comment","target":["https:\/\/www.gaveanews.com\/index.php\/2024\/12\/11\/dudu-rony-ze-rafael-lazaro-os-jogadores-que-estao-de-saida-do-palmeiras\/#respond"]}],"copyrightYear":"2024","copyrightHolder":{"@id":"https:\/\/www.gaveanews.com\/#organization"}},{"@type":"WebPage","@id":"https:\/\/www.gaveanews.com\/index.php\/2024\/12\/11\/dudu-rony-ze-rafael-lazaro-os-jogadores-que-estao-de-saida-do-palmeiras\/","url":"https:\/\/www.gaveanews.com\/index.php\/2024\/12\/11\/dudu-rony-ze-rafael-lazaro-os-jogadores-que-estao-de-saida-do-palmeiras\/","name":"Dudu, Rony, Z\u00e9 Rafael, L\u00e1zaro: os jogadores que est\u00e3o de sa\u00edda do Palmeiras","isPartOf":{"@id":"https:\/\/www.gaveanews.com\/#website"},"primaryImageOfPage":{"@id":"https:\/\/www.gaveanews.com\/index.php\/2024\/12\/11\/dudu-rony-ze-rafael-lazaro-os-jogadores-que-estao-de-saida-do-palmeiras\/#primaryimage"},"image":{"@id":"https:\/\/www.gaveanews.com\/index.php\/2024\/12\/11\/dudu-rony-ze-rafael-lazaro-os-jogadores-que-estao-de-saida-do-palmeiras\/#primaryimage"},"thumbnailUrl":"https:\/\/www.gaveanews.com\/wp-content\/uploads\/dudu-palmeiras.webp","datePublished":"2024-12-11T18:45:26+00:00","author":{"@id":"https:\/\/www.gaveanews.com\/#\/schema\/person\/f42654babcd2b2014a1a65af82b081f1"},"breadcrumb":{"@id":"https:\/\/www.gaveanews.com\/index.php\/2024\/12\/11\/dudu-rony-ze-rafael-lazaro-os-jogadores-que-estao-de-saida-do-palmeiras\/#breadcrumb"},"inLanguage":"pt-BR","potentialAction":[{"@type":"ReadAction","target":["https:\/\/www.gaveanews.com\/index.php\/2024\/12\/11\/dudu-rony-ze-rafael-lazaro-os-jogadores-que-estao-de-saida-do-palmeiras\/"]}]},{"@type":"ImageObject","inLanguage":"pt-BR","@id":"https:\/\/www.gaveanews.com\/index.php\/2024\/12\/11\/dudu-rony-ze-rafael-lazaro-os-jogadores-que-estao-de-saida-do-palmeiras\/#primaryimage","url":"https:\/\/www.gaveanews.com\/wp-content\/uploads\/dudu-palmeiras.webp","contentUrl":"https:\/\/www.gaveanews.com\/wp-content\/uploads\/dudu-palmeiras.webp","width":846,"height":476,"caption":"Dudu em jogo do Palmeiras (Foto: Cesar Greco\/Palmeiras)"},{"@type":"BreadcrumbList","@id":"https:\/\/www.gaveanews.com\/index.php\/2024\/12\/11\/dudu-rony-ze-rafael-lazaro-os-jogadores-que-estao-de-saida-do-palmeiras\/#breadcrumb","itemListElement":[{"@type":"ListItem","position":1,"name":"Home","item":"https:\/\/www.gaveanews.com\/"},{"@type":"ListItem","position":2,"name":"Dudu, Rony, Z\u00e9 Rafael, L\u00e1zaro: os jogadores que est\u00e3o de sa\u00edda do Palmeiras"}]},{"@type":"WebSite","@id":"https:\/\/www.gaveanews.com\/#website","url":"https:\/\/www.gaveanews.com\/","name":"G\u00e1vea News","description":"Veja todas as not\u00edcias sobre o Flamengo: Contrata\u00e7\u00f5es, categorias de base, resultados das partidas, tabela de classifica\u00e7\u00e3o, pr\u00f3ximos jogos!","potentialAction":[{"@type":"SearchAction","target":{"@type":"EntryPoint","urlTemplate":"https:\/\/www.gaveanews.com\/?s={search_term_string}"},"query-input":{"@type":"PropertyValueSpecification","valueRequired":true,"valueName":"search_term_string"}}],"inLanguage":"pt-BR"},{"@type":"Person","@id":"https:\/\/www.gaveanews.com\/#\/schema\/person\/f42654babcd2b2014a1a65af82b081f1","name":"Geovanna Thomaz","image":{"@type":"ImageObject","inLanguage":"pt-BR","@id":"https:\/\/www.gaveanews.com\/#\/schema\/person\/image\/","url":"https:\/\/secure.gravatar.com\/avatar\/4092073255489533afb558984b49b64268c47198af8623cc82a925ae9fb7118a?s=96&d=mm&r=g","contentUrl":"https:\/\/secure.gravatar.com\/avatar\/4092073255489533afb558984b49b64268c47198af8623cc82a925ae9fb7118a?s=96&d=mm&r=g","caption":"Geovanna Thomaz"}}]}},"_links":{"self":[{"href":"https:\/\/www.gaveanews.com\/index.php\/wp-json\/wp\/v2\/posts\/197066","targetHints":{"allow":["GET"]}}],"collection":[{"href":"https:\/\/www.gaveanews.com\/index.php\/wp-json\/wp\/v2\/posts"}],"about":[{"href":"https:\/\/www.gaveanews.com\/index.php\/wp-json\/wp\/v2\/types\/post"}],"author":[{"embeddable":true,"href":"https:\/\/www.gaveanews.com\/index.php\/wp-json\/wp\/v2\/users\/17"}],"replies":[{"embeddable":true,"href":"https:\/\/www.gaveanews.com\/index.php\/wp-json\/wp\/v2\/comments?post=197066"}],"version-history":[{"count":1,"href":"https:\/\/www.gaveanews.com\/index.php\/wp-json\/wp\/v2\/posts\/197066\/revisions"}],"predecessor-version":[{"id":197067,"href":"https:\/\/www.gaveanews.com\/index.php\/wp-json\/wp\/v2\/posts\/197066\/revisions\/197067"}],"wp:featuredmedia":[{"embeddable":true,"href":"https:\/\/www.gaveanews.com\/index.php\/wp-json\/wp\/v2\/media\/91439"}],"wp:attachment":[{"href":"https:\/\/www.gaveanews.com\/index.php\/wp-json\/wp\/v2\/media?parent=197066"}],"wp:term":[{"taxonomy":"category","embeddable":true,"href":"https:\/\/www.gaveanews.com\/index.php\/wp-json\/wp\/v2\/categories?post=197066"},{"taxonomy":"post_tag","embeddable":true,"href":"https:\/\/www.gaveanews.com\/index.php\/wp-json\/wp\/v2\/tags?post=197066"}],"curies":[{"name":"wp","href":"https:\/\/api.w.org\/{rel}","templated":true}]}}