{"id":197094,"date":"2024-12-11T22:05:09","date_gmt":"2024-12-12T01:05:09","guid":{"rendered":"https:\/\/www.gaveanews.com\/?p=197094"},"modified":"2024-12-11T22:05:11","modified_gmt":"2024-12-12T01:05:11","slug":"gustavo-gomez-abre-o-jogo-sobre-futuro-no-palmeiras","status":"publish","type":"post","link":"https:\/\/www.gaveanews.com\/index.php\/2024\/12\/11\/gustavo-gomez-abre-o-jogo-sobre-futuro-no-palmeiras\/","title":{"rendered":"Gustavo G\u00f3mez abre o jogo sobre futuro no Palmeiras"},"content":{"rendered":"\n<h2 class=\"wp-block-heading\" id=\"h-gustavo-gomez-projeta-desafios-de-2025-e-reforca-compromisso-com-o-palmeiras\">Gustavo G\u00f3mez projeta desafios de 2025 e refor\u00e7a compromisso com o Palmeiras<\/h2>\n\n\n\n<p>Ap\u00f3s a derrota por 1 a 0 para o Fluminense neste domingo (8), no Allianz Parque, Gustavo G\u00f3mez falou sobre a necessidade de manter a competitividade no Palmeiras e os desafios para a pr\u00f3xima temporada. O capit\u00e3o do Verd\u00e3o destacou a mentalidade vencedora do clube e refor\u00e7ou seu compromisso com a equipe, com a qual tem contrato at\u00e9 dezembro de 2026.<\/p>\n\n\n\n<ul class=\"wp-block-list\">\n<li><a href=\"https:\/\/www.gaveanews.com\/index.php\/2024\/12\/05\/quantia-milionaria-torcedores-presos-e-investimento-em-reforcos-as-ultimas-noticias-do-palmeiras\/\">Quantia milion\u00e1ria, torcedores presos e investimento em refor\u00e7os: as \u00faltimas not\u00edcias do Palmeiras<\/a><\/li>\n\n\n\n<li><a href=\"https:\/\/www.gaveanews.com\/index.php\/2024\/12\/08\/lisca-faz-grave-acusacao-contra-palmeiras\/\">Lisca faz grave acusa\u00e7\u00e3o contra Palmeiras<\/a><\/li>\n<\/ul>\n\n\n\n<p>\u201cTemos que lutar sempre, brigar por t\u00edtulos. Este ano, independente das dificuldades, lutamos at\u00e9 o fim. Obviamente, passa por uma avalia\u00e7\u00e3o interna para melhorar no pr\u00f3ximo ano, que ser\u00e1 muito desafiador, com Super Mundial, Libertadores e Campeonato Paulista. Eu ainda tenho contrato\u201d, afirmou o zagueiro paraguaio.<\/p>\n\n\n\n<p>G\u00f3mez enfatizou a import\u00e2ncia de evitar qualquer tipo de relaxamento, destacando a cobran\u00e7a e a exig\u00eancia no clube. \u201cO comportamento do campe\u00e3o \u00e9 sem relaxar. Estamos em um clube onde se vive o presente e onde h\u00e1 muita cobran\u00e7a\u201d, completou.<\/p>\n\n\n\n<p>O Palmeiras ter\u00e1 um calend\u00e1rio extenso em 2025, incluindo competi\u00e7\u00f5es tradicionais como Campeonato Paulista, Copa do Brasil, Libertadores e Brasileir\u00e3o, al\u00e9m do Super Mundial, que ser\u00e1 realizado nos Estados Unidos entre junho e julho.<\/p>\n\n\n\n<p>Contratado em 2018 junto ao Milan, Gustavo G\u00f3mez acumula 324 jogos pelo Palmeiras, com 37 gols e 10 assist\u00eancias. Ele \u00e9 o estrangeiro com mais t\u00edtulos na hist\u00f3ria do clube, somando 12 trof\u00e9us, entre eles duas edi\u00e7\u00f5es da Copa Libertadores. Em janeiro de 2023, o zagueiro renovou seu contrato com o Verd\u00e3o, garantindo sua perman\u00eancia por mais tr\u00eas temporadas.<\/p>\n\n\n\n<p>Com a temporada 2024 encerrada, a diretoria e a comiss\u00e3o t\u00e9cnica j\u00e1 trabalham no planejamento para o pr\u00f3ximo ano, buscando manter o Palmeiras entre os protagonistas do futebol brasileiro e internacional.<\/p>\n","protected":false},"excerpt":{"rendered":"<p>Gustavo G\u00f3mez projeta desafios de 2025 e refor\u00e7a compromisso com o Palmeiras Ap\u00f3s a derrota por 1 a 0 para o Fluminense neste domingo (8), no Allianz Parque, Gustavo G\u00f3mez falou sobre a necessidade de manter a competitividade no Palmeiras e os desafios para a pr\u00f3xima temporada. O capit\u00e3o do Verd\u00e3o destacou a mentalidade vencedora [&hellip;]<\/p>\n","protected":false},"author":20,"featured_media":59289,"comment_status":"open","ping_status":"closed","sticky":false,"template":"","format":"standard","meta":{"footnotes":""},"categories":[150],"tags":[],"class_list":["post-197094","post","type-post","status-publish","format-standard","has-post-thumbnail","hentry","category-palmeiras"],"yoast_head":"<!-- This site is optimized with the Yoast SEO Premium plugin v24.2 (Yoast SEO v26.9) - https:\/\/yoast.com\/product\/yoast-seo-premium-wordpress\/ -->\n<title>Gustavo G\u00f3mez abre o jogo sobre futuro no Palmeiras<\/title>\n<meta name=\"robots\" content=\"index, follow, max-snippet:-1, max-image-preview:large, max-video-preview:-1\" \/>\n<link rel=\"canonical\" href=\"https:\/\/www.gaveanews.com\/index.php\/2024\/12\/11\/gustavo-gomez-abre-o-jogo-sobre-futuro-no-palmeiras\/\" \/>\n<meta property=\"og:locale\" content=\"pt_BR\" \/>\n<meta property=\"og:type\" content=\"article\" \/>\n<meta property=\"og:title\" content=\"Gustavo G\u00f3mez abre o jogo sobre futuro no Palmeiras\" \/>\n<meta property=\"og:description\" content=\"Gustavo G\u00f3mez projeta desafios de 2025 e refor\u00e7a compromisso com o Palmeiras Ap\u00f3s a derrota por 1 a 0 para o Fluminense neste domingo (8), no Allianz Parque, Gustavo G\u00f3mez falou sobre a necessidade de manter a competitividade no Palmeiras e os desafios para a pr\u00f3xima temporada. O capit\u00e3o do Verd\u00e3o destacou a mentalidade vencedora [&hellip;]\" \/>\n<meta property=\"og:url\" content=\"https:\/\/www.gaveanews.com\/index.php\/2024\/12\/11\/gustavo-gomez-abre-o-jogo-sobre-futuro-no-palmeiras\/\" \/>\n<meta property=\"og:site_name\" content=\"G\u00e1vea News\" \/>\n<meta property=\"article:publisher\" content=\"https:\/\/facebook.com\/gaveaNews\/\" \/>\n<meta property=\"article:published_time\" content=\"2024-12-12T01:05:09+00:00\" \/>\n<meta property=\"article:modified_time\" content=\"2024-12-12T01:05:11+00:00\" \/>\n<meta property=\"og:image\" content=\"https:\/\/www.gaveanews.com\/wp-content\/uploads\/Gustavo-Gomez-em-treino-do-Palmeiras.webp\" \/>\n\t<meta property=\"og:image:width\" content=\"768\" \/>\n\t<meta property=\"og:image:height\" content=\"432\" \/>\n\t<meta property=\"og:image:type\" content=\"image\/jpeg\" \/>\n<meta name=\"author\" content=\"Lucas Barros\" \/>\n<meta name=\"twitter:card\" content=\"summary_large_image\" \/>\n<meta name=\"twitter:label1\" content=\"Escrito por\" \/>\n\t<meta name=\"twitter:data1\" content=\"Lucas Barros\" \/>\n\t<meta name=\"twitter:label2\" content=\"Est. tempo de leitura\" \/>\n\t<meta name=\"twitter:data2\" content=\"2 minutos\" \/>\n<script type=\"application\/ld+json\" class=\"yoast-schema-graph\">{\"@context\":\"https:\/\/schema.org\",\"@graph\":[{\"@type\":\"NewsArticle\",\"@id\":\"https:\/\/www.gaveanews.com\/index.php\/2024\/12\/11\/gustavo-gomez-abre-o-jogo-sobre-futuro-no-palmeiras\/#article\",\"isPartOf\":{\"@id\":\"https:\/\/www.gaveanews.com\/index.php\/2024\/12\/11\/gustavo-gomez-abre-o-jogo-sobre-futuro-no-palmeiras\/\"},\"author\":{\"name\":\"Lucas Barros\",\"@id\":\"https:\/\/www.gaveanews.com\/#\/schema\/person\/2abf0cfa878f5f899daa5f781e82264c\"},\"headline\":\"Gustavo G\u00f3mez abre o jogo sobre futuro no Palmeiras\",\"datePublished\":\"2024-12-12T01:05:09+00:00\",\"dateModified\":\"2024-12-12T01:05:11+00:00\",\"mainEntityOfPage\":{\"@id\":\"https:\/\/www.gaveanews.com\/index.php\/2024\/12\/11\/gustavo-gomez-abre-o-jogo-sobre-futuro-no-palmeiras\/\"},\"wordCount\":334,\"commentCount\":0,\"image\":{\"@id\":\"https:\/\/www.gaveanews.com\/index.php\/2024\/12\/11\/gustavo-gomez-abre-o-jogo-sobre-futuro-no-palmeiras\/#primaryimage\"},\"thumbnailUrl\":\"https:\/\/www.gaveanews.com\/wp-content\/uploads\/Gustavo-Gomez-em-treino-do-Palmeiras.webp\",\"articleSection\":[\"Palmeiras\"],\"inLanguage\":\"pt-BR\",\"potentialAction\":[{\"@type\":\"CommentAction\",\"name\":\"Comment\",\"target\":[\"https:\/\/www.gaveanews.com\/index.php\/2024\/12\/11\/gustavo-gomez-abre-o-jogo-sobre-futuro-no-palmeiras\/#respond\"]}],\"copyrightYear\":\"2024\",\"copyrightHolder\":{\"@id\":\"https:\/\/www.gaveanews.com\/#organization\"}},{\"@type\":\"WebPage\",\"@id\":\"https:\/\/www.gaveanews.com\/index.php\/2024\/12\/11\/gustavo-gomez-abre-o-jogo-sobre-futuro-no-palmeiras\/\",\"url\":\"https:\/\/www.gaveanews.com\/index.php\/2024\/12\/11\/gustavo-gomez-abre-o-jogo-sobre-futuro-no-palmeiras\/\",\"name\":\"Gustavo G\u00f3mez abre o jogo sobre futuro no Palmeiras\",\"isPartOf\":{\"@id\":\"https:\/\/www.gaveanews.com\/#website\"},\"primaryImageOfPage\":{\"@id\":\"https:\/\/www.gaveanews.com\/index.php\/2024\/12\/11\/gustavo-gomez-abre-o-jogo-sobre-futuro-no-palmeiras\/#primaryimage\"},\"image\":{\"@id\":\"https:\/\/www.gaveanews.com\/index.php\/2024\/12\/11\/gustavo-gomez-abre-o-jogo-sobre-futuro-no-palmeiras\/#primaryimage\"},\"thumbnailUrl\":\"https:\/\/www.gaveanews.com\/wp-content\/uploads\/Gustavo-Gomez-em-treino-do-Palmeiras.webp\",\"datePublished\":\"2024-12-12T01:05:09+00:00\",\"dateModified\":\"2024-12-12T01:05:11+00:00\",\"author\":{\"@id\":\"https:\/\/www.gaveanews.com\/#\/schema\/person\/2abf0cfa878f5f899daa5f781e82264c\"},\"breadcrumb\":{\"@id\":\"https:\/\/www.gaveanews.com\/index.php\/2024\/12\/11\/gustavo-gomez-abre-o-jogo-sobre-futuro-no-palmeiras\/#breadcrumb\"},\"inLanguage\":\"pt-BR\",\"potentialAction\":[{\"@type\":\"ReadAction\",\"target\":[\"https:\/\/www.gaveanews.com\/index.php\/2024\/12\/11\/gustavo-gomez-abre-o-jogo-sobre-futuro-no-palmeiras\/\"]}]},{\"@type\":\"ImageObject\",\"inLanguage\":\"pt-BR\",\"@id\":\"https:\/\/www.gaveanews.com\/index.php\/2024\/12\/11\/gustavo-gomez-abre-o-jogo-sobre-futuro-no-palmeiras\/#primaryimage\",\"url\":\"https:\/\/www.gaveanews.com\/wp-content\/uploads\/Gustavo-Gomez-em-treino-do-Palmeiras.webp\",\"contentUrl\":\"https:\/\/www.gaveanews.com\/wp-content\/uploads\/Gustavo-Gomez-em-treino-do-Palmeiras.webp\",\"width\":768,\"height\":432,\"caption\":\"Gustavo G\u00f3mez em treino do Palmeiras (Foto: Cesar Greco\/SEP)\"},{\"@type\":\"BreadcrumbList\",\"@id\":\"https:\/\/www.gaveanews.com\/index.php\/2024\/12\/11\/gustavo-gomez-abre-o-jogo-sobre-futuro-no-palmeiras\/#breadcrumb\",\"itemListElement\":[{\"@type\":\"ListItem\",\"position\":1,\"name\":\"Home\",\"item\":\"https:\/\/www.gaveanews.com\/\"},{\"@type\":\"ListItem\",\"position\":2,\"name\":\"Gustavo G\u00f3mez abre o jogo sobre futuro no Palmeiras\"}]},{\"@type\":\"WebSite\",\"@id\":\"https:\/\/www.gaveanews.com\/#website\",\"url\":\"https:\/\/www.gaveanews.com\/\",\"name\":\"G\u00e1vea News\",\"description\":\"Veja todas as not\u00edcias sobre o Flamengo: Contrata\u00e7\u00f5es, categorias de base, resultados das partidas, tabela de classifica\u00e7\u00e3o, pr\u00f3ximos jogos!\",\"potentialAction\":[{\"@type\":\"SearchAction\",\"target\":{\"@type\":\"EntryPoint\",\"urlTemplate\":\"https:\/\/www.gaveanews.com\/?s={search_term_string}\"},\"query-input\":{\"@type\":\"PropertyValueSpecification\",\"valueRequired\":true,\"valueName\":\"search_term_string\"}}],\"inLanguage\":\"pt-BR\"},{\"@type\":\"Person\",\"@id\":\"https:\/\/www.gaveanews.com\/#\/schema\/person\/2abf0cfa878f5f899daa5f781e82264c\",\"name\":\"Lucas Barros\",\"image\":{\"@type\":\"ImageObject\",\"inLanguage\":\"pt-BR\",\"@id\":\"https:\/\/www.gaveanews.com\/#\/schema\/person\/image\/\",\"url\":\"https:\/\/secure.gravatar.com\/avatar\/67a6069eba66bf6fd7c80b70e1331baa3dbc3d6df5012d5c22eff29c7d59e0b0?s=96&d=mm&r=g\",\"contentUrl\":\"https:\/\/secure.gravatar.com\/avatar\/67a6069eba66bf6fd7c80b70e1331baa3dbc3d6df5012d5c22eff29c7d59e0b0?s=96&d=mm&r=g\",\"caption\":\"Lucas Barros\"}}]}<\/script>\n<!-- \/ Yoast SEO Premium plugin. -->","yoast_head_json":{"title":"Gustavo G\u00f3mez abre o jogo sobre futuro no Palmeiras","robots":{"index":"index","follow":"follow","max-snippet":"max-snippet:-1","max-image-preview":"max-image-preview:large","max-video-preview":"max-video-preview:-1"},"canonical":"https:\/\/www.gaveanews.com\/index.php\/2024\/12\/11\/gustavo-gomez-abre-o-jogo-sobre-futuro-no-palmeiras\/","og_locale":"pt_BR","og_type":"article","og_title":"Gustavo G\u00f3mez abre o jogo sobre futuro no Palmeiras","og_description":"Gustavo G\u00f3mez projeta desafios de 2025 e refor\u00e7a compromisso com o Palmeiras Ap\u00f3s a derrota por 1 a 0 para o Fluminense neste domingo (8), no Allianz Parque, Gustavo G\u00f3mez falou sobre a necessidade de manter a competitividade no Palmeiras e os desafios para a pr\u00f3xima temporada. O capit\u00e3o do Verd\u00e3o destacou a mentalidade vencedora [&hellip;]","og_url":"https:\/\/www.gaveanews.com\/index.php\/2024\/12\/11\/gustavo-gomez-abre-o-jogo-sobre-futuro-no-palmeiras\/","og_site_name":"G\u00e1vea News","article_publisher":"https:\/\/facebook.com\/gaveaNews\/","article_published_time":"2024-12-12T01:05:09+00:00","article_modified_time":"2024-12-12T01:05:11+00:00","og_image":[{"width":768,"height":432,"url":"https:\/\/www.gaveanews.com\/wp-content\/uploads\/Gustavo-Gomez-em-treino-do-Palmeiras.webp","type":"image\/jpeg"}],"author":"Lucas Barros","twitter_card":"summary_large_image","twitter_misc":{"Escrito por":"Lucas Barros","Est. tempo de leitura":"2 minutos"},"schema":{"@context":"https:\/\/schema.org","@graph":[{"@type":"NewsArticle","@id":"https:\/\/www.gaveanews.com\/index.php\/2024\/12\/11\/gustavo-gomez-abre-o-jogo-sobre-futuro-no-palmeiras\/#article","isPartOf":{"@id":"https:\/\/www.gaveanews.com\/index.php\/2024\/12\/11\/gustavo-gomez-abre-o-jogo-sobre-futuro-no-palmeiras\/"},"author":{"name":"Lucas Barros","@id":"https:\/\/www.gaveanews.com\/#\/schema\/person\/2abf0cfa878f5f899daa5f781e82264c"},"headline":"Gustavo G\u00f3mez abre o jogo sobre futuro no Palmeiras","datePublished":"2024-12-12T01:05:09+00:00","dateModified":"2024-12-12T01:05:11+00:00","mainEntityOfPage":{"@id":"https:\/\/www.gaveanews.com\/index.php\/2024\/12\/11\/gustavo-gomez-abre-o-jogo-sobre-futuro-no-palmeiras\/"},"wordCount":334,"commentCount":0,"image":{"@id":"https:\/\/www.gaveanews.com\/index.php\/2024\/12\/11\/gustavo-gomez-abre-o-jogo-sobre-futuro-no-palmeiras\/#primaryimage"},"thumbnailUrl":"https:\/\/www.gaveanews.com\/wp-content\/uploads\/Gustavo-Gomez-em-treino-do-Palmeiras.webp","articleSection":["Palmeiras"],"inLanguage":"pt-BR","potentialAction":[{"@type":"CommentAction","name":"Comment","target":["https:\/\/www.gaveanews.com\/index.php\/2024\/12\/11\/gustavo-gomez-abre-o-jogo-sobre-futuro-no-palmeiras\/#respond"]}],"copyrightYear":"2024","copyrightHolder":{"@id":"https:\/\/www.gaveanews.com\/#organization"}},{"@type":"WebPage","@id":"https:\/\/www.gaveanews.com\/index.php\/2024\/12\/11\/gustavo-gomez-abre-o-jogo-sobre-futuro-no-palmeiras\/","url":"https:\/\/www.gaveanews.com\/index.php\/2024\/12\/11\/gustavo-gomez-abre-o-jogo-sobre-futuro-no-palmeiras\/","name":"Gustavo G\u00f3mez abre o jogo sobre futuro no Palmeiras","isPartOf":{"@id":"https:\/\/www.gaveanews.com\/#website"},"primaryImageOfPage":{"@id":"https:\/\/www.gaveanews.com\/index.php\/2024\/12\/11\/gustavo-gomez-abre-o-jogo-sobre-futuro-no-palmeiras\/#primaryimage"},"image":{"@id":"https:\/\/www.gaveanews.com\/index.php\/2024\/12\/11\/gustavo-gomez-abre-o-jogo-sobre-futuro-no-palmeiras\/#primaryimage"},"thumbnailUrl":"https:\/\/www.gaveanews.com\/wp-content\/uploads\/Gustavo-Gomez-em-treino-do-Palmeiras.webp","datePublished":"2024-12-12T01:05:09+00:00","dateModified":"2024-12-12T01:05:11+00:00","author":{"@id":"https:\/\/www.gaveanews.com\/#\/schema\/person\/2abf0cfa878f5f899daa5f781e82264c"},"breadcrumb":{"@id":"https:\/\/www.gaveanews.com\/index.php\/2024\/12\/11\/gustavo-gomez-abre-o-jogo-sobre-futuro-no-palmeiras\/#breadcrumb"},"inLanguage":"pt-BR","potentialAction":[{"@type":"ReadAction","target":["https:\/\/www.gaveanews.com\/index.php\/2024\/12\/11\/gustavo-gomez-abre-o-jogo-sobre-futuro-no-palmeiras\/"]}]},{"@type":"ImageObject","inLanguage":"pt-BR","@id":"https:\/\/www.gaveanews.com\/index.php\/2024\/12\/11\/gustavo-gomez-abre-o-jogo-sobre-futuro-no-palmeiras\/#primaryimage","url":"https:\/\/www.gaveanews.com\/wp-content\/uploads\/Gustavo-Gomez-em-treino-do-Palmeiras.webp","contentUrl":"https:\/\/www.gaveanews.com\/wp-content\/uploads\/Gustavo-Gomez-em-treino-do-Palmeiras.webp","width":768,"height":432,"caption":"Gustavo G\u00f3mez em treino do Palmeiras (Foto: Cesar Greco\/SEP)"},{"@type":"BreadcrumbList","@id":"https:\/\/www.gaveanews.com\/index.php\/2024\/12\/11\/gustavo-gomez-abre-o-jogo-sobre-futuro-no-palmeiras\/#breadcrumb","itemListElement":[{"@type":"ListItem","position":1,"name":"Home","item":"https:\/\/www.gaveanews.com\/"},{"@type":"ListItem","position":2,"name":"Gustavo G\u00f3mez abre o jogo sobre futuro no Palmeiras"}]},{"@type":"WebSite","@id":"https:\/\/www.gaveanews.com\/#website","url":"https:\/\/www.gaveanews.com\/","name":"G\u00e1vea News","description":"Veja todas as not\u00edcias sobre o Flamengo: Contrata\u00e7\u00f5es, categorias de base, resultados das partidas, tabela de classifica\u00e7\u00e3o, pr\u00f3ximos jogos!","potentialAction":[{"@type":"SearchAction","target":{"@type":"EntryPoint","urlTemplate":"https:\/\/www.gaveanews.com\/?s={search_term_string}"},"query-input":{"@type":"PropertyValueSpecification","valueRequired":true,"valueName":"search_term_string"}}],"inLanguage":"pt-BR"},{"@type":"Person","@id":"https:\/\/www.gaveanews.com\/#\/schema\/person\/2abf0cfa878f5f899daa5f781e82264c","name":"Lucas Barros","image":{"@type":"ImageObject","inLanguage":"pt-BR","@id":"https:\/\/www.gaveanews.com\/#\/schema\/person\/image\/","url":"https:\/\/secure.gravatar.com\/avatar\/67a6069eba66bf6fd7c80b70e1331baa3dbc3d6df5012d5c22eff29c7d59e0b0?s=96&d=mm&r=g","contentUrl":"https:\/\/secure.gravatar.com\/avatar\/67a6069eba66bf6fd7c80b70e1331baa3dbc3d6df5012d5c22eff29c7d59e0b0?s=96&d=mm&r=g","caption":"Lucas Barros"}}]}},"_links":{"self":[{"href":"https:\/\/www.gaveanews.com\/index.php\/wp-json\/wp\/v2\/posts\/197094","targetHints":{"allow":["GET"]}}],"collection":[{"href":"https:\/\/www.gaveanews.com\/index.php\/wp-json\/wp\/v2\/posts"}],"about":[{"href":"https:\/\/www.gaveanews.com\/index.php\/wp-json\/wp\/v2\/types\/post"}],"author":[{"embeddable":true,"href":"https:\/\/www.gaveanews.com\/index.php\/wp-json\/wp\/v2\/users\/20"}],"replies":[{"embeddable":true,"href":"https:\/\/www.gaveanews.com\/index.php\/wp-json\/wp\/v2\/comments?post=197094"}],"version-history":[{"count":1,"href":"https:\/\/www.gaveanews.com\/index.php\/wp-json\/wp\/v2\/posts\/197094\/revisions"}],"predecessor-version":[{"id":197098,"href":"https:\/\/www.gaveanews.com\/index.php\/wp-json\/wp\/v2\/posts\/197094\/revisions\/197098"}],"wp:featuredmedia":[{"embeddable":true,"href":"https:\/\/www.gaveanews.com\/index.php\/wp-json\/wp\/v2\/media\/59289"}],"wp:attachment":[{"href":"https:\/\/www.gaveanews.com\/index.php\/wp-json\/wp\/v2\/media?parent=197094"}],"wp:term":[{"taxonomy":"category","embeddable":true,"href":"https:\/\/www.gaveanews.com\/index.php\/wp-json\/wp\/v2\/categories?post=197094"},{"taxonomy":"post_tag","embeddable":true,"href":"https:\/\/www.gaveanews.com\/index.php\/wp-json\/wp\/v2\/tags?post=197094"}],"curies":[{"name":"wp","href":"https:\/\/api.w.org\/{rel}","templated":true}]}}