{"id":197100,"date":"2024-12-10T21:05:00","date_gmt":"2024-12-11T00:05:00","guid":{"rendered":"https:\/\/www.gaveanews.com\/?p=197100"},"modified":"2024-12-10T18:30:28","modified_gmt":"2024-12-10T21:30:28","slug":"estevao-do-palmeiras-revela-conversa-com-thiago-silva-do-fluminense","status":"publish","type":"post","link":"https:\/\/www.gaveanews.com\/index.php\/2024\/12\/10\/estevao-do-palmeiras-revela-conversa-com-thiago-silva-do-fluminense\/","title":{"rendered":"Est\u00eav\u00e3o, do Palmeiras, revela conversa com Thiago Silva, do Fluminense"},"content":{"rendered":"\n<h2 class=\"wp-block-heading\" id=\"h-estevao-revela-contato-com-jogadores-do-chelsea-e-expectativa-para-nova-fase-no-futebol-europeu\">Est\u00eav\u00e3o revela contato com jogadores do Chelsea e expectativa para nova fase no futebol europeu<\/h2>\n\n\n\n<p>Negociado com o Chelsea, o jovem Est\u00eav\u00e3o, destaque do Palmeiras na temporada 2024, j\u00e1 est\u00e1 se preparando para sua nova etapa na Europa. O atacante, que deixar\u00e1 o clube paulista no segundo semestre de 2025, aproveitou a cerim\u00f4nia do <em>Pr\u00eamio ESPN Bola de Prata Aposta Ganha<\/em> para falar sobre sua adapta\u00e7\u00e3o \u00e0 futura realidade.<\/p>\n\n\n\n<ul class=\"wp-block-list\">\n<li><a href=\"https:\/\/www.gaveanews.com\/index.php\/2024\/12\/07\/palmeiras-comparacao-entre-estevao-e-endrick-repercute-na-internet\/\">Palmeiras: compara\u00e7\u00e3o entre Est\u00eav\u00e3o e Endrick repercute na internet<\/a><\/li>\n\n\n\n<li><a href=\"https:\/\/www.gaveanews.com\/index.php\/2024\/12\/07\/palmeiras-a-declaracao-de-ronaldo-fenomeno-direcionada-a-estevao\/\">Palmeiras: a declara\u00e7\u00e3o de Ronaldo Fen\u00f4meno direcionada a Est\u00eav\u00e3o<\/a><\/li>\n<\/ul>\n\n\n\n<p>Em entrevista \u00e0 ESPN, o jogador revelou que tem mantido contato com alguns de seus futuros companheiros nos Blues, como o atacante Cole Palmer e o lateral Reece James, al\u00e9m de ter recebido conselhos do experiente Thiago Silva, atualmente no Fluminense, mas com uma longa trajet\u00f3ria no clube ingl\u00eas.<\/p>\n\n\n\n<p>&#8220;Gosto muito dessa comemora\u00e7\u00e3o (de Cole Palmer). Desde que assinei com o Chelsea, disse que ia fazer essa comemora\u00e7\u00e3o. Trocamos uma ideia, fico feliz de ter esse contato com ele. Estou aprendendo ingl\u00eas, \u00e9 puxado, mas tenho usado boas t\u00e9cnicas, como assistir filmes sem legenda e ouvir m\u00fasicas. Ainda n\u00e3o fiz nenhuma visita ao Chelsea, mas, se tiver oportunidade agora nas f\u00e9rias, vou conhecer a estrutura&#8221;, contou Est\u00eav\u00e3o.<\/p>\n\n\n\n<p>O jovem tamb\u00e9m comentou sobre a receptividade de seus futuros colegas:<br><br>&#8220;T\u00eam agentes do Chelsea aqui no Brasil que falam comigo. O Palmer fala comigo pelo Instagram, e o James j\u00e1 me disse que, se eu precisasse de algo, era s\u00f3 falar com ele. O Thiago Silva, no \u00faltimo jogo (contra o Palmeiras, no Allianz Parque), me disse que o clube \u00e9 top e que est\u00e3o me esperando de bra\u00e7os abertos&#8221;, revelou.<\/p>\n\n\n\n<p>Questionado sobre sua prefer\u00eancia por n\u00famero de camisa no Chelsea, Est\u00eav\u00e3o mostrou leveza e flexibilidade:<br><br>&#8220;N\u00e3o tenho uma prefer\u00eancia, mas gosto muito da 41. Se tiver a 41 vai ser legal tamb\u00e9m&#8221;, afirmou.<\/p>\n\n\n\n<p>Sobre sua posi\u00e7\u00e3o ideal em campo, o atacante explicou sua adapta\u00e7\u00e3o \u00e0 ponta, mesmo preferindo atuar como um meia mais central:<br><br>&#8220;Sempre fui camisa 10 e fui para a ponta para ter o um contra um. Claro que respeito a decis\u00e3o do Abel (Ferreira), sei que na ponta eu tenho desfrutado melhor. Mas, quem sabe no futuro, eu possa jogar onde me sinto mais confort\u00e1vel, que \u00e9 por dentro&#8221;, analisou.<\/p>\n\n\n\n<p>Est\u00eav\u00e3o encerrou sua primeira temporada completa como profissional com n\u00fameros expressivos: 45 jogos, 15 gols e 10 assist\u00eancias.<\/p>\n","protected":false},"excerpt":{"rendered":"<p>Est\u00eav\u00e3o revela contato com jogadores do Chelsea e expectativa para nova fase no futebol europeu Negociado com o Chelsea, o jovem Est\u00eav\u00e3o, destaque do Palmeiras na temporada 2024, j\u00e1 est\u00e1 se preparando para sua nova etapa na Europa. O atacante, que deixar\u00e1 o clube paulista no segundo semestre de 2025, aproveitou a cerim\u00f4nia do Pr\u00eamio [&hellip;]<\/p>\n","protected":false},"author":17,"featured_media":153086,"comment_status":"open","ping_status":"closed","sticky":false,"template":"","format":"standard","meta":{"footnotes":""},"categories":[150],"tags":[],"class_list":["post-197100","post","type-post","status-publish","format-standard","has-post-thumbnail","hentry","category-palmeiras"],"yoast_head":"<!-- This site is optimized with the Yoast SEO Premium plugin v24.2 (Yoast SEO v26.9) - https:\/\/yoast.com\/product\/yoast-seo-premium-wordpress\/ -->\n<title>Est\u00eav\u00e3o, do Palmeiras, revela conversa com Thiago Silva, do Fluminense<\/title>\n<meta name=\"robots\" content=\"index, follow, max-snippet:-1, max-image-preview:large, max-video-preview:-1\" \/>\n<link rel=\"canonical\" href=\"https:\/\/www.gaveanews.com\/index.php\/2024\/12\/10\/estevao-do-palmeiras-revela-conversa-com-thiago-silva-do-fluminense\/\" \/>\n<meta property=\"og:locale\" content=\"pt_BR\" \/>\n<meta property=\"og:type\" content=\"article\" \/>\n<meta property=\"og:title\" content=\"Est\u00eav\u00e3o, do Palmeiras, revela conversa com Thiago Silva, do Fluminense\" \/>\n<meta property=\"og:description\" content=\"Est\u00eav\u00e3o revela contato com jogadores do Chelsea e expectativa para nova fase no futebol europeu Negociado com o Chelsea, o jovem Est\u00eav\u00e3o, destaque do Palmeiras na temporada 2024, j\u00e1 est\u00e1 se preparando para sua nova etapa na Europa. O atacante, que deixar\u00e1 o clube paulista no segundo semestre de 2025, aproveitou a cerim\u00f4nia do Pr\u00eamio [&hellip;]\" \/>\n<meta property=\"og:url\" content=\"https:\/\/www.gaveanews.com\/index.php\/2024\/12\/10\/estevao-do-palmeiras-revela-conversa-com-thiago-silva-do-fluminense\/\" \/>\n<meta property=\"og:site_name\" content=\"G\u00e1vea News\" \/>\n<meta property=\"article:publisher\" content=\"https:\/\/facebook.com\/gaveaNews\/\" \/>\n<meta property=\"article:published_time\" content=\"2024-12-11T00:05:00+00:00\" \/>\n<meta property=\"og:image\" content=\"https:\/\/www.gaveanews.com\/wp-content\/uploads\/Estevao-durante-o-jogo-entre-Botafogo-x-Palmeiras-pelo-Brasileirao-2024.webp\" \/>\n\t<meta property=\"og:image:width\" content=\"1245\" \/>\n\t<meta property=\"og:image:height\" content=\"1500\" \/>\n\t<meta property=\"og:image:type\" content=\"image\/jpeg\" \/>\n<meta name=\"author\" content=\"Geovanna Thomaz\" \/>\n<meta name=\"twitter:card\" content=\"summary_large_image\" \/>\n<meta name=\"twitter:label1\" content=\"Escrito por\" \/>\n\t<meta name=\"twitter:data1\" content=\"Geovanna Thomaz\" \/>\n\t<meta name=\"twitter:label2\" content=\"Est. tempo de leitura\" \/>\n\t<meta name=\"twitter:data2\" content=\"3 minutos\" \/>\n<script type=\"application\/ld+json\" class=\"yoast-schema-graph\">{\"@context\":\"https:\/\/schema.org\",\"@graph\":[{\"@type\":\"NewsArticle\",\"@id\":\"https:\/\/www.gaveanews.com\/index.php\/2024\/12\/10\/estevao-do-palmeiras-revela-conversa-com-thiago-silva-do-fluminense\/#article\",\"isPartOf\":{\"@id\":\"https:\/\/www.gaveanews.com\/index.php\/2024\/12\/10\/estevao-do-palmeiras-revela-conversa-com-thiago-silva-do-fluminense\/\"},\"author\":{\"name\":\"Geovanna Thomaz\",\"@id\":\"https:\/\/www.gaveanews.com\/#\/schema\/person\/f42654babcd2b2014a1a65af82b081f1\"},\"headline\":\"Est\u00eav\u00e3o, do Palmeiras, revela conversa com Thiago Silva, do Fluminense\",\"datePublished\":\"2024-12-11T00:05:00+00:00\",\"mainEntityOfPage\":{\"@id\":\"https:\/\/www.gaveanews.com\/index.php\/2024\/12\/10\/estevao-do-palmeiras-revela-conversa-com-thiago-silva-do-fluminense\/\"},\"wordCount\":440,\"commentCount\":0,\"image\":{\"@id\":\"https:\/\/www.gaveanews.com\/index.php\/2024\/12\/10\/estevao-do-palmeiras-revela-conversa-com-thiago-silva-do-fluminense\/#primaryimage\"},\"thumbnailUrl\":\"https:\/\/www.gaveanews.com\/wp-content\/uploads\/Estevao-durante-o-jogo-entre-Botafogo-x-Palmeiras-pelo-Brasileirao-2024.webp\",\"articleSection\":[\"Palmeiras\"],\"inLanguage\":\"pt-BR\",\"potentialAction\":[{\"@type\":\"CommentAction\",\"name\":\"Comment\",\"target\":[\"https:\/\/www.gaveanews.com\/index.php\/2024\/12\/10\/estevao-do-palmeiras-revela-conversa-com-thiago-silva-do-fluminense\/#respond\"]}],\"copyrightYear\":\"2024\",\"copyrightHolder\":{\"@id\":\"https:\/\/www.gaveanews.com\/#organization\"}},{\"@type\":\"WebPage\",\"@id\":\"https:\/\/www.gaveanews.com\/index.php\/2024\/12\/10\/estevao-do-palmeiras-revela-conversa-com-thiago-silva-do-fluminense\/\",\"url\":\"https:\/\/www.gaveanews.com\/index.php\/2024\/12\/10\/estevao-do-palmeiras-revela-conversa-com-thiago-silva-do-fluminense\/\",\"name\":\"Est\u00eav\u00e3o, do Palmeiras, revela conversa com Thiago Silva, do Fluminense\",\"isPartOf\":{\"@id\":\"https:\/\/www.gaveanews.com\/#website\"},\"primaryImageOfPage\":{\"@id\":\"https:\/\/www.gaveanews.com\/index.php\/2024\/12\/10\/estevao-do-palmeiras-revela-conversa-com-thiago-silva-do-fluminense\/#primaryimage\"},\"image\":{\"@id\":\"https:\/\/www.gaveanews.com\/index.php\/2024\/12\/10\/estevao-do-palmeiras-revela-conversa-com-thiago-silva-do-fluminense\/#primaryimage\"},\"thumbnailUrl\":\"https:\/\/www.gaveanews.com\/wp-content\/uploads\/Estevao-durante-o-jogo-entre-Botafogo-x-Palmeiras-pelo-Brasileirao-2024.webp\",\"datePublished\":\"2024-12-11T00:05:00+00:00\",\"author\":{\"@id\":\"https:\/\/www.gaveanews.com\/#\/schema\/person\/f42654babcd2b2014a1a65af82b081f1\"},\"breadcrumb\":{\"@id\":\"https:\/\/www.gaveanews.com\/index.php\/2024\/12\/10\/estevao-do-palmeiras-revela-conversa-com-thiago-silva-do-fluminense\/#breadcrumb\"},\"inLanguage\":\"pt-BR\",\"potentialAction\":[{\"@type\":\"ReadAction\",\"target\":[\"https:\/\/www.gaveanews.com\/index.php\/2024\/12\/10\/estevao-do-palmeiras-revela-conversa-com-thiago-silva-do-fluminense\/\"]}]},{\"@type\":\"ImageObject\",\"inLanguage\":\"pt-BR\",\"@id\":\"https:\/\/www.gaveanews.com\/index.php\/2024\/12\/10\/estevao-do-palmeiras-revela-conversa-com-thiago-silva-do-fluminense\/#primaryimage\",\"url\":\"https:\/\/www.gaveanews.com\/wp-content\/uploads\/Estevao-durante-o-jogo-entre-Botafogo-x-Palmeiras-pelo-Brasileirao-2024.webp\",\"contentUrl\":\"https:\/\/www.gaveanews.com\/wp-content\/uploads\/Estevao-durante-o-jogo-entre-Botafogo-x-Palmeiras-pelo-Brasileirao-2024.webp\",\"width\":1245,\"height\":1500,\"caption\":\"Est\u00eav\u00e3o durante o jogo entre Botafogo x Palmeiras pelo Brasileir\u00e3o 2024 (Foto: Cesar Greco\/Palmeiras)\"},{\"@type\":\"BreadcrumbList\",\"@id\":\"https:\/\/www.gaveanews.com\/index.php\/2024\/12\/10\/estevao-do-palmeiras-revela-conversa-com-thiago-silva-do-fluminense\/#breadcrumb\",\"itemListElement\":[{\"@type\":\"ListItem\",\"position\":1,\"name\":\"Home\",\"item\":\"https:\/\/www.gaveanews.com\/\"},{\"@type\":\"ListItem\",\"position\":2,\"name\":\"Est\u00eav\u00e3o, do Palmeiras, revela conversa com Thiago Silva, do Fluminense\"}]},{\"@type\":\"WebSite\",\"@id\":\"https:\/\/www.gaveanews.com\/#website\",\"url\":\"https:\/\/www.gaveanews.com\/\",\"name\":\"G\u00e1vea News\",\"description\":\"Veja todas as not\u00edcias sobre o Flamengo: Contrata\u00e7\u00f5es, categorias de base, resultados das partidas, tabela de classifica\u00e7\u00e3o, pr\u00f3ximos jogos!\",\"potentialAction\":[{\"@type\":\"SearchAction\",\"target\":{\"@type\":\"EntryPoint\",\"urlTemplate\":\"https:\/\/www.gaveanews.com\/?s={search_term_string}\"},\"query-input\":{\"@type\":\"PropertyValueSpecification\",\"valueRequired\":true,\"valueName\":\"search_term_string\"}}],\"inLanguage\":\"pt-BR\"},{\"@type\":\"Person\",\"@id\":\"https:\/\/www.gaveanews.com\/#\/schema\/person\/f42654babcd2b2014a1a65af82b081f1\",\"name\":\"Geovanna Thomaz\",\"image\":{\"@type\":\"ImageObject\",\"inLanguage\":\"pt-BR\",\"@id\":\"https:\/\/www.gaveanews.com\/#\/schema\/person\/image\/\",\"url\":\"https:\/\/secure.gravatar.com\/avatar\/4092073255489533afb558984b49b64268c47198af8623cc82a925ae9fb7118a?s=96&d=mm&r=g\",\"contentUrl\":\"https:\/\/secure.gravatar.com\/avatar\/4092073255489533afb558984b49b64268c47198af8623cc82a925ae9fb7118a?s=96&d=mm&r=g\",\"caption\":\"Geovanna Thomaz\"}}]}<\/script>\n<!-- \/ Yoast SEO Premium plugin. -->","yoast_head_json":{"title":"Est\u00eav\u00e3o, do Palmeiras, revela conversa com Thiago Silva, do Fluminense","robots":{"index":"index","follow":"follow","max-snippet":"max-snippet:-1","max-image-preview":"max-image-preview:large","max-video-preview":"max-video-preview:-1"},"canonical":"https:\/\/www.gaveanews.com\/index.php\/2024\/12\/10\/estevao-do-palmeiras-revela-conversa-com-thiago-silva-do-fluminense\/","og_locale":"pt_BR","og_type":"article","og_title":"Est\u00eav\u00e3o, do Palmeiras, revela conversa com Thiago Silva, do Fluminense","og_description":"Est\u00eav\u00e3o revela contato com jogadores do Chelsea e expectativa para nova fase no futebol europeu Negociado com o Chelsea, o jovem Est\u00eav\u00e3o, destaque do Palmeiras na temporada 2024, j\u00e1 est\u00e1 se preparando para sua nova etapa na Europa. O atacante, que deixar\u00e1 o clube paulista no segundo semestre de 2025, aproveitou a cerim\u00f4nia do Pr\u00eamio [&hellip;]","og_url":"https:\/\/www.gaveanews.com\/index.php\/2024\/12\/10\/estevao-do-palmeiras-revela-conversa-com-thiago-silva-do-fluminense\/","og_site_name":"G\u00e1vea News","article_publisher":"https:\/\/facebook.com\/gaveaNews\/","article_published_time":"2024-12-11T00:05:00+00:00","og_image":[{"width":1245,"height":1500,"url":"https:\/\/www.gaveanews.com\/wp-content\/uploads\/Estevao-durante-o-jogo-entre-Botafogo-x-Palmeiras-pelo-Brasileirao-2024.webp","type":"image\/jpeg"}],"author":"Geovanna Thomaz","twitter_card":"summary_large_image","twitter_misc":{"Escrito por":"Geovanna Thomaz","Est. tempo de leitura":"3 minutos"},"schema":{"@context":"https:\/\/schema.org","@graph":[{"@type":"NewsArticle","@id":"https:\/\/www.gaveanews.com\/index.php\/2024\/12\/10\/estevao-do-palmeiras-revela-conversa-com-thiago-silva-do-fluminense\/#article","isPartOf":{"@id":"https:\/\/www.gaveanews.com\/index.php\/2024\/12\/10\/estevao-do-palmeiras-revela-conversa-com-thiago-silva-do-fluminense\/"},"author":{"name":"Geovanna Thomaz","@id":"https:\/\/www.gaveanews.com\/#\/schema\/person\/f42654babcd2b2014a1a65af82b081f1"},"headline":"Est\u00eav\u00e3o, do Palmeiras, revela conversa com Thiago Silva, do Fluminense","datePublished":"2024-12-11T00:05:00+00:00","mainEntityOfPage":{"@id":"https:\/\/www.gaveanews.com\/index.php\/2024\/12\/10\/estevao-do-palmeiras-revela-conversa-com-thiago-silva-do-fluminense\/"},"wordCount":440,"commentCount":0,"image":{"@id":"https:\/\/www.gaveanews.com\/index.php\/2024\/12\/10\/estevao-do-palmeiras-revela-conversa-com-thiago-silva-do-fluminense\/#primaryimage"},"thumbnailUrl":"https:\/\/www.gaveanews.com\/wp-content\/uploads\/Estevao-durante-o-jogo-entre-Botafogo-x-Palmeiras-pelo-Brasileirao-2024.webp","articleSection":["Palmeiras"],"inLanguage":"pt-BR","potentialAction":[{"@type":"CommentAction","name":"Comment","target":["https:\/\/www.gaveanews.com\/index.php\/2024\/12\/10\/estevao-do-palmeiras-revela-conversa-com-thiago-silva-do-fluminense\/#respond"]}],"copyrightYear":"2024","copyrightHolder":{"@id":"https:\/\/www.gaveanews.com\/#organization"}},{"@type":"WebPage","@id":"https:\/\/www.gaveanews.com\/index.php\/2024\/12\/10\/estevao-do-palmeiras-revela-conversa-com-thiago-silva-do-fluminense\/","url":"https:\/\/www.gaveanews.com\/index.php\/2024\/12\/10\/estevao-do-palmeiras-revela-conversa-com-thiago-silva-do-fluminense\/","name":"Est\u00eav\u00e3o, do Palmeiras, revela conversa com Thiago Silva, do Fluminense","isPartOf":{"@id":"https:\/\/www.gaveanews.com\/#website"},"primaryImageOfPage":{"@id":"https:\/\/www.gaveanews.com\/index.php\/2024\/12\/10\/estevao-do-palmeiras-revela-conversa-com-thiago-silva-do-fluminense\/#primaryimage"},"image":{"@id":"https:\/\/www.gaveanews.com\/index.php\/2024\/12\/10\/estevao-do-palmeiras-revela-conversa-com-thiago-silva-do-fluminense\/#primaryimage"},"thumbnailUrl":"https:\/\/www.gaveanews.com\/wp-content\/uploads\/Estevao-durante-o-jogo-entre-Botafogo-x-Palmeiras-pelo-Brasileirao-2024.webp","datePublished":"2024-12-11T00:05:00+00:00","author":{"@id":"https:\/\/www.gaveanews.com\/#\/schema\/person\/f42654babcd2b2014a1a65af82b081f1"},"breadcrumb":{"@id":"https:\/\/www.gaveanews.com\/index.php\/2024\/12\/10\/estevao-do-palmeiras-revela-conversa-com-thiago-silva-do-fluminense\/#breadcrumb"},"inLanguage":"pt-BR","potentialAction":[{"@type":"ReadAction","target":["https:\/\/www.gaveanews.com\/index.php\/2024\/12\/10\/estevao-do-palmeiras-revela-conversa-com-thiago-silva-do-fluminense\/"]}]},{"@type":"ImageObject","inLanguage":"pt-BR","@id":"https:\/\/www.gaveanews.com\/index.php\/2024\/12\/10\/estevao-do-palmeiras-revela-conversa-com-thiago-silva-do-fluminense\/#primaryimage","url":"https:\/\/www.gaveanews.com\/wp-content\/uploads\/Estevao-durante-o-jogo-entre-Botafogo-x-Palmeiras-pelo-Brasileirao-2024.webp","contentUrl":"https:\/\/www.gaveanews.com\/wp-content\/uploads\/Estevao-durante-o-jogo-entre-Botafogo-x-Palmeiras-pelo-Brasileirao-2024.webp","width":1245,"height":1500,"caption":"Est\u00eav\u00e3o durante o jogo entre Botafogo x Palmeiras pelo Brasileir\u00e3o 2024 (Foto: Cesar Greco\/Palmeiras)"},{"@type":"BreadcrumbList","@id":"https:\/\/www.gaveanews.com\/index.php\/2024\/12\/10\/estevao-do-palmeiras-revela-conversa-com-thiago-silva-do-fluminense\/#breadcrumb","itemListElement":[{"@type":"ListItem","position":1,"name":"Home","item":"https:\/\/www.gaveanews.com\/"},{"@type":"ListItem","position":2,"name":"Est\u00eav\u00e3o, do Palmeiras, revela conversa com Thiago Silva, do Fluminense"}]},{"@type":"WebSite","@id":"https:\/\/www.gaveanews.com\/#website","url":"https:\/\/www.gaveanews.com\/","name":"G\u00e1vea News","description":"Veja todas as not\u00edcias sobre o Flamengo: Contrata\u00e7\u00f5es, categorias de base, resultados das partidas, tabela de classifica\u00e7\u00e3o, pr\u00f3ximos jogos!","potentialAction":[{"@type":"SearchAction","target":{"@type":"EntryPoint","urlTemplate":"https:\/\/www.gaveanews.com\/?s={search_term_string}"},"query-input":{"@type":"PropertyValueSpecification","valueRequired":true,"valueName":"search_term_string"}}],"inLanguage":"pt-BR"},{"@type":"Person","@id":"https:\/\/www.gaveanews.com\/#\/schema\/person\/f42654babcd2b2014a1a65af82b081f1","name":"Geovanna Thomaz","image":{"@type":"ImageObject","inLanguage":"pt-BR","@id":"https:\/\/www.gaveanews.com\/#\/schema\/person\/image\/","url":"https:\/\/secure.gravatar.com\/avatar\/4092073255489533afb558984b49b64268c47198af8623cc82a925ae9fb7118a?s=96&d=mm&r=g","contentUrl":"https:\/\/secure.gravatar.com\/avatar\/4092073255489533afb558984b49b64268c47198af8623cc82a925ae9fb7118a?s=96&d=mm&r=g","caption":"Geovanna Thomaz"}}]}},"_links":{"self":[{"href":"https:\/\/www.gaveanews.com\/index.php\/wp-json\/wp\/v2\/posts\/197100","targetHints":{"allow":["GET"]}}],"collection":[{"href":"https:\/\/www.gaveanews.com\/index.php\/wp-json\/wp\/v2\/posts"}],"about":[{"href":"https:\/\/www.gaveanews.com\/index.php\/wp-json\/wp\/v2\/types\/post"}],"author":[{"embeddable":true,"href":"https:\/\/www.gaveanews.com\/index.php\/wp-json\/wp\/v2\/users\/17"}],"replies":[{"embeddable":true,"href":"https:\/\/www.gaveanews.com\/index.php\/wp-json\/wp\/v2\/comments?post=197100"}],"version-history":[{"count":1,"href":"https:\/\/www.gaveanews.com\/index.php\/wp-json\/wp\/v2\/posts\/197100\/revisions"}],"predecessor-version":[{"id":197105,"href":"https:\/\/www.gaveanews.com\/index.php\/wp-json\/wp\/v2\/posts\/197100\/revisions\/197105"}],"wp:featuredmedia":[{"embeddable":true,"href":"https:\/\/www.gaveanews.com\/index.php\/wp-json\/wp\/v2\/media\/153086"}],"wp:attachment":[{"href":"https:\/\/www.gaveanews.com\/index.php\/wp-json\/wp\/v2\/media?parent=197100"}],"wp:term":[{"taxonomy":"category","embeddable":true,"href":"https:\/\/www.gaveanews.com\/index.php\/wp-json\/wp\/v2\/categories?post=197100"},{"taxonomy":"post_tag","embeddable":true,"href":"https:\/\/www.gaveanews.com\/index.php\/wp-json\/wp\/v2\/tags?post=197100"}],"curies":[{"name":"wp","href":"https:\/\/api.w.org\/{rel}","templated":true}]}}