{"id":197181,"date":"2024-12-10T16:40:00","date_gmt":"2024-12-10T19:40:00","guid":{"rendered":"https:\/\/www.gaveanews.com\/?p=197181"},"modified":"2024-12-10T16:10:34","modified_gmt":"2024-12-10T19:10:34","slug":"declaracao-de-mbappe-desfalque-importante-e-selecao-ideal-de-2024-as-ultimas-noticias-do-real-madrid","status":"publish","type":"post","link":"https:\/\/www.gaveanews.com\/index.php\/2024\/12\/10\/declaracao-de-mbappe-desfalque-importante-e-selecao-ideal-de-2024-as-ultimas-noticias-do-real-madrid\/","title":{"rendered":"Declara\u00e7\u00e3o de Mbapp\u00e9, desfalque importante e sele\u00e7\u00e3o ideal de 2024: as \u00faltimas not\u00edcias do Real Madrid"},"content":{"rendered":"\n<p>Nas \u00faltimas horas, o foco das not\u00edcias sobre o Real Madrid se concentram nos bastidores do clube, com destaques como o desfalque importante e sele\u00e7\u00e3o ideal de 2024.<\/p>\n\n\n\n<p>Por conta deste contexto, leia abaixo um resumo preparado pela equipe do portal G\u00e1vea News para lhe manter muito bem informado!<\/p>\n\n\n\n<h2 class=\"wp-block-heading\" id=\"h-selecao-ideal-de-2024\">Sele\u00e7\u00e3o ideal de 2024<\/h2>\n\n\n\n<p>A FIFPRO anunciou a sele\u00e7\u00e3o ideal de 2024, destacando os melhores jogadores da temporada 2023\/24. Entre os 11 escolhidos, est\u00e3o dois brasileiros: Ederson, goleiro do Manchester City, e Vin\u00edcius Jr., atacante do Real Madrid. Ambos tiveram atua\u00e7\u00f5es de destaque e foram reconhecidos por seus colegas de profiss\u00e3o em uma vota\u00e7\u00e3o que envolveu mais de 21 mil atletas de 70 pa\u00edses. A sele\u00e7\u00e3o reflete o desempenho excepcional de clubes como Real Madrid, vencedor da Liga dos Campe\u00f5es, e Manchester City, um dos grandes destaques do futebol mundial no per\u00edodo. <\/p>\n\n\n\n<figure class=\"wp-block-image size-large\"><img loading=\"lazy\" decoding=\"async\" width=\"1024\" height=\"576\" src=\"https:\/\/www.gaveanews.com\/wp-content\/uploads\/vinicius-junior-hat-trick-real-madrid-barcelona-1024x576.webp\" alt=\"\" class=\"wp-image-131354\" srcset=\"https:\/\/www.gaveanews.com\/wp-content\/uploads\/vinicius-junior-hat-trick-real-madrid-barcelona-1024x576.webp 1024w, https:\/\/www.gaveanews.com\/wp-content\/uploads\/vinicius-junior-hat-trick-real-madrid-barcelona-300x169.webp 300w, https:\/\/www.gaveanews.com\/wp-content\/uploads\/vinicius-junior-hat-trick-real-madrid-barcelona-768x432.webp 768w, https:\/\/www.gaveanews.com\/wp-content\/uploads\/vinicius-junior-hat-trick-real-madrid-barcelona-747x420.webp 747w, https:\/\/www.gaveanews.com\/wp-content\/uploads\/vinicius-junior-hat-trick-real-madrid-barcelona-640x360.webp 640w, https:\/\/www.gaveanews.com\/wp-content\/uploads\/vinicius-junior-hat-trick-real-madrid-barcelona-681x383.webp 681w, https:\/\/www.gaveanews.com\/wp-content\/uploads\/vinicius-junior-hat-trick-real-madrid-barcelona-100x56.webp 100w, https:\/\/www.gaveanews.com\/wp-content\/uploads\/vinicius-junior-hat-trick-real-madrid-barcelona.webp 1080w\" sizes=\"auto, (max-width: 1024px) 100vw, 1024px\" \/><figcaption class=\"wp-element-caption\">Vin\u00edcius J\u00fanior comemora gol marcado contra o Barcelona (Foto: Reprodu\u00e7\u00e3o\/Real Madrid)<\/figcaption><\/figure>\n\n\n\n<p>A equipe ideal conta com Ederson como goleiro, enquanto a defesa inclui Carvajal, R\u00fcdiger e Van Dijk. No meio-campo, foram eleitos Rodri, Kroos e De Bruyne, acompanhados pelos atacantes Haaland, Mbapp\u00e9 e Vin\u00edcius Jr. <\/p>\n\n\n\n<p>Os crit\u00e9rios da vota\u00e7\u00e3o consideraram o desempenho entre agosto de 2023 e julho de 2024, valorizando jogadores que se destacaram em suas posi\u00e7\u00f5es. A presen\u00e7a de Vin\u00edcius Jr. e Ederson reflete o reconhecimento do talento brasileiro no cen\u00e1rio global.<\/p>\n\n\n\n<p>Com o Real Madrid e o Manchester City dominando a lista, a elei\u00e7\u00e3o da FIFPRO destaca o impacto desses clubes nas principais competi\u00e7\u00f5es. Enquanto o Real Madrid brilhou com conquistas como a Liga dos Campe\u00f5es, o Manchester City consolidou sua for\u00e7a em competi\u00e7\u00f5es internacionais. A sele\u00e7\u00e3o ideal \u00e9 um retrato da excel\u00eancia do futebol mundial, reconhecendo atletas que marcaram a temporada com desempenhos memor\u00e1veis.<\/p>\n\n\n\n<h2 class=\"wp-block-heading\" id=\"h-desfalque-importante\">Desfalque importante<\/h2>\n\n\n\n<p>O Real Madrid enfrentou o Girona no \u00faltimo s\u00e1bado (7) sem poder contar com o atacante Rodrygo, que sentiu dores na coxa esquerda. O desfalque preocupou o t\u00e9cnico Carlo Ancelotti, especialmente devido \u00e0 aus\u00eancia de outros jogadores importantes, como Vin\u00edcius Jr. No entanto, Rodrygo voltou a treinar normalmente no dia seguinte, indicando que o problema n\u00e3o \u00e9 grave e que ele poder\u00e1 estar dispon\u00edvel para a pr\u00f3xima partida.<\/p>\n\n\n\n<figure class=\"wp-block-image size-full\"><img loading=\"lazy\" decoding=\"async\" width=\"846\" height=\"564\" src=\"https:\/\/www.gaveanews.com\/wp-content\/uploads\/rodrygo-real-madrid.webp\" alt=\"\" class=\"wp-image-94011\" srcset=\"https:\/\/www.gaveanews.com\/wp-content\/uploads\/rodrygo-real-madrid.webp 846w, https:\/\/www.gaveanews.com\/wp-content\/uploads\/rodrygo-real-madrid-300x200.webp 300w, https:\/\/www.gaveanews.com\/wp-content\/uploads\/rodrygo-real-madrid-768x512.webp 768w, https:\/\/www.gaveanews.com\/wp-content\/uploads\/rodrygo-real-madrid-630x420.webp 630w, https:\/\/www.gaveanews.com\/wp-content\/uploads\/rodrygo-real-madrid-640x427.webp 640w, https:\/\/www.gaveanews.com\/wp-content\/uploads\/rodrygo-real-madrid-681x454.webp 681w, https:\/\/www.gaveanews.com\/wp-content\/uploads\/rodrygo-real-madrid-100x67.webp 100w\" sizes=\"auto, (max-width: 846px) 100vw, 846px\" \/><figcaption class=\"wp-element-caption\">Rodrygo em a\u00e7\u00e3o pelo Real Madrid no Mundial de Clubes (Foto: KHALED DESOUKI\/AFP)<\/figcaption><\/figure>\n\n\n\n<p>Na atual temporada, Rodrygo tem sofrido com recorrentes problemas f\u00edsicos, o que o afastou de jogos cruciais, como o &#8220;El Cl\u00e1sico&#8221; contra o Barcelona e o duelo contra o Liverpool pela Liga dos Campe\u00f5es, ambos com derrotas do Real Madrid. Ele tamb\u00e9m foi cortado da sele\u00e7\u00e3o brasileira em partidas das Eliminat\u00f3rias, o que reflete um per\u00edodo marcado por dificuldades f\u00edsicas e aus\u00eancia em momentos importantes para o clube e a sele\u00e7\u00e3o.<\/p>\n\n\n\n<p>O Real Madrid enfrenta a Atalanta nesta ter\u00e7a-feira (10), pela sexta rodada da Uefa Champions League, precisando de um bom resultado para melhorar sua situa\u00e7\u00e3o no grupo. No entanto, o time merengue tem outro desafio: a les\u00e3o muscular do lateral-esquerdo Ferland Mendy, que dever\u00e1 ficar fora por um per\u00edodo ainda n\u00e3o divulgado. Enquanto isso, o retorno de Rodrygo surge como uma esperan\u00e7a para ajudar a equipe em um momento de instabilidade no cen\u00e1rio europeu.<\/p>\n\n\n\n<h2 class=\"wp-block-heading\" id=\"h-declaracao-de-mbappe\">Declara\u00e7\u00e3o de Mbapp\u00e9<\/h2>\n\n\n\n<p>Vivendo uma fase abaixo das expectativas no Real Madrid, Kylian Mbapp\u00e9 reconheceu as dificuldades em sua adapta\u00e7\u00e3o, mas prometeu dar a volta por cima na segunda metade da temporada. Em entrevista, o atacante franc\u00eas admitiu que o in\u00edcio no clube merengue n\u00e3o foi dos melhores, mas destacou que est\u00e1 focado em conquistar trof\u00e9us com a equipe. Para ele, o verdadeiro julgamento de sua passagem pelo Real acontecer\u00e1 ao final da temporada, quando espera reencontrar seu melhor desempenho, similar ao que demonstrava no PSG <strong><a href=\"https:\/\/www.gaveanews.com\/index.php\/2024\/12\/09\/a-declaracao-de-mbappe-sobre-ma-fase-no-real-madrid\/\">(leia a mat\u00e9ria completa).<\/a><\/strong><\/p>\n\n\n\n<figure class=\"wp-block-image size-large\"><img loading=\"lazy\" decoding=\"async\" width=\"1024\" height=\"769\" src=\"https:\/\/www.gaveanews.com\/wp-content\/uploads\/Kylian-Mbappe-com-a-camisa-do-Real-Madrid-em-2024-1024x769.webp\" alt=\"\" class=\"wp-image-158543\" srcset=\"https:\/\/www.gaveanews.com\/wp-content\/uploads\/Kylian-Mbappe-com-a-camisa-do-Real-Madrid-em-2024-1024x769.webp 1024w, https:\/\/www.gaveanews.com\/wp-content\/uploads\/Kylian-Mbappe-com-a-camisa-do-Real-Madrid-em-2024-300x225.webp 300w, https:\/\/www.gaveanews.com\/wp-content\/uploads\/Kylian-Mbappe-com-a-camisa-do-Real-Madrid-em-2024-768x577.webp 768w, https:\/\/www.gaveanews.com\/wp-content\/uploads\/Kylian-Mbappe-com-a-camisa-do-Real-Madrid-em-2024-559x420.webp 559w, https:\/\/www.gaveanews.com\/wp-content\/uploads\/Kylian-Mbappe-com-a-camisa-do-Real-Madrid-em-2024-1119x840.webp 1119w, https:\/\/www.gaveanews.com\/wp-content\/uploads\/Kylian-Mbappe-com-a-camisa-do-Real-Madrid-em-2024-80x60.webp 80w, https:\/\/www.gaveanews.com\/wp-content\/uploads\/Kylian-Mbappe-com-a-camisa-do-Real-Madrid-em-2024-160x120.webp 160w, https:\/\/www.gaveanews.com\/wp-content\/uploads\/Kylian-Mbappe-com-a-camisa-do-Real-Madrid-em-2024-100x75.webp 100w, https:\/\/www.gaveanews.com\/wp-content\/uploads\/Kylian-Mbappe-com-a-camisa-do-Real-Madrid-em-2024-200x150.webp 200w, https:\/\/www.gaveanews.com\/wp-content\/uploads\/Kylian-Mbappe-com-a-camisa-do-Real-Madrid-em-2024-180x135.webp 180w, https:\/\/www.gaveanews.com\/wp-content\/uploads\/Kylian-Mbappe-com-a-camisa-do-Real-Madrid-em-2024-360x270.webp 360w, https:\/\/www.gaveanews.com\/wp-content\/uploads\/Kylian-Mbappe-com-a-camisa-do-Real-Madrid-em-2024-238x178.webp 238w, https:\/\/www.gaveanews.com\/wp-content\/uploads\/Kylian-Mbappe-com-a-camisa-do-Real-Madrid-em-2024-476x356.webp 476w, https:\/\/www.gaveanews.com\/wp-content\/uploads\/Kylian-Mbappe-com-a-camisa-do-Real-Madrid-em-2024-640x481.webp 640w, https:\/\/www.gaveanews.com\/wp-content\/uploads\/Kylian-Mbappe-com-a-camisa-do-Real-Madrid-em-2024-681x511.webp 681w, https:\/\/www.gaveanews.com\/wp-content\/uploads\/Kylian-Mbappe-com-a-camisa-do-Real-Madrid-em-2024.webp 1208w\" sizes=\"auto, (max-width: 1024px) 100vw, 1024px\" \/><figcaption class=\"wp-element-caption\">Kylian Mbapp\u00e9 com a camisa do Real Madrid em 2024 (Foto: Reprodu\u00e7\u00e3o\/Real Madrid)<\/figcaption><\/figure>\n\n\n\n<p>Mbapp\u00e9 tamb\u00e9m abriu o cora\u00e7\u00e3o sobre sua rela\u00e7\u00e3o com o PSG, revelando que permaneceu no clube parisiense anteriormente para apoiar seu irm\u00e3o, Ethan, a continuar sua carreira no futebol. Ele admitiu que sacrificou seu sonho de atuar pelo Real Madrid por conta disso, evidenciando o v\u00ednculo familiar. Al\u00e9m disso, o jogador comentou que, enquanto joga pelo Real, n\u00e3o torce pelo PSG conquistar a Champions League, pois deseja ganhar o t\u00edtulo pessoalmente antes de ver sua antiga equipe triunfar.<\/p>\n\n\n\n<p>O Real Madrid, que passa por uma temporada de altos e baixos, retorna aos gramados para enfrentar a Atalanta pela Champions League, seguido de um confronto contra o Rayo Vallecano na La Liga. O clube tamb\u00e9m j\u00e1 est\u00e1 garantido na final da Copa Intercontinental no Catar, aguardando o vencedor da semifinal entre Al Ahly, Pachuca e Botafogo. A fase decisiva da temporada ser\u00e1 crucial para Mbapp\u00e9 e o Real Madrid reafirmarem sua ambi\u00e7\u00e3o e conquistarem t\u00edtulos importantes.<\/p>\n","protected":false},"excerpt":{"rendered":"<p>Nas \u00faltimas horas, o foco das not\u00edcias sobre o Real Madrid se concentram nos bastidores do clube, com destaques como o desfalque importante e sele\u00e7\u00e3o ideal de 2024. Por conta deste contexto, leia abaixo um resumo preparado pela equipe do portal G\u00e1vea News para lhe manter muito bem informado! Sele\u00e7\u00e3o ideal de 2024 A FIFPRO [&hellip;]<\/p>\n","protected":false},"author":27,"featured_media":124645,"comment_status":"open","ping_status":"closed","sticky":false,"template":"","format":"standard","meta":{"footnotes":""},"categories":[88],"tags":[],"class_list":["post-197181","post","type-post","status-publish","format-standard","has-post-thumbnail","hentry","category-real-madrid"],"yoast_head":"<!-- This site is optimized with the Yoast SEO Premium plugin v24.2 (Yoast SEO v26.9) - https:\/\/yoast.com\/product\/yoast-seo-premium-wordpress\/ -->\n<title>Declara\u00e7\u00e3o de Mbapp\u00e9, desfalque importante e sele\u00e7\u00e3o ideal de 2024: as \u00faltimas not\u00edcias do Real Madrid<\/title>\n<meta name=\"robots\" content=\"index, follow, max-snippet:-1, max-image-preview:large, max-video-preview:-1\" \/>\n<link rel=\"canonical\" href=\"https:\/\/www.gaveanews.com\/index.php\/2024\/12\/10\/declaracao-de-mbappe-desfalque-importante-e-selecao-ideal-de-2024-as-ultimas-noticias-do-real-madrid\/\" \/>\n<meta property=\"og:locale\" content=\"pt_BR\" \/>\n<meta property=\"og:type\" content=\"article\" \/>\n<meta property=\"og:title\" content=\"Declara\u00e7\u00e3o de Mbapp\u00e9, desfalque importante e sele\u00e7\u00e3o ideal de 2024: as \u00faltimas not\u00edcias do Real Madrid\" \/>\n<meta property=\"og:description\" content=\"Nas \u00faltimas horas, o foco das not\u00edcias sobre o Real Madrid se concentram nos bastidores do clube, com destaques como o desfalque importante e sele\u00e7\u00e3o ideal de 2024. Por conta deste contexto, leia abaixo um resumo preparado pela equipe do portal G\u00e1vea News para lhe manter muito bem informado! Sele\u00e7\u00e3o ideal de 2024 A FIFPRO [&hellip;]\" \/>\n<meta property=\"og:url\" content=\"https:\/\/www.gaveanews.com\/index.php\/2024\/12\/10\/declaracao-de-mbappe-desfalque-importante-e-selecao-ideal-de-2024-as-ultimas-noticias-do-real-madrid\/\" \/>\n<meta property=\"og:site_name\" content=\"G\u00e1vea News\" \/>\n<meta property=\"article:publisher\" content=\"https:\/\/facebook.com\/gaveaNews\/\" \/>\n<meta property=\"article:published_time\" content=\"2024-12-10T19:40:00+00:00\" \/>\n<meta property=\"og:image\" content=\"https:\/\/www.gaveanews.com\/wp-content\/uploads\/realmadrid.webp\" \/>\n\t<meta property=\"og:image:width\" content=\"1200\" \/>\n\t<meta property=\"og:image:height\" content=\"900\" \/>\n\t<meta property=\"og:image:type\" content=\"image\/jpeg\" \/>\n<meta name=\"author\" content=\"Matheus Felipe\" \/>\n<meta name=\"twitter:card\" content=\"summary_large_image\" \/>\n<meta name=\"twitter:label1\" content=\"Escrito por\" \/>\n\t<meta name=\"twitter:data1\" content=\"Matheus Felipe\" \/>\n\t<meta name=\"twitter:label2\" content=\"Est. tempo de leitura\" \/>\n\t<meta name=\"twitter:data2\" content=\"6 minutos\" \/>\n<script type=\"application\/ld+json\" class=\"yoast-schema-graph\">{\"@context\":\"https:\/\/schema.org\",\"@graph\":[{\"@type\":\"NewsArticle\",\"@id\":\"https:\/\/www.gaveanews.com\/index.php\/2024\/12\/10\/declaracao-de-mbappe-desfalque-importante-e-selecao-ideal-de-2024-as-ultimas-noticias-do-real-madrid\/#article\",\"isPartOf\":{\"@id\":\"https:\/\/www.gaveanews.com\/index.php\/2024\/12\/10\/declaracao-de-mbappe-desfalque-importante-e-selecao-ideal-de-2024-as-ultimas-noticias-do-real-madrid\/\"},\"author\":{\"name\":\"Matheus Felipe\",\"@id\":\"https:\/\/www.gaveanews.com\/#\/schema\/person\/8207cd4627f56151707418bfc835b2fb\"},\"headline\":\"Declara\u00e7\u00e3o de Mbapp\u00e9, desfalque importante e sele\u00e7\u00e3o ideal de 2024: as \u00faltimas not\u00edcias do Real Madrid\",\"datePublished\":\"2024-12-10T19:40:00+00:00\",\"mainEntityOfPage\":{\"@id\":\"https:\/\/www.gaveanews.com\/index.php\/2024\/12\/10\/declaracao-de-mbappe-desfalque-importante-e-selecao-ideal-de-2024-as-ultimas-noticias-do-real-madrid\/\"},\"wordCount\":858,\"commentCount\":0,\"image\":{\"@id\":\"https:\/\/www.gaveanews.com\/index.php\/2024\/12\/10\/declaracao-de-mbappe-desfalque-importante-e-selecao-ideal-de-2024-as-ultimas-noticias-do-real-madrid\/#primaryimage\"},\"thumbnailUrl\":\"https:\/\/www.gaveanews.com\/wp-content\/uploads\/realmadrid.webp\",\"articleSection\":[\"Real Madrid\"],\"inLanguage\":\"pt-BR\",\"potentialAction\":[{\"@type\":\"CommentAction\",\"name\":\"Comment\",\"target\":[\"https:\/\/www.gaveanews.com\/index.php\/2024\/12\/10\/declaracao-de-mbappe-desfalque-importante-e-selecao-ideal-de-2024-as-ultimas-noticias-do-real-madrid\/#respond\"]}],\"copyrightYear\":\"2024\",\"copyrightHolder\":{\"@id\":\"https:\/\/www.gaveanews.com\/#organization\"}},{\"@type\":\"WebPage\",\"@id\":\"https:\/\/www.gaveanews.com\/index.php\/2024\/12\/10\/declaracao-de-mbappe-desfalque-importante-e-selecao-ideal-de-2024-as-ultimas-noticias-do-real-madrid\/\",\"url\":\"https:\/\/www.gaveanews.com\/index.php\/2024\/12\/10\/declaracao-de-mbappe-desfalque-importante-e-selecao-ideal-de-2024-as-ultimas-noticias-do-real-madrid\/\",\"name\":\"Declara\u00e7\u00e3o de Mbapp\u00e9, desfalque importante e sele\u00e7\u00e3o ideal de 2024: as \u00faltimas not\u00edcias do Real Madrid\",\"isPartOf\":{\"@id\":\"https:\/\/www.gaveanews.com\/#website\"},\"primaryImageOfPage\":{\"@id\":\"https:\/\/www.gaveanews.com\/index.php\/2024\/12\/10\/declaracao-de-mbappe-desfalque-importante-e-selecao-ideal-de-2024-as-ultimas-noticias-do-real-madrid\/#primaryimage\"},\"image\":{\"@id\":\"https:\/\/www.gaveanews.com\/index.php\/2024\/12\/10\/declaracao-de-mbappe-desfalque-importante-e-selecao-ideal-de-2024-as-ultimas-noticias-do-real-madrid\/#primaryimage\"},\"thumbnailUrl\":\"https:\/\/www.gaveanews.com\/wp-content\/uploads\/realmadrid.webp\",\"datePublished\":\"2024-12-10T19:40:00+00:00\",\"author\":{\"@id\":\"https:\/\/www.gaveanews.com\/#\/schema\/person\/8207cd4627f56151707418bfc835b2fb\"},\"breadcrumb\":{\"@id\":\"https:\/\/www.gaveanews.com\/index.php\/2024\/12\/10\/declaracao-de-mbappe-desfalque-importante-e-selecao-ideal-de-2024-as-ultimas-noticias-do-real-madrid\/#breadcrumb\"},\"inLanguage\":\"pt-BR\",\"potentialAction\":[{\"@type\":\"ReadAction\",\"target\":[\"https:\/\/www.gaveanews.com\/index.php\/2024\/12\/10\/declaracao-de-mbappe-desfalque-importante-e-selecao-ideal-de-2024-as-ultimas-noticias-do-real-madrid\/\"]}]},{\"@type\":\"ImageObject\",\"inLanguage\":\"pt-BR\",\"@id\":\"https:\/\/www.gaveanews.com\/index.php\/2024\/12\/10\/declaracao-de-mbappe-desfalque-importante-e-selecao-ideal-de-2024-as-ultimas-noticias-do-real-madrid\/#primaryimage\",\"url\":\"https:\/\/www.gaveanews.com\/wp-content\/uploads\/realmadrid.webp\",\"contentUrl\":\"https:\/\/www.gaveanews.com\/wp-content\/uploads\/realmadrid.webp\",\"width\":1200,\"height\":900,\"caption\":\"Escudo do Real Madrid (Foto: Reprodu\u00e7\u00e3o)\"},{\"@type\":\"BreadcrumbList\",\"@id\":\"https:\/\/www.gaveanews.com\/index.php\/2024\/12\/10\/declaracao-de-mbappe-desfalque-importante-e-selecao-ideal-de-2024-as-ultimas-noticias-do-real-madrid\/#breadcrumb\",\"itemListElement\":[{\"@type\":\"ListItem\",\"position\":1,\"name\":\"Home\",\"item\":\"https:\/\/www.gaveanews.com\/\"},{\"@type\":\"ListItem\",\"position\":2,\"name\":\"Declara\u00e7\u00e3o de Mbapp\u00e9, desfalque importante e sele\u00e7\u00e3o ideal de 2024: as \u00faltimas not\u00edcias do Real Madrid\"}]},{\"@type\":\"WebSite\",\"@id\":\"https:\/\/www.gaveanews.com\/#website\",\"url\":\"https:\/\/www.gaveanews.com\/\",\"name\":\"G\u00e1vea News\",\"description\":\"Veja todas as not\u00edcias sobre o Flamengo: Contrata\u00e7\u00f5es, categorias de base, resultados das partidas, tabela de classifica\u00e7\u00e3o, pr\u00f3ximos jogos!\",\"potentialAction\":[{\"@type\":\"SearchAction\",\"target\":{\"@type\":\"EntryPoint\",\"urlTemplate\":\"https:\/\/www.gaveanews.com\/?s={search_term_string}\"},\"query-input\":{\"@type\":\"PropertyValueSpecification\",\"valueRequired\":true,\"valueName\":\"search_term_string\"}}],\"inLanguage\":\"pt-BR\"},{\"@type\":\"Person\",\"@id\":\"https:\/\/www.gaveanews.com\/#\/schema\/person\/8207cd4627f56151707418bfc835b2fb\",\"name\":\"Matheus Felipe\",\"image\":{\"@type\":\"ImageObject\",\"inLanguage\":\"pt-BR\",\"@id\":\"https:\/\/www.gaveanews.com\/#\/schema\/person\/image\/\",\"url\":\"https:\/\/secure.gravatar.com\/avatar\/a452ffbed9130f726358b298bb3a99ce4bd3c5338411f8440e87e14d74c7c087?s=96&d=mm&r=g\",\"contentUrl\":\"https:\/\/secure.gravatar.com\/avatar\/a452ffbed9130f726358b298bb3a99ce4bd3c5338411f8440e87e14d74c7c087?s=96&d=mm&r=g\",\"caption\":\"Matheus Felipe\"}}]}<\/script>\n<!-- \/ Yoast SEO Premium plugin. -->","yoast_head_json":{"title":"Declara\u00e7\u00e3o de Mbapp\u00e9, desfalque importante e sele\u00e7\u00e3o ideal de 2024: as \u00faltimas not\u00edcias do Real Madrid","robots":{"index":"index","follow":"follow","max-snippet":"max-snippet:-1","max-image-preview":"max-image-preview:large","max-video-preview":"max-video-preview:-1"},"canonical":"https:\/\/www.gaveanews.com\/index.php\/2024\/12\/10\/declaracao-de-mbappe-desfalque-importante-e-selecao-ideal-de-2024-as-ultimas-noticias-do-real-madrid\/","og_locale":"pt_BR","og_type":"article","og_title":"Declara\u00e7\u00e3o de Mbapp\u00e9, desfalque importante e sele\u00e7\u00e3o ideal de 2024: as \u00faltimas not\u00edcias do Real Madrid","og_description":"Nas \u00faltimas horas, o foco das not\u00edcias sobre o Real Madrid se concentram nos bastidores do clube, com destaques como o desfalque importante e sele\u00e7\u00e3o ideal de 2024. Por conta deste contexto, leia abaixo um resumo preparado pela equipe do portal G\u00e1vea News para lhe manter muito bem informado! Sele\u00e7\u00e3o ideal de 2024 A FIFPRO [&hellip;]","og_url":"https:\/\/www.gaveanews.com\/index.php\/2024\/12\/10\/declaracao-de-mbappe-desfalque-importante-e-selecao-ideal-de-2024-as-ultimas-noticias-do-real-madrid\/","og_site_name":"G\u00e1vea News","article_publisher":"https:\/\/facebook.com\/gaveaNews\/","article_published_time":"2024-12-10T19:40:00+00:00","og_image":[{"width":1200,"height":900,"url":"https:\/\/www.gaveanews.com\/wp-content\/uploads\/realmadrid.webp","type":"image\/jpeg"}],"author":"Matheus Felipe","twitter_card":"summary_large_image","twitter_misc":{"Escrito por":"Matheus Felipe","Est. tempo de leitura":"6 minutos"},"schema":{"@context":"https:\/\/schema.org","@graph":[{"@type":"NewsArticle","@id":"https:\/\/www.gaveanews.com\/index.php\/2024\/12\/10\/declaracao-de-mbappe-desfalque-importante-e-selecao-ideal-de-2024-as-ultimas-noticias-do-real-madrid\/#article","isPartOf":{"@id":"https:\/\/www.gaveanews.com\/index.php\/2024\/12\/10\/declaracao-de-mbappe-desfalque-importante-e-selecao-ideal-de-2024-as-ultimas-noticias-do-real-madrid\/"},"author":{"name":"Matheus Felipe","@id":"https:\/\/www.gaveanews.com\/#\/schema\/person\/8207cd4627f56151707418bfc835b2fb"},"headline":"Declara\u00e7\u00e3o de Mbapp\u00e9, desfalque importante e sele\u00e7\u00e3o ideal de 2024: as \u00faltimas not\u00edcias do Real Madrid","datePublished":"2024-12-10T19:40:00+00:00","mainEntityOfPage":{"@id":"https:\/\/www.gaveanews.com\/index.php\/2024\/12\/10\/declaracao-de-mbappe-desfalque-importante-e-selecao-ideal-de-2024-as-ultimas-noticias-do-real-madrid\/"},"wordCount":858,"commentCount":0,"image":{"@id":"https:\/\/www.gaveanews.com\/index.php\/2024\/12\/10\/declaracao-de-mbappe-desfalque-importante-e-selecao-ideal-de-2024-as-ultimas-noticias-do-real-madrid\/#primaryimage"},"thumbnailUrl":"https:\/\/www.gaveanews.com\/wp-content\/uploads\/realmadrid.webp","articleSection":["Real Madrid"],"inLanguage":"pt-BR","potentialAction":[{"@type":"CommentAction","name":"Comment","target":["https:\/\/www.gaveanews.com\/index.php\/2024\/12\/10\/declaracao-de-mbappe-desfalque-importante-e-selecao-ideal-de-2024-as-ultimas-noticias-do-real-madrid\/#respond"]}],"copyrightYear":"2024","copyrightHolder":{"@id":"https:\/\/www.gaveanews.com\/#organization"}},{"@type":"WebPage","@id":"https:\/\/www.gaveanews.com\/index.php\/2024\/12\/10\/declaracao-de-mbappe-desfalque-importante-e-selecao-ideal-de-2024-as-ultimas-noticias-do-real-madrid\/","url":"https:\/\/www.gaveanews.com\/index.php\/2024\/12\/10\/declaracao-de-mbappe-desfalque-importante-e-selecao-ideal-de-2024-as-ultimas-noticias-do-real-madrid\/","name":"Declara\u00e7\u00e3o de Mbapp\u00e9, desfalque importante e sele\u00e7\u00e3o ideal de 2024: as \u00faltimas not\u00edcias do Real Madrid","isPartOf":{"@id":"https:\/\/www.gaveanews.com\/#website"},"primaryImageOfPage":{"@id":"https:\/\/www.gaveanews.com\/index.php\/2024\/12\/10\/declaracao-de-mbappe-desfalque-importante-e-selecao-ideal-de-2024-as-ultimas-noticias-do-real-madrid\/#primaryimage"},"image":{"@id":"https:\/\/www.gaveanews.com\/index.php\/2024\/12\/10\/declaracao-de-mbappe-desfalque-importante-e-selecao-ideal-de-2024-as-ultimas-noticias-do-real-madrid\/#primaryimage"},"thumbnailUrl":"https:\/\/www.gaveanews.com\/wp-content\/uploads\/realmadrid.webp","datePublished":"2024-12-10T19:40:00+00:00","author":{"@id":"https:\/\/www.gaveanews.com\/#\/schema\/person\/8207cd4627f56151707418bfc835b2fb"},"breadcrumb":{"@id":"https:\/\/www.gaveanews.com\/index.php\/2024\/12\/10\/declaracao-de-mbappe-desfalque-importante-e-selecao-ideal-de-2024-as-ultimas-noticias-do-real-madrid\/#breadcrumb"},"inLanguage":"pt-BR","potentialAction":[{"@type":"ReadAction","target":["https:\/\/www.gaveanews.com\/index.php\/2024\/12\/10\/declaracao-de-mbappe-desfalque-importante-e-selecao-ideal-de-2024-as-ultimas-noticias-do-real-madrid\/"]}]},{"@type":"ImageObject","inLanguage":"pt-BR","@id":"https:\/\/www.gaveanews.com\/index.php\/2024\/12\/10\/declaracao-de-mbappe-desfalque-importante-e-selecao-ideal-de-2024-as-ultimas-noticias-do-real-madrid\/#primaryimage","url":"https:\/\/www.gaveanews.com\/wp-content\/uploads\/realmadrid.webp","contentUrl":"https:\/\/www.gaveanews.com\/wp-content\/uploads\/realmadrid.webp","width":1200,"height":900,"caption":"Escudo do Real Madrid (Foto: Reprodu\u00e7\u00e3o)"},{"@type":"BreadcrumbList","@id":"https:\/\/www.gaveanews.com\/index.php\/2024\/12\/10\/declaracao-de-mbappe-desfalque-importante-e-selecao-ideal-de-2024-as-ultimas-noticias-do-real-madrid\/#breadcrumb","itemListElement":[{"@type":"ListItem","position":1,"name":"Home","item":"https:\/\/www.gaveanews.com\/"},{"@type":"ListItem","position":2,"name":"Declara\u00e7\u00e3o de Mbapp\u00e9, desfalque importante e sele\u00e7\u00e3o ideal de 2024: as \u00faltimas not\u00edcias do Real Madrid"}]},{"@type":"WebSite","@id":"https:\/\/www.gaveanews.com\/#website","url":"https:\/\/www.gaveanews.com\/","name":"G\u00e1vea News","description":"Veja todas as not\u00edcias sobre o Flamengo: Contrata\u00e7\u00f5es, categorias de base, resultados das partidas, tabela de classifica\u00e7\u00e3o, pr\u00f3ximos jogos!","potentialAction":[{"@type":"SearchAction","target":{"@type":"EntryPoint","urlTemplate":"https:\/\/www.gaveanews.com\/?s={search_term_string}"},"query-input":{"@type":"PropertyValueSpecification","valueRequired":true,"valueName":"search_term_string"}}],"inLanguage":"pt-BR"},{"@type":"Person","@id":"https:\/\/www.gaveanews.com\/#\/schema\/person\/8207cd4627f56151707418bfc835b2fb","name":"Matheus Felipe","image":{"@type":"ImageObject","inLanguage":"pt-BR","@id":"https:\/\/www.gaveanews.com\/#\/schema\/person\/image\/","url":"https:\/\/secure.gravatar.com\/avatar\/a452ffbed9130f726358b298bb3a99ce4bd3c5338411f8440e87e14d74c7c087?s=96&d=mm&r=g","contentUrl":"https:\/\/secure.gravatar.com\/avatar\/a452ffbed9130f726358b298bb3a99ce4bd3c5338411f8440e87e14d74c7c087?s=96&d=mm&r=g","caption":"Matheus Felipe"}}]}},"_links":{"self":[{"href":"https:\/\/www.gaveanews.com\/index.php\/wp-json\/wp\/v2\/posts\/197181","targetHints":{"allow":["GET"]}}],"collection":[{"href":"https:\/\/www.gaveanews.com\/index.php\/wp-json\/wp\/v2\/posts"}],"about":[{"href":"https:\/\/www.gaveanews.com\/index.php\/wp-json\/wp\/v2\/types\/post"}],"author":[{"embeddable":true,"href":"https:\/\/www.gaveanews.com\/index.php\/wp-json\/wp\/v2\/users\/27"}],"replies":[{"embeddable":true,"href":"https:\/\/www.gaveanews.com\/index.php\/wp-json\/wp\/v2\/comments?post=197181"}],"version-history":[{"count":1,"href":"https:\/\/www.gaveanews.com\/index.php\/wp-json\/wp\/v2\/posts\/197181\/revisions"}],"predecessor-version":[{"id":197188,"href":"https:\/\/www.gaveanews.com\/index.php\/wp-json\/wp\/v2\/posts\/197181\/revisions\/197188"}],"wp:featuredmedia":[{"embeddable":true,"href":"https:\/\/www.gaveanews.com\/index.php\/wp-json\/wp\/v2\/media\/124645"}],"wp:attachment":[{"href":"https:\/\/www.gaveanews.com\/index.php\/wp-json\/wp\/v2\/media?parent=197181"}],"wp:term":[{"taxonomy":"category","embeddable":true,"href":"https:\/\/www.gaveanews.com\/index.php\/wp-json\/wp\/v2\/categories?post=197181"},{"taxonomy":"post_tag","embeddable":true,"href":"https:\/\/www.gaveanews.com\/index.php\/wp-json\/wp\/v2\/tags?post=197181"}],"curies":[{"name":"wp","href":"https:\/\/api.w.org\/{rel}","templated":true}]}}