{"id":197245,"date":"2024-12-10T23:55:00","date_gmt":"2024-12-11T02:55:00","guid":{"rendered":"https:\/\/www.gaveanews.com\/?p=197245"},"modified":"2024-12-10T22:19:41","modified_gmt":"2024-12-11T01:19:41","slug":"palmeiras-negocia-chegada-de-atacante-da-mls","status":"publish","type":"post","link":"https:\/\/www.gaveanews.com\/index.php\/2024\/12\/10\/palmeiras-negocia-chegada-de-atacante-da-mls\/","title":{"rendered":"Palmeiras negocia chegada de atacante da MLS"},"content":{"rendered":"\n<h2 class=\"wp-block-heading\" id=\"h-verdao-deseja-tirar-atacante-do-orlando-city\">Verd\u00e3o deseja tirar atacante do Orlando City <\/h2>\n\n\n\n<p>O Palmeiras observa o mercado afim de trazer refor\u00e7os para 2025 e o nome do atacante Facundo Torres, do Orlando City, dos Estados Unidos agrada. O jogador de 24 anos \u00e9 bem visto pelo departamento de futebol para as pontas da equipe, setor que o Verd\u00e3o precisa refor\u00e7ar. <\/p>\n\n\n\n<ul class=\"wp-block-list\">\n<li><a href=\"https:\/\/www.gaveanews.com\/index.php\/2024\/12\/08\/fim-de-uma-era-dudu-alinha-rescisao-com-o-palmeiras\/\">Fim de uma era! Dudu alinha rescis\u00e3o com o Palmeiras<\/a><\/li>\n\n\n\n<li><a href=\"https:\/\/www.gaveanews.com\/index.php\/2024\/12\/10\/estevao-x-endrick-chegada-de-gabriel-xavier-e-alerta-de-casagrande-as-ultimas-noticias-do-palmeiras\/\">Est\u00eav\u00e3o X Endrick, chegada de Gabriel Xavier e alerta de Casagrande: as \u00faltimas not\u00edcias do Palmeiras<\/a><\/li>\n<\/ul>\n\n\n\n<p>Facundo Torres \u00e9 cria do Pe\u00f1arol, do Uruguai, e joga na MLS (Major League Soccer) desde 2022. Pelo Orlando City, o atacante uruguaio soma 20 gols e seis assist\u00eancias em 44 partidas disputadas, sendo um dos principais destaques da equipe americana. <\/p>\n\n\n\n<p>Algo que agrada a diretoria do Palmeiras \u00e9 o fato de que o jogador tem bons n\u00fameros e bons desempenhos pelo Orlando City, al\u00e9m de j\u00e1 ter sido convocado pela sele\u00e7\u00e3o do Uruguai. Torres tem prefer\u00eancia pela perna esquerda e pode jogar pelos dois lados. <\/p>\n\n\n\n<p>Apesar do grande interesse e da negocia\u00e7\u00e3o j\u00e1 ter sido aberta, os valores ainda n\u00e3o foram divulgados. No entanto, os ve\u00edculos de imprensa dos Estados Unidos dizem que essa ser\u00e1 a maior venda da hist\u00f3ria do Orlando City. At\u00e9 hoje, a maior negocia\u00e7\u00e3o gira em torno de 9,5 milh\u00f5es de d\u00f3lares (R$ 57,7 milh\u00f5es).<\/p>\n\n\n\n<p>As pontas est\u00e3o sendo um grande problema para Abel Ferreira, j\u00e1 que Est\u00eav\u00e3o \u00e9 o \u00fanico que est\u00e1 tendo boas atua\u00e7\u00f5es. Felipe Anderson que at\u00e9 ent\u00e3o \u00e9 o titular da esquerda, n\u00e3o vem demonstrando boas atua\u00e7\u00f5es. Dudu e L\u00e1zaro chegaram a jogar pelo setor, mas tamb\u00e9m n\u00e3o agradaram. <\/p>\n\n\n\n<p>Os dois \u00faltimos inclusive, est\u00e3o de sa\u00edda do clube. Dudu dever\u00e1 rescindir seu v\u00ednculo com o Palmeiras e a tend\u00eancia \u00e9 de que acerte com o Cruzeiro para a temporada 2025. J\u00e1 L\u00e1zaro, dever\u00e1 retornar ao Almer\u00eda, da Espanha, que possui seus direitos econ\u00f4micos e que havia emprestado o jogador ao Verd\u00e3o. <\/p>\n\n\n\n<p>A equipe do ge chegou a procurar a diretoria do Palmeiras para comentar sobre o assunto, mas os dirigentes optaram por n\u00e3o falar nada sobre a negocia\u00e7\u00e3o. <\/p>\n","protected":false},"excerpt":{"rendered":"<p>Verd\u00e3o deseja tirar atacante do Orlando City O Palmeiras observa o mercado afim de trazer refor\u00e7os para 2025 e o nome do atacante Facundo Torres, do Orlando City, dos Estados Unidos agrada. O jogador de 24 anos \u00e9 bem visto pelo departamento de futebol para as pontas da equipe, setor que o Verd\u00e3o precisa refor\u00e7ar. [&hellip;]<\/p>\n","protected":false},"author":21,"featured_media":152159,"comment_status":"open","ping_status":"closed","sticky":false,"template":"","format":"standard","meta":{"footnotes":""},"categories":[150],"tags":[],"class_list":["post-197245","post","type-post","status-publish","format-standard","has-post-thumbnail","hentry","category-palmeiras"],"yoast_head":"<!-- This site is optimized with the Yoast SEO Premium plugin v24.2 (Yoast SEO v26.9) - https:\/\/yoast.com\/product\/yoast-seo-premium-wordpress\/ -->\n<title>Palmeiras negocia chegada de atacante da MLS<\/title>\n<meta name=\"robots\" content=\"index, follow, max-snippet:-1, max-image-preview:large, max-video-preview:-1\" \/>\n<link rel=\"canonical\" href=\"https:\/\/www.gaveanews.com\/index.php\/2024\/12\/10\/palmeiras-negocia-chegada-de-atacante-da-mls\/\" \/>\n<meta property=\"og:locale\" content=\"pt_BR\" \/>\n<meta property=\"og:type\" content=\"article\" \/>\n<meta property=\"og:title\" content=\"Palmeiras negocia chegada de atacante da MLS\" \/>\n<meta property=\"og:description\" content=\"Verd\u00e3o deseja tirar atacante do Orlando City O Palmeiras observa o mercado afim de trazer refor\u00e7os para 2025 e o nome do atacante Facundo Torres, do Orlando City, dos Estados Unidos agrada. O jogador de 24 anos \u00e9 bem visto pelo departamento de futebol para as pontas da equipe, setor que o Verd\u00e3o precisa refor\u00e7ar. [&hellip;]\" \/>\n<meta property=\"og:url\" content=\"https:\/\/www.gaveanews.com\/index.php\/2024\/12\/10\/palmeiras-negocia-chegada-de-atacante-da-mls\/\" \/>\n<meta property=\"og:site_name\" content=\"G\u00e1vea News\" \/>\n<meta property=\"article:publisher\" content=\"https:\/\/facebook.com\/gaveaNews\/\" \/>\n<meta property=\"article:published_time\" content=\"2024-12-11T02:55:00+00:00\" \/>\n<meta property=\"og:image\" content=\"https:\/\/www.gaveanews.com\/wp-content\/uploads\/Escudo-do-Palmeiras.webp\" \/>\n\t<meta property=\"og:image:width\" content=\"1000\" \/>\n\t<meta property=\"og:image:height\" content=\"667\" \/>\n\t<meta property=\"og:image:type\" content=\"image\/webp\" \/>\n<meta name=\"author\" content=\"Andr\u00e9 Serra\" \/>\n<meta name=\"twitter:card\" content=\"summary_large_image\" \/>\n<meta name=\"twitter:label1\" content=\"Escrito por\" \/>\n\t<meta name=\"twitter:data1\" content=\"Andr\u00e9 Serra\" \/>\n\t<meta name=\"twitter:label2\" content=\"Est. tempo de leitura\" \/>\n\t<meta name=\"twitter:data2\" content=\"3 minutos\" \/>\n<script type=\"application\/ld+json\" class=\"yoast-schema-graph\">{\"@context\":\"https:\/\/schema.org\",\"@graph\":[{\"@type\":\"NewsArticle\",\"@id\":\"https:\/\/www.gaveanews.com\/index.php\/2024\/12\/10\/palmeiras-negocia-chegada-de-atacante-da-mls\/#article\",\"isPartOf\":{\"@id\":\"https:\/\/www.gaveanews.com\/index.php\/2024\/12\/10\/palmeiras-negocia-chegada-de-atacante-da-mls\/\"},\"author\":{\"name\":\"Andr\u00e9 Serra\",\"@id\":\"https:\/\/www.gaveanews.com\/#\/schema\/person\/0277a79a1289c451c281ec0411d84f0c\"},\"headline\":\"Palmeiras negocia chegada de atacante da MLS\",\"datePublished\":\"2024-12-11T02:55:00+00:00\",\"mainEntityOfPage\":{\"@id\":\"https:\/\/www.gaveanews.com\/index.php\/2024\/12\/10\/palmeiras-negocia-chegada-de-atacante-da-mls\/\"},\"wordCount\":383,\"commentCount\":0,\"image\":{\"@id\":\"https:\/\/www.gaveanews.com\/index.php\/2024\/12\/10\/palmeiras-negocia-chegada-de-atacante-da-mls\/#primaryimage\"},\"thumbnailUrl\":\"https:\/\/www.gaveanews.com\/wp-content\/uploads\/Escudo-do-Palmeiras.webp\",\"articleSection\":[\"Palmeiras\"],\"inLanguage\":\"pt-BR\",\"potentialAction\":[{\"@type\":\"CommentAction\",\"name\":\"Comment\",\"target\":[\"https:\/\/www.gaveanews.com\/index.php\/2024\/12\/10\/palmeiras-negocia-chegada-de-atacante-da-mls\/#respond\"]}],\"copyrightYear\":\"2024\",\"copyrightHolder\":{\"@id\":\"https:\/\/www.gaveanews.com\/#organization\"}},{\"@type\":\"WebPage\",\"@id\":\"https:\/\/www.gaveanews.com\/index.php\/2024\/12\/10\/palmeiras-negocia-chegada-de-atacante-da-mls\/\",\"url\":\"https:\/\/www.gaveanews.com\/index.php\/2024\/12\/10\/palmeiras-negocia-chegada-de-atacante-da-mls\/\",\"name\":\"Palmeiras negocia chegada de atacante da MLS\",\"isPartOf\":{\"@id\":\"https:\/\/www.gaveanews.com\/#website\"},\"primaryImageOfPage\":{\"@id\":\"https:\/\/www.gaveanews.com\/index.php\/2024\/12\/10\/palmeiras-negocia-chegada-de-atacante-da-mls\/#primaryimage\"},\"image\":{\"@id\":\"https:\/\/www.gaveanews.com\/index.php\/2024\/12\/10\/palmeiras-negocia-chegada-de-atacante-da-mls\/#primaryimage\"},\"thumbnailUrl\":\"https:\/\/www.gaveanews.com\/wp-content\/uploads\/Escudo-do-Palmeiras.webp\",\"datePublished\":\"2024-12-11T02:55:00+00:00\",\"author\":{\"@id\":\"https:\/\/www.gaveanews.com\/#\/schema\/person\/0277a79a1289c451c281ec0411d84f0c\"},\"breadcrumb\":{\"@id\":\"https:\/\/www.gaveanews.com\/index.php\/2024\/12\/10\/palmeiras-negocia-chegada-de-atacante-da-mls\/#breadcrumb\"},\"inLanguage\":\"pt-BR\",\"potentialAction\":[{\"@type\":\"ReadAction\",\"target\":[\"https:\/\/www.gaveanews.com\/index.php\/2024\/12\/10\/palmeiras-negocia-chegada-de-atacante-da-mls\/\"]}]},{\"@type\":\"ImageObject\",\"inLanguage\":\"pt-BR\",\"@id\":\"https:\/\/www.gaveanews.com\/index.php\/2024\/12\/10\/palmeiras-negocia-chegada-de-atacante-da-mls\/#primaryimage\",\"url\":\"https:\/\/www.gaveanews.com\/wp-content\/uploads\/Escudo-do-Palmeiras.webp\",\"contentUrl\":\"https:\/\/www.gaveanews.com\/wp-content\/uploads\/Escudo-do-Palmeiras.webp\",\"width\":1000,\"height\":667,\"caption\":\"Escudo do Palmeiras (Foto Reprodu\u00e7\u00e3o\/Instagram)\"},{\"@type\":\"BreadcrumbList\",\"@id\":\"https:\/\/www.gaveanews.com\/index.php\/2024\/12\/10\/palmeiras-negocia-chegada-de-atacante-da-mls\/#breadcrumb\",\"itemListElement\":[{\"@type\":\"ListItem\",\"position\":1,\"name\":\"Home\",\"item\":\"https:\/\/www.gaveanews.com\/\"},{\"@type\":\"ListItem\",\"position\":2,\"name\":\"Palmeiras negocia chegada de atacante da MLS\"}]},{\"@type\":\"WebSite\",\"@id\":\"https:\/\/www.gaveanews.com\/#website\",\"url\":\"https:\/\/www.gaveanews.com\/\",\"name\":\"G\u00e1vea News\",\"description\":\"Veja todas as not\u00edcias sobre o Flamengo: Contrata\u00e7\u00f5es, categorias de base, resultados das partidas, tabela de classifica\u00e7\u00e3o, pr\u00f3ximos jogos!\",\"potentialAction\":[{\"@type\":\"SearchAction\",\"target\":{\"@type\":\"EntryPoint\",\"urlTemplate\":\"https:\/\/www.gaveanews.com\/?s={search_term_string}\"},\"query-input\":{\"@type\":\"PropertyValueSpecification\",\"valueRequired\":true,\"valueName\":\"search_term_string\"}}],\"inLanguage\":\"pt-BR\"},{\"@type\":\"Person\",\"@id\":\"https:\/\/www.gaveanews.com\/#\/schema\/person\/0277a79a1289c451c281ec0411d84f0c\",\"name\":\"Andr\u00e9 Serra\",\"image\":{\"@type\":\"ImageObject\",\"inLanguage\":\"pt-BR\",\"@id\":\"https:\/\/www.gaveanews.com\/#\/schema\/person\/image\/\",\"url\":\"https:\/\/secure.gravatar.com\/avatar\/d7231369fe48db93292b3e88eb2162dbd9a34a47a8437d9ef3bcaca2a86a83d7?s=96&d=mm&r=g\",\"contentUrl\":\"https:\/\/secure.gravatar.com\/avatar\/d7231369fe48db93292b3e88eb2162dbd9a34a47a8437d9ef3bcaca2a86a83d7?s=96&d=mm&r=g\",\"caption\":\"Andr\u00e9 Serra\"}}]}<\/script>\n<!-- \/ Yoast SEO Premium plugin. -->","yoast_head_json":{"title":"Palmeiras negocia chegada de atacante da MLS","robots":{"index":"index","follow":"follow","max-snippet":"max-snippet:-1","max-image-preview":"max-image-preview:large","max-video-preview":"max-video-preview:-1"},"canonical":"https:\/\/www.gaveanews.com\/index.php\/2024\/12\/10\/palmeiras-negocia-chegada-de-atacante-da-mls\/","og_locale":"pt_BR","og_type":"article","og_title":"Palmeiras negocia chegada de atacante da MLS","og_description":"Verd\u00e3o deseja tirar atacante do Orlando City O Palmeiras observa o mercado afim de trazer refor\u00e7os para 2025 e o nome do atacante Facundo Torres, do Orlando City, dos Estados Unidos agrada. O jogador de 24 anos \u00e9 bem visto pelo departamento de futebol para as pontas da equipe, setor que o Verd\u00e3o precisa refor\u00e7ar. [&hellip;]","og_url":"https:\/\/www.gaveanews.com\/index.php\/2024\/12\/10\/palmeiras-negocia-chegada-de-atacante-da-mls\/","og_site_name":"G\u00e1vea News","article_publisher":"https:\/\/facebook.com\/gaveaNews\/","article_published_time":"2024-12-11T02:55:00+00:00","og_image":[{"width":1000,"height":667,"url":"https:\/\/www.gaveanews.com\/wp-content\/uploads\/Escudo-do-Palmeiras.webp","type":"image\/webp"}],"author":"Andr\u00e9 Serra","twitter_card":"summary_large_image","twitter_misc":{"Escrito por":"Andr\u00e9 Serra","Est. tempo de leitura":"3 minutos"},"schema":{"@context":"https:\/\/schema.org","@graph":[{"@type":"NewsArticle","@id":"https:\/\/www.gaveanews.com\/index.php\/2024\/12\/10\/palmeiras-negocia-chegada-de-atacante-da-mls\/#article","isPartOf":{"@id":"https:\/\/www.gaveanews.com\/index.php\/2024\/12\/10\/palmeiras-negocia-chegada-de-atacante-da-mls\/"},"author":{"name":"Andr\u00e9 Serra","@id":"https:\/\/www.gaveanews.com\/#\/schema\/person\/0277a79a1289c451c281ec0411d84f0c"},"headline":"Palmeiras negocia chegada de atacante da MLS","datePublished":"2024-12-11T02:55:00+00:00","mainEntityOfPage":{"@id":"https:\/\/www.gaveanews.com\/index.php\/2024\/12\/10\/palmeiras-negocia-chegada-de-atacante-da-mls\/"},"wordCount":383,"commentCount":0,"image":{"@id":"https:\/\/www.gaveanews.com\/index.php\/2024\/12\/10\/palmeiras-negocia-chegada-de-atacante-da-mls\/#primaryimage"},"thumbnailUrl":"https:\/\/www.gaveanews.com\/wp-content\/uploads\/Escudo-do-Palmeiras.webp","articleSection":["Palmeiras"],"inLanguage":"pt-BR","potentialAction":[{"@type":"CommentAction","name":"Comment","target":["https:\/\/www.gaveanews.com\/index.php\/2024\/12\/10\/palmeiras-negocia-chegada-de-atacante-da-mls\/#respond"]}],"copyrightYear":"2024","copyrightHolder":{"@id":"https:\/\/www.gaveanews.com\/#organization"}},{"@type":"WebPage","@id":"https:\/\/www.gaveanews.com\/index.php\/2024\/12\/10\/palmeiras-negocia-chegada-de-atacante-da-mls\/","url":"https:\/\/www.gaveanews.com\/index.php\/2024\/12\/10\/palmeiras-negocia-chegada-de-atacante-da-mls\/","name":"Palmeiras negocia chegada de atacante da MLS","isPartOf":{"@id":"https:\/\/www.gaveanews.com\/#website"},"primaryImageOfPage":{"@id":"https:\/\/www.gaveanews.com\/index.php\/2024\/12\/10\/palmeiras-negocia-chegada-de-atacante-da-mls\/#primaryimage"},"image":{"@id":"https:\/\/www.gaveanews.com\/index.php\/2024\/12\/10\/palmeiras-negocia-chegada-de-atacante-da-mls\/#primaryimage"},"thumbnailUrl":"https:\/\/www.gaveanews.com\/wp-content\/uploads\/Escudo-do-Palmeiras.webp","datePublished":"2024-12-11T02:55:00+00:00","author":{"@id":"https:\/\/www.gaveanews.com\/#\/schema\/person\/0277a79a1289c451c281ec0411d84f0c"},"breadcrumb":{"@id":"https:\/\/www.gaveanews.com\/index.php\/2024\/12\/10\/palmeiras-negocia-chegada-de-atacante-da-mls\/#breadcrumb"},"inLanguage":"pt-BR","potentialAction":[{"@type":"ReadAction","target":["https:\/\/www.gaveanews.com\/index.php\/2024\/12\/10\/palmeiras-negocia-chegada-de-atacante-da-mls\/"]}]},{"@type":"ImageObject","inLanguage":"pt-BR","@id":"https:\/\/www.gaveanews.com\/index.php\/2024\/12\/10\/palmeiras-negocia-chegada-de-atacante-da-mls\/#primaryimage","url":"https:\/\/www.gaveanews.com\/wp-content\/uploads\/Escudo-do-Palmeiras.webp","contentUrl":"https:\/\/www.gaveanews.com\/wp-content\/uploads\/Escudo-do-Palmeiras.webp","width":1000,"height":667,"caption":"Escudo do Palmeiras (Foto Reprodu\u00e7\u00e3o\/Instagram)"},{"@type":"BreadcrumbList","@id":"https:\/\/www.gaveanews.com\/index.php\/2024\/12\/10\/palmeiras-negocia-chegada-de-atacante-da-mls\/#breadcrumb","itemListElement":[{"@type":"ListItem","position":1,"name":"Home","item":"https:\/\/www.gaveanews.com\/"},{"@type":"ListItem","position":2,"name":"Palmeiras negocia chegada de atacante da MLS"}]},{"@type":"WebSite","@id":"https:\/\/www.gaveanews.com\/#website","url":"https:\/\/www.gaveanews.com\/","name":"G\u00e1vea News","description":"Veja todas as not\u00edcias sobre o Flamengo: Contrata\u00e7\u00f5es, categorias de base, resultados das partidas, tabela de classifica\u00e7\u00e3o, pr\u00f3ximos jogos!","potentialAction":[{"@type":"SearchAction","target":{"@type":"EntryPoint","urlTemplate":"https:\/\/www.gaveanews.com\/?s={search_term_string}"},"query-input":{"@type":"PropertyValueSpecification","valueRequired":true,"valueName":"search_term_string"}}],"inLanguage":"pt-BR"},{"@type":"Person","@id":"https:\/\/www.gaveanews.com\/#\/schema\/person\/0277a79a1289c451c281ec0411d84f0c","name":"Andr\u00e9 Serra","image":{"@type":"ImageObject","inLanguage":"pt-BR","@id":"https:\/\/www.gaveanews.com\/#\/schema\/person\/image\/","url":"https:\/\/secure.gravatar.com\/avatar\/d7231369fe48db93292b3e88eb2162dbd9a34a47a8437d9ef3bcaca2a86a83d7?s=96&d=mm&r=g","contentUrl":"https:\/\/secure.gravatar.com\/avatar\/d7231369fe48db93292b3e88eb2162dbd9a34a47a8437d9ef3bcaca2a86a83d7?s=96&d=mm&r=g","caption":"Andr\u00e9 Serra"}}]}},"_links":{"self":[{"href":"https:\/\/www.gaveanews.com\/index.php\/wp-json\/wp\/v2\/posts\/197245","targetHints":{"allow":["GET"]}}],"collection":[{"href":"https:\/\/www.gaveanews.com\/index.php\/wp-json\/wp\/v2\/posts"}],"about":[{"href":"https:\/\/www.gaveanews.com\/index.php\/wp-json\/wp\/v2\/types\/post"}],"author":[{"embeddable":true,"href":"https:\/\/www.gaveanews.com\/index.php\/wp-json\/wp\/v2\/users\/21"}],"replies":[{"embeddable":true,"href":"https:\/\/www.gaveanews.com\/index.php\/wp-json\/wp\/v2\/comments?post=197245"}],"version-history":[{"count":1,"href":"https:\/\/www.gaveanews.com\/index.php\/wp-json\/wp\/v2\/posts\/197245\/revisions"}],"predecessor-version":[{"id":197253,"href":"https:\/\/www.gaveanews.com\/index.php\/wp-json\/wp\/v2\/posts\/197245\/revisions\/197253"}],"wp:featuredmedia":[{"embeddable":true,"href":"https:\/\/www.gaveanews.com\/index.php\/wp-json\/wp\/v2\/media\/152159"}],"wp:attachment":[{"href":"https:\/\/www.gaveanews.com\/index.php\/wp-json\/wp\/v2\/media?parent=197245"}],"wp:term":[{"taxonomy":"category","embeddable":true,"href":"https:\/\/www.gaveanews.com\/index.php\/wp-json\/wp\/v2\/categories?post=197245"},{"taxonomy":"post_tag","embeddable":true,"href":"https:\/\/www.gaveanews.com\/index.php\/wp-json\/wp\/v2\/tags?post=197245"}],"curies":[{"name":"wp","href":"https:\/\/api.w.org\/{rel}","templated":true}]}}