{"id":197300,"date":"2024-12-10T23:00:00","date_gmt":"2024-12-11T02:00:00","guid":{"rendered":"https:\/\/www.gaveanews.com\/?p=197300"},"modified":"2024-12-10T19:12:11","modified_gmt":"2024-12-10T22:12:11","slug":"flamengo-a-declaracao-de-gabigol-direcionada-a-tite","status":"publish","type":"post","link":"https:\/\/www.gaveanews.com\/index.php\/2024\/12\/10\/flamengo-a-declaracao-de-gabigol-direcionada-a-tite\/","title":{"rendered":"Flamengo: a declara\u00e7\u00e3o de Gabigol direcionada a Tite"},"content":{"rendered":"\n<h2 class=\"wp-block-heading\" id=\"h-atacante-detona-tecnico-e-elogia-filipe-luis\">Atacante detona t\u00e9cnico e elogia Filipe Lu\u00eds<\/h2>\n\n\n\n<p>Gabigol jogou sua \u00faltima partida pelo Flamengo contra o Vit\u00f3ria no \u00faltimo domingo (8), em partida v\u00e1lida pela 38 rodada do Brasileir\u00e3o. No dia seguinte, o ex-jogador n\u00famero 99 do clube carioca concedeu uma entrevista ao PodPah e teceu elogios rasgados a Filipe Lu\u00eds.<\/p>\n\n\n\n<ul class=\"wp-block-list\">\n<li><a href=\"https:\/\/www.gaveanews.com\/index.php\/2024\/12\/10\/situacao-de-matheus-cunha-recado-de-gabigol-e-jogadores-com-mais-assistencias-as-ultimas-noticias-do-flamengo\/\">Situa\u00e7\u00e3o de Matheus Cunha, recado de Gabigol e jogadores com mais assist\u00eancias: as \u00faltimas not\u00edcias do Flamengo<\/a><\/li>\n\n\n\n<li><a href=\"https:\/\/www.gaveanews.com\/index.php\/2024\/12\/10\/saiba-como-foi-o-ultimo-treino-de-gabigol-no-flamengo\/\">Saiba como foi o \u00faltimo treino de Gabigol no Flamengo<br><\/a><\/li>\n<\/ul>\n\n\n\n<p>De acordo com Gabi, o atual t\u00e9cnico do Flamengo \u00e9 o melhor do Brasil. Adicionalmente, assegurou que Filipe ser\u00e1 o pr\u00f3ximo treinador da equipe brasileira.<\/p>\n\n\n\n<p>\u201c(Filipe Lu\u00eds \u00e9) O melhor treinador do Brasil, pr\u00f3ximo treinador da sele\u00e7\u00e3o, porque hoje \u00e9 o melhor. \u00c9 o treinador que consegue olhar para o jogador, entender o que ele tem de melhor e colocar em prol do time. Ele v\u00ea o que tem, realmente tem os melhores no Flamengo, e consegue deixar ainda melhores. Eu imagino ele na sele\u00e7\u00e3o brasileira, com o tanto de jogadores que s\u00e3o craques\u201d<\/p>\n\n\n\n<figure class=\"wp-block-image size-full\"><img loading=\"lazy\" decoding=\"async\" width=\"644\" height=\"403\" src=\"https:\/\/www.gaveanews.com\/wp-content\/uploads\/tecnico-filipe-luis-apresentacao-ct-ninho-do-urubu-flamengo.webp\" alt=\"\" class=\"wp-image-170543\" srcset=\"https:\/\/www.gaveanews.com\/wp-content\/uploads\/tecnico-filipe-luis-apresentacao-ct-ninho-do-urubu-flamengo.webp 644w, https:\/\/www.gaveanews.com\/wp-content\/uploads\/tecnico-filipe-luis-apresentacao-ct-ninho-do-urubu-flamengo-300x188.webp 300w, https:\/\/www.gaveanews.com\/wp-content\/uploads\/tecnico-filipe-luis-apresentacao-ct-ninho-do-urubu-flamengo-640x400.webp 640w, https:\/\/www.gaveanews.com\/wp-content\/uploads\/tecnico-filipe-luis-apresentacao-ct-ninho-do-urubu-flamengo-100x63.webp 100w\" sizes=\"auto, (max-width: 644px) 100vw, 644px\" \/><figcaption class=\"wp-element-caption\">Foto: Leo Jos\u00e9 \/ Coluna do Fla\n<\/figcaption><\/figure>\n\n\n\n<p>&#8220;Eu amo (o Filipe Lu\u00eds), \u00e9 um cara excepcional, era o cara que sentava do meu lado para jantar, ia no quarto dele ver jogo. Era 24 horas conversando, n\u00e3o desgrudava. At\u00e9 brinquei com ele, a \u00faltima vez que chorei foi na despedida dele. \u2018O que eu vou jantar? Com quem vou ver o jogo?\u2019 Um sentimento de perda mesmo\u201d.<\/p>\n\n\n\n<p>Na entrevista, Gabigol tamb\u00e9m foi questionado sobre a rela\u00e7\u00e3o de amizade com Filipe e as transforma\u00e7\u00f5es que ocorreram do antigo lateral para o atual t\u00e9cnico.<\/p>\n\n\n\n<p>\u201cQuando ele assumiu, a gente treinou de tarde e ele foi na minha casa \u00e0 noite, perguntou como eu estava, como estava me sentindo, que ia contar comigo. Ele me deu tudo que praticamente todos os treinadores do Flamengo me deram, menos um (no caso o Tite), que foi confian\u00e7a. Ele sabe o quanto eu me esfor\u00e7o, em jogos contra o sub-20 ele via que eu estava bem. Claro que n\u00e3o estava 100%, porque n\u00e3o tinha ritmo. Mas s\u00f3 o fato de um (Tite) nunca falar comigo e o outro falar, j\u00e1 mudou\u201d, disparou Gabigol, para finalizar.<\/p>\n\n\n\n<p>\u201c\u00c9 muito ruim ter que falar sobre isso, fico um pouco incomodado. A gente teve uma conversa em que eu fui muito claro, mas o que ele (Tite) falou eu n\u00e3o via em atitude\u201d, completou, criticando Tite.<\/p>\n\n\n\n<p>\u201cEra muito claro (que n\u00e3o ia ter chance), em todos os treinamentos, nas conversas, nas atitudes. Se eu falar que ele foi desrespeitoso como ser humano, eu vou estar mentindo. Sempre me cumprimentou, me respeitou. N\u00e3o tivemos embate. Mas como jogador me senti desrespeitado in\u00fameras vezes. Mas eu sempre pensava que ia acontecer alguma coisa\u201d<\/p>\n\n\n\n<p>\u201cVoc\u00ea sente quando o treinador&#8230; n\u00e3o vou dizer que queria meu mal, \u00e9 pesado, mas n\u00e3o queria ajudar (risos). \u2018Ah, est\u00e1 a\u00ed, vamos deixar do jeito que est\u00e1\u2019. V\u00e1rios momentos me senti assim. Claro, n\u00e3o queria perder os jogos para ele ir embora, at\u00e9 o \u00faltimo momento tentei ajudar. Mas quando chegou o Filipe, eu pensei: \u2018agora vai dar\u2019\u201d, finalizou.<\/p>\n","protected":false},"excerpt":{"rendered":"<p>Atacante detona t\u00e9cnico e elogia Filipe Lu\u00eds Gabigol jogou sua \u00faltima partida pelo Flamengo contra o Vit\u00f3ria no \u00faltimo domingo (8), em partida v\u00e1lida pela 38 rodada do Brasileir\u00e3o. No dia seguinte, o ex-jogador n\u00famero 99 do clube carioca concedeu uma entrevista ao PodPah e teceu elogios rasgados a Filipe Lu\u00eds. De acordo com Gabi, [&hellip;]<\/p>\n","protected":false},"author":16,"featured_media":108220,"comment_status":"open","ping_status":"closed","sticky":false,"template":"","format":"standard","meta":{"footnotes":""},"categories":[1],"tags":[],"class_list":["post-197300","post","type-post","status-publish","format-standard","has-post-thumbnail","hentry","category-flamengo"],"yoast_head":"<!-- This site is optimized with the Yoast SEO Premium plugin v24.2 (Yoast SEO v26.9) - https:\/\/yoast.com\/product\/yoast-seo-premium-wordpress\/ -->\n<title>Flamengo: a declara\u00e7\u00e3o de Gabigol direcionada a Tite<\/title>\n<meta name=\"robots\" content=\"index, follow, max-snippet:-1, max-image-preview:large, max-video-preview:-1\" \/>\n<link rel=\"canonical\" href=\"https:\/\/www.gaveanews.com\/index.php\/2024\/12\/10\/flamengo-a-declaracao-de-gabigol-direcionada-a-tite\/\" \/>\n<meta property=\"og:locale\" content=\"pt_BR\" \/>\n<meta property=\"og:type\" content=\"article\" \/>\n<meta property=\"og:title\" content=\"Flamengo: a declara\u00e7\u00e3o de Gabigol direcionada a Tite\" \/>\n<meta property=\"og:description\" content=\"Atacante detona t\u00e9cnico e elogia Filipe Lu\u00eds Gabigol jogou sua \u00faltima partida pelo Flamengo contra o Vit\u00f3ria no \u00faltimo domingo (8), em partida v\u00e1lida pela 38 rodada do Brasileir\u00e3o. No dia seguinte, o ex-jogador n\u00famero 99 do clube carioca concedeu uma entrevista ao PodPah e teceu elogios rasgados a Filipe Lu\u00eds. De acordo com Gabi, [&hellip;]\" \/>\n<meta property=\"og:url\" content=\"https:\/\/www.gaveanews.com\/index.php\/2024\/12\/10\/flamengo-a-declaracao-de-gabigol-direcionada-a-tite\/\" \/>\n<meta property=\"og:site_name\" content=\"G\u00e1vea News\" \/>\n<meta property=\"article:publisher\" content=\"https:\/\/facebook.com\/gaveaNews\/\" \/>\n<meta property=\"article:published_time\" content=\"2024-12-11T02:00:00+00:00\" \/>\n<meta property=\"og:image\" content=\"https:\/\/www.gaveanews.com\/wp-content\/uploads\/Gabigol-e-Tite-se-cumprimentam-durante-treino-no-Flamengo-no-Ninho-do-Urubu.webp\" \/>\n\t<meta property=\"og:image:width\" content=\"1600\" \/>\n\t<meta property=\"og:image:height\" content=\"1066\" \/>\n\t<meta property=\"og:image:type\" content=\"image\/jpeg\" \/>\n<meta name=\"author\" content=\"D\u00e9bora Figueiredo\" \/>\n<meta name=\"twitter:card\" content=\"summary_large_image\" \/>\n<meta name=\"twitter:label1\" content=\"Escrito por\" \/>\n\t<meta name=\"twitter:data1\" content=\"D\u00e9bora Figueiredo\" \/>\n\t<meta name=\"twitter:label2\" content=\"Est. tempo de leitura\" \/>\n\t<meta name=\"twitter:data2\" content=\"4 minutos\" \/>\n<script type=\"application\/ld+json\" class=\"yoast-schema-graph\">{\"@context\":\"https:\/\/schema.org\",\"@graph\":[{\"@type\":\"NewsArticle\",\"@id\":\"https:\/\/www.gaveanews.com\/index.php\/2024\/12\/10\/flamengo-a-declaracao-de-gabigol-direcionada-a-tite\/#article\",\"isPartOf\":{\"@id\":\"https:\/\/www.gaveanews.com\/index.php\/2024\/12\/10\/flamengo-a-declaracao-de-gabigol-direcionada-a-tite\/\"},\"author\":{\"name\":\"D\u00e9bora Figueiredo\",\"@id\":\"https:\/\/www.gaveanews.com\/#\/schema\/person\/37122681a8575a5c8db05a56f099a5e4\"},\"headline\":\"Flamengo: a declara\u00e7\u00e3o de Gabigol direcionada a Tite\",\"datePublished\":\"2024-12-11T02:00:00+00:00\",\"mainEntityOfPage\":{\"@id\":\"https:\/\/www.gaveanews.com\/index.php\/2024\/12\/10\/flamengo-a-declaracao-de-gabigol-direcionada-a-tite\/\"},\"wordCount\":543,\"commentCount\":0,\"image\":{\"@id\":\"https:\/\/www.gaveanews.com\/index.php\/2024\/12\/10\/flamengo-a-declaracao-de-gabigol-direcionada-a-tite\/#primaryimage\"},\"thumbnailUrl\":\"https:\/\/www.gaveanews.com\/wp-content\/uploads\/Gabigol-e-Tite-se-cumprimentam-durante-treino-no-Flamengo-no-Ninho-do-Urubu.webp\",\"articleSection\":[\"Flamengo\"],\"inLanguage\":\"pt-BR\",\"potentialAction\":[{\"@type\":\"CommentAction\",\"name\":\"Comment\",\"target\":[\"https:\/\/www.gaveanews.com\/index.php\/2024\/12\/10\/flamengo-a-declaracao-de-gabigol-direcionada-a-tite\/#respond\"]}],\"copyrightYear\":\"2024\",\"copyrightHolder\":{\"@id\":\"https:\/\/www.gaveanews.com\/#organization\"}},{\"@type\":\"WebPage\",\"@id\":\"https:\/\/www.gaveanews.com\/index.php\/2024\/12\/10\/flamengo-a-declaracao-de-gabigol-direcionada-a-tite\/\",\"url\":\"https:\/\/www.gaveanews.com\/index.php\/2024\/12\/10\/flamengo-a-declaracao-de-gabigol-direcionada-a-tite\/\",\"name\":\"Flamengo: a declara\u00e7\u00e3o de Gabigol direcionada a Tite\",\"isPartOf\":{\"@id\":\"https:\/\/www.gaveanews.com\/#website\"},\"primaryImageOfPage\":{\"@id\":\"https:\/\/www.gaveanews.com\/index.php\/2024\/12\/10\/flamengo-a-declaracao-de-gabigol-direcionada-a-tite\/#primaryimage\"},\"image\":{\"@id\":\"https:\/\/www.gaveanews.com\/index.php\/2024\/12\/10\/flamengo-a-declaracao-de-gabigol-direcionada-a-tite\/#primaryimage\"},\"thumbnailUrl\":\"https:\/\/www.gaveanews.com\/wp-content\/uploads\/Gabigol-e-Tite-se-cumprimentam-durante-treino-no-Flamengo-no-Ninho-do-Urubu.webp\",\"datePublished\":\"2024-12-11T02:00:00+00:00\",\"author\":{\"@id\":\"https:\/\/www.gaveanews.com\/#\/schema\/person\/37122681a8575a5c8db05a56f099a5e4\"},\"breadcrumb\":{\"@id\":\"https:\/\/www.gaveanews.com\/index.php\/2024\/12\/10\/flamengo-a-declaracao-de-gabigol-direcionada-a-tite\/#breadcrumb\"},\"inLanguage\":\"pt-BR\",\"potentialAction\":[{\"@type\":\"ReadAction\",\"target\":[\"https:\/\/www.gaveanews.com\/index.php\/2024\/12\/10\/flamengo-a-declaracao-de-gabigol-direcionada-a-tite\/\"]}]},{\"@type\":\"ImageObject\",\"inLanguage\":\"pt-BR\",\"@id\":\"https:\/\/www.gaveanews.com\/index.php\/2024\/12\/10\/flamengo-a-declaracao-de-gabigol-direcionada-a-tite\/#primaryimage\",\"url\":\"https:\/\/www.gaveanews.com\/wp-content\/uploads\/Gabigol-e-Tite-se-cumprimentam-durante-treino-no-Flamengo-no-Ninho-do-Urubu.webp\",\"contentUrl\":\"https:\/\/www.gaveanews.com\/wp-content\/uploads\/Gabigol-e-Tite-se-cumprimentam-durante-treino-no-Flamengo-no-Ninho-do-Urubu.webp\",\"width\":1600,\"height\":1066,\"caption\":\"Gabigol e Tite se cumprimentam durante treino no Flamengo no Ninho do Urubu (Foto: Gilvan de Souza\/Flamengo)\"},{\"@type\":\"BreadcrumbList\",\"@id\":\"https:\/\/www.gaveanews.com\/index.php\/2024\/12\/10\/flamengo-a-declaracao-de-gabigol-direcionada-a-tite\/#breadcrumb\",\"itemListElement\":[{\"@type\":\"ListItem\",\"position\":1,\"name\":\"Home\",\"item\":\"https:\/\/www.gaveanews.com\/\"},{\"@type\":\"ListItem\",\"position\":2,\"name\":\"Flamengo: a declara\u00e7\u00e3o de Gabigol direcionada a Tite\"}]},{\"@type\":\"WebSite\",\"@id\":\"https:\/\/www.gaveanews.com\/#website\",\"url\":\"https:\/\/www.gaveanews.com\/\",\"name\":\"G\u00e1vea News\",\"description\":\"Veja todas as not\u00edcias sobre o Flamengo: Contrata\u00e7\u00f5es, categorias de base, resultados das partidas, tabela de classifica\u00e7\u00e3o, pr\u00f3ximos jogos!\",\"potentialAction\":[{\"@type\":\"SearchAction\",\"target\":{\"@type\":\"EntryPoint\",\"urlTemplate\":\"https:\/\/www.gaveanews.com\/?s={search_term_string}\"},\"query-input\":{\"@type\":\"PropertyValueSpecification\",\"valueRequired\":true,\"valueName\":\"search_term_string\"}}],\"inLanguage\":\"pt-BR\"},{\"@type\":\"Person\",\"@id\":\"https:\/\/www.gaveanews.com\/#\/schema\/person\/37122681a8575a5c8db05a56f099a5e4\",\"name\":\"D\u00e9bora Figueiredo\",\"image\":{\"@type\":\"ImageObject\",\"inLanguage\":\"pt-BR\",\"@id\":\"https:\/\/www.gaveanews.com\/#\/schema\/person\/image\/\",\"url\":\"https:\/\/secure.gravatar.com\/avatar\/1f44802859351588499d26f52aed1d15796ce17e67602895b72837c08018868d?s=96&d=mm&r=g\",\"contentUrl\":\"https:\/\/secure.gravatar.com\/avatar\/1f44802859351588499d26f52aed1d15796ce17e67602895b72837c08018868d?s=96&d=mm&r=g\",\"caption\":\"D\u00e9bora Figueiredo\"}}]}<\/script>\n<!-- \/ Yoast SEO Premium plugin. -->","yoast_head_json":{"title":"Flamengo: a declara\u00e7\u00e3o de Gabigol direcionada a Tite","robots":{"index":"index","follow":"follow","max-snippet":"max-snippet:-1","max-image-preview":"max-image-preview:large","max-video-preview":"max-video-preview:-1"},"canonical":"https:\/\/www.gaveanews.com\/index.php\/2024\/12\/10\/flamengo-a-declaracao-de-gabigol-direcionada-a-tite\/","og_locale":"pt_BR","og_type":"article","og_title":"Flamengo: a declara\u00e7\u00e3o de Gabigol direcionada a Tite","og_description":"Atacante detona t\u00e9cnico e elogia Filipe Lu\u00eds Gabigol jogou sua \u00faltima partida pelo Flamengo contra o Vit\u00f3ria no \u00faltimo domingo (8), em partida v\u00e1lida pela 38 rodada do Brasileir\u00e3o. No dia seguinte, o ex-jogador n\u00famero 99 do clube carioca concedeu uma entrevista ao PodPah e teceu elogios rasgados a Filipe Lu\u00eds. De acordo com Gabi, [&hellip;]","og_url":"https:\/\/www.gaveanews.com\/index.php\/2024\/12\/10\/flamengo-a-declaracao-de-gabigol-direcionada-a-tite\/","og_site_name":"G\u00e1vea News","article_publisher":"https:\/\/facebook.com\/gaveaNews\/","article_published_time":"2024-12-11T02:00:00+00:00","og_image":[{"width":1600,"height":1066,"url":"https:\/\/www.gaveanews.com\/wp-content\/uploads\/Gabigol-e-Tite-se-cumprimentam-durante-treino-no-Flamengo-no-Ninho-do-Urubu.webp","type":"image\/jpeg"}],"author":"D\u00e9bora Figueiredo","twitter_card":"summary_large_image","twitter_misc":{"Escrito por":"D\u00e9bora Figueiredo","Est. tempo de leitura":"4 minutos"},"schema":{"@context":"https:\/\/schema.org","@graph":[{"@type":"NewsArticle","@id":"https:\/\/www.gaveanews.com\/index.php\/2024\/12\/10\/flamengo-a-declaracao-de-gabigol-direcionada-a-tite\/#article","isPartOf":{"@id":"https:\/\/www.gaveanews.com\/index.php\/2024\/12\/10\/flamengo-a-declaracao-de-gabigol-direcionada-a-tite\/"},"author":{"name":"D\u00e9bora Figueiredo","@id":"https:\/\/www.gaveanews.com\/#\/schema\/person\/37122681a8575a5c8db05a56f099a5e4"},"headline":"Flamengo: a declara\u00e7\u00e3o de Gabigol direcionada a Tite","datePublished":"2024-12-11T02:00:00+00:00","mainEntityOfPage":{"@id":"https:\/\/www.gaveanews.com\/index.php\/2024\/12\/10\/flamengo-a-declaracao-de-gabigol-direcionada-a-tite\/"},"wordCount":543,"commentCount":0,"image":{"@id":"https:\/\/www.gaveanews.com\/index.php\/2024\/12\/10\/flamengo-a-declaracao-de-gabigol-direcionada-a-tite\/#primaryimage"},"thumbnailUrl":"https:\/\/www.gaveanews.com\/wp-content\/uploads\/Gabigol-e-Tite-se-cumprimentam-durante-treino-no-Flamengo-no-Ninho-do-Urubu.webp","articleSection":["Flamengo"],"inLanguage":"pt-BR","potentialAction":[{"@type":"CommentAction","name":"Comment","target":["https:\/\/www.gaveanews.com\/index.php\/2024\/12\/10\/flamengo-a-declaracao-de-gabigol-direcionada-a-tite\/#respond"]}],"copyrightYear":"2024","copyrightHolder":{"@id":"https:\/\/www.gaveanews.com\/#organization"}},{"@type":"WebPage","@id":"https:\/\/www.gaveanews.com\/index.php\/2024\/12\/10\/flamengo-a-declaracao-de-gabigol-direcionada-a-tite\/","url":"https:\/\/www.gaveanews.com\/index.php\/2024\/12\/10\/flamengo-a-declaracao-de-gabigol-direcionada-a-tite\/","name":"Flamengo: a declara\u00e7\u00e3o de Gabigol direcionada a Tite","isPartOf":{"@id":"https:\/\/www.gaveanews.com\/#website"},"primaryImageOfPage":{"@id":"https:\/\/www.gaveanews.com\/index.php\/2024\/12\/10\/flamengo-a-declaracao-de-gabigol-direcionada-a-tite\/#primaryimage"},"image":{"@id":"https:\/\/www.gaveanews.com\/index.php\/2024\/12\/10\/flamengo-a-declaracao-de-gabigol-direcionada-a-tite\/#primaryimage"},"thumbnailUrl":"https:\/\/www.gaveanews.com\/wp-content\/uploads\/Gabigol-e-Tite-se-cumprimentam-durante-treino-no-Flamengo-no-Ninho-do-Urubu.webp","datePublished":"2024-12-11T02:00:00+00:00","author":{"@id":"https:\/\/www.gaveanews.com\/#\/schema\/person\/37122681a8575a5c8db05a56f099a5e4"},"breadcrumb":{"@id":"https:\/\/www.gaveanews.com\/index.php\/2024\/12\/10\/flamengo-a-declaracao-de-gabigol-direcionada-a-tite\/#breadcrumb"},"inLanguage":"pt-BR","potentialAction":[{"@type":"ReadAction","target":["https:\/\/www.gaveanews.com\/index.php\/2024\/12\/10\/flamengo-a-declaracao-de-gabigol-direcionada-a-tite\/"]}]},{"@type":"ImageObject","inLanguage":"pt-BR","@id":"https:\/\/www.gaveanews.com\/index.php\/2024\/12\/10\/flamengo-a-declaracao-de-gabigol-direcionada-a-tite\/#primaryimage","url":"https:\/\/www.gaveanews.com\/wp-content\/uploads\/Gabigol-e-Tite-se-cumprimentam-durante-treino-no-Flamengo-no-Ninho-do-Urubu.webp","contentUrl":"https:\/\/www.gaveanews.com\/wp-content\/uploads\/Gabigol-e-Tite-se-cumprimentam-durante-treino-no-Flamengo-no-Ninho-do-Urubu.webp","width":1600,"height":1066,"caption":"Gabigol e Tite se cumprimentam durante treino no Flamengo no Ninho do Urubu (Foto: Gilvan de Souza\/Flamengo)"},{"@type":"BreadcrumbList","@id":"https:\/\/www.gaveanews.com\/index.php\/2024\/12\/10\/flamengo-a-declaracao-de-gabigol-direcionada-a-tite\/#breadcrumb","itemListElement":[{"@type":"ListItem","position":1,"name":"Home","item":"https:\/\/www.gaveanews.com\/"},{"@type":"ListItem","position":2,"name":"Flamengo: a declara\u00e7\u00e3o de Gabigol direcionada a Tite"}]},{"@type":"WebSite","@id":"https:\/\/www.gaveanews.com\/#website","url":"https:\/\/www.gaveanews.com\/","name":"G\u00e1vea News","description":"Veja todas as not\u00edcias sobre o Flamengo: Contrata\u00e7\u00f5es, categorias de base, resultados das partidas, tabela de classifica\u00e7\u00e3o, pr\u00f3ximos jogos!","potentialAction":[{"@type":"SearchAction","target":{"@type":"EntryPoint","urlTemplate":"https:\/\/www.gaveanews.com\/?s={search_term_string}"},"query-input":{"@type":"PropertyValueSpecification","valueRequired":true,"valueName":"search_term_string"}}],"inLanguage":"pt-BR"},{"@type":"Person","@id":"https:\/\/www.gaveanews.com\/#\/schema\/person\/37122681a8575a5c8db05a56f099a5e4","name":"D\u00e9bora Figueiredo","image":{"@type":"ImageObject","inLanguage":"pt-BR","@id":"https:\/\/www.gaveanews.com\/#\/schema\/person\/image\/","url":"https:\/\/secure.gravatar.com\/avatar\/1f44802859351588499d26f52aed1d15796ce17e67602895b72837c08018868d?s=96&d=mm&r=g","contentUrl":"https:\/\/secure.gravatar.com\/avatar\/1f44802859351588499d26f52aed1d15796ce17e67602895b72837c08018868d?s=96&d=mm&r=g","caption":"D\u00e9bora Figueiredo"}}]}},"_links":{"self":[{"href":"https:\/\/www.gaveanews.com\/index.php\/wp-json\/wp\/v2\/posts\/197300","targetHints":{"allow":["GET"]}}],"collection":[{"href":"https:\/\/www.gaveanews.com\/index.php\/wp-json\/wp\/v2\/posts"}],"about":[{"href":"https:\/\/www.gaveanews.com\/index.php\/wp-json\/wp\/v2\/types\/post"}],"author":[{"embeddable":true,"href":"https:\/\/www.gaveanews.com\/index.php\/wp-json\/wp\/v2\/users\/16"}],"replies":[{"embeddable":true,"href":"https:\/\/www.gaveanews.com\/index.php\/wp-json\/wp\/v2\/comments?post=197300"}],"version-history":[{"count":1,"href":"https:\/\/www.gaveanews.com\/index.php\/wp-json\/wp\/v2\/posts\/197300\/revisions"}],"predecessor-version":[{"id":197303,"href":"https:\/\/www.gaveanews.com\/index.php\/wp-json\/wp\/v2\/posts\/197300\/revisions\/197303"}],"wp:featuredmedia":[{"embeddable":true,"href":"https:\/\/www.gaveanews.com\/index.php\/wp-json\/wp\/v2\/media\/108220"}],"wp:attachment":[{"href":"https:\/\/www.gaveanews.com\/index.php\/wp-json\/wp\/v2\/media?parent=197300"}],"wp:term":[{"taxonomy":"category","embeddable":true,"href":"https:\/\/www.gaveanews.com\/index.php\/wp-json\/wp\/v2\/categories?post=197300"},{"taxonomy":"post_tag","embeddable":true,"href":"https:\/\/www.gaveanews.com\/index.php\/wp-json\/wp\/v2\/tags?post=197300"}],"curies":[{"name":"wp","href":"https:\/\/api.w.org\/{rel}","templated":true}]}}