{"id":197335,"date":"2024-12-11T15:10:56","date_gmt":"2024-12-11T18:10:56","guid":{"rendered":"https:\/\/www.gaveanews.com\/?p=197335"},"modified":"2024-12-11T14:05:44","modified_gmt":"2024-12-11T17:05:44","slug":"christian-bruno-zapelli-canobbio-erick-mycael-leo-godoy-lucas-esquivel-tomas-cuello-praxedes-e-kaique-rocha-os-jogadores-mais-valiosos-do-athletico","status":"publish","type":"post","link":"https:\/\/www.gaveanews.com\/index.php\/2024\/12\/11\/christian-bruno-zapelli-canobbio-erick-mycael-leo-godoy-lucas-esquivel-tomas-cuello-praxedes-e-kaique-rocha-os-jogadores-mais-valiosos-do-athletico\/","title":{"rendered":"Christian, Bruno Zapelli, Canobbio, Erick, Mycael, L\u00e9o Godoy, Lucas Esquivel, Tom\u00e1s Cuello, Praxedes e Kaique Rocha: os jogadores mais valiosos do Athletico"},"content":{"rendered":"\n<p>Com o fim da temporada, as especula\u00e7\u00f5es de transfer\u00eancias dos atletas tomam conta do dia a dia dos clubes e tamb\u00e9m da imprensa. Pensando no ano seguinte, \u00e9 importante iniciar o planejamento desde j\u00e1.<\/p>\n\n\n\n<ul class=\"wp-block-list\">\n<li><a href=\"https:\/\/www.gaveanews.com\/index.php\/2024\/12\/10\/gerson-julimar-e-pablo-angel-romero-e-yuri-alberto-angel-romero-e-garro-gabriel-veron-e-matheus-pereira-as-melhores-duplas-do-brasileirao\/\">Gerson, Julimar e Pablo, \u00c1ngel Romero e Yuri Alberto, \u00c1ngel Romero e Garro, Gabriel Veron e Matheus Pereira: as melhores duplas do Brasileir\u00e3o<\/a><\/li>\n\n\n\n<li><a href=\"https:\/\/www.gaveanews.com\/index.php\/2024\/12\/10\/contratacao-de-rival-declaracao-de-lucho-gonzalez-e-jogadores-com-mais-assistencias-as-ultimas-noticias-do-athletico-pr\/\">Contrata\u00e7\u00e3o de rival, declara\u00e7\u00e3o de Lucho Gonz\u00e1lez e jogadores com mais assist\u00eancias: as \u00faltimas not\u00edcias do Athletico-PR<\/a><\/li>\n<\/ul>\n\n\n\n<p>Uma das melhores formas de entender como os clubes v\u00e3o avan\u00e7ar nas negocia\u00e7\u00f5es \u00e9 necess\u00e1rio saber quanto cada um custa e o quanto ele se valorizou ao decorrer do \u00faltimo ano. Nesse cen\u00e1rio, o G\u00e1vea News elencou o top-10 atletas mais valiosos do Athletico. Os dados foram retirados do site &#8220;Transfermarkt&#8221;.<\/p>\n\n\n\n<h2 class=\"wp-block-heading\" id=\"h-kaique-rocha\">Kaique Rocha <\/h2>\n\n\n\n<figure class=\"wp-block-image size-full\"><img loading=\"lazy\" decoding=\"async\" width=\"774\" height=\"485\" src=\"https:\/\/www.gaveanews.com\/wp-content\/uploads\/Kaique-Rocha-em-acao-pelo-Athletico-PR.webp\" alt=\"\" class=\"wp-image-170288\" srcset=\"https:\/\/www.gaveanews.com\/wp-content\/uploads\/Kaique-Rocha-em-acao-pelo-Athletico-PR.webp 774w, https:\/\/www.gaveanews.com\/wp-content\/uploads\/Kaique-Rocha-em-acao-pelo-Athletico-PR-300x188.webp 300w, https:\/\/www.gaveanews.com\/wp-content\/uploads\/Kaique-Rocha-em-acao-pelo-Athletico-PR-768x481.webp 768w, https:\/\/www.gaveanews.com\/wp-content\/uploads\/Kaique-Rocha-em-acao-pelo-Athletico-PR-670x420.webp 670w, https:\/\/www.gaveanews.com\/wp-content\/uploads\/Kaique-Rocha-em-acao-pelo-Athletico-PR-640x401.webp 640w, https:\/\/www.gaveanews.com\/wp-content\/uploads\/Kaique-Rocha-em-acao-pelo-Athletico-PR-681x427.webp 681w, https:\/\/www.gaveanews.com\/wp-content\/uploads\/Kaique-Rocha-em-acao-pelo-Athletico-PR-100x63.webp 100w\" sizes=\"auto, (max-width: 774px) 100vw, 774px\" \/><figcaption class=\"wp-element-caption\">Kaique Rocha em a\u00e7\u00e3o pelo Athletico-PR (Foto: Jos\u00e9 Tramontin\/CAP)<\/figcaption><\/figure>\n\n\n\n<p>Kaique Rocha abre a lista do Athletico e aparece em d\u00e9cimo lugar, com os direitos econ\u00f4micos avaliados na casa dos 3 milh\u00f5es de euros, cerca de 19 milh\u00f5es de reais. O zagueiro est\u00e1 ligado ao clube at\u00e9 o fim de 2026.<\/p>\n\n\n\n<h2 class=\"wp-block-heading\" id=\"h-praxedes\">Praxedes <\/h2>\n\n\n\n<figure class=\"wp-block-image size-full\"><img loading=\"lazy\" decoding=\"async\" width=\"984\" height=\"836\" src=\"https:\/\/www.gaveanews.com\/wp-content\/uploads\/Praxedes-pelo-Athletico-PR.webp\" alt=\"\" class=\"wp-image-168211\" srcset=\"https:\/\/www.gaveanews.com\/wp-content\/uploads\/Praxedes-pelo-Athletico-PR.webp 984w, https:\/\/www.gaveanews.com\/wp-content\/uploads\/Praxedes-pelo-Athletico-PR-300x255.webp 300w, https:\/\/www.gaveanews.com\/wp-content\/uploads\/Praxedes-pelo-Athletico-PR-768x652.webp 768w, https:\/\/www.gaveanews.com\/wp-content\/uploads\/Praxedes-pelo-Athletico-PR-494x420.webp 494w, https:\/\/www.gaveanews.com\/wp-content\/uploads\/Praxedes-pelo-Athletico-PR-640x544.webp 640w, https:\/\/www.gaveanews.com\/wp-content\/uploads\/Praxedes-pelo-Athletico-PR-681x579.webp 681w, https:\/\/www.gaveanews.com\/wp-content\/uploads\/Praxedes-pelo-Athletico-PR-100x85.webp 100w\" sizes=\"auto, (max-width: 984px) 100vw, 984px\" \/><figcaption class=\"wp-element-caption\">Praxedes pelo Athletico-PR (Foto: Gustavo Oliveira\/Athletico.com.br)<\/figcaption><\/figure>\n\n\n\n<p>Praxedes vem logo na sequ\u00eancia, avaliado em 3 milh\u00f5es de euros, cerca de 19 milh\u00f5es de reais. O meio-campista pertence ao Athletico at\u00e9 dezembro de 2024.<\/p>\n\n\n\n<h2 class=\"wp-block-heading\" id=\"h-tomas-cuello\">Tom\u00e1s Cuello<\/h2>\n\n\n\n<figure class=\"wp-block-image size-full\"><img loading=\"lazy\" decoding=\"async\" width=\"984\" height=\"722\" src=\"https:\/\/www.gaveanews.com\/wp-content\/uploads\/Tomas-Cuello-pelo-Athletico-PR.webp\" alt=\"\" class=\"wp-image-168214\" srcset=\"https:\/\/www.gaveanews.com\/wp-content\/uploads\/Tomas-Cuello-pelo-Athletico-PR.webp 984w, https:\/\/www.gaveanews.com\/wp-content\/uploads\/Tomas-Cuello-pelo-Athletico-PR-300x220.webp 300w, https:\/\/www.gaveanews.com\/wp-content\/uploads\/Tomas-Cuello-pelo-Athletico-PR-768x564.webp 768w, https:\/\/www.gaveanews.com\/wp-content\/uploads\/Tomas-Cuello-pelo-Athletico-PR-572x420.webp 572w, https:\/\/www.gaveanews.com\/wp-content\/uploads\/Tomas-Cuello-pelo-Athletico-PR-80x60.webp 80w, https:\/\/www.gaveanews.com\/wp-content\/uploads\/Tomas-Cuello-pelo-Athletico-PR-640x470.webp 640w, https:\/\/www.gaveanews.com\/wp-content\/uploads\/Tomas-Cuello-pelo-Athletico-PR-681x500.webp 681w, https:\/\/www.gaveanews.com\/wp-content\/uploads\/Tomas-Cuello-pelo-Athletico-PR-100x73.webp 100w\" sizes=\"auto, (max-width: 984px) 100vw, 984px\" \/><figcaption class=\"wp-element-caption\">Tom\u00e1s Cuello pelo Athletico-PR (Foto: Jos\u00e9 Tramontin\/Athletico)<\/figcaption><\/figure>\n\n\n\n<p>Tom\u00e1s Cuello \u00e9 ponta-esquerda e foi avaliado em 3 milh\u00f5es de euros, cerca de 19 milh\u00f5es de reais. O atleta tem v\u00ednculo at\u00e9 o fim de 2025.<\/p>\n\n\n\n<h2 class=\"wp-block-heading\" id=\"h-lucas-esquivel\">Lucas Esquivel<\/h2>\n\n\n\n<figure class=\"wp-block-image size-full\"><img loading=\"lazy\" decoding=\"async\" width=\"700\" height=\"394\" src=\"https:\/\/www.gaveanews.com\/wp-content\/uploads\/Lucas-Esquivel-pelo-Athletico-PR.webp\" alt=\"\" class=\"wp-image-168215\" srcset=\"https:\/\/www.gaveanews.com\/wp-content\/uploads\/Lucas-Esquivel-pelo-Athletico-PR.webp 700w, https:\/\/www.gaveanews.com\/wp-content\/uploads\/Lucas-Esquivel-pelo-Athletico-PR-300x169.webp 300w, https:\/\/www.gaveanews.com\/wp-content\/uploads\/Lucas-Esquivel-pelo-Athletico-PR-640x360.webp 640w, https:\/\/www.gaveanews.com\/wp-content\/uploads\/Lucas-Esquivel-pelo-Athletico-PR-681x383.webp 681w, https:\/\/www.gaveanews.com\/wp-content\/uploads\/Lucas-Esquivel-pelo-Athletico-PR-100x56.webp 100w\" sizes=\"auto, (max-width: 700px) 100vw, 700px\" \/><figcaption class=\"wp-element-caption\">Lucas Esqu\u00edvel pelo Athletico-PR (Foto: Jos\u00e9 Tramontin\/Athletico)<\/figcaption><\/figure>\n\n\n\n<p>Lucas Esquivel est\u00e1 um pouco melhor avaliado que Tom\u00e1s Cuello, com valores na casa dos 3,5 milh\u00f5es de euros, cerca de 22.2 milh\u00f5es de reais. O lateral-esquerdo tem contrato at\u00e9 o fim de 2028.<\/p>\n\n\n\n<h2 class=\"wp-block-heading\" id=\"h-leo-godoy\">L\u00e9o Godoy<\/h2>\n\n\n\n<figure class=\"wp-block-image size-large\"><img loading=\"lazy\" decoding=\"async\" width=\"1024\" height=\"856\" src=\"https:\/\/www.gaveanews.com\/wp-content\/uploads\/Leonardo-Godoy-pelo-Athletico-PR-1024x856.webp\" alt=\"\" class=\"wp-image-168213\" srcset=\"https:\/\/www.gaveanews.com\/wp-content\/uploads\/Leonardo-Godoy-pelo-Athletico-PR-1024x856.webp 1024w, https:\/\/www.gaveanews.com\/wp-content\/uploads\/Leonardo-Godoy-pelo-Athletico-PR-300x251.webp 300w, https:\/\/www.gaveanews.com\/wp-content\/uploads\/Leonardo-Godoy-pelo-Athletico-PR-768x642.webp 768w, https:\/\/www.gaveanews.com\/wp-content\/uploads\/Leonardo-Godoy-pelo-Athletico-PR-502x420.webp 502w, https:\/\/www.gaveanews.com\/wp-content\/uploads\/Leonardo-Godoy-pelo-Athletico-PR-1005x840.webp 1005w, https:\/\/www.gaveanews.com\/wp-content\/uploads\/Leonardo-Godoy-pelo-Athletico-PR-640x535.webp 640w, https:\/\/www.gaveanews.com\/wp-content\/uploads\/Leonardo-Godoy-pelo-Athletico-PR-681x569.webp 681w, https:\/\/www.gaveanews.com\/wp-content\/uploads\/Leonardo-Godoy-pelo-Athletico-PR-100x84.webp 100w, https:\/\/www.gaveanews.com\/wp-content\/uploads\/Leonardo-Godoy-pelo-Athletico-PR.webp 1061w\" sizes=\"auto, (max-width: 1024px) 100vw, 1024px\" \/><figcaption class=\"wp-element-caption\">Leonardo Godoy pelo Athletico-PR (Foto: Gustavo Oliveira\/Athletico.com.br)<\/figcaption><\/figure>\n\n\n\n<p>O lateral-direito do Athletico, L\u00e9o Godoy, est\u00e1 avaliado em 3,5 milh\u00f5es de euros, cerca de 22.2 milh\u00f5es de reais. O atleta titular do Furac\u00e3o tem contrato at\u00e9 dezembro de 2027.<\/p>\n\n\n\n<h2 class=\"wp-block-heading\" id=\"h-mycael\">Mycael<\/h2>\n\n\n\n<figure class=\"wp-block-image size-full\"><img loading=\"lazy\" decoding=\"async\" width=\"826\" height=\"608\" src=\"https:\/\/www.gaveanews.com\/wp-content\/uploads\/Mycael-em-treino-do-Athletico-PR.webp\" alt=\"\" class=\"wp-image-171385\" srcset=\"https:\/\/www.gaveanews.com\/wp-content\/uploads\/Mycael-em-treino-do-Athletico-PR.webp 826w, https:\/\/www.gaveanews.com\/wp-content\/uploads\/Mycael-em-treino-do-Athletico-PR-300x221.webp 300w, https:\/\/www.gaveanews.com\/wp-content\/uploads\/Mycael-em-treino-do-Athletico-PR-768x565.webp 768w, https:\/\/www.gaveanews.com\/wp-content\/uploads\/Mycael-em-treino-do-Athletico-PR-571x420.webp 571w, https:\/\/www.gaveanews.com\/wp-content\/uploads\/Mycael-em-treino-do-Athletico-PR-80x60.webp 80w, https:\/\/www.gaveanews.com\/wp-content\/uploads\/Mycael-em-treino-do-Athletico-PR-100x74.webp 100w, https:\/\/www.gaveanews.com\/wp-content\/uploads\/Mycael-em-treino-do-Athletico-PR-640x471.webp 640w, https:\/\/www.gaveanews.com\/wp-content\/uploads\/Mycael-em-treino-do-Athletico-PR-681x501.webp 681w\" sizes=\"auto, (max-width: 826px) 100vw, 826px\" \/><figcaption class=\"wp-element-caption\">Mycael em treino do Athletico-PR (Foto: Gustavo Oliveira\/Athletico)<\/figcaption><\/figure>\n\n\n\n<p>Mycael \u00e9 um dos goleiros do Athletico e os direitos econ\u00f4micos dele est\u00e3o avaliados em 4 milh\u00f5es de euros, cerca de 25.4 milh\u00f5es de reais. O jogador tem contrato v\u00e1lido at\u00e9 mar\u00e7o de 2027.<\/p>\n\n\n\n<h2 class=\"wp-block-heading\" id=\"h-erick\">Erick <\/h2>\n\n\n\n<figure class=\"wp-block-image size-full\"><img loading=\"lazy\" decoding=\"async\" width=\"984\" height=\"867\" src=\"https:\/\/www.gaveanews.com\/wp-content\/uploads\/Erick-pelo-Athletico-PR.webp\" alt=\"\" class=\"wp-image-168212\" srcset=\"https:\/\/www.gaveanews.com\/wp-content\/uploads\/Erick-pelo-Athletico-PR.webp 984w, https:\/\/www.gaveanews.com\/wp-content\/uploads\/Erick-pelo-Athletico-PR-300x264.webp 300w, https:\/\/www.gaveanews.com\/wp-content\/uploads\/Erick-pelo-Athletico-PR-768x677.webp 768w, https:\/\/www.gaveanews.com\/wp-content\/uploads\/Erick-pelo-Athletico-PR-477x420.webp 477w, https:\/\/www.gaveanews.com\/wp-content\/uploads\/Erick-pelo-Athletico-PR-953x840.webp 953w, https:\/\/www.gaveanews.com\/wp-content\/uploads\/Erick-pelo-Athletico-PR-640x564.webp 640w, https:\/\/www.gaveanews.com\/wp-content\/uploads\/Erick-pelo-Athletico-PR-681x600.webp 681w, https:\/\/www.gaveanews.com\/wp-content\/uploads\/Erick-pelo-Athletico-PR-100x88.webp 100w\" sizes=\"auto, (max-width: 984px) 100vw, 984px\" \/><figcaption class=\"wp-element-caption\">Erick pelo Athletico-PR (Foto: Jos\u00e9 Tramontin\/Athletico)<\/figcaption><\/figure>\n\n\n\n<p>Erick aparece na quarta posi\u00e7\u00e3o, avaliado em 4 milh\u00f5es de euros, cerca de 25.4 milh\u00f5es de reais . O volante tem contrato at\u00e9 o fim de 2026.<\/p>\n\n\n\n<h2 class=\"wp-block-heading\" id=\"h-canobbio\">Canobbio <\/h2>\n\n\n\n<figure class=\"wp-block-image size-full\"><img loading=\"lazy\" decoding=\"async\" width=\"1200\" height=\"1075\" src=\"https:\/\/www.gaveanews.com\/wp-content\/uploads\/Canobbio-pelo-Athletico-PR.webp\" alt=\"\" class=\"wp-image-168210\" srcset=\"https:\/\/www.gaveanews.com\/wp-content\/uploads\/Canobbio-pelo-Athletico-PR.webp 1200w, https:\/\/www.gaveanews.com\/wp-content\/uploads\/Canobbio-pelo-Athletico-PR-300x269.webp 300w, https:\/\/www.gaveanews.com\/wp-content\/uploads\/Canobbio-pelo-Athletico-PR-1024x917.webp 1024w, https:\/\/www.gaveanews.com\/wp-content\/uploads\/Canobbio-pelo-Athletico-PR-768x688.webp 768w, https:\/\/www.gaveanews.com\/wp-content\/uploads\/Canobbio-pelo-Athletico-PR-469x420.webp 469w, https:\/\/www.gaveanews.com\/wp-content\/uploads\/Canobbio-pelo-Athletico-PR-938x840.webp 938w, https:\/\/www.gaveanews.com\/wp-content\/uploads\/Canobbio-pelo-Athletico-PR-640x573.webp 640w, https:\/\/www.gaveanews.com\/wp-content\/uploads\/Canobbio-pelo-Athletico-PR-681x610.webp 681w, https:\/\/www.gaveanews.com\/wp-content\/uploads\/Canobbio-pelo-Athletico-PR-100x90.webp 100w\" sizes=\"auto, (max-width: 1200px) 100vw, 1200px\" \/><figcaption class=\"wp-element-caption\">Canobbio pelo Athletico-PR (Foto: Divulga\u00e7\u00e3o\/Athletico-PR)<\/figcaption><\/figure>\n\n\n\n<p>Canobbio abre o \u2018top-3\u2019 do Athletico sendo avaliado em 4,5 milh\u00f5es de euros, cerca de 28.6 milh\u00f5es de reais. O v\u00ednculo dele com o clube vai at\u00e9 o fim de 2026.<\/p>\n\n\n\n<h2 class=\"wp-block-heading\" id=\"h-bruno-zapelli\">Bruno Zapelli<\/h2>\n\n\n\n<figure class=\"wp-block-image size-full\"><img loading=\"lazy\" decoding=\"async\" width=\"748\" height=\"554\" src=\"https:\/\/www.gaveanews.com\/wp-content\/uploads\/Bruno-Zapelli-pelo-Athletico-PR.webp\" alt=\"\" class=\"wp-image-168209\" srcset=\"https:\/\/www.gaveanews.com\/wp-content\/uploads\/Bruno-Zapelli-pelo-Athletico-PR.webp 748w, https:\/\/www.gaveanews.com\/wp-content\/uploads\/Bruno-Zapelli-pelo-Athletico-PR-300x222.webp 300w, https:\/\/www.gaveanews.com\/wp-content\/uploads\/Bruno-Zapelli-pelo-Athletico-PR-567x420.webp 567w, https:\/\/www.gaveanews.com\/wp-content\/uploads\/Bruno-Zapelli-pelo-Athletico-PR-80x60.webp 80w, https:\/\/www.gaveanews.com\/wp-content\/uploads\/Bruno-Zapelli-pelo-Athletico-PR-160x120.webp 160w, https:\/\/www.gaveanews.com\/wp-content\/uploads\/Bruno-Zapelli-pelo-Athletico-PR-100x74.webp 100w, https:\/\/www.gaveanews.com\/wp-content\/uploads\/Bruno-Zapelli-pelo-Athletico-PR-640x474.webp 640w, https:\/\/www.gaveanews.com\/wp-content\/uploads\/Bruno-Zapelli-pelo-Athletico-PR-681x504.webp 681w\" sizes=\"auto, (max-width: 748px) 100vw, 748px\" \/><figcaption class=\"wp-element-caption\">Bruno Zapelli pelo Athletico-PR (Foto: Jos\u00e9 Tramontin\/Athletico)<\/figcaption><\/figure>\n\n\n\n<p>A segunda posi\u00e7\u00e3o pertence a Bruno Zapelli, avaliado em 5 milh\u00f5es de euros, cerca de 31.8 milh\u00f5es de reais. O meia tem contrato at\u00e9 julho de 2028.<\/p>\n\n\n\n<h2 class=\"wp-block-heading\" id=\"h-christian\">Christian <\/h2>\n\n\n\n<figure class=\"wp-block-image size-full\"><img loading=\"lazy\" decoding=\"async\" width=\"1600\" height=\"1085\" src=\"https:\/\/www.gaveanews.com\/wp-content\/uploads\/Christian-pelo-Athletico-PR.webp\" alt=\"\" class=\"wp-image-168208\" srcset=\"https:\/\/www.gaveanews.com\/wp-content\/uploads\/Christian-pelo-Athletico-PR.webp 1600w, https:\/\/www.gaveanews.com\/wp-content\/uploads\/Christian-pelo-Athletico-PR-300x203.webp 300w, https:\/\/www.gaveanews.com\/wp-content\/uploads\/Christian-pelo-Athletico-PR-1024x694.webp 1024w, https:\/\/www.gaveanews.com\/wp-content\/uploads\/Christian-pelo-Athletico-PR-768x521.webp 768w, https:\/\/www.gaveanews.com\/wp-content\/uploads\/Christian-pelo-Athletico-PR-1536x1042.webp 1536w, https:\/\/www.gaveanews.com\/wp-content\/uploads\/Christian-pelo-Athletico-PR-619x420.webp 619w, https:\/\/www.gaveanews.com\/wp-content\/uploads\/Christian-pelo-Athletico-PR-1239x840.webp 1239w, https:\/\/www.gaveanews.com\/wp-content\/uploads\/Christian-pelo-Athletico-PR-640x434.webp 640w, https:\/\/www.gaveanews.com\/wp-content\/uploads\/Christian-pelo-Athletico-PR-1280x868.webp 1280w, https:\/\/www.gaveanews.com\/wp-content\/uploads\/Christian-pelo-Athletico-PR-681x462.webp 681w, https:\/\/www.gaveanews.com\/wp-content\/uploads\/Christian-pelo-Athletico-PR-1362x924.webp 1362w, https:\/\/www.gaveanews.com\/wp-content\/uploads\/Christian-pelo-Athletico-PR-100x68.webp 100w\" sizes=\"auto, (max-width: 1600px) 100vw, 1600px\" \/><figcaption class=\"wp-element-caption\">Christian pelo Athletico-PR (Foto: Divulga\u00e7\u00e3o\/Athletico-PR)<\/figcaption><\/figure>\n\n\n\n<p>Christian \u00e9 o primeiro da lista, com valor de mercado em 7 milh\u00f5es de euros, cerca de 44.5 milh\u00f5es de reais. O meio-campista de 23 anos do Athletico tem contrato at\u00e9 dezembro de 2025.<\/p>\n","protected":false},"excerpt":{"rendered":"<p>Com o fim da temporada, as especula\u00e7\u00f5es de transfer\u00eancias dos atletas tomam conta do dia a dia dos clubes e tamb\u00e9m da imprensa. Pensando no ano seguinte, \u00e9 importante iniciar o planejamento desde j\u00e1. Uma das melhores formas de entender como os clubes v\u00e3o avan\u00e7ar nas negocia\u00e7\u00f5es \u00e9 necess\u00e1rio saber quanto cada um custa e [&hellip;]<\/p>\n","protected":false},"author":29,"featured_media":168208,"comment_status":"open","ping_status":"closed","sticky":false,"template":"","format":"standard","meta":{"footnotes":""},"categories":[134],"tags":[],"class_list":["post-197335","post","type-post","status-publish","format-standard","has-post-thumbnail","hentry","category-athletico-pr"],"yoast_head":"<!-- This site is optimized with the Yoast SEO Premium plugin v24.2 (Yoast SEO v26.9) - https:\/\/yoast.com\/product\/yoast-seo-premium-wordpress\/ -->\n<title>Christian, Bruno Zapelli, Canobbio, Erick, Mycael, L\u00e9o Godoy, Lucas Esquivel, Tom\u00e1s Cuello, Praxedes e Kaique Rocha: os jogadores mais valiosos do Athletico<\/title>\n<meta name=\"robots\" content=\"index, follow, max-snippet:-1, max-image-preview:large, max-video-preview:-1\" \/>\n<link rel=\"canonical\" href=\"https:\/\/www.gaveanews.com\/index.php\/2024\/12\/11\/christian-bruno-zapelli-canobbio-erick-mycael-leo-godoy-lucas-esquivel-tomas-cuello-praxedes-e-kaique-rocha-os-jogadores-mais-valiosos-do-athletico\/\" \/>\n<meta property=\"og:locale\" content=\"pt_BR\" \/>\n<meta property=\"og:type\" content=\"article\" \/>\n<meta property=\"og:title\" content=\"Christian, Bruno Zapelli, Canobbio, Erick, Mycael, L\u00e9o Godoy, Lucas Esquivel, Tom\u00e1s Cuello, Praxedes e Kaique Rocha: os jogadores mais valiosos do Athletico\" \/>\n<meta property=\"og:description\" content=\"Com o fim da temporada, as especula\u00e7\u00f5es de transfer\u00eancias dos atletas tomam conta do dia a dia dos clubes e tamb\u00e9m da imprensa. Pensando no ano seguinte, \u00e9 importante iniciar o planejamento desde j\u00e1. Uma das melhores formas de entender como os clubes v\u00e3o avan\u00e7ar nas negocia\u00e7\u00f5es \u00e9 necess\u00e1rio saber quanto cada um custa e [&hellip;]\" \/>\n<meta property=\"og:url\" content=\"https:\/\/www.gaveanews.com\/index.php\/2024\/12\/11\/christian-bruno-zapelli-canobbio-erick-mycael-leo-godoy-lucas-esquivel-tomas-cuello-praxedes-e-kaique-rocha-os-jogadores-mais-valiosos-do-athletico\/\" \/>\n<meta property=\"og:site_name\" content=\"G\u00e1vea News\" \/>\n<meta property=\"article:publisher\" content=\"https:\/\/facebook.com\/gaveaNews\/\" \/>\n<meta property=\"article:published_time\" content=\"2024-12-11T18:10:56+00:00\" \/>\n<meta property=\"og:image\" content=\"https:\/\/www.gaveanews.com\/wp-content\/uploads\/Christian-pelo-Athletico-PR.webp\" \/>\n\t<meta property=\"og:image:width\" content=\"1600\" \/>\n\t<meta property=\"og:image:height\" content=\"1085\" \/>\n\t<meta property=\"og:image:type\" content=\"image\/jpeg\" \/>\n<meta name=\"author\" content=\"Marco Menezes\" \/>\n<meta name=\"twitter:card\" content=\"summary_large_image\" \/>\n<meta name=\"twitter:label1\" content=\"Escrito por\" \/>\n\t<meta name=\"twitter:data1\" content=\"Marco Menezes\" \/>\n\t<meta name=\"twitter:label2\" content=\"Est. tempo de leitura\" \/>\n\t<meta name=\"twitter:data2\" content=\"6 minutos\" \/>\n<script type=\"application\/ld+json\" class=\"yoast-schema-graph\">{\"@context\":\"https:\/\/schema.org\",\"@graph\":[{\"@type\":\"NewsArticle\",\"@id\":\"https:\/\/www.gaveanews.com\/index.php\/2024\/12\/11\/christian-bruno-zapelli-canobbio-erick-mycael-leo-godoy-lucas-esquivel-tomas-cuello-praxedes-e-kaique-rocha-os-jogadores-mais-valiosos-do-athletico\/#article\",\"isPartOf\":{\"@id\":\"https:\/\/www.gaveanews.com\/index.php\/2024\/12\/11\/christian-bruno-zapelli-canobbio-erick-mycael-leo-godoy-lucas-esquivel-tomas-cuello-praxedes-e-kaique-rocha-os-jogadores-mais-valiosos-do-athletico\/\"},\"author\":{\"name\":\"Marco Menezes\",\"@id\":\"https:\/\/www.gaveanews.com\/#\/schema\/person\/a9f62fe75380c6bada1b2fc49bc23d69\"},\"headline\":\"Christian, Bruno Zapelli, Canobbio, Erick, Mycael, L\u00e9o Godoy, Lucas Esquivel, Tom\u00e1s Cuello, Praxedes e Kaique Rocha: os jogadores mais valiosos do Athletico\",\"datePublished\":\"2024-12-11T18:10:56+00:00\",\"mainEntityOfPage\":{\"@id\":\"https:\/\/www.gaveanews.com\/index.php\/2024\/12\/11\/christian-bruno-zapelli-canobbio-erick-mycael-leo-godoy-lucas-esquivel-tomas-cuello-praxedes-e-kaique-rocha-os-jogadores-mais-valiosos-do-athletico\/\"},\"wordCount\":576,\"commentCount\":0,\"image\":{\"@id\":\"https:\/\/www.gaveanews.com\/index.php\/2024\/12\/11\/christian-bruno-zapelli-canobbio-erick-mycael-leo-godoy-lucas-esquivel-tomas-cuello-praxedes-e-kaique-rocha-os-jogadores-mais-valiosos-do-athletico\/#primaryimage\"},\"thumbnailUrl\":\"https:\/\/www.gaveanews.com\/wp-content\/uploads\/Christian-pelo-Athletico-PR.webp\",\"articleSection\":[\"Athletico-PR\"],\"inLanguage\":\"pt-BR\",\"potentialAction\":[{\"@type\":\"CommentAction\",\"name\":\"Comment\",\"target\":[\"https:\/\/www.gaveanews.com\/index.php\/2024\/12\/11\/christian-bruno-zapelli-canobbio-erick-mycael-leo-godoy-lucas-esquivel-tomas-cuello-praxedes-e-kaique-rocha-os-jogadores-mais-valiosos-do-athletico\/#respond\"]}],\"copyrightYear\":\"2024\",\"copyrightHolder\":{\"@id\":\"https:\/\/www.gaveanews.com\/#organization\"}},{\"@type\":\"WebPage\",\"@id\":\"https:\/\/www.gaveanews.com\/index.php\/2024\/12\/11\/christian-bruno-zapelli-canobbio-erick-mycael-leo-godoy-lucas-esquivel-tomas-cuello-praxedes-e-kaique-rocha-os-jogadores-mais-valiosos-do-athletico\/\",\"url\":\"https:\/\/www.gaveanews.com\/index.php\/2024\/12\/11\/christian-bruno-zapelli-canobbio-erick-mycael-leo-godoy-lucas-esquivel-tomas-cuello-praxedes-e-kaique-rocha-os-jogadores-mais-valiosos-do-athletico\/\",\"name\":\"Christian, Bruno Zapelli, Canobbio, Erick, Mycael, L\u00e9o Godoy, Lucas Esquivel, Tom\u00e1s Cuello, Praxedes e Kaique Rocha: os jogadores mais valiosos do Athletico\",\"isPartOf\":{\"@id\":\"https:\/\/www.gaveanews.com\/#website\"},\"primaryImageOfPage\":{\"@id\":\"https:\/\/www.gaveanews.com\/index.php\/2024\/12\/11\/christian-bruno-zapelli-canobbio-erick-mycael-leo-godoy-lucas-esquivel-tomas-cuello-praxedes-e-kaique-rocha-os-jogadores-mais-valiosos-do-athletico\/#primaryimage\"},\"image\":{\"@id\":\"https:\/\/www.gaveanews.com\/index.php\/2024\/12\/11\/christian-bruno-zapelli-canobbio-erick-mycael-leo-godoy-lucas-esquivel-tomas-cuello-praxedes-e-kaique-rocha-os-jogadores-mais-valiosos-do-athletico\/#primaryimage\"},\"thumbnailUrl\":\"https:\/\/www.gaveanews.com\/wp-content\/uploads\/Christian-pelo-Athletico-PR.webp\",\"datePublished\":\"2024-12-11T18:10:56+00:00\",\"author\":{\"@id\":\"https:\/\/www.gaveanews.com\/#\/schema\/person\/a9f62fe75380c6bada1b2fc49bc23d69\"},\"breadcrumb\":{\"@id\":\"https:\/\/www.gaveanews.com\/index.php\/2024\/12\/11\/christian-bruno-zapelli-canobbio-erick-mycael-leo-godoy-lucas-esquivel-tomas-cuello-praxedes-e-kaique-rocha-os-jogadores-mais-valiosos-do-athletico\/#breadcrumb\"},\"inLanguage\":\"pt-BR\",\"potentialAction\":[{\"@type\":\"ReadAction\",\"target\":[\"https:\/\/www.gaveanews.com\/index.php\/2024\/12\/11\/christian-bruno-zapelli-canobbio-erick-mycael-leo-godoy-lucas-esquivel-tomas-cuello-praxedes-e-kaique-rocha-os-jogadores-mais-valiosos-do-athletico\/\"]}]},{\"@type\":\"ImageObject\",\"inLanguage\":\"pt-BR\",\"@id\":\"https:\/\/www.gaveanews.com\/index.php\/2024\/12\/11\/christian-bruno-zapelli-canobbio-erick-mycael-leo-godoy-lucas-esquivel-tomas-cuello-praxedes-e-kaique-rocha-os-jogadores-mais-valiosos-do-athletico\/#primaryimage\",\"url\":\"https:\/\/www.gaveanews.com\/wp-content\/uploads\/Christian-pelo-Athletico-PR.webp\",\"contentUrl\":\"https:\/\/www.gaveanews.com\/wp-content\/uploads\/Christian-pelo-Athletico-PR.webp\",\"width\":1600,\"height\":1085,\"caption\":\"Christian pelo Athletico-PR (Foto: Divulga\u00e7\u00e3o\/Athletico-PR)\"},{\"@type\":\"BreadcrumbList\",\"@id\":\"https:\/\/www.gaveanews.com\/index.php\/2024\/12\/11\/christian-bruno-zapelli-canobbio-erick-mycael-leo-godoy-lucas-esquivel-tomas-cuello-praxedes-e-kaique-rocha-os-jogadores-mais-valiosos-do-athletico\/#breadcrumb\",\"itemListElement\":[{\"@type\":\"ListItem\",\"position\":1,\"name\":\"Home\",\"item\":\"https:\/\/www.gaveanews.com\/\"},{\"@type\":\"ListItem\",\"position\":2,\"name\":\"Christian, Bruno Zapelli, Canobbio, Erick, Mycael, L\u00e9o Godoy, Lucas Esquivel, Tom\u00e1s Cuello, Praxedes e Kaique Rocha: os jogadores mais valiosos do Athletico\"}]},{\"@type\":\"WebSite\",\"@id\":\"https:\/\/www.gaveanews.com\/#website\",\"url\":\"https:\/\/www.gaveanews.com\/\",\"name\":\"G\u00e1vea News\",\"description\":\"Veja todas as not\u00edcias sobre o Flamengo: Contrata\u00e7\u00f5es, categorias de base, resultados das partidas, tabela de classifica\u00e7\u00e3o, pr\u00f3ximos jogos!\",\"potentialAction\":[{\"@type\":\"SearchAction\",\"target\":{\"@type\":\"EntryPoint\",\"urlTemplate\":\"https:\/\/www.gaveanews.com\/?s={search_term_string}\"},\"query-input\":{\"@type\":\"PropertyValueSpecification\",\"valueRequired\":true,\"valueName\":\"search_term_string\"}}],\"inLanguage\":\"pt-BR\"},{\"@type\":\"Person\",\"@id\":\"https:\/\/www.gaveanews.com\/#\/schema\/person\/a9f62fe75380c6bada1b2fc49bc23d69\",\"name\":\"Marco Menezes\",\"image\":{\"@type\":\"ImageObject\",\"inLanguage\":\"pt-BR\",\"@id\":\"https:\/\/www.gaveanews.com\/#\/schema\/person\/image\/\",\"url\":\"https:\/\/secure.gravatar.com\/avatar\/a1d148ae17fc8bfc5dbccffd07979e8bd2c9ba494221779de86ec2c7907b71ec?s=96&d=mm&r=g\",\"contentUrl\":\"https:\/\/secure.gravatar.com\/avatar\/a1d148ae17fc8bfc5dbccffd07979e8bd2c9ba494221779de86ec2c7907b71ec?s=96&d=mm&r=g\",\"caption\":\"Marco Menezes\"}}]}<\/script>\n<!-- \/ Yoast SEO Premium plugin. -->","yoast_head_json":{"title":"Christian, Bruno Zapelli, Canobbio, Erick, Mycael, L\u00e9o Godoy, Lucas Esquivel, Tom\u00e1s Cuello, Praxedes e Kaique Rocha: os jogadores mais valiosos do Athletico","robots":{"index":"index","follow":"follow","max-snippet":"max-snippet:-1","max-image-preview":"max-image-preview:large","max-video-preview":"max-video-preview:-1"},"canonical":"https:\/\/www.gaveanews.com\/index.php\/2024\/12\/11\/christian-bruno-zapelli-canobbio-erick-mycael-leo-godoy-lucas-esquivel-tomas-cuello-praxedes-e-kaique-rocha-os-jogadores-mais-valiosos-do-athletico\/","og_locale":"pt_BR","og_type":"article","og_title":"Christian, Bruno Zapelli, Canobbio, Erick, Mycael, L\u00e9o Godoy, Lucas Esquivel, Tom\u00e1s Cuello, Praxedes e Kaique Rocha: os jogadores mais valiosos do Athletico","og_description":"Com o fim da temporada, as especula\u00e7\u00f5es de transfer\u00eancias dos atletas tomam conta do dia a dia dos clubes e tamb\u00e9m da imprensa. Pensando no ano seguinte, \u00e9 importante iniciar o planejamento desde j\u00e1. Uma das melhores formas de entender como os clubes v\u00e3o avan\u00e7ar nas negocia\u00e7\u00f5es \u00e9 necess\u00e1rio saber quanto cada um custa e [&hellip;]","og_url":"https:\/\/www.gaveanews.com\/index.php\/2024\/12\/11\/christian-bruno-zapelli-canobbio-erick-mycael-leo-godoy-lucas-esquivel-tomas-cuello-praxedes-e-kaique-rocha-os-jogadores-mais-valiosos-do-athletico\/","og_site_name":"G\u00e1vea News","article_publisher":"https:\/\/facebook.com\/gaveaNews\/","article_published_time":"2024-12-11T18:10:56+00:00","og_image":[{"width":1600,"height":1085,"url":"https:\/\/www.gaveanews.com\/wp-content\/uploads\/Christian-pelo-Athletico-PR.webp","type":"image\/jpeg"}],"author":"Marco Menezes","twitter_card":"summary_large_image","twitter_misc":{"Escrito por":"Marco Menezes","Est. tempo de leitura":"6 minutos"},"schema":{"@context":"https:\/\/schema.org","@graph":[{"@type":"NewsArticle","@id":"https:\/\/www.gaveanews.com\/index.php\/2024\/12\/11\/christian-bruno-zapelli-canobbio-erick-mycael-leo-godoy-lucas-esquivel-tomas-cuello-praxedes-e-kaique-rocha-os-jogadores-mais-valiosos-do-athletico\/#article","isPartOf":{"@id":"https:\/\/www.gaveanews.com\/index.php\/2024\/12\/11\/christian-bruno-zapelli-canobbio-erick-mycael-leo-godoy-lucas-esquivel-tomas-cuello-praxedes-e-kaique-rocha-os-jogadores-mais-valiosos-do-athletico\/"},"author":{"name":"Marco Menezes","@id":"https:\/\/www.gaveanews.com\/#\/schema\/person\/a9f62fe75380c6bada1b2fc49bc23d69"},"headline":"Christian, Bruno Zapelli, Canobbio, Erick, Mycael, L\u00e9o Godoy, Lucas Esquivel, Tom\u00e1s Cuello, Praxedes e Kaique Rocha: os jogadores mais valiosos do Athletico","datePublished":"2024-12-11T18:10:56+00:00","mainEntityOfPage":{"@id":"https:\/\/www.gaveanews.com\/index.php\/2024\/12\/11\/christian-bruno-zapelli-canobbio-erick-mycael-leo-godoy-lucas-esquivel-tomas-cuello-praxedes-e-kaique-rocha-os-jogadores-mais-valiosos-do-athletico\/"},"wordCount":576,"commentCount":0,"image":{"@id":"https:\/\/www.gaveanews.com\/index.php\/2024\/12\/11\/christian-bruno-zapelli-canobbio-erick-mycael-leo-godoy-lucas-esquivel-tomas-cuello-praxedes-e-kaique-rocha-os-jogadores-mais-valiosos-do-athletico\/#primaryimage"},"thumbnailUrl":"https:\/\/www.gaveanews.com\/wp-content\/uploads\/Christian-pelo-Athletico-PR.webp","articleSection":["Athletico-PR"],"inLanguage":"pt-BR","potentialAction":[{"@type":"CommentAction","name":"Comment","target":["https:\/\/www.gaveanews.com\/index.php\/2024\/12\/11\/christian-bruno-zapelli-canobbio-erick-mycael-leo-godoy-lucas-esquivel-tomas-cuello-praxedes-e-kaique-rocha-os-jogadores-mais-valiosos-do-athletico\/#respond"]}],"copyrightYear":"2024","copyrightHolder":{"@id":"https:\/\/www.gaveanews.com\/#organization"}},{"@type":"WebPage","@id":"https:\/\/www.gaveanews.com\/index.php\/2024\/12\/11\/christian-bruno-zapelli-canobbio-erick-mycael-leo-godoy-lucas-esquivel-tomas-cuello-praxedes-e-kaique-rocha-os-jogadores-mais-valiosos-do-athletico\/","url":"https:\/\/www.gaveanews.com\/index.php\/2024\/12\/11\/christian-bruno-zapelli-canobbio-erick-mycael-leo-godoy-lucas-esquivel-tomas-cuello-praxedes-e-kaique-rocha-os-jogadores-mais-valiosos-do-athletico\/","name":"Christian, Bruno Zapelli, Canobbio, Erick, Mycael, L\u00e9o Godoy, Lucas Esquivel, Tom\u00e1s Cuello, Praxedes e Kaique Rocha: os jogadores mais valiosos do Athletico","isPartOf":{"@id":"https:\/\/www.gaveanews.com\/#website"},"primaryImageOfPage":{"@id":"https:\/\/www.gaveanews.com\/index.php\/2024\/12\/11\/christian-bruno-zapelli-canobbio-erick-mycael-leo-godoy-lucas-esquivel-tomas-cuello-praxedes-e-kaique-rocha-os-jogadores-mais-valiosos-do-athletico\/#primaryimage"},"image":{"@id":"https:\/\/www.gaveanews.com\/index.php\/2024\/12\/11\/christian-bruno-zapelli-canobbio-erick-mycael-leo-godoy-lucas-esquivel-tomas-cuello-praxedes-e-kaique-rocha-os-jogadores-mais-valiosos-do-athletico\/#primaryimage"},"thumbnailUrl":"https:\/\/www.gaveanews.com\/wp-content\/uploads\/Christian-pelo-Athletico-PR.webp","datePublished":"2024-12-11T18:10:56+00:00","author":{"@id":"https:\/\/www.gaveanews.com\/#\/schema\/person\/a9f62fe75380c6bada1b2fc49bc23d69"},"breadcrumb":{"@id":"https:\/\/www.gaveanews.com\/index.php\/2024\/12\/11\/christian-bruno-zapelli-canobbio-erick-mycael-leo-godoy-lucas-esquivel-tomas-cuello-praxedes-e-kaique-rocha-os-jogadores-mais-valiosos-do-athletico\/#breadcrumb"},"inLanguage":"pt-BR","potentialAction":[{"@type":"ReadAction","target":["https:\/\/www.gaveanews.com\/index.php\/2024\/12\/11\/christian-bruno-zapelli-canobbio-erick-mycael-leo-godoy-lucas-esquivel-tomas-cuello-praxedes-e-kaique-rocha-os-jogadores-mais-valiosos-do-athletico\/"]}]},{"@type":"ImageObject","inLanguage":"pt-BR","@id":"https:\/\/www.gaveanews.com\/index.php\/2024\/12\/11\/christian-bruno-zapelli-canobbio-erick-mycael-leo-godoy-lucas-esquivel-tomas-cuello-praxedes-e-kaique-rocha-os-jogadores-mais-valiosos-do-athletico\/#primaryimage","url":"https:\/\/www.gaveanews.com\/wp-content\/uploads\/Christian-pelo-Athletico-PR.webp","contentUrl":"https:\/\/www.gaveanews.com\/wp-content\/uploads\/Christian-pelo-Athletico-PR.webp","width":1600,"height":1085,"caption":"Christian pelo Athletico-PR (Foto: Divulga\u00e7\u00e3o\/Athletico-PR)"},{"@type":"BreadcrumbList","@id":"https:\/\/www.gaveanews.com\/index.php\/2024\/12\/11\/christian-bruno-zapelli-canobbio-erick-mycael-leo-godoy-lucas-esquivel-tomas-cuello-praxedes-e-kaique-rocha-os-jogadores-mais-valiosos-do-athletico\/#breadcrumb","itemListElement":[{"@type":"ListItem","position":1,"name":"Home","item":"https:\/\/www.gaveanews.com\/"},{"@type":"ListItem","position":2,"name":"Christian, Bruno Zapelli, Canobbio, Erick, Mycael, L\u00e9o Godoy, Lucas Esquivel, Tom\u00e1s Cuello, Praxedes e Kaique Rocha: os jogadores mais valiosos do Athletico"}]},{"@type":"WebSite","@id":"https:\/\/www.gaveanews.com\/#website","url":"https:\/\/www.gaveanews.com\/","name":"G\u00e1vea News","description":"Veja todas as not\u00edcias sobre o Flamengo: Contrata\u00e7\u00f5es, categorias de base, resultados das partidas, tabela de classifica\u00e7\u00e3o, pr\u00f3ximos jogos!","potentialAction":[{"@type":"SearchAction","target":{"@type":"EntryPoint","urlTemplate":"https:\/\/www.gaveanews.com\/?s={search_term_string}"},"query-input":{"@type":"PropertyValueSpecification","valueRequired":true,"valueName":"search_term_string"}}],"inLanguage":"pt-BR"},{"@type":"Person","@id":"https:\/\/www.gaveanews.com\/#\/schema\/person\/a9f62fe75380c6bada1b2fc49bc23d69","name":"Marco Menezes","image":{"@type":"ImageObject","inLanguage":"pt-BR","@id":"https:\/\/www.gaveanews.com\/#\/schema\/person\/image\/","url":"https:\/\/secure.gravatar.com\/avatar\/a1d148ae17fc8bfc5dbccffd07979e8bd2c9ba494221779de86ec2c7907b71ec?s=96&d=mm&r=g","contentUrl":"https:\/\/secure.gravatar.com\/avatar\/a1d148ae17fc8bfc5dbccffd07979e8bd2c9ba494221779de86ec2c7907b71ec?s=96&d=mm&r=g","caption":"Marco Menezes"}}]}},"_links":{"self":[{"href":"https:\/\/www.gaveanews.com\/index.php\/wp-json\/wp\/v2\/posts\/197335","targetHints":{"allow":["GET"]}}],"collection":[{"href":"https:\/\/www.gaveanews.com\/index.php\/wp-json\/wp\/v2\/posts"}],"about":[{"href":"https:\/\/www.gaveanews.com\/index.php\/wp-json\/wp\/v2\/types\/post"}],"author":[{"embeddable":true,"href":"https:\/\/www.gaveanews.com\/index.php\/wp-json\/wp\/v2\/users\/29"}],"replies":[{"embeddable":true,"href":"https:\/\/www.gaveanews.com\/index.php\/wp-json\/wp\/v2\/comments?post=197335"}],"version-history":[{"count":1,"href":"https:\/\/www.gaveanews.com\/index.php\/wp-json\/wp\/v2\/posts\/197335\/revisions"}],"predecessor-version":[{"id":197337,"href":"https:\/\/www.gaveanews.com\/index.php\/wp-json\/wp\/v2\/posts\/197335\/revisions\/197337"}],"wp:featuredmedia":[{"embeddable":true,"href":"https:\/\/www.gaveanews.com\/index.php\/wp-json\/wp\/v2\/media\/168208"}],"wp:attachment":[{"href":"https:\/\/www.gaveanews.com\/index.php\/wp-json\/wp\/v2\/media?parent=197335"}],"wp:term":[{"taxonomy":"category","embeddable":true,"href":"https:\/\/www.gaveanews.com\/index.php\/wp-json\/wp\/v2\/categories?post=197335"},{"taxonomy":"post_tag","embeddable":true,"href":"https:\/\/www.gaveanews.com\/index.php\/wp-json\/wp\/v2\/tags?post=197335"}],"curies":[{"name":"wp","href":"https:\/\/api.w.org\/{rel}","templated":true}]}}